{"id":23973,"date":"2020-09-16T13:51:00","date_gmt":"2020-09-16T13:51:00","guid":{"rendered":"https:\/\/elregionalvm.com.ar\/noticias-villa-maria\/?p=23973"},"modified":"2020-09-17T13:20:50","modified_gmt":"2020-09-17T13:20:50","slug":"la-noche-de-los-lapices-que-yo-vivi","status":"publish","type":"post","link":"https:\/\/elregionalvm.com.ar\/noticias-villa-maria\/la-noche-de-los-lapices-que-yo-vivi\/","title":{"rendered":"La \u201cNoche de los L\u00e1pices\u201d que yo viv\u00ed\u2026"},"content":{"rendered":"\n<h4 class=\"wp-block-heading\"><strong>A 44 a\u00f1os del tr\u00e1gico suceso<\/strong><\/h4>\n\n\n\n<p><\/p>\n\n\n\n<p><strong>Roxana Giamello es especialista y consultora en comunicaci\u00f3n y educaci\u00f3n. Fue alumna del Bachillerato de Bellas Artes, de la Universidad Nacional de La Plata, entre 1974 y1978. Padeci\u00f3 los a\u00f1os de terror de la \u00faltima dictadura militar y fue compa\u00f1era de muchos j\u00f3venes que ser\u00edan secuestrados y desaparecidos en la llamada \u201cNoche de los L\u00e1pices\u201d, entre ellos, Claudia Falcone. Esta docente universitaria, con familiares en Villa Mar\u00eda, hace cuatro a\u00f1os accedi\u00f3 a contar por primera vez \u2013y no sin dolor- sus vivencias en esos a\u00f1os oscuros. Aquella noche qued\u00f3 grabada en la galer\u00eda de tragedias nacionales. <\/strong><\/p>\n\n\n\n<p><strong>En este 16 de septiembre, recordamos su testimonio publicado entonces en el semanario El Regional. <\/strong><strong><\/strong><\/p>\n\n\n\n<p><strong>Escribe: Roxana Giamello<\/strong> <strong>(Desde La Plata, especial para EL REGIONAL)<\/strong><\/p>\n\n\n\n<p><strong>\u201cUna espina en el alma y un pu\u00f1al en el coraz\u00f3n\u2026\u201d<\/strong><\/p>\n\n\n\n<p>El 16 de setiembre de 1976 fueron secuestrados 300 estudiantes secundarios. Solo cuatro sobrevivieron. Muchos de ellos fueron mis compa\u00f1eros y amigos. El delito cometido desde la \u201chistoria oficial\u201d: ser integrantes de Centros de Estudiantes y movilizarse a favor del derecho al Boleto Estudiantil.<\/p>\n\n\n\n<p>Ser estudiante en la Universidad Nacional de La Plata en la d\u00e9cada de los \u00b470 era sin\u00f3nimo de \u201cser peligroso\u201d. Una marca, un estigma institucional y que cal\u00f3 hondo en muchos sectores de la sociedad, naturalizado a punto tal que me cost\u00f3 mi primer trabajo mientras estudiaba en los primeros a\u00f1os de Facultad, a principios de la recuperaci\u00f3n democr\u00e1tica.<\/p>\n\n\n\n<p>Mi relaci\u00f3n con la Facultad de Bellas Artes ha sido muy particular. En 1971 comenc\u00e9 el Ciclo B\u00e1sico, en paralelo con la escuela primaria. Ten\u00eda 10 a\u00f1os, era independiente, viajaba en colectivo sola y circulaba por la calle.<\/p>\n\n\n\n<figure class=\"wp-block-image size-large\"><img data-recalc-dims=\"1\" fetchpriority=\"high\" decoding=\"async\" width=\"960\" height=\"641\" src=\"https:\/\/i0.wp.com\/elregionalvm.com.ar\/noticias-villa-maria\/wp-content\/uploads\/2020\/09\/Roxana-Giamello.jpg?resize=960%2C641&#038;ssl=1\" alt=\"\" class=\"wp-image-23979\" srcset=\"https:\/\/i0.wp.com\/elregionalvm.com.ar\/noticias-villa-maria\/wp-content\/uploads\/2020\/09\/Roxana-Giamello.jpg?w=960&amp;ssl=1 960w, https:\/\/i0.wp.com\/elregionalvm.com.ar\/noticias-villa-maria\/wp-content\/uploads\/2020\/09\/Roxana-Giamello.jpg?resize=300%2C200&amp;ssl=1 300w, https:\/\/i0.wp.com\/elregionalvm.com.ar\/noticias-villa-maria\/wp-content\/uploads\/2020\/09\/Roxana-Giamello.jpg?resize=768%2C513&amp;ssl=1 768w\" sizes=\"(max-width: 960px) 100vw, 960px\" \/><figcaption><em>Roxana nos brind\u00f3 su testimonio de aquellos a\u00f1os oscuros del pa\u00eds. <\/em><\/figcaption><\/figure>\n\n\n\n<p><\/p>\n\n\n\n<p><strong>Termin\u00e9 y quise seguir.<\/strong><\/p>\n\n\n\n<p>En 1974 ingres\u00e9 al Bachillerato de Bellas Artes. Empezaba mi escuela secundaria. El primer d\u00eda, con toda la ansiedad del inicio, llegu\u00e9 a la puerta y me encontr\u00e9 con un cartel: \u201cFacultad tomada\u201d. A\u00f1o de cambios de ciclo, de h\u00e1bitos. Conviv\u00edamos en las mismas aulas que los alumnos de la Facultad. Eran los tiempos de las Asambleas en el aula 70 en las que particip\u00e1bamos o al menos escuch\u00e1bamos, y clases suspendidas sin previo aviso. Se me hizo natural vivir esas situaciones, caminar por la calle y encontrarme de repente con una manifestaci\u00f3n y en riesgo de vida. Siempre volv\u00ed a casa tomando un atajo.<\/p>\n\n\n\n<p>Los debates se hicieron cada vez m\u00e1s intensos, las calles cada vez m\u00e1s violentas por distintos sectores. La \u201cconfusi\u00f3n\u201d se estaba haciendo generalizada, adentro y afuera.<\/p>\n\n\n\n<p><strong>Hasta que en octubre cerraron las Universidades.<\/strong><\/p>\n\n\n\n<p>La sorpresa, la incertidumbre, las dudas, el temor, empezaron a ganar terreno: \u00bfperder\u00edamos el a\u00f1o?, \u00bfse cerraba el Bachillerato? Supimos que no, que todo seguir\u00eda pero los rumores entre adultos conservadores se hac\u00edan sentir: \u201c\u00bfvas a dejar a tu hija en esa escuela?, \u201ces peligroso\u2026 la van a matar los guerrilleros\u201d, y m\u00e1s. Hasta que convencieron a mi madre. Un d\u00eda me dijo, con dolor y angustia: \u201cRoxana, tom\u00e9 la decisi\u00f3n de cambiarte de escuela. Me est\u00e1n volviendo loca y tengo miedo\u201d. La mir\u00e9 a los ojos, seria y con firmeza, con mi perfil bajo pero con convicciones fuertes. Mi respuesta fue breve: \u201cSi me sac\u00e1s, no estudio m\u00e1s\u201d. Fue suficiente.<\/p>\n\n\n\n<p><\/p>\n\n\n\n<figure class=\"wp-block-image size-large\"><img data-recalc-dims=\"1\" decoding=\"async\" width=\"1024\" height=\"578\" src=\"https:\/\/i0.wp.com\/elregionalvm.com.ar\/noticias-villa-maria\/wp-content\/uploads\/2020\/09\/La-noche-de-los-lapices-fotos-estudiantes-1024x578.jpg?resize=1024%2C578&#038;ssl=1\" alt=\"\" class=\"wp-image-23977\" srcset=\"https:\/\/i0.wp.com\/elregionalvm.com.ar\/noticias-villa-maria\/wp-content\/uploads\/2020\/09\/La-noche-de-los-lapices-fotos-estudiantes.jpg?resize=1024%2C578&amp;ssl=1 1024w, https:\/\/i0.wp.com\/elregionalvm.com.ar\/noticias-villa-maria\/wp-content\/uploads\/2020\/09\/La-noche-de-los-lapices-fotos-estudiantes.jpg?resize=300%2C169&amp;ssl=1 300w, https:\/\/i0.wp.com\/elregionalvm.com.ar\/noticias-villa-maria\/wp-content\/uploads\/2020\/09\/La-noche-de-los-lapices-fotos-estudiantes.jpg?resize=768%2C433&amp;ssl=1 768w, https:\/\/i0.wp.com\/elregionalvm.com.ar\/noticias-villa-maria\/wp-content\/uploads\/2020\/09\/La-noche-de-los-lapices-fotos-estudiantes.jpg?resize=1536%2C866&amp;ssl=1 1536w, https:\/\/i0.wp.com\/elregionalvm.com.ar\/noticias-villa-maria\/wp-content\/uploads\/2020\/09\/La-noche-de-los-lapices-fotos-estudiantes.jpg?w=1920&amp;ssl=1 1920w\" sizes=\"(max-width: 1000px) 100vw, 1000px\" \/><figcaption><em>Los estudiantes secuestrados, torturados y asesinados ten\u00edan entre 16 y 18 a\u00f1os. <\/em><\/figcaption><\/figure>\n\n\n\n<p><\/p>\n\n\n\n<p><strong>Perd\u00ed amigas de la infancia por esto, pero segu\u00ed adelante.<\/strong><\/p>\n\n\n\n<p>En 1975 sab\u00eda que volv\u00eda al Bachillerato, pero no sab\u00eda lo que nos esperaba. Nos \u201cexiliaron\u201d en lo que llam\u00e1bamos el cuarto piso de la Facultad. En realidad, era el segundo piso del edificio. Se cerr\u00f3 con candado la puerta de vidrio que nos comunicaba con la Facultad y ah\u00ed fuimos a parar: un galp\u00f3n con techos de chapa, convertido en aulas y pasillos en pocos meses.<\/p>\n\n\n\n<p>Las prohibiciones y restricciones contundentes se hicieron sentir. Desde la vestimenta hasta el modo de circular y juntarnos por los pasillos, dentro y fuera de la Escuela a 10 cuadras a la redonda, mientras mir\u00e1bamos izar nuestra bandera desde los vidrios de las ventanas, a la distancia. La consigna era clara: disciplinar, vigilar y castigar\u2026<\/p>\n\n\n\n<p><strong>El cambio fue duro.<\/strong><\/p>\n\n\n\n<p>Me arrancaron, nos arrancaron las ra\u00edces. Pero la adolescencia es una eterna primavera y su ejercicio una eterna rebeld\u00eda. Silencios, miradas c\u00f3mplices y de enojo a su vez, conversaciones en susurros hasta que cada uno fue encontrando el modo de aprovechar las incoherencias y poner en contradicci\u00f3n el sistema impuesto, en ese periodo de \u201cadaptaci\u00f3n\u201d.<\/p>\n\n\n\n<p>As\u00ed lleg\u00f3 el 24 de marzo de 1976. Jam\u00e1s olvidar\u00e9 la pantalla del televisor en blanco y negro con su \u201cComunicadooooo N\u00ba 1\u201d\u2026. Proceso de Reorganizaci\u00f3n Nacional\u2026. La pesadilla reci\u00e9n empezaba formalmente. Y yo comenzando el tercer a\u00f1o del Bachillerato de Bellas Artes. Me di cuenta que \u00e9ramos menos los que iniciamos esta \u201cnueva etapa\u201d. A algunos los hab\u00edan cambiado de escuela, a\u00f1os m\u00e1s tarde supe que muchos se fueron del pa\u00eds.<\/p>\n\n\n\n<p>Mientras tanto los Centros de Estudiantes Secundarios segu\u00edan activos. Seguramente, quienes militaban sab\u00edan a qu\u00e9 se expon\u00edan, pero tambi\u00e9n \u00e9ramos muchos quienes acompa\u00f1\u00e1bamos las actividades. En unos meses surgi\u00f3 la idea de solicitar ante las autoridades la implementaci\u00f3n del Boleto Estudiantil. Yo, como muchos, est\u00e1bamos de acuerdo.<\/p>\n\n\n\n<p><strong>Claudia Falcone era mi referente.<\/strong><\/p>\n\n\n\n<p>Ella era compa\u00f1era de a\u00f1o, no de curso, pero est\u00e1bamos al lado y \u00e9ramos pocos. Nos conoc\u00edamos todos. Los recreos eran compartidos en los estrechos pasillos.<\/p>\n\n\n\n<p>Los reclamos ven\u00edan siendo cada vez m\u00e1s fuertes, hasta que se organiz\u00f3 una movilizaci\u00f3n importante frente al Ministerio de Obras P\u00fablicas. Estaba a punto de lograrse el objetivo. El d\u00eda previsto para la movilizaci\u00f3n, ya todos en el aula, Claudia abre la puerta apurada porque llegaba tarde y escucho su voz: \u201cChicos, \u00a1no se olviden!, hoy a las 18, frente al Ministerio nos juntamos todos, \u00a1es importante! \u00a1Lo conseguimos si somos muchos!\u201d. S\u00ed voy, pens\u00e9. \u201cS\u00ed, \u00a1vamos!\u201d, contestamos. Claudia cerr\u00f3 la puerta y se fue a su aula, al lado. Esa es la \u00faltima imagen que tengo de Claudia Falcone con vida. Imborrable.<\/p>\n\n\n\n<p>Volv\u00ed a casa. A la tarde, con previo aviso, me estaba cambiando para ir a la movilizaci\u00f3n. Imprevistamente, mi madre abri\u00f3 la puerta y me dijo muy seria, s\u00e9 que con dolor: \u201cDisculpame, Roxana. Vas a insultarme. Yo nunca hice esto. Pero hoy lo tengo que hacer por vos\u201d. Y cerr\u00f3 con llave mi habitaci\u00f3n por afuera. Me sorprendi\u00f3 tanto que cuando corr\u00ed a frenar la puerta ya estaba cerrada. Y s\u00ed, grit\u00e9, insult\u00e9, pate\u00e9 la puerta, quise romperla, estrell\u00e9 cosas contra las paredes, pero no pude. Quise intentar escaparme por la ventana, pero estaba en planta alta y daba a un patio interno en el medio de una manzana. Imposible salir por all\u00ed.<\/p>\n\n\n\n<p><\/p>\n\n\n\n<p><\/p>\n\n\n\n<figure class=\"wp-block-image size-large\"><img data-recalc-dims=\"1\" decoding=\"async\" width=\"960\" height=\"591\" src=\"https:\/\/i0.wp.com\/elregionalvm.com.ar\/noticias-villa-maria\/wp-content\/uploads\/2020\/09\/Roxana-Noche-de-los-l%C3%A1pices.jpg?resize=960%2C591&#038;ssl=1\" alt=\"\" class=\"wp-image-23981\" srcset=\"https:\/\/i0.wp.com\/elregionalvm.com.ar\/noticias-villa-maria\/wp-content\/uploads\/2020\/09\/Roxana-Noche-de-los-l%C3%A1pices.jpg?w=960&amp;ssl=1 960w, https:\/\/i0.wp.com\/elregionalvm.com.ar\/noticias-villa-maria\/wp-content\/uploads\/2020\/09\/Roxana-Noche-de-los-l%C3%A1pices.jpg?resize=300%2C185&amp;ssl=1 300w, https:\/\/i0.wp.com\/elregionalvm.com.ar\/noticias-villa-maria\/wp-content\/uploads\/2020\/09\/Roxana-Noche-de-los-l%C3%A1pices.jpg?resize=768%2C473&amp;ssl=1 768w\" sizes=\"(max-width: 960px) 100vw, 960px\" \/><figcaption><em>El reencuentro con los que pudieron estar, luego de 40 a\u00f1os de aquella noche. Roxana es la primera de la izquierda, en la fila del medio. <\/em><\/figcaption><\/figure>\n\n\n\n<p><\/p>\n\n\n\n<p><strong>Llor\u00e9. Llor\u00e9 durante horas.<\/strong><\/p>\n\n\n\n<p>Sent\u00eda que estaba faltando a mi compromiso, un compromiso colectivo.<\/p>\n\n\n\n<p>Al d\u00eda siguiente, sin cenar, los comentarios sobre la marcha, lo que pas\u00f3, cu\u00e1ntos eran\u2026 Se hab\u00edan comprometido a sacar el Boleto Estudiantil\u2026. Pero Claudia no estaba. Pasaron los d\u00edas y Claudia segu\u00eda sin aparecer en la Escuela. No entend\u00edamos la ausencia y nadie dec\u00eda nada. Empezamos a preocuparnos por ella porque ya se hab\u00eda quedado libre por inasistencias seg\u00fan el reglamento. Le preguntamos a M\u00f3nica, su prima. Ella s\u00ed estaba conmigo, en mi curso. Balbuceando y con rodeos, nos dijo que estaba enferma y que le iba a llevar un tiempo volver\u2026.<\/p>\n\n\n\n<p>Segu\u00eda pasando el tiempo, casi que se terminaba el a\u00f1o. No consegu\u00edamos saber qu\u00e9 pasaba con Claudia. Segu\u00edamos preguntando. M\u00f3nica se escapaba para no dar respuesta, no quer\u00eda, no pod\u00eda hablar. Hasta que un d\u00eda, ante la insistencia con M\u00f3nica, nos llev\u00f3 al pasillo una preceptora y nos dijo: \u201cChicas, no pregunten m\u00e1s. Claudia no va a volver\u2026. Se la llevaron los Montoneros\u201d. Silencio de radio ante semejante frase. Un hurac\u00e1n pas\u00f3 por dentro de m\u00ed. Incredulidad, impotencia, dolor, interrogantes, miedo, siempre el miedo. Hoy todav\u00eda me pregunto si esta versi\u00f3n dada es posible desde la ingenuidad. Obviamente, hubo complicidad civil.<\/p>\n\n\n\n<p><\/p>\n\n\n\n<figure class=\"wp-block-image size-large\"><img data-recalc-dims=\"1\" loading=\"lazy\" decoding=\"async\" width=\"1024\" height=\"575\" src=\"https:\/\/i0.wp.com\/elregionalvm.com.ar\/noticias-villa-maria\/wp-content\/uploads\/2020\/09\/Frente-actual-del-Bachillerato.jpg?resize=1024%2C575&#038;ssl=1\" alt=\"\" class=\"wp-image-23976\" srcset=\"https:\/\/i0.wp.com\/elregionalvm.com.ar\/noticias-villa-maria\/wp-content\/uploads\/2020\/09\/Frente-actual-del-Bachillerato.jpg?resize=1024%2C575&amp;ssl=1 1024w, https:\/\/i0.wp.com\/elregionalvm.com.ar\/noticias-villa-maria\/wp-content\/uploads\/2020\/09\/Frente-actual-del-Bachillerato.jpg?resize=300%2C168&amp;ssl=1 300w, https:\/\/i0.wp.com\/elregionalvm.com.ar\/noticias-villa-maria\/wp-content\/uploads\/2020\/09\/Frente-actual-del-Bachillerato.jpg?resize=768%2C431&amp;ssl=1 768w, https:\/\/i0.wp.com\/elregionalvm.com.ar\/noticias-villa-maria\/wp-content\/uploads\/2020\/09\/Frente-actual-del-Bachillerato.jpg?resize=1536%2C862&amp;ssl=1 1536w, https:\/\/i0.wp.com\/elregionalvm.com.ar\/noticias-villa-maria\/wp-content\/uploads\/2020\/09\/Frente-actual-del-Bachillerato.jpg?w=1632&amp;ssl=1 1632w\" sizes=\"(max-width: 1000px) 100vw, 1000px\" \/><figcaption><em>El nuevo edificio del Bachillerato de Bellas Artes lleva el nombre \u201cNoche de Los L\u00e1pices\u201d.<\/em><\/figcaption><\/figure>\n\n\n\n<p><\/p>\n\n\n\n<p><strong>Me mintieron, nos mintieron humillantemente.<\/strong><\/p>\n\n\n\n<p>De ah\u00ed en adelante, era cosa de todos los d\u00edas ver compa\u00f1eras en llanto porque se hab\u00edan llevado a un novio o a un familiar; tiros en las calles; ruidos en los techos de gente caminando, casas ametralladas con descaro y sa\u00f1a homicida. Tambi\u00e9n lleg\u00f3 el d\u00eda en que militares armados en la puerta me revisaban bolso, libros y cuadernos, o cuando un Falcon verde con las armas fuera de la ventanilla se par\u00f3 delante de m\u00ed, me abrieron la puerta y me dijeron \u201csub\u00ed\u201d. Antes hab\u00eda visto c\u00f3mo en cuatro autos similares hab\u00edan levantado gente de la \u201cMater\u00eda\u201d frente a Plaza Rocha. Todav\u00eda recuerdo la cara de quien conduc\u00eda el auto.<\/p>\n\n\n\n<p>Estoy aqu\u00ed para contarlo, pero estos y muchos hechos m\u00e1s dejan marcas invisibles en la memoria, que dan cuenta de cada atrocidad cotidiana a la que me vi, nos vimos sometidos.<\/p>\n\n\n\n<p>Y as\u00ed comenz\u00f3 el tiempo de la resistencia para sobrevivir, porque si de algo no se dieron cuenta los genocidas siniestros es que el arte no solo expresa, sino que tambi\u00e9n libera y transforma. Finalmente egresamos, en medio de travesuras y maldades contra el sistema represivo. De los 160 alumnos iniciales, terminamos poco m\u00e1s de 30. La cifra explica por s\u00ed sola demasiadas cosas.<\/p>\n\n\n\n<p><strong>Mi reencuentro con Claudia<\/strong><\/p>\n\n\n\n<p>Podr\u00eda relatar c\u00f3mo fue mi reencuentro con Claudia, a trav\u00e9s de una exposici\u00f3n de alumnos de Bellas Artes desaparecidos. Ella, ellos no estaban. Pero, sus trabajos eran los m\u00edos. Cuando vi su nombre, un fr\u00edo recorri\u00f3 cada uno de mis huesos. Podr\u00eda relatar nuestro reencuentro despu\u00e9s de 25 a\u00f1os de quienes egresamos en el 78, acompa\u00f1ados por la madre de Claudia. Ese d\u00eda, por primera vez volv\u00ed a subir esas escaleras, en silencio y tomada de la mano con dos compa\u00f1eras. Podr\u00eda relatar c\u00f3mo fue el acto de reparaci\u00f3n de legajos, hace cuatro a\u00f1os en el nuevo edificio del Bachillerato. En los originales figuraban como \u201cabandono de estudios\u201d, en realidad eran alumnos desaparecidos. Ese d\u00eda nos reencontramos muchos, algunos no nos conoc\u00edamos, sin embargo nos reconocimos en la mirada y en el dolor. Cada uno era una historia de vida.<\/p>\n\n\n\n<p><\/p>\n\n\n\n<figure class=\"wp-block-image size-large\"><img data-recalc-dims=\"1\" loading=\"lazy\" decoding=\"async\" width=\"1024\" height=\"942\" src=\"https:\/\/i0.wp.com\/elregionalvm.com.ar\/noticias-villa-maria\/wp-content\/uploads\/2020\/09\/Acto-Reparacion-Legajos.-Patio-actual.-Sobrinas-de-Claudia-Falcone.jpg?resize=1024%2C942&#038;ssl=1\" alt=\"\" class=\"wp-image-23975\" srcset=\"https:\/\/i0.wp.com\/elregionalvm.com.ar\/noticias-villa-maria\/wp-content\/uploads\/2020\/09\/Acto-Reparacion-Legajos.-Patio-actual.-Sobrinas-de-Claudia-Falcone.jpg?resize=1024%2C942&amp;ssl=1 1024w, https:\/\/i0.wp.com\/elregionalvm.com.ar\/noticias-villa-maria\/wp-content\/uploads\/2020\/09\/Acto-Reparacion-Legajos.-Patio-actual.-Sobrinas-de-Claudia-Falcone.jpg?resize=300%2C276&amp;ssl=1 300w, https:\/\/i0.wp.com\/elregionalvm.com.ar\/noticias-villa-maria\/wp-content\/uploads\/2020\/09\/Acto-Reparacion-Legajos.-Patio-actual.-Sobrinas-de-Claudia-Falcone.jpg?resize=768%2C706&amp;ssl=1 768w, https:\/\/i0.wp.com\/elregionalvm.com.ar\/noticias-villa-maria\/wp-content\/uploads\/2020\/09\/Acto-Reparacion-Legajos.-Patio-actual.-Sobrinas-de-Claudia-Falcone.jpg?w=1361&amp;ssl=1 1361w\" sizes=\"(max-width: 1000px) 100vw, 1000px\" \/><figcaption><em>Las sobrinas de Claudia Falcone, un s\u00edmbolo de \u201cLa Noche de Los L\u00e1pices\u201d, en el acto de reparaci\u00f3n de legajos en el nuevo edificio del Bachillerato.<\/em><\/figcaption><\/figure>\n\n\n\n<p><\/p>\n\n\n\n<p>Como dice la leyenda del hilo rojo, a los \u201csobrevivientes\u201d de este holocausto argentino algo muy internamente nos uni\u00f3 y de hecho hoy seguimos en contacto. Amamos a nuestro Bachillerato de Bellas Artes y al mismo tiempo nos une la tristeza, el respeto por nuestros compa\u00f1eros desaparecidos y el dolor de lo vivido en plena adolescencia. No es casual, que cada uno de los que vivimos esta negra historia tenga alg\u00fan v\u00ednculo con el arte, la expresi\u00f3n, la imagen, o un sentido social en su profesi\u00f3n actual.<\/p>\n\n\n\n<p>Hoy, el boleto estudiantil est\u00e1 naturalmente incorporado. Pero no muchos saben o recuerdan cuando lo usan que ese logro se llev\u00f3 la vida, la sangre de casi 300 estudiantes que lucharon para conseguirlo en el peor de los momentos hist\u00f3ricos de nuestro pa\u00eds.<\/p>\n\n\n\n<p>Soy el producto de mi historia de vida. No soy peligrosa, pero pienso, dudo, me hago preguntas, me cuestiono, me permito pensar diferente, pienso en el otro. No soy la \u00fanica. Creo que algo se les escap\u00f3 en aquel plan maquiav\u00e9lico del 76. Vivo sin rencores violentos, pero con memoria y todav\u00eda con necesidad de verdad y justicia.<\/p>\n\n\n\n<p>Por eso cada 24 de marzo sigue siendo una espina en el alma y cada 16 de setiembre un pu\u00f1al en el coraz\u00f3n.<\/p>\n\n\n\n<ul class=\"wp-block-list\"><li><strong>Mir\u00e1 el video que refleja un breve instante del reencuentro a 40 a\u00f1os del lamentable suceso: <\/strong><\/li><\/ul>\n\n\n\n<p><\/p>\n\n\n\n<figure class=\"wp-block-video\"><video controls src=\"https:\/\/elregionalvm.com.ar\/noticias-villa-maria\/wp-content\/uploads\/2020\/09\/Video-Noche-de-los-l\u00e1pices-a-40-a\u00f1os.mp4\"><\/video><\/figure>\n\n\n\n<p><\/p>\n\n\n\n<p class=\"has-background has-very-light-gray-background-color\"><strong>Foto de portada:<\/strong> <strong>Un grupo de estudiantes del Bachillerato en una postal de la semana de la primavera de 1976. Por esos d\u00edas, la dictadura secuestraba y hac\u00eda desaparecer a cientos de sus compa\u00f1eros. Varios de los retratados se exiliaron y algunos nunca m\u00e1s volvieron. Roxana es la que se encuentra en el centro, en la parte de abajo de la imagen.<\/strong><\/p>\n","protected":false},"excerpt":{"rendered":"<p>A 44 a\u00f1os del tr\u00e1gico suceso Roxana Giamello es especialista y consultora en comunicaci\u00f3n y educaci\u00f3n. Fue alumna del Bachillerato de Bellas Artes, de la Universidad Nacional de La Plata, entre 1974 y1978. Padeci\u00f3 los a\u00f1os de terror de la \u00faltima dictadura militar y fue compa\u00f1era de muchos j\u00f3venes que ser\u00edan secuestrados y desaparecidos en [&hellip;]<\/p>\n","protected":false},"author":4,"featured_media":23974,"comment_status":"open","ping_status":"open","sticky":false,"template":"","format":"standard","meta":{"site-sidebar-layout":"default","site-content-layout":"default","ast-site-content-layout":"default","site-content-style":"default","site-sidebar-style":"default","ast-global-header-display":"","ast-banner-title-visibility":"","ast-main-header-display":"","ast-hfb-above-header-display":"","ast-hfb-below-header-display":"","ast-hfb-mobile-header-display":"","site-post-title":"","ast-breadcrumbs-content":"","ast-featured-img":"","footer-sml-layout":"","ast-disable-related-posts":"","theme-transparent-header-meta":"default","adv-header-id-meta":"","stick-header-meta":"","header-above-stick-meta":"","header-main-stick-meta":"","header-below-stick-meta":"","astra-migrate-meta-layouts":"default","ast-page-background-enabled":"default","ast-page-background-meta":{"desktop":{"background-color":"","background-image":"","background-repeat":"repeat","background-position":"center center","background-size":"auto","background-attachment":"scroll","background-type":"","background-media":"","overlay-type":"","overlay-color":"","overlay-opacity":"","overlay-gradient":""},"tablet":{"background-color":"","background-image":"","background-repeat":"repeat","background-position":"center center","background-size":"auto","background-attachment":"scroll","background-type":"","background-media":"","overlay-type":"","overlay-color":"","overlay-opacity":"","overlay-gradient":""},"mobile":{"background-color":"","background-image":"","background-repeat":"repeat","background-position":"center center","background-size":"auto","background-attachment":"scroll","background-type":"","background-media":"","overlay-type":"","overlay-color":"","overlay-opacity":"","overlay-gradient":""}},"ast-content-background-meta":{"desktop":{"background-color":"var(--ast-global-color-5)","background-image":"","background-repeat":"repeat","background-position":"center center","background-size":"auto","background-attachment":"scroll","background-type":"","background-media":"","overlay-type":"","overlay-color":"","overlay-opacity":"","overlay-gradient":""},"tablet":{"background-color":"var(--ast-global-color-5)","background-image":"","background-repeat":"repeat","background-position":"center center","background-size":"auto","background-attachment":"scroll","background-type":"","background-media":"","overlay-type":"","overlay-color":"","overlay-opacity":"","overlay-gradient":""},"mobile":{"background-color":"var(--ast-global-color-5)","background-image":"","background-repeat":"repeat","background-position":"center center","background-size":"auto","background-attachment":"scroll","background-type":"","background-media":"","overlay-type":"","overlay-color":"","overlay-opacity":"","overlay-gradient":""}},"_jetpack_memberships_contains_paid_content":false,"_joinchat":[],"footnotes":""},"categories":[365,3557,2074],"tags":[],"class_list":["post-23973","post","type-post","status-publish","format-standard","has-post-thumbnail","hentry","category-opinion","category-tercera","category-videos"],"yoast_head":"<!-- This site is optimized with the Yoast SEO plugin v26.8 - https:\/\/yoast.com\/product\/yoast-seo-wordpress\/ -->\n<title>La \u201cNoche de los L\u00e1pices\u201d que yo viv\u00ed\u2026 - El Regional<\/title>\n<meta name=\"description\" content=\"Roxana Giamello fue compa\u00f1era de muchos j\u00f3venes que ser\u00edan secuestrados y desaparecidos en la llamada \u201cNoche de los L\u00e1pices\u201d, entre ellos, Claudia Falcone.\" \/>\n<meta name=\"robots\" content=\"index, follow, max-snippet:-1, max-image-preview:large, max-video-preview:-1\" \/>\n<link rel=\"canonical\" href=\"http:\/\/elregionalvm.com.ar\/noticias-villa-maria\/la-noche-de-los-lapices-que-yo-vivi\/\" \/>\n<meta property=\"og:locale\" content=\"es_ES\" \/>\n<meta property=\"og:type\" content=\"article\" \/>\n<meta property=\"og:title\" content=\"La \u201cNoche de los L\u00e1pices\u201d que yo viv\u00ed\u2026 - El Regional\" \/>\n<meta property=\"og:description\" content=\"Roxana Giamello fue compa\u00f1era de muchos j\u00f3venes que ser\u00edan secuestrados y desaparecidos en la llamada \u201cNoche de los L\u00e1pices\u201d, entre ellos, Claudia Falcone.\" \/>\n<meta property=\"og:url\" content=\"http:\/\/elregionalvm.com.ar\/noticias-villa-maria\/la-noche-de-los-lapices-que-yo-vivi\/\" \/>\n<meta property=\"og:site_name\" content=\"El Regional\" \/>\n<meta property=\"article:publisher\" content=\"https:\/\/www.facebook.com\/elregionalvm\" \/>\n<meta property=\"article:published_time\" content=\"2020-09-16T13:51:00+00:00\" \/>\n<meta property=\"article:modified_time\" content=\"2020-09-17T13:20:50+00:00\" \/>\n<meta property=\"og:image\" content=\"http:\/\/elregionalvm.com.ar\/noticias-villa-maria\/wp-content\/uploads\/2020\/09\/Grupo-1976-Semana-de-la-Primavera.jpg\" \/>\n\t<meta property=\"og:image:width\" content=\"1632\" \/>\n\t<meta property=\"og:image:height\" content=\"960\" \/>\n\t<meta property=\"og:image:type\" content=\"image\/jpeg\" \/>\n<meta name=\"author\" content=\"Contenidos El Regional\" \/>\n<meta name=\"twitter:card\" content=\"summary_large_image\" \/>\n<meta name=\"twitter:creator\" content=\"@elregionalvm1\" \/>\n<meta name=\"twitter:site\" content=\"@elregionalvm1\" \/>\n<meta name=\"twitter:label1\" content=\"Escrito por\" \/>\n\t<meta name=\"twitter:data1\" content=\"Contenidos El Regional\" \/>\n\t<meta name=\"twitter:label2\" content=\"Tiempo de lectura\" \/>\n\t<meta name=\"twitter:data2\" content=\"11 minutos\" \/>\n<script type=\"application\/ld+json\" class=\"yoast-schema-graph\">{\"@context\":\"https:\/\/schema.org\",\"@graph\":[{\"@type\":\"Article\",\"@id\":\"http:\/\/elregionalvm.com.ar\/noticias-villa-maria\/la-noche-de-los-lapices-que-yo-vivi\/#article\",\"isPartOf\":{\"@id\":\"http:\/\/elregionalvm.com.ar\/noticias-villa-maria\/la-noche-de-los-lapices-que-yo-vivi\/\"},\"author\":{\"name\":\"Contenidos El Regional\",\"@id\":\"http:\/\/elregionalvm.com.ar\/noticias-villa-maria\/#\/schema\/person\/a0fb9c422317faca23d50163151bc354\"},\"headline\":\"La \u201cNoche de los L\u00e1pices\u201d que yo viv\u00ed\u2026\",\"datePublished\":\"2020-09-16T13:51:00+00:00\",\"dateModified\":\"2020-09-17T13:20:50+00:00\",\"mainEntityOfPage\":{\"@id\":\"http:\/\/elregionalvm.com.ar\/noticias-villa-maria\/la-noche-de-los-lapices-que-yo-vivi\/\"},\"wordCount\":2177,\"commentCount\":1,\"image\":{\"@id\":\"http:\/\/elregionalvm.com.ar\/noticias-villa-maria\/la-noche-de-los-lapices-que-yo-vivi\/#primaryimage\"},\"thumbnailUrl\":\"https:\/\/i0.wp.com\/elregionalvm.com.ar\/noticias-villa-maria\/wp-content\/uploads\/2020\/09\/Grupo-1976-Semana-de-la-Primavera.jpg?fit=1632%2C960&ssl=1\",\"articleSection\":[\"Opini\u00f3n\",\"tercera\",\"Videos\"],\"inLanguage\":\"es\",\"potentialAction\":[{\"@type\":\"CommentAction\",\"name\":\"Comment\",\"target\":[\"http:\/\/elregionalvm.com.ar\/noticias-villa-maria\/la-noche-de-los-lapices-que-yo-vivi\/#respond\"]}]},{\"@type\":\"WebPage\",\"@id\":\"http:\/\/elregionalvm.com.ar\/noticias-villa-maria\/la-noche-de-los-lapices-que-yo-vivi\/\",\"url\":\"http:\/\/elregionalvm.com.ar\/noticias-villa-maria\/la-noche-de-los-lapices-que-yo-vivi\/\",\"name\":\"La \u201cNoche de los L\u00e1pices\u201d que yo viv\u00ed\u2026 - El Regional\",\"isPartOf\":{\"@id\":\"http:\/\/elregionalvm.com.ar\/noticias-villa-maria\/#website\"},\"primaryImageOfPage\":{\"@id\":\"http:\/\/elregionalvm.com.ar\/noticias-villa-maria\/la-noche-de-los-lapices-que-yo-vivi\/#primaryimage\"},\"image\":{\"@id\":\"http:\/\/elregionalvm.com.ar\/noticias-villa-maria\/la-noche-de-los-lapices-que-yo-vivi\/#primaryimage\"},\"thumbnailUrl\":\"https:\/\/i0.wp.com\/elregionalvm.com.ar\/noticias-villa-maria\/wp-content\/uploads\/2020\/09\/Grupo-1976-Semana-de-la-Primavera.jpg?fit=1632%2C960&ssl=1\",\"datePublished\":\"2020-09-16T13:51:00+00:00\",\"dateModified\":\"2020-09-17T13:20:50+00:00\",\"author\":{\"@id\":\"http:\/\/elregionalvm.com.ar\/noticias-villa-maria\/#\/schema\/person\/a0fb9c422317faca23d50163151bc354\"},\"description\":\"Roxana Giamello fue compa\u00f1era de muchos j\u00f3venes que ser\u00edan secuestrados y desaparecidos en la llamada \u201cNoche de los L\u00e1pices\u201d, entre ellos, Claudia Falcone.\",\"breadcrumb\":{\"@id\":\"http:\/\/elregionalvm.com.ar\/noticias-villa-maria\/la-noche-de-los-lapices-que-yo-vivi\/#breadcrumb\"},\"inLanguage\":\"es\",\"potentialAction\":[{\"@type\":\"ReadAction\",\"target\":[\"http:\/\/elregionalvm.com.ar\/noticias-villa-maria\/la-noche-de-los-lapices-que-yo-vivi\/\"]}]},{\"@type\":\"ImageObject\",\"inLanguage\":\"es\",\"@id\":\"http:\/\/elregionalvm.com.ar\/noticias-villa-maria\/la-noche-de-los-lapices-que-yo-vivi\/#primaryimage\",\"url\":\"https:\/\/i0.wp.com\/elregionalvm.com.ar\/noticias-villa-maria\/wp-content\/uploads\/2020\/09\/Grupo-1976-Semana-de-la-Primavera.jpg?fit=1632%2C960&ssl=1\",\"contentUrl\":\"https:\/\/i0.wp.com\/elregionalvm.com.ar\/noticias-villa-maria\/wp-content\/uploads\/2020\/09\/Grupo-1976-Semana-de-la-Primavera.jpg?fit=1632%2C960&ssl=1\",\"width\":1632,\"height\":960},{\"@type\":\"BreadcrumbList\",\"@id\":\"http:\/\/elregionalvm.com.ar\/noticias-villa-maria\/la-noche-de-los-lapices-que-yo-vivi\/#breadcrumb\",\"itemListElement\":[{\"@type\":\"ListItem\",\"position\":1,\"name\":\"Portada\",\"item\":\"https:\/\/elregionalvm.com.ar\/noticias-villa-maria\/\"},{\"@type\":\"ListItem\",\"position\":2,\"name\":\"La \u201cNoche de los L\u00e1pices\u201d que yo viv\u00ed\u2026\"}]},{\"@type\":\"WebSite\",\"@id\":\"http:\/\/elregionalvm.com.ar\/noticias-villa-maria\/#website\",\"url\":\"http:\/\/elregionalvm.com.ar\/noticias-villa-maria\/\",\"name\":\"El Regional\",\"description\":\"Mucho m\u00e1s que informaci\u00f3n\",\"potentialAction\":[{\"@type\":\"SearchAction\",\"target\":{\"@type\":\"EntryPoint\",\"urlTemplate\":\"http:\/\/elregionalvm.com.ar\/noticias-villa-maria\/?s={search_term_string}\"},\"query-input\":{\"@type\":\"PropertyValueSpecification\",\"valueRequired\":true,\"valueName\":\"search_term_string\"}}],\"inLanguage\":\"es\"},{\"@type\":\"Person\",\"@id\":\"http:\/\/elregionalvm.com.ar\/noticias-villa-maria\/#\/schema\/person\/a0fb9c422317faca23d50163151bc354\",\"name\":\"Contenidos El Regional\",\"image\":{\"@type\":\"ImageObject\",\"inLanguage\":\"es\",\"@id\":\"http:\/\/elregionalvm.com.ar\/noticias-villa-maria\/#\/schema\/person\/image\/\",\"url\":\"https:\/\/secure.gravatar.com\/avatar\/265b27cb2209af7bb3a1318f03305787d7981a5cc6e6cd08fe5a4ecdf99d4b48?s=96&d=mm&r=g\",\"contentUrl\":\"https:\/\/secure.gravatar.com\/avatar\/265b27cb2209af7bb3a1318f03305787d7981a5cc6e6cd08fe5a4ecdf99d4b48?s=96&d=mm&r=g\",\"caption\":\"Contenidos El Regional\"},\"url\":\"https:\/\/elregionalvm.com.ar\/noticias-villa-maria\/author\/contenido\/\"}]}<\/script>\n<!-- \/ Yoast SEO plugin. -->","yoast_head_json":{"title":"La \u201cNoche de los L\u00e1pices\u201d que yo viv\u00ed\u2026 - El Regional","description":"Roxana Giamello fue compa\u00f1era de muchos j\u00f3venes que ser\u00edan secuestrados y desaparecidos en la llamada \u201cNoche de los L\u00e1pices\u201d, entre ellos, Claudia Falcone.","robots":{"index":"index","follow":"follow","max-snippet":"max-snippet:-1","max-image-preview":"max-image-preview:large","max-video-preview":"max-video-preview:-1"},"canonical":"http:\/\/elregionalvm.com.ar\/noticias-villa-maria\/la-noche-de-los-lapices-que-yo-vivi\/","og_locale":"es_ES","og_type":"article","og_title":"La \u201cNoche de los L\u00e1pices\u201d que yo viv\u00ed\u2026 - El Regional","og_description":"Roxana Giamello fue compa\u00f1era de muchos j\u00f3venes que ser\u00edan secuestrados y desaparecidos en la llamada \u201cNoche de los L\u00e1pices\u201d, entre ellos, Claudia Falcone.","og_url":"http:\/\/elregionalvm.com.ar\/noticias-villa-maria\/la-noche-de-los-lapices-que-yo-vivi\/","og_site_name":"El Regional","article_publisher":"https:\/\/www.facebook.com\/elregionalvm","article_published_time":"2020-09-16T13:51:00+00:00","article_modified_time":"2020-09-17T13:20:50+00:00","og_image":[{"width":1632,"height":960,"url":"http:\/\/elregionalvm.com.ar\/noticias-villa-maria\/wp-content\/uploads\/2020\/09\/Grupo-1976-Semana-de-la-Primavera.jpg","type":"image\/jpeg"}],"author":"Contenidos El Regional","twitter_card":"summary_large_image","twitter_creator":"@elregionalvm1","twitter_site":"@elregionalvm1","twitter_misc":{"Escrito por":"Contenidos El Regional","Tiempo de lectura":"11 minutos"},"schema":{"@context":"https:\/\/schema.org","@graph":[{"@type":"Article","@id":"http:\/\/elregionalvm.com.ar\/noticias-villa-maria\/la-noche-de-los-lapices-que-yo-vivi\/#article","isPartOf":{"@id":"http:\/\/elregionalvm.com.ar\/noticias-villa-maria\/la-noche-de-los-lapices-que-yo-vivi\/"},"author":{"name":"Contenidos El Regional","@id":"http:\/\/elregionalvm.com.ar\/noticias-villa-maria\/#\/schema\/person\/a0fb9c422317faca23d50163151bc354"},"headline":"La \u201cNoche de los L\u00e1pices\u201d que yo viv\u00ed\u2026","datePublished":"2020-09-16T13:51:00+00:00","dateModified":"2020-09-17T13:20:50+00:00","mainEntityOfPage":{"@id":"http:\/\/elregionalvm.com.ar\/noticias-villa-maria\/la-noche-de-los-lapices-que-yo-vivi\/"},"wordCount":2177,"commentCount":1,"image":{"@id":"http:\/\/elregionalvm.com.ar\/noticias-villa-maria\/la-noche-de-los-lapices-que-yo-vivi\/#primaryimage"},"thumbnailUrl":"https:\/\/i0.wp.com\/elregionalvm.com.ar\/noticias-villa-maria\/wp-content\/uploads\/2020\/09\/Grupo-1976-Semana-de-la-Primavera.jpg?fit=1632%2C960&ssl=1","articleSection":["Opini\u00f3n","tercera","Videos"],"inLanguage":"es","potentialAction":[{"@type":"CommentAction","name":"Comment","target":["http:\/\/elregionalvm.com.ar\/noticias-villa-maria\/la-noche-de-los-lapices-que-yo-vivi\/#respond"]}]},{"@type":"WebPage","@id":"http:\/\/elregionalvm.com.ar\/noticias-villa-maria\/la-noche-de-los-lapices-que-yo-vivi\/","url":"http:\/\/elregionalvm.com.ar\/noticias-villa-maria\/la-noche-de-los-lapices-que-yo-vivi\/","name":"La \u201cNoche de los L\u00e1pices\u201d que yo viv\u00ed\u2026 - El Regional","isPartOf":{"@id":"http:\/\/elregionalvm.com.ar\/noticias-villa-maria\/#website"},"primaryImageOfPage":{"@id":"http:\/\/elregionalvm.com.ar\/noticias-villa-maria\/la-noche-de-los-lapices-que-yo-vivi\/#primaryimage"},"image":{"@id":"http:\/\/elregionalvm.com.ar\/noticias-villa-maria\/la-noche-de-los-lapices-que-yo-vivi\/#primaryimage"},"thumbnailUrl":"https:\/\/i0.wp.com\/elregionalvm.com.ar\/noticias-villa-maria\/wp-content\/uploads\/2020\/09\/Grupo-1976-Semana-de-la-Primavera.jpg?fit=1632%2C960&ssl=1","datePublished":"2020-09-16T13:51:00+00:00","dateModified":"2020-09-17T13:20:50+00:00","author":{"@id":"http:\/\/elregionalvm.com.ar\/noticias-villa-maria\/#\/schema\/person\/a0fb9c422317faca23d50163151bc354"},"description":"Roxana Giamello fue compa\u00f1era de muchos j\u00f3venes que ser\u00edan secuestrados y desaparecidos en la llamada \u201cNoche de los L\u00e1pices\u201d, entre ellos, Claudia Falcone.","breadcrumb":{"@id":"http:\/\/elregionalvm.com.ar\/noticias-villa-maria\/la-noche-de-los-lapices-que-yo-vivi\/#breadcrumb"},"inLanguage":"es","potentialAction":[{"@type":"ReadAction","target":["http:\/\/elregionalvm.com.ar\/noticias-villa-maria\/la-noche-de-los-lapices-que-yo-vivi\/"]}]},{"@type":"ImageObject","inLanguage":"es","@id":"http:\/\/elregionalvm.com.ar\/noticias-villa-maria\/la-noche-de-los-lapices-que-yo-vivi\/#primaryimage","url":"https:\/\/i0.wp.com\/elregionalvm.com.ar\/noticias-villa-maria\/wp-content\/uploads\/2020\/09\/Grupo-1976-Semana-de-la-Primavera.jpg?fit=1632%2C960&ssl=1","contentUrl":"https:\/\/i0.wp.com\/elregionalvm.com.ar\/noticias-villa-maria\/wp-content\/uploads\/2020\/09\/Grupo-1976-Semana-de-la-Primavera.jpg?fit=1632%2C960&ssl=1","width":1632,"height":960},{"@type":"BreadcrumbList","@id":"http:\/\/elregionalvm.com.ar\/noticias-villa-maria\/la-noche-de-los-lapices-que-yo-vivi\/#breadcrumb","itemListElement":[{"@type":"ListItem","position":1,"name":"Portada","item":"https:\/\/elregionalvm.com.ar\/noticias-villa-maria\/"},{"@type":"ListItem","position":2,"name":"La \u201cNoche de los L\u00e1pices\u201d que yo viv\u00ed\u2026"}]},{"@type":"WebSite","@id":"http:\/\/elregionalvm.com.ar\/noticias-villa-maria\/#website","url":"http:\/\/elregionalvm.com.ar\/noticias-villa-maria\/","name":"El Regional","description":"Mucho m\u00e1s que informaci\u00f3n","potentialAction":[{"@type":"SearchAction","target":{"@type":"EntryPoint","urlTemplate":"http:\/\/elregionalvm.com.ar\/noticias-villa-maria\/?s={search_term_string}"},"query-input":{"@type":"PropertyValueSpecification","valueRequired":true,"valueName":"search_term_string"}}],"inLanguage":"es"},{"@type":"Person","@id":"http:\/\/elregionalvm.com.ar\/noticias-villa-maria\/#\/schema\/person\/a0fb9c422317faca23d50163151bc354","name":"Contenidos El Regional","image":{"@type":"ImageObject","inLanguage":"es","@id":"http:\/\/elregionalvm.com.ar\/noticias-villa-maria\/#\/schema\/person\/image\/","url":"https:\/\/secure.gravatar.com\/avatar\/265b27cb2209af7bb3a1318f03305787d7981a5cc6e6cd08fe5a4ecdf99d4b48?s=96&d=mm&r=g","contentUrl":"https:\/\/secure.gravatar.com\/avatar\/265b27cb2209af7bb3a1318f03305787d7981a5cc6e6cd08fe5a4ecdf99d4b48?s=96&d=mm&r=g","caption":"Contenidos El Regional"},"url":"https:\/\/elregionalvm.com.ar\/noticias-villa-maria\/author\/contenido\/"}]}},"jetpack_featured_media_url":"https:\/\/i0.wp.com\/elregionalvm.com.ar\/noticias-villa-maria\/wp-content\/uploads\/2020\/09\/Grupo-1976-Semana-de-la-Primavera.jpg?fit=1632%2C960&ssl=1","jetpack_sharing_enabled":true,"_links":{"self":[{"href":"https:\/\/elregionalvm.com.ar\/noticias-villa-maria\/wp-json\/wp\/v2\/posts\/23973","targetHints":{"allow":["GET"]}}],"collection":[{"href":"https:\/\/elregionalvm.com.ar\/noticias-villa-maria\/wp-json\/wp\/v2\/posts"}],"about":[{"href":"https:\/\/elregionalvm.com.ar\/noticias-villa-maria\/wp-json\/wp\/v2\/types\/post"}],"author":[{"embeddable":true,"href":"https:\/\/elregionalvm.com.ar\/noticias-villa-maria\/wp-json\/wp\/v2\/users\/4"}],"replies":[{"embeddable":true,"href":"https:\/\/elregionalvm.com.ar\/noticias-villa-maria\/wp-json\/wp\/v2\/comments?post=23973"}],"version-history":[{"count":6,"href":"https:\/\/elregionalvm.com.ar\/noticias-villa-maria\/wp-json\/wp\/v2\/posts\/23973\/revisions"}],"predecessor-version":[{"id":23987,"href":"https:\/\/elregionalvm.com.ar\/noticias-villa-maria\/wp-json\/wp\/v2\/posts\/23973\/revisions\/23987"}],"wp:featuredmedia":[{"embeddable":true,"href":"https:\/\/elregionalvm.com.ar\/noticias-villa-maria\/wp-json\/wp\/v2\/media\/23974"}],"wp:attachment":[{"href":"https:\/\/elregionalvm.com.ar\/noticias-villa-maria\/wp-json\/wp\/v2\/media?parent=23973"}],"wp:term":[{"taxonomy":"category","embeddable":true,"href":"https:\/\/elregionalvm.com.ar\/noticias-villa-maria\/wp-json\/wp\/v2\/categories?post=23973"},{"taxonomy":"post_tag","embeddable":true,"href":"https:\/\/elregionalvm.com.ar\/noticias-villa-maria\/wp-json\/wp\/v2\/tags?post=23973"}],"curies":[{"name":"wp","href":"https:\/\/api.w.org\/{rel}","templated":true}]}}