{"id":23988,"date":"2020-09-16T14:15:05","date_gmt":"2020-09-16T14:15:05","guid":{"rendered":"https:\/\/elregionalvm.com.ar\/noticias-villa-maria\/?p=23988"},"modified":"2020-09-16T14:15:07","modified_gmt":"2020-09-16T14:15:07","slug":"luca-fallecio-el-doctor-caroni-el-medico-del-pueblo","status":"publish","type":"post","link":"https:\/\/elregionalvm.com.ar\/noticias-villa-maria\/luca-fallecio-el-doctor-caroni-el-medico-del-pueblo\/","title":{"rendered":"Luca: falleci\u00f3 el doctor Caroni, el m\u00e9dico del pueblo"},"content":{"rendered":"\n<p>El doctor V\u00edctor Caroni falleci\u00f3 este mi\u00e9rcoles 16 de septiembre en Luca. Durante 29 a\u00f1os fue el m\u00e9dico del pueblo, con todo lo que ese rol significa en las localidades peque\u00f1as. Fue el m\u00e9dico de todos los vecinos. Y por eso su muerte provoc\u00f3 dolor en la comunidad.<\/p>\n\n\n\n<p>El intendente Augusto Arietti lo despidi\u00f3 as\u00ed en las redes sociales: <\/p>\n\n\n\n<p>\u00abPor 29 a\u00f1os fue el m\u00e9dico de todos y cada uno de nosotros. De la vieja escuela de doctores, reun\u00eda conocimientos de diversas especialidades. Cur\u00f3 los males de nuestros vecinos toda una vida y lleg\u00f3 hasta la mesita de luz de la gente, en cada hogar. Prest\u00f3 servicio a la comunidad hasta el \u00faltimo minuto que su salud se lo permiti\u00f3\u00bb. <\/p>\n\n\n\n<p>\u00abHoy, lo despedimos en medio de la angustia que significan las partidas de este mundo. Abrazo a la familia en esta triste circunstancia. Que brille para V\u00edctor la luz que no tiene fin. Siempre lo recordaremos\u00bb.<\/p>\n","protected":false},"excerpt":{"rendered":"<p>El doctor V\u00edctor Caroni falleci\u00f3 este mi\u00e9rcoles 16 de septiembre en Luca. Durante 29 a\u00f1os fue el m\u00e9dico del pueblo, con todo lo que ese rol significa en las localidades peque\u00f1as. Fue el m\u00e9dico de todos los vecinos. Y por eso su muerte provoc\u00f3 dolor en la comunidad. El intendente Augusto Arietti lo despidi\u00f3 as\u00ed [&hellip;]<\/p>\n","protected":false},"author":4,"featured_media":23989,"comment_status":"open","ping_status":"open","sticky":false,"template":"","format":"standard","meta":{"site-sidebar-layout":"default","site-content-layout":"default","ast-site-content-layout":"default","site-content-style":"default","site-sidebar-style":"default","ast-global-header-display":"","ast-banner-title-visibility":"","ast-main-header-display":"","ast-hfb-above-header-display":"","ast-hfb-below-header-display":"","ast-hfb-mobile-header-display":"","site-post-title":"","ast-breadcrumbs-content":"","ast-featured-img":"","footer-sml-layout":"","ast-disable-related-posts":"","theme-transparent-header-meta":"default","adv-header-id-meta":"","stick-header-meta":"","header-above-stick-meta":"","header-main-stick-meta":"","header-below-stick-meta":"","astra-migrate-meta-layouts":"default","ast-page-background-enabled":"default","ast-page-background-meta":{"desktop":{"background-color":"","background-image":"","background-repeat":"repeat","background-position":"center center","background-size":"auto","background-attachment":"scroll","background-type":"","background-media":"","overlay-type":"","overlay-color":"","overlay-opacity":"","overlay-gradient":""},"tablet":{"background-color":"","background-image":"","background-repeat":"repeat","background-position":"center center","background-size":"auto","background-attachment":"scroll","background-type":"","background-media":"","overlay-type":"","overlay-color":"","overlay-opacity":"","overlay-gradient":""},"mobile":{"background-color":"","background-image":"","background-repeat":"repeat","background-position":"center center","background-size":"auto","background-attachment":"scroll","background-type":"","background-media":"","overlay-type":"","overlay-color":"","overlay-opacity":"","overlay-gradient":""}},"ast-content-background-meta":{"desktop":{"background-color":"var(--ast-global-color-5)","background-image":"","background-repeat":"repeat","background-position":"center center","background-size":"auto","background-attachment":"scroll","background-type":"","background-media":"","overlay-type":"","overlay-color":"","overlay-opacity":"","overlay-gradient":""},"tablet":{"background-color":"var(--ast-global-color-5)","background-image":"","background-repeat":"repeat","background-position":"center center","background-size":"auto","background-attachment":"scroll","background-type":"","background-media":"","overlay-type":"","overlay-color":"","overlay-opacity":"","overlay-gradient":""},"mobile":{"background-color":"var(--ast-global-color-5)","background-image":"","background-repeat":"repeat","background-position":"center center","background-size":"auto","background-attachment":"scroll","background-type":"","background-media":"","overlay-type":"","overlay-color":"","overlay-opacity":"","overlay-gradient":""}},"_jetpack_memberships_contains_paid_content":false,"_joinchat":[],"footnotes":""},"categories":[2091],"tags":[3603,3992,261,1383],"class_list":["post-23988","post","type-post","status-publish","format-standard","has-post-thumbnail","hentry","category-region","tag-augusto-arietti","tag-dr-caroni","tag-fallecimiento","tag-luca"],"yoast_head":"<!-- This site is optimized with the Yoast SEO plugin v26.8 - https:\/\/yoast.com\/product\/yoast-seo-wordpress\/ -->\n<title>Luca: falleci\u00f3 el doctor Caroni, el m\u00e9dico del pueblo - El Regional<\/title>\n<meta name=\"description\" content=\"El doctor V\u00edctor Caroni falleci\u00f3 este mi\u00e9rcoles 16 de septiembre en Luca. Durante 29 a\u00f1os fue el m\u00e9dico del pueblo.\" \/>\n<meta name=\"robots\" content=\"index, follow, max-snippet:-1, max-image-preview:large, max-video-preview:-1\" \/>\n<link rel=\"canonical\" href=\"http:\/\/elregionalvm.com.ar\/noticias-villa-maria\/luca-fallecio-el-doctor-caroni-el-medico-del-pueblo\/\" \/>\n<meta property=\"og:locale\" content=\"es_ES\" \/>\n<meta property=\"og:type\" content=\"article\" \/>\n<meta property=\"og:title\" content=\"Luca: falleci\u00f3 el doctor Caroni, el m\u00e9dico del pueblo - El Regional\" \/>\n<meta property=\"og:description\" content=\"El doctor V\u00edctor Caroni falleci\u00f3 este mi\u00e9rcoles 16 de septiembre en Luca. Durante 29 a\u00f1os fue el m\u00e9dico del pueblo.\" \/>\n<meta property=\"og:url\" content=\"http:\/\/elregionalvm.com.ar\/noticias-villa-maria\/luca-fallecio-el-doctor-caroni-el-medico-del-pueblo\/\" \/>\n<meta property=\"og:site_name\" content=\"El Regional\" \/>\n<meta property=\"article:publisher\" content=\"https:\/\/www.facebook.com\/elregionalvm\" \/>\n<meta property=\"article:published_time\" content=\"2020-09-16T14:15:05+00:00\" \/>\n<meta property=\"article:modified_time\" content=\"2020-09-16T14:15:07+00:00\" \/>\n<meta property=\"og:image\" content=\"http:\/\/elregionalvm.com.ar\/noticias-villa-maria\/wp-content\/uploads\/2020\/09\/Dr.-Caroni-Luca.jpg\" \/>\n\t<meta property=\"og:image:width\" content=\"348\" \/>\n\t<meta property=\"og:image:height\" content=\"417\" \/>\n\t<meta property=\"og:image:type\" content=\"image\/jpeg\" \/>\n<meta name=\"author\" content=\"Contenidos El Regional\" \/>\n<meta name=\"twitter:card\" content=\"summary_large_image\" \/>\n<meta name=\"twitter:creator\" content=\"@elregionalvm1\" \/>\n<meta name=\"twitter:site\" content=\"@elregionalvm1\" \/>\n<meta name=\"twitter:label1\" content=\"Escrito por\" \/>\n\t<meta name=\"twitter:data1\" content=\"Contenidos El Regional\" \/>\n\t<meta name=\"twitter:label2\" content=\"Tiempo de lectura\" \/>\n\t<meta name=\"twitter:data2\" content=\"1 minuto\" \/>\n<script type=\"application\/ld+json\" class=\"yoast-schema-graph\">{\"@context\":\"https:\/\/schema.org\",\"@graph\":[{\"@type\":\"Article\",\"@id\":\"http:\/\/elregionalvm.com.ar\/noticias-villa-maria\/luca-fallecio-el-doctor-caroni-el-medico-del-pueblo\/#article\",\"isPartOf\":{\"@id\":\"http:\/\/elregionalvm.com.ar\/noticias-villa-maria\/luca-fallecio-el-doctor-caroni-el-medico-del-pueblo\/\"},\"author\":{\"name\":\"Contenidos El Regional\",\"@id\":\"http:\/\/elregionalvm.com.ar\/noticias-villa-maria\/#\/schema\/person\/a0fb9c422317faca23d50163151bc354\"},\"headline\":\"Luca: falleci\u00f3 el doctor Caroni, el m\u00e9dico del pueblo\",\"datePublished\":\"2020-09-16T14:15:05+00:00\",\"dateModified\":\"2020-09-16T14:15:07+00:00\",\"mainEntityOfPage\":{\"@id\":\"http:\/\/elregionalvm.com.ar\/noticias-villa-maria\/luca-fallecio-el-doctor-caroni-el-medico-del-pueblo\/\"},\"wordCount\":173,\"commentCount\":1,\"image\":{\"@id\":\"http:\/\/elregionalvm.com.ar\/noticias-villa-maria\/luca-fallecio-el-doctor-caroni-el-medico-del-pueblo\/#primaryimage\"},\"thumbnailUrl\":\"https:\/\/i0.wp.com\/elregionalvm.com.ar\/noticias-villa-maria\/wp-content\/uploads\/2020\/09\/Dr.-Caroni-Luca.jpg?fit=348%2C417&ssl=1\",\"keywords\":[\"Augusto Arietti\",\"Dr. Caroni\",\"fallecimiento\",\"lUCA\"],\"articleSection\":[\"Regi\u00f3n\"],\"inLanguage\":\"es\",\"potentialAction\":[{\"@type\":\"CommentAction\",\"name\":\"Comment\",\"target\":[\"http:\/\/elregionalvm.com.ar\/noticias-villa-maria\/luca-fallecio-el-doctor-caroni-el-medico-del-pueblo\/#respond\"]}]},{\"@type\":\"WebPage\",\"@id\":\"http:\/\/elregionalvm.com.ar\/noticias-villa-maria\/luca-fallecio-el-doctor-caroni-el-medico-del-pueblo\/\",\"url\":\"http:\/\/elregionalvm.com.ar\/noticias-villa-maria\/luca-fallecio-el-doctor-caroni-el-medico-del-pueblo\/\",\"name\":\"Luca: falleci\u00f3 el doctor Caroni, el m\u00e9dico del pueblo - El Regional\",\"isPartOf\":{\"@id\":\"http:\/\/elregionalvm.com.ar\/noticias-villa-maria\/#website\"},\"primaryImageOfPage\":{\"@id\":\"http:\/\/elregionalvm.com.ar\/noticias-villa-maria\/luca-fallecio-el-doctor-caroni-el-medico-del-pueblo\/#primaryimage\"},\"image\":{\"@id\":\"http:\/\/elregionalvm.com.ar\/noticias-villa-maria\/luca-fallecio-el-doctor-caroni-el-medico-del-pueblo\/#primaryimage\"},\"thumbnailUrl\":\"https:\/\/i0.wp.com\/elregionalvm.com.ar\/noticias-villa-maria\/wp-content\/uploads\/2020\/09\/Dr.-Caroni-Luca.jpg?fit=348%2C417&ssl=1\",\"datePublished\":\"2020-09-16T14:15:05+00:00\",\"dateModified\":\"2020-09-16T14:15:07+00:00\",\"author\":{\"@id\":\"http:\/\/elregionalvm.com.ar\/noticias-villa-maria\/#\/schema\/person\/a0fb9c422317faca23d50163151bc354\"},\"description\":\"El doctor V\u00edctor Caroni falleci\u00f3 este mi\u00e9rcoles 16 de septiembre en Luca. Durante 29 a\u00f1os fue el m\u00e9dico del pueblo.\",\"breadcrumb\":{\"@id\":\"http:\/\/elregionalvm.com.ar\/noticias-villa-maria\/luca-fallecio-el-doctor-caroni-el-medico-del-pueblo\/#breadcrumb\"},\"inLanguage\":\"es\",\"potentialAction\":[{\"@type\":\"ReadAction\",\"target\":[\"http:\/\/elregionalvm.com.ar\/noticias-villa-maria\/luca-fallecio-el-doctor-caroni-el-medico-del-pueblo\/\"]}]},{\"@type\":\"ImageObject\",\"inLanguage\":\"es\",\"@id\":\"http:\/\/elregionalvm.com.ar\/noticias-villa-maria\/luca-fallecio-el-doctor-caroni-el-medico-del-pueblo\/#primaryimage\",\"url\":\"https:\/\/i0.wp.com\/elregionalvm.com.ar\/noticias-villa-maria\/wp-content\/uploads\/2020\/09\/Dr.-Caroni-Luca.jpg?fit=348%2C417&ssl=1\",\"contentUrl\":\"https:\/\/i0.wp.com\/elregionalvm.com.ar\/noticias-villa-maria\/wp-content\/uploads\/2020\/09\/Dr.-Caroni-Luca.jpg?fit=348%2C417&ssl=1\",\"width\":348,\"height\":417},{\"@type\":\"BreadcrumbList\",\"@id\":\"http:\/\/elregionalvm.com.ar\/noticias-villa-maria\/luca-fallecio-el-doctor-caroni-el-medico-del-pueblo\/#breadcrumb\",\"itemListElement\":[{\"@type\":\"ListItem\",\"position\":1,\"name\":\"Portada\",\"item\":\"https:\/\/elregionalvm.com.ar\/noticias-villa-maria\/\"},{\"@type\":\"ListItem\",\"position\":2,\"name\":\"Luca: falleci\u00f3 el doctor Caroni, el m\u00e9dico del pueblo\"}]},{\"@type\":\"WebSite\",\"@id\":\"http:\/\/elregionalvm.com.ar\/noticias-villa-maria\/#website\",\"url\":\"http:\/\/elregionalvm.com.ar\/noticias-villa-maria\/\",\"name\":\"El Regional\",\"description\":\"Mucho m\u00e1s que informaci\u00f3n\",\"potentialAction\":[{\"@type\":\"SearchAction\",\"target\":{\"@type\":\"EntryPoint\",\"urlTemplate\":\"http:\/\/elregionalvm.com.ar\/noticias-villa-maria\/?s={search_term_string}\"},\"query-input\":{\"@type\":\"PropertyValueSpecification\",\"valueRequired\":true,\"valueName\":\"search_term_string\"}}],\"inLanguage\":\"es\"},{\"@type\":\"Person\",\"@id\":\"http:\/\/elregionalvm.com.ar\/noticias-villa-maria\/#\/schema\/person\/a0fb9c422317faca23d50163151bc354\",\"name\":\"Contenidos El Regional\",\"image\":{\"@type\":\"ImageObject\",\"inLanguage\":\"es\",\"@id\":\"http:\/\/elregionalvm.com.ar\/noticias-villa-maria\/#\/schema\/person\/image\/\",\"url\":\"https:\/\/secure.gravatar.com\/avatar\/265b27cb2209af7bb3a1318f03305787d7981a5cc6e6cd08fe5a4ecdf99d4b48?s=96&d=mm&r=g\",\"contentUrl\":\"https:\/\/secure.gravatar.com\/avatar\/265b27cb2209af7bb3a1318f03305787d7981a5cc6e6cd08fe5a4ecdf99d4b48?s=96&d=mm&r=g\",\"caption\":\"Contenidos El Regional\"},\"url\":\"https:\/\/elregionalvm.com.ar\/noticias-villa-maria\/author\/contenido\/\"}]}<\/script>\n<!-- \/ Yoast SEO plugin. -->","yoast_head_json":{"title":"Luca: falleci\u00f3 el doctor Caroni, el m\u00e9dico del pueblo - El Regional","description":"El doctor V\u00edctor Caroni falleci\u00f3 este mi\u00e9rcoles 16 de septiembre en Luca. Durante 29 a\u00f1os fue el m\u00e9dico del pueblo.","robots":{"index":"index","follow":"follow","max-snippet":"max-snippet:-1","max-image-preview":"max-image-preview:large","max-video-preview":"max-video-preview:-1"},"canonical":"http:\/\/elregionalvm.com.ar\/noticias-villa-maria\/luca-fallecio-el-doctor-caroni-el-medico-del-pueblo\/","og_locale":"es_ES","og_type":"article","og_title":"Luca: falleci\u00f3 el doctor Caroni, el m\u00e9dico del pueblo - El Regional","og_description":"El doctor V\u00edctor Caroni falleci\u00f3 este mi\u00e9rcoles 16 de septiembre en Luca. Durante 29 a\u00f1os fue el m\u00e9dico del pueblo.","og_url":"http:\/\/elregionalvm.com.ar\/noticias-villa-maria\/luca-fallecio-el-doctor-caroni-el-medico-del-pueblo\/","og_site_name":"El Regional","article_publisher":"https:\/\/www.facebook.com\/elregionalvm","article_published_time":"2020-09-16T14:15:05+00:00","article_modified_time":"2020-09-16T14:15:07+00:00","og_image":[{"width":348,"height":417,"url":"http:\/\/elregionalvm.com.ar\/noticias-villa-maria\/wp-content\/uploads\/2020\/09\/Dr.-Caroni-Luca.jpg","type":"image\/jpeg"}],"author":"Contenidos El Regional","twitter_card":"summary_large_image","twitter_creator":"@elregionalvm1","twitter_site":"@elregionalvm1","twitter_misc":{"Escrito por":"Contenidos El Regional","Tiempo de lectura":"1 minuto"},"schema":{"@context":"https:\/\/schema.org","@graph":[{"@type":"Article","@id":"http:\/\/elregionalvm.com.ar\/noticias-villa-maria\/luca-fallecio-el-doctor-caroni-el-medico-del-pueblo\/#article","isPartOf":{"@id":"http:\/\/elregionalvm.com.ar\/noticias-villa-maria\/luca-fallecio-el-doctor-caroni-el-medico-del-pueblo\/"},"author":{"name":"Contenidos El Regional","@id":"http:\/\/elregionalvm.com.ar\/noticias-villa-maria\/#\/schema\/person\/a0fb9c422317faca23d50163151bc354"},"headline":"Luca: falleci\u00f3 el doctor Caroni, el m\u00e9dico del pueblo","datePublished":"2020-09-16T14:15:05+00:00","dateModified":"2020-09-16T14:15:07+00:00","mainEntityOfPage":{"@id":"http:\/\/elregionalvm.com.ar\/noticias-villa-maria\/luca-fallecio-el-doctor-caroni-el-medico-del-pueblo\/"},"wordCount":173,"commentCount":1,"image":{"@id":"http:\/\/elregionalvm.com.ar\/noticias-villa-maria\/luca-fallecio-el-doctor-caroni-el-medico-del-pueblo\/#primaryimage"},"thumbnailUrl":"https:\/\/i0.wp.com\/elregionalvm.com.ar\/noticias-villa-maria\/wp-content\/uploads\/2020\/09\/Dr.-Caroni-Luca.jpg?fit=348%2C417&ssl=1","keywords":["Augusto Arietti","Dr. Caroni","fallecimiento","lUCA"],"articleSection":["Regi\u00f3n"],"inLanguage":"es","potentialAction":[{"@type":"CommentAction","name":"Comment","target":["http:\/\/elregionalvm.com.ar\/noticias-villa-maria\/luca-fallecio-el-doctor-caroni-el-medico-del-pueblo\/#respond"]}]},{"@type":"WebPage","@id":"http:\/\/elregionalvm.com.ar\/noticias-villa-maria\/luca-fallecio-el-doctor-caroni-el-medico-del-pueblo\/","url":"http:\/\/elregionalvm.com.ar\/noticias-villa-maria\/luca-fallecio-el-doctor-caroni-el-medico-del-pueblo\/","name":"Luca: falleci\u00f3 el doctor Caroni, el m\u00e9dico del pueblo - El Regional","isPartOf":{"@id":"http:\/\/elregionalvm.com.ar\/noticias-villa-maria\/#website"},"primaryImageOfPage":{"@id":"http:\/\/elregionalvm.com.ar\/noticias-villa-maria\/luca-fallecio-el-doctor-caroni-el-medico-del-pueblo\/#primaryimage"},"image":{"@id":"http:\/\/elregionalvm.com.ar\/noticias-villa-maria\/luca-fallecio-el-doctor-caroni-el-medico-del-pueblo\/#primaryimage"},"thumbnailUrl":"https:\/\/i0.wp.com\/elregionalvm.com.ar\/noticias-villa-maria\/wp-content\/uploads\/2020\/09\/Dr.-Caroni-Luca.jpg?fit=348%2C417&ssl=1","datePublished":"2020-09-16T14:15:05+00:00","dateModified":"2020-09-16T14:15:07+00:00","author":{"@id":"http:\/\/elregionalvm.com.ar\/noticias-villa-maria\/#\/schema\/person\/a0fb9c422317faca23d50163151bc354"},"description":"El doctor V\u00edctor Caroni falleci\u00f3 este mi\u00e9rcoles 16 de septiembre en Luca. Durante 29 a\u00f1os fue el m\u00e9dico del pueblo.","breadcrumb":{"@id":"http:\/\/elregionalvm.com.ar\/noticias-villa-maria\/luca-fallecio-el-doctor-caroni-el-medico-del-pueblo\/#breadcrumb"},"inLanguage":"es","potentialAction":[{"@type":"ReadAction","target":["http:\/\/elregionalvm.com.ar\/noticias-villa-maria\/luca-fallecio-el-doctor-caroni-el-medico-del-pueblo\/"]}]},{"@type":"ImageObject","inLanguage":"es","@id":"http:\/\/elregionalvm.com.ar\/noticias-villa-maria\/luca-fallecio-el-doctor-caroni-el-medico-del-pueblo\/#primaryimage","url":"https:\/\/i0.wp.com\/elregionalvm.com.ar\/noticias-villa-maria\/wp-content\/uploads\/2020\/09\/Dr.-Caroni-Luca.jpg?fit=348%2C417&ssl=1","contentUrl":"https:\/\/i0.wp.com\/elregionalvm.com.ar\/noticias-villa-maria\/wp-content\/uploads\/2020\/09\/Dr.-Caroni-Luca.jpg?fit=348%2C417&ssl=1","width":348,"height":417},{"@type":"BreadcrumbList","@id":"http:\/\/elregionalvm.com.ar\/noticias-villa-maria\/luca-fallecio-el-doctor-caroni-el-medico-del-pueblo\/#breadcrumb","itemListElement":[{"@type":"ListItem","position":1,"name":"Portada","item":"https:\/\/elregionalvm.com.ar\/noticias-villa-maria\/"},{"@type":"ListItem","position":2,"name":"Luca: falleci\u00f3 el doctor Caroni, el m\u00e9dico del pueblo"}]},{"@type":"WebSite","@id":"http:\/\/elregionalvm.com.ar\/noticias-villa-maria\/#website","url":"http:\/\/elregionalvm.com.ar\/noticias-villa-maria\/","name":"El Regional","description":"Mucho m\u00e1s que informaci\u00f3n","potentialAction":[{"@type":"SearchAction","target":{"@type":"EntryPoint","urlTemplate":"http:\/\/elregionalvm.com.ar\/noticias-villa-maria\/?s={search_term_string}"},"query-input":{"@type":"PropertyValueSpecification","valueRequired":true,"valueName":"search_term_string"}}],"inLanguage":"es"},{"@type":"Person","@id":"http:\/\/elregionalvm.com.ar\/noticias-villa-maria\/#\/schema\/person\/a0fb9c422317faca23d50163151bc354","name":"Contenidos El Regional","image":{"@type":"ImageObject","inLanguage":"es","@id":"http:\/\/elregionalvm.com.ar\/noticias-villa-maria\/#\/schema\/person\/image\/","url":"https:\/\/secure.gravatar.com\/avatar\/265b27cb2209af7bb3a1318f03305787d7981a5cc6e6cd08fe5a4ecdf99d4b48?s=96&d=mm&r=g","contentUrl":"https:\/\/secure.gravatar.com\/avatar\/265b27cb2209af7bb3a1318f03305787d7981a5cc6e6cd08fe5a4ecdf99d4b48?s=96&d=mm&r=g","caption":"Contenidos El Regional"},"url":"https:\/\/elregionalvm.com.ar\/noticias-villa-maria\/author\/contenido\/"}]}},"jetpack_featured_media_url":"https:\/\/i0.wp.com\/elregionalvm.com.ar\/noticias-villa-maria\/wp-content\/uploads\/2020\/09\/Dr.-Caroni-Luca.jpg?fit=348%2C417&ssl=1","jetpack_sharing_enabled":true,"_links":{"self":[{"href":"https:\/\/elregionalvm.com.ar\/noticias-villa-maria\/wp-json\/wp\/v2\/posts\/23988","targetHints":{"allow":["GET"]}}],"collection":[{"href":"https:\/\/elregionalvm.com.ar\/noticias-villa-maria\/wp-json\/wp\/v2\/posts"}],"about":[{"href":"https:\/\/elregionalvm.com.ar\/noticias-villa-maria\/wp-json\/wp\/v2\/types\/post"}],"author":[{"embeddable":true,"href":"https:\/\/elregionalvm.com.ar\/noticias-villa-maria\/wp-json\/wp\/v2\/users\/4"}],"replies":[{"embeddable":true,"href":"https:\/\/elregionalvm.com.ar\/noticias-villa-maria\/wp-json\/wp\/v2\/comments?post=23988"}],"version-history":[{"count":1,"href":"https:\/\/elregionalvm.com.ar\/noticias-villa-maria\/wp-json\/wp\/v2\/posts\/23988\/revisions"}],"predecessor-version":[{"id":23990,"href":"https:\/\/elregionalvm.com.ar\/noticias-villa-maria\/wp-json\/wp\/v2\/posts\/23988\/revisions\/23990"}],"wp:featuredmedia":[{"embeddable":true,"href":"https:\/\/elregionalvm.com.ar\/noticias-villa-maria\/wp-json\/wp\/v2\/media\/23989"}],"wp:attachment":[{"href":"https:\/\/elregionalvm.com.ar\/noticias-villa-maria\/wp-json\/wp\/v2\/media?parent=23988"}],"wp:term":[{"taxonomy":"category","embeddable":true,"href":"https:\/\/elregionalvm.com.ar\/noticias-villa-maria\/wp-json\/wp\/v2\/categories?post=23988"},{"taxonomy":"post_tag","embeddable":true,"href":"https:\/\/elregionalvm.com.ar\/noticias-villa-maria\/wp-json\/wp\/v2\/tags?post=23988"}],"curies":[{"name":"wp","href":"https:\/\/api.w.org\/{rel}","templated":true}]}}