{"id":23994,"date":"2020-09-16T17:35:18","date_gmt":"2020-09-16T17:35:18","guid":{"rendered":"https:\/\/elregionalvm.com.ar\/noticias-villa-maria\/?p=23994"},"modified":"2020-09-16T17:35:19","modified_gmt":"2020-09-16T17:35:19","slug":"justiniano-posse-contagios-tras-una-misa-polemica-en-la-mira-de-la-justicia","status":"publish","type":"post","link":"https:\/\/elregionalvm.com.ar\/noticias-villa-maria\/justiniano-posse-contagios-tras-una-misa-polemica-en-la-mira-de-la-justicia\/","title":{"rendered":"Justiniano Posse: contagios tras una misa pol\u00e9mica, en la mira de la Justicia"},"content":{"rendered":"\n<p>Justiniano Posse increment\u00f3 notablemente los casos positivos de Covid 19 tras una misa por los festejos patronales, donde la mayor\u00eda de los asistentes no habr\u00eda usado barbijos ni respetado el distanciamiento social, impulsados por el sacerdote.<\/p>\n\n\n\n<p>Al menos eso es lo que investiga la Justicia tras las versiones lanzadas por algunos vecinos y el incremento de los contagios que alcanzaron los 16 casos, pero esperan que sean m\u00e1s con el correr de las horas. En tanto, hay m\u00e1s de 900 aislados.<\/p>\n\n\n\n<p>El fiscal de Bell Ville Jos\u00e9 Mar\u00eda Uriarte lleva adelante una investigaci\u00f3n judicial luego de recibir una denuncia an\u00f3nima. \u00abTen\u00edamos conocimiento de los casos positivos, pero no que eran circunstancia de la parroquia. A partir de esta llamada se toman esos dichos y se inicia la actuaci\u00f3n\u00bb, explic\u00f3 a Cadena 3.<\/p>\n\n\n\n<p>En las \u00faltimas horas, se difundi\u00f3 im\u00e1genes de la celebraci\u00f3n por el D\u00eda de la Virgen Ni\u00f1a, el pasado martes 8 de septiembre. All\u00ed se puede ver a muchas personas sin cumplir los protocolos de rigor.<\/p>\n\n\n\n<p>En tanto, el director del hospital municipal, Oscar G\u00f3mez, dijo a Canal 12 que \u201cel 80% de los contagios ocurrieron durante la misa y hay un 20% en investigaci\u00f3n que no tienen nexo con esta situaci\u00f3n\u201d.&nbsp;<\/p>\n\n\n\n<p>El hecho fue reflejado en medios nacionales que se hicieron eco de lo que parece una situaci\u00f3n absurda en esta \u00e9poca. Sobre todo, cuando muchas versiones indican que el propio p\u00e1rroco habr\u00eda instado a no usar barbijos durante la misa.<\/p>\n\n\n\n<p><strong>El Obispado<\/strong><\/p>\n\n\n\n<p>El Obispado de Villa Mar\u00eda emiti\u00f3 un comunicado donde adhiere al cumplimiento de los protocolos para las celebraciones religiosas, \u201cque establecen, entre otras cosas, el uso del barbijo, as\u00ed como no superar una concurrencia mayor al 50% de la capacidad del templo\u201d.<\/p>\n\n\n\n<p>Adem\u00e1s, respald\u00f3 el accionar judicial. \u201cCon respecto al supuesto incumplimiento de dicho protocolo en la parroquia Natividad de Mar\u00eda de Justiniano Posse, con ocasi\u00f3n de sus festejos patronales, respetamos y apoyamos las actuaciones que al respecto ha iniciado de oficio la fiscal\u00eda federal de Bell Ville para establecer si hay responsabilidades personales\u201d, sostuvo el mensaje de la Di\u00f3cesis.<\/p>\n","protected":false},"excerpt":{"rendered":"<p>Justiniano Posse increment\u00f3 notablemente los casos positivos de Covid 19 tras una misa por los festejos patronales, donde la mayor\u00eda de los asistentes no habr\u00eda usado barbijos ni respetado el distanciamiento social, impulsados por el sacerdote. Al menos eso es lo que investiga la Justicia tras las versiones lanzadas por algunos vecinos y el incremento [&hellip;]<\/p>\n","protected":false},"author":4,"featured_media":23996,"comment_status":"open","ping_status":"open","sticky":false,"template":"","format":"standard","meta":{"site-sidebar-layout":"default","site-content-layout":"default","ast-site-content-layout":"default","site-content-style":"default","site-sidebar-style":"default","ast-global-header-display":"","ast-banner-title-visibility":"","ast-main-header-display":"","ast-hfb-above-header-display":"","ast-hfb-below-header-display":"","ast-hfb-mobile-header-display":"","site-post-title":"","ast-breadcrumbs-content":"","ast-featured-img":"","footer-sml-layout":"","ast-disable-related-posts":"","theme-transparent-header-meta":"default","adv-header-id-meta":"","stick-header-meta":"","header-above-stick-meta":"","header-main-stick-meta":"","header-below-stick-meta":"","astra-migrate-meta-layouts":"default","ast-page-background-enabled":"default","ast-page-background-meta":{"desktop":{"background-color":"","background-image":"","background-repeat":"repeat","background-position":"center center","background-size":"auto","background-attachment":"scroll","background-type":"","background-media":"","overlay-type":"","overlay-color":"","overlay-opacity":"","overlay-gradient":""},"tablet":{"background-color":"","background-image":"","background-repeat":"repeat","background-position":"center center","background-size":"auto","background-attachment":"scroll","background-type":"","background-media":"","overlay-type":"","overlay-color":"","overlay-opacity":"","overlay-gradient":""},"mobile":{"background-color":"","background-image":"","background-repeat":"repeat","background-position":"center center","background-size":"auto","background-attachment":"scroll","background-type":"","background-media":"","overlay-type":"","overlay-color":"","overlay-opacity":"","overlay-gradient":""}},"ast-content-background-meta":{"desktop":{"background-color":"var(--ast-global-color-5)","background-image":"","background-repeat":"repeat","background-position":"center center","background-size":"auto","background-attachment":"scroll","background-type":"","background-media":"","overlay-type":"","overlay-color":"","overlay-opacity":"","overlay-gradient":""},"tablet":{"background-color":"var(--ast-global-color-5)","background-image":"","background-repeat":"repeat","background-position":"center center","background-size":"auto","background-attachment":"scroll","background-type":"","background-media":"","overlay-type":"","overlay-color":"","overlay-opacity":"","overlay-gradient":""},"mobile":{"background-color":"var(--ast-global-color-5)","background-image":"","background-repeat":"repeat","background-position":"center center","background-size":"auto","background-attachment":"scroll","background-type":"","background-media":"","overlay-type":"","overlay-color":"","overlay-opacity":"","overlay-gradient":""}},"_jetpack_memberships_contains_paid_content":false,"_joinchat":[],"footnotes":""},"categories":[2256,2323,2091],"tags":[1045,2367,2865,3994,2565,2215,2597,3993],"class_list":["post-23994","post","type-post","status-publish","format-standard","has-post-thumbnail","hentry","category-coronavirus","category-notas-secundarias","category-region","tag-bell-ville","tag-contagios","tag-covid-19-2","tag-fiscal-federal","tag-investigacion-judicial","tag-misa","tag-nuevos-casos","tag-sacerdote"],"yoast_head":"<!-- This site is optimized with the Yoast SEO plugin v26.8 - https:\/\/yoast.com\/product\/yoast-seo-wordpress\/ -->\n<title>Justiniano Posse: contagios tras una misa pol\u00e9mica, en la mira de la Justicia - El Regional<\/title>\n<meta name=\"description\" content=\"Justiniano Posse increment\u00f3 notablemente los casos positivos de Covid 19 tras una misa por los festejos patronales, hoy en la mira de la Justicia.\" \/>\n<meta name=\"robots\" content=\"index, follow, max-snippet:-1, max-image-preview:large, max-video-preview:-1\" \/>\n<link rel=\"canonical\" href=\"http:\/\/elregionalvm.com.ar\/noticias-villa-maria\/justiniano-posse-contagios-tras-una-misa-polemica-en-la-mira-de-la-justicia\/\" \/>\n<meta property=\"og:locale\" content=\"es_ES\" \/>\n<meta property=\"og:type\" content=\"article\" \/>\n<meta property=\"og:title\" content=\"Justiniano Posse: contagios tras una misa pol\u00e9mica, en la mira de la Justicia - El Regional\" \/>\n<meta property=\"og:description\" content=\"Justiniano Posse increment\u00f3 notablemente los casos positivos de Covid 19 tras una misa por los festejos patronales, hoy en la mira de la Justicia.\" \/>\n<meta property=\"og:url\" content=\"http:\/\/elregionalvm.com.ar\/noticias-villa-maria\/justiniano-posse-contagios-tras-una-misa-polemica-en-la-mira-de-la-justicia\/\" \/>\n<meta property=\"og:site_name\" content=\"El Regional\" \/>\n<meta property=\"article:publisher\" content=\"https:\/\/www.facebook.com\/elregionalvm\" \/>\n<meta property=\"article:published_time\" content=\"2020-09-16T17:35:18+00:00\" \/>\n<meta property=\"article:modified_time\" content=\"2020-09-16T17:35:19+00:00\" \/>\n<meta property=\"og:image\" content=\"http:\/\/elregionalvm.com.ar\/noticias-villa-maria\/wp-content\/uploads\/2020\/09\/Iglesia-Justiniano-Posse-1.jpg\" \/>\n\t<meta property=\"og:image:width\" content=\"857\" \/>\n\t<meta property=\"og:image:height\" content=\"535\" \/>\n\t<meta property=\"og:image:type\" content=\"image\/jpeg\" \/>\n<meta name=\"author\" content=\"Contenidos El Regional\" \/>\n<meta name=\"twitter:card\" content=\"summary_large_image\" \/>\n<meta name=\"twitter:creator\" content=\"@elregionalvm1\" \/>\n<meta name=\"twitter:site\" content=\"@elregionalvm1\" \/>\n<meta name=\"twitter:label1\" content=\"Escrito por\" \/>\n\t<meta name=\"twitter:data1\" content=\"Contenidos El Regional\" \/>\n\t<meta name=\"twitter:label2\" content=\"Tiempo de lectura\" \/>\n\t<meta name=\"twitter:data2\" content=\"2 minutos\" \/>\n<script type=\"application\/ld+json\" class=\"yoast-schema-graph\">{\"@context\":\"https:\/\/schema.org\",\"@graph\":[{\"@type\":\"Article\",\"@id\":\"http:\/\/elregionalvm.com.ar\/noticias-villa-maria\/justiniano-posse-contagios-tras-una-misa-polemica-en-la-mira-de-la-justicia\/#article\",\"isPartOf\":{\"@id\":\"http:\/\/elregionalvm.com.ar\/noticias-villa-maria\/justiniano-posse-contagios-tras-una-misa-polemica-en-la-mira-de-la-justicia\/\"},\"author\":{\"name\":\"Contenidos El Regional\",\"@id\":\"http:\/\/elregionalvm.com.ar\/noticias-villa-maria\/#\/schema\/person\/a0fb9c422317faca23d50163151bc354\"},\"headline\":\"Justiniano Posse: contagios tras una misa pol\u00e9mica, en la mira de la Justicia\",\"datePublished\":\"2020-09-16T17:35:18+00:00\",\"dateModified\":\"2020-09-16T17:35:19+00:00\",\"mainEntityOfPage\":{\"@id\":\"http:\/\/elregionalvm.com.ar\/noticias-villa-maria\/justiniano-posse-contagios-tras-una-misa-polemica-en-la-mira-de-la-justicia\/\"},\"wordCount\":377,\"commentCount\":0,\"image\":{\"@id\":\"http:\/\/elregionalvm.com.ar\/noticias-villa-maria\/justiniano-posse-contagios-tras-una-misa-polemica-en-la-mira-de-la-justicia\/#primaryimage\"},\"thumbnailUrl\":\"https:\/\/i0.wp.com\/elregionalvm.com.ar\/noticias-villa-maria\/wp-content\/uploads\/2020\/09\/Iglesia-Justiniano-Posse-1.jpg?fit=857%2C535&ssl=1\",\"keywords\":[\"Bell Ville\",\"Contagios\",\"Covid 19\",\"fiscal federal\",\"Investigaci\u00f3n judicial\",\"misa\",\"Nuevos casos\",\"Sacerdote\"],\"articleSection\":[\"Coronavirus\",\"Notas\",\"Regi\u00f3n\"],\"inLanguage\":\"es\",\"potentialAction\":[{\"@type\":\"CommentAction\",\"name\":\"Comment\",\"target\":[\"http:\/\/elregionalvm.com.ar\/noticias-villa-maria\/justiniano-posse-contagios-tras-una-misa-polemica-en-la-mira-de-la-justicia\/#respond\"]}]},{\"@type\":\"WebPage\",\"@id\":\"http:\/\/elregionalvm.com.ar\/noticias-villa-maria\/justiniano-posse-contagios-tras-una-misa-polemica-en-la-mira-de-la-justicia\/\",\"url\":\"http:\/\/elregionalvm.com.ar\/noticias-villa-maria\/justiniano-posse-contagios-tras-una-misa-polemica-en-la-mira-de-la-justicia\/\",\"name\":\"Justiniano Posse: contagios tras una misa pol\u00e9mica, en la mira de la Justicia - El Regional\",\"isPartOf\":{\"@id\":\"http:\/\/elregionalvm.com.ar\/noticias-villa-maria\/#website\"},\"primaryImageOfPage\":{\"@id\":\"http:\/\/elregionalvm.com.ar\/noticias-villa-maria\/justiniano-posse-contagios-tras-una-misa-polemica-en-la-mira-de-la-justicia\/#primaryimage\"},\"image\":{\"@id\":\"http:\/\/elregionalvm.com.ar\/noticias-villa-maria\/justiniano-posse-contagios-tras-una-misa-polemica-en-la-mira-de-la-justicia\/#primaryimage\"},\"thumbnailUrl\":\"https:\/\/i0.wp.com\/elregionalvm.com.ar\/noticias-villa-maria\/wp-content\/uploads\/2020\/09\/Iglesia-Justiniano-Posse-1.jpg?fit=857%2C535&ssl=1\",\"datePublished\":\"2020-09-16T17:35:18+00:00\",\"dateModified\":\"2020-09-16T17:35:19+00:00\",\"author\":{\"@id\":\"http:\/\/elregionalvm.com.ar\/noticias-villa-maria\/#\/schema\/person\/a0fb9c422317faca23d50163151bc354\"},\"description\":\"Justiniano Posse increment\u00f3 notablemente los casos positivos de Covid 19 tras una misa por los festejos patronales, hoy en la mira de la Justicia.\",\"breadcrumb\":{\"@id\":\"http:\/\/elregionalvm.com.ar\/noticias-villa-maria\/justiniano-posse-contagios-tras-una-misa-polemica-en-la-mira-de-la-justicia\/#breadcrumb\"},\"inLanguage\":\"es\",\"potentialAction\":[{\"@type\":\"ReadAction\",\"target\":[\"http:\/\/elregionalvm.com.ar\/noticias-villa-maria\/justiniano-posse-contagios-tras-una-misa-polemica-en-la-mira-de-la-justicia\/\"]}]},{\"@type\":\"ImageObject\",\"inLanguage\":\"es\",\"@id\":\"http:\/\/elregionalvm.com.ar\/noticias-villa-maria\/justiniano-posse-contagios-tras-una-misa-polemica-en-la-mira-de-la-justicia\/#primaryimage\",\"url\":\"https:\/\/i0.wp.com\/elregionalvm.com.ar\/noticias-villa-maria\/wp-content\/uploads\/2020\/09\/Iglesia-Justiniano-Posse-1.jpg?fit=857%2C535&ssl=1\",\"contentUrl\":\"https:\/\/i0.wp.com\/elregionalvm.com.ar\/noticias-villa-maria\/wp-content\/uploads\/2020\/09\/Iglesia-Justiniano-Posse-1.jpg?fit=857%2C535&ssl=1\",\"width\":857,\"height\":535},{\"@type\":\"BreadcrumbList\",\"@id\":\"http:\/\/elregionalvm.com.ar\/noticias-villa-maria\/justiniano-posse-contagios-tras-una-misa-polemica-en-la-mira-de-la-justicia\/#breadcrumb\",\"itemListElement\":[{\"@type\":\"ListItem\",\"position\":1,\"name\":\"Portada\",\"item\":\"https:\/\/elregionalvm.com.ar\/noticias-villa-maria\/\"},{\"@type\":\"ListItem\",\"position\":2,\"name\":\"Justiniano Posse: contagios tras una misa pol\u00e9mica, en la mira de la Justicia\"}]},{\"@type\":\"WebSite\",\"@id\":\"http:\/\/elregionalvm.com.ar\/noticias-villa-maria\/#website\",\"url\":\"http:\/\/elregionalvm.com.ar\/noticias-villa-maria\/\",\"name\":\"El Regional\",\"description\":\"Mucho m\u00e1s que informaci\u00f3n\",\"potentialAction\":[{\"@type\":\"SearchAction\",\"target\":{\"@type\":\"EntryPoint\",\"urlTemplate\":\"http:\/\/elregionalvm.com.ar\/noticias-villa-maria\/?s={search_term_string}\"},\"query-input\":{\"@type\":\"PropertyValueSpecification\",\"valueRequired\":true,\"valueName\":\"search_term_string\"}}],\"inLanguage\":\"es\"},{\"@type\":\"Person\",\"@id\":\"http:\/\/elregionalvm.com.ar\/noticias-villa-maria\/#\/schema\/person\/a0fb9c422317faca23d50163151bc354\",\"name\":\"Contenidos El Regional\",\"image\":{\"@type\":\"ImageObject\",\"inLanguage\":\"es\",\"@id\":\"http:\/\/elregionalvm.com.ar\/noticias-villa-maria\/#\/schema\/person\/image\/\",\"url\":\"https:\/\/secure.gravatar.com\/avatar\/265b27cb2209af7bb3a1318f03305787d7981a5cc6e6cd08fe5a4ecdf99d4b48?s=96&d=mm&r=g\",\"contentUrl\":\"https:\/\/secure.gravatar.com\/avatar\/265b27cb2209af7bb3a1318f03305787d7981a5cc6e6cd08fe5a4ecdf99d4b48?s=96&d=mm&r=g\",\"caption\":\"Contenidos El Regional\"},\"url\":\"https:\/\/elregionalvm.com.ar\/noticias-villa-maria\/author\/contenido\/\"}]}<\/script>\n<!-- \/ Yoast SEO plugin. -->","yoast_head_json":{"title":"Justiniano Posse: contagios tras una misa pol\u00e9mica, en la mira de la Justicia - El Regional","description":"Justiniano Posse increment\u00f3 notablemente los casos positivos de Covid 19 tras una misa por los festejos patronales, hoy en la mira de la Justicia.","robots":{"index":"index","follow":"follow","max-snippet":"max-snippet:-1","max-image-preview":"max-image-preview:large","max-video-preview":"max-video-preview:-1"},"canonical":"http:\/\/elregionalvm.com.ar\/noticias-villa-maria\/justiniano-posse-contagios-tras-una-misa-polemica-en-la-mira-de-la-justicia\/","og_locale":"es_ES","og_type":"article","og_title":"Justiniano Posse: contagios tras una misa pol\u00e9mica, en la mira de la Justicia - El Regional","og_description":"Justiniano Posse increment\u00f3 notablemente los casos positivos de Covid 19 tras una misa por los festejos patronales, hoy en la mira de la Justicia.","og_url":"http:\/\/elregionalvm.com.ar\/noticias-villa-maria\/justiniano-posse-contagios-tras-una-misa-polemica-en-la-mira-de-la-justicia\/","og_site_name":"El Regional","article_publisher":"https:\/\/www.facebook.com\/elregionalvm","article_published_time":"2020-09-16T17:35:18+00:00","article_modified_time":"2020-09-16T17:35:19+00:00","og_image":[{"width":857,"height":535,"url":"http:\/\/elregionalvm.com.ar\/noticias-villa-maria\/wp-content\/uploads\/2020\/09\/Iglesia-Justiniano-Posse-1.jpg","type":"image\/jpeg"}],"author":"Contenidos El Regional","twitter_card":"summary_large_image","twitter_creator":"@elregionalvm1","twitter_site":"@elregionalvm1","twitter_misc":{"Escrito por":"Contenidos El Regional","Tiempo de lectura":"2 minutos"},"schema":{"@context":"https:\/\/schema.org","@graph":[{"@type":"Article","@id":"http:\/\/elregionalvm.com.ar\/noticias-villa-maria\/justiniano-posse-contagios-tras-una-misa-polemica-en-la-mira-de-la-justicia\/#article","isPartOf":{"@id":"http:\/\/elregionalvm.com.ar\/noticias-villa-maria\/justiniano-posse-contagios-tras-una-misa-polemica-en-la-mira-de-la-justicia\/"},"author":{"name":"Contenidos El Regional","@id":"http:\/\/elregionalvm.com.ar\/noticias-villa-maria\/#\/schema\/person\/a0fb9c422317faca23d50163151bc354"},"headline":"Justiniano Posse: contagios tras una misa pol\u00e9mica, en la mira de la Justicia","datePublished":"2020-09-16T17:35:18+00:00","dateModified":"2020-09-16T17:35:19+00:00","mainEntityOfPage":{"@id":"http:\/\/elregionalvm.com.ar\/noticias-villa-maria\/justiniano-posse-contagios-tras-una-misa-polemica-en-la-mira-de-la-justicia\/"},"wordCount":377,"commentCount":0,"image":{"@id":"http:\/\/elregionalvm.com.ar\/noticias-villa-maria\/justiniano-posse-contagios-tras-una-misa-polemica-en-la-mira-de-la-justicia\/#primaryimage"},"thumbnailUrl":"https:\/\/i0.wp.com\/elregionalvm.com.ar\/noticias-villa-maria\/wp-content\/uploads\/2020\/09\/Iglesia-Justiniano-Posse-1.jpg?fit=857%2C535&ssl=1","keywords":["Bell Ville","Contagios","Covid 19","fiscal federal","Investigaci\u00f3n judicial","misa","Nuevos casos","Sacerdote"],"articleSection":["Coronavirus","Notas","Regi\u00f3n"],"inLanguage":"es","potentialAction":[{"@type":"CommentAction","name":"Comment","target":["http:\/\/elregionalvm.com.ar\/noticias-villa-maria\/justiniano-posse-contagios-tras-una-misa-polemica-en-la-mira-de-la-justicia\/#respond"]}]},{"@type":"WebPage","@id":"http:\/\/elregionalvm.com.ar\/noticias-villa-maria\/justiniano-posse-contagios-tras-una-misa-polemica-en-la-mira-de-la-justicia\/","url":"http:\/\/elregionalvm.com.ar\/noticias-villa-maria\/justiniano-posse-contagios-tras-una-misa-polemica-en-la-mira-de-la-justicia\/","name":"Justiniano Posse: contagios tras una misa pol\u00e9mica, en la mira de la Justicia - El Regional","isPartOf":{"@id":"http:\/\/elregionalvm.com.ar\/noticias-villa-maria\/#website"},"primaryImageOfPage":{"@id":"http:\/\/elregionalvm.com.ar\/noticias-villa-maria\/justiniano-posse-contagios-tras-una-misa-polemica-en-la-mira-de-la-justicia\/#primaryimage"},"image":{"@id":"http:\/\/elregionalvm.com.ar\/noticias-villa-maria\/justiniano-posse-contagios-tras-una-misa-polemica-en-la-mira-de-la-justicia\/#primaryimage"},"thumbnailUrl":"https:\/\/i0.wp.com\/elregionalvm.com.ar\/noticias-villa-maria\/wp-content\/uploads\/2020\/09\/Iglesia-Justiniano-Posse-1.jpg?fit=857%2C535&ssl=1","datePublished":"2020-09-16T17:35:18+00:00","dateModified":"2020-09-16T17:35:19+00:00","author":{"@id":"http:\/\/elregionalvm.com.ar\/noticias-villa-maria\/#\/schema\/person\/a0fb9c422317faca23d50163151bc354"},"description":"Justiniano Posse increment\u00f3 notablemente los casos positivos de Covid 19 tras una misa por los festejos patronales, hoy en la mira de la Justicia.","breadcrumb":{"@id":"http:\/\/elregionalvm.com.ar\/noticias-villa-maria\/justiniano-posse-contagios-tras-una-misa-polemica-en-la-mira-de-la-justicia\/#breadcrumb"},"inLanguage":"es","potentialAction":[{"@type":"ReadAction","target":["http:\/\/elregionalvm.com.ar\/noticias-villa-maria\/justiniano-posse-contagios-tras-una-misa-polemica-en-la-mira-de-la-justicia\/"]}]},{"@type":"ImageObject","inLanguage":"es","@id":"http:\/\/elregionalvm.com.ar\/noticias-villa-maria\/justiniano-posse-contagios-tras-una-misa-polemica-en-la-mira-de-la-justicia\/#primaryimage","url":"https:\/\/i0.wp.com\/elregionalvm.com.ar\/noticias-villa-maria\/wp-content\/uploads\/2020\/09\/Iglesia-Justiniano-Posse-1.jpg?fit=857%2C535&ssl=1","contentUrl":"https:\/\/i0.wp.com\/elregionalvm.com.ar\/noticias-villa-maria\/wp-content\/uploads\/2020\/09\/Iglesia-Justiniano-Posse-1.jpg?fit=857%2C535&ssl=1","width":857,"height":535},{"@type":"BreadcrumbList","@id":"http:\/\/elregionalvm.com.ar\/noticias-villa-maria\/justiniano-posse-contagios-tras-una-misa-polemica-en-la-mira-de-la-justicia\/#breadcrumb","itemListElement":[{"@type":"ListItem","position":1,"name":"Portada","item":"https:\/\/elregionalvm.com.ar\/noticias-villa-maria\/"},{"@type":"ListItem","position":2,"name":"Justiniano Posse: contagios tras una misa pol\u00e9mica, en la mira de la Justicia"}]},{"@type":"WebSite","@id":"http:\/\/elregionalvm.com.ar\/noticias-villa-maria\/#website","url":"http:\/\/elregionalvm.com.ar\/noticias-villa-maria\/","name":"El Regional","description":"Mucho m\u00e1s que informaci\u00f3n","potentialAction":[{"@type":"SearchAction","target":{"@type":"EntryPoint","urlTemplate":"http:\/\/elregionalvm.com.ar\/noticias-villa-maria\/?s={search_term_string}"},"query-input":{"@type":"PropertyValueSpecification","valueRequired":true,"valueName":"search_term_string"}}],"inLanguage":"es"},{"@type":"Person","@id":"http:\/\/elregionalvm.com.ar\/noticias-villa-maria\/#\/schema\/person\/a0fb9c422317faca23d50163151bc354","name":"Contenidos El Regional","image":{"@type":"ImageObject","inLanguage":"es","@id":"http:\/\/elregionalvm.com.ar\/noticias-villa-maria\/#\/schema\/person\/image\/","url":"https:\/\/secure.gravatar.com\/avatar\/265b27cb2209af7bb3a1318f03305787d7981a5cc6e6cd08fe5a4ecdf99d4b48?s=96&d=mm&r=g","contentUrl":"https:\/\/secure.gravatar.com\/avatar\/265b27cb2209af7bb3a1318f03305787d7981a5cc6e6cd08fe5a4ecdf99d4b48?s=96&d=mm&r=g","caption":"Contenidos El Regional"},"url":"https:\/\/elregionalvm.com.ar\/noticias-villa-maria\/author\/contenido\/"}]}},"jetpack_featured_media_url":"https:\/\/i0.wp.com\/elregionalvm.com.ar\/noticias-villa-maria\/wp-content\/uploads\/2020\/09\/Iglesia-Justiniano-Posse-1.jpg?fit=857%2C535&ssl=1","jetpack_sharing_enabled":true,"_links":{"self":[{"href":"https:\/\/elregionalvm.com.ar\/noticias-villa-maria\/wp-json\/wp\/v2\/posts\/23994","targetHints":{"allow":["GET"]}}],"collection":[{"href":"https:\/\/elregionalvm.com.ar\/noticias-villa-maria\/wp-json\/wp\/v2\/posts"}],"about":[{"href":"https:\/\/elregionalvm.com.ar\/noticias-villa-maria\/wp-json\/wp\/v2\/types\/post"}],"author":[{"embeddable":true,"href":"https:\/\/elregionalvm.com.ar\/noticias-villa-maria\/wp-json\/wp\/v2\/users\/4"}],"replies":[{"embeddable":true,"href":"https:\/\/elregionalvm.com.ar\/noticias-villa-maria\/wp-json\/wp\/v2\/comments?post=23994"}],"version-history":[{"count":1,"href":"https:\/\/elregionalvm.com.ar\/noticias-villa-maria\/wp-json\/wp\/v2\/posts\/23994\/revisions"}],"predecessor-version":[{"id":23995,"href":"https:\/\/elregionalvm.com.ar\/noticias-villa-maria\/wp-json\/wp\/v2\/posts\/23994\/revisions\/23995"}],"wp:featuredmedia":[{"embeddable":true,"href":"https:\/\/elregionalvm.com.ar\/noticias-villa-maria\/wp-json\/wp\/v2\/media\/23996"}],"wp:attachment":[{"href":"https:\/\/elregionalvm.com.ar\/noticias-villa-maria\/wp-json\/wp\/v2\/media?parent=23994"}],"wp:term":[{"taxonomy":"category","embeddable":true,"href":"https:\/\/elregionalvm.com.ar\/noticias-villa-maria\/wp-json\/wp\/v2\/categories?post=23994"},{"taxonomy":"post_tag","embeddable":true,"href":"https:\/\/elregionalvm.com.ar\/noticias-villa-maria\/wp-json\/wp\/v2\/tags?post=23994"}],"curies":[{"name":"wp","href":"https:\/\/api.w.org\/{rel}","templated":true}]}}