{"id":24003,"date":"2020-09-16T22:09:59","date_gmt":"2020-09-16T22:09:59","guid":{"rendered":"https:\/\/elregionalvm.com.ar\/noticias-villa-maria\/?p=24003"},"modified":"2020-09-16T22:32:06","modified_gmt":"2020-09-16T22:32:06","slug":"equipos-sanitarios-locales-abordaron-la-situacion-epidemiologica-local-con-representantes-de-nacion-y-provincia03","status":"publish","type":"post","link":"https:\/\/elregionalvm.com.ar\/noticias-villa-maria\/equipos-sanitarios-locales-abordaron-la-situacion-epidemiologica-local-con-representantes-de-nacion-y-provincia03\/","title":{"rendered":"Abordaron la situaci\u00f3n epidemiol\u00f3gica de la ciudad con representantes de Naci\u00f3n y Provincia"},"content":{"rendered":"\n<p>Esta tarde, en la Asistencia P\u00fablica, tuvo lugar una reuni\u00f3n en la que participaron el equipo de Salud del municipio, encabezado por Humberto Jure; el responsable de Vigilancia Epidemiol\u00f3gica del Sistema Integrado de Informaci\u00f3n en Salud del Ministerio nacional, Carlos Giovanchini; y la secretaria de Prevenci\u00f3n y Promoci\u00f3n de la Salud de la cartera provincial, Gabriela Barb\u00e1s.<\/p>\n\n\n\n<p>Previo al encuentro, en el que participaron referentes m\u00e9dicos que integran la Mesa de Epidemiolog\u00eda local, Giovanchini y Barb\u00e1s dialogaron con la prensa. All\u00ed, la representante del Gobierno de C\u00f3rdoba se\u00f1al\u00f3 que la posibilidad de una vuelta atr\u00e1s \u201cse analiza permanentemente, m\u00e1s en esta parte de la pandemia que est\u00e1 atravesando la provincia, donde estamos en plena curva ascendente\u201d.<\/p>\n\n\n\n<p>La funcionaria explic\u00f3 que en la evaluaci\u00f3n pesan m\u00faltiples factores, m\u00e1s all\u00e1 de la cantidad de casos. As\u00ed, indic\u00f3 que se tienen en cuenta, por ejemplo, el nivel de ocupaci\u00f3n de camas y la capacidad de respuesta del sistema de salud, entre otros. \u201cIndependientemente de la fase en que se encuentre cada localidad, lo que la sociedad debe sostener son las medidas de prevenci\u00f3n\u201d, resumi\u00f3.<\/p>\n\n\n\n<p>Giovanchini, por su parte, destac\u00f3 que \u201csabemos que la \u00fanica forma para abordar esta situaci\u00f3n tienen que ver con identificar casos, abordar casos, aislar los contactos estrechos, y en algunos momentos tratar de disminuir la circulaci\u00f3n de las personas cuando la curva es muy ascendente y pone en peligro la capacidad de respuesta del sistema de salud. C\u00f3rdoba lo est\u00e1 haciendo muy articuladamente y estamos aprendiendo mucho de eso\u201d.<\/p>\n\n\n\n<p>El representante nacional explic\u00f3 que la letalidad relativa es baja en el pa\u00eds, aunque puso el acento en que es clave disminuir la cantidad de casos para que los fallecidos, en t\u00e9rminos absolutos, tambi\u00e9n disminuyan.<\/p>\n\n\n\n<p>En la reuni\u00f3n, se analizaron los datos del seguimiento territorial que se viene realizando en la ciudad, tras la sectorizaci\u00f3n en cinco zonas para un abordaje espec\u00edfico de cada situaci\u00f3n de aislamiento.<\/p>\n","protected":false},"excerpt":{"rendered":"<p>Esta tarde, en la Asistencia P\u00fablica, tuvo lugar una reuni\u00f3n en la que participaron el equipo de Salud del municipio, encabezado por Humberto Jure; el responsable de Vigilancia Epidemiol\u00f3gica del Sistema Integrado de Informaci\u00f3n en Salud del Ministerio nacional, Carlos Giovanchini; y la secretaria de Prevenci\u00f3n y Promoci\u00f3n de la Salud de la cartera provincial, [&hellip;]<\/p>\n","protected":false},"author":4,"featured_media":24004,"comment_status":"open","ping_status":"open","sticky":false,"template":"","format":"standard","meta":{"site-sidebar-layout":"default","site-content-layout":"default","ast-site-content-layout":"default","site-content-style":"default","site-sidebar-style":"default","ast-global-header-display":"","ast-banner-title-visibility":"","ast-main-header-display":"","ast-hfb-above-header-display":"","ast-hfb-below-header-display":"","ast-hfb-mobile-header-display":"","site-post-title":"","ast-breadcrumbs-content":"","ast-featured-img":"","footer-sml-layout":"","ast-disable-related-posts":"","theme-transparent-header-meta":"default","adv-header-id-meta":"","stick-header-meta":"","header-above-stick-meta":"","header-main-stick-meta":"","header-below-stick-meta":"","astra-migrate-meta-layouts":"default","ast-page-background-enabled":"default","ast-page-background-meta":{"desktop":{"background-color":"","background-image":"","background-repeat":"repeat","background-position":"center center","background-size":"auto","background-attachment":"scroll","background-type":"","background-media":"","overlay-type":"","overlay-color":"","overlay-opacity":"","overlay-gradient":""},"tablet":{"background-color":"","background-image":"","background-repeat":"repeat","background-position":"center center","background-size":"auto","background-attachment":"scroll","background-type":"","background-media":"","overlay-type":"","overlay-color":"","overlay-opacity":"","overlay-gradient":""},"mobile":{"background-color":"","background-image":"","background-repeat":"repeat","background-position":"center center","background-size":"auto","background-attachment":"scroll","background-type":"","background-media":"","overlay-type":"","overlay-color":"","overlay-opacity":"","overlay-gradient":""}},"ast-content-background-meta":{"desktop":{"background-color":"var(--ast-global-color-5)","background-image":"","background-repeat":"repeat","background-position":"center center","background-size":"auto","background-attachment":"scroll","background-type":"","background-media":"","overlay-type":"","overlay-color":"","overlay-opacity":"","overlay-gradient":""},"tablet":{"background-color":"var(--ast-global-color-5)","background-image":"","background-repeat":"repeat","background-position":"center center","background-size":"auto","background-attachment":"scroll","background-type":"","background-media":"","overlay-type":"","overlay-color":"","overlay-opacity":"","overlay-gradient":""},"mobile":{"background-color":"var(--ast-global-color-5)","background-image":"","background-repeat":"repeat","background-position":"center center","background-size":"auto","background-attachment":"scroll","background-type":"","background-media":"","overlay-type":"","overlay-color":"","overlay-opacity":"","overlay-gradient":""}},"_jetpack_memberships_contains_paid_content":false,"_joinchat":[],"footnotes":""},"categories":[2],"tags":[4002,1232,4001,4003,3041,69,3744],"class_list":["post-24003","post","type-post","status-publish","format-standard","has-post-thumbnail","hentry","category-villa-maria","tag-curva-ascendente","tag-destacado","tag-equipos-sanitarios","tag-medidas-preventivas","tag-nacion","tag-provincia","tag-situacion-epidemiologica"],"yoast_head":"<!-- This site is optimized with the Yoast SEO plugin v26.8 - https:\/\/yoast.com\/product\/yoast-seo-wordpress\/ -->\n<title>Abordaron la situaci\u00f3n epidemiol\u00f3gica de la ciudad con representantes de Naci\u00f3n y Provincia - El Regional<\/title>\n<meta name=\"robots\" content=\"index, follow, max-snippet:-1, max-image-preview:large, max-video-preview:-1\" \/>\n<link rel=\"canonical\" href=\"http:\/\/elregionalvm.com.ar\/noticias-villa-maria\/equipos-sanitarios-locales-abordaron-la-situacion-epidemiologica-local-con-representantes-de-nacion-y-provincia03\/\" \/>\n<meta property=\"og:locale\" content=\"es_ES\" \/>\n<meta property=\"og:type\" content=\"article\" \/>\n<meta property=\"og:title\" content=\"Abordaron la situaci\u00f3n epidemiol\u00f3gica de la ciudad con representantes de Naci\u00f3n y Provincia - El Regional\" \/>\n<meta property=\"og:description\" content=\"Esta tarde, en la Asistencia P\u00fablica, tuvo lugar una reuni\u00f3n en la que participaron el equipo de Salud del municipio, encabezado por Humberto Jure; el responsable de Vigilancia Epidemiol\u00f3gica del Sistema Integrado de Informaci\u00f3n en Salud del Ministerio nacional, Carlos Giovanchini; y la secretaria de Prevenci\u00f3n y Promoci\u00f3n de la Salud de la cartera provincial, [&hellip;]\" \/>\n<meta property=\"og:url\" content=\"http:\/\/elregionalvm.com.ar\/noticias-villa-maria\/equipos-sanitarios-locales-abordaron-la-situacion-epidemiologica-local-con-representantes-de-nacion-y-provincia03\/\" \/>\n<meta property=\"og:site_name\" content=\"El Regional\" \/>\n<meta property=\"article:publisher\" content=\"https:\/\/www.facebook.com\/elregionalvm\" \/>\n<meta property=\"article:published_time\" content=\"2020-09-16T22:09:59+00:00\" \/>\n<meta property=\"article:modified_time\" content=\"2020-09-16T22:32:06+00:00\" \/>\n<meta property=\"og:image\" content=\"http:\/\/elregionalvm.com.ar\/noticias-villa-maria\/wp-content\/uploads\/2020\/09\/WhatsApp-Image-2020-09-16-at-18.12.20.jpeg\" \/>\n\t<meta property=\"og:image:width\" content=\"1280\" \/>\n\t<meta property=\"og:image:height\" content=\"853\" \/>\n\t<meta property=\"og:image:type\" content=\"image\/jpeg\" \/>\n<meta name=\"author\" content=\"Contenidos El Regional\" \/>\n<meta name=\"twitter:card\" content=\"summary_large_image\" \/>\n<meta name=\"twitter:creator\" content=\"@elregionalvm1\" \/>\n<meta name=\"twitter:site\" content=\"@elregionalvm1\" \/>\n<meta name=\"twitter:label1\" content=\"Escrito por\" \/>\n\t<meta name=\"twitter:data1\" content=\"Contenidos El Regional\" \/>\n\t<meta name=\"twitter:label2\" content=\"Tiempo de lectura\" \/>\n\t<meta name=\"twitter:data2\" content=\"2 minutos\" \/>\n<script type=\"application\/ld+json\" class=\"yoast-schema-graph\">{\"@context\":\"https:\/\/schema.org\",\"@graph\":[{\"@type\":\"Article\",\"@id\":\"http:\/\/elregionalvm.com.ar\/noticias-villa-maria\/equipos-sanitarios-locales-abordaron-la-situacion-epidemiologica-local-con-representantes-de-nacion-y-provincia03\/#article\",\"isPartOf\":{\"@id\":\"http:\/\/elregionalvm.com.ar\/noticias-villa-maria\/equipos-sanitarios-locales-abordaron-la-situacion-epidemiologica-local-con-representantes-de-nacion-y-provincia03\/\"},\"author\":{\"name\":\"Contenidos El Regional\",\"@id\":\"http:\/\/elregionalvm.com.ar\/noticias-villa-maria\/#\/schema\/person\/a0fb9c422317faca23d50163151bc354\"},\"headline\":\"Abordaron la situaci\u00f3n epidemiol\u00f3gica de la ciudad con representantes de Naci\u00f3n y Provincia\",\"datePublished\":\"2020-09-16T22:09:59+00:00\",\"dateModified\":\"2020-09-16T22:32:06+00:00\",\"mainEntityOfPage\":{\"@id\":\"http:\/\/elregionalvm.com.ar\/noticias-villa-maria\/equipos-sanitarios-locales-abordaron-la-situacion-epidemiologica-local-con-representantes-de-nacion-y-provincia03\/\"},\"wordCount\":362,\"commentCount\":0,\"image\":{\"@id\":\"http:\/\/elregionalvm.com.ar\/noticias-villa-maria\/equipos-sanitarios-locales-abordaron-la-situacion-epidemiologica-local-con-representantes-de-nacion-y-provincia03\/#primaryimage\"},\"thumbnailUrl\":\"https:\/\/i0.wp.com\/elregionalvm.com.ar\/noticias-villa-maria\/wp-content\/uploads\/2020\/09\/WhatsApp-Image-2020-09-16-at-18.12.20.jpeg?fit=1280%2C853&ssl=1\",\"keywords\":[\"curva ascendente\",\"destacado\",\"equipos sanitarios\",\"medidas preventivas\",\"Naci\u00f3n\",\"provincia\",\"situaci\u00f3n epidemiol\u00f3gica\"],\"articleSection\":[\"Villa Mar\u00eda\"],\"inLanguage\":\"es\",\"potentialAction\":[{\"@type\":\"CommentAction\",\"name\":\"Comment\",\"target\":[\"http:\/\/elregionalvm.com.ar\/noticias-villa-maria\/equipos-sanitarios-locales-abordaron-la-situacion-epidemiologica-local-con-representantes-de-nacion-y-provincia03\/#respond\"]}]},{\"@type\":\"WebPage\",\"@id\":\"http:\/\/elregionalvm.com.ar\/noticias-villa-maria\/equipos-sanitarios-locales-abordaron-la-situacion-epidemiologica-local-con-representantes-de-nacion-y-provincia03\/\",\"url\":\"http:\/\/elregionalvm.com.ar\/noticias-villa-maria\/equipos-sanitarios-locales-abordaron-la-situacion-epidemiologica-local-con-representantes-de-nacion-y-provincia03\/\",\"name\":\"Abordaron la situaci\u00f3n epidemiol\u00f3gica de la ciudad con representantes de Naci\u00f3n y Provincia - El Regional\",\"isPartOf\":{\"@id\":\"http:\/\/elregionalvm.com.ar\/noticias-villa-maria\/#website\"},\"primaryImageOfPage\":{\"@id\":\"http:\/\/elregionalvm.com.ar\/noticias-villa-maria\/equipos-sanitarios-locales-abordaron-la-situacion-epidemiologica-local-con-representantes-de-nacion-y-provincia03\/#primaryimage\"},\"image\":{\"@id\":\"http:\/\/elregionalvm.com.ar\/noticias-villa-maria\/equipos-sanitarios-locales-abordaron-la-situacion-epidemiologica-local-con-representantes-de-nacion-y-provincia03\/#primaryimage\"},\"thumbnailUrl\":\"https:\/\/i0.wp.com\/elregionalvm.com.ar\/noticias-villa-maria\/wp-content\/uploads\/2020\/09\/WhatsApp-Image-2020-09-16-at-18.12.20.jpeg?fit=1280%2C853&ssl=1\",\"datePublished\":\"2020-09-16T22:09:59+00:00\",\"dateModified\":\"2020-09-16T22:32:06+00:00\",\"author\":{\"@id\":\"http:\/\/elregionalvm.com.ar\/noticias-villa-maria\/#\/schema\/person\/a0fb9c422317faca23d50163151bc354\"},\"breadcrumb\":{\"@id\":\"http:\/\/elregionalvm.com.ar\/noticias-villa-maria\/equipos-sanitarios-locales-abordaron-la-situacion-epidemiologica-local-con-representantes-de-nacion-y-provincia03\/#breadcrumb\"},\"inLanguage\":\"es\",\"potentialAction\":[{\"@type\":\"ReadAction\",\"target\":[\"http:\/\/elregionalvm.com.ar\/noticias-villa-maria\/equipos-sanitarios-locales-abordaron-la-situacion-epidemiologica-local-con-representantes-de-nacion-y-provincia03\/\"]}]},{\"@type\":\"ImageObject\",\"inLanguage\":\"es\",\"@id\":\"http:\/\/elregionalvm.com.ar\/noticias-villa-maria\/equipos-sanitarios-locales-abordaron-la-situacion-epidemiologica-local-con-representantes-de-nacion-y-provincia03\/#primaryimage\",\"url\":\"https:\/\/i0.wp.com\/elregionalvm.com.ar\/noticias-villa-maria\/wp-content\/uploads\/2020\/09\/WhatsApp-Image-2020-09-16-at-18.12.20.jpeg?fit=1280%2C853&ssl=1\",\"contentUrl\":\"https:\/\/i0.wp.com\/elregionalvm.com.ar\/noticias-villa-maria\/wp-content\/uploads\/2020\/09\/WhatsApp-Image-2020-09-16-at-18.12.20.jpeg?fit=1280%2C853&ssl=1\",\"width\":1280,\"height\":853},{\"@type\":\"BreadcrumbList\",\"@id\":\"http:\/\/elregionalvm.com.ar\/noticias-villa-maria\/equipos-sanitarios-locales-abordaron-la-situacion-epidemiologica-local-con-representantes-de-nacion-y-provincia03\/#breadcrumb\",\"itemListElement\":[{\"@type\":\"ListItem\",\"position\":1,\"name\":\"Portada\",\"item\":\"https:\/\/elregionalvm.com.ar\/noticias-villa-maria\/\"},{\"@type\":\"ListItem\",\"position\":2,\"name\":\"Abordaron la situaci\u00f3n epidemiol\u00f3gica de la ciudad con representantes de Naci\u00f3n y Provincia\"}]},{\"@type\":\"WebSite\",\"@id\":\"http:\/\/elregionalvm.com.ar\/noticias-villa-maria\/#website\",\"url\":\"http:\/\/elregionalvm.com.ar\/noticias-villa-maria\/\",\"name\":\"El Regional\",\"description\":\"Mucho m\u00e1s que informaci\u00f3n\",\"potentialAction\":[{\"@type\":\"SearchAction\",\"target\":{\"@type\":\"EntryPoint\",\"urlTemplate\":\"http:\/\/elregionalvm.com.ar\/noticias-villa-maria\/?s={search_term_string}\"},\"query-input\":{\"@type\":\"PropertyValueSpecification\",\"valueRequired\":true,\"valueName\":\"search_term_string\"}}],\"inLanguage\":\"es\"},{\"@type\":\"Person\",\"@id\":\"http:\/\/elregionalvm.com.ar\/noticias-villa-maria\/#\/schema\/person\/a0fb9c422317faca23d50163151bc354\",\"name\":\"Contenidos El Regional\",\"image\":{\"@type\":\"ImageObject\",\"inLanguage\":\"es\",\"@id\":\"http:\/\/elregionalvm.com.ar\/noticias-villa-maria\/#\/schema\/person\/image\/\",\"url\":\"https:\/\/secure.gravatar.com\/avatar\/265b27cb2209af7bb3a1318f03305787d7981a5cc6e6cd08fe5a4ecdf99d4b48?s=96&d=mm&r=g\",\"contentUrl\":\"https:\/\/secure.gravatar.com\/avatar\/265b27cb2209af7bb3a1318f03305787d7981a5cc6e6cd08fe5a4ecdf99d4b48?s=96&d=mm&r=g\",\"caption\":\"Contenidos El Regional\"},\"url\":\"https:\/\/elregionalvm.com.ar\/noticias-villa-maria\/author\/contenido\/\"}]}<\/script>\n<!-- \/ Yoast SEO plugin. -->","yoast_head_json":{"title":"Abordaron la situaci\u00f3n epidemiol\u00f3gica de la ciudad con representantes de Naci\u00f3n y Provincia - El Regional","robots":{"index":"index","follow":"follow","max-snippet":"max-snippet:-1","max-image-preview":"max-image-preview:large","max-video-preview":"max-video-preview:-1"},"canonical":"http:\/\/elregionalvm.com.ar\/noticias-villa-maria\/equipos-sanitarios-locales-abordaron-la-situacion-epidemiologica-local-con-representantes-de-nacion-y-provincia03\/","og_locale":"es_ES","og_type":"article","og_title":"Abordaron la situaci\u00f3n epidemiol\u00f3gica de la ciudad con representantes de Naci\u00f3n y Provincia - El Regional","og_description":"Esta tarde, en la Asistencia P\u00fablica, tuvo lugar una reuni\u00f3n en la que participaron el equipo de Salud del municipio, encabezado por Humberto Jure; el responsable de Vigilancia Epidemiol\u00f3gica del Sistema Integrado de Informaci\u00f3n en Salud del Ministerio nacional, Carlos Giovanchini; y la secretaria de Prevenci\u00f3n y Promoci\u00f3n de la Salud de la cartera provincial, [&hellip;]","og_url":"http:\/\/elregionalvm.com.ar\/noticias-villa-maria\/equipos-sanitarios-locales-abordaron-la-situacion-epidemiologica-local-con-representantes-de-nacion-y-provincia03\/","og_site_name":"El Regional","article_publisher":"https:\/\/www.facebook.com\/elregionalvm","article_published_time":"2020-09-16T22:09:59+00:00","article_modified_time":"2020-09-16T22:32:06+00:00","og_image":[{"width":1280,"height":853,"url":"http:\/\/elregionalvm.com.ar\/noticias-villa-maria\/wp-content\/uploads\/2020\/09\/WhatsApp-Image-2020-09-16-at-18.12.20.jpeg","type":"image\/jpeg"}],"author":"Contenidos El Regional","twitter_card":"summary_large_image","twitter_creator":"@elregionalvm1","twitter_site":"@elregionalvm1","twitter_misc":{"Escrito por":"Contenidos El Regional","Tiempo de lectura":"2 minutos"},"schema":{"@context":"https:\/\/schema.org","@graph":[{"@type":"Article","@id":"http:\/\/elregionalvm.com.ar\/noticias-villa-maria\/equipos-sanitarios-locales-abordaron-la-situacion-epidemiologica-local-con-representantes-de-nacion-y-provincia03\/#article","isPartOf":{"@id":"http:\/\/elregionalvm.com.ar\/noticias-villa-maria\/equipos-sanitarios-locales-abordaron-la-situacion-epidemiologica-local-con-representantes-de-nacion-y-provincia03\/"},"author":{"name":"Contenidos El Regional","@id":"http:\/\/elregionalvm.com.ar\/noticias-villa-maria\/#\/schema\/person\/a0fb9c422317faca23d50163151bc354"},"headline":"Abordaron la situaci\u00f3n epidemiol\u00f3gica de la ciudad con representantes de Naci\u00f3n y Provincia","datePublished":"2020-09-16T22:09:59+00:00","dateModified":"2020-09-16T22:32:06+00:00","mainEntityOfPage":{"@id":"http:\/\/elregionalvm.com.ar\/noticias-villa-maria\/equipos-sanitarios-locales-abordaron-la-situacion-epidemiologica-local-con-representantes-de-nacion-y-provincia03\/"},"wordCount":362,"commentCount":0,"image":{"@id":"http:\/\/elregionalvm.com.ar\/noticias-villa-maria\/equipos-sanitarios-locales-abordaron-la-situacion-epidemiologica-local-con-representantes-de-nacion-y-provincia03\/#primaryimage"},"thumbnailUrl":"https:\/\/i0.wp.com\/elregionalvm.com.ar\/noticias-villa-maria\/wp-content\/uploads\/2020\/09\/WhatsApp-Image-2020-09-16-at-18.12.20.jpeg?fit=1280%2C853&ssl=1","keywords":["curva ascendente","destacado","equipos sanitarios","medidas preventivas","Naci\u00f3n","provincia","situaci\u00f3n epidemiol\u00f3gica"],"articleSection":["Villa Mar\u00eda"],"inLanguage":"es","potentialAction":[{"@type":"CommentAction","name":"Comment","target":["http:\/\/elregionalvm.com.ar\/noticias-villa-maria\/equipos-sanitarios-locales-abordaron-la-situacion-epidemiologica-local-con-representantes-de-nacion-y-provincia03\/#respond"]}]},{"@type":"WebPage","@id":"http:\/\/elregionalvm.com.ar\/noticias-villa-maria\/equipos-sanitarios-locales-abordaron-la-situacion-epidemiologica-local-con-representantes-de-nacion-y-provincia03\/","url":"http:\/\/elregionalvm.com.ar\/noticias-villa-maria\/equipos-sanitarios-locales-abordaron-la-situacion-epidemiologica-local-con-representantes-de-nacion-y-provincia03\/","name":"Abordaron la situaci\u00f3n epidemiol\u00f3gica de la ciudad con representantes de Naci\u00f3n y Provincia - El Regional","isPartOf":{"@id":"http:\/\/elregionalvm.com.ar\/noticias-villa-maria\/#website"},"primaryImageOfPage":{"@id":"http:\/\/elregionalvm.com.ar\/noticias-villa-maria\/equipos-sanitarios-locales-abordaron-la-situacion-epidemiologica-local-con-representantes-de-nacion-y-provincia03\/#primaryimage"},"image":{"@id":"http:\/\/elregionalvm.com.ar\/noticias-villa-maria\/equipos-sanitarios-locales-abordaron-la-situacion-epidemiologica-local-con-representantes-de-nacion-y-provincia03\/#primaryimage"},"thumbnailUrl":"https:\/\/i0.wp.com\/elregionalvm.com.ar\/noticias-villa-maria\/wp-content\/uploads\/2020\/09\/WhatsApp-Image-2020-09-16-at-18.12.20.jpeg?fit=1280%2C853&ssl=1","datePublished":"2020-09-16T22:09:59+00:00","dateModified":"2020-09-16T22:32:06+00:00","author":{"@id":"http:\/\/elregionalvm.com.ar\/noticias-villa-maria\/#\/schema\/person\/a0fb9c422317faca23d50163151bc354"},"breadcrumb":{"@id":"http:\/\/elregionalvm.com.ar\/noticias-villa-maria\/equipos-sanitarios-locales-abordaron-la-situacion-epidemiologica-local-con-representantes-de-nacion-y-provincia03\/#breadcrumb"},"inLanguage":"es","potentialAction":[{"@type":"ReadAction","target":["http:\/\/elregionalvm.com.ar\/noticias-villa-maria\/equipos-sanitarios-locales-abordaron-la-situacion-epidemiologica-local-con-representantes-de-nacion-y-provincia03\/"]}]},{"@type":"ImageObject","inLanguage":"es","@id":"http:\/\/elregionalvm.com.ar\/noticias-villa-maria\/equipos-sanitarios-locales-abordaron-la-situacion-epidemiologica-local-con-representantes-de-nacion-y-provincia03\/#primaryimage","url":"https:\/\/i0.wp.com\/elregionalvm.com.ar\/noticias-villa-maria\/wp-content\/uploads\/2020\/09\/WhatsApp-Image-2020-09-16-at-18.12.20.jpeg?fit=1280%2C853&ssl=1","contentUrl":"https:\/\/i0.wp.com\/elregionalvm.com.ar\/noticias-villa-maria\/wp-content\/uploads\/2020\/09\/WhatsApp-Image-2020-09-16-at-18.12.20.jpeg?fit=1280%2C853&ssl=1","width":1280,"height":853},{"@type":"BreadcrumbList","@id":"http:\/\/elregionalvm.com.ar\/noticias-villa-maria\/equipos-sanitarios-locales-abordaron-la-situacion-epidemiologica-local-con-representantes-de-nacion-y-provincia03\/#breadcrumb","itemListElement":[{"@type":"ListItem","position":1,"name":"Portada","item":"https:\/\/elregionalvm.com.ar\/noticias-villa-maria\/"},{"@type":"ListItem","position":2,"name":"Abordaron la situaci\u00f3n epidemiol\u00f3gica de la ciudad con representantes de Naci\u00f3n y Provincia"}]},{"@type":"WebSite","@id":"http:\/\/elregionalvm.com.ar\/noticias-villa-maria\/#website","url":"http:\/\/elregionalvm.com.ar\/noticias-villa-maria\/","name":"El Regional","description":"Mucho m\u00e1s que informaci\u00f3n","potentialAction":[{"@type":"SearchAction","target":{"@type":"EntryPoint","urlTemplate":"http:\/\/elregionalvm.com.ar\/noticias-villa-maria\/?s={search_term_string}"},"query-input":{"@type":"PropertyValueSpecification","valueRequired":true,"valueName":"search_term_string"}}],"inLanguage":"es"},{"@type":"Person","@id":"http:\/\/elregionalvm.com.ar\/noticias-villa-maria\/#\/schema\/person\/a0fb9c422317faca23d50163151bc354","name":"Contenidos El Regional","image":{"@type":"ImageObject","inLanguage":"es","@id":"http:\/\/elregionalvm.com.ar\/noticias-villa-maria\/#\/schema\/person\/image\/","url":"https:\/\/secure.gravatar.com\/avatar\/265b27cb2209af7bb3a1318f03305787d7981a5cc6e6cd08fe5a4ecdf99d4b48?s=96&d=mm&r=g","contentUrl":"https:\/\/secure.gravatar.com\/avatar\/265b27cb2209af7bb3a1318f03305787d7981a5cc6e6cd08fe5a4ecdf99d4b48?s=96&d=mm&r=g","caption":"Contenidos El Regional"},"url":"https:\/\/elregionalvm.com.ar\/noticias-villa-maria\/author\/contenido\/"}]}},"jetpack_featured_media_url":"https:\/\/i0.wp.com\/elregionalvm.com.ar\/noticias-villa-maria\/wp-content\/uploads\/2020\/09\/WhatsApp-Image-2020-09-16-at-18.12.20.jpeg?fit=1280%2C853&ssl=1","jetpack_sharing_enabled":true,"_links":{"self":[{"href":"https:\/\/elregionalvm.com.ar\/noticias-villa-maria\/wp-json\/wp\/v2\/posts\/24003","targetHints":{"allow":["GET"]}}],"collection":[{"href":"https:\/\/elregionalvm.com.ar\/noticias-villa-maria\/wp-json\/wp\/v2\/posts"}],"about":[{"href":"https:\/\/elregionalvm.com.ar\/noticias-villa-maria\/wp-json\/wp\/v2\/types\/post"}],"author":[{"embeddable":true,"href":"https:\/\/elregionalvm.com.ar\/noticias-villa-maria\/wp-json\/wp\/v2\/users\/4"}],"replies":[{"embeddable":true,"href":"https:\/\/elregionalvm.com.ar\/noticias-villa-maria\/wp-json\/wp\/v2\/comments?post=24003"}],"version-history":[{"count":4,"href":"https:\/\/elregionalvm.com.ar\/noticias-villa-maria\/wp-json\/wp\/v2\/posts\/24003\/revisions"}],"predecessor-version":[{"id":24009,"href":"https:\/\/elregionalvm.com.ar\/noticias-villa-maria\/wp-json\/wp\/v2\/posts\/24003\/revisions\/24009"}],"wp:featuredmedia":[{"embeddable":true,"href":"https:\/\/elregionalvm.com.ar\/noticias-villa-maria\/wp-json\/wp\/v2\/media\/24004"}],"wp:attachment":[{"href":"https:\/\/elregionalvm.com.ar\/noticias-villa-maria\/wp-json\/wp\/v2\/media?parent=24003"}],"wp:term":[{"taxonomy":"category","embeddable":true,"href":"https:\/\/elregionalvm.com.ar\/noticias-villa-maria\/wp-json\/wp\/v2\/categories?post=24003"},{"taxonomy":"post_tag","embeddable":true,"href":"https:\/\/elregionalvm.com.ar\/noticias-villa-maria\/wp-json\/wp\/v2\/tags?post=24003"}],"curies":[{"name":"wp","href":"https:\/\/api.w.org\/{rel}","templated":true}]}}