{"id":24086,"date":"2020-09-18T01:17:20","date_gmt":"2020-09-18T01:17:20","guid":{"rendered":"https:\/\/elregionalvm.com.ar\/noticias-villa-maria\/?p=24086"},"modified":"2020-09-18T01:25:47","modified_gmt":"2020-09-18T01:25:47","slug":"villa-maria-el-62-de-los-casos-positivos-ya-recibio-el-alta","status":"publish","type":"post","link":"https:\/\/elregionalvm.com.ar\/noticias-villa-maria\/villa-maria-el-62-de-los-casos-positivos-ya-recibio-el-alta\/","title":{"rendered":"Villa Mar\u00eda: El 62% de los casos positivos ya recibi\u00f3 el alta"},"content":{"rendered":"\n<p>La ciudad confirm\u00f3 35 nuevos casos positivos de Covid 19, por lo que el total de infectados ascendi\u00f3 a 555. De esta cantidad, 343 ya recibieron el alta m\u00e9dica definitiva (19 este jueves). Esta cifra representa el 62% de los pacientes que tuvieron la enfermedad.<\/p>\n\n\n\n<p>Una proporci\u00f3n superior a la registrada en el plano provincial, donde hasta hoy  hab\u00eda el 49% de personas recuperadas.<\/p>\n\n\n\n<p>Los datos pertenecen al informe epidemiol\u00f3gico dado a conocer por autoridades municipales. Estas son algunas otras conclusiones de hoy: <\/p>\n\n\n\n<p>\u2022 Son 212 los casos activos, y 15 cursan la enfermedad en alguno de los centros de internaci\u00f3n de la ciudad.<\/p>\n\n\n\n<p>\u2022 767 personas se encuentran en aislamiento, y 538 de ellas son contactos estrechos de positivos confirmados. Por otra parte, este jueves obtuvieron el alta de aislamiento 87 villamarienses.<\/p>\n\n\n\n<p>\u2022Se explic\u00f3 que actualmente se realizan menos hisopados de contactos estrechos, debido a que solo se ejecutan cuando la persona presenta factores de riesgo o sintomatolog\u00eda compatible con la enfermedad. Sin embargo, todos los contactos estrechos se a\u00edslan y a los que no son hisopados se les realiza un test de detecci\u00f3n de anticuerpos al d\u00eda 14.<\/p>\n\n\n\n<p>En tanto, la F\u00e1brica Militar puso a disposici\u00f3n del laboratorio de la UNVM una campana de flujo laminar para el an\u00e1lisis de testeos. Est\u00e1 en estudio, por parte de la Mesa de Epidemiolog\u00eda del COE, la realizaci\u00f3n de operativos de testeos aleatorios y masivos, ante el crecimiento de casos sin nexo epidemiol\u00f3gico conocido.<\/p>\n\n\n\n<p><strong>Getri\u00e1trico y bancos<\/strong><\/p>\n\n\n\n<p>Por otro lado, se confirm\u00f3 que otro geri\u00e1trico de la ciudad registra casos de Covid positivo entre los miembros de su comunidad. Algunos residentes debieron ser internados y otros est\u00e1n siendo atendidos en la instituci\u00f3n. <\/p>\n\n\n\n<p>Adem\u00e1s, entidades bancarias debieron restringir la atenci\u00f3n ante la confirmaci\u00f3n de pacientes entre su personal.<\/p>\n\n\n\n<p><\/p>\n\n\n\n<p><\/p>\n","protected":false},"excerpt":{"rendered":"<p>La ciudad confirm\u00f3 35 nuevos casos positivos de Covid 19, por lo que el total de infectados ascendi\u00f3 a 555. De esta cantidad, 343 ya recibieron el alta m\u00e9dica definitiva (19 este jueves). Esta cifra representa el 62% de los pacientes que tuvieron la enfermedad. Una proporci\u00f3n superior a la registrada en el plano provincial, [&hellip;]<\/p>\n","protected":false},"author":4,"featured_media":20505,"comment_status":"open","ping_status":"open","sticky":false,"template":"","format":"standard","meta":{"site-sidebar-layout":"default","site-content-layout":"default","ast-site-content-layout":"default","site-content-style":"default","site-sidebar-style":"default","ast-global-header-display":"","ast-banner-title-visibility":"","ast-main-header-display":"","ast-hfb-above-header-display":"","ast-hfb-below-header-display":"","ast-hfb-mobile-header-display":"","site-post-title":"","ast-breadcrumbs-content":"","ast-featured-img":"","footer-sml-layout":"","ast-disable-related-posts":"","theme-transparent-header-meta":"default","adv-header-id-meta":"","stick-header-meta":"","header-above-stick-meta":"","header-main-stick-meta":"","header-below-stick-meta":"","astra-migrate-meta-layouts":"default","ast-page-background-enabled":"default","ast-page-background-meta":{"desktop":{"background-color":"","background-image":"","background-repeat":"repeat","background-position":"center center","background-size":"auto","background-attachment":"scroll","background-type":"","background-media":"","overlay-type":"","overlay-color":"","overlay-opacity":"","overlay-gradient":""},"tablet":{"background-color":"","background-image":"","background-repeat":"repeat","background-position":"center center","background-size":"auto","background-attachment":"scroll","background-type":"","background-media":"","overlay-type":"","overlay-color":"","overlay-opacity":"","overlay-gradient":""},"mobile":{"background-color":"","background-image":"","background-repeat":"repeat","background-position":"center center","background-size":"auto","background-attachment":"scroll","background-type":"","background-media":"","overlay-type":"","overlay-color":"","overlay-opacity":"","overlay-gradient":""}},"ast-content-background-meta":{"desktop":{"background-color":"var(--ast-global-color-5)","background-image":"","background-repeat":"repeat","background-position":"center center","background-size":"auto","background-attachment":"scroll","background-type":"","background-media":"","overlay-type":"","overlay-color":"","overlay-opacity":"","overlay-gradient":""},"tablet":{"background-color":"var(--ast-global-color-5)","background-image":"","background-repeat":"repeat","background-position":"center center","background-size":"auto","background-attachment":"scroll","background-type":"","background-media":"","overlay-type":"","overlay-color":"","overlay-opacity":"","overlay-gradient":""},"mobile":{"background-color":"var(--ast-global-color-5)","background-image":"","background-repeat":"repeat","background-position":"center center","background-size":"auto","background-attachment":"scroll","background-type":"","background-media":"","overlay-type":"","overlay-color":"","overlay-opacity":"","overlay-gradient":""}},"_jetpack_memberships_contains_paid_content":false,"_joinchat":[],"footnotes":""},"categories":[2256,2323,2],"tags":[4037,2422,2865,3832,2130,2623,2597,459],"class_list":["post-24086","post","type-post","status-publish","format-standard","has-post-thumbnail","hentry","category-coronavirus","category-notas-secundarias","category-villa-maria","tag-bancos","tag-coe","tag-covid-19-2","tag-geriatrico","tag-hospital-pasteur","tag-informe-epidemiologico","tag-nuevos-casos","tag-unvm"],"yoast_head":"<!-- This site is optimized with the Yoast SEO plugin v26.8 - https:\/\/yoast.com\/product\/yoast-seo-wordpress\/ -->\n<title>Villa Mar\u00eda: El 62% de los casos positivos ya recibi\u00f3 el alta - El Regional<\/title>\n<meta name=\"description\" content=\"La ciudad confirm\u00f3 35 nuevos casos positivos de Covid 19, por lo que el total de infectados ascendi\u00f3 a 555. De esta cantidad, 343 ya recibieron el alta.\" \/>\n<meta name=\"robots\" content=\"index, follow, max-snippet:-1, max-image-preview:large, max-video-preview:-1\" \/>\n<link rel=\"canonical\" href=\"http:\/\/elregionalvm.com.ar\/noticias-villa-maria\/villa-maria-el-62-de-los-casos-positivos-ya-recibio-el-alta\/\" \/>\n<meta property=\"og:locale\" content=\"es_ES\" \/>\n<meta property=\"og:type\" content=\"article\" \/>\n<meta property=\"og:title\" content=\"Villa Mar\u00eda: El 62% de los casos positivos ya recibi\u00f3 el alta - El Regional\" \/>\n<meta property=\"og:description\" content=\"La ciudad confirm\u00f3 35 nuevos casos positivos de Covid 19, por lo que el total de infectados ascendi\u00f3 a 555. De esta cantidad, 343 ya recibieron el alta.\" \/>\n<meta property=\"og:url\" content=\"http:\/\/elregionalvm.com.ar\/noticias-villa-maria\/villa-maria-el-62-de-los-casos-positivos-ya-recibio-el-alta\/\" \/>\n<meta property=\"og:site_name\" content=\"El Regional\" \/>\n<meta property=\"article:publisher\" content=\"https:\/\/www.facebook.com\/elregionalvm\" \/>\n<meta property=\"article:published_time\" content=\"2020-09-18T01:17:20+00:00\" \/>\n<meta property=\"article:modified_time\" content=\"2020-09-18T01:25:47+00:00\" \/>\n<meta property=\"og:image\" content=\"http:\/\/elregionalvm.com.ar\/noticias-villa-maria\/wp-content\/uploads\/2020\/07\/Coronavirus-internados.jpg\" \/>\n\t<meta property=\"og:image:width\" content=\"1004\" \/>\n\t<meta property=\"og:image:height\" content=\"565\" \/>\n\t<meta property=\"og:image:type\" content=\"image\/jpeg\" \/>\n<meta name=\"author\" content=\"Contenidos El Regional\" \/>\n<meta name=\"twitter:card\" content=\"summary_large_image\" \/>\n<meta name=\"twitter:creator\" content=\"@elregionalvm1\" \/>\n<meta name=\"twitter:site\" content=\"@elregionalvm1\" \/>\n<meta name=\"twitter:label1\" content=\"Escrito por\" \/>\n\t<meta name=\"twitter:data1\" content=\"Contenidos El Regional\" \/>\n\t<meta name=\"twitter:label2\" content=\"Tiempo de lectura\" \/>\n\t<meta name=\"twitter:data2\" content=\"2 minutos\" \/>\n<script type=\"application\/ld+json\" class=\"yoast-schema-graph\">{\"@context\":\"https:\/\/schema.org\",\"@graph\":[{\"@type\":\"Article\",\"@id\":\"http:\/\/elregionalvm.com.ar\/noticias-villa-maria\/villa-maria-el-62-de-los-casos-positivos-ya-recibio-el-alta\/#article\",\"isPartOf\":{\"@id\":\"http:\/\/elregionalvm.com.ar\/noticias-villa-maria\/villa-maria-el-62-de-los-casos-positivos-ya-recibio-el-alta\/\"},\"author\":{\"name\":\"Contenidos El Regional\",\"@id\":\"http:\/\/elregionalvm.com.ar\/noticias-villa-maria\/#\/schema\/person\/a0fb9c422317faca23d50163151bc354\"},\"headline\":\"Villa Mar\u00eda: El 62% de los casos positivos ya recibi\u00f3 el alta\",\"datePublished\":\"2020-09-18T01:17:20+00:00\",\"dateModified\":\"2020-09-18T01:25:47+00:00\",\"mainEntityOfPage\":{\"@id\":\"http:\/\/elregionalvm.com.ar\/noticias-villa-maria\/villa-maria-el-62-de-los-casos-positivos-ya-recibio-el-alta\/\"},\"wordCount\":315,\"commentCount\":0,\"image\":{\"@id\":\"http:\/\/elregionalvm.com.ar\/noticias-villa-maria\/villa-maria-el-62-de-los-casos-positivos-ya-recibio-el-alta\/#primaryimage\"},\"thumbnailUrl\":\"https:\/\/i0.wp.com\/elregionalvm.com.ar\/noticias-villa-maria\/wp-content\/uploads\/2020\/07\/Coronavirus-internados.jpg?fit=1004%2C565&ssl=1\",\"keywords\":[\"Bancos\",\"COE\",\"Covid 19\",\"Geri\u00e1trico\",\"Hospital Pasteur\",\"Informe epidemiol\u00f3gico\",\"Nuevos casos\",\"UNVM\"],\"articleSection\":[\"Coronavirus\",\"Notas\",\"Villa Mar\u00eda\"],\"inLanguage\":\"es\",\"potentialAction\":[{\"@type\":\"CommentAction\",\"name\":\"Comment\",\"target\":[\"http:\/\/elregionalvm.com.ar\/noticias-villa-maria\/villa-maria-el-62-de-los-casos-positivos-ya-recibio-el-alta\/#respond\"]}]},{\"@type\":\"WebPage\",\"@id\":\"http:\/\/elregionalvm.com.ar\/noticias-villa-maria\/villa-maria-el-62-de-los-casos-positivos-ya-recibio-el-alta\/\",\"url\":\"http:\/\/elregionalvm.com.ar\/noticias-villa-maria\/villa-maria-el-62-de-los-casos-positivos-ya-recibio-el-alta\/\",\"name\":\"Villa Mar\u00eda: El 62% de los casos positivos ya recibi\u00f3 el alta - El Regional\",\"isPartOf\":{\"@id\":\"http:\/\/elregionalvm.com.ar\/noticias-villa-maria\/#website\"},\"primaryImageOfPage\":{\"@id\":\"http:\/\/elregionalvm.com.ar\/noticias-villa-maria\/villa-maria-el-62-de-los-casos-positivos-ya-recibio-el-alta\/#primaryimage\"},\"image\":{\"@id\":\"http:\/\/elregionalvm.com.ar\/noticias-villa-maria\/villa-maria-el-62-de-los-casos-positivos-ya-recibio-el-alta\/#primaryimage\"},\"thumbnailUrl\":\"https:\/\/i0.wp.com\/elregionalvm.com.ar\/noticias-villa-maria\/wp-content\/uploads\/2020\/07\/Coronavirus-internados.jpg?fit=1004%2C565&ssl=1\",\"datePublished\":\"2020-09-18T01:17:20+00:00\",\"dateModified\":\"2020-09-18T01:25:47+00:00\",\"author\":{\"@id\":\"http:\/\/elregionalvm.com.ar\/noticias-villa-maria\/#\/schema\/person\/a0fb9c422317faca23d50163151bc354\"},\"description\":\"La ciudad confirm\u00f3 35 nuevos casos positivos de Covid 19, por lo que el total de infectados ascendi\u00f3 a 555. De esta cantidad, 343 ya recibieron el alta.\",\"breadcrumb\":{\"@id\":\"http:\/\/elregionalvm.com.ar\/noticias-villa-maria\/villa-maria-el-62-de-los-casos-positivos-ya-recibio-el-alta\/#breadcrumb\"},\"inLanguage\":\"es\",\"potentialAction\":[{\"@type\":\"ReadAction\",\"target\":[\"http:\/\/elregionalvm.com.ar\/noticias-villa-maria\/villa-maria-el-62-de-los-casos-positivos-ya-recibio-el-alta\/\"]}]},{\"@type\":\"ImageObject\",\"inLanguage\":\"es\",\"@id\":\"http:\/\/elregionalvm.com.ar\/noticias-villa-maria\/villa-maria-el-62-de-los-casos-positivos-ya-recibio-el-alta\/#primaryimage\",\"url\":\"https:\/\/i0.wp.com\/elregionalvm.com.ar\/noticias-villa-maria\/wp-content\/uploads\/2020\/07\/Coronavirus-internados.jpg?fit=1004%2C565&ssl=1\",\"contentUrl\":\"https:\/\/i0.wp.com\/elregionalvm.com.ar\/noticias-villa-maria\/wp-content\/uploads\/2020\/07\/Coronavirus-internados.jpg?fit=1004%2C565&ssl=1\",\"width\":1004,\"height\":565},{\"@type\":\"BreadcrumbList\",\"@id\":\"http:\/\/elregionalvm.com.ar\/noticias-villa-maria\/villa-maria-el-62-de-los-casos-positivos-ya-recibio-el-alta\/#breadcrumb\",\"itemListElement\":[{\"@type\":\"ListItem\",\"position\":1,\"name\":\"Portada\",\"item\":\"https:\/\/elregionalvm.com.ar\/noticias-villa-maria\/\"},{\"@type\":\"ListItem\",\"position\":2,\"name\":\"Villa Mar\u00eda: El 62% de los casos positivos ya recibi\u00f3 el alta\"}]},{\"@type\":\"WebSite\",\"@id\":\"http:\/\/elregionalvm.com.ar\/noticias-villa-maria\/#website\",\"url\":\"http:\/\/elregionalvm.com.ar\/noticias-villa-maria\/\",\"name\":\"El Regional\",\"description\":\"Mucho m\u00e1s que informaci\u00f3n\",\"potentialAction\":[{\"@type\":\"SearchAction\",\"target\":{\"@type\":\"EntryPoint\",\"urlTemplate\":\"http:\/\/elregionalvm.com.ar\/noticias-villa-maria\/?s={search_term_string}\"},\"query-input\":{\"@type\":\"PropertyValueSpecification\",\"valueRequired\":true,\"valueName\":\"search_term_string\"}}],\"inLanguage\":\"es\"},{\"@type\":\"Person\",\"@id\":\"http:\/\/elregionalvm.com.ar\/noticias-villa-maria\/#\/schema\/person\/a0fb9c422317faca23d50163151bc354\",\"name\":\"Contenidos El Regional\",\"image\":{\"@type\":\"ImageObject\",\"inLanguage\":\"es\",\"@id\":\"http:\/\/elregionalvm.com.ar\/noticias-villa-maria\/#\/schema\/person\/image\/\",\"url\":\"https:\/\/secure.gravatar.com\/avatar\/265b27cb2209af7bb3a1318f03305787d7981a5cc6e6cd08fe5a4ecdf99d4b48?s=96&d=mm&r=g\",\"contentUrl\":\"https:\/\/secure.gravatar.com\/avatar\/265b27cb2209af7bb3a1318f03305787d7981a5cc6e6cd08fe5a4ecdf99d4b48?s=96&d=mm&r=g\",\"caption\":\"Contenidos El Regional\"},\"url\":\"https:\/\/elregionalvm.com.ar\/noticias-villa-maria\/author\/contenido\/\"}]}<\/script>\n<!-- \/ Yoast SEO plugin. -->","yoast_head_json":{"title":"Villa Mar\u00eda: El 62% de los casos positivos ya recibi\u00f3 el alta - El Regional","description":"La ciudad confirm\u00f3 35 nuevos casos positivos de Covid 19, por lo que el total de infectados ascendi\u00f3 a 555. De esta cantidad, 343 ya recibieron el alta.","robots":{"index":"index","follow":"follow","max-snippet":"max-snippet:-1","max-image-preview":"max-image-preview:large","max-video-preview":"max-video-preview:-1"},"canonical":"http:\/\/elregionalvm.com.ar\/noticias-villa-maria\/villa-maria-el-62-de-los-casos-positivos-ya-recibio-el-alta\/","og_locale":"es_ES","og_type":"article","og_title":"Villa Mar\u00eda: El 62% de los casos positivos ya recibi\u00f3 el alta - El Regional","og_description":"La ciudad confirm\u00f3 35 nuevos casos positivos de Covid 19, por lo que el total de infectados ascendi\u00f3 a 555. De esta cantidad, 343 ya recibieron el alta.","og_url":"http:\/\/elregionalvm.com.ar\/noticias-villa-maria\/villa-maria-el-62-de-los-casos-positivos-ya-recibio-el-alta\/","og_site_name":"El Regional","article_publisher":"https:\/\/www.facebook.com\/elregionalvm","article_published_time":"2020-09-18T01:17:20+00:00","article_modified_time":"2020-09-18T01:25:47+00:00","og_image":[{"width":1004,"height":565,"url":"http:\/\/elregionalvm.com.ar\/noticias-villa-maria\/wp-content\/uploads\/2020\/07\/Coronavirus-internados.jpg","type":"image\/jpeg"}],"author":"Contenidos El Regional","twitter_card":"summary_large_image","twitter_creator":"@elregionalvm1","twitter_site":"@elregionalvm1","twitter_misc":{"Escrito por":"Contenidos El Regional","Tiempo de lectura":"2 minutos"},"schema":{"@context":"https:\/\/schema.org","@graph":[{"@type":"Article","@id":"http:\/\/elregionalvm.com.ar\/noticias-villa-maria\/villa-maria-el-62-de-los-casos-positivos-ya-recibio-el-alta\/#article","isPartOf":{"@id":"http:\/\/elregionalvm.com.ar\/noticias-villa-maria\/villa-maria-el-62-de-los-casos-positivos-ya-recibio-el-alta\/"},"author":{"name":"Contenidos El Regional","@id":"http:\/\/elregionalvm.com.ar\/noticias-villa-maria\/#\/schema\/person\/a0fb9c422317faca23d50163151bc354"},"headline":"Villa Mar\u00eda: El 62% de los casos positivos ya recibi\u00f3 el alta","datePublished":"2020-09-18T01:17:20+00:00","dateModified":"2020-09-18T01:25:47+00:00","mainEntityOfPage":{"@id":"http:\/\/elregionalvm.com.ar\/noticias-villa-maria\/villa-maria-el-62-de-los-casos-positivos-ya-recibio-el-alta\/"},"wordCount":315,"commentCount":0,"image":{"@id":"http:\/\/elregionalvm.com.ar\/noticias-villa-maria\/villa-maria-el-62-de-los-casos-positivos-ya-recibio-el-alta\/#primaryimage"},"thumbnailUrl":"https:\/\/i0.wp.com\/elregionalvm.com.ar\/noticias-villa-maria\/wp-content\/uploads\/2020\/07\/Coronavirus-internados.jpg?fit=1004%2C565&ssl=1","keywords":["Bancos","COE","Covid 19","Geri\u00e1trico","Hospital Pasteur","Informe epidemiol\u00f3gico","Nuevos casos","UNVM"],"articleSection":["Coronavirus","Notas","Villa Mar\u00eda"],"inLanguage":"es","potentialAction":[{"@type":"CommentAction","name":"Comment","target":["http:\/\/elregionalvm.com.ar\/noticias-villa-maria\/villa-maria-el-62-de-los-casos-positivos-ya-recibio-el-alta\/#respond"]}]},{"@type":"WebPage","@id":"http:\/\/elregionalvm.com.ar\/noticias-villa-maria\/villa-maria-el-62-de-los-casos-positivos-ya-recibio-el-alta\/","url":"http:\/\/elregionalvm.com.ar\/noticias-villa-maria\/villa-maria-el-62-de-los-casos-positivos-ya-recibio-el-alta\/","name":"Villa Mar\u00eda: El 62% de los casos positivos ya recibi\u00f3 el alta - El Regional","isPartOf":{"@id":"http:\/\/elregionalvm.com.ar\/noticias-villa-maria\/#website"},"primaryImageOfPage":{"@id":"http:\/\/elregionalvm.com.ar\/noticias-villa-maria\/villa-maria-el-62-de-los-casos-positivos-ya-recibio-el-alta\/#primaryimage"},"image":{"@id":"http:\/\/elregionalvm.com.ar\/noticias-villa-maria\/villa-maria-el-62-de-los-casos-positivos-ya-recibio-el-alta\/#primaryimage"},"thumbnailUrl":"https:\/\/i0.wp.com\/elregionalvm.com.ar\/noticias-villa-maria\/wp-content\/uploads\/2020\/07\/Coronavirus-internados.jpg?fit=1004%2C565&ssl=1","datePublished":"2020-09-18T01:17:20+00:00","dateModified":"2020-09-18T01:25:47+00:00","author":{"@id":"http:\/\/elregionalvm.com.ar\/noticias-villa-maria\/#\/schema\/person\/a0fb9c422317faca23d50163151bc354"},"description":"La ciudad confirm\u00f3 35 nuevos casos positivos de Covid 19, por lo que el total de infectados ascendi\u00f3 a 555. De esta cantidad, 343 ya recibieron el alta.","breadcrumb":{"@id":"http:\/\/elregionalvm.com.ar\/noticias-villa-maria\/villa-maria-el-62-de-los-casos-positivos-ya-recibio-el-alta\/#breadcrumb"},"inLanguage":"es","potentialAction":[{"@type":"ReadAction","target":["http:\/\/elregionalvm.com.ar\/noticias-villa-maria\/villa-maria-el-62-de-los-casos-positivos-ya-recibio-el-alta\/"]}]},{"@type":"ImageObject","inLanguage":"es","@id":"http:\/\/elregionalvm.com.ar\/noticias-villa-maria\/villa-maria-el-62-de-los-casos-positivos-ya-recibio-el-alta\/#primaryimage","url":"https:\/\/i0.wp.com\/elregionalvm.com.ar\/noticias-villa-maria\/wp-content\/uploads\/2020\/07\/Coronavirus-internados.jpg?fit=1004%2C565&ssl=1","contentUrl":"https:\/\/i0.wp.com\/elregionalvm.com.ar\/noticias-villa-maria\/wp-content\/uploads\/2020\/07\/Coronavirus-internados.jpg?fit=1004%2C565&ssl=1","width":1004,"height":565},{"@type":"BreadcrumbList","@id":"http:\/\/elregionalvm.com.ar\/noticias-villa-maria\/villa-maria-el-62-de-los-casos-positivos-ya-recibio-el-alta\/#breadcrumb","itemListElement":[{"@type":"ListItem","position":1,"name":"Portada","item":"https:\/\/elregionalvm.com.ar\/noticias-villa-maria\/"},{"@type":"ListItem","position":2,"name":"Villa Mar\u00eda: El 62% de los casos positivos ya recibi\u00f3 el alta"}]},{"@type":"WebSite","@id":"http:\/\/elregionalvm.com.ar\/noticias-villa-maria\/#website","url":"http:\/\/elregionalvm.com.ar\/noticias-villa-maria\/","name":"El Regional","description":"Mucho m\u00e1s que informaci\u00f3n","potentialAction":[{"@type":"SearchAction","target":{"@type":"EntryPoint","urlTemplate":"http:\/\/elregionalvm.com.ar\/noticias-villa-maria\/?s={search_term_string}"},"query-input":{"@type":"PropertyValueSpecification","valueRequired":true,"valueName":"search_term_string"}}],"inLanguage":"es"},{"@type":"Person","@id":"http:\/\/elregionalvm.com.ar\/noticias-villa-maria\/#\/schema\/person\/a0fb9c422317faca23d50163151bc354","name":"Contenidos El Regional","image":{"@type":"ImageObject","inLanguage":"es","@id":"http:\/\/elregionalvm.com.ar\/noticias-villa-maria\/#\/schema\/person\/image\/","url":"https:\/\/secure.gravatar.com\/avatar\/265b27cb2209af7bb3a1318f03305787d7981a5cc6e6cd08fe5a4ecdf99d4b48?s=96&d=mm&r=g","contentUrl":"https:\/\/secure.gravatar.com\/avatar\/265b27cb2209af7bb3a1318f03305787d7981a5cc6e6cd08fe5a4ecdf99d4b48?s=96&d=mm&r=g","caption":"Contenidos El Regional"},"url":"https:\/\/elregionalvm.com.ar\/noticias-villa-maria\/author\/contenido\/"}]}},"jetpack_featured_media_url":"https:\/\/i0.wp.com\/elregionalvm.com.ar\/noticias-villa-maria\/wp-content\/uploads\/2020\/07\/Coronavirus-internados.jpg?fit=1004%2C565&ssl=1","jetpack_sharing_enabled":true,"_links":{"self":[{"href":"https:\/\/elregionalvm.com.ar\/noticias-villa-maria\/wp-json\/wp\/v2\/posts\/24086","targetHints":{"allow":["GET"]}}],"collection":[{"href":"https:\/\/elregionalvm.com.ar\/noticias-villa-maria\/wp-json\/wp\/v2\/posts"}],"about":[{"href":"https:\/\/elregionalvm.com.ar\/noticias-villa-maria\/wp-json\/wp\/v2\/types\/post"}],"author":[{"embeddable":true,"href":"https:\/\/elregionalvm.com.ar\/noticias-villa-maria\/wp-json\/wp\/v2\/users\/4"}],"replies":[{"embeddable":true,"href":"https:\/\/elregionalvm.com.ar\/noticias-villa-maria\/wp-json\/wp\/v2\/comments?post=24086"}],"version-history":[{"count":2,"href":"https:\/\/elregionalvm.com.ar\/noticias-villa-maria\/wp-json\/wp\/v2\/posts\/24086\/revisions"}],"predecessor-version":[{"id":24088,"href":"https:\/\/elregionalvm.com.ar\/noticias-villa-maria\/wp-json\/wp\/v2\/posts\/24086\/revisions\/24088"}],"wp:featuredmedia":[{"embeddable":true,"href":"https:\/\/elregionalvm.com.ar\/noticias-villa-maria\/wp-json\/wp\/v2\/media\/20505"}],"wp:attachment":[{"href":"https:\/\/elregionalvm.com.ar\/noticias-villa-maria\/wp-json\/wp\/v2\/media?parent=24086"}],"wp:term":[{"taxonomy":"category","embeddable":true,"href":"https:\/\/elregionalvm.com.ar\/noticias-villa-maria\/wp-json\/wp\/v2\/categories?post=24086"},{"taxonomy":"post_tag","embeddable":true,"href":"https:\/\/elregionalvm.com.ar\/noticias-villa-maria\/wp-json\/wp\/v2\/tags?post=24086"}],"curies":[{"name":"wp","href":"https:\/\/api.w.org\/{rel}","templated":true}]}}