{"id":24089,"date":"2020-09-18T01:35:01","date_gmt":"2020-09-18T01:35:01","guid":{"rendered":"https:\/\/elregionalvm.com.ar\/noticias-villa-maria\/?p=24089"},"modified":"2020-09-18T01:45:21","modified_gmt":"2020-09-18T01:45:21","slug":"salud-preve-aumento-de-casos-hasta-fines-de-septiembre","status":"publish","type":"post","link":"https:\/\/elregionalvm.com.ar\/noticias-villa-maria\/salud-preve-aumento-de-casos-hasta-fines-de-septiembre\/","title":{"rendered":"Salud prev\u00e9 aumento de casos hasta fines de septiembre"},"content":{"rendered":"\n<p>Las autoridades sanitarias provinciales destacaron que se espera que siga en aumento el n\u00famero de casos positivos, por lo que instan a que la comunidad contin\u00fae con las medidas de prevenci\u00f3n: uso del barbijo, distanciamiento social, lavado frecuente de manos y reducir en lo posible los contactos personales.<\/p>\n\n\n\n<p>\u201cEstamos en un momento muy delicado, cr\u00edtico, donde hay mucha circulaci\u00f3n del virus. Estimamos que aumentar\u00e1 el n\u00famero de casos al menos hasta fines de septiembre\u201d, dijo el ministro de Salud Diego Cardozo.<\/p>\n\n\n\n<p>El funcionario, junto a la secretaria de Prevenci\u00f3n y Promoci\u00f3n de la Salud, Gabriela Barb\u00e1s, encabez\u00f3 la presentaci\u00f3n de la situaci\u00f3n epidemiol\u00f3gica por Covid-19 en la provincia.<\/p>\n\n\n\n<p><\/p>\n\n\n\n<ul class=\"wp-block-list\"><li><strong>Mir\u00e1 el gr\u00e1fico de la situaci\u00f3n epidemiol\u00f3gica al 17 de septiembre: <\/strong><\/li><\/ul>\n\n\n\n<figure class=\"wp-block-image size-large\"><img data-recalc-dims=\"1\" fetchpriority=\"high\" decoding=\"async\" width=\"680\" height=\"383\" src=\"https:\/\/i0.wp.com\/elregionalvm.com.ar\/noticias-villa-maria\/wp-content\/uploads\/2020\/09\/Situaci%C3%B3n-epidemiol%C3%B3gica-17-septiembre-gr%C3%A1fico.jpg?resize=680%2C383&#038;ssl=1\" alt=\"\" class=\"wp-image-24092\" srcset=\"https:\/\/i0.wp.com\/elregionalvm.com.ar\/noticias-villa-maria\/wp-content\/uploads\/2020\/09\/Situaci%C3%B3n-epidemiol%C3%B3gica-17-septiembre-gr%C3%A1fico.jpg?w=680&amp;ssl=1 680w, https:\/\/i0.wp.com\/elregionalvm.com.ar\/noticias-villa-maria\/wp-content\/uploads\/2020\/09\/Situaci%C3%B3n-epidemiol%C3%B3gica-17-septiembre-gr%C3%A1fico.jpg?resize=300%2C169&amp;ssl=1 300w\" sizes=\"(max-width: 680px) 100vw, 680px\" \/><\/figure>\n\n\n\n<p><\/p>\n\n\n\n<p><strong>Sin reuniones<\/strong><\/p>\n\n\n\n<p>Indicaron que este fin de semana no estar\u00e1n habilitadas las reuniones familiares ni sociales, y recordaron que este a\u00f1o no podr\u00e1n hacerse los habituales festejos por la llegada de la primavera debido al contexto sanitario.<\/p>\n\n\n\n<p>En este sentido, los referentes de Salud llamaron a que las personas adultas acompa\u00f1en las medidas de cuidado para evitar que los grupos de j\u00f3venes realicen encuentros en el marco de ese festejo.<\/p>\n\n\n\n<p>\u201cHay una nueva forma de vincularse como sociedad, de divertirse y de amar. Tenemos que entender la realidad social que se nos presenta, y actuar con responsabilidad social, disminuyendo todo lo posible los contactos interpersonales\u201d, indic\u00f3 Barb\u00e1s.<\/p>\n\n\n\n<p><\/p>\n","protected":false},"excerpt":{"rendered":"<p>Las autoridades sanitarias provinciales destacaron que se espera que siga en aumento el n\u00famero de casos positivos, por lo que instan a que la comunidad contin\u00fae con las medidas de prevenci\u00f3n: uso del barbijo, distanciamiento social, lavado frecuente de manos y reducir en lo posible los contactos personales. \u201cEstamos en un momento muy delicado, cr\u00edtico, [&hellip;]<\/p>\n","protected":false},"author":4,"featured_media":24090,"comment_status":"open","ping_status":"open","sticky":false,"template":"","format":"standard","meta":{"site-sidebar-layout":"default","site-content-layout":"default","ast-site-content-layout":"default","site-content-style":"default","site-sidebar-style":"default","ast-global-header-display":"","ast-banner-title-visibility":"","ast-main-header-display":"","ast-hfb-above-header-display":"","ast-hfb-below-header-display":"","ast-hfb-mobile-header-display":"","site-post-title":"","ast-breadcrumbs-content":"","ast-featured-img":"","footer-sml-layout":"","ast-disable-related-posts":"","theme-transparent-header-meta":"default","adv-header-id-meta":"","stick-header-meta":"","header-above-stick-meta":"","header-main-stick-meta":"","header-below-stick-meta":"","astra-migrate-meta-layouts":"default","ast-page-background-enabled":"default","ast-page-background-meta":{"desktop":{"background-color":"","background-image":"","background-repeat":"repeat","background-position":"center center","background-size":"auto","background-attachment":"scroll","background-type":"","background-media":"","overlay-type":"","overlay-color":"","overlay-opacity":"","overlay-gradient":""},"tablet":{"background-color":"","background-image":"","background-repeat":"repeat","background-position":"center center","background-size":"auto","background-attachment":"scroll","background-type":"","background-media":"","overlay-type":"","overlay-color":"","overlay-opacity":"","overlay-gradient":""},"mobile":{"background-color":"","background-image":"","background-repeat":"repeat","background-position":"center center","background-size":"auto","background-attachment":"scroll","background-type":"","background-media":"","overlay-type":"","overlay-color":"","overlay-opacity":"","overlay-gradient":""}},"ast-content-background-meta":{"desktop":{"background-color":"var(--ast-global-color-5)","background-image":"","background-repeat":"repeat","background-position":"center center","background-size":"auto","background-attachment":"scroll","background-type":"","background-media":"","overlay-type":"","overlay-color":"","overlay-opacity":"","overlay-gradient":""},"tablet":{"background-color":"var(--ast-global-color-5)","background-image":"","background-repeat":"repeat","background-position":"center center","background-size":"auto","background-attachment":"scroll","background-type":"","background-media":"","overlay-type":"","overlay-color":"","overlay-opacity":"","overlay-gradient":""},"mobile":{"background-color":"var(--ast-global-color-5)","background-image":"","background-repeat":"repeat","background-position":"center center","background-size":"auto","background-attachment":"scroll","background-type":"","background-media":"","overlay-type":"","overlay-color":"","overlay-opacity":"","overlay-gradient":""}},"_jetpack_memberships_contains_paid_content":false,"_joinchat":[],"footnotes":""},"categories":[2256,5],"tags":[2422,2367,2865,1232,2965,2597,2208,3264],"class_list":["post-24089","post","type-post","status-publish","format-standard","has-post-thumbnail","hentry","category-coronavirus","category-sociedad","tag-coe","tag-contagios","tag-covid-19-2","tag-destacado","tag-ministerio-de-salud","tag-nuevos-casos","tag-reuniones-familiares","tag-reuniones-sociales"],"yoast_head":"<!-- This site is optimized with the Yoast SEO plugin v26.8 - https:\/\/yoast.com\/product\/yoast-seo-wordpress\/ -->\n<title>Salud prev\u00e9 aumento de casos hasta fines de septiembre - El Regional<\/title>\n<meta name=\"description\" content=\"\u201cEstimamos que aumentar\u00e1 el n\u00famero de casos al menos hasta fines de septiembre\u201d, dijo el ministro de Salud Diego Cardozo.\" \/>\n<meta name=\"robots\" content=\"index, follow, max-snippet:-1, max-image-preview:large, max-video-preview:-1\" \/>\n<link rel=\"canonical\" href=\"http:\/\/elregionalvm.com.ar\/noticias-villa-maria\/salud-preve-aumento-de-casos-hasta-fines-de-septiembre\/\" \/>\n<meta property=\"og:locale\" content=\"es_ES\" \/>\n<meta property=\"og:type\" content=\"article\" \/>\n<meta property=\"og:title\" content=\"Salud prev\u00e9 aumento de casos hasta fines de septiembre - El Regional\" \/>\n<meta property=\"og:description\" content=\"\u201cEstimamos que aumentar\u00e1 el n\u00famero de casos al menos hasta fines de septiembre\u201d, dijo el ministro de Salud Diego Cardozo.\" \/>\n<meta property=\"og:url\" content=\"http:\/\/elregionalvm.com.ar\/noticias-villa-maria\/salud-preve-aumento-de-casos-hasta-fines-de-septiembre\/\" \/>\n<meta property=\"og:site_name\" content=\"El Regional\" \/>\n<meta property=\"article:publisher\" content=\"https:\/\/www.facebook.com\/elregionalvm\" \/>\n<meta property=\"article:published_time\" content=\"2020-09-18T01:35:01+00:00\" \/>\n<meta property=\"article:modified_time\" content=\"2020-09-18T01:45:21+00:00\" \/>\n<meta property=\"og:image\" content=\"http:\/\/elregionalvm.com.ar\/noticias-villa-maria\/wp-content\/uploads\/2020\/09\/Salud-Cardozo-ministro.jpg\" \/>\n\t<meta property=\"og:image:width\" content=\"977\" \/>\n\t<meta property=\"og:image:height\" content=\"589\" \/>\n\t<meta property=\"og:image:type\" content=\"image\/jpeg\" \/>\n<meta name=\"author\" content=\"Contenidos El Regional\" \/>\n<meta name=\"twitter:card\" content=\"summary_large_image\" \/>\n<meta name=\"twitter:creator\" content=\"@elregionalvm1\" \/>\n<meta name=\"twitter:site\" content=\"@elregionalvm1\" \/>\n<meta name=\"twitter:label1\" content=\"Escrito por\" \/>\n\t<meta name=\"twitter:data1\" content=\"Contenidos El Regional\" \/>\n\t<meta name=\"twitter:label2\" content=\"Tiempo de lectura\" \/>\n\t<meta name=\"twitter:data2\" content=\"1 minuto\" \/>\n<script type=\"application\/ld+json\" class=\"yoast-schema-graph\">{\"@context\":\"https:\/\/schema.org\",\"@graph\":[{\"@type\":\"Article\",\"@id\":\"http:\/\/elregionalvm.com.ar\/noticias-villa-maria\/salud-preve-aumento-de-casos-hasta-fines-de-septiembre\/#article\",\"isPartOf\":{\"@id\":\"http:\/\/elregionalvm.com.ar\/noticias-villa-maria\/salud-preve-aumento-de-casos-hasta-fines-de-septiembre\/\"},\"author\":{\"name\":\"Contenidos El Regional\",\"@id\":\"http:\/\/elregionalvm.com.ar\/noticias-villa-maria\/#\/schema\/person\/a0fb9c422317faca23d50163151bc354\"},\"headline\":\"Salud prev\u00e9 aumento de casos hasta fines de septiembre\",\"datePublished\":\"2020-09-18T01:35:01+00:00\",\"dateModified\":\"2020-09-18T01:45:21+00:00\",\"mainEntityOfPage\":{\"@id\":\"http:\/\/elregionalvm.com.ar\/noticias-villa-maria\/salud-preve-aumento-de-casos-hasta-fines-de-septiembre\/\"},\"wordCount\":255,\"commentCount\":0,\"image\":{\"@id\":\"http:\/\/elregionalvm.com.ar\/noticias-villa-maria\/salud-preve-aumento-de-casos-hasta-fines-de-septiembre\/#primaryimage\"},\"thumbnailUrl\":\"https:\/\/i0.wp.com\/elregionalvm.com.ar\/noticias-villa-maria\/wp-content\/uploads\/2020\/09\/Salud-Cardozo-ministro.jpg?fit=977%2C589&ssl=1\",\"keywords\":[\"COE\",\"Contagios\",\"Covid 19\",\"destacado\",\"Ministerio de Salud\",\"Nuevos casos\",\"Reuniones familiares\",\"Reuniones sociales\"],\"articleSection\":[\"Coronavirus\",\"Sociedad\"],\"inLanguage\":\"es\",\"potentialAction\":[{\"@type\":\"CommentAction\",\"name\":\"Comment\",\"target\":[\"http:\/\/elregionalvm.com.ar\/noticias-villa-maria\/salud-preve-aumento-de-casos-hasta-fines-de-septiembre\/#respond\"]}]},{\"@type\":\"WebPage\",\"@id\":\"http:\/\/elregionalvm.com.ar\/noticias-villa-maria\/salud-preve-aumento-de-casos-hasta-fines-de-septiembre\/\",\"url\":\"http:\/\/elregionalvm.com.ar\/noticias-villa-maria\/salud-preve-aumento-de-casos-hasta-fines-de-septiembre\/\",\"name\":\"Salud prev\u00e9 aumento de casos hasta fines de septiembre - El Regional\",\"isPartOf\":{\"@id\":\"http:\/\/elregionalvm.com.ar\/noticias-villa-maria\/#website\"},\"primaryImageOfPage\":{\"@id\":\"http:\/\/elregionalvm.com.ar\/noticias-villa-maria\/salud-preve-aumento-de-casos-hasta-fines-de-septiembre\/#primaryimage\"},\"image\":{\"@id\":\"http:\/\/elregionalvm.com.ar\/noticias-villa-maria\/salud-preve-aumento-de-casos-hasta-fines-de-septiembre\/#primaryimage\"},\"thumbnailUrl\":\"https:\/\/i0.wp.com\/elregionalvm.com.ar\/noticias-villa-maria\/wp-content\/uploads\/2020\/09\/Salud-Cardozo-ministro.jpg?fit=977%2C589&ssl=1\",\"datePublished\":\"2020-09-18T01:35:01+00:00\",\"dateModified\":\"2020-09-18T01:45:21+00:00\",\"author\":{\"@id\":\"http:\/\/elregionalvm.com.ar\/noticias-villa-maria\/#\/schema\/person\/a0fb9c422317faca23d50163151bc354\"},\"description\":\"\u201cEstimamos que aumentar\u00e1 el n\u00famero de casos al menos hasta fines de septiembre\u201d, dijo el ministro de Salud Diego Cardozo.\",\"breadcrumb\":{\"@id\":\"http:\/\/elregionalvm.com.ar\/noticias-villa-maria\/salud-preve-aumento-de-casos-hasta-fines-de-septiembre\/#breadcrumb\"},\"inLanguage\":\"es\",\"potentialAction\":[{\"@type\":\"ReadAction\",\"target\":[\"http:\/\/elregionalvm.com.ar\/noticias-villa-maria\/salud-preve-aumento-de-casos-hasta-fines-de-septiembre\/\"]}]},{\"@type\":\"ImageObject\",\"inLanguage\":\"es\",\"@id\":\"http:\/\/elregionalvm.com.ar\/noticias-villa-maria\/salud-preve-aumento-de-casos-hasta-fines-de-septiembre\/#primaryimage\",\"url\":\"https:\/\/i0.wp.com\/elregionalvm.com.ar\/noticias-villa-maria\/wp-content\/uploads\/2020\/09\/Salud-Cardozo-ministro.jpg?fit=977%2C589&ssl=1\",\"contentUrl\":\"https:\/\/i0.wp.com\/elregionalvm.com.ar\/noticias-villa-maria\/wp-content\/uploads\/2020\/09\/Salud-Cardozo-ministro.jpg?fit=977%2C589&ssl=1\",\"width\":977,\"height\":589},{\"@type\":\"BreadcrumbList\",\"@id\":\"http:\/\/elregionalvm.com.ar\/noticias-villa-maria\/salud-preve-aumento-de-casos-hasta-fines-de-septiembre\/#breadcrumb\",\"itemListElement\":[{\"@type\":\"ListItem\",\"position\":1,\"name\":\"Portada\",\"item\":\"https:\/\/elregionalvm.com.ar\/noticias-villa-maria\/\"},{\"@type\":\"ListItem\",\"position\":2,\"name\":\"Salud prev\u00e9 aumento de casos hasta fines de septiembre\"}]},{\"@type\":\"WebSite\",\"@id\":\"http:\/\/elregionalvm.com.ar\/noticias-villa-maria\/#website\",\"url\":\"http:\/\/elregionalvm.com.ar\/noticias-villa-maria\/\",\"name\":\"El Regional\",\"description\":\"Mucho m\u00e1s que informaci\u00f3n\",\"potentialAction\":[{\"@type\":\"SearchAction\",\"target\":{\"@type\":\"EntryPoint\",\"urlTemplate\":\"http:\/\/elregionalvm.com.ar\/noticias-villa-maria\/?s={search_term_string}\"},\"query-input\":{\"@type\":\"PropertyValueSpecification\",\"valueRequired\":true,\"valueName\":\"search_term_string\"}}],\"inLanguage\":\"es\"},{\"@type\":\"Person\",\"@id\":\"http:\/\/elregionalvm.com.ar\/noticias-villa-maria\/#\/schema\/person\/a0fb9c422317faca23d50163151bc354\",\"name\":\"Contenidos El Regional\",\"image\":{\"@type\":\"ImageObject\",\"inLanguage\":\"es\",\"@id\":\"http:\/\/elregionalvm.com.ar\/noticias-villa-maria\/#\/schema\/person\/image\/\",\"url\":\"https:\/\/secure.gravatar.com\/avatar\/265b27cb2209af7bb3a1318f03305787d7981a5cc6e6cd08fe5a4ecdf99d4b48?s=96&d=mm&r=g\",\"contentUrl\":\"https:\/\/secure.gravatar.com\/avatar\/265b27cb2209af7bb3a1318f03305787d7981a5cc6e6cd08fe5a4ecdf99d4b48?s=96&d=mm&r=g\",\"caption\":\"Contenidos El Regional\"},\"url\":\"https:\/\/elregionalvm.com.ar\/noticias-villa-maria\/author\/contenido\/\"}]}<\/script>\n<!-- \/ Yoast SEO plugin. -->","yoast_head_json":{"title":"Salud prev\u00e9 aumento de casos hasta fines de septiembre - El Regional","description":"\u201cEstimamos que aumentar\u00e1 el n\u00famero de casos al menos hasta fines de septiembre\u201d, dijo el ministro de Salud Diego Cardozo.","robots":{"index":"index","follow":"follow","max-snippet":"max-snippet:-1","max-image-preview":"max-image-preview:large","max-video-preview":"max-video-preview:-1"},"canonical":"http:\/\/elregionalvm.com.ar\/noticias-villa-maria\/salud-preve-aumento-de-casos-hasta-fines-de-septiembre\/","og_locale":"es_ES","og_type":"article","og_title":"Salud prev\u00e9 aumento de casos hasta fines de septiembre - El Regional","og_description":"\u201cEstimamos que aumentar\u00e1 el n\u00famero de casos al menos hasta fines de septiembre\u201d, dijo el ministro de Salud Diego Cardozo.","og_url":"http:\/\/elregionalvm.com.ar\/noticias-villa-maria\/salud-preve-aumento-de-casos-hasta-fines-de-septiembre\/","og_site_name":"El Regional","article_publisher":"https:\/\/www.facebook.com\/elregionalvm","article_published_time":"2020-09-18T01:35:01+00:00","article_modified_time":"2020-09-18T01:45:21+00:00","og_image":[{"width":977,"height":589,"url":"http:\/\/elregionalvm.com.ar\/noticias-villa-maria\/wp-content\/uploads\/2020\/09\/Salud-Cardozo-ministro.jpg","type":"image\/jpeg"}],"author":"Contenidos El Regional","twitter_card":"summary_large_image","twitter_creator":"@elregionalvm1","twitter_site":"@elregionalvm1","twitter_misc":{"Escrito por":"Contenidos El Regional","Tiempo de lectura":"1 minuto"},"schema":{"@context":"https:\/\/schema.org","@graph":[{"@type":"Article","@id":"http:\/\/elregionalvm.com.ar\/noticias-villa-maria\/salud-preve-aumento-de-casos-hasta-fines-de-septiembre\/#article","isPartOf":{"@id":"http:\/\/elregionalvm.com.ar\/noticias-villa-maria\/salud-preve-aumento-de-casos-hasta-fines-de-septiembre\/"},"author":{"name":"Contenidos El Regional","@id":"http:\/\/elregionalvm.com.ar\/noticias-villa-maria\/#\/schema\/person\/a0fb9c422317faca23d50163151bc354"},"headline":"Salud prev\u00e9 aumento de casos hasta fines de septiembre","datePublished":"2020-09-18T01:35:01+00:00","dateModified":"2020-09-18T01:45:21+00:00","mainEntityOfPage":{"@id":"http:\/\/elregionalvm.com.ar\/noticias-villa-maria\/salud-preve-aumento-de-casos-hasta-fines-de-septiembre\/"},"wordCount":255,"commentCount":0,"image":{"@id":"http:\/\/elregionalvm.com.ar\/noticias-villa-maria\/salud-preve-aumento-de-casos-hasta-fines-de-septiembre\/#primaryimage"},"thumbnailUrl":"https:\/\/i0.wp.com\/elregionalvm.com.ar\/noticias-villa-maria\/wp-content\/uploads\/2020\/09\/Salud-Cardozo-ministro.jpg?fit=977%2C589&ssl=1","keywords":["COE","Contagios","Covid 19","destacado","Ministerio de Salud","Nuevos casos","Reuniones familiares","Reuniones sociales"],"articleSection":["Coronavirus","Sociedad"],"inLanguage":"es","potentialAction":[{"@type":"CommentAction","name":"Comment","target":["http:\/\/elregionalvm.com.ar\/noticias-villa-maria\/salud-preve-aumento-de-casos-hasta-fines-de-septiembre\/#respond"]}]},{"@type":"WebPage","@id":"http:\/\/elregionalvm.com.ar\/noticias-villa-maria\/salud-preve-aumento-de-casos-hasta-fines-de-septiembre\/","url":"http:\/\/elregionalvm.com.ar\/noticias-villa-maria\/salud-preve-aumento-de-casos-hasta-fines-de-septiembre\/","name":"Salud prev\u00e9 aumento de casos hasta fines de septiembre - El Regional","isPartOf":{"@id":"http:\/\/elregionalvm.com.ar\/noticias-villa-maria\/#website"},"primaryImageOfPage":{"@id":"http:\/\/elregionalvm.com.ar\/noticias-villa-maria\/salud-preve-aumento-de-casos-hasta-fines-de-septiembre\/#primaryimage"},"image":{"@id":"http:\/\/elregionalvm.com.ar\/noticias-villa-maria\/salud-preve-aumento-de-casos-hasta-fines-de-septiembre\/#primaryimage"},"thumbnailUrl":"https:\/\/i0.wp.com\/elregionalvm.com.ar\/noticias-villa-maria\/wp-content\/uploads\/2020\/09\/Salud-Cardozo-ministro.jpg?fit=977%2C589&ssl=1","datePublished":"2020-09-18T01:35:01+00:00","dateModified":"2020-09-18T01:45:21+00:00","author":{"@id":"http:\/\/elregionalvm.com.ar\/noticias-villa-maria\/#\/schema\/person\/a0fb9c422317faca23d50163151bc354"},"description":"\u201cEstimamos que aumentar\u00e1 el n\u00famero de casos al menos hasta fines de septiembre\u201d, dijo el ministro de Salud Diego Cardozo.","breadcrumb":{"@id":"http:\/\/elregionalvm.com.ar\/noticias-villa-maria\/salud-preve-aumento-de-casos-hasta-fines-de-septiembre\/#breadcrumb"},"inLanguage":"es","potentialAction":[{"@type":"ReadAction","target":["http:\/\/elregionalvm.com.ar\/noticias-villa-maria\/salud-preve-aumento-de-casos-hasta-fines-de-septiembre\/"]}]},{"@type":"ImageObject","inLanguage":"es","@id":"http:\/\/elregionalvm.com.ar\/noticias-villa-maria\/salud-preve-aumento-de-casos-hasta-fines-de-septiembre\/#primaryimage","url":"https:\/\/i0.wp.com\/elregionalvm.com.ar\/noticias-villa-maria\/wp-content\/uploads\/2020\/09\/Salud-Cardozo-ministro.jpg?fit=977%2C589&ssl=1","contentUrl":"https:\/\/i0.wp.com\/elregionalvm.com.ar\/noticias-villa-maria\/wp-content\/uploads\/2020\/09\/Salud-Cardozo-ministro.jpg?fit=977%2C589&ssl=1","width":977,"height":589},{"@type":"BreadcrumbList","@id":"http:\/\/elregionalvm.com.ar\/noticias-villa-maria\/salud-preve-aumento-de-casos-hasta-fines-de-septiembre\/#breadcrumb","itemListElement":[{"@type":"ListItem","position":1,"name":"Portada","item":"https:\/\/elregionalvm.com.ar\/noticias-villa-maria\/"},{"@type":"ListItem","position":2,"name":"Salud prev\u00e9 aumento de casos hasta fines de septiembre"}]},{"@type":"WebSite","@id":"http:\/\/elregionalvm.com.ar\/noticias-villa-maria\/#website","url":"http:\/\/elregionalvm.com.ar\/noticias-villa-maria\/","name":"El Regional","description":"Mucho m\u00e1s que informaci\u00f3n","potentialAction":[{"@type":"SearchAction","target":{"@type":"EntryPoint","urlTemplate":"http:\/\/elregionalvm.com.ar\/noticias-villa-maria\/?s={search_term_string}"},"query-input":{"@type":"PropertyValueSpecification","valueRequired":true,"valueName":"search_term_string"}}],"inLanguage":"es"},{"@type":"Person","@id":"http:\/\/elregionalvm.com.ar\/noticias-villa-maria\/#\/schema\/person\/a0fb9c422317faca23d50163151bc354","name":"Contenidos El Regional","image":{"@type":"ImageObject","inLanguage":"es","@id":"http:\/\/elregionalvm.com.ar\/noticias-villa-maria\/#\/schema\/person\/image\/","url":"https:\/\/secure.gravatar.com\/avatar\/265b27cb2209af7bb3a1318f03305787d7981a5cc6e6cd08fe5a4ecdf99d4b48?s=96&d=mm&r=g","contentUrl":"https:\/\/secure.gravatar.com\/avatar\/265b27cb2209af7bb3a1318f03305787d7981a5cc6e6cd08fe5a4ecdf99d4b48?s=96&d=mm&r=g","caption":"Contenidos El Regional"},"url":"https:\/\/elregionalvm.com.ar\/noticias-villa-maria\/author\/contenido\/"}]}},"jetpack_featured_media_url":"https:\/\/i0.wp.com\/elregionalvm.com.ar\/noticias-villa-maria\/wp-content\/uploads\/2020\/09\/Salud-Cardozo-ministro.jpg?fit=977%2C589&ssl=1","jetpack_sharing_enabled":true,"_links":{"self":[{"href":"https:\/\/elregionalvm.com.ar\/noticias-villa-maria\/wp-json\/wp\/v2\/posts\/24089","targetHints":{"allow":["GET"]}}],"collection":[{"href":"https:\/\/elregionalvm.com.ar\/noticias-villa-maria\/wp-json\/wp\/v2\/posts"}],"about":[{"href":"https:\/\/elregionalvm.com.ar\/noticias-villa-maria\/wp-json\/wp\/v2\/types\/post"}],"author":[{"embeddable":true,"href":"https:\/\/elregionalvm.com.ar\/noticias-villa-maria\/wp-json\/wp\/v2\/users\/4"}],"replies":[{"embeddable":true,"href":"https:\/\/elregionalvm.com.ar\/noticias-villa-maria\/wp-json\/wp\/v2\/comments?post=24089"}],"version-history":[{"count":2,"href":"https:\/\/elregionalvm.com.ar\/noticias-villa-maria\/wp-json\/wp\/v2\/posts\/24089\/revisions"}],"predecessor-version":[{"id":24093,"href":"https:\/\/elregionalvm.com.ar\/noticias-villa-maria\/wp-json\/wp\/v2\/posts\/24089\/revisions\/24093"}],"wp:featuredmedia":[{"embeddable":true,"href":"https:\/\/elregionalvm.com.ar\/noticias-villa-maria\/wp-json\/wp\/v2\/media\/24090"}],"wp:attachment":[{"href":"https:\/\/elregionalvm.com.ar\/noticias-villa-maria\/wp-json\/wp\/v2\/media?parent=24089"}],"wp:term":[{"taxonomy":"category","embeddable":true,"href":"https:\/\/elregionalvm.com.ar\/noticias-villa-maria\/wp-json\/wp\/v2\/categories?post=24089"},{"taxonomy":"post_tag","embeddable":true,"href":"https:\/\/elregionalvm.com.ar\/noticias-villa-maria\/wp-json\/wp\/v2\/tags?post=24089"}],"curies":[{"name":"wp","href":"https:\/\/api.w.org\/{rel}","templated":true}]}}