{"id":24094,"date":"2020-09-18T02:34:36","date_gmt":"2020-09-18T02:34:36","guid":{"rendered":"https:\/\/elregionalvm.com.ar\/noticias-villa-maria\/?p=24094"},"modified":"2020-09-19T03:09:12","modified_gmt":"2020-09-19T03:09:12","slug":"inversiones-por-que-somos-un-pais-inviable","status":"publish","type":"post","link":"https:\/\/elregionalvm.com.ar\/noticias-villa-maria\/inversiones-por-que-somos-un-pais-inviable\/","title":{"rendered":"Inversiones: \u00bfPor qu\u00e9 somos un pa\u00eds inviable?"},"content":{"rendered":"\n<p><strong>Escribe: Julio C\u00e9sar Nieto <\/strong><\/p>\n\n\n\n<p>Tras el endurecimiento de medidas lanzadas por el BCRA y la AFIP para frenar el drenaje de reservas, el \u2018nuevo\u2019 d\u00f3lar solidario, con impuesto del 35%, cerr\u00f3 a $131,26.<\/p>\n\n\n\n<p>La serie de medidas tendientes a aliviar la presi\u00f3n sobre las reservas en el corto plazo afectar\u00e1 para peor la situaci\u00f3n financiera de varias empresas, que por encima del incremento en las brechas cambiarias, las expectativas de devaluaci\u00f3n acelera la decisi\u00f3n de muchas de ellas de cerrar o abandonar el pa\u00eds.<\/p>\n\n\n\n<p>Tras el emblem\u00e1tico caso de Latam, sumado a tiendas como Falabella, varias empresas, c\u00f3mo Glovo, buscan irse del pa\u00eds.<\/p>\n\n\n\n<p><strong>\u00bfPor qu\u00e9 no atraemos inversiones?<\/strong><\/p>\n\n\n\n<p>En un informe de la ONU, sobre 202 pa\u00edses, el Indice de Atracci\u00f3n Global (GAI, seg\u00fan sus siglas en ingl\u00e9s) que realiza todos los a\u00f1os The European House Ambrosetti, el pa\u00eds retrocedi\u00f3 del puesto 73 al 92 en el ranking del 2020.<\/p>\n\n\n\n<figure class=\"wp-block-image size-large\"><img data-recalc-dims=\"1\" fetchpriority=\"high\" decoding=\"async\" width=\"516\" height=\"697\" src=\"https:\/\/i0.wp.com\/elregionalvm.com.ar\/noticias-villa-maria\/wp-content\/uploads\/2020\/09\/image.png?resize=516%2C697&#038;ssl=1\" alt=\"\" class=\"wp-image-24095\" srcset=\"https:\/\/i0.wp.com\/elregionalvm.com.ar\/noticias-villa-maria\/wp-content\/uploads\/2020\/09\/image.png?w=516&amp;ssl=1 516w, https:\/\/i0.wp.com\/elregionalvm.com.ar\/noticias-villa-maria\/wp-content\/uploads\/2020\/09\/image.png?resize=222%2C300&amp;ssl=1 222w\" sizes=\"(max-width: 516px) 100vw, 516px\" \/><\/figure>\n\n\n\n<p>La creciente inestabilidad institucional, las err\u00e1ticas pol\u00edticas econ\u00f3micas, la presi\u00f3n tributaria e inseguridad jur\u00eddica (en materia de contratos) son las principales causas apuntadas por el informe, y la opini\u00f3n de empresarios y economistas.<\/p>\n\n\n\n<p>La lista que afecta tanto a empresas nacionales como extranjeras, muestra una vez m\u00e1s la inviabilidad de la Argentina a la hora de atraer inversiones ya sea desde adentro o de afuera.<\/p>\n\n\n\n<figure class=\"wp-block-image size-large\"><img data-recalc-dims=\"1\" decoding=\"async\" width=\"568\" height=\"429\" src=\"https:\/\/i0.wp.com\/elregionalvm.com.ar\/noticias-villa-maria\/wp-content\/uploads\/2020\/09\/image-1.png?resize=568%2C429&#038;ssl=1\" alt=\"\" class=\"wp-image-24096\" srcset=\"https:\/\/i0.wp.com\/elregionalvm.com.ar\/noticias-villa-maria\/wp-content\/uploads\/2020\/09\/image-1.png?w=568&amp;ssl=1 568w, https:\/\/i0.wp.com\/elregionalvm.com.ar\/noticias-villa-maria\/wp-content\/uploads\/2020\/09\/image-1.png?resize=300%2C227&amp;ssl=1 300w\" sizes=\"(max-width: 568px) 100vw, 568px\" \/><\/figure>\n\n\n\n<p><\/p>\n\n\n\n<p>La cuarentena m\u00e1s larga del mundo tampoco ayuda, ya que a diferencia de nuestros vecinos (como Uruguay o Brasil) la decadencia como llamador de inversiones se ha profundizado en los \u00faltimos tiempos, por las condiciones antes mencionadas. <\/p>\n\n\n\n<p>Argentina terminar\u00e1 el a\u00f1o no solo con una crisis de deuda, desequilibrios fiscales y brechas cambiarias; sino adem\u00e1s con un nivel de IED (Inversi\u00f3n Extranjera Directa) similar a los que tuvo en la \u00e9poca de la hiperinflaci\u00f3n de 1989, o de la Crisis 2001\/2002.<\/p>\n\n\n\n<p><\/p>\n\n\n\n<ul class=\"wp-block-list\"><li><strong>Le\u00e9 m\u00e1s: <\/strong><\/li><\/ul>\n\n\n\n<p><\/p>\n\n\n\n<figure class=\"wp-block-embed-wordpress wp-block-embed is-type-wp-embed is-provider-el-regional\"><div class=\"wp-block-embed__wrapper\">\n<blockquote class=\"wp-embedded-content\" data-secret=\"0bdiaUDoUg\"><a href=\"https:\/\/elregionalvm.com.ar\/noticias-villa-maria\/impuestos-a-la-riqueza-el-remedio-peor-que-la-enfermedad\/\">Impuestos a la riqueza: el remedio peor que la enfermedad<\/a><\/blockquote><iframe class=\"wp-embedded-content\" sandbox=\"allow-scripts\" security=\"restricted\" style=\"position: absolute; visibility: hidden;\" title=\"\u00abImpuestos a la riqueza: el remedio peor que la enfermedad\u00bb \u2014 El Regional\" src=\"https:\/\/elregionalvm.com.ar\/noticias-villa-maria\/impuestos-a-la-riqueza-el-remedio-peor-que-la-enfermedad\/embed\/#?secret=NLLqNwYA5D#?secret=0bdiaUDoUg\" data-secret=\"0bdiaUDoUg\" width=\"500\" height=\"282\" frameborder=\"0\" marginwidth=\"0\" marginheight=\"0\" scrolling=\"no\"><\/iframe>\n<\/div><\/figure>\n","protected":false},"excerpt":{"rendered":"<p>Escribe: Julio C\u00e9sar Nieto Tras el endurecimiento de medidas lanzadas por el BCRA y la AFIP para frenar el drenaje de reservas, el \u2018nuevo\u2019 d\u00f3lar solidario, con impuesto del 35%, cerr\u00f3 a $131,26. La serie de medidas tendientes a aliviar la presi\u00f3n sobre las reservas en el corto plazo afectar\u00e1 para peor la situaci\u00f3n financiera [&hellip;]<\/p>\n","protected":false},"author":4,"featured_media":24130,"comment_status":"open","ping_status":"open","sticky":false,"template":"","format":"standard","meta":{"site-sidebar-layout":"default","site-content-layout":"default","ast-site-content-layout":"default","site-content-style":"default","site-sidebar-style":"default","ast-global-header-display":"","ast-banner-title-visibility":"","ast-main-header-display":"","ast-hfb-above-header-display":"","ast-hfb-below-header-display":"","ast-hfb-mobile-header-display":"","site-post-title":"","ast-breadcrumbs-content":"","ast-featured-img":"","footer-sml-layout":"","ast-disable-related-posts":"","theme-transparent-header-meta":"default","adv-header-id-meta":"","stick-header-meta":"","header-above-stick-meta":"","header-main-stick-meta":"","header-below-stick-meta":"","astra-migrate-meta-layouts":"default","ast-page-background-enabled":"default","ast-page-background-meta":{"desktop":{"background-color":"","background-image":"","background-repeat":"repeat","background-position":"center center","background-size":"auto","background-attachment":"scroll","background-type":"","background-media":"","overlay-type":"","overlay-color":"","overlay-opacity":"","overlay-gradient":""},"tablet":{"background-color":"","background-image":"","background-repeat":"repeat","background-position":"center center","background-size":"auto","background-attachment":"scroll","background-type":"","background-media":"","overlay-type":"","overlay-color":"","overlay-opacity":"","overlay-gradient":""},"mobile":{"background-color":"","background-image":"","background-repeat":"repeat","background-position":"center center","background-size":"auto","background-attachment":"scroll","background-type":"","background-media":"","overlay-type":"","overlay-color":"","overlay-opacity":"","overlay-gradient":""}},"ast-content-background-meta":{"desktop":{"background-color":"var(--ast-global-color-5)","background-image":"","background-repeat":"repeat","background-position":"center center","background-size":"auto","background-attachment":"scroll","background-type":"","background-media":"","overlay-type":"","overlay-color":"","overlay-opacity":"","overlay-gradient":""},"tablet":{"background-color":"var(--ast-global-color-5)","background-image":"","background-repeat":"repeat","background-position":"center center","background-size":"auto","background-attachment":"scroll","background-type":"","background-media":"","overlay-type":"","overlay-color":"","overlay-opacity":"","overlay-gradient":""},"mobile":{"background-color":"var(--ast-global-color-5)","background-image":"","background-repeat":"repeat","background-position":"center center","background-size":"auto","background-attachment":"scroll","background-type":"","background-media":"","overlay-type":"","overlay-color":"","overlay-opacity":"","overlay-gradient":""}},"_jetpack_memberships_contains_paid_content":false,"_joinchat":[],"footnotes":""},"categories":[3557],"tags":[505,4039,4042,4041,4038,3879,4040],"class_list":["post-24094","post","type-post","status-publish","format-standard","has-post-thumbnail","hentry","category-tercera","tag-economia","tag-fuga-de-empresas","tag-inversion-extranjera","tag-inversiones","tag-pais-inviable","tag-presion-tributaria","tag-situacion-financiera"],"yoast_head":"<!-- This site is optimized with the Yoast SEO plugin v26.8 - https:\/\/yoast.com\/product\/yoast-seo-wordpress\/ -->\n<title>Inversiones: \u00bfPor qu\u00e9 somos un pa\u00eds inviable? - El Regional<\/title>\n<meta name=\"description\" content=\"La creciente inestabilidad institucional, las err\u00e1ticas pol\u00edticas econ\u00f3micas, la presi\u00f3n tributaria y la inseguridad jur\u00eddica son algunas de las razones.\" \/>\n<meta name=\"robots\" content=\"index, follow, max-snippet:-1, max-image-preview:large, max-video-preview:-1\" \/>\n<link rel=\"canonical\" href=\"http:\/\/elregionalvm.com.ar\/noticias-villa-maria\/inversiones-por-que-somos-un-pais-inviable\/\" \/>\n<meta property=\"og:locale\" content=\"es_ES\" \/>\n<meta property=\"og:type\" content=\"article\" \/>\n<meta property=\"og:title\" content=\"Inversiones: \u00bfPor qu\u00e9 somos un pa\u00eds inviable? - El Regional\" \/>\n<meta property=\"og:description\" content=\"La creciente inestabilidad institucional, las err\u00e1ticas pol\u00edticas econ\u00f3micas, la presi\u00f3n tributaria y la inseguridad jur\u00eddica son algunas de las razones.\" \/>\n<meta property=\"og:url\" content=\"http:\/\/elregionalvm.com.ar\/noticias-villa-maria\/inversiones-por-que-somos-un-pais-inviable\/\" \/>\n<meta property=\"og:site_name\" content=\"El Regional\" \/>\n<meta property=\"article:publisher\" content=\"https:\/\/www.facebook.com\/elregionalvm\" \/>\n<meta property=\"article:published_time\" content=\"2020-09-18T02:34:36+00:00\" \/>\n<meta property=\"article:modified_time\" content=\"2020-09-19T03:09:12+00:00\" \/>\n<meta property=\"og:image\" content=\"http:\/\/elregionalvm.com.ar\/noticias-villa-maria\/wp-content\/uploads\/2020\/09\/Argentina-rezando-1.jpg\" \/>\n\t<meta property=\"og:image:width\" content=\"895\" \/>\n\t<meta property=\"og:image:height\" content=\"604\" \/>\n\t<meta property=\"og:image:type\" content=\"image\/jpeg\" \/>\n<meta name=\"author\" content=\"Contenidos El Regional\" \/>\n<meta name=\"twitter:card\" content=\"summary_large_image\" \/>\n<meta name=\"twitter:creator\" content=\"@elregionalvm1\" \/>\n<meta name=\"twitter:site\" content=\"@elregionalvm1\" \/>\n<meta name=\"twitter:label1\" content=\"Escrito por\" \/>\n\t<meta name=\"twitter:data1\" content=\"Contenidos El Regional\" \/>\n\t<meta name=\"twitter:label2\" content=\"Tiempo de lectura\" \/>\n\t<meta name=\"twitter:data2\" content=\"2 minutos\" \/>\n<script type=\"application\/ld+json\" class=\"yoast-schema-graph\">{\"@context\":\"https:\/\/schema.org\",\"@graph\":[{\"@type\":\"Article\",\"@id\":\"http:\/\/elregionalvm.com.ar\/noticias-villa-maria\/inversiones-por-que-somos-un-pais-inviable\/#article\",\"isPartOf\":{\"@id\":\"http:\/\/elregionalvm.com.ar\/noticias-villa-maria\/inversiones-por-que-somos-un-pais-inviable\/\"},\"author\":{\"name\":\"Contenidos El Regional\",\"@id\":\"http:\/\/elregionalvm.com.ar\/noticias-villa-maria\/#\/schema\/person\/a0fb9c422317faca23d50163151bc354\"},\"headline\":\"Inversiones: \u00bfPor qu\u00e9 somos un pa\u00eds inviable?\",\"datePublished\":\"2020-09-18T02:34:36+00:00\",\"dateModified\":\"2020-09-19T03:09:12+00:00\",\"mainEntityOfPage\":{\"@id\":\"http:\/\/elregionalvm.com.ar\/noticias-villa-maria\/inversiones-por-que-somos-un-pais-inviable\/\"},\"wordCount\":333,\"commentCount\":0,\"image\":{\"@id\":\"http:\/\/elregionalvm.com.ar\/noticias-villa-maria\/inversiones-por-que-somos-un-pais-inviable\/#primaryimage\"},\"thumbnailUrl\":\"https:\/\/i0.wp.com\/elregionalvm.com.ar\/noticias-villa-maria\/wp-content\/uploads\/2020\/09\/Argentina-rezando-1.jpg?fit=895%2C604&ssl=1\",\"keywords\":[\"Econom\u00eda\",\"Fuga de empresas\",\"inversi\u00f3n extranjera\",\"Inversiones\",\"Pa\u00eds inviable\",\"presi\u00f3n tributaria\",\"situaci\u00f3n financiera\"],\"articleSection\":[\"tercera\"],\"inLanguage\":\"es\",\"potentialAction\":[{\"@type\":\"CommentAction\",\"name\":\"Comment\",\"target\":[\"http:\/\/elregionalvm.com.ar\/noticias-villa-maria\/inversiones-por-que-somos-un-pais-inviable\/#respond\"]}]},{\"@type\":\"WebPage\",\"@id\":\"http:\/\/elregionalvm.com.ar\/noticias-villa-maria\/inversiones-por-que-somos-un-pais-inviable\/\",\"url\":\"http:\/\/elregionalvm.com.ar\/noticias-villa-maria\/inversiones-por-que-somos-un-pais-inviable\/\",\"name\":\"Inversiones: \u00bfPor qu\u00e9 somos un pa\u00eds inviable? - El Regional\",\"isPartOf\":{\"@id\":\"http:\/\/elregionalvm.com.ar\/noticias-villa-maria\/#website\"},\"primaryImageOfPage\":{\"@id\":\"http:\/\/elregionalvm.com.ar\/noticias-villa-maria\/inversiones-por-que-somos-un-pais-inviable\/#primaryimage\"},\"image\":{\"@id\":\"http:\/\/elregionalvm.com.ar\/noticias-villa-maria\/inversiones-por-que-somos-un-pais-inviable\/#primaryimage\"},\"thumbnailUrl\":\"https:\/\/i0.wp.com\/elregionalvm.com.ar\/noticias-villa-maria\/wp-content\/uploads\/2020\/09\/Argentina-rezando-1.jpg?fit=895%2C604&ssl=1\",\"datePublished\":\"2020-09-18T02:34:36+00:00\",\"dateModified\":\"2020-09-19T03:09:12+00:00\",\"author\":{\"@id\":\"http:\/\/elregionalvm.com.ar\/noticias-villa-maria\/#\/schema\/person\/a0fb9c422317faca23d50163151bc354\"},\"description\":\"La creciente inestabilidad institucional, las err\u00e1ticas pol\u00edticas econ\u00f3micas, la presi\u00f3n tributaria y la inseguridad jur\u00eddica son algunas de las razones.\",\"breadcrumb\":{\"@id\":\"http:\/\/elregionalvm.com.ar\/noticias-villa-maria\/inversiones-por-que-somos-un-pais-inviable\/#breadcrumb\"},\"inLanguage\":\"es\",\"potentialAction\":[{\"@type\":\"ReadAction\",\"target\":[\"http:\/\/elregionalvm.com.ar\/noticias-villa-maria\/inversiones-por-que-somos-un-pais-inviable\/\"]}]},{\"@type\":\"ImageObject\",\"inLanguage\":\"es\",\"@id\":\"http:\/\/elregionalvm.com.ar\/noticias-villa-maria\/inversiones-por-que-somos-un-pais-inviable\/#primaryimage\",\"url\":\"https:\/\/i0.wp.com\/elregionalvm.com.ar\/noticias-villa-maria\/wp-content\/uploads\/2020\/09\/Argentina-rezando-1.jpg?fit=895%2C604&ssl=1\",\"contentUrl\":\"https:\/\/i0.wp.com\/elregionalvm.com.ar\/noticias-villa-maria\/wp-content\/uploads\/2020\/09\/Argentina-rezando-1.jpg?fit=895%2C604&ssl=1\",\"width\":895,\"height\":604},{\"@type\":\"BreadcrumbList\",\"@id\":\"http:\/\/elregionalvm.com.ar\/noticias-villa-maria\/inversiones-por-que-somos-un-pais-inviable\/#breadcrumb\",\"itemListElement\":[{\"@type\":\"ListItem\",\"position\":1,\"name\":\"Portada\",\"item\":\"https:\/\/elregionalvm.com.ar\/noticias-villa-maria\/\"},{\"@type\":\"ListItem\",\"position\":2,\"name\":\"Inversiones: \u00bfPor qu\u00e9 somos un pa\u00eds inviable?\"}]},{\"@type\":\"WebSite\",\"@id\":\"http:\/\/elregionalvm.com.ar\/noticias-villa-maria\/#website\",\"url\":\"http:\/\/elregionalvm.com.ar\/noticias-villa-maria\/\",\"name\":\"El Regional\",\"description\":\"Mucho m\u00e1s que informaci\u00f3n\",\"potentialAction\":[{\"@type\":\"SearchAction\",\"target\":{\"@type\":\"EntryPoint\",\"urlTemplate\":\"http:\/\/elregionalvm.com.ar\/noticias-villa-maria\/?s={search_term_string}\"},\"query-input\":{\"@type\":\"PropertyValueSpecification\",\"valueRequired\":true,\"valueName\":\"search_term_string\"}}],\"inLanguage\":\"es\"},{\"@type\":\"Person\",\"@id\":\"http:\/\/elregionalvm.com.ar\/noticias-villa-maria\/#\/schema\/person\/a0fb9c422317faca23d50163151bc354\",\"name\":\"Contenidos El Regional\",\"image\":{\"@type\":\"ImageObject\",\"inLanguage\":\"es\",\"@id\":\"http:\/\/elregionalvm.com.ar\/noticias-villa-maria\/#\/schema\/person\/image\/\",\"url\":\"https:\/\/secure.gravatar.com\/avatar\/265b27cb2209af7bb3a1318f03305787d7981a5cc6e6cd08fe5a4ecdf99d4b48?s=96&d=mm&r=g\",\"contentUrl\":\"https:\/\/secure.gravatar.com\/avatar\/265b27cb2209af7bb3a1318f03305787d7981a5cc6e6cd08fe5a4ecdf99d4b48?s=96&d=mm&r=g\",\"caption\":\"Contenidos El Regional\"},\"url\":\"https:\/\/elregionalvm.com.ar\/noticias-villa-maria\/author\/contenido\/\"}]}<\/script>\n<!-- \/ Yoast SEO plugin. -->","yoast_head_json":{"title":"Inversiones: \u00bfPor qu\u00e9 somos un pa\u00eds inviable? - El Regional","description":"La creciente inestabilidad institucional, las err\u00e1ticas pol\u00edticas econ\u00f3micas, la presi\u00f3n tributaria y la inseguridad jur\u00eddica son algunas de las razones.","robots":{"index":"index","follow":"follow","max-snippet":"max-snippet:-1","max-image-preview":"max-image-preview:large","max-video-preview":"max-video-preview:-1"},"canonical":"http:\/\/elregionalvm.com.ar\/noticias-villa-maria\/inversiones-por-que-somos-un-pais-inviable\/","og_locale":"es_ES","og_type":"article","og_title":"Inversiones: \u00bfPor qu\u00e9 somos un pa\u00eds inviable? - El Regional","og_description":"La creciente inestabilidad institucional, las err\u00e1ticas pol\u00edticas econ\u00f3micas, la presi\u00f3n tributaria y la inseguridad jur\u00eddica son algunas de las razones.","og_url":"http:\/\/elregionalvm.com.ar\/noticias-villa-maria\/inversiones-por-que-somos-un-pais-inviable\/","og_site_name":"El Regional","article_publisher":"https:\/\/www.facebook.com\/elregionalvm","article_published_time":"2020-09-18T02:34:36+00:00","article_modified_time":"2020-09-19T03:09:12+00:00","og_image":[{"width":895,"height":604,"url":"http:\/\/elregionalvm.com.ar\/noticias-villa-maria\/wp-content\/uploads\/2020\/09\/Argentina-rezando-1.jpg","type":"image\/jpeg"}],"author":"Contenidos El Regional","twitter_card":"summary_large_image","twitter_creator":"@elregionalvm1","twitter_site":"@elregionalvm1","twitter_misc":{"Escrito por":"Contenidos El Regional","Tiempo de lectura":"2 minutos"},"schema":{"@context":"https:\/\/schema.org","@graph":[{"@type":"Article","@id":"http:\/\/elregionalvm.com.ar\/noticias-villa-maria\/inversiones-por-que-somos-un-pais-inviable\/#article","isPartOf":{"@id":"http:\/\/elregionalvm.com.ar\/noticias-villa-maria\/inversiones-por-que-somos-un-pais-inviable\/"},"author":{"name":"Contenidos El Regional","@id":"http:\/\/elregionalvm.com.ar\/noticias-villa-maria\/#\/schema\/person\/a0fb9c422317faca23d50163151bc354"},"headline":"Inversiones: \u00bfPor qu\u00e9 somos un pa\u00eds inviable?","datePublished":"2020-09-18T02:34:36+00:00","dateModified":"2020-09-19T03:09:12+00:00","mainEntityOfPage":{"@id":"http:\/\/elregionalvm.com.ar\/noticias-villa-maria\/inversiones-por-que-somos-un-pais-inviable\/"},"wordCount":333,"commentCount":0,"image":{"@id":"http:\/\/elregionalvm.com.ar\/noticias-villa-maria\/inversiones-por-que-somos-un-pais-inviable\/#primaryimage"},"thumbnailUrl":"https:\/\/i0.wp.com\/elregionalvm.com.ar\/noticias-villa-maria\/wp-content\/uploads\/2020\/09\/Argentina-rezando-1.jpg?fit=895%2C604&ssl=1","keywords":["Econom\u00eda","Fuga de empresas","inversi\u00f3n extranjera","Inversiones","Pa\u00eds inviable","presi\u00f3n tributaria","situaci\u00f3n financiera"],"articleSection":["tercera"],"inLanguage":"es","potentialAction":[{"@type":"CommentAction","name":"Comment","target":["http:\/\/elregionalvm.com.ar\/noticias-villa-maria\/inversiones-por-que-somos-un-pais-inviable\/#respond"]}]},{"@type":"WebPage","@id":"http:\/\/elregionalvm.com.ar\/noticias-villa-maria\/inversiones-por-que-somos-un-pais-inviable\/","url":"http:\/\/elregionalvm.com.ar\/noticias-villa-maria\/inversiones-por-que-somos-un-pais-inviable\/","name":"Inversiones: \u00bfPor qu\u00e9 somos un pa\u00eds inviable? - El Regional","isPartOf":{"@id":"http:\/\/elregionalvm.com.ar\/noticias-villa-maria\/#website"},"primaryImageOfPage":{"@id":"http:\/\/elregionalvm.com.ar\/noticias-villa-maria\/inversiones-por-que-somos-un-pais-inviable\/#primaryimage"},"image":{"@id":"http:\/\/elregionalvm.com.ar\/noticias-villa-maria\/inversiones-por-que-somos-un-pais-inviable\/#primaryimage"},"thumbnailUrl":"https:\/\/i0.wp.com\/elregionalvm.com.ar\/noticias-villa-maria\/wp-content\/uploads\/2020\/09\/Argentina-rezando-1.jpg?fit=895%2C604&ssl=1","datePublished":"2020-09-18T02:34:36+00:00","dateModified":"2020-09-19T03:09:12+00:00","author":{"@id":"http:\/\/elregionalvm.com.ar\/noticias-villa-maria\/#\/schema\/person\/a0fb9c422317faca23d50163151bc354"},"description":"La creciente inestabilidad institucional, las err\u00e1ticas pol\u00edticas econ\u00f3micas, la presi\u00f3n tributaria y la inseguridad jur\u00eddica son algunas de las razones.","breadcrumb":{"@id":"http:\/\/elregionalvm.com.ar\/noticias-villa-maria\/inversiones-por-que-somos-un-pais-inviable\/#breadcrumb"},"inLanguage":"es","potentialAction":[{"@type":"ReadAction","target":["http:\/\/elregionalvm.com.ar\/noticias-villa-maria\/inversiones-por-que-somos-un-pais-inviable\/"]}]},{"@type":"ImageObject","inLanguage":"es","@id":"http:\/\/elregionalvm.com.ar\/noticias-villa-maria\/inversiones-por-que-somos-un-pais-inviable\/#primaryimage","url":"https:\/\/i0.wp.com\/elregionalvm.com.ar\/noticias-villa-maria\/wp-content\/uploads\/2020\/09\/Argentina-rezando-1.jpg?fit=895%2C604&ssl=1","contentUrl":"https:\/\/i0.wp.com\/elregionalvm.com.ar\/noticias-villa-maria\/wp-content\/uploads\/2020\/09\/Argentina-rezando-1.jpg?fit=895%2C604&ssl=1","width":895,"height":604},{"@type":"BreadcrumbList","@id":"http:\/\/elregionalvm.com.ar\/noticias-villa-maria\/inversiones-por-que-somos-un-pais-inviable\/#breadcrumb","itemListElement":[{"@type":"ListItem","position":1,"name":"Portada","item":"https:\/\/elregionalvm.com.ar\/noticias-villa-maria\/"},{"@type":"ListItem","position":2,"name":"Inversiones: \u00bfPor qu\u00e9 somos un pa\u00eds inviable?"}]},{"@type":"WebSite","@id":"http:\/\/elregionalvm.com.ar\/noticias-villa-maria\/#website","url":"http:\/\/elregionalvm.com.ar\/noticias-villa-maria\/","name":"El Regional","description":"Mucho m\u00e1s que informaci\u00f3n","potentialAction":[{"@type":"SearchAction","target":{"@type":"EntryPoint","urlTemplate":"http:\/\/elregionalvm.com.ar\/noticias-villa-maria\/?s={search_term_string}"},"query-input":{"@type":"PropertyValueSpecification","valueRequired":true,"valueName":"search_term_string"}}],"inLanguage":"es"},{"@type":"Person","@id":"http:\/\/elregionalvm.com.ar\/noticias-villa-maria\/#\/schema\/person\/a0fb9c422317faca23d50163151bc354","name":"Contenidos El Regional","image":{"@type":"ImageObject","inLanguage":"es","@id":"http:\/\/elregionalvm.com.ar\/noticias-villa-maria\/#\/schema\/person\/image\/","url":"https:\/\/secure.gravatar.com\/avatar\/265b27cb2209af7bb3a1318f03305787d7981a5cc6e6cd08fe5a4ecdf99d4b48?s=96&d=mm&r=g","contentUrl":"https:\/\/secure.gravatar.com\/avatar\/265b27cb2209af7bb3a1318f03305787d7981a5cc6e6cd08fe5a4ecdf99d4b48?s=96&d=mm&r=g","caption":"Contenidos El Regional"},"url":"https:\/\/elregionalvm.com.ar\/noticias-villa-maria\/author\/contenido\/"}]}},"jetpack_featured_media_url":"https:\/\/i0.wp.com\/elregionalvm.com.ar\/noticias-villa-maria\/wp-content\/uploads\/2020\/09\/Argentina-rezando-1.jpg?fit=895%2C604&ssl=1","jetpack_sharing_enabled":true,"_links":{"self":[{"href":"https:\/\/elregionalvm.com.ar\/noticias-villa-maria\/wp-json\/wp\/v2\/posts\/24094","targetHints":{"allow":["GET"]}}],"collection":[{"href":"https:\/\/elregionalvm.com.ar\/noticias-villa-maria\/wp-json\/wp\/v2\/posts"}],"about":[{"href":"https:\/\/elregionalvm.com.ar\/noticias-villa-maria\/wp-json\/wp\/v2\/types\/post"}],"author":[{"embeddable":true,"href":"https:\/\/elregionalvm.com.ar\/noticias-villa-maria\/wp-json\/wp\/v2\/users\/4"}],"replies":[{"embeddable":true,"href":"https:\/\/elregionalvm.com.ar\/noticias-villa-maria\/wp-json\/wp\/v2\/comments?post=24094"}],"version-history":[{"count":3,"href":"https:\/\/elregionalvm.com.ar\/noticias-villa-maria\/wp-json\/wp\/v2\/posts\/24094\/revisions"}],"predecessor-version":[{"id":24104,"href":"https:\/\/elregionalvm.com.ar\/noticias-villa-maria\/wp-json\/wp\/v2\/posts\/24094\/revisions\/24104"}],"wp:featuredmedia":[{"embeddable":true,"href":"https:\/\/elregionalvm.com.ar\/noticias-villa-maria\/wp-json\/wp\/v2\/media\/24130"}],"wp:attachment":[{"href":"https:\/\/elregionalvm.com.ar\/noticias-villa-maria\/wp-json\/wp\/v2\/media?parent=24094"}],"wp:term":[{"taxonomy":"category","embeddable":true,"href":"https:\/\/elregionalvm.com.ar\/noticias-villa-maria\/wp-json\/wp\/v2\/categories?post=24094"},{"taxonomy":"post_tag","embeddable":true,"href":"https:\/\/elregionalvm.com.ar\/noticias-villa-maria\/wp-json\/wp\/v2\/tags?post=24094"}],"curies":[{"name":"wp","href":"https:\/\/api.w.org\/{rel}","templated":true}]}}