{"id":24109,"date":"2020-09-18T17:55:14","date_gmt":"2020-09-18T17:55:14","guid":{"rendered":"https:\/\/elregionalvm.com.ar\/noticias-villa-maria\/?p=24109"},"modified":"2020-09-18T17:55:15","modified_gmt":"2020-09-18T17:55:15","slug":"el-ferrocarril-sera-el-eje-de-un-encuentro-provincial","status":"publish","type":"post","link":"https:\/\/elregionalvm.com.ar\/noticias-villa-maria\/el-ferrocarril-sera-el-eje-de-un-encuentro-provincial\/","title":{"rendered":"El ferrocarril ser\u00e1 el eje de un encuentro provincial"},"content":{"rendered":"\n<p>Durante cinco d\u00edas, entre el 27 de septiembre y el 2 de octubre, y de manera virtual, se desarrollar\u00e1 el Encuentro Provincial de Museos y Patrimonio Ferroviario organizado por el municipio en el marco del 153\u00ba Aniversario de la ciudad y del primer a\u00f1o del Museo Municipal Ferroviario.<\/p>\n\n\n\n<p>En el evento disertar\u00e1n m\u00e1s de 20 investigadores, ciudadanos, y personas afines a la cultura y al patrimonio, pero principalmente disertantes fuertemente vinculados a la vida ferroviaria.<\/p>\n\n\n\n<p>Se trata de una iniciativa impulsada por el municipio, a trav\u00e9s de la instituci\u00f3n del Parque de la Vida, la Agencia C\u00f3rdoba Cultura, el Ente Regional de Desarrollo (EnRed), y articulada con otras organizaciones vinculadas, como la Asociaci\u00f3n Amigos del Ferrocarril.<\/p>\n\n\n\n<p>El Encuentro recibi\u00f3 la distinci\u00f3n del Concejo Deliberante y de la Legislatura de C\u00f3rdoba, como evento de inter\u00e9s cultural y educativo.<\/p>\n\n\n\n<p>\u201cEs una manera m\u00e1s de poner a la cultura en la agenda que siempre tenemos los villamarienses\u201d, expres\u00f3 Pablo Rosso durante la conferencia de prensa de presentaci\u00f3n, donde estuvo acompa\u00f1ado por la presidenta de la Agencia C\u00f3rdoba Cultura, Nora Bedano; el secretario de Educaci\u00f3n, Cultura y Promoci\u00f3n de la Ciencia, Rafael Sachetto; la directora de Museos y Patrimonio del municipio, Anal\u00eda Godoy y el director ejecutivo del EnRed, Jos\u00e9 Carignano.<\/p>\n\n\n\n<p>\u201cLo importante de este encuentro es que se van a rescatar historias, vivencias, investigaciones y lo que es el objetivo central, rescatar la memoria para transformarla en patrimonio\u201d, sostuvo Sachetto.<\/p>\n\n\n\n<p><strong>Inscripciones <\/strong><\/p>\n\n\n\n<p>Las inscripciones abrir\u00e1n en los pr\u00f3ximos d\u00edas y ser\u00e1n de car\u00e1cter libre y gratuito para las distintas instancias que tiene programadas. Ante cualquier informaci\u00f3n, comunicarse a trav\u00e9s del correo\u00a0<a href=\"mailto:museoferroviariovm@gmail.com\" target=\"_blank\" rel=\"noreferrer noopener\">museoferroviariovm@gmail.com<\/a>\u00a0y al 3534230189.<\/p>\n","protected":false},"excerpt":{"rendered":"<p>Durante cinco d\u00edas, entre el 27 de septiembre y el 2 de octubre, y de manera virtual, se desarrollar\u00e1 el Encuentro Provincial de Museos y Patrimonio Ferroviario organizado por el municipio en el marco del 153\u00ba Aniversario de la ciudad y del primer a\u00f1o del Museo Municipal Ferroviario. En el evento disertar\u00e1n m\u00e1s de 20 [&hellip;]<\/p>\n","protected":false},"author":4,"featured_media":24110,"comment_status":"open","ping_status":"open","sticky":false,"template":"","format":"standard","meta":{"site-sidebar-layout":"default","site-content-layout":"default","ast-site-content-layout":"default","site-content-style":"default","site-sidebar-style":"default","ast-global-header-display":"","ast-banner-title-visibility":"","ast-main-header-display":"","ast-hfb-above-header-display":"","ast-hfb-below-header-display":"","ast-hfb-mobile-header-display":"","site-post-title":"","ast-breadcrumbs-content":"","ast-featured-img":"","footer-sml-layout":"","ast-disable-related-posts":"","theme-transparent-header-meta":"default","adv-header-id-meta":"","stick-header-meta":"","header-above-stick-meta":"","header-main-stick-meta":"","header-below-stick-meta":"","astra-migrate-meta-layouts":"default","ast-page-background-enabled":"default","ast-page-background-meta":{"desktop":{"background-color":"","background-image":"","background-repeat":"repeat","background-position":"center center","background-size":"auto","background-attachment":"scroll","background-type":"","background-media":"","overlay-type":"","overlay-color":"","overlay-opacity":"","overlay-gradient":""},"tablet":{"background-color":"","background-image":"","background-repeat":"repeat","background-position":"center center","background-size":"auto","background-attachment":"scroll","background-type":"","background-media":"","overlay-type":"","overlay-color":"","overlay-opacity":"","overlay-gradient":""},"mobile":{"background-color":"","background-image":"","background-repeat":"repeat","background-position":"center center","background-size":"auto","background-attachment":"scroll","background-type":"","background-media":"","overlay-type":"","overlay-color":"","overlay-opacity":"","overlay-gradient":""}},"ast-content-background-meta":{"desktop":{"background-color":"var(--ast-global-color-5)","background-image":"","background-repeat":"repeat","background-position":"center center","background-size":"auto","background-attachment":"scroll","background-type":"","background-media":"","overlay-type":"","overlay-color":"","overlay-opacity":"","overlay-gradient":""},"tablet":{"background-color":"var(--ast-global-color-5)","background-image":"","background-repeat":"repeat","background-position":"center center","background-size":"auto","background-attachment":"scroll","background-type":"","background-media":"","overlay-type":"","overlay-color":"","overlay-opacity":"","overlay-gradient":""},"mobile":{"background-color":"var(--ast-global-color-5)","background-image":"","background-repeat":"repeat","background-position":"center center","background-size":"auto","background-attachment":"scroll","background-type":"","background-media":"","overlay-type":"","overlay-color":"","overlay-opacity":"","overlay-gradient":""}},"_jetpack_memberships_contains_paid_content":false,"_joinchat":[],"footnotes":""},"categories":[2],"tags":[4045,1597,1232,4043,2290,1184,4044,1878,3697],"class_list":["post-24109","post","type-post","status-publish","format-standard","has-post-thumbnail","hentry","category-villa-maria","tag-analia-godoy","tag-concejo-deliberante","tag-destacado","tag-encuentro-provincial","tag-ferrocarril","tag-museo-ferroviario","tag-nora-bedano","tag-pablo-rosso","tag-rafael-sachetto"],"yoast_head":"<!-- This site is optimized with the Yoast SEO plugin v26.8 - https:\/\/yoast.com\/product\/yoast-seo-wordpress\/ -->\n<title>El ferrocarril ser\u00e1 el eje de un encuentro provincial - El Regional<\/title>\n<meta name=\"description\" content=\"Entre el 27 de septiembre y el 2 de octubre, y de manera virtual, se desarrollar\u00e1 el Encuentro Provincial de Museos y Patrimonio Ferroviario.\" \/>\n<meta name=\"robots\" content=\"index, follow, max-snippet:-1, max-image-preview:large, max-video-preview:-1\" \/>\n<link rel=\"canonical\" href=\"http:\/\/elregionalvm.com.ar\/noticias-villa-maria\/el-ferrocarril-sera-el-eje-de-un-encuentro-provincial\/\" \/>\n<meta property=\"og:locale\" content=\"es_ES\" \/>\n<meta property=\"og:type\" content=\"article\" \/>\n<meta property=\"og:title\" content=\"El ferrocarril ser\u00e1 el eje de un encuentro provincial - El Regional\" \/>\n<meta property=\"og:description\" content=\"Entre el 27 de septiembre y el 2 de octubre, y de manera virtual, se desarrollar\u00e1 el Encuentro Provincial de Museos y Patrimonio Ferroviario.\" \/>\n<meta property=\"og:url\" content=\"http:\/\/elregionalvm.com.ar\/noticias-villa-maria\/el-ferrocarril-sera-el-eje-de-un-encuentro-provincial\/\" \/>\n<meta property=\"og:site_name\" content=\"El Regional\" \/>\n<meta property=\"article:publisher\" content=\"https:\/\/www.facebook.com\/elregionalvm\" \/>\n<meta property=\"article:published_time\" content=\"2020-09-18T17:55:14+00:00\" \/>\n<meta property=\"article:modified_time\" content=\"2020-09-18T17:55:15+00:00\" \/>\n<meta property=\"og:image\" content=\"http:\/\/elregionalvm.com.ar\/noticias-villa-maria\/wp-content\/uploads\/2020\/09\/encuentro-ferroviario.jpg\" \/>\n\t<meta property=\"og:image:width\" content=\"1280\" \/>\n\t<meta property=\"og:image:height\" content=\"853\" \/>\n\t<meta property=\"og:image:type\" content=\"image\/jpeg\" \/>\n<meta name=\"author\" content=\"Contenidos El Regional\" \/>\n<meta name=\"twitter:card\" content=\"summary_large_image\" \/>\n<meta name=\"twitter:creator\" content=\"@elregionalvm1\" \/>\n<meta name=\"twitter:site\" content=\"@elregionalvm1\" \/>\n<meta name=\"twitter:label1\" content=\"Escrito por\" \/>\n\t<meta name=\"twitter:data1\" content=\"Contenidos El Regional\" \/>\n\t<meta name=\"twitter:label2\" content=\"Tiempo de lectura\" \/>\n\t<meta name=\"twitter:data2\" content=\"1 minuto\" \/>\n<script type=\"application\/ld+json\" class=\"yoast-schema-graph\">{\"@context\":\"https:\/\/schema.org\",\"@graph\":[{\"@type\":\"Article\",\"@id\":\"http:\/\/elregionalvm.com.ar\/noticias-villa-maria\/el-ferrocarril-sera-el-eje-de-un-encuentro-provincial\/#article\",\"isPartOf\":{\"@id\":\"http:\/\/elregionalvm.com.ar\/noticias-villa-maria\/el-ferrocarril-sera-el-eje-de-un-encuentro-provincial\/\"},\"author\":{\"name\":\"Contenidos El Regional\",\"@id\":\"http:\/\/elregionalvm.com.ar\/noticias-villa-maria\/#\/schema\/person\/a0fb9c422317faca23d50163151bc354\"},\"headline\":\"El ferrocarril ser\u00e1 el eje de un encuentro provincial\",\"datePublished\":\"2020-09-18T17:55:14+00:00\",\"dateModified\":\"2020-09-18T17:55:15+00:00\",\"mainEntityOfPage\":{\"@id\":\"http:\/\/elregionalvm.com.ar\/noticias-villa-maria\/el-ferrocarril-sera-el-eje-de-un-encuentro-provincial\/\"},\"wordCount\":302,\"commentCount\":0,\"image\":{\"@id\":\"http:\/\/elregionalvm.com.ar\/noticias-villa-maria\/el-ferrocarril-sera-el-eje-de-un-encuentro-provincial\/#primaryimage\"},\"thumbnailUrl\":\"https:\/\/i0.wp.com\/elregionalvm.com.ar\/noticias-villa-maria\/wp-content\/uploads\/2020\/09\/encuentro-ferroviario.jpg?fit=1280%2C853&ssl=1\",\"keywords\":[\"Anal\u00eda Godoy\",\"Concejo Deliberante\",\"destacado\",\"Encuentro Provincial\",\"Ferrocarril\",\"Museo Ferroviario\",\"Nora Bedano\",\"Pablo Rosso\",\"Rafael Sachetto\"],\"articleSection\":[\"Villa Mar\u00eda\"],\"inLanguage\":\"es\",\"potentialAction\":[{\"@type\":\"CommentAction\",\"name\":\"Comment\",\"target\":[\"http:\/\/elregionalvm.com.ar\/noticias-villa-maria\/el-ferrocarril-sera-el-eje-de-un-encuentro-provincial\/#respond\"]}]},{\"@type\":\"WebPage\",\"@id\":\"http:\/\/elregionalvm.com.ar\/noticias-villa-maria\/el-ferrocarril-sera-el-eje-de-un-encuentro-provincial\/\",\"url\":\"http:\/\/elregionalvm.com.ar\/noticias-villa-maria\/el-ferrocarril-sera-el-eje-de-un-encuentro-provincial\/\",\"name\":\"El ferrocarril ser\u00e1 el eje de un encuentro provincial - El Regional\",\"isPartOf\":{\"@id\":\"http:\/\/elregionalvm.com.ar\/noticias-villa-maria\/#website\"},\"primaryImageOfPage\":{\"@id\":\"http:\/\/elregionalvm.com.ar\/noticias-villa-maria\/el-ferrocarril-sera-el-eje-de-un-encuentro-provincial\/#primaryimage\"},\"image\":{\"@id\":\"http:\/\/elregionalvm.com.ar\/noticias-villa-maria\/el-ferrocarril-sera-el-eje-de-un-encuentro-provincial\/#primaryimage\"},\"thumbnailUrl\":\"https:\/\/i0.wp.com\/elregionalvm.com.ar\/noticias-villa-maria\/wp-content\/uploads\/2020\/09\/encuentro-ferroviario.jpg?fit=1280%2C853&ssl=1\",\"datePublished\":\"2020-09-18T17:55:14+00:00\",\"dateModified\":\"2020-09-18T17:55:15+00:00\",\"author\":{\"@id\":\"http:\/\/elregionalvm.com.ar\/noticias-villa-maria\/#\/schema\/person\/a0fb9c422317faca23d50163151bc354\"},\"description\":\"Entre el 27 de septiembre y el 2 de octubre, y de manera virtual, se desarrollar\u00e1 el Encuentro Provincial de Museos y Patrimonio Ferroviario.\",\"breadcrumb\":{\"@id\":\"http:\/\/elregionalvm.com.ar\/noticias-villa-maria\/el-ferrocarril-sera-el-eje-de-un-encuentro-provincial\/#breadcrumb\"},\"inLanguage\":\"es\",\"potentialAction\":[{\"@type\":\"ReadAction\",\"target\":[\"http:\/\/elregionalvm.com.ar\/noticias-villa-maria\/el-ferrocarril-sera-el-eje-de-un-encuentro-provincial\/\"]}]},{\"@type\":\"ImageObject\",\"inLanguage\":\"es\",\"@id\":\"http:\/\/elregionalvm.com.ar\/noticias-villa-maria\/el-ferrocarril-sera-el-eje-de-un-encuentro-provincial\/#primaryimage\",\"url\":\"https:\/\/i0.wp.com\/elregionalvm.com.ar\/noticias-villa-maria\/wp-content\/uploads\/2020\/09\/encuentro-ferroviario.jpg?fit=1280%2C853&ssl=1\",\"contentUrl\":\"https:\/\/i0.wp.com\/elregionalvm.com.ar\/noticias-villa-maria\/wp-content\/uploads\/2020\/09\/encuentro-ferroviario.jpg?fit=1280%2C853&ssl=1\",\"width\":1280,\"height\":853},{\"@type\":\"BreadcrumbList\",\"@id\":\"http:\/\/elregionalvm.com.ar\/noticias-villa-maria\/el-ferrocarril-sera-el-eje-de-un-encuentro-provincial\/#breadcrumb\",\"itemListElement\":[{\"@type\":\"ListItem\",\"position\":1,\"name\":\"Portada\",\"item\":\"https:\/\/elregionalvm.com.ar\/noticias-villa-maria\/\"},{\"@type\":\"ListItem\",\"position\":2,\"name\":\"El ferrocarril ser\u00e1 el eje de un encuentro provincial\"}]},{\"@type\":\"WebSite\",\"@id\":\"http:\/\/elregionalvm.com.ar\/noticias-villa-maria\/#website\",\"url\":\"http:\/\/elregionalvm.com.ar\/noticias-villa-maria\/\",\"name\":\"El Regional\",\"description\":\"Mucho m\u00e1s que informaci\u00f3n\",\"potentialAction\":[{\"@type\":\"SearchAction\",\"target\":{\"@type\":\"EntryPoint\",\"urlTemplate\":\"http:\/\/elregionalvm.com.ar\/noticias-villa-maria\/?s={search_term_string}\"},\"query-input\":{\"@type\":\"PropertyValueSpecification\",\"valueRequired\":true,\"valueName\":\"search_term_string\"}}],\"inLanguage\":\"es\"},{\"@type\":\"Person\",\"@id\":\"http:\/\/elregionalvm.com.ar\/noticias-villa-maria\/#\/schema\/person\/a0fb9c422317faca23d50163151bc354\",\"name\":\"Contenidos El Regional\",\"image\":{\"@type\":\"ImageObject\",\"inLanguage\":\"es\",\"@id\":\"http:\/\/elregionalvm.com.ar\/noticias-villa-maria\/#\/schema\/person\/image\/\",\"url\":\"https:\/\/secure.gravatar.com\/avatar\/265b27cb2209af7bb3a1318f03305787d7981a5cc6e6cd08fe5a4ecdf99d4b48?s=96&d=mm&r=g\",\"contentUrl\":\"https:\/\/secure.gravatar.com\/avatar\/265b27cb2209af7bb3a1318f03305787d7981a5cc6e6cd08fe5a4ecdf99d4b48?s=96&d=mm&r=g\",\"caption\":\"Contenidos El Regional\"},\"url\":\"https:\/\/elregionalvm.com.ar\/noticias-villa-maria\/author\/contenido\/\"}]}<\/script>\n<!-- \/ Yoast SEO plugin. -->","yoast_head_json":{"title":"El ferrocarril ser\u00e1 el eje de un encuentro provincial - El Regional","description":"Entre el 27 de septiembre y el 2 de octubre, y de manera virtual, se desarrollar\u00e1 el Encuentro Provincial de Museos y Patrimonio Ferroviario.","robots":{"index":"index","follow":"follow","max-snippet":"max-snippet:-1","max-image-preview":"max-image-preview:large","max-video-preview":"max-video-preview:-1"},"canonical":"http:\/\/elregionalvm.com.ar\/noticias-villa-maria\/el-ferrocarril-sera-el-eje-de-un-encuentro-provincial\/","og_locale":"es_ES","og_type":"article","og_title":"El ferrocarril ser\u00e1 el eje de un encuentro provincial - El Regional","og_description":"Entre el 27 de septiembre y el 2 de octubre, y de manera virtual, se desarrollar\u00e1 el Encuentro Provincial de Museos y Patrimonio Ferroviario.","og_url":"http:\/\/elregionalvm.com.ar\/noticias-villa-maria\/el-ferrocarril-sera-el-eje-de-un-encuentro-provincial\/","og_site_name":"El Regional","article_publisher":"https:\/\/www.facebook.com\/elregionalvm","article_published_time":"2020-09-18T17:55:14+00:00","article_modified_time":"2020-09-18T17:55:15+00:00","og_image":[{"width":1280,"height":853,"url":"http:\/\/elregionalvm.com.ar\/noticias-villa-maria\/wp-content\/uploads\/2020\/09\/encuentro-ferroviario.jpg","type":"image\/jpeg"}],"author":"Contenidos El Regional","twitter_card":"summary_large_image","twitter_creator":"@elregionalvm1","twitter_site":"@elregionalvm1","twitter_misc":{"Escrito por":"Contenidos El Regional","Tiempo de lectura":"1 minuto"},"schema":{"@context":"https:\/\/schema.org","@graph":[{"@type":"Article","@id":"http:\/\/elregionalvm.com.ar\/noticias-villa-maria\/el-ferrocarril-sera-el-eje-de-un-encuentro-provincial\/#article","isPartOf":{"@id":"http:\/\/elregionalvm.com.ar\/noticias-villa-maria\/el-ferrocarril-sera-el-eje-de-un-encuentro-provincial\/"},"author":{"name":"Contenidos El Regional","@id":"http:\/\/elregionalvm.com.ar\/noticias-villa-maria\/#\/schema\/person\/a0fb9c422317faca23d50163151bc354"},"headline":"El ferrocarril ser\u00e1 el eje de un encuentro provincial","datePublished":"2020-09-18T17:55:14+00:00","dateModified":"2020-09-18T17:55:15+00:00","mainEntityOfPage":{"@id":"http:\/\/elregionalvm.com.ar\/noticias-villa-maria\/el-ferrocarril-sera-el-eje-de-un-encuentro-provincial\/"},"wordCount":302,"commentCount":0,"image":{"@id":"http:\/\/elregionalvm.com.ar\/noticias-villa-maria\/el-ferrocarril-sera-el-eje-de-un-encuentro-provincial\/#primaryimage"},"thumbnailUrl":"https:\/\/i0.wp.com\/elregionalvm.com.ar\/noticias-villa-maria\/wp-content\/uploads\/2020\/09\/encuentro-ferroviario.jpg?fit=1280%2C853&ssl=1","keywords":["Anal\u00eda Godoy","Concejo Deliberante","destacado","Encuentro Provincial","Ferrocarril","Museo Ferroviario","Nora Bedano","Pablo Rosso","Rafael Sachetto"],"articleSection":["Villa Mar\u00eda"],"inLanguage":"es","potentialAction":[{"@type":"CommentAction","name":"Comment","target":["http:\/\/elregionalvm.com.ar\/noticias-villa-maria\/el-ferrocarril-sera-el-eje-de-un-encuentro-provincial\/#respond"]}]},{"@type":"WebPage","@id":"http:\/\/elregionalvm.com.ar\/noticias-villa-maria\/el-ferrocarril-sera-el-eje-de-un-encuentro-provincial\/","url":"http:\/\/elregionalvm.com.ar\/noticias-villa-maria\/el-ferrocarril-sera-el-eje-de-un-encuentro-provincial\/","name":"El ferrocarril ser\u00e1 el eje de un encuentro provincial - El Regional","isPartOf":{"@id":"http:\/\/elregionalvm.com.ar\/noticias-villa-maria\/#website"},"primaryImageOfPage":{"@id":"http:\/\/elregionalvm.com.ar\/noticias-villa-maria\/el-ferrocarril-sera-el-eje-de-un-encuentro-provincial\/#primaryimage"},"image":{"@id":"http:\/\/elregionalvm.com.ar\/noticias-villa-maria\/el-ferrocarril-sera-el-eje-de-un-encuentro-provincial\/#primaryimage"},"thumbnailUrl":"https:\/\/i0.wp.com\/elregionalvm.com.ar\/noticias-villa-maria\/wp-content\/uploads\/2020\/09\/encuentro-ferroviario.jpg?fit=1280%2C853&ssl=1","datePublished":"2020-09-18T17:55:14+00:00","dateModified":"2020-09-18T17:55:15+00:00","author":{"@id":"http:\/\/elregionalvm.com.ar\/noticias-villa-maria\/#\/schema\/person\/a0fb9c422317faca23d50163151bc354"},"description":"Entre el 27 de septiembre y el 2 de octubre, y de manera virtual, se desarrollar\u00e1 el Encuentro Provincial de Museos y Patrimonio Ferroviario.","breadcrumb":{"@id":"http:\/\/elregionalvm.com.ar\/noticias-villa-maria\/el-ferrocarril-sera-el-eje-de-un-encuentro-provincial\/#breadcrumb"},"inLanguage":"es","potentialAction":[{"@type":"ReadAction","target":["http:\/\/elregionalvm.com.ar\/noticias-villa-maria\/el-ferrocarril-sera-el-eje-de-un-encuentro-provincial\/"]}]},{"@type":"ImageObject","inLanguage":"es","@id":"http:\/\/elregionalvm.com.ar\/noticias-villa-maria\/el-ferrocarril-sera-el-eje-de-un-encuentro-provincial\/#primaryimage","url":"https:\/\/i0.wp.com\/elregionalvm.com.ar\/noticias-villa-maria\/wp-content\/uploads\/2020\/09\/encuentro-ferroviario.jpg?fit=1280%2C853&ssl=1","contentUrl":"https:\/\/i0.wp.com\/elregionalvm.com.ar\/noticias-villa-maria\/wp-content\/uploads\/2020\/09\/encuentro-ferroviario.jpg?fit=1280%2C853&ssl=1","width":1280,"height":853},{"@type":"BreadcrumbList","@id":"http:\/\/elregionalvm.com.ar\/noticias-villa-maria\/el-ferrocarril-sera-el-eje-de-un-encuentro-provincial\/#breadcrumb","itemListElement":[{"@type":"ListItem","position":1,"name":"Portada","item":"https:\/\/elregionalvm.com.ar\/noticias-villa-maria\/"},{"@type":"ListItem","position":2,"name":"El ferrocarril ser\u00e1 el eje de un encuentro provincial"}]},{"@type":"WebSite","@id":"http:\/\/elregionalvm.com.ar\/noticias-villa-maria\/#website","url":"http:\/\/elregionalvm.com.ar\/noticias-villa-maria\/","name":"El Regional","description":"Mucho m\u00e1s que informaci\u00f3n","potentialAction":[{"@type":"SearchAction","target":{"@type":"EntryPoint","urlTemplate":"http:\/\/elregionalvm.com.ar\/noticias-villa-maria\/?s={search_term_string}"},"query-input":{"@type":"PropertyValueSpecification","valueRequired":true,"valueName":"search_term_string"}}],"inLanguage":"es"},{"@type":"Person","@id":"http:\/\/elregionalvm.com.ar\/noticias-villa-maria\/#\/schema\/person\/a0fb9c422317faca23d50163151bc354","name":"Contenidos El Regional","image":{"@type":"ImageObject","inLanguage":"es","@id":"http:\/\/elregionalvm.com.ar\/noticias-villa-maria\/#\/schema\/person\/image\/","url":"https:\/\/secure.gravatar.com\/avatar\/265b27cb2209af7bb3a1318f03305787d7981a5cc6e6cd08fe5a4ecdf99d4b48?s=96&d=mm&r=g","contentUrl":"https:\/\/secure.gravatar.com\/avatar\/265b27cb2209af7bb3a1318f03305787d7981a5cc6e6cd08fe5a4ecdf99d4b48?s=96&d=mm&r=g","caption":"Contenidos El Regional"},"url":"https:\/\/elregionalvm.com.ar\/noticias-villa-maria\/author\/contenido\/"}]}},"jetpack_featured_media_url":"https:\/\/i0.wp.com\/elregionalvm.com.ar\/noticias-villa-maria\/wp-content\/uploads\/2020\/09\/encuentro-ferroviario.jpg?fit=1280%2C853&ssl=1","jetpack_sharing_enabled":true,"_links":{"self":[{"href":"https:\/\/elregionalvm.com.ar\/noticias-villa-maria\/wp-json\/wp\/v2\/posts\/24109","targetHints":{"allow":["GET"]}}],"collection":[{"href":"https:\/\/elregionalvm.com.ar\/noticias-villa-maria\/wp-json\/wp\/v2\/posts"}],"about":[{"href":"https:\/\/elregionalvm.com.ar\/noticias-villa-maria\/wp-json\/wp\/v2\/types\/post"}],"author":[{"embeddable":true,"href":"https:\/\/elregionalvm.com.ar\/noticias-villa-maria\/wp-json\/wp\/v2\/users\/4"}],"replies":[{"embeddable":true,"href":"https:\/\/elregionalvm.com.ar\/noticias-villa-maria\/wp-json\/wp\/v2\/comments?post=24109"}],"version-history":[{"count":1,"href":"https:\/\/elregionalvm.com.ar\/noticias-villa-maria\/wp-json\/wp\/v2\/posts\/24109\/revisions"}],"predecessor-version":[{"id":24111,"href":"https:\/\/elregionalvm.com.ar\/noticias-villa-maria\/wp-json\/wp\/v2\/posts\/24109\/revisions\/24111"}],"wp:featuredmedia":[{"embeddable":true,"href":"https:\/\/elregionalvm.com.ar\/noticias-villa-maria\/wp-json\/wp\/v2\/media\/24110"}],"wp:attachment":[{"href":"https:\/\/elregionalvm.com.ar\/noticias-villa-maria\/wp-json\/wp\/v2\/media?parent=24109"}],"wp:term":[{"taxonomy":"category","embeddable":true,"href":"https:\/\/elregionalvm.com.ar\/noticias-villa-maria\/wp-json\/wp\/v2\/categories?post=24109"},{"taxonomy":"post_tag","embeddable":true,"href":"https:\/\/elregionalvm.com.ar\/noticias-villa-maria\/wp-json\/wp\/v2\/tags?post=24109"}],"curies":[{"name":"wp","href":"https:\/\/api.w.org\/{rel}","templated":true}]}}