{"id":24115,"date":"2020-09-18T18:28:02","date_gmt":"2020-09-18T18:28:02","guid":{"rendered":"https:\/\/elregionalvm.com.ar\/noticias-villa-maria\/?p=24115"},"modified":"2020-09-18T20:07:48","modified_gmt":"2020-09-18T20:07:48","slug":"fallecio-oscar-mosquera-dirigente-del-sep-villa-maria","status":"publish","type":"post","link":"https:\/\/elregionalvm.com.ar\/noticias-villa-maria\/fallecio-oscar-mosquera-dirigente-del-sep-villa-maria\/","title":{"rendered":"Falleci\u00f3 Oscar Mosquera, dirigente del SEP Villa Mar\u00eda"},"content":{"rendered":"\n<p>El Sindicato de Empleados P\u00fablicos Delegaci\u00f3n Villa Mar\u00eda inform\u00f3 la triste noticia del fallecimiento de Oscar Mosquera, quien se desempe\u00f1aba como secretario de Asuntos Previsionales de la organizaci\u00f3n.<\/p>\n\n\n\n<p><br>\u00abOscar tambi\u00e9n ocup\u00f3 los cargos de prosecretario de Zonal de Villa Mar\u00eda y Secretario del Interior. Militante incansable y entra\u00f1able compa\u00f1ero, fue un pilar fundamental para el crecimiento de nuestra Delegaci\u00f3n. Al asumir el cargo de prosecretario comenz\u00f3 con su trabajo de armar la militancia sindical, que por aquel momento se ve\u00eda deca\u00edda, enarbolando la bandera blanca, s\u00edmbolo de nuestra Organizaci\u00f3n, y haciendo crecer al sindicato en toda la regi\u00f3n\u00bb, lo record\u00f3 el gremio. <\/p>\n\n\n\n<p>\u00abAl trasladarse a C\u00f3rdoba Capital a ocupar el cargo de secretario del Interior, sigui\u00f3 apoyando a la Delegaci\u00f3n y ayud\u00e1ndola a seguir creciendo.<br>Hoy con profundo dolor, los afiliados de esta delegaci\u00f3n, no solo despiden a un compa\u00f1ero sino a un verdadero amigo. Hoy nos ponemos de pie, y entre bombos y banderas blancas, te decimos hasta pronto y gracias. Acompa\u00f1amos en este momento de profundo dolor, a su familia y a sus compa\u00f1eros de militancia\u00bb, finaliz\u00f3 el comunicado de despedida del SEP.<\/p>\n\n\n\n<p><strong>CGT<\/strong><\/p>\n\n\n\n<p>La CGT Villa Mar\u00eda tambi\u00e9n emiti\u00f3 un mensaje mediante el cual env\u00eda un sentido p\u00e9same a familiares y amigos del dirigente fallecido. La entidad record\u00f3 tambi\u00e9n la actividad sindical ejercida por Mosquera. <\/p>\n\n\n\n<p><em>Foto: Facebook<\/em><br><\/p>\n","protected":false},"excerpt":{"rendered":"<p>El Sindicato de Empleados P\u00fablicos Delegaci\u00f3n Villa Mar\u00eda inform\u00f3 la triste noticia del fallecimiento de Oscar Mosquera, quien se desempe\u00f1aba como secretario de Asuntos Previsionales de la organizaci\u00f3n. \u00abOscar tambi\u00e9n ocup\u00f3 los cargos de prosecretario de Zonal de Villa Mar\u00eda y Secretario del Interior. Militante incansable y entra\u00f1able compa\u00f1ero, fue un pilar fundamental para el [&hellip;]<\/p>\n","protected":false},"author":4,"featured_media":24116,"comment_status":"open","ping_status":"open","sticky":false,"template":"","format":"standard","meta":{"site-sidebar-layout":"default","site-content-layout":"default","ast-site-content-layout":"default","site-content-style":"default","site-sidebar-style":"default","ast-global-header-display":"","ast-banner-title-visibility":"","ast-main-header-display":"","ast-hfb-above-header-display":"","ast-hfb-below-header-display":"","ast-hfb-mobile-header-display":"","site-post-title":"","ast-breadcrumbs-content":"","ast-featured-img":"","footer-sml-layout":"","ast-disable-related-posts":"","theme-transparent-header-meta":"default","adv-header-id-meta":"","stick-header-meta":"","header-above-stick-meta":"","header-main-stick-meta":"","header-below-stick-meta":"","astra-migrate-meta-layouts":"default","ast-page-background-enabled":"default","ast-page-background-meta":{"desktop":{"background-color":"","background-image":"","background-repeat":"repeat","background-position":"center center","background-size":"auto","background-attachment":"scroll","background-type":"","background-media":"","overlay-type":"","overlay-color":"","overlay-opacity":"","overlay-gradient":""},"tablet":{"background-color":"","background-image":"","background-repeat":"repeat","background-position":"center center","background-size":"auto","background-attachment":"scroll","background-type":"","background-media":"","overlay-type":"","overlay-color":"","overlay-opacity":"","overlay-gradient":""},"mobile":{"background-color":"","background-image":"","background-repeat":"repeat","background-position":"center center","background-size":"auto","background-attachment":"scroll","background-type":"","background-media":"","overlay-type":"","overlay-color":"","overlay-opacity":"","overlay-gradient":""}},"ast-content-background-meta":{"desktop":{"background-color":"var(--ast-global-color-5)","background-image":"","background-repeat":"repeat","background-position":"center center","background-size":"auto","background-attachment":"scroll","background-type":"","background-media":"","overlay-type":"","overlay-color":"","overlay-opacity":"","overlay-gradient":""},"tablet":{"background-color":"var(--ast-global-color-5)","background-image":"","background-repeat":"repeat","background-position":"center center","background-size":"auto","background-attachment":"scroll","background-type":"","background-media":"","overlay-type":"","overlay-color":"","overlay-opacity":"","overlay-gradient":""},"mobile":{"background-color":"var(--ast-global-color-5)","background-image":"","background-repeat":"repeat","background-position":"center center","background-size":"auto","background-attachment":"scroll","background-type":"","background-media":"","overlay-type":"","overlay-color":"","overlay-opacity":"","overlay-gradient":""}},"_jetpack_memberships_contains_paid_content":false,"_joinchat":[],"footnotes":""},"categories":[2323,2],"tags":[4049,4048,4047,2248],"class_list":["post-24115","post","type-post","status-publish","format-standard","has-post-thumbnail","hentry","category-notas-secundarias","category-villa-maria","tag-fallccimiento","tag-oscar-mosquera","tag-sep","tag-villa-maria-2"],"yoast_head":"<!-- This site is optimized with the Yoast SEO plugin v26.8 - https:\/\/yoast.com\/product\/yoast-seo-wordpress\/ -->\n<title>Falleci\u00f3 Oscar Mosquera, dirigente del SEP Villa Mar\u00eda - El Regional<\/title>\n<meta name=\"description\" content=\"El Sindicato de Empleados P\u00fablicos Delegaci\u00f3n Villa Mar\u00eda inform\u00f3 la triste noticia del fallecimiento de Oscar Mosquera, dirigente del gremio.\" \/>\n<meta name=\"robots\" content=\"index, follow, max-snippet:-1, max-image-preview:large, max-video-preview:-1\" \/>\n<link rel=\"canonical\" href=\"http:\/\/elregionalvm.com.ar\/noticias-villa-maria\/fallecio-oscar-mosquera-dirigente-del-sep-villa-maria\/\" \/>\n<meta property=\"og:locale\" content=\"es_ES\" \/>\n<meta property=\"og:type\" content=\"article\" \/>\n<meta property=\"og:title\" content=\"Falleci\u00f3 Oscar Mosquera, dirigente del SEP Villa Mar\u00eda - El Regional\" \/>\n<meta property=\"og:description\" content=\"El Sindicato de Empleados P\u00fablicos Delegaci\u00f3n Villa Mar\u00eda inform\u00f3 la triste noticia del fallecimiento de Oscar Mosquera, dirigente del gremio.\" \/>\n<meta property=\"og:url\" content=\"http:\/\/elregionalvm.com.ar\/noticias-villa-maria\/fallecio-oscar-mosquera-dirigente-del-sep-villa-maria\/\" \/>\n<meta property=\"og:site_name\" content=\"El Regional\" \/>\n<meta property=\"article:publisher\" content=\"https:\/\/www.facebook.com\/elregionalvm\" \/>\n<meta property=\"article:published_time\" content=\"2020-09-18T18:28:02+00:00\" \/>\n<meta property=\"article:modified_time\" content=\"2020-09-18T20:07:48+00:00\" \/>\n<meta property=\"og:image\" content=\"http:\/\/elregionalvm.com.ar\/noticias-villa-maria\/wp-content\/uploads\/2020\/09\/Mosquera-Sep.jpg\" \/>\n\t<meta property=\"og:image:width\" content=\"779\" \/>\n\t<meta property=\"og:image:height\" content=\"525\" \/>\n\t<meta property=\"og:image:type\" content=\"image\/jpeg\" \/>\n<meta name=\"author\" content=\"Contenidos El Regional\" \/>\n<meta name=\"twitter:card\" content=\"summary_large_image\" \/>\n<meta name=\"twitter:creator\" content=\"@elregionalvm1\" \/>\n<meta name=\"twitter:site\" content=\"@elregionalvm1\" \/>\n<meta name=\"twitter:label1\" content=\"Escrito por\" \/>\n\t<meta name=\"twitter:data1\" content=\"Contenidos El Regional\" \/>\n\t<meta name=\"twitter:label2\" content=\"Tiempo de lectura\" \/>\n\t<meta name=\"twitter:data2\" content=\"1 minuto\" \/>\n<script type=\"application\/ld+json\" class=\"yoast-schema-graph\">{\"@context\":\"https:\/\/schema.org\",\"@graph\":[{\"@type\":\"Article\",\"@id\":\"http:\/\/elregionalvm.com.ar\/noticias-villa-maria\/fallecio-oscar-mosquera-dirigente-del-sep-villa-maria\/#article\",\"isPartOf\":{\"@id\":\"http:\/\/elregionalvm.com.ar\/noticias-villa-maria\/fallecio-oscar-mosquera-dirigente-del-sep-villa-maria\/\"},\"author\":{\"name\":\"Contenidos El Regional\",\"@id\":\"http:\/\/elregionalvm.com.ar\/noticias-villa-maria\/#\/schema\/person\/a0fb9c422317faca23d50163151bc354\"},\"headline\":\"Falleci\u00f3 Oscar Mosquera, dirigente del SEP Villa Mar\u00eda\",\"datePublished\":\"2020-09-18T18:28:02+00:00\",\"dateModified\":\"2020-09-18T20:07:48+00:00\",\"mainEntityOfPage\":{\"@id\":\"http:\/\/elregionalvm.com.ar\/noticias-villa-maria\/fallecio-oscar-mosquera-dirigente-del-sep-villa-maria\/\"},\"wordCount\":256,\"commentCount\":2,\"image\":{\"@id\":\"http:\/\/elregionalvm.com.ar\/noticias-villa-maria\/fallecio-oscar-mosquera-dirigente-del-sep-villa-maria\/#primaryimage\"},\"thumbnailUrl\":\"https:\/\/i0.wp.com\/elregionalvm.com.ar\/noticias-villa-maria\/wp-content\/uploads\/2020\/09\/Mosquera-Sep.jpg?fit=779%2C525&ssl=1\",\"keywords\":[\"Fallccimiento\",\"Oscar Mosquera\",\"SEP\",\"Villa Mar\u00eda\"],\"articleSection\":[\"Notas\",\"Villa Mar\u00eda\"],\"inLanguage\":\"es\",\"potentialAction\":[{\"@type\":\"CommentAction\",\"name\":\"Comment\",\"target\":[\"http:\/\/elregionalvm.com.ar\/noticias-villa-maria\/fallecio-oscar-mosquera-dirigente-del-sep-villa-maria\/#respond\"]}]},{\"@type\":\"WebPage\",\"@id\":\"http:\/\/elregionalvm.com.ar\/noticias-villa-maria\/fallecio-oscar-mosquera-dirigente-del-sep-villa-maria\/\",\"url\":\"http:\/\/elregionalvm.com.ar\/noticias-villa-maria\/fallecio-oscar-mosquera-dirigente-del-sep-villa-maria\/\",\"name\":\"Falleci\u00f3 Oscar Mosquera, dirigente del SEP Villa Mar\u00eda - El Regional\",\"isPartOf\":{\"@id\":\"http:\/\/elregionalvm.com.ar\/noticias-villa-maria\/#website\"},\"primaryImageOfPage\":{\"@id\":\"http:\/\/elregionalvm.com.ar\/noticias-villa-maria\/fallecio-oscar-mosquera-dirigente-del-sep-villa-maria\/#primaryimage\"},\"image\":{\"@id\":\"http:\/\/elregionalvm.com.ar\/noticias-villa-maria\/fallecio-oscar-mosquera-dirigente-del-sep-villa-maria\/#primaryimage\"},\"thumbnailUrl\":\"https:\/\/i0.wp.com\/elregionalvm.com.ar\/noticias-villa-maria\/wp-content\/uploads\/2020\/09\/Mosquera-Sep.jpg?fit=779%2C525&ssl=1\",\"datePublished\":\"2020-09-18T18:28:02+00:00\",\"dateModified\":\"2020-09-18T20:07:48+00:00\",\"author\":{\"@id\":\"http:\/\/elregionalvm.com.ar\/noticias-villa-maria\/#\/schema\/person\/a0fb9c422317faca23d50163151bc354\"},\"description\":\"El Sindicato de Empleados P\u00fablicos Delegaci\u00f3n Villa Mar\u00eda inform\u00f3 la triste noticia del fallecimiento de Oscar Mosquera, dirigente del gremio.\",\"breadcrumb\":{\"@id\":\"http:\/\/elregionalvm.com.ar\/noticias-villa-maria\/fallecio-oscar-mosquera-dirigente-del-sep-villa-maria\/#breadcrumb\"},\"inLanguage\":\"es\",\"potentialAction\":[{\"@type\":\"ReadAction\",\"target\":[\"http:\/\/elregionalvm.com.ar\/noticias-villa-maria\/fallecio-oscar-mosquera-dirigente-del-sep-villa-maria\/\"]}]},{\"@type\":\"ImageObject\",\"inLanguage\":\"es\",\"@id\":\"http:\/\/elregionalvm.com.ar\/noticias-villa-maria\/fallecio-oscar-mosquera-dirigente-del-sep-villa-maria\/#primaryimage\",\"url\":\"https:\/\/i0.wp.com\/elregionalvm.com.ar\/noticias-villa-maria\/wp-content\/uploads\/2020\/09\/Mosquera-Sep.jpg?fit=779%2C525&ssl=1\",\"contentUrl\":\"https:\/\/i0.wp.com\/elregionalvm.com.ar\/noticias-villa-maria\/wp-content\/uploads\/2020\/09\/Mosquera-Sep.jpg?fit=779%2C525&ssl=1\",\"width\":779,\"height\":525},{\"@type\":\"BreadcrumbList\",\"@id\":\"http:\/\/elregionalvm.com.ar\/noticias-villa-maria\/fallecio-oscar-mosquera-dirigente-del-sep-villa-maria\/#breadcrumb\",\"itemListElement\":[{\"@type\":\"ListItem\",\"position\":1,\"name\":\"Portada\",\"item\":\"https:\/\/elregionalvm.com.ar\/noticias-villa-maria\/\"},{\"@type\":\"ListItem\",\"position\":2,\"name\":\"Falleci\u00f3 Oscar Mosquera, dirigente del SEP Villa Mar\u00eda\"}]},{\"@type\":\"WebSite\",\"@id\":\"http:\/\/elregionalvm.com.ar\/noticias-villa-maria\/#website\",\"url\":\"http:\/\/elregionalvm.com.ar\/noticias-villa-maria\/\",\"name\":\"El Regional\",\"description\":\"Mucho m\u00e1s que informaci\u00f3n\",\"potentialAction\":[{\"@type\":\"SearchAction\",\"target\":{\"@type\":\"EntryPoint\",\"urlTemplate\":\"http:\/\/elregionalvm.com.ar\/noticias-villa-maria\/?s={search_term_string}\"},\"query-input\":{\"@type\":\"PropertyValueSpecification\",\"valueRequired\":true,\"valueName\":\"search_term_string\"}}],\"inLanguage\":\"es\"},{\"@type\":\"Person\",\"@id\":\"http:\/\/elregionalvm.com.ar\/noticias-villa-maria\/#\/schema\/person\/a0fb9c422317faca23d50163151bc354\",\"name\":\"Contenidos El Regional\",\"image\":{\"@type\":\"ImageObject\",\"inLanguage\":\"es\",\"@id\":\"http:\/\/elregionalvm.com.ar\/noticias-villa-maria\/#\/schema\/person\/image\/\",\"url\":\"https:\/\/secure.gravatar.com\/avatar\/265b27cb2209af7bb3a1318f03305787d7981a5cc6e6cd08fe5a4ecdf99d4b48?s=96&d=mm&r=g\",\"contentUrl\":\"https:\/\/secure.gravatar.com\/avatar\/265b27cb2209af7bb3a1318f03305787d7981a5cc6e6cd08fe5a4ecdf99d4b48?s=96&d=mm&r=g\",\"caption\":\"Contenidos El Regional\"},\"url\":\"https:\/\/elregionalvm.com.ar\/noticias-villa-maria\/author\/contenido\/\"}]}<\/script>\n<!-- \/ Yoast SEO plugin. -->","yoast_head_json":{"title":"Falleci\u00f3 Oscar Mosquera, dirigente del SEP Villa Mar\u00eda - El Regional","description":"El Sindicato de Empleados P\u00fablicos Delegaci\u00f3n Villa Mar\u00eda inform\u00f3 la triste noticia del fallecimiento de Oscar Mosquera, dirigente del gremio.","robots":{"index":"index","follow":"follow","max-snippet":"max-snippet:-1","max-image-preview":"max-image-preview:large","max-video-preview":"max-video-preview:-1"},"canonical":"http:\/\/elregionalvm.com.ar\/noticias-villa-maria\/fallecio-oscar-mosquera-dirigente-del-sep-villa-maria\/","og_locale":"es_ES","og_type":"article","og_title":"Falleci\u00f3 Oscar Mosquera, dirigente del SEP Villa Mar\u00eda - El Regional","og_description":"El Sindicato de Empleados P\u00fablicos Delegaci\u00f3n Villa Mar\u00eda inform\u00f3 la triste noticia del fallecimiento de Oscar Mosquera, dirigente del gremio.","og_url":"http:\/\/elregionalvm.com.ar\/noticias-villa-maria\/fallecio-oscar-mosquera-dirigente-del-sep-villa-maria\/","og_site_name":"El Regional","article_publisher":"https:\/\/www.facebook.com\/elregionalvm","article_published_time":"2020-09-18T18:28:02+00:00","article_modified_time":"2020-09-18T20:07:48+00:00","og_image":[{"width":779,"height":525,"url":"http:\/\/elregionalvm.com.ar\/noticias-villa-maria\/wp-content\/uploads\/2020\/09\/Mosquera-Sep.jpg","type":"image\/jpeg"}],"author":"Contenidos El Regional","twitter_card":"summary_large_image","twitter_creator":"@elregionalvm1","twitter_site":"@elregionalvm1","twitter_misc":{"Escrito por":"Contenidos El Regional","Tiempo de lectura":"1 minuto"},"schema":{"@context":"https:\/\/schema.org","@graph":[{"@type":"Article","@id":"http:\/\/elregionalvm.com.ar\/noticias-villa-maria\/fallecio-oscar-mosquera-dirigente-del-sep-villa-maria\/#article","isPartOf":{"@id":"http:\/\/elregionalvm.com.ar\/noticias-villa-maria\/fallecio-oscar-mosquera-dirigente-del-sep-villa-maria\/"},"author":{"name":"Contenidos El Regional","@id":"http:\/\/elregionalvm.com.ar\/noticias-villa-maria\/#\/schema\/person\/a0fb9c422317faca23d50163151bc354"},"headline":"Falleci\u00f3 Oscar Mosquera, dirigente del SEP Villa Mar\u00eda","datePublished":"2020-09-18T18:28:02+00:00","dateModified":"2020-09-18T20:07:48+00:00","mainEntityOfPage":{"@id":"http:\/\/elregionalvm.com.ar\/noticias-villa-maria\/fallecio-oscar-mosquera-dirigente-del-sep-villa-maria\/"},"wordCount":256,"commentCount":2,"image":{"@id":"http:\/\/elregionalvm.com.ar\/noticias-villa-maria\/fallecio-oscar-mosquera-dirigente-del-sep-villa-maria\/#primaryimage"},"thumbnailUrl":"https:\/\/i0.wp.com\/elregionalvm.com.ar\/noticias-villa-maria\/wp-content\/uploads\/2020\/09\/Mosquera-Sep.jpg?fit=779%2C525&ssl=1","keywords":["Fallccimiento","Oscar Mosquera","SEP","Villa Mar\u00eda"],"articleSection":["Notas","Villa Mar\u00eda"],"inLanguage":"es","potentialAction":[{"@type":"CommentAction","name":"Comment","target":["http:\/\/elregionalvm.com.ar\/noticias-villa-maria\/fallecio-oscar-mosquera-dirigente-del-sep-villa-maria\/#respond"]}]},{"@type":"WebPage","@id":"http:\/\/elregionalvm.com.ar\/noticias-villa-maria\/fallecio-oscar-mosquera-dirigente-del-sep-villa-maria\/","url":"http:\/\/elregionalvm.com.ar\/noticias-villa-maria\/fallecio-oscar-mosquera-dirigente-del-sep-villa-maria\/","name":"Falleci\u00f3 Oscar Mosquera, dirigente del SEP Villa Mar\u00eda - El Regional","isPartOf":{"@id":"http:\/\/elregionalvm.com.ar\/noticias-villa-maria\/#website"},"primaryImageOfPage":{"@id":"http:\/\/elregionalvm.com.ar\/noticias-villa-maria\/fallecio-oscar-mosquera-dirigente-del-sep-villa-maria\/#primaryimage"},"image":{"@id":"http:\/\/elregionalvm.com.ar\/noticias-villa-maria\/fallecio-oscar-mosquera-dirigente-del-sep-villa-maria\/#primaryimage"},"thumbnailUrl":"https:\/\/i0.wp.com\/elregionalvm.com.ar\/noticias-villa-maria\/wp-content\/uploads\/2020\/09\/Mosquera-Sep.jpg?fit=779%2C525&ssl=1","datePublished":"2020-09-18T18:28:02+00:00","dateModified":"2020-09-18T20:07:48+00:00","author":{"@id":"http:\/\/elregionalvm.com.ar\/noticias-villa-maria\/#\/schema\/person\/a0fb9c422317faca23d50163151bc354"},"description":"El Sindicato de Empleados P\u00fablicos Delegaci\u00f3n Villa Mar\u00eda inform\u00f3 la triste noticia del fallecimiento de Oscar Mosquera, dirigente del gremio.","breadcrumb":{"@id":"http:\/\/elregionalvm.com.ar\/noticias-villa-maria\/fallecio-oscar-mosquera-dirigente-del-sep-villa-maria\/#breadcrumb"},"inLanguage":"es","potentialAction":[{"@type":"ReadAction","target":["http:\/\/elregionalvm.com.ar\/noticias-villa-maria\/fallecio-oscar-mosquera-dirigente-del-sep-villa-maria\/"]}]},{"@type":"ImageObject","inLanguage":"es","@id":"http:\/\/elregionalvm.com.ar\/noticias-villa-maria\/fallecio-oscar-mosquera-dirigente-del-sep-villa-maria\/#primaryimage","url":"https:\/\/i0.wp.com\/elregionalvm.com.ar\/noticias-villa-maria\/wp-content\/uploads\/2020\/09\/Mosquera-Sep.jpg?fit=779%2C525&ssl=1","contentUrl":"https:\/\/i0.wp.com\/elregionalvm.com.ar\/noticias-villa-maria\/wp-content\/uploads\/2020\/09\/Mosquera-Sep.jpg?fit=779%2C525&ssl=1","width":779,"height":525},{"@type":"BreadcrumbList","@id":"http:\/\/elregionalvm.com.ar\/noticias-villa-maria\/fallecio-oscar-mosquera-dirigente-del-sep-villa-maria\/#breadcrumb","itemListElement":[{"@type":"ListItem","position":1,"name":"Portada","item":"https:\/\/elregionalvm.com.ar\/noticias-villa-maria\/"},{"@type":"ListItem","position":2,"name":"Falleci\u00f3 Oscar Mosquera, dirigente del SEP Villa Mar\u00eda"}]},{"@type":"WebSite","@id":"http:\/\/elregionalvm.com.ar\/noticias-villa-maria\/#website","url":"http:\/\/elregionalvm.com.ar\/noticias-villa-maria\/","name":"El Regional","description":"Mucho m\u00e1s que informaci\u00f3n","potentialAction":[{"@type":"SearchAction","target":{"@type":"EntryPoint","urlTemplate":"http:\/\/elregionalvm.com.ar\/noticias-villa-maria\/?s={search_term_string}"},"query-input":{"@type":"PropertyValueSpecification","valueRequired":true,"valueName":"search_term_string"}}],"inLanguage":"es"},{"@type":"Person","@id":"http:\/\/elregionalvm.com.ar\/noticias-villa-maria\/#\/schema\/person\/a0fb9c422317faca23d50163151bc354","name":"Contenidos El Regional","image":{"@type":"ImageObject","inLanguage":"es","@id":"http:\/\/elregionalvm.com.ar\/noticias-villa-maria\/#\/schema\/person\/image\/","url":"https:\/\/secure.gravatar.com\/avatar\/265b27cb2209af7bb3a1318f03305787d7981a5cc6e6cd08fe5a4ecdf99d4b48?s=96&d=mm&r=g","contentUrl":"https:\/\/secure.gravatar.com\/avatar\/265b27cb2209af7bb3a1318f03305787d7981a5cc6e6cd08fe5a4ecdf99d4b48?s=96&d=mm&r=g","caption":"Contenidos El Regional"},"url":"https:\/\/elregionalvm.com.ar\/noticias-villa-maria\/author\/contenido\/"}]}},"jetpack_featured_media_url":"https:\/\/i0.wp.com\/elregionalvm.com.ar\/noticias-villa-maria\/wp-content\/uploads\/2020\/09\/Mosquera-Sep.jpg?fit=779%2C525&ssl=1","jetpack_sharing_enabled":true,"_links":{"self":[{"href":"https:\/\/elregionalvm.com.ar\/noticias-villa-maria\/wp-json\/wp\/v2\/posts\/24115","targetHints":{"allow":["GET"]}}],"collection":[{"href":"https:\/\/elregionalvm.com.ar\/noticias-villa-maria\/wp-json\/wp\/v2\/posts"}],"about":[{"href":"https:\/\/elregionalvm.com.ar\/noticias-villa-maria\/wp-json\/wp\/v2\/types\/post"}],"author":[{"embeddable":true,"href":"https:\/\/elregionalvm.com.ar\/noticias-villa-maria\/wp-json\/wp\/v2\/users\/4"}],"replies":[{"embeddable":true,"href":"https:\/\/elregionalvm.com.ar\/noticias-villa-maria\/wp-json\/wp\/v2\/comments?post=24115"}],"version-history":[{"count":2,"href":"https:\/\/elregionalvm.com.ar\/noticias-villa-maria\/wp-json\/wp\/v2\/posts\/24115\/revisions"}],"predecessor-version":[{"id":24124,"href":"https:\/\/elregionalvm.com.ar\/noticias-villa-maria\/wp-json\/wp\/v2\/posts\/24115\/revisions\/24124"}],"wp:featuredmedia":[{"embeddable":true,"href":"https:\/\/elregionalvm.com.ar\/noticias-villa-maria\/wp-json\/wp\/v2\/media\/24116"}],"wp:attachment":[{"href":"https:\/\/elregionalvm.com.ar\/noticias-villa-maria\/wp-json\/wp\/v2\/media?parent=24115"}],"wp:term":[{"taxonomy":"category","embeddable":true,"href":"https:\/\/elregionalvm.com.ar\/noticias-villa-maria\/wp-json\/wp\/v2\/categories?post=24115"},{"taxonomy":"post_tag","embeddable":true,"href":"https:\/\/elregionalvm.com.ar\/noticias-villa-maria\/wp-json\/wp\/v2\/tags?post=24115"}],"curies":[{"name":"wp","href":"https:\/\/api.w.org\/{rel}","templated":true}]}}