{"id":24127,"date":"2020-09-18T23:21:25","date_gmt":"2020-09-18T23:21:25","guid":{"rendered":"https:\/\/elregionalvm.com.ar\/noticias-villa-maria\/?p=24127"},"modified":"2020-09-24T00:57:19","modified_gmt":"2020-09-24T00:57:19","slug":"coe-como-se-revierte-la-agonia-comercial-del-centro","status":"publish","type":"post","link":"https:\/\/elregionalvm.com.ar\/noticias-villa-maria\/coe-como-se-revierte-la-agonia-comercial-del-centro\/","title":{"rendered":"COE: \u00bfC\u00f3mo se revierte la agon\u00eda comercial del Centro?"},"content":{"rendered":"\n<p><strong>Escribe: Miguel Andreis<\/strong><\/p>\n\n\n\n<p>El 12 de marzo de 2020, y no el 20, como ha quedado reflejado en los medios del pa\u00eds, el Ejecutivo nacional, a trav\u00e9s de un Decreto de Necesidad y Urgencia (DNU) declaraba la \u201ccuarentena\u201d en toda la Argentina.<\/p>\n\n\n\n<p>El DNU de fecha 12 indicaba que la medida era por un a\u00f1o. Pero nunca se dijo hasta que apareci\u00f3 posteriormente en el Bolet\u00edn Oficial de La Naci\u00f3n. Siete d\u00edas despu\u00e9s, en otro DNU, se dictamin\u00f3 el encierro y el aislamiento obligatorio de toda la ciudadan\u00eda en el territorio nacional por dos semanas.<\/p>\n\n\n\n<p>En primer lugar, nunca nadie del gobierno explic\u00f3 por qu\u00e9 se esper\u00f3 7 d\u00edas para exponer una nueva fecha. \u00bfPor qu\u00e9 se ocult\u00f3 tal medida? Algo inesperado nos atropellaba, palabras que se multiplicaban del mismo modo que los temores a un virus desconocido en el mundo.<\/p>\n\n\n\n<p>Encierro y un miedo incontrolable a un bichito invisible. Desasosiego y turbaci\u00f3n acompa\u00f1ando a la impotencia. Aprendimos o lo intentamos al menos, saber qu\u00e9 era el COVID 19. Otra palabra que nos sorprendi\u00f3 fue: COE (Centro de Operaciones de Emergencia).<\/p>\n\n\n\n<p>De golpe asimilamos que, de ah\u00ed en m\u00e1s, nuestras vidas ya no ser\u00edan lo mismo. Tales entes, que no sab\u00edamos c\u00f3mo y qui\u00e9n o qui\u00e9nes los hab\u00edan conformados, pasaron a ser los rectores de nuestra existencia. De nuestras costumbres y conductas. Con poderes casi de la de un Estado de Sitio.<\/p>\n\n\n\n<p>En el medio, una constante de insuflar miedo. Siempre miedo. Ten\u00edan y tienen la potestad de los municipios, los gobiernos provinciales y hasta el mismo Presidente. El indiscriminado aval de la Justicia. Nuestras vidas perdieron el estatus de ser parte de una democracia. \u201cViolar\u201d algunas de las normativas por ellos descriptas, los \u201cCoenses\u201d, pod\u00eda significar, horas en detenci\u00f3n o multas, en casos de altos valores.<\/p>\n\n\n\n<p>Te convert\u00edan en un delincuente que operabas en contra de la salud p\u00fablica. El ir en la b\u00fasqueda de algo, nos hac\u00eda sentir forajidos, sin haber cometido delito alguno. As\u00ed, conden\u00e1ndonos al silencio, nos quitaron el marco constitucional de ciudadanos.&nbsp; Todo era reprimir. Prohibir. Daba la impresi\u00f3n de estar viviendo oscuras \u00e9pocas de los hombres de verde. Siempre bajo la consigna de cuidar la vida de la poblaci\u00f3n.<\/p>\n\n\n\n<p><strong>Siempre en nombre del miedo\u2026<\/strong><\/p>\n\n\n\n<p>Que el Coronavirus es mortal, eso no se discute, pero la exacerbaci\u00f3n de su letalidad tampoco. Sin embargo, se nos lleg\u00f3 a mostrar fosas comunes para 2000 personas y hasta se hizo alarde por la prevenci\u00f3n que nos brindaban. Y el miedo se convirti\u00f3 en p\u00e1nico, desde el encierro, m\u00e1s una econom\u00eda que agonizaba. Lo concreto, es que hicieron detonar desde los bolsillos hasta la psiquis de los argentinos. Todo se circunscrib\u00eda en una definici\u00f3n falaz. \u00a1\u00a1Muerte o econom\u00eda!! Bajo dicho paradigma accionaron. Y justo es reconocer que gran parte de la poblaci\u00f3n apoyaba tal disquisici\u00f3n.<\/p>\n\n\n\n<p>En lo aqu\u00ed expuesto, no se juzga la intencionalidad de los citados responsables, sino las cambiantes medidas con las que nos sorprend\u00edan y dejaron en claro sus improvisaciones. &nbsp;Siempre el temor a la muerte como un prefijo de la verdad revelada.<\/p>\n\n\n\n<p><strong>Aqu\u00ed nos detenemos en un punto.<\/strong><\/p>\n\n\n\n<p><strong>Los comercios, industrias, negocios y cualquier emprendimiento se fueron desmoronando uno a uno. Gente en la calle sabiendo que se quedaba sin su fuente de sustento. Pymes destrozadas.<\/strong><\/p>\n\n\n\n<p><strong>Las recaudaciones se achicaban d\u00eda a d\u00eda. Ya no alcanzaba para pagar alquileres y sueldos. Los servicios -aunque dijeron al principio que dar\u00edan meses para las nuevas facturas-, todos, gas, energ\u00eda, agua y cloacas, Municipalidad, continuaron enviando las \u201cboletas\u201d.<\/strong><\/p>\n\n\n\n<p><strong>Llevando el centro a la agon\u00eda\u2026<\/strong><\/p>\n\n\n\n<p>Hasta se lleg\u00f3 en un momento, por decisi\u00f3n del COE, a cerrar las calles del centro para que pasaran las ambulancias. Pusieron vallas. Justificaban tal determinaci\u00f3n porque necesitaban agilizar el andar de las unidades de emergencia trasladando a portadores de Coronavirus\u201d. Ignoro si se dio alguna situaci\u00f3n de este tipo. \u00bf\u00a1\u00a1Si por lo menos hubo una&#8230;!? Tal determinaci\u00f3n se estableci\u00f3 como pu\u00f1aladas econ\u00f3micas que se les pegaba a los comercios c\u00e9ntricos. La anemia fue imparable. Hoy sigue con una anemia peligrosa.<\/p>\n\n\n\n<p>Y como si eso fuera poco, cambiaron el horario de atenci\u00f3n. Lo hicieron en dos oportunidades. En cualquiera de ellas. no se tuvo en cuenta que estaban en contramano de una cultura de m\u00e1s de cien a\u00f1os: el itinerario desdoblado.<\/p>\n\n\n\n<p>En la actualidad, la apertura es de 9 a 18 horas. En el medio quedan unas tres horas \u2013 de siesta- donde el casco c\u00e9ntrico se vuelve fantasmal. No ocurri\u00f3 ni ocurre lo mismo en los barrios donde no pocos aplicaron los viejos horarios. Bastar\u00e1 pasar por calles fuera de los bulevares, como la Mendoza; la Sarmiento, Buenos Aires y la misma ruta pesada, etc. En tales espacios, el movimiento es absolutamente distinto. Mayor. M\u00e1s numeroso.<\/p>\n\n\n\n<p><strong>\u00bfY si se vuelve a la atenci\u00f3n desdoblada?<\/strong><\/p>\n\n\n\n<p>La pregunta a los responsables del COE, con m\u00e1s de seis meses de terapia intensiva en las recaudaciones: \u00bfNo se podr\u00e1 volver al horario desdoblado? Ya, en otros tiempos, con ventas normales, se realizaron pruebas del horario extendido y no result\u00f3. &nbsp;Regresar al antiguo de 8 a 12 y de 16 a 20\u2026 quiz\u00e1s, valga la pena intentarlo. &nbsp;<\/p>\n\n\n\n<p>Siguiendo con la presente ponencia, el resultado puede ser catastr\u00f3fico. M\u00e1s de lo que se observa en este momento. \u00bfCu\u00e1l ser\u00eda el motivo para que no se pueda tener los negocios abiertos hasta las 20? Dar\u00eda la impresi\u00f3n que aqu\u00ed tambi\u00e9n existen incongruencias, nos encontramos con que desde el rubro de gastronom\u00eda permanecen abiertos hasta pasadas las 24 horas. Tambi\u00e9n supermercados y otras vertientes. &nbsp;<\/p>\n\n\n\n<p>Quiz\u00e1s que esta petici\u00f3n llegar\u00eda a tener mucha m\u00e1s fuerza si una de las organizaciones que representa a comercios e industrias, como lo es AERCA, se expidiera sobre la materia.<\/p>\n\n\n\n<p>Claro que no todo es el horario, esta cuarentena tambi\u00e9n tiene otras vertientes destructivas para la econom\u00eda comercial, como lo es la falta de llegada de gente de la regi\u00f3n que representa el 50% promedio de la recaudaci\u00f3n diaria.<\/p>\n\n\n\n<p>Otro tema de significativa implicancia, es la falta de transportes p\u00fablicos. Va otro interrogante: \u00bfNo se puede hacer nada para solucionar esta tem\u00e1tica? No todo deber\u00eda pasar por pensar solamente en el resultado de los hisopados.<\/p>\n\n\n\n<p>Las ventas, se formalizan en un 75% (consultadas cuatro firmas) en horario de la ma\u00f1ana.<\/p>\n\n\n\n<p>Se\u00f1ores del COE, es verdad que algunas de estas cuestiones no dependen de ustedes. No obstante, \u00bfpodr\u00edan hacer algo para evitar que sigan cayendo fuentes laborales y negocios? &nbsp;Ma\u00f1ana ya puede ser tarde para muchos y no precisamente por un contagio del COVID 19\u2026<\/p>\n","protected":false},"excerpt":{"rendered":"<p>Escribe: Miguel Andreis El 12 de marzo de 2020, y no el 20, como ha quedado reflejado en los medios del pa\u00eds, el Ejecutivo nacional, a trav\u00e9s de un Decreto de Necesidad y Urgencia (DNU) declaraba la \u201ccuarentena\u201d en toda la Argentina. El DNU de fecha 12 indicaba que la medida era por un a\u00f1o. [&hellip;]<\/p>\n","protected":false},"author":5,"featured_media":24198,"comment_status":"open","ping_status":"open","sticky":false,"template":"","format":"standard","meta":{"site-sidebar-layout":"default","site-content-layout":"default","ast-site-content-layout":"default","site-content-style":"default","site-sidebar-style":"default","ast-global-header-display":"","ast-banner-title-visibility":"","ast-main-header-display":"","ast-hfb-above-header-display":"","ast-hfb-below-header-display":"","ast-hfb-mobile-header-display":"","site-post-title":"","ast-breadcrumbs-content":"","ast-featured-img":"","footer-sml-layout":"","ast-disable-related-posts":"","theme-transparent-header-meta":"default","adv-header-id-meta":"","stick-header-meta":"","header-above-stick-meta":"","header-main-stick-meta":"","header-below-stick-meta":"","astra-migrate-meta-layouts":"default","ast-page-background-enabled":"default","ast-page-background-meta":{"desktop":{"background-color":"","background-image":"","background-repeat":"repeat","background-position":"center center","background-size":"auto","background-attachment":"scroll","background-type":"","background-media":"","overlay-type":"","overlay-color":"","overlay-opacity":"","overlay-gradient":""},"tablet":{"background-color":"","background-image":"","background-repeat":"repeat","background-position":"center center","background-size":"auto","background-attachment":"scroll","background-type":"","background-media":"","overlay-type":"","overlay-color":"","overlay-opacity":"","overlay-gradient":""},"mobile":{"background-color":"","background-image":"","background-repeat":"repeat","background-position":"center center","background-size":"auto","background-attachment":"scroll","background-type":"","background-media":"","overlay-type":"","overlay-color":"","overlay-opacity":"","overlay-gradient":""}},"ast-content-background-meta":{"desktop":{"background-color":"var(--ast-global-color-5)","background-image":"","background-repeat":"repeat","background-position":"center center","background-size":"auto","background-attachment":"scroll","background-type":"","background-media":"","overlay-type":"","overlay-color":"","overlay-opacity":"","overlay-gradient":""},"tablet":{"background-color":"var(--ast-global-color-5)","background-image":"","background-repeat":"repeat","background-position":"center center","background-size":"auto","background-attachment":"scroll","background-type":"","background-media":"","overlay-type":"","overlay-color":"","overlay-opacity":"","overlay-gradient":""},"mobile":{"background-color":"var(--ast-global-color-5)","background-image":"","background-repeat":"repeat","background-position":"center center","background-size":"auto","background-attachment":"scroll","background-type":"","background-media":"","overlay-type":"","overlay-color":"","overlay-opacity":"","overlay-gradient":""}},"_jetpack_memberships_contains_paid_content":false,"_joinchat":[],"footnotes":""},"categories":[2256,365],"tags":[191,2422,4054,4055,2035,2802,1998,2369,2133,534],"class_list":["post-24127","post","type-post","status-publish","format-standard","has-post-thumbnail","hentry","category-coronavirus","category-opinion","tag-centro","tag-coe","tag-comercios-cerrados","tag-crisis-economica","tag-cuarentena","tag-miedo","tag-pandemia","tag-pymes","tag-salud","tag-villa-maria"],"yoast_head":"<!-- This site is optimized with the Yoast SEO plugin v26.8 - https:\/\/yoast.com\/product\/yoast-seo-wordpress\/ -->\n<title>COE: \u00bfC\u00f3mo se revierte la agon\u00eda comercial del Centro? - El Regional<\/title>\n<meta name=\"description\" content=\"\u00bfPodr\u00edan hacer algo para evitar que sigan cayendo fuentes laborales y negocios? Ma\u00f1ana ya puede ser tarde para muchos y no precisamente por un contagio.\" \/>\n<meta name=\"robots\" content=\"index, follow, max-snippet:-1, max-image-preview:large, max-video-preview:-1\" \/>\n<link rel=\"canonical\" href=\"http:\/\/elregionalvm.com.ar\/noticias-villa-maria\/coe-como-se-revierte-la-agonia-comercial-del-centro\/\" \/>\n<meta property=\"og:locale\" content=\"es_ES\" \/>\n<meta property=\"og:type\" content=\"article\" \/>\n<meta property=\"og:title\" content=\"COE: \u00bfC\u00f3mo se revierte la agon\u00eda comercial del Centro? - El Regional\" \/>\n<meta property=\"og:description\" content=\"\u00bfPodr\u00edan hacer algo para evitar que sigan cayendo fuentes laborales y negocios? Ma\u00f1ana ya puede ser tarde para muchos y no precisamente por un contagio.\" \/>\n<meta property=\"og:url\" content=\"http:\/\/elregionalvm.com.ar\/noticias-villa-maria\/coe-como-se-revierte-la-agonia-comercial-del-centro\/\" \/>\n<meta property=\"og:site_name\" content=\"El Regional\" \/>\n<meta property=\"article:publisher\" content=\"https:\/\/www.facebook.com\/elregionalvm\" \/>\n<meta property=\"article:published_time\" content=\"2020-09-18T23:21:25+00:00\" \/>\n<meta property=\"article:modified_time\" content=\"2020-09-24T00:57:19+00:00\" \/>\n<meta property=\"og:image\" content=\"http:\/\/elregionalvm.com.ar\/noticias-villa-maria\/wp-content\/uploads\/2020\/09\/Comercio-cerrado-1.jpg\" \/>\n\t<meta property=\"og:image:width\" content=\"1200\" \/>\n\t<meta property=\"og:image:height\" content=\"675\" \/>\n\t<meta property=\"og:image:type\" content=\"image\/jpeg\" \/>\n<meta name=\"author\" content=\"Miguel Andreis\" \/>\n<meta name=\"twitter:card\" content=\"summary_large_image\" \/>\n<meta name=\"twitter:creator\" content=\"@elregionalvm1\" \/>\n<meta name=\"twitter:site\" content=\"@elregionalvm1\" \/>\n<meta name=\"twitter:label1\" content=\"Escrito por\" \/>\n\t<meta name=\"twitter:data1\" content=\"Miguel Andreis\" \/>\n\t<meta name=\"twitter:label2\" content=\"Tiempo de lectura\" \/>\n\t<meta name=\"twitter:data2\" content=\"6 minutos\" \/>\n<script type=\"application\/ld+json\" class=\"yoast-schema-graph\">{\"@context\":\"https:\/\/schema.org\",\"@graph\":[{\"@type\":\"Article\",\"@id\":\"http:\/\/elregionalvm.com.ar\/noticias-villa-maria\/coe-como-se-revierte-la-agonia-comercial-del-centro\/#article\",\"isPartOf\":{\"@id\":\"http:\/\/elregionalvm.com.ar\/noticias-villa-maria\/coe-como-se-revierte-la-agonia-comercial-del-centro\/\"},\"author\":{\"name\":\"Miguel Andreis\",\"@id\":\"http:\/\/elregionalvm.com.ar\/noticias-villa-maria\/#\/schema\/person\/df5ff3f005acf29788aed9cb359f1193\"},\"headline\":\"COE: \u00bfC\u00f3mo se revierte la agon\u00eda comercial del Centro?\",\"datePublished\":\"2020-09-18T23:21:25+00:00\",\"dateModified\":\"2020-09-24T00:57:19+00:00\",\"mainEntityOfPage\":{\"@id\":\"http:\/\/elregionalvm.com.ar\/noticias-villa-maria\/coe-como-se-revierte-la-agonia-comercial-del-centro\/\"},\"wordCount\":1158,\"commentCount\":0,\"image\":{\"@id\":\"http:\/\/elregionalvm.com.ar\/noticias-villa-maria\/coe-como-se-revierte-la-agonia-comercial-del-centro\/#primaryimage\"},\"thumbnailUrl\":\"https:\/\/i0.wp.com\/elregionalvm.com.ar\/noticias-villa-maria\/wp-content\/uploads\/2020\/09\/Comercio-cerrado-1.jpg?fit=1200%2C675&ssl=1\",\"keywords\":[\"centro\",\"COE\",\"Comercios cerrados\",\"Crisis econ\u00f3mica\",\"cuarentena\",\"Miedo\",\"pandemia\",\"Pymes\",\"salud\",\"villa maria\"],\"articleSection\":[\"Coronavirus\",\"Opini\u00f3n\"],\"inLanguage\":\"es\",\"potentialAction\":[{\"@type\":\"CommentAction\",\"name\":\"Comment\",\"target\":[\"http:\/\/elregionalvm.com.ar\/noticias-villa-maria\/coe-como-se-revierte-la-agonia-comercial-del-centro\/#respond\"]}]},{\"@type\":\"WebPage\",\"@id\":\"http:\/\/elregionalvm.com.ar\/noticias-villa-maria\/coe-como-se-revierte-la-agonia-comercial-del-centro\/\",\"url\":\"http:\/\/elregionalvm.com.ar\/noticias-villa-maria\/coe-como-se-revierte-la-agonia-comercial-del-centro\/\",\"name\":\"COE: \u00bfC\u00f3mo se revierte la agon\u00eda comercial del Centro? - El Regional\",\"isPartOf\":{\"@id\":\"http:\/\/elregionalvm.com.ar\/noticias-villa-maria\/#website\"},\"primaryImageOfPage\":{\"@id\":\"http:\/\/elregionalvm.com.ar\/noticias-villa-maria\/coe-como-se-revierte-la-agonia-comercial-del-centro\/#primaryimage\"},\"image\":{\"@id\":\"http:\/\/elregionalvm.com.ar\/noticias-villa-maria\/coe-como-se-revierte-la-agonia-comercial-del-centro\/#primaryimage\"},\"thumbnailUrl\":\"https:\/\/i0.wp.com\/elregionalvm.com.ar\/noticias-villa-maria\/wp-content\/uploads\/2020\/09\/Comercio-cerrado-1.jpg?fit=1200%2C675&ssl=1\",\"datePublished\":\"2020-09-18T23:21:25+00:00\",\"dateModified\":\"2020-09-24T00:57:19+00:00\",\"author\":{\"@id\":\"http:\/\/elregionalvm.com.ar\/noticias-villa-maria\/#\/schema\/person\/df5ff3f005acf29788aed9cb359f1193\"},\"description\":\"\u00bfPodr\u00edan hacer algo para evitar que sigan cayendo fuentes laborales y negocios? Ma\u00f1ana ya puede ser tarde para muchos y no precisamente por un contagio.\",\"breadcrumb\":{\"@id\":\"http:\/\/elregionalvm.com.ar\/noticias-villa-maria\/coe-como-se-revierte-la-agonia-comercial-del-centro\/#breadcrumb\"},\"inLanguage\":\"es\",\"potentialAction\":[{\"@type\":\"ReadAction\",\"target\":[\"http:\/\/elregionalvm.com.ar\/noticias-villa-maria\/coe-como-se-revierte-la-agonia-comercial-del-centro\/\"]}]},{\"@type\":\"ImageObject\",\"inLanguage\":\"es\",\"@id\":\"http:\/\/elregionalvm.com.ar\/noticias-villa-maria\/coe-como-se-revierte-la-agonia-comercial-del-centro\/#primaryimage\",\"url\":\"https:\/\/i0.wp.com\/elregionalvm.com.ar\/noticias-villa-maria\/wp-content\/uploads\/2020\/09\/Comercio-cerrado-1.jpg?fit=1200%2C675&ssl=1\",\"contentUrl\":\"https:\/\/i0.wp.com\/elregionalvm.com.ar\/noticias-villa-maria\/wp-content\/uploads\/2020\/09\/Comercio-cerrado-1.jpg?fit=1200%2C675&ssl=1\",\"width\":1200,\"height\":675},{\"@type\":\"BreadcrumbList\",\"@id\":\"http:\/\/elregionalvm.com.ar\/noticias-villa-maria\/coe-como-se-revierte-la-agonia-comercial-del-centro\/#breadcrumb\",\"itemListElement\":[{\"@type\":\"ListItem\",\"position\":1,\"name\":\"Portada\",\"item\":\"https:\/\/elregionalvm.com.ar\/noticias-villa-maria\/\"},{\"@type\":\"ListItem\",\"position\":2,\"name\":\"COE: \u00bfC\u00f3mo se revierte la agon\u00eda comercial del Centro?\"}]},{\"@type\":\"WebSite\",\"@id\":\"http:\/\/elregionalvm.com.ar\/noticias-villa-maria\/#website\",\"url\":\"http:\/\/elregionalvm.com.ar\/noticias-villa-maria\/\",\"name\":\"El Regional\",\"description\":\"Mucho m\u00e1s que informaci\u00f3n\",\"potentialAction\":[{\"@type\":\"SearchAction\",\"target\":{\"@type\":\"EntryPoint\",\"urlTemplate\":\"http:\/\/elregionalvm.com.ar\/noticias-villa-maria\/?s={search_term_string}\"},\"query-input\":{\"@type\":\"PropertyValueSpecification\",\"valueRequired\":true,\"valueName\":\"search_term_string\"}}],\"inLanguage\":\"es\"},{\"@type\":\"Person\",\"@id\":\"http:\/\/elregionalvm.com.ar\/noticias-villa-maria\/#\/schema\/person\/df5ff3f005acf29788aed9cb359f1193\",\"name\":\"Miguel Andreis\",\"image\":{\"@type\":\"ImageObject\",\"inLanguage\":\"es\",\"@id\":\"http:\/\/elregionalvm.com.ar\/noticias-villa-maria\/#\/schema\/person\/image\/\",\"url\":\"https:\/\/secure.gravatar.com\/avatar\/c643381cd03da38327c6407e6886e7182d881f2ecf94a7902ca262c41f9d8884?s=96&d=mm&r=g\",\"contentUrl\":\"https:\/\/secure.gravatar.com\/avatar\/c643381cd03da38327c6407e6886e7182d881f2ecf94a7902ca262c41f9d8884?s=96&d=mm&r=g\",\"caption\":\"Miguel Andreis\"},\"url\":\"https:\/\/elregionalvm.com.ar\/noticias-villa-maria\/author\/miguelandreis\/\"}]}<\/script>\n<!-- \/ Yoast SEO plugin. -->","yoast_head_json":{"title":"COE: \u00bfC\u00f3mo se revierte la agon\u00eda comercial del Centro? - El Regional","description":"\u00bfPodr\u00edan hacer algo para evitar que sigan cayendo fuentes laborales y negocios? Ma\u00f1ana ya puede ser tarde para muchos y no precisamente por un contagio.","robots":{"index":"index","follow":"follow","max-snippet":"max-snippet:-1","max-image-preview":"max-image-preview:large","max-video-preview":"max-video-preview:-1"},"canonical":"http:\/\/elregionalvm.com.ar\/noticias-villa-maria\/coe-como-se-revierte-la-agonia-comercial-del-centro\/","og_locale":"es_ES","og_type":"article","og_title":"COE: \u00bfC\u00f3mo se revierte la agon\u00eda comercial del Centro? - El Regional","og_description":"\u00bfPodr\u00edan hacer algo para evitar que sigan cayendo fuentes laborales y negocios? Ma\u00f1ana ya puede ser tarde para muchos y no precisamente por un contagio.","og_url":"http:\/\/elregionalvm.com.ar\/noticias-villa-maria\/coe-como-se-revierte-la-agonia-comercial-del-centro\/","og_site_name":"El Regional","article_publisher":"https:\/\/www.facebook.com\/elregionalvm","article_published_time":"2020-09-18T23:21:25+00:00","article_modified_time":"2020-09-24T00:57:19+00:00","og_image":[{"width":1200,"height":675,"url":"http:\/\/elregionalvm.com.ar\/noticias-villa-maria\/wp-content\/uploads\/2020\/09\/Comercio-cerrado-1.jpg","type":"image\/jpeg"}],"author":"Miguel Andreis","twitter_card":"summary_large_image","twitter_creator":"@elregionalvm1","twitter_site":"@elregionalvm1","twitter_misc":{"Escrito por":"Miguel Andreis","Tiempo de lectura":"6 minutos"},"schema":{"@context":"https:\/\/schema.org","@graph":[{"@type":"Article","@id":"http:\/\/elregionalvm.com.ar\/noticias-villa-maria\/coe-como-se-revierte-la-agonia-comercial-del-centro\/#article","isPartOf":{"@id":"http:\/\/elregionalvm.com.ar\/noticias-villa-maria\/coe-como-se-revierte-la-agonia-comercial-del-centro\/"},"author":{"name":"Miguel Andreis","@id":"http:\/\/elregionalvm.com.ar\/noticias-villa-maria\/#\/schema\/person\/df5ff3f005acf29788aed9cb359f1193"},"headline":"COE: \u00bfC\u00f3mo se revierte la agon\u00eda comercial del Centro?","datePublished":"2020-09-18T23:21:25+00:00","dateModified":"2020-09-24T00:57:19+00:00","mainEntityOfPage":{"@id":"http:\/\/elregionalvm.com.ar\/noticias-villa-maria\/coe-como-se-revierte-la-agonia-comercial-del-centro\/"},"wordCount":1158,"commentCount":0,"image":{"@id":"http:\/\/elregionalvm.com.ar\/noticias-villa-maria\/coe-como-se-revierte-la-agonia-comercial-del-centro\/#primaryimage"},"thumbnailUrl":"https:\/\/i0.wp.com\/elregionalvm.com.ar\/noticias-villa-maria\/wp-content\/uploads\/2020\/09\/Comercio-cerrado-1.jpg?fit=1200%2C675&ssl=1","keywords":["centro","COE","Comercios cerrados","Crisis econ\u00f3mica","cuarentena","Miedo","pandemia","Pymes","salud","villa maria"],"articleSection":["Coronavirus","Opini\u00f3n"],"inLanguage":"es","potentialAction":[{"@type":"CommentAction","name":"Comment","target":["http:\/\/elregionalvm.com.ar\/noticias-villa-maria\/coe-como-se-revierte-la-agonia-comercial-del-centro\/#respond"]}]},{"@type":"WebPage","@id":"http:\/\/elregionalvm.com.ar\/noticias-villa-maria\/coe-como-se-revierte-la-agonia-comercial-del-centro\/","url":"http:\/\/elregionalvm.com.ar\/noticias-villa-maria\/coe-como-se-revierte-la-agonia-comercial-del-centro\/","name":"COE: \u00bfC\u00f3mo se revierte la agon\u00eda comercial del Centro? - El Regional","isPartOf":{"@id":"http:\/\/elregionalvm.com.ar\/noticias-villa-maria\/#website"},"primaryImageOfPage":{"@id":"http:\/\/elregionalvm.com.ar\/noticias-villa-maria\/coe-como-se-revierte-la-agonia-comercial-del-centro\/#primaryimage"},"image":{"@id":"http:\/\/elregionalvm.com.ar\/noticias-villa-maria\/coe-como-se-revierte-la-agonia-comercial-del-centro\/#primaryimage"},"thumbnailUrl":"https:\/\/i0.wp.com\/elregionalvm.com.ar\/noticias-villa-maria\/wp-content\/uploads\/2020\/09\/Comercio-cerrado-1.jpg?fit=1200%2C675&ssl=1","datePublished":"2020-09-18T23:21:25+00:00","dateModified":"2020-09-24T00:57:19+00:00","author":{"@id":"http:\/\/elregionalvm.com.ar\/noticias-villa-maria\/#\/schema\/person\/df5ff3f005acf29788aed9cb359f1193"},"description":"\u00bfPodr\u00edan hacer algo para evitar que sigan cayendo fuentes laborales y negocios? Ma\u00f1ana ya puede ser tarde para muchos y no precisamente por un contagio.","breadcrumb":{"@id":"http:\/\/elregionalvm.com.ar\/noticias-villa-maria\/coe-como-se-revierte-la-agonia-comercial-del-centro\/#breadcrumb"},"inLanguage":"es","potentialAction":[{"@type":"ReadAction","target":["http:\/\/elregionalvm.com.ar\/noticias-villa-maria\/coe-como-se-revierte-la-agonia-comercial-del-centro\/"]}]},{"@type":"ImageObject","inLanguage":"es","@id":"http:\/\/elregionalvm.com.ar\/noticias-villa-maria\/coe-como-se-revierte-la-agonia-comercial-del-centro\/#primaryimage","url":"https:\/\/i0.wp.com\/elregionalvm.com.ar\/noticias-villa-maria\/wp-content\/uploads\/2020\/09\/Comercio-cerrado-1.jpg?fit=1200%2C675&ssl=1","contentUrl":"https:\/\/i0.wp.com\/elregionalvm.com.ar\/noticias-villa-maria\/wp-content\/uploads\/2020\/09\/Comercio-cerrado-1.jpg?fit=1200%2C675&ssl=1","width":1200,"height":675},{"@type":"BreadcrumbList","@id":"http:\/\/elregionalvm.com.ar\/noticias-villa-maria\/coe-como-se-revierte-la-agonia-comercial-del-centro\/#breadcrumb","itemListElement":[{"@type":"ListItem","position":1,"name":"Portada","item":"https:\/\/elregionalvm.com.ar\/noticias-villa-maria\/"},{"@type":"ListItem","position":2,"name":"COE: \u00bfC\u00f3mo se revierte la agon\u00eda comercial del Centro?"}]},{"@type":"WebSite","@id":"http:\/\/elregionalvm.com.ar\/noticias-villa-maria\/#website","url":"http:\/\/elregionalvm.com.ar\/noticias-villa-maria\/","name":"El Regional","description":"Mucho m\u00e1s que informaci\u00f3n","potentialAction":[{"@type":"SearchAction","target":{"@type":"EntryPoint","urlTemplate":"http:\/\/elregionalvm.com.ar\/noticias-villa-maria\/?s={search_term_string}"},"query-input":{"@type":"PropertyValueSpecification","valueRequired":true,"valueName":"search_term_string"}}],"inLanguage":"es"},{"@type":"Person","@id":"http:\/\/elregionalvm.com.ar\/noticias-villa-maria\/#\/schema\/person\/df5ff3f005acf29788aed9cb359f1193","name":"Miguel Andreis","image":{"@type":"ImageObject","inLanguage":"es","@id":"http:\/\/elregionalvm.com.ar\/noticias-villa-maria\/#\/schema\/person\/image\/","url":"https:\/\/secure.gravatar.com\/avatar\/c643381cd03da38327c6407e6886e7182d881f2ecf94a7902ca262c41f9d8884?s=96&d=mm&r=g","contentUrl":"https:\/\/secure.gravatar.com\/avatar\/c643381cd03da38327c6407e6886e7182d881f2ecf94a7902ca262c41f9d8884?s=96&d=mm&r=g","caption":"Miguel Andreis"},"url":"https:\/\/elregionalvm.com.ar\/noticias-villa-maria\/author\/miguelandreis\/"}]}},"jetpack_featured_media_url":"https:\/\/i0.wp.com\/elregionalvm.com.ar\/noticias-villa-maria\/wp-content\/uploads\/2020\/09\/Comercio-cerrado-1.jpg?fit=1200%2C675&ssl=1","jetpack_sharing_enabled":true,"_links":{"self":[{"href":"https:\/\/elregionalvm.com.ar\/noticias-villa-maria\/wp-json\/wp\/v2\/posts\/24127","targetHints":{"allow":["GET"]}}],"collection":[{"href":"https:\/\/elregionalvm.com.ar\/noticias-villa-maria\/wp-json\/wp\/v2\/posts"}],"about":[{"href":"https:\/\/elregionalvm.com.ar\/noticias-villa-maria\/wp-json\/wp\/v2\/types\/post"}],"author":[{"embeddable":true,"href":"https:\/\/elregionalvm.com.ar\/noticias-villa-maria\/wp-json\/wp\/v2\/users\/5"}],"replies":[{"embeddable":true,"href":"https:\/\/elregionalvm.com.ar\/noticias-villa-maria\/wp-json\/wp\/v2\/comments?post=24127"}],"version-history":[{"count":1,"href":"https:\/\/elregionalvm.com.ar\/noticias-villa-maria\/wp-json\/wp\/v2\/posts\/24127\/revisions"}],"predecessor-version":[{"id":24128,"href":"https:\/\/elregionalvm.com.ar\/noticias-villa-maria\/wp-json\/wp\/v2\/posts\/24127\/revisions\/24128"}],"wp:featuredmedia":[{"embeddable":true,"href":"https:\/\/elregionalvm.com.ar\/noticias-villa-maria\/wp-json\/wp\/v2\/media\/24198"}],"wp:attachment":[{"href":"https:\/\/elregionalvm.com.ar\/noticias-villa-maria\/wp-json\/wp\/v2\/media?parent=24127"}],"wp:term":[{"taxonomy":"category","embeddable":true,"href":"https:\/\/elregionalvm.com.ar\/noticias-villa-maria\/wp-json\/wp\/v2\/categories?post=24127"},{"taxonomy":"post_tag","embeddable":true,"href":"https:\/\/elregionalvm.com.ar\/noticias-villa-maria\/wp-json\/wp\/v2\/tags?post=24127"}],"curies":[{"name":"wp","href":"https:\/\/api.w.org\/{rel}","templated":true}]}}