{"id":24311,"date":"2020-09-21T17:18:35","date_gmt":"2020-09-21T17:18:35","guid":{"rendered":"https:\/\/elregionalvm.com.ar\/noticias-villa-maria\/?p=24311"},"modified":"2020-09-21T21:25:08","modified_gmt":"2020-09-21T21:25:08","slug":"extension-horaria-con-delivery-y-mesas-afuera-a-la-espera-de-ser-autorizados","status":"publish","type":"post","link":"https:\/\/elregionalvm.com.ar\/noticias-villa-maria\/extension-horaria-con-delivery-y-mesas-afuera-a-la-espera-de-ser-autorizados\/","title":{"rendered":"Extensi\u00f3n horaria con delivery y mesas afuera, a la espera de ser autorizados"},"content":{"rendered":"\n<p>Tras una reuni\u00f3n entre autoridades municipales y representantes del sector gastron\u00f3mico de la ciudad, se decidi\u00f3 elevar al COE Regional y los municipios que lo conforman, las propuestas consensuadas entre las partes.<\/p>\n\n\n\n<p>Se trata de la extensi\u00f3n horaria nocturna con modalidades take away o env\u00edo por delivery, m\u00e1s el traslado de las mesas de los locales en calles o veredas para potenciar el distanciamiento social.<\/p>\n\n\n\n<p>Adem\u00e1s, se prev\u00e9 realizar una campa\u00f1a de concientizaci\u00f3n entre los diferentes sectores gastron\u00f3micos, comerciales, institucionales y el municipio para profundizar el cumplimiento de normas y protocolo. <\/p>\n\n\n\n<p>Lo que se busca es fortalecer el compromiso por parte de la ciudadan\u00eda a fines de evitar mayores retrocesos, se indic\u00f3 desde el municipio.<\/p>\n\n\n\n<p><strong>Participantes <\/strong><\/p>\n\n\n\n<p>En la reuni\u00f3n, participaron Pablo Rosso, el jefe de Gabinete, H\u00e9ctor Mu\u00f1oz; el secretario de Gobierno, Eduardo Rodr\u00edguez; el presidente del Ente de Desarrollo Productivo, Franco Monetti; el titular del Ente Deporte y Turismo SEM, Gabriel Falchetto; el vicepresidente a cargo del Concejo Deliberante, Carlos De Falco; las presidentas de los bloques del cuerpo legislativo por la mayor\u00eda y la minor\u00eda, Ver\u00f3nica Viv\u00f3 y Karina Bruno; el titular de la Asociaci\u00f3n de Empresarios Regi\u00f3n Centro (AERCA),Juan Jacobo; y los referentes de Acovim, Roberto Salom\u00f3n y Osvaldo Acosta.<\/p>\n\n\n\n<p><strong>Los reclamos<\/strong><\/p>\n\n\n\n<p>Empresarios y trabajadores gastron\u00f3micos de Villa Mar\u00eda se movilizaron frente al edificio municipal.<\/p>\n\n\n\n<p>La medida de protesta se hace para exigir soluciones tras la nueva restricci\u00f3n en el horario nocturno, medida tomada por el COE Regional que s\u00f3lo permite trabajar de 8 a 20.<\/p>\n\n\n\n<p>El sector destaca que esta nueva restricci\u00f3n horaria atenta con el sustento econ\u00f3mico de todas las familias del rubro.<\/p>\n\n\n\n<p>\u00abNo podemos cerrar, no vamos a cerrar\u00bb, sostuvieron en com\u00fan propietarios de bares y restaurantes. <\/p>\n","protected":false},"excerpt":{"rendered":"<p>Tras una reuni\u00f3n entre autoridades municipales y representantes del sector gastron\u00f3mico de la ciudad, se decidi\u00f3 elevar al COE Regional y los municipios que lo conforman, las propuestas consensuadas entre las partes. Se trata de la extensi\u00f3n horaria nocturna con modalidades take away o env\u00edo por delivery, m\u00e1s el traslado de las mesas de los [&hellip;]<\/p>\n","protected":false},"author":4,"featured_media":24312,"comment_status":"open","ping_status":"open","sticky":false,"template":"","format":"standard","meta":{"site-sidebar-layout":"default","site-content-layout":"default","ast-site-content-layout":"default","site-content-style":"default","site-sidebar-style":"default","ast-global-header-display":"","ast-banner-title-visibility":"","ast-main-header-display":"","ast-hfb-above-header-display":"","ast-hfb-below-header-display":"","ast-hfb-mobile-header-display":"","site-post-title":"","ast-breadcrumbs-content":"","ast-featured-img":"","footer-sml-layout":"","ast-disable-related-posts":"","theme-transparent-header-meta":"default","adv-header-id-meta":"","stick-header-meta":"","header-above-stick-meta":"","header-main-stick-meta":"","header-below-stick-meta":"","astra-migrate-meta-layouts":"default","ast-page-background-enabled":"default","ast-page-background-meta":{"desktop":{"background-color":"","background-image":"","background-repeat":"repeat","background-position":"center center","background-size":"auto","background-attachment":"scroll","background-type":"","background-media":"","overlay-type":"","overlay-color":"","overlay-opacity":"","overlay-gradient":""},"tablet":{"background-color":"","background-image":"","background-repeat":"repeat","background-position":"center center","background-size":"auto","background-attachment":"scroll","background-type":"","background-media":"","overlay-type":"","overlay-color":"","overlay-opacity":"","overlay-gradient":""},"mobile":{"background-color":"","background-image":"","background-repeat":"repeat","background-position":"center center","background-size":"auto","background-attachment":"scroll","background-type":"","background-media":"","overlay-type":"","overlay-color":"","overlay-opacity":"","overlay-gradient":""}},"ast-content-background-meta":{"desktop":{"background-color":"var(--ast-global-color-5)","background-image":"","background-repeat":"repeat","background-position":"center center","background-size":"auto","background-attachment":"scroll","background-type":"","background-media":"","overlay-type":"","overlay-color":"","overlay-opacity":"","overlay-gradient":""},"tablet":{"background-color":"var(--ast-global-color-5)","background-image":"","background-repeat":"repeat","background-position":"center center","background-size":"auto","background-attachment":"scroll","background-type":"","background-media":"","overlay-type":"","overlay-color":"","overlay-opacity":"","overlay-gradient":""},"mobile":{"background-color":"var(--ast-global-color-5)","background-image":"","background-repeat":"repeat","background-position":"center center","background-size":"auto","background-attachment":"scroll","background-type":"","background-media":"","overlay-type":"","overlay-color":"","overlay-opacity":"","overlay-gradient":""}},"_jetpack_memberships_contains_paid_content":false,"_joinchat":[],"footnotes":""},"categories":[2256,2],"tags":[2422,2865,2803,2474,2447,4094],"class_list":["post-24311","post","type-post","status-publish","format-standard","has-post-thumbnail","hentry","category-coronavirus","category-villa-maria","tag-coe","tag-covid-19-2","tag-gastronomicos","tag-municipalidad-de-villa-maria","tag-reclamos","tag-restriccion-horaria"],"yoast_head":"<!-- This site is optimized with the Yoast SEO plugin v26.8 - https:\/\/yoast.com\/product\/yoast-seo-wordpress\/ -->\n<title>Extensi\u00f3n horaria con delivery y mesas afuera, a la espera de ser autorizados - El Regional<\/title>\n<meta name=\"description\" content=\"Tras una reuni\u00f3n entre autoridades municipales y representantes del sector gastron\u00f3mico, se decidi\u00f3 elevar al COE las propuestas consensuadas.\" \/>\n<meta name=\"robots\" content=\"index, follow, max-snippet:-1, max-image-preview:large, max-video-preview:-1\" \/>\n<link rel=\"canonical\" href=\"http:\/\/elregionalvm.com.ar\/noticias-villa-maria\/extension-horaria-con-delivery-y-mesas-afuera-a-la-espera-de-ser-autorizados\/\" \/>\n<meta property=\"og:locale\" content=\"es_ES\" \/>\n<meta property=\"og:type\" content=\"article\" \/>\n<meta property=\"og:title\" content=\"Extensi\u00f3n horaria con delivery y mesas afuera, a la espera de ser autorizados - El Regional\" \/>\n<meta property=\"og:description\" content=\"Tras una reuni\u00f3n entre autoridades municipales y representantes del sector gastron\u00f3mico, se decidi\u00f3 elevar al COE las propuestas consensuadas.\" \/>\n<meta property=\"og:url\" content=\"http:\/\/elregionalvm.com.ar\/noticias-villa-maria\/extension-horaria-con-delivery-y-mesas-afuera-a-la-espera-de-ser-autorizados\/\" \/>\n<meta property=\"og:site_name\" content=\"El Regional\" \/>\n<meta property=\"article:publisher\" content=\"https:\/\/www.facebook.com\/elregionalvm\" \/>\n<meta property=\"article:published_time\" content=\"2020-09-21T17:18:35+00:00\" \/>\n<meta property=\"article:modified_time\" content=\"2020-09-21T21:25:08+00:00\" \/>\n<meta property=\"og:image\" content=\"http:\/\/elregionalvm.com.ar\/noticias-villa-maria\/wp-content\/uploads\/2020\/09\/gastron\u00f3micos.jpg\" \/>\n\t<meta property=\"og:image:width\" content=\"1280\" \/>\n\t<meta property=\"og:image:height\" content=\"853\" \/>\n\t<meta property=\"og:image:type\" content=\"image\/jpeg\" \/>\n<meta name=\"author\" content=\"Contenidos El Regional\" \/>\n<meta name=\"twitter:card\" content=\"summary_large_image\" \/>\n<meta name=\"twitter:creator\" content=\"@elregionalvm1\" \/>\n<meta name=\"twitter:site\" content=\"@elregionalvm1\" \/>\n<meta name=\"twitter:label1\" content=\"Escrito por\" \/>\n\t<meta name=\"twitter:data1\" content=\"Contenidos El Regional\" \/>\n\t<meta name=\"twitter:label2\" content=\"Tiempo de lectura\" \/>\n\t<meta name=\"twitter:data2\" content=\"2 minutos\" \/>\n<script type=\"application\/ld+json\" class=\"yoast-schema-graph\">{\"@context\":\"https:\/\/schema.org\",\"@graph\":[{\"@type\":\"Article\",\"@id\":\"http:\/\/elregionalvm.com.ar\/noticias-villa-maria\/extension-horaria-con-delivery-y-mesas-afuera-a-la-espera-de-ser-autorizados\/#article\",\"isPartOf\":{\"@id\":\"http:\/\/elregionalvm.com.ar\/noticias-villa-maria\/extension-horaria-con-delivery-y-mesas-afuera-a-la-espera-de-ser-autorizados\/\"},\"author\":{\"name\":\"Contenidos El Regional\",\"@id\":\"http:\/\/elregionalvm.com.ar\/noticias-villa-maria\/#\/schema\/person\/a0fb9c422317faca23d50163151bc354\"},\"headline\":\"Extensi\u00f3n horaria con delivery y mesas afuera, a la espera de ser autorizados\",\"datePublished\":\"2020-09-21T17:18:35+00:00\",\"dateModified\":\"2020-09-21T21:25:08+00:00\",\"mainEntityOfPage\":{\"@id\":\"http:\/\/elregionalvm.com.ar\/noticias-villa-maria\/extension-horaria-con-delivery-y-mesas-afuera-a-la-espera-de-ser-autorizados\/\"},\"wordCount\":323,\"commentCount\":0,\"image\":{\"@id\":\"http:\/\/elregionalvm.com.ar\/noticias-villa-maria\/extension-horaria-con-delivery-y-mesas-afuera-a-la-espera-de-ser-autorizados\/#primaryimage\"},\"thumbnailUrl\":\"https:\/\/i0.wp.com\/elregionalvm.com.ar\/noticias-villa-maria\/wp-content\/uploads\/2020\/09\/gastron%C3%B3micos.jpg?fit=1280%2C853&ssl=1\",\"keywords\":[\"COE\",\"Covid 19\",\"gastron\u00f3micos\",\"Municipalidad de Villa Mar\u00eda\",\"Reclamos\",\"Restricci\u00f3n horaria\"],\"articleSection\":[\"Coronavirus\",\"Villa Mar\u00eda\"],\"inLanguage\":\"es\",\"potentialAction\":[{\"@type\":\"CommentAction\",\"name\":\"Comment\",\"target\":[\"http:\/\/elregionalvm.com.ar\/noticias-villa-maria\/extension-horaria-con-delivery-y-mesas-afuera-a-la-espera-de-ser-autorizados\/#respond\"]}]},{\"@type\":\"WebPage\",\"@id\":\"http:\/\/elregionalvm.com.ar\/noticias-villa-maria\/extension-horaria-con-delivery-y-mesas-afuera-a-la-espera-de-ser-autorizados\/\",\"url\":\"http:\/\/elregionalvm.com.ar\/noticias-villa-maria\/extension-horaria-con-delivery-y-mesas-afuera-a-la-espera-de-ser-autorizados\/\",\"name\":\"Extensi\u00f3n horaria con delivery y mesas afuera, a la espera de ser autorizados - El Regional\",\"isPartOf\":{\"@id\":\"http:\/\/elregionalvm.com.ar\/noticias-villa-maria\/#website\"},\"primaryImageOfPage\":{\"@id\":\"http:\/\/elregionalvm.com.ar\/noticias-villa-maria\/extension-horaria-con-delivery-y-mesas-afuera-a-la-espera-de-ser-autorizados\/#primaryimage\"},\"image\":{\"@id\":\"http:\/\/elregionalvm.com.ar\/noticias-villa-maria\/extension-horaria-con-delivery-y-mesas-afuera-a-la-espera-de-ser-autorizados\/#primaryimage\"},\"thumbnailUrl\":\"https:\/\/i0.wp.com\/elregionalvm.com.ar\/noticias-villa-maria\/wp-content\/uploads\/2020\/09\/gastron%C3%B3micos.jpg?fit=1280%2C853&ssl=1\",\"datePublished\":\"2020-09-21T17:18:35+00:00\",\"dateModified\":\"2020-09-21T21:25:08+00:00\",\"author\":{\"@id\":\"http:\/\/elregionalvm.com.ar\/noticias-villa-maria\/#\/schema\/person\/a0fb9c422317faca23d50163151bc354\"},\"description\":\"Tras una reuni\u00f3n entre autoridades municipales y representantes del sector gastron\u00f3mico, se decidi\u00f3 elevar al COE las propuestas consensuadas.\",\"breadcrumb\":{\"@id\":\"http:\/\/elregionalvm.com.ar\/noticias-villa-maria\/extension-horaria-con-delivery-y-mesas-afuera-a-la-espera-de-ser-autorizados\/#breadcrumb\"},\"inLanguage\":\"es\",\"potentialAction\":[{\"@type\":\"ReadAction\",\"target\":[\"http:\/\/elregionalvm.com.ar\/noticias-villa-maria\/extension-horaria-con-delivery-y-mesas-afuera-a-la-espera-de-ser-autorizados\/\"]}]},{\"@type\":\"ImageObject\",\"inLanguage\":\"es\",\"@id\":\"http:\/\/elregionalvm.com.ar\/noticias-villa-maria\/extension-horaria-con-delivery-y-mesas-afuera-a-la-espera-de-ser-autorizados\/#primaryimage\",\"url\":\"https:\/\/i0.wp.com\/elregionalvm.com.ar\/noticias-villa-maria\/wp-content\/uploads\/2020\/09\/gastron%C3%B3micos.jpg?fit=1280%2C853&ssl=1\",\"contentUrl\":\"https:\/\/i0.wp.com\/elregionalvm.com.ar\/noticias-villa-maria\/wp-content\/uploads\/2020\/09\/gastron%C3%B3micos.jpg?fit=1280%2C853&ssl=1\",\"width\":1280,\"height\":853},{\"@type\":\"BreadcrumbList\",\"@id\":\"http:\/\/elregionalvm.com.ar\/noticias-villa-maria\/extension-horaria-con-delivery-y-mesas-afuera-a-la-espera-de-ser-autorizados\/#breadcrumb\",\"itemListElement\":[{\"@type\":\"ListItem\",\"position\":1,\"name\":\"Portada\",\"item\":\"https:\/\/elregionalvm.com.ar\/noticias-villa-maria\/\"},{\"@type\":\"ListItem\",\"position\":2,\"name\":\"Extensi\u00f3n horaria con delivery y mesas afuera, a la espera de ser autorizados\"}]},{\"@type\":\"WebSite\",\"@id\":\"http:\/\/elregionalvm.com.ar\/noticias-villa-maria\/#website\",\"url\":\"http:\/\/elregionalvm.com.ar\/noticias-villa-maria\/\",\"name\":\"El Regional\",\"description\":\"Mucho m\u00e1s que informaci\u00f3n\",\"potentialAction\":[{\"@type\":\"SearchAction\",\"target\":{\"@type\":\"EntryPoint\",\"urlTemplate\":\"http:\/\/elregionalvm.com.ar\/noticias-villa-maria\/?s={search_term_string}\"},\"query-input\":{\"@type\":\"PropertyValueSpecification\",\"valueRequired\":true,\"valueName\":\"search_term_string\"}}],\"inLanguage\":\"es\"},{\"@type\":\"Person\",\"@id\":\"http:\/\/elregionalvm.com.ar\/noticias-villa-maria\/#\/schema\/person\/a0fb9c422317faca23d50163151bc354\",\"name\":\"Contenidos El Regional\",\"image\":{\"@type\":\"ImageObject\",\"inLanguage\":\"es\",\"@id\":\"http:\/\/elregionalvm.com.ar\/noticias-villa-maria\/#\/schema\/person\/image\/\",\"url\":\"https:\/\/secure.gravatar.com\/avatar\/265b27cb2209af7bb3a1318f03305787d7981a5cc6e6cd08fe5a4ecdf99d4b48?s=96&d=mm&r=g\",\"contentUrl\":\"https:\/\/secure.gravatar.com\/avatar\/265b27cb2209af7bb3a1318f03305787d7981a5cc6e6cd08fe5a4ecdf99d4b48?s=96&d=mm&r=g\",\"caption\":\"Contenidos El Regional\"},\"url\":\"https:\/\/elregionalvm.com.ar\/noticias-villa-maria\/author\/contenido\/\"}]}<\/script>\n<!-- \/ Yoast SEO plugin. -->","yoast_head_json":{"title":"Extensi\u00f3n horaria con delivery y mesas afuera, a la espera de ser autorizados - El Regional","description":"Tras una reuni\u00f3n entre autoridades municipales y representantes del sector gastron\u00f3mico, se decidi\u00f3 elevar al COE las propuestas consensuadas.","robots":{"index":"index","follow":"follow","max-snippet":"max-snippet:-1","max-image-preview":"max-image-preview:large","max-video-preview":"max-video-preview:-1"},"canonical":"http:\/\/elregionalvm.com.ar\/noticias-villa-maria\/extension-horaria-con-delivery-y-mesas-afuera-a-la-espera-de-ser-autorizados\/","og_locale":"es_ES","og_type":"article","og_title":"Extensi\u00f3n horaria con delivery y mesas afuera, a la espera de ser autorizados - El Regional","og_description":"Tras una reuni\u00f3n entre autoridades municipales y representantes del sector gastron\u00f3mico, se decidi\u00f3 elevar al COE las propuestas consensuadas.","og_url":"http:\/\/elregionalvm.com.ar\/noticias-villa-maria\/extension-horaria-con-delivery-y-mesas-afuera-a-la-espera-de-ser-autorizados\/","og_site_name":"El Regional","article_publisher":"https:\/\/www.facebook.com\/elregionalvm","article_published_time":"2020-09-21T17:18:35+00:00","article_modified_time":"2020-09-21T21:25:08+00:00","og_image":[{"width":1280,"height":853,"url":"http:\/\/elregionalvm.com.ar\/noticias-villa-maria\/wp-content\/uploads\/2020\/09\/gastron\u00f3micos.jpg","type":"image\/jpeg"}],"author":"Contenidos El Regional","twitter_card":"summary_large_image","twitter_creator":"@elregionalvm1","twitter_site":"@elregionalvm1","twitter_misc":{"Escrito por":"Contenidos El Regional","Tiempo de lectura":"2 minutos"},"schema":{"@context":"https:\/\/schema.org","@graph":[{"@type":"Article","@id":"http:\/\/elregionalvm.com.ar\/noticias-villa-maria\/extension-horaria-con-delivery-y-mesas-afuera-a-la-espera-de-ser-autorizados\/#article","isPartOf":{"@id":"http:\/\/elregionalvm.com.ar\/noticias-villa-maria\/extension-horaria-con-delivery-y-mesas-afuera-a-la-espera-de-ser-autorizados\/"},"author":{"name":"Contenidos El Regional","@id":"http:\/\/elregionalvm.com.ar\/noticias-villa-maria\/#\/schema\/person\/a0fb9c422317faca23d50163151bc354"},"headline":"Extensi\u00f3n horaria con delivery y mesas afuera, a la espera de ser autorizados","datePublished":"2020-09-21T17:18:35+00:00","dateModified":"2020-09-21T21:25:08+00:00","mainEntityOfPage":{"@id":"http:\/\/elregionalvm.com.ar\/noticias-villa-maria\/extension-horaria-con-delivery-y-mesas-afuera-a-la-espera-de-ser-autorizados\/"},"wordCount":323,"commentCount":0,"image":{"@id":"http:\/\/elregionalvm.com.ar\/noticias-villa-maria\/extension-horaria-con-delivery-y-mesas-afuera-a-la-espera-de-ser-autorizados\/#primaryimage"},"thumbnailUrl":"https:\/\/i0.wp.com\/elregionalvm.com.ar\/noticias-villa-maria\/wp-content\/uploads\/2020\/09\/gastron%C3%B3micos.jpg?fit=1280%2C853&ssl=1","keywords":["COE","Covid 19","gastron\u00f3micos","Municipalidad de Villa Mar\u00eda","Reclamos","Restricci\u00f3n horaria"],"articleSection":["Coronavirus","Villa Mar\u00eda"],"inLanguage":"es","potentialAction":[{"@type":"CommentAction","name":"Comment","target":["http:\/\/elregionalvm.com.ar\/noticias-villa-maria\/extension-horaria-con-delivery-y-mesas-afuera-a-la-espera-de-ser-autorizados\/#respond"]}]},{"@type":"WebPage","@id":"http:\/\/elregionalvm.com.ar\/noticias-villa-maria\/extension-horaria-con-delivery-y-mesas-afuera-a-la-espera-de-ser-autorizados\/","url":"http:\/\/elregionalvm.com.ar\/noticias-villa-maria\/extension-horaria-con-delivery-y-mesas-afuera-a-la-espera-de-ser-autorizados\/","name":"Extensi\u00f3n horaria con delivery y mesas afuera, a la espera de ser autorizados - El Regional","isPartOf":{"@id":"http:\/\/elregionalvm.com.ar\/noticias-villa-maria\/#website"},"primaryImageOfPage":{"@id":"http:\/\/elregionalvm.com.ar\/noticias-villa-maria\/extension-horaria-con-delivery-y-mesas-afuera-a-la-espera-de-ser-autorizados\/#primaryimage"},"image":{"@id":"http:\/\/elregionalvm.com.ar\/noticias-villa-maria\/extension-horaria-con-delivery-y-mesas-afuera-a-la-espera-de-ser-autorizados\/#primaryimage"},"thumbnailUrl":"https:\/\/i0.wp.com\/elregionalvm.com.ar\/noticias-villa-maria\/wp-content\/uploads\/2020\/09\/gastron%C3%B3micos.jpg?fit=1280%2C853&ssl=1","datePublished":"2020-09-21T17:18:35+00:00","dateModified":"2020-09-21T21:25:08+00:00","author":{"@id":"http:\/\/elregionalvm.com.ar\/noticias-villa-maria\/#\/schema\/person\/a0fb9c422317faca23d50163151bc354"},"description":"Tras una reuni\u00f3n entre autoridades municipales y representantes del sector gastron\u00f3mico, se decidi\u00f3 elevar al COE las propuestas consensuadas.","breadcrumb":{"@id":"http:\/\/elregionalvm.com.ar\/noticias-villa-maria\/extension-horaria-con-delivery-y-mesas-afuera-a-la-espera-de-ser-autorizados\/#breadcrumb"},"inLanguage":"es","potentialAction":[{"@type":"ReadAction","target":["http:\/\/elregionalvm.com.ar\/noticias-villa-maria\/extension-horaria-con-delivery-y-mesas-afuera-a-la-espera-de-ser-autorizados\/"]}]},{"@type":"ImageObject","inLanguage":"es","@id":"http:\/\/elregionalvm.com.ar\/noticias-villa-maria\/extension-horaria-con-delivery-y-mesas-afuera-a-la-espera-de-ser-autorizados\/#primaryimage","url":"https:\/\/i0.wp.com\/elregionalvm.com.ar\/noticias-villa-maria\/wp-content\/uploads\/2020\/09\/gastron%C3%B3micos.jpg?fit=1280%2C853&ssl=1","contentUrl":"https:\/\/i0.wp.com\/elregionalvm.com.ar\/noticias-villa-maria\/wp-content\/uploads\/2020\/09\/gastron%C3%B3micos.jpg?fit=1280%2C853&ssl=1","width":1280,"height":853},{"@type":"BreadcrumbList","@id":"http:\/\/elregionalvm.com.ar\/noticias-villa-maria\/extension-horaria-con-delivery-y-mesas-afuera-a-la-espera-de-ser-autorizados\/#breadcrumb","itemListElement":[{"@type":"ListItem","position":1,"name":"Portada","item":"https:\/\/elregionalvm.com.ar\/noticias-villa-maria\/"},{"@type":"ListItem","position":2,"name":"Extensi\u00f3n horaria con delivery y mesas afuera, a la espera de ser autorizados"}]},{"@type":"WebSite","@id":"http:\/\/elregionalvm.com.ar\/noticias-villa-maria\/#website","url":"http:\/\/elregionalvm.com.ar\/noticias-villa-maria\/","name":"El Regional","description":"Mucho m\u00e1s que informaci\u00f3n","potentialAction":[{"@type":"SearchAction","target":{"@type":"EntryPoint","urlTemplate":"http:\/\/elregionalvm.com.ar\/noticias-villa-maria\/?s={search_term_string}"},"query-input":{"@type":"PropertyValueSpecification","valueRequired":true,"valueName":"search_term_string"}}],"inLanguage":"es"},{"@type":"Person","@id":"http:\/\/elregionalvm.com.ar\/noticias-villa-maria\/#\/schema\/person\/a0fb9c422317faca23d50163151bc354","name":"Contenidos El Regional","image":{"@type":"ImageObject","inLanguage":"es","@id":"http:\/\/elregionalvm.com.ar\/noticias-villa-maria\/#\/schema\/person\/image\/","url":"https:\/\/secure.gravatar.com\/avatar\/265b27cb2209af7bb3a1318f03305787d7981a5cc6e6cd08fe5a4ecdf99d4b48?s=96&d=mm&r=g","contentUrl":"https:\/\/secure.gravatar.com\/avatar\/265b27cb2209af7bb3a1318f03305787d7981a5cc6e6cd08fe5a4ecdf99d4b48?s=96&d=mm&r=g","caption":"Contenidos El Regional"},"url":"https:\/\/elregionalvm.com.ar\/noticias-villa-maria\/author\/contenido\/"}]}},"jetpack_featured_media_url":"https:\/\/i0.wp.com\/elregionalvm.com.ar\/noticias-villa-maria\/wp-content\/uploads\/2020\/09\/gastron%C3%B3micos.jpg?fit=1280%2C853&ssl=1","jetpack_sharing_enabled":true,"_links":{"self":[{"href":"https:\/\/elregionalvm.com.ar\/noticias-villa-maria\/wp-json\/wp\/v2\/posts\/24311","targetHints":{"allow":["GET"]}}],"collection":[{"href":"https:\/\/elregionalvm.com.ar\/noticias-villa-maria\/wp-json\/wp\/v2\/posts"}],"about":[{"href":"https:\/\/elregionalvm.com.ar\/noticias-villa-maria\/wp-json\/wp\/v2\/types\/post"}],"author":[{"embeddable":true,"href":"https:\/\/elregionalvm.com.ar\/noticias-villa-maria\/wp-json\/wp\/v2\/users\/4"}],"replies":[{"embeddable":true,"href":"https:\/\/elregionalvm.com.ar\/noticias-villa-maria\/wp-json\/wp\/v2\/comments?post=24311"}],"version-history":[{"count":1,"href":"https:\/\/elregionalvm.com.ar\/noticias-villa-maria\/wp-json\/wp\/v2\/posts\/24311\/revisions"}],"predecessor-version":[{"id":24313,"href":"https:\/\/elregionalvm.com.ar\/noticias-villa-maria\/wp-json\/wp\/v2\/posts\/24311\/revisions\/24313"}],"wp:featuredmedia":[{"embeddable":true,"href":"https:\/\/elregionalvm.com.ar\/noticias-villa-maria\/wp-json\/wp\/v2\/media\/24312"}],"wp:attachment":[{"href":"https:\/\/elregionalvm.com.ar\/noticias-villa-maria\/wp-json\/wp\/v2\/media?parent=24311"}],"wp:term":[{"taxonomy":"category","embeddable":true,"href":"https:\/\/elregionalvm.com.ar\/noticias-villa-maria\/wp-json\/wp\/v2\/categories?post=24311"},{"taxonomy":"post_tag","embeddable":true,"href":"https:\/\/elregionalvm.com.ar\/noticias-villa-maria\/wp-json\/wp\/v2\/tags?post=24311"}],"curies":[{"name":"wp","href":"https:\/\/api.w.org\/{rel}","templated":true}]}}