{"id":24317,"date":"2020-09-21T18:40:46","date_gmt":"2020-09-21T18:40:46","guid":{"rendered":"https:\/\/elregionalvm.com.ar\/noticias-villa-maria\/?p=24317"},"modified":"2020-09-21T18:40:47","modified_gmt":"2020-09-21T18:40:47","slug":"nacion-financiara-40-millones-para-cordon-cuneta","status":"publish","type":"post","link":"https:\/\/elregionalvm.com.ar\/noticias-villa-maria\/nacion-financiara-40-millones-para-cordon-cuneta\/","title":{"rendered":"Naci\u00f3n financiar\u00e1 $40 millones para cord\u00f3n cuneta"},"content":{"rendered":"\n<p>El intendente de Villa Nueva, Natalio Graglia,  firm\u00f3 esta ma\u00f1ana el convenio para dos nuevas obras p\u00fablicas que el Estado Nacional financiar\u00e1 en el marco del Programa \u201cArgentina Hace\u201d.<\/p>\n\n\n\n<p>Se trata de la obra de cord\u00f3n cuneta para el barrio Jard\u00edn del Golf y la avenida Los Lirios, en el tramo entre dicho barrio y el sector de La Reserva. En total, el Gobierno Nacional destinar\u00e1 40 millones de pesos para la ejecuci\u00f3n de estos trabajos.<\/p>\n\n\n\n<p>Graglia particip\u00f3 en una reuni\u00f3n con el secretario de Obras P\u00fablicas de la Naci\u00f3n, Mart\u00edn Gill, a quien agradeci\u00f3 por el acompa\u00f1amiento que viene haciendo a las iniciativas villanovenses. <\/p>\n\n\n\n<p><strong>M\u00e1s acuerdos<\/strong><\/p>\n\n\n\n<p>La semana pasada se hab\u00eda firmado el convenio para la concreci\u00f3n de la obra de pavimento del bulevar Argentino, entre los barrios Los Olmos y Florida, por otros 27 millones de pesos. Por lo que, en pocos meses, el Gobierno nacional ya confirm\u00f3 la provisi\u00f3n de obras por casi 70 millones hacia Villa Nueva.<\/p>\n\n\n\n<p>\u201cEs una alegr\u00eda saber que se est\u00e1n reactivando las obras p\u00fablicas, porque todo esto va a traer no s\u00f3lo adelantos y nuevos servicios para los vecinos, sino tambi\u00e9n la posibilidad de generar nuevos puestos de trabajo en la ciudad. En un momento en el que much\u00edsima gente lo necesita\u201d, destac\u00f3 el jefe comunal.<\/p>\n\n\n\n<p>En tanto, remarc\u00f3 que hay varias iniciativas m\u00e1s presentadas ante Naci\u00f3n, a la espera de ser aprobadas.<\/p>\n","protected":false},"excerpt":{"rendered":"<p>El intendente de Villa Nueva, Natalio Graglia, firm\u00f3 esta ma\u00f1ana el convenio para dos nuevas obras p\u00fablicas que el Estado Nacional financiar\u00e1 en el marco del Programa \u201cArgentina Hace\u201d. Se trata de la obra de cord\u00f3n cuneta para el barrio Jard\u00edn del Golf y la avenida Los Lirios, en el tramo entre dicho barrio y [&hellip;]<\/p>\n","protected":false},"author":4,"featured_media":24318,"comment_status":"open","ping_status":"open","sticky":false,"template":"","format":"standard","meta":{"site-sidebar-layout":"default","site-content-layout":"default","ast-site-content-layout":"default","site-content-style":"default","site-sidebar-style":"default","ast-global-header-display":"","ast-banner-title-visibility":"","ast-main-header-display":"","ast-hfb-above-header-display":"","ast-hfb-below-header-display":"","ast-hfb-mobile-header-display":"","site-post-title":"","ast-breadcrumbs-content":"","ast-featured-img":"","footer-sml-layout":"","ast-disable-related-posts":"","theme-transparent-header-meta":"default","adv-header-id-meta":"","stick-header-meta":"","header-above-stick-meta":"","header-main-stick-meta":"","header-below-stick-meta":"","astra-migrate-meta-layouts":"default","ast-page-background-enabled":"default","ast-page-background-meta":{"desktop":{"background-color":"","background-image":"","background-repeat":"repeat","background-position":"center center","background-size":"auto","background-attachment":"scroll","background-type":"","background-media":"","overlay-type":"","overlay-color":"","overlay-opacity":"","overlay-gradient":""},"tablet":{"background-color":"","background-image":"","background-repeat":"repeat","background-position":"center center","background-size":"auto","background-attachment":"scroll","background-type":"","background-media":"","overlay-type":"","overlay-color":"","overlay-opacity":"","overlay-gradient":""},"mobile":{"background-color":"","background-image":"","background-repeat":"repeat","background-position":"center center","background-size":"auto","background-attachment":"scroll","background-type":"","background-media":"","overlay-type":"","overlay-color":"","overlay-opacity":"","overlay-gradient":""}},"ast-content-background-meta":{"desktop":{"background-color":"var(--ast-global-color-5)","background-image":"","background-repeat":"repeat","background-position":"center center","background-size":"auto","background-attachment":"scroll","background-type":"","background-media":"","overlay-type":"","overlay-color":"","overlay-opacity":"","overlay-gradient":""},"tablet":{"background-color":"var(--ast-global-color-5)","background-image":"","background-repeat":"repeat","background-position":"center center","background-size":"auto","background-attachment":"scroll","background-type":"","background-media":"","overlay-type":"","overlay-color":"","overlay-opacity":"","overlay-gradient":""},"mobile":{"background-color":"var(--ast-global-color-5)","background-image":"","background-repeat":"repeat","background-position":"center center","background-size":"auto","background-attachment":"scroll","background-type":"","background-media":"","overlay-type":"","overlay-color":"","overlay-opacity":"","overlay-gradient":""}},"_jetpack_memberships_contains_paid_content":false,"_joinchat":[],"footnotes":""},"categories":[1408],"tags":[3890,1232,2824,3041,1252,4106,232],"class_list":["post-24317","post","type-post","status-publish","format-standard","has-post-thumbnail","hentry","category-villa-nueva","tag-cordon-cuneta","tag-destacado","tag-martin-gill-2","tag-nacion","tag-natalio-graglia","tag-secretaria-obras-publicas","tag-villa-nueva"],"yoast_head":"<!-- This site is optimized with the Yoast SEO plugin v26.8 - https:\/\/yoast.com\/product\/yoast-seo-wordpress\/ -->\n<title>Naci\u00f3n financiar\u00e1 $40 millones para cord\u00f3n cuneta - El Regional<\/title>\n<meta name=\"description\" content=\"El intendente de Villa Nueva, Natalio Graglia, firm\u00f3 el convenio para dos nuevas obras p\u00fablicas que el Estado Nacional financiar\u00e1 para la ciudad.\" \/>\n<meta name=\"robots\" content=\"index, follow, max-snippet:-1, max-image-preview:large, max-video-preview:-1\" \/>\n<link rel=\"canonical\" href=\"http:\/\/elregionalvm.com.ar\/noticias-villa-maria\/nacion-financiara-40-millones-para-cordon-cuneta\/\" \/>\n<meta property=\"og:locale\" content=\"es_ES\" \/>\n<meta property=\"og:type\" content=\"article\" \/>\n<meta property=\"og:title\" content=\"Naci\u00f3n financiar\u00e1 $40 millones para cord\u00f3n cuneta - El Regional\" \/>\n<meta property=\"og:description\" content=\"El intendente de Villa Nueva, Natalio Graglia, firm\u00f3 el convenio para dos nuevas obras p\u00fablicas que el Estado Nacional financiar\u00e1 para la ciudad.\" \/>\n<meta property=\"og:url\" content=\"http:\/\/elregionalvm.com.ar\/noticias-villa-maria\/nacion-financiara-40-millones-para-cordon-cuneta\/\" \/>\n<meta property=\"og:site_name\" content=\"El Regional\" \/>\n<meta property=\"article:publisher\" content=\"https:\/\/www.facebook.com\/elregionalvm\" \/>\n<meta property=\"article:published_time\" content=\"2020-09-21T18:40:46+00:00\" \/>\n<meta property=\"article:modified_time\" content=\"2020-09-21T18:40:47+00:00\" \/>\n<meta property=\"og:image\" content=\"http:\/\/elregionalvm.com.ar\/noticias-villa-maria\/wp-content\/uploads\/2020\/09\/Cord\u00f3n-cuneta-Los-Lirios-Villa-Nueva.jpeg\" \/>\n\t<meta property=\"og:image:width\" content=\"1269\" \/>\n\t<meta property=\"og:image:height\" content=\"651\" \/>\n\t<meta property=\"og:image:type\" content=\"image\/jpeg\" \/>\n<meta name=\"author\" content=\"Contenidos El Regional\" \/>\n<meta name=\"twitter:card\" content=\"summary_large_image\" \/>\n<meta name=\"twitter:creator\" content=\"@elregionalvm1\" \/>\n<meta name=\"twitter:site\" content=\"@elregionalvm1\" \/>\n<meta name=\"twitter:label1\" content=\"Escrito por\" \/>\n\t<meta name=\"twitter:data1\" content=\"Contenidos El Regional\" \/>\n\t<meta name=\"twitter:label2\" content=\"Tiempo de lectura\" \/>\n\t<meta name=\"twitter:data2\" content=\"1 minuto\" \/>\n<script type=\"application\/ld+json\" class=\"yoast-schema-graph\">{\"@context\":\"https:\/\/schema.org\",\"@graph\":[{\"@type\":\"Article\",\"@id\":\"http:\/\/elregionalvm.com.ar\/noticias-villa-maria\/nacion-financiara-40-millones-para-cordon-cuneta\/#article\",\"isPartOf\":{\"@id\":\"http:\/\/elregionalvm.com.ar\/noticias-villa-maria\/nacion-financiara-40-millones-para-cordon-cuneta\/\"},\"author\":{\"name\":\"Contenidos El Regional\",\"@id\":\"http:\/\/elregionalvm.com.ar\/noticias-villa-maria\/#\/schema\/person\/a0fb9c422317faca23d50163151bc354\"},\"headline\":\"Naci\u00f3n financiar\u00e1 $40 millones para cord\u00f3n cuneta\",\"datePublished\":\"2020-09-21T18:40:46+00:00\",\"dateModified\":\"2020-09-21T18:40:47+00:00\",\"mainEntityOfPage\":{\"@id\":\"http:\/\/elregionalvm.com.ar\/noticias-villa-maria\/nacion-financiara-40-millones-para-cordon-cuneta\/\"},\"wordCount\":258,\"commentCount\":0,\"image\":{\"@id\":\"http:\/\/elregionalvm.com.ar\/noticias-villa-maria\/nacion-financiara-40-millones-para-cordon-cuneta\/#primaryimage\"},\"thumbnailUrl\":\"https:\/\/i0.wp.com\/elregionalvm.com.ar\/noticias-villa-maria\/wp-content\/uploads\/2020\/09\/Cord%C3%B3n-cuneta-Los-Lirios-Villa-Nueva.jpeg?fit=1269%2C651&ssl=1\",\"keywords\":[\"cord\u00f3n cuneta\",\"destacado\",\"Martin Gill\",\"Naci\u00f3n\",\"Natalio Graglia\",\"Secretar\u00eda Obras P\u00fablicas\",\"VILLA NUEVA\"],\"articleSection\":[\"Villa Nueva\"],\"inLanguage\":\"es\",\"potentialAction\":[{\"@type\":\"CommentAction\",\"name\":\"Comment\",\"target\":[\"http:\/\/elregionalvm.com.ar\/noticias-villa-maria\/nacion-financiara-40-millones-para-cordon-cuneta\/#respond\"]}]},{\"@type\":\"WebPage\",\"@id\":\"http:\/\/elregionalvm.com.ar\/noticias-villa-maria\/nacion-financiara-40-millones-para-cordon-cuneta\/\",\"url\":\"http:\/\/elregionalvm.com.ar\/noticias-villa-maria\/nacion-financiara-40-millones-para-cordon-cuneta\/\",\"name\":\"Naci\u00f3n financiar\u00e1 $40 millones para cord\u00f3n cuneta - El Regional\",\"isPartOf\":{\"@id\":\"http:\/\/elregionalvm.com.ar\/noticias-villa-maria\/#website\"},\"primaryImageOfPage\":{\"@id\":\"http:\/\/elregionalvm.com.ar\/noticias-villa-maria\/nacion-financiara-40-millones-para-cordon-cuneta\/#primaryimage\"},\"image\":{\"@id\":\"http:\/\/elregionalvm.com.ar\/noticias-villa-maria\/nacion-financiara-40-millones-para-cordon-cuneta\/#primaryimage\"},\"thumbnailUrl\":\"https:\/\/i0.wp.com\/elregionalvm.com.ar\/noticias-villa-maria\/wp-content\/uploads\/2020\/09\/Cord%C3%B3n-cuneta-Los-Lirios-Villa-Nueva.jpeg?fit=1269%2C651&ssl=1\",\"datePublished\":\"2020-09-21T18:40:46+00:00\",\"dateModified\":\"2020-09-21T18:40:47+00:00\",\"author\":{\"@id\":\"http:\/\/elregionalvm.com.ar\/noticias-villa-maria\/#\/schema\/person\/a0fb9c422317faca23d50163151bc354\"},\"description\":\"El intendente de Villa Nueva, Natalio Graglia, firm\u00f3 el convenio para dos nuevas obras p\u00fablicas que el Estado Nacional financiar\u00e1 para la ciudad.\",\"breadcrumb\":{\"@id\":\"http:\/\/elregionalvm.com.ar\/noticias-villa-maria\/nacion-financiara-40-millones-para-cordon-cuneta\/#breadcrumb\"},\"inLanguage\":\"es\",\"potentialAction\":[{\"@type\":\"ReadAction\",\"target\":[\"http:\/\/elregionalvm.com.ar\/noticias-villa-maria\/nacion-financiara-40-millones-para-cordon-cuneta\/\"]}]},{\"@type\":\"ImageObject\",\"inLanguage\":\"es\",\"@id\":\"http:\/\/elregionalvm.com.ar\/noticias-villa-maria\/nacion-financiara-40-millones-para-cordon-cuneta\/#primaryimage\",\"url\":\"https:\/\/i0.wp.com\/elregionalvm.com.ar\/noticias-villa-maria\/wp-content\/uploads\/2020\/09\/Cord%C3%B3n-cuneta-Los-Lirios-Villa-Nueva.jpeg?fit=1269%2C651&ssl=1\",\"contentUrl\":\"https:\/\/i0.wp.com\/elregionalvm.com.ar\/noticias-villa-maria\/wp-content\/uploads\/2020\/09\/Cord%C3%B3n-cuneta-Los-Lirios-Villa-Nueva.jpeg?fit=1269%2C651&ssl=1\",\"width\":1269,\"height\":651},{\"@type\":\"BreadcrumbList\",\"@id\":\"http:\/\/elregionalvm.com.ar\/noticias-villa-maria\/nacion-financiara-40-millones-para-cordon-cuneta\/#breadcrumb\",\"itemListElement\":[{\"@type\":\"ListItem\",\"position\":1,\"name\":\"Portada\",\"item\":\"https:\/\/elregionalvm.com.ar\/noticias-villa-maria\/\"},{\"@type\":\"ListItem\",\"position\":2,\"name\":\"Naci\u00f3n financiar\u00e1 $40 millones para cord\u00f3n cuneta\"}]},{\"@type\":\"WebSite\",\"@id\":\"http:\/\/elregionalvm.com.ar\/noticias-villa-maria\/#website\",\"url\":\"http:\/\/elregionalvm.com.ar\/noticias-villa-maria\/\",\"name\":\"El Regional\",\"description\":\"Mucho m\u00e1s que informaci\u00f3n\",\"potentialAction\":[{\"@type\":\"SearchAction\",\"target\":{\"@type\":\"EntryPoint\",\"urlTemplate\":\"http:\/\/elregionalvm.com.ar\/noticias-villa-maria\/?s={search_term_string}\"},\"query-input\":{\"@type\":\"PropertyValueSpecification\",\"valueRequired\":true,\"valueName\":\"search_term_string\"}}],\"inLanguage\":\"es\"},{\"@type\":\"Person\",\"@id\":\"http:\/\/elregionalvm.com.ar\/noticias-villa-maria\/#\/schema\/person\/a0fb9c422317faca23d50163151bc354\",\"name\":\"Contenidos El Regional\",\"image\":{\"@type\":\"ImageObject\",\"inLanguage\":\"es\",\"@id\":\"http:\/\/elregionalvm.com.ar\/noticias-villa-maria\/#\/schema\/person\/image\/\",\"url\":\"https:\/\/secure.gravatar.com\/avatar\/265b27cb2209af7bb3a1318f03305787d7981a5cc6e6cd08fe5a4ecdf99d4b48?s=96&d=mm&r=g\",\"contentUrl\":\"https:\/\/secure.gravatar.com\/avatar\/265b27cb2209af7bb3a1318f03305787d7981a5cc6e6cd08fe5a4ecdf99d4b48?s=96&d=mm&r=g\",\"caption\":\"Contenidos El Regional\"},\"url\":\"https:\/\/elregionalvm.com.ar\/noticias-villa-maria\/author\/contenido\/\"}]}<\/script>\n<!-- \/ Yoast SEO plugin. -->","yoast_head_json":{"title":"Naci\u00f3n financiar\u00e1 $40 millones para cord\u00f3n cuneta - El Regional","description":"El intendente de Villa Nueva, Natalio Graglia, firm\u00f3 el convenio para dos nuevas obras p\u00fablicas que el Estado Nacional financiar\u00e1 para la ciudad.","robots":{"index":"index","follow":"follow","max-snippet":"max-snippet:-1","max-image-preview":"max-image-preview:large","max-video-preview":"max-video-preview:-1"},"canonical":"http:\/\/elregionalvm.com.ar\/noticias-villa-maria\/nacion-financiara-40-millones-para-cordon-cuneta\/","og_locale":"es_ES","og_type":"article","og_title":"Naci\u00f3n financiar\u00e1 $40 millones para cord\u00f3n cuneta - El Regional","og_description":"El intendente de Villa Nueva, Natalio Graglia, firm\u00f3 el convenio para dos nuevas obras p\u00fablicas que el Estado Nacional financiar\u00e1 para la ciudad.","og_url":"http:\/\/elregionalvm.com.ar\/noticias-villa-maria\/nacion-financiara-40-millones-para-cordon-cuneta\/","og_site_name":"El Regional","article_publisher":"https:\/\/www.facebook.com\/elregionalvm","article_published_time":"2020-09-21T18:40:46+00:00","article_modified_time":"2020-09-21T18:40:47+00:00","og_image":[{"width":1269,"height":651,"url":"http:\/\/elregionalvm.com.ar\/noticias-villa-maria\/wp-content\/uploads\/2020\/09\/Cord\u00f3n-cuneta-Los-Lirios-Villa-Nueva.jpeg","type":"image\/jpeg"}],"author":"Contenidos El Regional","twitter_card":"summary_large_image","twitter_creator":"@elregionalvm1","twitter_site":"@elregionalvm1","twitter_misc":{"Escrito por":"Contenidos El Regional","Tiempo de lectura":"1 minuto"},"schema":{"@context":"https:\/\/schema.org","@graph":[{"@type":"Article","@id":"http:\/\/elregionalvm.com.ar\/noticias-villa-maria\/nacion-financiara-40-millones-para-cordon-cuneta\/#article","isPartOf":{"@id":"http:\/\/elregionalvm.com.ar\/noticias-villa-maria\/nacion-financiara-40-millones-para-cordon-cuneta\/"},"author":{"name":"Contenidos El Regional","@id":"http:\/\/elregionalvm.com.ar\/noticias-villa-maria\/#\/schema\/person\/a0fb9c422317faca23d50163151bc354"},"headline":"Naci\u00f3n financiar\u00e1 $40 millones para cord\u00f3n cuneta","datePublished":"2020-09-21T18:40:46+00:00","dateModified":"2020-09-21T18:40:47+00:00","mainEntityOfPage":{"@id":"http:\/\/elregionalvm.com.ar\/noticias-villa-maria\/nacion-financiara-40-millones-para-cordon-cuneta\/"},"wordCount":258,"commentCount":0,"image":{"@id":"http:\/\/elregionalvm.com.ar\/noticias-villa-maria\/nacion-financiara-40-millones-para-cordon-cuneta\/#primaryimage"},"thumbnailUrl":"https:\/\/i0.wp.com\/elregionalvm.com.ar\/noticias-villa-maria\/wp-content\/uploads\/2020\/09\/Cord%C3%B3n-cuneta-Los-Lirios-Villa-Nueva.jpeg?fit=1269%2C651&ssl=1","keywords":["cord\u00f3n cuneta","destacado","Martin Gill","Naci\u00f3n","Natalio Graglia","Secretar\u00eda Obras P\u00fablicas","VILLA NUEVA"],"articleSection":["Villa Nueva"],"inLanguage":"es","potentialAction":[{"@type":"CommentAction","name":"Comment","target":["http:\/\/elregionalvm.com.ar\/noticias-villa-maria\/nacion-financiara-40-millones-para-cordon-cuneta\/#respond"]}]},{"@type":"WebPage","@id":"http:\/\/elregionalvm.com.ar\/noticias-villa-maria\/nacion-financiara-40-millones-para-cordon-cuneta\/","url":"http:\/\/elregionalvm.com.ar\/noticias-villa-maria\/nacion-financiara-40-millones-para-cordon-cuneta\/","name":"Naci\u00f3n financiar\u00e1 $40 millones para cord\u00f3n cuneta - El Regional","isPartOf":{"@id":"http:\/\/elregionalvm.com.ar\/noticias-villa-maria\/#website"},"primaryImageOfPage":{"@id":"http:\/\/elregionalvm.com.ar\/noticias-villa-maria\/nacion-financiara-40-millones-para-cordon-cuneta\/#primaryimage"},"image":{"@id":"http:\/\/elregionalvm.com.ar\/noticias-villa-maria\/nacion-financiara-40-millones-para-cordon-cuneta\/#primaryimage"},"thumbnailUrl":"https:\/\/i0.wp.com\/elregionalvm.com.ar\/noticias-villa-maria\/wp-content\/uploads\/2020\/09\/Cord%C3%B3n-cuneta-Los-Lirios-Villa-Nueva.jpeg?fit=1269%2C651&ssl=1","datePublished":"2020-09-21T18:40:46+00:00","dateModified":"2020-09-21T18:40:47+00:00","author":{"@id":"http:\/\/elregionalvm.com.ar\/noticias-villa-maria\/#\/schema\/person\/a0fb9c422317faca23d50163151bc354"},"description":"El intendente de Villa Nueva, Natalio Graglia, firm\u00f3 el convenio para dos nuevas obras p\u00fablicas que el Estado Nacional financiar\u00e1 para la ciudad.","breadcrumb":{"@id":"http:\/\/elregionalvm.com.ar\/noticias-villa-maria\/nacion-financiara-40-millones-para-cordon-cuneta\/#breadcrumb"},"inLanguage":"es","potentialAction":[{"@type":"ReadAction","target":["http:\/\/elregionalvm.com.ar\/noticias-villa-maria\/nacion-financiara-40-millones-para-cordon-cuneta\/"]}]},{"@type":"ImageObject","inLanguage":"es","@id":"http:\/\/elregionalvm.com.ar\/noticias-villa-maria\/nacion-financiara-40-millones-para-cordon-cuneta\/#primaryimage","url":"https:\/\/i0.wp.com\/elregionalvm.com.ar\/noticias-villa-maria\/wp-content\/uploads\/2020\/09\/Cord%C3%B3n-cuneta-Los-Lirios-Villa-Nueva.jpeg?fit=1269%2C651&ssl=1","contentUrl":"https:\/\/i0.wp.com\/elregionalvm.com.ar\/noticias-villa-maria\/wp-content\/uploads\/2020\/09\/Cord%C3%B3n-cuneta-Los-Lirios-Villa-Nueva.jpeg?fit=1269%2C651&ssl=1","width":1269,"height":651},{"@type":"BreadcrumbList","@id":"http:\/\/elregionalvm.com.ar\/noticias-villa-maria\/nacion-financiara-40-millones-para-cordon-cuneta\/#breadcrumb","itemListElement":[{"@type":"ListItem","position":1,"name":"Portada","item":"https:\/\/elregionalvm.com.ar\/noticias-villa-maria\/"},{"@type":"ListItem","position":2,"name":"Naci\u00f3n financiar\u00e1 $40 millones para cord\u00f3n cuneta"}]},{"@type":"WebSite","@id":"http:\/\/elregionalvm.com.ar\/noticias-villa-maria\/#website","url":"http:\/\/elregionalvm.com.ar\/noticias-villa-maria\/","name":"El Regional","description":"Mucho m\u00e1s que informaci\u00f3n","potentialAction":[{"@type":"SearchAction","target":{"@type":"EntryPoint","urlTemplate":"http:\/\/elregionalvm.com.ar\/noticias-villa-maria\/?s={search_term_string}"},"query-input":{"@type":"PropertyValueSpecification","valueRequired":true,"valueName":"search_term_string"}}],"inLanguage":"es"},{"@type":"Person","@id":"http:\/\/elregionalvm.com.ar\/noticias-villa-maria\/#\/schema\/person\/a0fb9c422317faca23d50163151bc354","name":"Contenidos El Regional","image":{"@type":"ImageObject","inLanguage":"es","@id":"http:\/\/elregionalvm.com.ar\/noticias-villa-maria\/#\/schema\/person\/image\/","url":"https:\/\/secure.gravatar.com\/avatar\/265b27cb2209af7bb3a1318f03305787d7981a5cc6e6cd08fe5a4ecdf99d4b48?s=96&d=mm&r=g","contentUrl":"https:\/\/secure.gravatar.com\/avatar\/265b27cb2209af7bb3a1318f03305787d7981a5cc6e6cd08fe5a4ecdf99d4b48?s=96&d=mm&r=g","caption":"Contenidos El Regional"},"url":"https:\/\/elregionalvm.com.ar\/noticias-villa-maria\/author\/contenido\/"}]}},"jetpack_featured_media_url":"https:\/\/i0.wp.com\/elregionalvm.com.ar\/noticias-villa-maria\/wp-content\/uploads\/2020\/09\/Cord%C3%B3n-cuneta-Los-Lirios-Villa-Nueva.jpeg?fit=1269%2C651&ssl=1","jetpack_sharing_enabled":true,"_links":{"self":[{"href":"https:\/\/elregionalvm.com.ar\/noticias-villa-maria\/wp-json\/wp\/v2\/posts\/24317","targetHints":{"allow":["GET"]}}],"collection":[{"href":"https:\/\/elregionalvm.com.ar\/noticias-villa-maria\/wp-json\/wp\/v2\/posts"}],"about":[{"href":"https:\/\/elregionalvm.com.ar\/noticias-villa-maria\/wp-json\/wp\/v2\/types\/post"}],"author":[{"embeddable":true,"href":"https:\/\/elregionalvm.com.ar\/noticias-villa-maria\/wp-json\/wp\/v2\/users\/4"}],"replies":[{"embeddable":true,"href":"https:\/\/elregionalvm.com.ar\/noticias-villa-maria\/wp-json\/wp\/v2\/comments?post=24317"}],"version-history":[{"count":1,"href":"https:\/\/elregionalvm.com.ar\/noticias-villa-maria\/wp-json\/wp\/v2\/posts\/24317\/revisions"}],"predecessor-version":[{"id":24319,"href":"https:\/\/elregionalvm.com.ar\/noticias-villa-maria\/wp-json\/wp\/v2\/posts\/24317\/revisions\/24319"}],"wp:featuredmedia":[{"embeddable":true,"href":"https:\/\/elregionalvm.com.ar\/noticias-villa-maria\/wp-json\/wp\/v2\/media\/24318"}],"wp:attachment":[{"href":"https:\/\/elregionalvm.com.ar\/noticias-villa-maria\/wp-json\/wp\/v2\/media?parent=24317"}],"wp:term":[{"taxonomy":"category","embeddable":true,"href":"https:\/\/elregionalvm.com.ar\/noticias-villa-maria\/wp-json\/wp\/v2\/categories?post=24317"},{"taxonomy":"post_tag","embeddable":true,"href":"https:\/\/elregionalvm.com.ar\/noticias-villa-maria\/wp-json\/wp\/v2\/tags?post=24317"}],"curies":[{"name":"wp","href":"https:\/\/api.w.org\/{rel}","templated":true}]}}