{"id":24320,"date":"2020-09-21T18:54:05","date_gmt":"2020-09-21T18:54:05","guid":{"rendered":"https:\/\/elregionalvm.com.ar\/noticias-villa-maria\/?p=24320"},"modified":"2020-09-22T22:42:14","modified_gmt":"2020-09-22T22:42:14","slug":"tarifas-un-congelamiento-de-los-servicios-que-nos-quemara","status":"publish","type":"post","link":"https:\/\/elregionalvm.com.ar\/noticias-villa-maria\/tarifas-un-congelamiento-de-los-servicios-que-nos-quemara\/","title":{"rendered":"Tarifas: Un congelamiento de los servicios que nos quemar\u00e1\u2026"},"content":{"rendered":"\n<h4 class=\"wp-block-heading\"><strong>Telefon\u00eda celular, Internet y cable<\/strong><\/h4>\n\n\n\n<p><\/p>\n\n\n\n<p><strong>Escribe: Miguel Andreis<\/strong><\/p>\n\n\n\n<p>A trav\u00e9s de su cuenta de Twitter, Alberto Fern\u00e1ndez anunci\u00f3 el congelamiento de tarifas hasta el 31 de diciembre de los servicios de telefon\u00eda celular y fija, adem\u00e1s de las prestaciones de internet y cable. Fueron declarados como \u00abservicios p\u00fablicos\u00bb.&nbsp;<\/p>\n\n\n\n<p>Lo que muy posiblemente pase es que, dentro de no demasiado tiempo, pidamos a gritos al gobierno nacional que \u201cdescongele\u201d los precios de los citados productos. No nos deber\u00eda extra\u00f1ar que los referenciados dejen de brindar el nivel de prestaci\u00f3n que han ofrecido hasta el momento.<\/p>\n\n\n\n<p>No es el \u00f3ptimo. No es de excelencia. Es costoso y sin ning\u00fan control elemental de parte del Estado en sus valores, como se hace en todo el mundo responsable. Esto, quiz\u00e1s sirva para que comprendamos el poder de las corporaciones y los negociados de los mismos con el gobierno.<\/p>\n\n\n\n<p>Est\u00e1 claro, y lo dan a entender entre l\u00edneas, las firmas multinacionales, que mientras no puedan imponer sus valores, tales empresas, no invertir\u00e1n un solo peso de mantenci\u00f3n. El amague de protecci\u00f3n del gobierno a los intereses econ\u00f3micos de la sociedad, es otra de las mentiras con los que nos hacen desayunar todos los d\u00edas. Nos volvieron a poner las zanahorias al frente de las narices y nos cre\u00edmos otra falacia con las que nos tienen en estad\u00edo de paraplejia.<\/p>\n\n\n\n<p><strong>Deficiencias e ingenuidad<\/strong><\/p>\n\n\n\n<p>Esta semana, en muchas partes del pa\u00eds ni internet, ni las empresas telef\u00f3nicas ni el cable, funcionaron a pleno y, esto muy probablemente, se observ\u00e9 m\u00e1s n\u00edtidamente, con el pasar de las semanas. Esto se ir\u00e1 degradando por falta de mantenci\u00f3n. No habr\u00e1 inversi\u00f3n por cada una de las empresas a las que se les congel\u00f3 las tarifas. Obvio, repercutir\u00e1 en lo que brindan.<\/p>\n\n\n\n<p>Quedaremos cercados por una peor prestaci\u00f3n. No nos aumentar\u00e1n en dinero, pero lo pagaremos con tiempo y calidad. A punto tal, que, en cualquier momento, esto que nos dijeron desde el Ejecutivo Nacional, que se trataba de cuidar el bolsillo al \u201cpueblo\u201d, no dej\u00f3 de ser otro de los tantos disfraces que usa el poder en funci\u00f3n de continuar vendiendo una imagen, que no es otro caso de un relato escrito en un papel mojado.<\/p>\n\n\n\n<p>El pueblo, los usuarios, la sociedad toda, en general casi festejamos el anuncio de no permitir la acentuaci\u00f3n de los guarismos en sus facturas. En la medida que continuemos con tanto infantilismo e ingenuidad, seguiremos siendo un blanco f\u00e1cil de dominaci\u00f3n\u2026<\/p>\n\n\n\n<p>Claro, por ahora lo \u00fanico que interesa en el pa\u00eds y a quienes gobiernan, es el COVID 19\u2026 La enfermedad de alta gravedad del bolsillo, es secundaria. Nos van marcando el camino de un sometimiento que como pueblo no tiene antecedentes.<\/p>\n\n\n\n<p>Eso es solo por ahora\u2026&nbsp; &nbsp;&nbsp;&nbsp;&nbsp;&nbsp;&nbsp;<\/p>\n","protected":false},"excerpt":{"rendered":"<p>Telefon\u00eda celular, Internet y cable Escribe: Miguel Andreis A trav\u00e9s de su cuenta de Twitter, Alberto Fern\u00e1ndez anunci\u00f3 el congelamiento de tarifas hasta el 31 de diciembre de los servicios de telefon\u00eda celular y fija, adem\u00e1s de las prestaciones de internet y cable. Fueron declarados como \u00abservicios p\u00fablicos\u00bb.&nbsp; Lo que muy posiblemente pase es que, [&hellip;]<\/p>\n","protected":false},"author":5,"featured_media":24360,"comment_status":"open","ping_status":"open","sticky":false,"template":"","format":"standard","meta":{"site-sidebar-layout":"default","site-content-layout":"default","ast-site-content-layout":"default","site-content-style":"default","site-sidebar-style":"default","ast-global-header-display":"","ast-banner-title-visibility":"","ast-main-header-display":"","ast-hfb-above-header-display":"","ast-hfb-below-header-display":"","ast-hfb-mobile-header-display":"","site-post-title":"","ast-breadcrumbs-content":"","ast-featured-img":"","footer-sml-layout":"","ast-disable-related-posts":"","theme-transparent-header-meta":"default","adv-header-id-meta":"","stick-header-meta":"","header-above-stick-meta":"","header-main-stick-meta":"","header-below-stick-meta":"","astra-migrate-meta-layouts":"default","ast-page-background-enabled":"default","ast-page-background-meta":{"desktop":{"background-color":"","background-image":"","background-repeat":"repeat","background-position":"center center","background-size":"auto","background-attachment":"scroll","background-type":"","background-media":"","overlay-type":"","overlay-color":"","overlay-opacity":"","overlay-gradient":""},"tablet":{"background-color":"","background-image":"","background-repeat":"repeat","background-position":"center center","background-size":"auto","background-attachment":"scroll","background-type":"","background-media":"","overlay-type":"","overlay-color":"","overlay-opacity":"","overlay-gradient":""},"mobile":{"background-color":"","background-image":"","background-repeat":"repeat","background-position":"center center","background-size":"auto","background-attachment":"scroll","background-type":"","background-media":"","overlay-type":"","overlay-color":"","overlay-opacity":"","overlay-gradient":""}},"ast-content-background-meta":{"desktop":{"background-color":"var(--ast-global-color-5)","background-image":"","background-repeat":"repeat","background-position":"center center","background-size":"auto","background-attachment":"scroll","background-type":"","background-media":"","overlay-type":"","overlay-color":"","overlay-opacity":"","overlay-gradient":""},"tablet":{"background-color":"var(--ast-global-color-5)","background-image":"","background-repeat":"repeat","background-position":"center center","background-size":"auto","background-attachment":"scroll","background-type":"","background-media":"","overlay-type":"","overlay-color":"","overlay-opacity":"","overlay-gradient":""},"mobile":{"background-color":"var(--ast-global-color-5)","background-image":"","background-repeat":"repeat","background-position":"center center","background-size":"auto","background-attachment":"scroll","background-type":"","background-media":"","overlay-type":"","overlay-color":"","overlay-opacity":"","overlay-gradient":""}},"_jetpack_memberships_contains_paid_content":false,"_joinchat":[],"footnotes":""},"categories":[365,3557],"tags":[1594,988,3724,2865,1065,3464,1785,1420],"class_list":["post-24320","post","type-post","status-publish","format-standard","has-post-thumbnail","hentry","category-opinion","category-tercera","tag-alberto-fernandez","tag-cable","tag-congelamiento-de-tarifas","tag-covid-19-2","tag-internet","tag-servicios-publicos","tag-tarifas","tag-telefonia"],"yoast_head":"<!-- This site is optimized with the Yoast SEO plugin v26.8 - https:\/\/yoast.com\/product\/yoast-seo-wordpress\/ -->\n<title>Tarifas: Un congelamiento de los servicios que nos quemar\u00e1\u2026 - El Regional<\/title>\n<meta name=\"description\" content=\"En muchas partes del pa\u00eds ni internet, ni las empresas telef\u00f3nicas ni el cable, funcionaron a pleno y, esto, muy probablemente, se observe en el tiempo.\" \/>\n<meta name=\"robots\" content=\"index, follow, max-snippet:-1, max-image-preview:large, max-video-preview:-1\" \/>\n<link rel=\"canonical\" href=\"http:\/\/elregionalvm.com.ar\/noticias-villa-maria\/tarifas-un-congelamiento-de-los-servicios-que-nos-quemara\/\" \/>\n<meta property=\"og:locale\" content=\"es_ES\" \/>\n<meta property=\"og:type\" content=\"article\" \/>\n<meta property=\"og:title\" content=\"Tarifas: Un congelamiento de los servicios que nos quemar\u00e1\u2026 - El Regional\" \/>\n<meta property=\"og:description\" content=\"En muchas partes del pa\u00eds ni internet, ni las empresas telef\u00f3nicas ni el cable, funcionaron a pleno y, esto, muy probablemente, se observe en el tiempo.\" \/>\n<meta property=\"og:url\" content=\"http:\/\/elregionalvm.com.ar\/noticias-villa-maria\/tarifas-un-congelamiento-de-los-servicios-que-nos-quemara\/\" \/>\n<meta property=\"og:site_name\" content=\"El Regional\" \/>\n<meta property=\"article:publisher\" content=\"https:\/\/www.facebook.com\/elregionalvm\" \/>\n<meta property=\"article:published_time\" content=\"2020-09-21T18:54:05+00:00\" \/>\n<meta property=\"article:modified_time\" content=\"2020-09-22T22:42:14+00:00\" \/>\n<meta property=\"og:image\" content=\"http:\/\/elregionalvm.com.ar\/noticias-villa-maria\/wp-content\/uploads\/2020\/09\/Alberto-Fern\u00e1ndez-tel\u00e9fono-vertical.jpg\" \/>\n\t<meta property=\"og:image:width\" content=\"713\" \/>\n\t<meta property=\"og:image:height\" content=\"880\" \/>\n\t<meta property=\"og:image:type\" content=\"image\/jpeg\" \/>\n<meta name=\"author\" content=\"Miguel Andreis\" \/>\n<meta name=\"twitter:card\" content=\"summary_large_image\" \/>\n<meta name=\"twitter:creator\" content=\"@elregionalvm1\" \/>\n<meta name=\"twitter:site\" content=\"@elregionalvm1\" \/>\n<meta name=\"twitter:label1\" content=\"Escrito por\" \/>\n\t<meta name=\"twitter:data1\" content=\"Miguel Andreis\" \/>\n\t<meta name=\"twitter:label2\" content=\"Tiempo de lectura\" \/>\n\t<meta name=\"twitter:data2\" content=\"2 minutos\" \/>\n<script type=\"application\/ld+json\" class=\"yoast-schema-graph\">{\"@context\":\"https:\/\/schema.org\",\"@graph\":[{\"@type\":\"Article\",\"@id\":\"http:\/\/elregionalvm.com.ar\/noticias-villa-maria\/tarifas-un-congelamiento-de-los-servicios-que-nos-quemara\/#article\",\"isPartOf\":{\"@id\":\"http:\/\/elregionalvm.com.ar\/noticias-villa-maria\/tarifas-un-congelamiento-de-los-servicios-que-nos-quemara\/\"},\"author\":{\"name\":\"Miguel Andreis\",\"@id\":\"http:\/\/elregionalvm.com.ar\/noticias-villa-maria\/#\/schema\/person\/df5ff3f005acf29788aed9cb359f1193\"},\"headline\":\"Tarifas: Un congelamiento de los servicios que nos quemar\u00e1\u2026\",\"datePublished\":\"2020-09-21T18:54:05+00:00\",\"dateModified\":\"2020-09-22T22:42:14+00:00\",\"mainEntityOfPage\":{\"@id\":\"http:\/\/elregionalvm.com.ar\/noticias-villa-maria\/tarifas-un-congelamiento-de-los-servicios-que-nos-quemara\/\"},\"wordCount\":500,\"commentCount\":0,\"image\":{\"@id\":\"http:\/\/elregionalvm.com.ar\/noticias-villa-maria\/tarifas-un-congelamiento-de-los-servicios-que-nos-quemara\/#primaryimage\"},\"thumbnailUrl\":\"https:\/\/i0.wp.com\/elregionalvm.com.ar\/noticias-villa-maria\/wp-content\/uploads\/2020\/09\/Alberto-Fern%C3%A1ndez-tel%C3%A9fono-vertical.jpg?fit=713%2C880&ssl=1\",\"keywords\":[\"Alberto Fern\u00e1ndez\",\"cable\",\"congelamiento de tarifas\",\"Covid 19\",\"internet\",\"servicios p\u00fablicos\",\"tarifas\",\"telefon\u00eda\"],\"articleSection\":[\"Opini\u00f3n\",\"tercera\"],\"inLanguage\":\"es\",\"potentialAction\":[{\"@type\":\"CommentAction\",\"name\":\"Comment\",\"target\":[\"http:\/\/elregionalvm.com.ar\/noticias-villa-maria\/tarifas-un-congelamiento-de-los-servicios-que-nos-quemara\/#respond\"]}]},{\"@type\":\"WebPage\",\"@id\":\"http:\/\/elregionalvm.com.ar\/noticias-villa-maria\/tarifas-un-congelamiento-de-los-servicios-que-nos-quemara\/\",\"url\":\"http:\/\/elregionalvm.com.ar\/noticias-villa-maria\/tarifas-un-congelamiento-de-los-servicios-que-nos-quemara\/\",\"name\":\"Tarifas: Un congelamiento de los servicios que nos quemar\u00e1\u2026 - El Regional\",\"isPartOf\":{\"@id\":\"http:\/\/elregionalvm.com.ar\/noticias-villa-maria\/#website\"},\"primaryImageOfPage\":{\"@id\":\"http:\/\/elregionalvm.com.ar\/noticias-villa-maria\/tarifas-un-congelamiento-de-los-servicios-que-nos-quemara\/#primaryimage\"},\"image\":{\"@id\":\"http:\/\/elregionalvm.com.ar\/noticias-villa-maria\/tarifas-un-congelamiento-de-los-servicios-que-nos-quemara\/#primaryimage\"},\"thumbnailUrl\":\"https:\/\/i0.wp.com\/elregionalvm.com.ar\/noticias-villa-maria\/wp-content\/uploads\/2020\/09\/Alberto-Fern%C3%A1ndez-tel%C3%A9fono-vertical.jpg?fit=713%2C880&ssl=1\",\"datePublished\":\"2020-09-21T18:54:05+00:00\",\"dateModified\":\"2020-09-22T22:42:14+00:00\",\"author\":{\"@id\":\"http:\/\/elregionalvm.com.ar\/noticias-villa-maria\/#\/schema\/person\/df5ff3f005acf29788aed9cb359f1193\"},\"description\":\"En muchas partes del pa\u00eds ni internet, ni las empresas telef\u00f3nicas ni el cable, funcionaron a pleno y, esto, muy probablemente, se observe en el tiempo.\",\"breadcrumb\":{\"@id\":\"http:\/\/elregionalvm.com.ar\/noticias-villa-maria\/tarifas-un-congelamiento-de-los-servicios-que-nos-quemara\/#breadcrumb\"},\"inLanguage\":\"es\",\"potentialAction\":[{\"@type\":\"ReadAction\",\"target\":[\"http:\/\/elregionalvm.com.ar\/noticias-villa-maria\/tarifas-un-congelamiento-de-los-servicios-que-nos-quemara\/\"]}]},{\"@type\":\"ImageObject\",\"inLanguage\":\"es\",\"@id\":\"http:\/\/elregionalvm.com.ar\/noticias-villa-maria\/tarifas-un-congelamiento-de-los-servicios-que-nos-quemara\/#primaryimage\",\"url\":\"https:\/\/i0.wp.com\/elregionalvm.com.ar\/noticias-villa-maria\/wp-content\/uploads\/2020\/09\/Alberto-Fern%C3%A1ndez-tel%C3%A9fono-vertical.jpg?fit=713%2C880&ssl=1\",\"contentUrl\":\"https:\/\/i0.wp.com\/elregionalvm.com.ar\/noticias-villa-maria\/wp-content\/uploads\/2020\/09\/Alberto-Fern%C3%A1ndez-tel%C3%A9fono-vertical.jpg?fit=713%2C880&ssl=1\",\"width\":713,\"height\":880},{\"@type\":\"BreadcrumbList\",\"@id\":\"http:\/\/elregionalvm.com.ar\/noticias-villa-maria\/tarifas-un-congelamiento-de-los-servicios-que-nos-quemara\/#breadcrumb\",\"itemListElement\":[{\"@type\":\"ListItem\",\"position\":1,\"name\":\"Portada\",\"item\":\"https:\/\/elregionalvm.com.ar\/noticias-villa-maria\/\"},{\"@type\":\"ListItem\",\"position\":2,\"name\":\"Tarifas: Un congelamiento de los servicios que nos quemar\u00e1\u2026\"}]},{\"@type\":\"WebSite\",\"@id\":\"http:\/\/elregionalvm.com.ar\/noticias-villa-maria\/#website\",\"url\":\"http:\/\/elregionalvm.com.ar\/noticias-villa-maria\/\",\"name\":\"El Regional\",\"description\":\"Mucho m\u00e1s que informaci\u00f3n\",\"potentialAction\":[{\"@type\":\"SearchAction\",\"target\":{\"@type\":\"EntryPoint\",\"urlTemplate\":\"http:\/\/elregionalvm.com.ar\/noticias-villa-maria\/?s={search_term_string}\"},\"query-input\":{\"@type\":\"PropertyValueSpecification\",\"valueRequired\":true,\"valueName\":\"search_term_string\"}}],\"inLanguage\":\"es\"},{\"@type\":\"Person\",\"@id\":\"http:\/\/elregionalvm.com.ar\/noticias-villa-maria\/#\/schema\/person\/df5ff3f005acf29788aed9cb359f1193\",\"name\":\"Miguel Andreis\",\"image\":{\"@type\":\"ImageObject\",\"inLanguage\":\"es\",\"@id\":\"http:\/\/elregionalvm.com.ar\/noticias-villa-maria\/#\/schema\/person\/image\/\",\"url\":\"https:\/\/secure.gravatar.com\/avatar\/c643381cd03da38327c6407e6886e7182d881f2ecf94a7902ca262c41f9d8884?s=96&d=mm&r=g\",\"contentUrl\":\"https:\/\/secure.gravatar.com\/avatar\/c643381cd03da38327c6407e6886e7182d881f2ecf94a7902ca262c41f9d8884?s=96&d=mm&r=g\",\"caption\":\"Miguel Andreis\"},\"url\":\"https:\/\/elregionalvm.com.ar\/noticias-villa-maria\/author\/miguelandreis\/\"}]}<\/script>\n<!-- \/ Yoast SEO plugin. -->","yoast_head_json":{"title":"Tarifas: Un congelamiento de los servicios que nos quemar\u00e1\u2026 - El Regional","description":"En muchas partes del pa\u00eds ni internet, ni las empresas telef\u00f3nicas ni el cable, funcionaron a pleno y, esto, muy probablemente, se observe en el tiempo.","robots":{"index":"index","follow":"follow","max-snippet":"max-snippet:-1","max-image-preview":"max-image-preview:large","max-video-preview":"max-video-preview:-1"},"canonical":"http:\/\/elregionalvm.com.ar\/noticias-villa-maria\/tarifas-un-congelamiento-de-los-servicios-que-nos-quemara\/","og_locale":"es_ES","og_type":"article","og_title":"Tarifas: Un congelamiento de los servicios que nos quemar\u00e1\u2026 - El Regional","og_description":"En muchas partes del pa\u00eds ni internet, ni las empresas telef\u00f3nicas ni el cable, funcionaron a pleno y, esto, muy probablemente, se observe en el tiempo.","og_url":"http:\/\/elregionalvm.com.ar\/noticias-villa-maria\/tarifas-un-congelamiento-de-los-servicios-que-nos-quemara\/","og_site_name":"El Regional","article_publisher":"https:\/\/www.facebook.com\/elregionalvm","article_published_time":"2020-09-21T18:54:05+00:00","article_modified_time":"2020-09-22T22:42:14+00:00","og_image":[{"width":713,"height":880,"url":"http:\/\/elregionalvm.com.ar\/noticias-villa-maria\/wp-content\/uploads\/2020\/09\/Alberto-Fern\u00e1ndez-tel\u00e9fono-vertical.jpg","type":"image\/jpeg"}],"author":"Miguel Andreis","twitter_card":"summary_large_image","twitter_creator":"@elregionalvm1","twitter_site":"@elregionalvm1","twitter_misc":{"Escrito por":"Miguel Andreis","Tiempo de lectura":"2 minutos"},"schema":{"@context":"https:\/\/schema.org","@graph":[{"@type":"Article","@id":"http:\/\/elregionalvm.com.ar\/noticias-villa-maria\/tarifas-un-congelamiento-de-los-servicios-que-nos-quemara\/#article","isPartOf":{"@id":"http:\/\/elregionalvm.com.ar\/noticias-villa-maria\/tarifas-un-congelamiento-de-los-servicios-que-nos-quemara\/"},"author":{"name":"Miguel Andreis","@id":"http:\/\/elregionalvm.com.ar\/noticias-villa-maria\/#\/schema\/person\/df5ff3f005acf29788aed9cb359f1193"},"headline":"Tarifas: Un congelamiento de los servicios que nos quemar\u00e1\u2026","datePublished":"2020-09-21T18:54:05+00:00","dateModified":"2020-09-22T22:42:14+00:00","mainEntityOfPage":{"@id":"http:\/\/elregionalvm.com.ar\/noticias-villa-maria\/tarifas-un-congelamiento-de-los-servicios-que-nos-quemara\/"},"wordCount":500,"commentCount":0,"image":{"@id":"http:\/\/elregionalvm.com.ar\/noticias-villa-maria\/tarifas-un-congelamiento-de-los-servicios-que-nos-quemara\/#primaryimage"},"thumbnailUrl":"https:\/\/i0.wp.com\/elregionalvm.com.ar\/noticias-villa-maria\/wp-content\/uploads\/2020\/09\/Alberto-Fern%C3%A1ndez-tel%C3%A9fono-vertical.jpg?fit=713%2C880&ssl=1","keywords":["Alberto Fern\u00e1ndez","cable","congelamiento de tarifas","Covid 19","internet","servicios p\u00fablicos","tarifas","telefon\u00eda"],"articleSection":["Opini\u00f3n","tercera"],"inLanguage":"es","potentialAction":[{"@type":"CommentAction","name":"Comment","target":["http:\/\/elregionalvm.com.ar\/noticias-villa-maria\/tarifas-un-congelamiento-de-los-servicios-que-nos-quemara\/#respond"]}]},{"@type":"WebPage","@id":"http:\/\/elregionalvm.com.ar\/noticias-villa-maria\/tarifas-un-congelamiento-de-los-servicios-que-nos-quemara\/","url":"http:\/\/elregionalvm.com.ar\/noticias-villa-maria\/tarifas-un-congelamiento-de-los-servicios-que-nos-quemara\/","name":"Tarifas: Un congelamiento de los servicios que nos quemar\u00e1\u2026 - El Regional","isPartOf":{"@id":"http:\/\/elregionalvm.com.ar\/noticias-villa-maria\/#website"},"primaryImageOfPage":{"@id":"http:\/\/elregionalvm.com.ar\/noticias-villa-maria\/tarifas-un-congelamiento-de-los-servicios-que-nos-quemara\/#primaryimage"},"image":{"@id":"http:\/\/elregionalvm.com.ar\/noticias-villa-maria\/tarifas-un-congelamiento-de-los-servicios-que-nos-quemara\/#primaryimage"},"thumbnailUrl":"https:\/\/i0.wp.com\/elregionalvm.com.ar\/noticias-villa-maria\/wp-content\/uploads\/2020\/09\/Alberto-Fern%C3%A1ndez-tel%C3%A9fono-vertical.jpg?fit=713%2C880&ssl=1","datePublished":"2020-09-21T18:54:05+00:00","dateModified":"2020-09-22T22:42:14+00:00","author":{"@id":"http:\/\/elregionalvm.com.ar\/noticias-villa-maria\/#\/schema\/person\/df5ff3f005acf29788aed9cb359f1193"},"description":"En muchas partes del pa\u00eds ni internet, ni las empresas telef\u00f3nicas ni el cable, funcionaron a pleno y, esto, muy probablemente, se observe en el tiempo.","breadcrumb":{"@id":"http:\/\/elregionalvm.com.ar\/noticias-villa-maria\/tarifas-un-congelamiento-de-los-servicios-que-nos-quemara\/#breadcrumb"},"inLanguage":"es","potentialAction":[{"@type":"ReadAction","target":["http:\/\/elregionalvm.com.ar\/noticias-villa-maria\/tarifas-un-congelamiento-de-los-servicios-que-nos-quemara\/"]}]},{"@type":"ImageObject","inLanguage":"es","@id":"http:\/\/elregionalvm.com.ar\/noticias-villa-maria\/tarifas-un-congelamiento-de-los-servicios-que-nos-quemara\/#primaryimage","url":"https:\/\/i0.wp.com\/elregionalvm.com.ar\/noticias-villa-maria\/wp-content\/uploads\/2020\/09\/Alberto-Fern%C3%A1ndez-tel%C3%A9fono-vertical.jpg?fit=713%2C880&ssl=1","contentUrl":"https:\/\/i0.wp.com\/elregionalvm.com.ar\/noticias-villa-maria\/wp-content\/uploads\/2020\/09\/Alberto-Fern%C3%A1ndez-tel%C3%A9fono-vertical.jpg?fit=713%2C880&ssl=1","width":713,"height":880},{"@type":"BreadcrumbList","@id":"http:\/\/elregionalvm.com.ar\/noticias-villa-maria\/tarifas-un-congelamiento-de-los-servicios-que-nos-quemara\/#breadcrumb","itemListElement":[{"@type":"ListItem","position":1,"name":"Portada","item":"https:\/\/elregionalvm.com.ar\/noticias-villa-maria\/"},{"@type":"ListItem","position":2,"name":"Tarifas: Un congelamiento de los servicios que nos quemar\u00e1\u2026"}]},{"@type":"WebSite","@id":"http:\/\/elregionalvm.com.ar\/noticias-villa-maria\/#website","url":"http:\/\/elregionalvm.com.ar\/noticias-villa-maria\/","name":"El Regional","description":"Mucho m\u00e1s que informaci\u00f3n","potentialAction":[{"@type":"SearchAction","target":{"@type":"EntryPoint","urlTemplate":"http:\/\/elregionalvm.com.ar\/noticias-villa-maria\/?s={search_term_string}"},"query-input":{"@type":"PropertyValueSpecification","valueRequired":true,"valueName":"search_term_string"}}],"inLanguage":"es"},{"@type":"Person","@id":"http:\/\/elregionalvm.com.ar\/noticias-villa-maria\/#\/schema\/person\/df5ff3f005acf29788aed9cb359f1193","name":"Miguel Andreis","image":{"@type":"ImageObject","inLanguage":"es","@id":"http:\/\/elregionalvm.com.ar\/noticias-villa-maria\/#\/schema\/person\/image\/","url":"https:\/\/secure.gravatar.com\/avatar\/c643381cd03da38327c6407e6886e7182d881f2ecf94a7902ca262c41f9d8884?s=96&d=mm&r=g","contentUrl":"https:\/\/secure.gravatar.com\/avatar\/c643381cd03da38327c6407e6886e7182d881f2ecf94a7902ca262c41f9d8884?s=96&d=mm&r=g","caption":"Miguel Andreis"},"url":"https:\/\/elregionalvm.com.ar\/noticias-villa-maria\/author\/miguelandreis\/"}]}},"jetpack_featured_media_url":"https:\/\/i0.wp.com\/elregionalvm.com.ar\/noticias-villa-maria\/wp-content\/uploads\/2020\/09\/Alberto-Fern%C3%A1ndez-tel%C3%A9fono-vertical.jpg?fit=713%2C880&ssl=1","jetpack_sharing_enabled":true,"_links":{"self":[{"href":"https:\/\/elregionalvm.com.ar\/noticias-villa-maria\/wp-json\/wp\/v2\/posts\/24320","targetHints":{"allow":["GET"]}}],"collection":[{"href":"https:\/\/elregionalvm.com.ar\/noticias-villa-maria\/wp-json\/wp\/v2\/posts"}],"about":[{"href":"https:\/\/elregionalvm.com.ar\/noticias-villa-maria\/wp-json\/wp\/v2\/types\/post"}],"author":[{"embeddable":true,"href":"https:\/\/elregionalvm.com.ar\/noticias-villa-maria\/wp-json\/wp\/v2\/users\/5"}],"replies":[{"embeddable":true,"href":"https:\/\/elregionalvm.com.ar\/noticias-villa-maria\/wp-json\/wp\/v2\/comments?post=24320"}],"version-history":[{"count":1,"href":"https:\/\/elregionalvm.com.ar\/noticias-villa-maria\/wp-json\/wp\/v2\/posts\/24320\/revisions"}],"predecessor-version":[{"id":24322,"href":"https:\/\/elregionalvm.com.ar\/noticias-villa-maria\/wp-json\/wp\/v2\/posts\/24320\/revisions\/24322"}],"wp:featuredmedia":[{"embeddable":true,"href":"https:\/\/elregionalvm.com.ar\/noticias-villa-maria\/wp-json\/wp\/v2\/media\/24360"}],"wp:attachment":[{"href":"https:\/\/elregionalvm.com.ar\/noticias-villa-maria\/wp-json\/wp\/v2\/media?parent=24320"}],"wp:term":[{"taxonomy":"category","embeddable":true,"href":"https:\/\/elregionalvm.com.ar\/noticias-villa-maria\/wp-json\/wp\/v2\/categories?post=24320"},{"taxonomy":"post_tag","embeddable":true,"href":"https:\/\/elregionalvm.com.ar\/noticias-villa-maria\/wp-json\/wp\/v2\/tags?post=24320"}],"curies":[{"name":"wp","href":"https:\/\/api.w.org\/{rel}","templated":true}]}}