{"id":24338,"date":"2020-09-21T22:57:25","date_gmt":"2020-09-21T22:57:25","guid":{"rendered":"https:\/\/elregionalvm.com.ar\/noticias-villa-maria\/?p=24338"},"modified":"2020-09-21T22:57:26","modified_gmt":"2020-09-21T22:57:26","slug":"merendero-ayudemos-necesita-donaciones-para-seguir-con-su-labor-social","status":"publish","type":"post","link":"https:\/\/elregionalvm.com.ar\/noticias-villa-maria\/merendero-ayudemos-necesita-donaciones-para-seguir-con-su-labor-social\/","title":{"rendered":"Merendero \u201cAyudemos\u201d necesita donaciones para seguir con su labor social"},"content":{"rendered":"\n<p><strong>En marzo debi\u00f3 cerrar sus puertas a los asistentes, pero continuaron ayudando a los sectores m\u00e1s vulnerables, tres veces por semana, entregando almuerzo y vianda para 40 ni\u00f1os.<\/strong><\/p>\n\n\n\n<p><strong>Escribe: Carolina Durand<\/strong><\/p>\n\n\n\n<p>Hace m\u00e1s de un a\u00f1o que vienen colaborando en la ciudad, funcionan en calle Comercio 1594, barrio La Florida, y asisten a quienes ven agotados sus recursos alimenticios por la pandemia que puso en jaque al mundo.<\/p>\n\n\n\n<p>Sus impulsoras son Sabrina, Brenda y Lucila Combina e Ivana Contreras, adem\u00e1s de abogados, docentes y doctores, que colaboran con la causa.<\/p>\n\n\n\n<p><strong>Llamado a la solidaridad<\/strong><\/p>\n\n\n\n<p>Ivana se comunic\u00f3 con este medio para hacer extensivo el pedido a los ciudadanos e instituciones que quieran colaborar con la campa\u00f1a que iniciaron para juntar \u201cAlimentos no perecederos\u201d.<\/p>\n\n\n\n<p>Lo recibido ser\u00e1 utilizado en las viandas y las meriendas que se entregan tres veces por semana, en los domicilios, ya que no pueden abrir sus puertas para evitar la aglomeraci\u00f3n de personas.<\/p>\n\n\n\n<p>Adem\u00e1s de alimentos, la ONG ayuda a quienes necesitan ropa, calzados, y elementos esenciales, desde una garrafa hasta una silla de ruedas y medicamentos.<\/p>\n\n\n\n<p><strong>Si est\u00e1s interesado en colaborar y donar alimentos no perecederos al \u201cMerendero Ayudemos\u201d, comun\u00edcate al n\u00famero: 0353-154799411, Ivana Contreras.<\/strong><strong> <\/strong><strong><\/strong><\/p>\n","protected":false},"excerpt":{"rendered":"<p>En marzo debi\u00f3 cerrar sus puertas a los asistentes, pero continuaron ayudando a los sectores m\u00e1s vulnerables, tres veces por semana, entregando almuerzo y vianda para 40 ni\u00f1os. Escribe: Carolina Durand Hace m\u00e1s de un a\u00f1o que vienen colaborando en la ciudad, funcionan en calle Comercio 1594, barrio La Florida, y asisten a quienes ven [&hellip;]<\/p>\n","protected":false},"author":4,"featured_media":24341,"comment_status":"open","ping_status":"open","sticky":false,"template":"","format":"standard","meta":{"site-sidebar-layout":"default","site-content-layout":"default","ast-site-content-layout":"default","site-content-style":"default","site-sidebar-style":"default","ast-global-header-display":"","ast-banner-title-visibility":"","ast-main-header-display":"","ast-hfb-above-header-display":"","ast-hfb-below-header-display":"","ast-hfb-mobile-header-display":"","site-post-title":"","ast-breadcrumbs-content":"","ast-featured-img":"","footer-sml-layout":"","ast-disable-related-posts":"","theme-transparent-header-meta":"default","adv-header-id-meta":"","stick-header-meta":"","header-above-stick-meta":"","header-main-stick-meta":"","header-below-stick-meta":"","astra-migrate-meta-layouts":"default","ast-page-background-enabled":"default","ast-page-background-meta":{"desktop":{"background-color":"","background-image":"","background-repeat":"repeat","background-position":"center center","background-size":"auto","background-attachment":"scroll","background-type":"","background-media":"","overlay-type":"","overlay-color":"","overlay-opacity":"","overlay-gradient":""},"tablet":{"background-color":"","background-image":"","background-repeat":"repeat","background-position":"center center","background-size":"auto","background-attachment":"scroll","background-type":"","background-media":"","overlay-type":"","overlay-color":"","overlay-opacity":"","overlay-gradient":""},"mobile":{"background-color":"","background-image":"","background-repeat":"repeat","background-position":"center center","background-size":"auto","background-attachment":"scroll","background-type":"","background-media":"","overlay-type":"","overlay-color":"","overlay-opacity":"","overlay-gradient":""}},"ast-content-background-meta":{"desktop":{"background-color":"var(--ast-global-color-5)","background-image":"","background-repeat":"repeat","background-position":"center center","background-size":"auto","background-attachment":"scroll","background-type":"","background-media":"","overlay-type":"","overlay-color":"","overlay-opacity":"","overlay-gradient":""},"tablet":{"background-color":"var(--ast-global-color-5)","background-image":"","background-repeat":"repeat","background-position":"center center","background-size":"auto","background-attachment":"scroll","background-type":"","background-media":"","overlay-type":"","overlay-color":"","overlay-opacity":"","overlay-gradient":""},"mobile":{"background-color":"var(--ast-global-color-5)","background-image":"","background-repeat":"repeat","background-position":"center center","background-size":"auto","background-attachment":"scroll","background-type":"","background-media":"","overlay-type":"","overlay-color":"","overlay-opacity":"","overlay-gradient":""}},"_jetpack_memberships_contains_paid_content":false,"_joinchat":[],"footnotes":""},"categories":[1408],"tags":[4116,3038,1232,4115,231,232],"class_list":["post-24338","post","type-post","status-publish","format-standard","has-post-thumbnail","hentry","category-villa-nueva","tag-alimentos-no-perecederos","tag-colaboracion","tag-destacado","tag-merendero","tag-solidaridad","tag-villa-nueva"],"yoast_head":"<!-- This site is optimized with the Yoast SEO plugin v26.8 - https:\/\/yoast.com\/product\/yoast-seo-wordpress\/ -->\n<title>Merendero \u201cAyudemos\u201d necesita donaciones para seguir con su labor social - El Regional<\/title>\n<meta name=\"description\" content=\"En marzo debi\u00f3 cerrar sus puertas, pero continuaron ayudando tres veces por semana, entregando almuerzo y vianda para 40 ni\u00f1os.\" \/>\n<meta name=\"robots\" content=\"index, follow, max-snippet:-1, max-image-preview:large, max-video-preview:-1\" \/>\n<link rel=\"canonical\" href=\"http:\/\/elregionalvm.com.ar\/noticias-villa-maria\/merendero-ayudemos-necesita-donaciones-para-seguir-con-su-labor-social\/\" \/>\n<meta property=\"og:locale\" content=\"es_ES\" \/>\n<meta property=\"og:type\" content=\"article\" \/>\n<meta property=\"og:title\" content=\"Merendero \u201cAyudemos\u201d necesita donaciones para seguir con su labor social - El Regional\" \/>\n<meta property=\"og:description\" content=\"En marzo debi\u00f3 cerrar sus puertas, pero continuaron ayudando tres veces por semana, entregando almuerzo y vianda para 40 ni\u00f1os.\" \/>\n<meta property=\"og:url\" content=\"http:\/\/elregionalvm.com.ar\/noticias-villa-maria\/merendero-ayudemos-necesita-donaciones-para-seguir-con-su-labor-social\/\" \/>\n<meta property=\"og:site_name\" content=\"El Regional\" \/>\n<meta property=\"article:publisher\" content=\"https:\/\/www.facebook.com\/elregionalvm\" \/>\n<meta property=\"article:published_time\" content=\"2020-09-21T22:57:25+00:00\" \/>\n<meta property=\"article:modified_time\" content=\"2020-09-21T22:57:26+00:00\" \/>\n<meta property=\"og:image\" content=\"http:\/\/elregionalvm.com.ar\/noticias-villa-maria\/wp-content\/uploads\/2020\/09\/Villa-Nueva-ong-merendero-ayudemos.jpg\" \/>\n\t<meta property=\"og:image:width\" content=\"495\" \/>\n\t<meta property=\"og:image:height\" content=\"476\" \/>\n\t<meta property=\"og:image:type\" content=\"image\/jpeg\" \/>\n<meta name=\"author\" content=\"Contenidos El Regional\" \/>\n<meta name=\"twitter:card\" content=\"summary_large_image\" \/>\n<meta name=\"twitter:creator\" content=\"@elregionalvm1\" \/>\n<meta name=\"twitter:site\" content=\"@elregionalvm1\" \/>\n<meta name=\"twitter:label1\" content=\"Escrito por\" \/>\n\t<meta name=\"twitter:data1\" content=\"Contenidos El Regional\" \/>\n\t<meta name=\"twitter:label2\" content=\"Tiempo de lectura\" \/>\n\t<meta name=\"twitter:data2\" content=\"1 minuto\" \/>\n<script type=\"application\/ld+json\" class=\"yoast-schema-graph\">{\"@context\":\"https:\/\/schema.org\",\"@graph\":[{\"@type\":\"Article\",\"@id\":\"http:\/\/elregionalvm.com.ar\/noticias-villa-maria\/merendero-ayudemos-necesita-donaciones-para-seguir-con-su-labor-social\/#article\",\"isPartOf\":{\"@id\":\"http:\/\/elregionalvm.com.ar\/noticias-villa-maria\/merendero-ayudemos-necesita-donaciones-para-seguir-con-su-labor-social\/\"},\"author\":{\"name\":\"Contenidos El Regional\",\"@id\":\"http:\/\/elregionalvm.com.ar\/noticias-villa-maria\/#\/schema\/person\/a0fb9c422317faca23d50163151bc354\"},\"headline\":\"Merendero \u201cAyudemos\u201d necesita donaciones para seguir con su labor social\",\"datePublished\":\"2020-09-21T22:57:25+00:00\",\"dateModified\":\"2020-09-21T22:57:26+00:00\",\"mainEntityOfPage\":{\"@id\":\"http:\/\/elregionalvm.com.ar\/noticias-villa-maria\/merendero-ayudemos-necesita-donaciones-para-seguir-con-su-labor-social\/\"},\"wordCount\":218,\"commentCount\":0,\"image\":{\"@id\":\"http:\/\/elregionalvm.com.ar\/noticias-villa-maria\/merendero-ayudemos-necesita-donaciones-para-seguir-con-su-labor-social\/#primaryimage\"},\"thumbnailUrl\":\"https:\/\/i0.wp.com\/elregionalvm.com.ar\/noticias-villa-maria\/wp-content\/uploads\/2020\/09\/Villa-Nueva-ong-merendero-ayudemos.jpg?fit=495%2C476&ssl=1\",\"keywords\":[\"Alimentos no perecederos\",\"Colaboraci\u00f3n\",\"destacado\",\"Merendero\",\"solidaridad\",\"VILLA NUEVA\"],\"articleSection\":[\"Villa Nueva\"],\"inLanguage\":\"es\",\"potentialAction\":[{\"@type\":\"CommentAction\",\"name\":\"Comment\",\"target\":[\"http:\/\/elregionalvm.com.ar\/noticias-villa-maria\/merendero-ayudemos-necesita-donaciones-para-seguir-con-su-labor-social\/#respond\"]}]},{\"@type\":\"WebPage\",\"@id\":\"http:\/\/elregionalvm.com.ar\/noticias-villa-maria\/merendero-ayudemos-necesita-donaciones-para-seguir-con-su-labor-social\/\",\"url\":\"http:\/\/elregionalvm.com.ar\/noticias-villa-maria\/merendero-ayudemos-necesita-donaciones-para-seguir-con-su-labor-social\/\",\"name\":\"Merendero \u201cAyudemos\u201d necesita donaciones para seguir con su labor social - El Regional\",\"isPartOf\":{\"@id\":\"http:\/\/elregionalvm.com.ar\/noticias-villa-maria\/#website\"},\"primaryImageOfPage\":{\"@id\":\"http:\/\/elregionalvm.com.ar\/noticias-villa-maria\/merendero-ayudemos-necesita-donaciones-para-seguir-con-su-labor-social\/#primaryimage\"},\"image\":{\"@id\":\"http:\/\/elregionalvm.com.ar\/noticias-villa-maria\/merendero-ayudemos-necesita-donaciones-para-seguir-con-su-labor-social\/#primaryimage\"},\"thumbnailUrl\":\"https:\/\/i0.wp.com\/elregionalvm.com.ar\/noticias-villa-maria\/wp-content\/uploads\/2020\/09\/Villa-Nueva-ong-merendero-ayudemos.jpg?fit=495%2C476&ssl=1\",\"datePublished\":\"2020-09-21T22:57:25+00:00\",\"dateModified\":\"2020-09-21T22:57:26+00:00\",\"author\":{\"@id\":\"http:\/\/elregionalvm.com.ar\/noticias-villa-maria\/#\/schema\/person\/a0fb9c422317faca23d50163151bc354\"},\"description\":\"En marzo debi\u00f3 cerrar sus puertas, pero continuaron ayudando tres veces por semana, entregando almuerzo y vianda para 40 ni\u00f1os.\",\"breadcrumb\":{\"@id\":\"http:\/\/elregionalvm.com.ar\/noticias-villa-maria\/merendero-ayudemos-necesita-donaciones-para-seguir-con-su-labor-social\/#breadcrumb\"},\"inLanguage\":\"es\",\"potentialAction\":[{\"@type\":\"ReadAction\",\"target\":[\"http:\/\/elregionalvm.com.ar\/noticias-villa-maria\/merendero-ayudemos-necesita-donaciones-para-seguir-con-su-labor-social\/\"]}]},{\"@type\":\"ImageObject\",\"inLanguage\":\"es\",\"@id\":\"http:\/\/elregionalvm.com.ar\/noticias-villa-maria\/merendero-ayudemos-necesita-donaciones-para-seguir-con-su-labor-social\/#primaryimage\",\"url\":\"https:\/\/i0.wp.com\/elregionalvm.com.ar\/noticias-villa-maria\/wp-content\/uploads\/2020\/09\/Villa-Nueva-ong-merendero-ayudemos.jpg?fit=495%2C476&ssl=1\",\"contentUrl\":\"https:\/\/i0.wp.com\/elregionalvm.com.ar\/noticias-villa-maria\/wp-content\/uploads\/2020\/09\/Villa-Nueva-ong-merendero-ayudemos.jpg?fit=495%2C476&ssl=1\",\"width\":495,\"height\":476},{\"@type\":\"BreadcrumbList\",\"@id\":\"http:\/\/elregionalvm.com.ar\/noticias-villa-maria\/merendero-ayudemos-necesita-donaciones-para-seguir-con-su-labor-social\/#breadcrumb\",\"itemListElement\":[{\"@type\":\"ListItem\",\"position\":1,\"name\":\"Portada\",\"item\":\"https:\/\/elregionalvm.com.ar\/noticias-villa-maria\/\"},{\"@type\":\"ListItem\",\"position\":2,\"name\":\"Merendero \u201cAyudemos\u201d necesita donaciones para seguir con su labor social\"}]},{\"@type\":\"WebSite\",\"@id\":\"http:\/\/elregionalvm.com.ar\/noticias-villa-maria\/#website\",\"url\":\"http:\/\/elregionalvm.com.ar\/noticias-villa-maria\/\",\"name\":\"El Regional\",\"description\":\"Mucho m\u00e1s que informaci\u00f3n\",\"potentialAction\":[{\"@type\":\"SearchAction\",\"target\":{\"@type\":\"EntryPoint\",\"urlTemplate\":\"http:\/\/elregionalvm.com.ar\/noticias-villa-maria\/?s={search_term_string}\"},\"query-input\":{\"@type\":\"PropertyValueSpecification\",\"valueRequired\":true,\"valueName\":\"search_term_string\"}}],\"inLanguage\":\"es\"},{\"@type\":\"Person\",\"@id\":\"http:\/\/elregionalvm.com.ar\/noticias-villa-maria\/#\/schema\/person\/a0fb9c422317faca23d50163151bc354\",\"name\":\"Contenidos El Regional\",\"image\":{\"@type\":\"ImageObject\",\"inLanguage\":\"es\",\"@id\":\"http:\/\/elregionalvm.com.ar\/noticias-villa-maria\/#\/schema\/person\/image\/\",\"url\":\"https:\/\/secure.gravatar.com\/avatar\/265b27cb2209af7bb3a1318f03305787d7981a5cc6e6cd08fe5a4ecdf99d4b48?s=96&d=mm&r=g\",\"contentUrl\":\"https:\/\/secure.gravatar.com\/avatar\/265b27cb2209af7bb3a1318f03305787d7981a5cc6e6cd08fe5a4ecdf99d4b48?s=96&d=mm&r=g\",\"caption\":\"Contenidos El Regional\"},\"url\":\"https:\/\/elregionalvm.com.ar\/noticias-villa-maria\/author\/contenido\/\"}]}<\/script>\n<!-- \/ Yoast SEO plugin. -->","yoast_head_json":{"title":"Merendero \u201cAyudemos\u201d necesita donaciones para seguir con su labor social - El Regional","description":"En marzo debi\u00f3 cerrar sus puertas, pero continuaron ayudando tres veces por semana, entregando almuerzo y vianda para 40 ni\u00f1os.","robots":{"index":"index","follow":"follow","max-snippet":"max-snippet:-1","max-image-preview":"max-image-preview:large","max-video-preview":"max-video-preview:-1"},"canonical":"http:\/\/elregionalvm.com.ar\/noticias-villa-maria\/merendero-ayudemos-necesita-donaciones-para-seguir-con-su-labor-social\/","og_locale":"es_ES","og_type":"article","og_title":"Merendero \u201cAyudemos\u201d necesita donaciones para seguir con su labor social - El Regional","og_description":"En marzo debi\u00f3 cerrar sus puertas, pero continuaron ayudando tres veces por semana, entregando almuerzo y vianda para 40 ni\u00f1os.","og_url":"http:\/\/elregionalvm.com.ar\/noticias-villa-maria\/merendero-ayudemos-necesita-donaciones-para-seguir-con-su-labor-social\/","og_site_name":"El Regional","article_publisher":"https:\/\/www.facebook.com\/elregionalvm","article_published_time":"2020-09-21T22:57:25+00:00","article_modified_time":"2020-09-21T22:57:26+00:00","og_image":[{"width":495,"height":476,"url":"http:\/\/elregionalvm.com.ar\/noticias-villa-maria\/wp-content\/uploads\/2020\/09\/Villa-Nueva-ong-merendero-ayudemos.jpg","type":"image\/jpeg"}],"author":"Contenidos El Regional","twitter_card":"summary_large_image","twitter_creator":"@elregionalvm1","twitter_site":"@elregionalvm1","twitter_misc":{"Escrito por":"Contenidos El Regional","Tiempo de lectura":"1 minuto"},"schema":{"@context":"https:\/\/schema.org","@graph":[{"@type":"Article","@id":"http:\/\/elregionalvm.com.ar\/noticias-villa-maria\/merendero-ayudemos-necesita-donaciones-para-seguir-con-su-labor-social\/#article","isPartOf":{"@id":"http:\/\/elregionalvm.com.ar\/noticias-villa-maria\/merendero-ayudemos-necesita-donaciones-para-seguir-con-su-labor-social\/"},"author":{"name":"Contenidos El Regional","@id":"http:\/\/elregionalvm.com.ar\/noticias-villa-maria\/#\/schema\/person\/a0fb9c422317faca23d50163151bc354"},"headline":"Merendero \u201cAyudemos\u201d necesita donaciones para seguir con su labor social","datePublished":"2020-09-21T22:57:25+00:00","dateModified":"2020-09-21T22:57:26+00:00","mainEntityOfPage":{"@id":"http:\/\/elregionalvm.com.ar\/noticias-villa-maria\/merendero-ayudemos-necesita-donaciones-para-seguir-con-su-labor-social\/"},"wordCount":218,"commentCount":0,"image":{"@id":"http:\/\/elregionalvm.com.ar\/noticias-villa-maria\/merendero-ayudemos-necesita-donaciones-para-seguir-con-su-labor-social\/#primaryimage"},"thumbnailUrl":"https:\/\/i0.wp.com\/elregionalvm.com.ar\/noticias-villa-maria\/wp-content\/uploads\/2020\/09\/Villa-Nueva-ong-merendero-ayudemos.jpg?fit=495%2C476&ssl=1","keywords":["Alimentos no perecederos","Colaboraci\u00f3n","destacado","Merendero","solidaridad","VILLA NUEVA"],"articleSection":["Villa Nueva"],"inLanguage":"es","potentialAction":[{"@type":"CommentAction","name":"Comment","target":["http:\/\/elregionalvm.com.ar\/noticias-villa-maria\/merendero-ayudemos-necesita-donaciones-para-seguir-con-su-labor-social\/#respond"]}]},{"@type":"WebPage","@id":"http:\/\/elregionalvm.com.ar\/noticias-villa-maria\/merendero-ayudemos-necesita-donaciones-para-seguir-con-su-labor-social\/","url":"http:\/\/elregionalvm.com.ar\/noticias-villa-maria\/merendero-ayudemos-necesita-donaciones-para-seguir-con-su-labor-social\/","name":"Merendero \u201cAyudemos\u201d necesita donaciones para seguir con su labor social - El Regional","isPartOf":{"@id":"http:\/\/elregionalvm.com.ar\/noticias-villa-maria\/#website"},"primaryImageOfPage":{"@id":"http:\/\/elregionalvm.com.ar\/noticias-villa-maria\/merendero-ayudemos-necesita-donaciones-para-seguir-con-su-labor-social\/#primaryimage"},"image":{"@id":"http:\/\/elregionalvm.com.ar\/noticias-villa-maria\/merendero-ayudemos-necesita-donaciones-para-seguir-con-su-labor-social\/#primaryimage"},"thumbnailUrl":"https:\/\/i0.wp.com\/elregionalvm.com.ar\/noticias-villa-maria\/wp-content\/uploads\/2020\/09\/Villa-Nueva-ong-merendero-ayudemos.jpg?fit=495%2C476&ssl=1","datePublished":"2020-09-21T22:57:25+00:00","dateModified":"2020-09-21T22:57:26+00:00","author":{"@id":"http:\/\/elregionalvm.com.ar\/noticias-villa-maria\/#\/schema\/person\/a0fb9c422317faca23d50163151bc354"},"description":"En marzo debi\u00f3 cerrar sus puertas, pero continuaron ayudando tres veces por semana, entregando almuerzo y vianda para 40 ni\u00f1os.","breadcrumb":{"@id":"http:\/\/elregionalvm.com.ar\/noticias-villa-maria\/merendero-ayudemos-necesita-donaciones-para-seguir-con-su-labor-social\/#breadcrumb"},"inLanguage":"es","potentialAction":[{"@type":"ReadAction","target":["http:\/\/elregionalvm.com.ar\/noticias-villa-maria\/merendero-ayudemos-necesita-donaciones-para-seguir-con-su-labor-social\/"]}]},{"@type":"ImageObject","inLanguage":"es","@id":"http:\/\/elregionalvm.com.ar\/noticias-villa-maria\/merendero-ayudemos-necesita-donaciones-para-seguir-con-su-labor-social\/#primaryimage","url":"https:\/\/i0.wp.com\/elregionalvm.com.ar\/noticias-villa-maria\/wp-content\/uploads\/2020\/09\/Villa-Nueva-ong-merendero-ayudemos.jpg?fit=495%2C476&ssl=1","contentUrl":"https:\/\/i0.wp.com\/elregionalvm.com.ar\/noticias-villa-maria\/wp-content\/uploads\/2020\/09\/Villa-Nueva-ong-merendero-ayudemos.jpg?fit=495%2C476&ssl=1","width":495,"height":476},{"@type":"BreadcrumbList","@id":"http:\/\/elregionalvm.com.ar\/noticias-villa-maria\/merendero-ayudemos-necesita-donaciones-para-seguir-con-su-labor-social\/#breadcrumb","itemListElement":[{"@type":"ListItem","position":1,"name":"Portada","item":"https:\/\/elregionalvm.com.ar\/noticias-villa-maria\/"},{"@type":"ListItem","position":2,"name":"Merendero \u201cAyudemos\u201d necesita donaciones para seguir con su labor social"}]},{"@type":"WebSite","@id":"http:\/\/elregionalvm.com.ar\/noticias-villa-maria\/#website","url":"http:\/\/elregionalvm.com.ar\/noticias-villa-maria\/","name":"El Regional","description":"Mucho m\u00e1s que informaci\u00f3n","potentialAction":[{"@type":"SearchAction","target":{"@type":"EntryPoint","urlTemplate":"http:\/\/elregionalvm.com.ar\/noticias-villa-maria\/?s={search_term_string}"},"query-input":{"@type":"PropertyValueSpecification","valueRequired":true,"valueName":"search_term_string"}}],"inLanguage":"es"},{"@type":"Person","@id":"http:\/\/elregionalvm.com.ar\/noticias-villa-maria\/#\/schema\/person\/a0fb9c422317faca23d50163151bc354","name":"Contenidos El Regional","image":{"@type":"ImageObject","inLanguage":"es","@id":"http:\/\/elregionalvm.com.ar\/noticias-villa-maria\/#\/schema\/person\/image\/","url":"https:\/\/secure.gravatar.com\/avatar\/265b27cb2209af7bb3a1318f03305787d7981a5cc6e6cd08fe5a4ecdf99d4b48?s=96&d=mm&r=g","contentUrl":"https:\/\/secure.gravatar.com\/avatar\/265b27cb2209af7bb3a1318f03305787d7981a5cc6e6cd08fe5a4ecdf99d4b48?s=96&d=mm&r=g","caption":"Contenidos El Regional"},"url":"https:\/\/elregionalvm.com.ar\/noticias-villa-maria\/author\/contenido\/"}]}},"jetpack_featured_media_url":"https:\/\/i0.wp.com\/elregionalvm.com.ar\/noticias-villa-maria\/wp-content\/uploads\/2020\/09\/Villa-Nueva-ong-merendero-ayudemos.jpg?fit=495%2C476&ssl=1","jetpack_sharing_enabled":true,"_links":{"self":[{"href":"https:\/\/elregionalvm.com.ar\/noticias-villa-maria\/wp-json\/wp\/v2\/posts\/24338","targetHints":{"allow":["GET"]}}],"collection":[{"href":"https:\/\/elregionalvm.com.ar\/noticias-villa-maria\/wp-json\/wp\/v2\/posts"}],"about":[{"href":"https:\/\/elregionalvm.com.ar\/noticias-villa-maria\/wp-json\/wp\/v2\/types\/post"}],"author":[{"embeddable":true,"href":"https:\/\/elregionalvm.com.ar\/noticias-villa-maria\/wp-json\/wp\/v2\/users\/4"}],"replies":[{"embeddable":true,"href":"https:\/\/elregionalvm.com.ar\/noticias-villa-maria\/wp-json\/wp\/v2\/comments?post=24338"}],"version-history":[{"count":1,"href":"https:\/\/elregionalvm.com.ar\/noticias-villa-maria\/wp-json\/wp\/v2\/posts\/24338\/revisions"}],"predecessor-version":[{"id":24342,"href":"https:\/\/elregionalvm.com.ar\/noticias-villa-maria\/wp-json\/wp\/v2\/posts\/24338\/revisions\/24342"}],"wp:featuredmedia":[{"embeddable":true,"href":"https:\/\/elregionalvm.com.ar\/noticias-villa-maria\/wp-json\/wp\/v2\/media\/24341"}],"wp:attachment":[{"href":"https:\/\/elregionalvm.com.ar\/noticias-villa-maria\/wp-json\/wp\/v2\/media?parent=24338"}],"wp:term":[{"taxonomy":"category","embeddable":true,"href":"https:\/\/elregionalvm.com.ar\/noticias-villa-maria\/wp-json\/wp\/v2\/categories?post=24338"},{"taxonomy":"post_tag","embeddable":true,"href":"https:\/\/elregionalvm.com.ar\/noticias-villa-maria\/wp-json\/wp\/v2\/tags?post=24338"}],"curies":[{"name":"wp","href":"https:\/\/api.w.org\/{rel}","templated":true}]}}