{"id":24339,"date":"2020-09-21T23:09:02","date_gmt":"2020-09-21T23:09:02","guid":{"rendered":"https:\/\/elregionalvm.com.ar\/noticias-villa-maria\/?p=24339"},"modified":"2020-09-21T23:09:03","modified_gmt":"2020-09-21T23:09:03","slug":"noticias-y-contenidos-educativos-de-villa-maria-ahora-con-web-propia","status":"publish","type":"post","link":"https:\/\/elregionalvm.com.ar\/noticias-villa-maria\/noticias-y-contenidos-educativos-de-villa-maria-ahora-con-web-propia\/","title":{"rendered":"Noticias y contenidos educativos de Villa Mar\u00eda ahora con web propia"},"content":{"rendered":"\n<p>Tras varios a\u00f1os de publicaci\u00f3n de la revista C\u00e1tedra Libre y la Gu\u00eda del Estudiante \u201cEducarse\u201d lanzaron una nueva propuesta que re\u00fane lo mejor de las dos publicaciones.<\/p>\n\n\n\n<p>&#x1f449; VISITALA EN www.villamariaeducativa.com.ar<\/p>\n\n\n\n<p>\u00bfQu\u00e9 encontr\u00e1s en esa  web?<\/p>\n\n\n\n<p>ACTUALIDAD: Las \u00faltimas noticias, informes en profundidad y entrevistas sobre educaci\u00f3n de Villa Mar\u00eda, la regi\u00f3n y la provincia.<\/p>\n\n\n\n<p>QU\u00c9 ESTUDIAR EN C\u00d3RDOBA: Acceso libre y gratuito a todas las carreras que se pueden estudiar en Villa Mar\u00eda, C\u00f3rdoba y la provincia.<\/p>\n\n\n\n<p>Adem\u00e1s, podes descargar la Gu\u00eda de Carreras y un \u00cdndice con los contactos de todas las instituciones educativas de la provincia.<\/p>\n\n\n\n<p>CAPACITACI\u00d3N: Eventos, cursos, seminarios y talleres relacionados a la educaci\u00f3n.<\/p>\n\n\n\n<p>PUBLICA TUS PRODUCCIONES: Queremos construir una redacci\u00f3n abierta as\u00ed que podes enviarnos tu material o producci\u00f3n para publicar.<\/p>\n","protected":false},"excerpt":{"rendered":"<p>Tras varios a\u00f1os de publicaci\u00f3n de la revista C\u00e1tedra Libre y la Gu\u00eda del Estudiante \u201cEducarse\u201d lanzaron una nueva propuesta que re\u00fane lo mejor de las dos publicaciones. &#x1f449; VISITALA EN www.villamariaeducativa.com.ar \u00bfQu\u00e9 encontr\u00e1s en esa web? ACTUALIDAD: Las \u00faltimas noticias, informes en profundidad y entrevistas sobre educaci\u00f3n de Villa Mar\u00eda, la regi\u00f3n y la [&hellip;]<\/p>\n","protected":false},"author":4,"featured_media":24340,"comment_status":"open","ping_status":"open","sticky":false,"template":"","format":"standard","meta":{"site-sidebar-layout":"default","site-content-layout":"default","ast-site-content-layout":"default","site-content-style":"default","site-sidebar-style":"default","ast-global-header-display":"","ast-banner-title-visibility":"","ast-main-header-display":"","ast-hfb-above-header-display":"","ast-hfb-below-header-display":"","ast-hfb-mobile-header-display":"","site-post-title":"","ast-breadcrumbs-content":"","ast-featured-img":"","footer-sml-layout":"","ast-disable-related-posts":"","theme-transparent-header-meta":"default","adv-header-id-meta":"","stick-header-meta":"","header-above-stick-meta":"","header-main-stick-meta":"","header-below-stick-meta":"","astra-migrate-meta-layouts":"default","ast-page-background-enabled":"default","ast-page-background-meta":{"desktop":{"background-color":"","background-image":"","background-repeat":"repeat","background-position":"center center","background-size":"auto","background-attachment":"scroll","background-type":"","background-media":"","overlay-type":"","overlay-color":"","overlay-opacity":"","overlay-gradient":""},"tablet":{"background-color":"","background-image":"","background-repeat":"repeat","background-position":"center center","background-size":"auto","background-attachment":"scroll","background-type":"","background-media":"","overlay-type":"","overlay-color":"","overlay-opacity":"","overlay-gradient":""},"mobile":{"background-color":"","background-image":"","background-repeat":"repeat","background-position":"center center","background-size":"auto","background-attachment":"scroll","background-type":"","background-media":"","overlay-type":"","overlay-color":"","overlay-opacity":"","overlay-gradient":""}},"ast-content-background-meta":{"desktop":{"background-color":"var(--ast-global-color-5)","background-image":"","background-repeat":"repeat","background-position":"center center","background-size":"auto","background-attachment":"scroll","background-type":"","background-media":"","overlay-type":"","overlay-color":"","overlay-opacity":"","overlay-gradient":""},"tablet":{"background-color":"var(--ast-global-color-5)","background-image":"","background-repeat":"repeat","background-position":"center center","background-size":"auto","background-attachment":"scroll","background-type":"","background-media":"","overlay-type":"","overlay-color":"","overlay-opacity":"","overlay-gradient":""},"mobile":{"background-color":"var(--ast-global-color-5)","background-image":"","background-repeat":"repeat","background-position":"center center","background-size":"auto","background-attachment":"scroll","background-type":"","background-media":"","overlay-type":"","overlay-color":"","overlay-opacity":"","overlay-gradient":""}},"_jetpack_memberships_contains_paid_content":false,"_joinchat":[],"footnotes":""},"categories":[5,2],"tags":[4117],"class_list":["post-24339","post","type-post","status-publish","format-standard","has-post-thumbnail","hentry","category-sociedad","category-villa-maria","tag-villamariaeducativa"],"yoast_head":"<!-- This site is optimized with the Yoast SEO plugin v26.8 - https:\/\/yoast.com\/product\/yoast-seo-wordpress\/ -->\n<title>Noticias y contenidos educativos de Villa Mar\u00eda ahora con web propia - El Regional<\/title>\n<meta name=\"robots\" content=\"index, follow, max-snippet:-1, max-image-preview:large, max-video-preview:-1\" \/>\n<link rel=\"canonical\" href=\"http:\/\/elregionalvm.com.ar\/noticias-villa-maria\/noticias-y-contenidos-educativos-de-villa-maria-ahora-con-web-propia\/\" \/>\n<meta property=\"og:locale\" content=\"es_ES\" \/>\n<meta property=\"og:type\" content=\"article\" \/>\n<meta property=\"og:title\" content=\"Noticias y contenidos educativos de Villa Mar\u00eda ahora con web propia - El Regional\" \/>\n<meta property=\"og:description\" content=\"Tras varios a\u00f1os de publicaci\u00f3n de la revista C\u00e1tedra Libre y la Gu\u00eda del Estudiante \u201cEducarse\u201d lanzaron una nueva propuesta que re\u00fane lo mejor de las dos publicaciones. &#x1f449; VISITALA EN www.villamariaeducativa.com.ar \u00bfQu\u00e9 encontr\u00e1s en esa web? ACTUALIDAD: Las \u00faltimas noticias, informes en profundidad y entrevistas sobre educaci\u00f3n de Villa Mar\u00eda, la regi\u00f3n y la [&hellip;]\" \/>\n<meta property=\"og:url\" content=\"http:\/\/elregionalvm.com.ar\/noticias-villa-maria\/noticias-y-contenidos-educativos-de-villa-maria-ahora-con-web-propia\/\" \/>\n<meta property=\"og:site_name\" content=\"El Regional\" \/>\n<meta property=\"article:publisher\" content=\"https:\/\/www.facebook.com\/elregionalvm\" \/>\n<meta property=\"article:published_time\" content=\"2020-09-21T23:09:02+00:00\" \/>\n<meta property=\"article:modified_time\" content=\"2020-09-21T23:09:03+00:00\" \/>\n<meta property=\"og:image\" content=\"http:\/\/elregionalvm.com.ar\/noticias-villa-maria\/wp-content\/uploads\/2020\/09\/villa-maria-educativa-ok.jpg\" \/>\n\t<meta property=\"og:image:width\" content=\"626\" \/>\n\t<meta property=\"og:image:height\" content=\"375\" \/>\n\t<meta property=\"og:image:type\" content=\"image\/jpeg\" \/>\n<meta name=\"author\" content=\"Contenidos El Regional\" \/>\n<meta name=\"twitter:card\" content=\"summary_large_image\" \/>\n<meta name=\"twitter:creator\" content=\"@elregionalvm1\" \/>\n<meta name=\"twitter:site\" content=\"@elregionalvm1\" \/>\n<meta name=\"twitter:label1\" content=\"Escrito por\" \/>\n\t<meta name=\"twitter:data1\" content=\"Contenidos El Regional\" \/>\n\t<meta name=\"twitter:label2\" content=\"Tiempo de lectura\" \/>\n\t<meta name=\"twitter:data2\" content=\"1 minuto\" \/>\n<script type=\"application\/ld+json\" class=\"yoast-schema-graph\">{\"@context\":\"https:\/\/schema.org\",\"@graph\":[{\"@type\":\"Article\",\"@id\":\"http:\/\/elregionalvm.com.ar\/noticias-villa-maria\/noticias-y-contenidos-educativos-de-villa-maria-ahora-con-web-propia\/#article\",\"isPartOf\":{\"@id\":\"http:\/\/elregionalvm.com.ar\/noticias-villa-maria\/noticias-y-contenidos-educativos-de-villa-maria-ahora-con-web-propia\/\"},\"author\":{\"name\":\"Contenidos El Regional\",\"@id\":\"http:\/\/elregionalvm.com.ar\/noticias-villa-maria\/#\/schema\/person\/a0fb9c422317faca23d50163151bc354\"},\"headline\":\"Noticias y contenidos educativos de Villa Mar\u00eda ahora con web propia\",\"datePublished\":\"2020-09-21T23:09:02+00:00\",\"dateModified\":\"2020-09-21T23:09:03+00:00\",\"mainEntityOfPage\":{\"@id\":\"http:\/\/elregionalvm.com.ar\/noticias-villa-maria\/noticias-y-contenidos-educativos-de-villa-maria-ahora-con-web-propia\/\"},\"wordCount\":162,\"commentCount\":0,\"image\":{\"@id\":\"http:\/\/elregionalvm.com.ar\/noticias-villa-maria\/noticias-y-contenidos-educativos-de-villa-maria-ahora-con-web-propia\/#primaryimage\"},\"thumbnailUrl\":\"https:\/\/i0.wp.com\/elregionalvm.com.ar\/noticias-villa-maria\/wp-content\/uploads\/2020\/09\/villa-maria-educativa-ok.jpg?fit=626%2C375&ssl=1\",\"keywords\":[\"VillaMar\u00edaEducativa\"],\"articleSection\":[\"Sociedad\",\"Villa Mar\u00eda\"],\"inLanguage\":\"es\",\"potentialAction\":[{\"@type\":\"CommentAction\",\"name\":\"Comment\",\"target\":[\"http:\/\/elregionalvm.com.ar\/noticias-villa-maria\/noticias-y-contenidos-educativos-de-villa-maria-ahora-con-web-propia\/#respond\"]}]},{\"@type\":\"WebPage\",\"@id\":\"http:\/\/elregionalvm.com.ar\/noticias-villa-maria\/noticias-y-contenidos-educativos-de-villa-maria-ahora-con-web-propia\/\",\"url\":\"http:\/\/elregionalvm.com.ar\/noticias-villa-maria\/noticias-y-contenidos-educativos-de-villa-maria-ahora-con-web-propia\/\",\"name\":\"Noticias y contenidos educativos de Villa Mar\u00eda ahora con web propia - El Regional\",\"isPartOf\":{\"@id\":\"http:\/\/elregionalvm.com.ar\/noticias-villa-maria\/#website\"},\"primaryImageOfPage\":{\"@id\":\"http:\/\/elregionalvm.com.ar\/noticias-villa-maria\/noticias-y-contenidos-educativos-de-villa-maria-ahora-con-web-propia\/#primaryimage\"},\"image\":{\"@id\":\"http:\/\/elregionalvm.com.ar\/noticias-villa-maria\/noticias-y-contenidos-educativos-de-villa-maria-ahora-con-web-propia\/#primaryimage\"},\"thumbnailUrl\":\"https:\/\/i0.wp.com\/elregionalvm.com.ar\/noticias-villa-maria\/wp-content\/uploads\/2020\/09\/villa-maria-educativa-ok.jpg?fit=626%2C375&ssl=1\",\"datePublished\":\"2020-09-21T23:09:02+00:00\",\"dateModified\":\"2020-09-21T23:09:03+00:00\",\"author\":{\"@id\":\"http:\/\/elregionalvm.com.ar\/noticias-villa-maria\/#\/schema\/person\/a0fb9c422317faca23d50163151bc354\"},\"breadcrumb\":{\"@id\":\"http:\/\/elregionalvm.com.ar\/noticias-villa-maria\/noticias-y-contenidos-educativos-de-villa-maria-ahora-con-web-propia\/#breadcrumb\"},\"inLanguage\":\"es\",\"potentialAction\":[{\"@type\":\"ReadAction\",\"target\":[\"http:\/\/elregionalvm.com.ar\/noticias-villa-maria\/noticias-y-contenidos-educativos-de-villa-maria-ahora-con-web-propia\/\"]}]},{\"@type\":\"ImageObject\",\"inLanguage\":\"es\",\"@id\":\"http:\/\/elregionalvm.com.ar\/noticias-villa-maria\/noticias-y-contenidos-educativos-de-villa-maria-ahora-con-web-propia\/#primaryimage\",\"url\":\"https:\/\/i0.wp.com\/elregionalvm.com.ar\/noticias-villa-maria\/wp-content\/uploads\/2020\/09\/villa-maria-educativa-ok.jpg?fit=626%2C375&ssl=1\",\"contentUrl\":\"https:\/\/i0.wp.com\/elregionalvm.com.ar\/noticias-villa-maria\/wp-content\/uploads\/2020\/09\/villa-maria-educativa-ok.jpg?fit=626%2C375&ssl=1\",\"width\":626,\"height\":375},{\"@type\":\"BreadcrumbList\",\"@id\":\"http:\/\/elregionalvm.com.ar\/noticias-villa-maria\/noticias-y-contenidos-educativos-de-villa-maria-ahora-con-web-propia\/#breadcrumb\",\"itemListElement\":[{\"@type\":\"ListItem\",\"position\":1,\"name\":\"Portada\",\"item\":\"https:\/\/elregionalvm.com.ar\/noticias-villa-maria\/\"},{\"@type\":\"ListItem\",\"position\":2,\"name\":\"Noticias y contenidos educativos de Villa Mar\u00eda ahora con web propia\"}]},{\"@type\":\"WebSite\",\"@id\":\"http:\/\/elregionalvm.com.ar\/noticias-villa-maria\/#website\",\"url\":\"http:\/\/elregionalvm.com.ar\/noticias-villa-maria\/\",\"name\":\"El Regional\",\"description\":\"Mucho m\u00e1s que informaci\u00f3n\",\"potentialAction\":[{\"@type\":\"SearchAction\",\"target\":{\"@type\":\"EntryPoint\",\"urlTemplate\":\"http:\/\/elregionalvm.com.ar\/noticias-villa-maria\/?s={search_term_string}\"},\"query-input\":{\"@type\":\"PropertyValueSpecification\",\"valueRequired\":true,\"valueName\":\"search_term_string\"}}],\"inLanguage\":\"es\"},{\"@type\":\"Person\",\"@id\":\"http:\/\/elregionalvm.com.ar\/noticias-villa-maria\/#\/schema\/person\/a0fb9c422317faca23d50163151bc354\",\"name\":\"Contenidos El Regional\",\"image\":{\"@type\":\"ImageObject\",\"inLanguage\":\"es\",\"@id\":\"http:\/\/elregionalvm.com.ar\/noticias-villa-maria\/#\/schema\/person\/image\/\",\"url\":\"https:\/\/secure.gravatar.com\/avatar\/265b27cb2209af7bb3a1318f03305787d7981a5cc6e6cd08fe5a4ecdf99d4b48?s=96&d=mm&r=g\",\"contentUrl\":\"https:\/\/secure.gravatar.com\/avatar\/265b27cb2209af7bb3a1318f03305787d7981a5cc6e6cd08fe5a4ecdf99d4b48?s=96&d=mm&r=g\",\"caption\":\"Contenidos El Regional\"},\"url\":\"https:\/\/elregionalvm.com.ar\/noticias-villa-maria\/author\/contenido\/\"}]}<\/script>\n<!-- \/ Yoast SEO plugin. -->","yoast_head_json":{"title":"Noticias y contenidos educativos de Villa Mar\u00eda ahora con web propia - El Regional","robots":{"index":"index","follow":"follow","max-snippet":"max-snippet:-1","max-image-preview":"max-image-preview:large","max-video-preview":"max-video-preview:-1"},"canonical":"http:\/\/elregionalvm.com.ar\/noticias-villa-maria\/noticias-y-contenidos-educativos-de-villa-maria-ahora-con-web-propia\/","og_locale":"es_ES","og_type":"article","og_title":"Noticias y contenidos educativos de Villa Mar\u00eda ahora con web propia - El Regional","og_description":"Tras varios a\u00f1os de publicaci\u00f3n de la revista C\u00e1tedra Libre y la Gu\u00eda del Estudiante \u201cEducarse\u201d lanzaron una nueva propuesta que re\u00fane lo mejor de las dos publicaciones. &#x1f449; VISITALA EN www.villamariaeducativa.com.ar \u00bfQu\u00e9 encontr\u00e1s en esa web? ACTUALIDAD: Las \u00faltimas noticias, informes en profundidad y entrevistas sobre educaci\u00f3n de Villa Mar\u00eda, la regi\u00f3n y la [&hellip;]","og_url":"http:\/\/elregionalvm.com.ar\/noticias-villa-maria\/noticias-y-contenidos-educativos-de-villa-maria-ahora-con-web-propia\/","og_site_name":"El Regional","article_publisher":"https:\/\/www.facebook.com\/elregionalvm","article_published_time":"2020-09-21T23:09:02+00:00","article_modified_time":"2020-09-21T23:09:03+00:00","og_image":[{"width":626,"height":375,"url":"http:\/\/elregionalvm.com.ar\/noticias-villa-maria\/wp-content\/uploads\/2020\/09\/villa-maria-educativa-ok.jpg","type":"image\/jpeg"}],"author":"Contenidos El Regional","twitter_card":"summary_large_image","twitter_creator":"@elregionalvm1","twitter_site":"@elregionalvm1","twitter_misc":{"Escrito por":"Contenidos El Regional","Tiempo de lectura":"1 minuto"},"schema":{"@context":"https:\/\/schema.org","@graph":[{"@type":"Article","@id":"http:\/\/elregionalvm.com.ar\/noticias-villa-maria\/noticias-y-contenidos-educativos-de-villa-maria-ahora-con-web-propia\/#article","isPartOf":{"@id":"http:\/\/elregionalvm.com.ar\/noticias-villa-maria\/noticias-y-contenidos-educativos-de-villa-maria-ahora-con-web-propia\/"},"author":{"name":"Contenidos El Regional","@id":"http:\/\/elregionalvm.com.ar\/noticias-villa-maria\/#\/schema\/person\/a0fb9c422317faca23d50163151bc354"},"headline":"Noticias y contenidos educativos de Villa Mar\u00eda ahora con web propia","datePublished":"2020-09-21T23:09:02+00:00","dateModified":"2020-09-21T23:09:03+00:00","mainEntityOfPage":{"@id":"http:\/\/elregionalvm.com.ar\/noticias-villa-maria\/noticias-y-contenidos-educativos-de-villa-maria-ahora-con-web-propia\/"},"wordCount":162,"commentCount":0,"image":{"@id":"http:\/\/elregionalvm.com.ar\/noticias-villa-maria\/noticias-y-contenidos-educativos-de-villa-maria-ahora-con-web-propia\/#primaryimage"},"thumbnailUrl":"https:\/\/i0.wp.com\/elregionalvm.com.ar\/noticias-villa-maria\/wp-content\/uploads\/2020\/09\/villa-maria-educativa-ok.jpg?fit=626%2C375&ssl=1","keywords":["VillaMar\u00edaEducativa"],"articleSection":["Sociedad","Villa Mar\u00eda"],"inLanguage":"es","potentialAction":[{"@type":"CommentAction","name":"Comment","target":["http:\/\/elregionalvm.com.ar\/noticias-villa-maria\/noticias-y-contenidos-educativos-de-villa-maria-ahora-con-web-propia\/#respond"]}]},{"@type":"WebPage","@id":"http:\/\/elregionalvm.com.ar\/noticias-villa-maria\/noticias-y-contenidos-educativos-de-villa-maria-ahora-con-web-propia\/","url":"http:\/\/elregionalvm.com.ar\/noticias-villa-maria\/noticias-y-contenidos-educativos-de-villa-maria-ahora-con-web-propia\/","name":"Noticias y contenidos educativos de Villa Mar\u00eda ahora con web propia - El Regional","isPartOf":{"@id":"http:\/\/elregionalvm.com.ar\/noticias-villa-maria\/#website"},"primaryImageOfPage":{"@id":"http:\/\/elregionalvm.com.ar\/noticias-villa-maria\/noticias-y-contenidos-educativos-de-villa-maria-ahora-con-web-propia\/#primaryimage"},"image":{"@id":"http:\/\/elregionalvm.com.ar\/noticias-villa-maria\/noticias-y-contenidos-educativos-de-villa-maria-ahora-con-web-propia\/#primaryimage"},"thumbnailUrl":"https:\/\/i0.wp.com\/elregionalvm.com.ar\/noticias-villa-maria\/wp-content\/uploads\/2020\/09\/villa-maria-educativa-ok.jpg?fit=626%2C375&ssl=1","datePublished":"2020-09-21T23:09:02+00:00","dateModified":"2020-09-21T23:09:03+00:00","author":{"@id":"http:\/\/elregionalvm.com.ar\/noticias-villa-maria\/#\/schema\/person\/a0fb9c422317faca23d50163151bc354"},"breadcrumb":{"@id":"http:\/\/elregionalvm.com.ar\/noticias-villa-maria\/noticias-y-contenidos-educativos-de-villa-maria-ahora-con-web-propia\/#breadcrumb"},"inLanguage":"es","potentialAction":[{"@type":"ReadAction","target":["http:\/\/elregionalvm.com.ar\/noticias-villa-maria\/noticias-y-contenidos-educativos-de-villa-maria-ahora-con-web-propia\/"]}]},{"@type":"ImageObject","inLanguage":"es","@id":"http:\/\/elregionalvm.com.ar\/noticias-villa-maria\/noticias-y-contenidos-educativos-de-villa-maria-ahora-con-web-propia\/#primaryimage","url":"https:\/\/i0.wp.com\/elregionalvm.com.ar\/noticias-villa-maria\/wp-content\/uploads\/2020\/09\/villa-maria-educativa-ok.jpg?fit=626%2C375&ssl=1","contentUrl":"https:\/\/i0.wp.com\/elregionalvm.com.ar\/noticias-villa-maria\/wp-content\/uploads\/2020\/09\/villa-maria-educativa-ok.jpg?fit=626%2C375&ssl=1","width":626,"height":375},{"@type":"BreadcrumbList","@id":"http:\/\/elregionalvm.com.ar\/noticias-villa-maria\/noticias-y-contenidos-educativos-de-villa-maria-ahora-con-web-propia\/#breadcrumb","itemListElement":[{"@type":"ListItem","position":1,"name":"Portada","item":"https:\/\/elregionalvm.com.ar\/noticias-villa-maria\/"},{"@type":"ListItem","position":2,"name":"Noticias y contenidos educativos de Villa Mar\u00eda ahora con web propia"}]},{"@type":"WebSite","@id":"http:\/\/elregionalvm.com.ar\/noticias-villa-maria\/#website","url":"http:\/\/elregionalvm.com.ar\/noticias-villa-maria\/","name":"El Regional","description":"Mucho m\u00e1s que informaci\u00f3n","potentialAction":[{"@type":"SearchAction","target":{"@type":"EntryPoint","urlTemplate":"http:\/\/elregionalvm.com.ar\/noticias-villa-maria\/?s={search_term_string}"},"query-input":{"@type":"PropertyValueSpecification","valueRequired":true,"valueName":"search_term_string"}}],"inLanguage":"es"},{"@type":"Person","@id":"http:\/\/elregionalvm.com.ar\/noticias-villa-maria\/#\/schema\/person\/a0fb9c422317faca23d50163151bc354","name":"Contenidos El Regional","image":{"@type":"ImageObject","inLanguage":"es","@id":"http:\/\/elregionalvm.com.ar\/noticias-villa-maria\/#\/schema\/person\/image\/","url":"https:\/\/secure.gravatar.com\/avatar\/265b27cb2209af7bb3a1318f03305787d7981a5cc6e6cd08fe5a4ecdf99d4b48?s=96&d=mm&r=g","contentUrl":"https:\/\/secure.gravatar.com\/avatar\/265b27cb2209af7bb3a1318f03305787d7981a5cc6e6cd08fe5a4ecdf99d4b48?s=96&d=mm&r=g","caption":"Contenidos El Regional"},"url":"https:\/\/elregionalvm.com.ar\/noticias-villa-maria\/author\/contenido\/"}]}},"jetpack_featured_media_url":"https:\/\/i0.wp.com\/elregionalvm.com.ar\/noticias-villa-maria\/wp-content\/uploads\/2020\/09\/villa-maria-educativa-ok.jpg?fit=626%2C375&ssl=1","jetpack_sharing_enabled":true,"_links":{"self":[{"href":"https:\/\/elregionalvm.com.ar\/noticias-villa-maria\/wp-json\/wp\/v2\/posts\/24339","targetHints":{"allow":["GET"]}}],"collection":[{"href":"https:\/\/elregionalvm.com.ar\/noticias-villa-maria\/wp-json\/wp\/v2\/posts"}],"about":[{"href":"https:\/\/elregionalvm.com.ar\/noticias-villa-maria\/wp-json\/wp\/v2\/types\/post"}],"author":[{"embeddable":true,"href":"https:\/\/elregionalvm.com.ar\/noticias-villa-maria\/wp-json\/wp\/v2\/users\/4"}],"replies":[{"embeddable":true,"href":"https:\/\/elregionalvm.com.ar\/noticias-villa-maria\/wp-json\/wp\/v2\/comments?post=24339"}],"version-history":[{"count":1,"href":"https:\/\/elregionalvm.com.ar\/noticias-villa-maria\/wp-json\/wp\/v2\/posts\/24339\/revisions"}],"predecessor-version":[{"id":24343,"href":"https:\/\/elregionalvm.com.ar\/noticias-villa-maria\/wp-json\/wp\/v2\/posts\/24339\/revisions\/24343"}],"wp:featuredmedia":[{"embeddable":true,"href":"https:\/\/elregionalvm.com.ar\/noticias-villa-maria\/wp-json\/wp\/v2\/media\/24340"}],"wp:attachment":[{"href":"https:\/\/elregionalvm.com.ar\/noticias-villa-maria\/wp-json\/wp\/v2\/media?parent=24339"}],"wp:term":[{"taxonomy":"category","embeddable":true,"href":"https:\/\/elregionalvm.com.ar\/noticias-villa-maria\/wp-json\/wp\/v2\/categories?post=24339"},{"taxonomy":"post_tag","embeddable":true,"href":"https:\/\/elregionalvm.com.ar\/noticias-villa-maria\/wp-json\/wp\/v2\/tags?post=24339"}],"curies":[{"name":"wp","href":"https:\/\/api.w.org\/{rel}","templated":true}]}}