{"id":24375,"date":"2020-09-22T22:26:17","date_gmt":"2020-09-22T22:26:17","guid":{"rendered":"https:\/\/elregionalvm.com.ar\/noticias-villa-maria\/?p=24375"},"modified":"2020-09-22T22:40:20","modified_gmt":"2020-09-22T22:40:20","slug":"villa-maria-festejara-sus-153-anos-con-una-agenda-a-tono-con-la-pandemia","status":"publish","type":"post","link":"https:\/\/elregionalvm.com.ar\/noticias-villa-maria\/villa-maria-festejara-sus-153-anos-con-una-agenda-a-tono-con-la-pandemia\/","title":{"rendered":"Villa Mar\u00eda festejar\u00e1 sus 153 a\u00f1os con una agenda a tono con la pandemia"},"content":{"rendered":"\n<p>Este pr\u00f3ximo domingo 27, Villa Mar\u00eda cumple el aniversario 153 de su fundaci\u00f3n, all\u00e1 por 1867. A pesar del contexto de pandemia que atravesamos como sociedad, la ciudad celebrar\u00e1 un nuevo cumplea\u00f1os con una variada grilla de eventos virtuales vinculados a la cultura, la educaci\u00f3n y la obra p\u00fablica que fue presentada por Pablo Rosso durante la ma\u00f1ana de hoy.<\/p>\n\n\n\n<p>\u201cLlegamos a estos 153 a\u00f1os demostrando que nuestra gesti\u00f3n tiene la energ\u00eda y la fuerza necesaria para atravesar este escenario que nos ha tocado vivir\u201d, expres\u00f3 al comenzar la presentaci\u00f3n, a trav\u00e9s de video conferencia, de la agenda del aniversario.<\/p>\n\n\n\n<p>Acompa\u00f1ado por el jefe de Gabinete, H\u00e9ctor Mu\u00f1oz; el secretario de Educaci\u00f3n, Cultura y Promoci\u00f3n de la Ciencia, Rafael Sachetto; el secretario de Ambiente, Obras y Servicios P\u00fablicos, Omar Regueira y la titular del Instituto del Aprendizaje a lo Largo de Toda la Vida, Margarita Schweizer, entre otros coordinadores de las secretar\u00edas mencionadas, Rosso present\u00f3 el programa que se pone en marcha desde este martes.<\/p>\n\n\n\n<p><strong>Acto protocolar el d\u00eda domingo<\/strong><\/p>\n\n\n\n<p>El d\u00eda central de celebraciones, como cada a\u00f1o, ser\u00e1 el domingo 27. Desde las 9:30 horas, la zona de los m\u00e1stiles ubicada detr\u00e1s del Anfiteatro recibir\u00e1 a Rosso y a un reducido grupo de funcionarios municipales y provinciales para descubrir la placa que lleva el nombre del coloso de cemento, \u201cAnfiteatro Municipal Centenario &#8211; Arquitecto Aldo Mario Invernizzi\u201d.<\/p>\n\n\n\n<p>Ser\u00e1 una breve instancia, tal como marcan los protocolos de bioseguridad, en la que Rosso encabezar\u00e1 el izamiento al Pabell\u00f3n Argentino y los presentes entonar\u00e1n el Himno Nacional Argentino, para luego descubrir la placa con familiares de Invernizzi. Todo el evento ser\u00e1 transmitido en vivo por las redes sociales del municipio.<\/p>\n\n\n\n<p>Posteriormente, la celebraci\u00f3n se trasladar\u00e1 hacia el busto a quien fuera el fundador de nuestra ciudad, Manuel Anselmo Ocampo, ubicado en calle San Juan y avenida Sabattini, para hacer la correspondiente ofrenda floral.<\/p>\n\n\n\n<p><strong>Inauguraciones y actividades culturales<\/strong><\/p>\n\n\n\n<p>Horas m\u00e1s tarde, culminados los actos protocolares, a las 16:00 horas se inaugurar\u00e1 la primera plaza frutal y arom\u00e1tica de la ciudad, que llevar\u00e1 el nombre de <strong>\u201cPlaza de los Frutales y Paseo Arom\u00e1tico\u201d<\/strong>. La misma tiene lugar en inmediaciones del play\u00f3n deportivo de barrio Vista Verde.<\/p>\n\n\n\n<p>A las 19:30 horas, comenzar\u00e1 la funci\u00f3n de circo especial por el aniversario <strong>\u201cVariet\u00e9<\/strong>\u201d, llevada adelante por la Escuela de Circo del programa Ser Arte y Parte. Por streaming, se podr\u00e1 disfrutar de esta velada especial de payasos, malabares, acrobacias, parkour y slackline.<\/p>\n\n\n\n<p>Cabe recordar que este mismo d\u00eda dar\u00e1 inicio el <strong>Encuentro Provincial de Museos y Patrimonio Ferroviario<\/strong> impulsado por el Museo Municipal Ferroviario que tambi\u00e9n estar\u00e1 celebrando su primer a\u00f1o.<\/p>\n\n\n\n<p>\u201cLo mejor que podemos hacer los villamarienses, es sentirnos villamarienses, sentirnos responsables de nuestra ciudad, de nuestra regi\u00f3n y poner nuestro mejor esfuerzo para salir cuanto antes de este tramo tan complejo y tan dif\u00edcil que nos toca atravesar\u201d, dijo Rosso quien a su vez invit\u00f3 a los vecinos a seguir consolidando a nuestra ciudad en materia industrial, educativa, comercial, cultural y productiva.<\/p>\n\n\n\n<p>Adem\u00e1s, Rosso anunci\u00f3 el inicio de inscripciones de uno de los programas insignias de la gesti\u00f3n y reconocido por la UNESCO en la calificaci\u00f3n de Villa Mar\u00eda como Ciudad del Aprendizaje como lo es el Programa de Terminalidad Educativa para J\u00f3venes y Adultos, que sigue creciendo d\u00eda a d\u00eda y ahora brinda la posibilidad a que vecinos y vecinas mayores de 18 a\u00f1os que no hayan culminado sus estudios secundarios, puedan inscribirse a cursar el primero de los a\u00f1os del ciclo b\u00e1sico.<\/p>\n\n\n\n<p>Desde el lunes 28, se abrir\u00e1 un llamado de inscripci\u00f3n especial para cursarlo desde octubre hasta marzo del 2021, con un receso en \u00e9pocas festivas de fin de a\u00f1o y la primera semana de enero. El motivo es propiciar de esta manera que quienes culminen el cursado del primer a\u00f1o puedan, semanas despu\u00e9s, avanzar con el cursado del segundo a\u00f1o que comenzar\u00e1 en abril del 2021.<\/p>\n\n\n\n<p>Para finalizar, Rosso invit\u00f3 a los ciudadanos \u201ca disfrutar de esta agenda que hemos dise\u00f1ado para nuestro aniversario y a su vez, el domingo poder todos dedicar un minuto para agradecer a todos aquellos villamarienses que han hecho de \u00e9sta una ciudad pujante y con una proyecci\u00f3n infinita\u201d.<\/p>\n\n\n\n<p><strong>Toda la semana de celebraciones<\/strong><\/p>\n\n\n\n<p>La ciudad celebrar\u00e1 su cumplea\u00f1os durante toda la semana, con inauguraciones de obras, talleres culturales y educativos y juegos, todas actividades que, en el marco de la emergencia sanitaria y para resguardar la salud de los ciudadanos, podr\u00e1n disfrutarse de manera virtual.<\/p>\n\n\n\n<p class=\"has-text-align-center\">\u00a0\u00a0\u00a0\u00a0\u00a0\u00a0\u00a0\u00a0<strong>\u00a0\u00a0Obras<\/strong><\/p>\n\n\n\n<p>En cuanto a las inauguraciones de obras, Rosso proceder\u00e1 este mi\u00e9rcoles a las 18:45 horas, a la habilitaci\u00f3n de la obra integral de pavimentaci\u00f3n en barrio Los Olmos, en donde la cartera de Ambiente y Obras coloc\u00f3 esta infraestructura en 800 metros lineales, trabajos ejecutados por trabajadores del Corral\u00f3n Municipal.<\/p>\n\n\n\n<p>Lo mismo se har\u00e1 el viernes 25 a las 18:45 horas, pero en el sector intervenido en barrio Barrancas del R\u00edo. All\u00ed, el municipio paviment\u00f3 4 cuadras. Cabe destacar que estas tareas incluyen tambi\u00e9n infraestructura de iluminaci\u00f3n led y forestaci\u00f3n.<\/p>\n\n\n\n<p>En materia de obras, se recorrer\u00e1n durante esta semana de aniversario diferentes intervenciones de la ciudad como el puente que une a nuestra ciudad con la hermana Villa Nueva o tambi\u00e9n la construcci\u00f3n de la Escuela PROA ubicada en inmediaciones de la Universidad Tecnol\u00f3gica Nacional.<\/p>\n\n\n\n<p class=\"has-text-align-center\">\u00a0\u00a0\u00a0\u00a0<strong>\u00a0\u00a0\u00a0Cultura y educaci\u00f3n<\/strong><\/p>\n\n\n\n<p>En materia cultural y educativa, se invita a ciudadanos y ciudadanos a disfrutar de las siguientes actividades:<\/p>\n\n\n\n<p><strong>Martes 22:<\/strong><strong><\/strong><\/p>\n\n\n\n<p>15 a 16.30 hs.&nbsp;<strong>Taller online de oratoria y locuci\u00f3n<\/strong>-.Finaliza el martes&nbsp; 27 de octubre&nbsp; y las inscripciones se realizan por WhatsApp 353-564-5275. Tecnoteca<\/p>\n\n\n\n<p>18 hs. Club de Ciencias ATP:&nbsp;<strong>Taller de construcci\u00f3n de Cohetes Hidrodin\u00e1micos<\/strong>.&nbsp; Martes 22 y 29. Ser\u00e1 transmitido por Zoom y a trav\u00e9s de la fan page de Facebook de Tecnoteca. Las inscripciones ser\u00e1n por WhatsApp 353-564-5864<\/p>\n\n\n\n<p><strong>Viernes 25<\/strong><\/p>\n\n\n\n<p>10 hs.&nbsp;<strong>Presentaci\u00f3n de la tercera temporada de contenidos de Tecnoteca Tv<\/strong>.&nbsp; Se realizar\u00e1 la presentaci\u00f3n a trav\u00e9s de Zoom.<\/p>\n\n\n\n<p><strong>S\u00e1bado 26<\/strong><\/p>\n\n\n\n<p>19 a 22 hs &#8211;&nbsp;<strong>D\u00eda internacional de la Observaci\u00f3n de la Luna<\/strong>&nbsp;organizado por la Nasa. Se podr\u00e1 realizar esta observaci\u00f3n en vivo a trav\u00e9s de la fanpage de Facebook de Tecnoteca. La misma se realizar\u00e1 el d\u00eda s\u00e1bado 26 de septiembre.<\/p>\n\n\n\n<p>-19.30 hs. Se realizar\u00e1 una&nbsp;<strong>jugada digital en Tabletopia<\/strong>. &#8211; Escuela de Artes Esc\u00e9nicas y Audiovisual del Programa Ser Arte y Parte<\/p>\n\n\n\n<p><strong>Lunes 28<\/strong><\/p>\n\n\n\n<p>16:00 a 19:00 hs &#8211;&nbsp;<strong>Formaci\u00f3n<\/strong>&nbsp;en MUSEOS Y PATRIMONIO FERROVIARIO. Estrategias para pensar un patrimonio situado. A cargo de la Mgtr. Celina Hafford.<\/p>\n\n\n\n<p><strong>Mi\u00e9rcoles 30<\/strong><\/p>\n\n\n\n<p>20 hs &#8211;&nbsp;<strong>Ciclo de conversaciones en los Espacios INCAA.&nbsp;<\/strong>Directora de cine Ana Katz (directora de cine). Con los espectadores Liliana Zurita y Emiliano Eandi.<\/p>\n","protected":false},"excerpt":{"rendered":"<p>Este pr\u00f3ximo domingo 27, Villa Mar\u00eda cumple el aniversario 153 de su fundaci\u00f3n, all\u00e1 por 1867. A pesar del contexto de pandemia que atravesamos como sociedad, la ciudad celebrar\u00e1 un nuevo cumplea\u00f1os con una variada grilla de eventos virtuales vinculados a la cultura, la educaci\u00f3n y la obra p\u00fablica que fue presentada por Pablo Rosso [&hellip;]<\/p>\n","protected":false},"author":4,"featured_media":24377,"comment_status":"open","ping_status":"open","sticky":false,"template":"","format":"standard","meta":{"site-sidebar-layout":"default","site-content-layout":"default","ast-site-content-layout":"default","site-content-style":"default","site-sidebar-style":"default","ast-global-header-display":"","ast-banner-title-visibility":"","ast-main-header-display":"","ast-hfb-above-header-display":"","ast-hfb-below-header-display":"","ast-hfb-mobile-header-display":"","site-post-title":"","ast-breadcrumbs-content":"","ast-featured-img":"","footer-sml-layout":"","ast-disable-related-posts":"","theme-transparent-header-meta":"default","adv-header-id-meta":"","stick-header-meta":"","header-above-stick-meta":"","header-main-stick-meta":"","header-below-stick-meta":"","astra-migrate-meta-layouts":"default","ast-page-background-enabled":"default","ast-page-background-meta":{"desktop":{"background-color":"","background-image":"","background-repeat":"repeat","background-position":"center center","background-size":"auto","background-attachment":"scroll","background-type":"","background-media":"","overlay-type":"","overlay-color":"","overlay-opacity":"","overlay-gradient":""},"tablet":{"background-color":"","background-image":"","background-repeat":"repeat","background-position":"center center","background-size":"auto","background-attachment":"scroll","background-type":"","background-media":"","overlay-type":"","overlay-color":"","overlay-opacity":"","overlay-gradient":""},"mobile":{"background-color":"","background-image":"","background-repeat":"repeat","background-position":"center center","background-size":"auto","background-attachment":"scroll","background-type":"","background-media":"","overlay-type":"","overlay-color":"","overlay-opacity":"","overlay-gradient":""}},"ast-content-background-meta":{"desktop":{"background-color":"var(--ast-global-color-5)","background-image":"","background-repeat":"repeat","background-position":"center center","background-size":"auto","background-attachment":"scroll","background-type":"","background-media":"","overlay-type":"","overlay-color":"","overlay-opacity":"","overlay-gradient":""},"tablet":{"background-color":"var(--ast-global-color-5)","background-image":"","background-repeat":"repeat","background-position":"center center","background-size":"auto","background-attachment":"scroll","background-type":"","background-media":"","overlay-type":"","overlay-color":"","overlay-opacity":"","overlay-gradient":""},"mobile":{"background-color":"var(--ast-global-color-5)","background-image":"","background-repeat":"repeat","background-position":"center center","background-size":"auto","background-attachment":"scroll","background-type":"","background-media":"","overlay-type":"","overlay-color":"","overlay-opacity":"","overlay-gradient":""}},"_jetpack_memberships_contains_paid_content":false,"_joinchat":[],"footnotes":""},"categories":[2],"tags":[2188,4131,4129,1232,1833,4130,3795,18],"class_list":["post-24375","post","type-post","status-publish","format-standard","has-post-thumbnail","hentry","category-villa-maria","tag-actividades","tag-actos","tag-aniversario153","tag-destacado","tag-eventos","tag-festejos","tag-inauguraciones","tag-villamaria"],"yoast_head":"<!-- This site is optimized with the Yoast SEO plugin v26.8 - https:\/\/yoast.com\/product\/yoast-seo-wordpress\/ -->\n<title>Villa Mar\u00eda festejar\u00e1 sus 153 a\u00f1os con una agenda a tono con la pandemia - El Regional<\/title>\n<meta name=\"robots\" content=\"index, follow, max-snippet:-1, max-image-preview:large, max-video-preview:-1\" \/>\n<link rel=\"canonical\" href=\"http:\/\/elregionalvm.com.ar\/noticias-villa-maria\/villa-maria-festejara-sus-153-anos-con-una-agenda-a-tono-con-la-pandemia\/\" \/>\n<meta property=\"og:locale\" content=\"es_ES\" \/>\n<meta property=\"og:type\" content=\"article\" \/>\n<meta property=\"og:title\" content=\"Villa Mar\u00eda festejar\u00e1 sus 153 a\u00f1os con una agenda a tono con la pandemia - El Regional\" \/>\n<meta property=\"og:description\" content=\"Este pr\u00f3ximo domingo 27, Villa Mar\u00eda cumple el aniversario 153 de su fundaci\u00f3n, all\u00e1 por 1867. A pesar del contexto de pandemia que atravesamos como sociedad, la ciudad celebrar\u00e1 un nuevo cumplea\u00f1os con una variada grilla de eventos virtuales vinculados a la cultura, la educaci\u00f3n y la obra p\u00fablica que fue presentada por Pablo Rosso [&hellip;]\" \/>\n<meta property=\"og:url\" content=\"http:\/\/elregionalvm.com.ar\/noticias-villa-maria\/villa-maria-festejara-sus-153-anos-con-una-agenda-a-tono-con-la-pandemia\/\" \/>\n<meta property=\"og:site_name\" content=\"El Regional\" \/>\n<meta property=\"article:publisher\" content=\"https:\/\/www.facebook.com\/elregionalvm\" \/>\n<meta property=\"article:published_time\" content=\"2020-09-22T22:26:17+00:00\" \/>\n<meta property=\"article:modified_time\" content=\"2020-09-22T22:40:20+00:00\" \/>\n<meta property=\"og:image\" content=\"http:\/\/elregionalvm.com.ar\/noticias-villa-maria\/wp-content\/uploads\/2020\/09\/Presentacion-153-Aniversario.jpg\" \/>\n\t<meta property=\"og:image:width\" content=\"1280\" \/>\n\t<meta property=\"og:image:height\" content=\"853\" \/>\n\t<meta property=\"og:image:type\" content=\"image\/jpeg\" \/>\n<meta name=\"author\" content=\"Contenidos El Regional\" \/>\n<meta name=\"twitter:card\" content=\"summary_large_image\" \/>\n<meta name=\"twitter:creator\" content=\"@elregionalvm1\" \/>\n<meta name=\"twitter:site\" content=\"@elregionalvm1\" \/>\n<meta name=\"twitter:label1\" content=\"Escrito por\" \/>\n\t<meta name=\"twitter:data1\" content=\"Contenidos El Regional\" \/>\n\t<meta name=\"twitter:label2\" content=\"Tiempo de lectura\" \/>\n\t<meta name=\"twitter:data2\" content=\"6 minutos\" \/>\n<script type=\"application\/ld+json\" class=\"yoast-schema-graph\">{\"@context\":\"https:\/\/schema.org\",\"@graph\":[{\"@type\":\"Article\",\"@id\":\"http:\/\/elregionalvm.com.ar\/noticias-villa-maria\/villa-maria-festejara-sus-153-anos-con-una-agenda-a-tono-con-la-pandemia\/#article\",\"isPartOf\":{\"@id\":\"http:\/\/elregionalvm.com.ar\/noticias-villa-maria\/villa-maria-festejara-sus-153-anos-con-una-agenda-a-tono-con-la-pandemia\/\"},\"author\":{\"name\":\"Contenidos El Regional\",\"@id\":\"http:\/\/elregionalvm.com.ar\/noticias-villa-maria\/#\/schema\/person\/a0fb9c422317faca23d50163151bc354\"},\"headline\":\"Villa Mar\u00eda festejar\u00e1 sus 153 a\u00f1os con una agenda a tono con la pandemia\",\"datePublished\":\"2020-09-22T22:26:17+00:00\",\"dateModified\":\"2020-09-22T22:40:20+00:00\",\"mainEntityOfPage\":{\"@id\":\"http:\/\/elregionalvm.com.ar\/noticias-villa-maria\/villa-maria-festejara-sus-153-anos-con-una-agenda-a-tono-con-la-pandemia\/\"},\"wordCount\":1187,\"commentCount\":0,\"image\":{\"@id\":\"http:\/\/elregionalvm.com.ar\/noticias-villa-maria\/villa-maria-festejara-sus-153-anos-con-una-agenda-a-tono-con-la-pandemia\/#primaryimage\"},\"thumbnailUrl\":\"https:\/\/i0.wp.com\/elregionalvm.com.ar\/noticias-villa-maria\/wp-content\/uploads\/2020\/09\/Presentacion-153-Aniversario.jpg?fit=1280%2C853&ssl=1\",\"keywords\":[\"actividades\",\"actos\",\"Aniversario153\",\"destacado\",\"Eventos\",\"Festejos\",\"Inauguraciones\",\"Villamaria\"],\"articleSection\":[\"Villa Mar\u00eda\"],\"inLanguage\":\"es\",\"potentialAction\":[{\"@type\":\"CommentAction\",\"name\":\"Comment\",\"target\":[\"http:\/\/elregionalvm.com.ar\/noticias-villa-maria\/villa-maria-festejara-sus-153-anos-con-una-agenda-a-tono-con-la-pandemia\/#respond\"]}]},{\"@type\":\"WebPage\",\"@id\":\"http:\/\/elregionalvm.com.ar\/noticias-villa-maria\/villa-maria-festejara-sus-153-anos-con-una-agenda-a-tono-con-la-pandemia\/\",\"url\":\"http:\/\/elregionalvm.com.ar\/noticias-villa-maria\/villa-maria-festejara-sus-153-anos-con-una-agenda-a-tono-con-la-pandemia\/\",\"name\":\"Villa Mar\u00eda festejar\u00e1 sus 153 a\u00f1os con una agenda a tono con la pandemia - El Regional\",\"isPartOf\":{\"@id\":\"http:\/\/elregionalvm.com.ar\/noticias-villa-maria\/#website\"},\"primaryImageOfPage\":{\"@id\":\"http:\/\/elregionalvm.com.ar\/noticias-villa-maria\/villa-maria-festejara-sus-153-anos-con-una-agenda-a-tono-con-la-pandemia\/#primaryimage\"},\"image\":{\"@id\":\"http:\/\/elregionalvm.com.ar\/noticias-villa-maria\/villa-maria-festejara-sus-153-anos-con-una-agenda-a-tono-con-la-pandemia\/#primaryimage\"},\"thumbnailUrl\":\"https:\/\/i0.wp.com\/elregionalvm.com.ar\/noticias-villa-maria\/wp-content\/uploads\/2020\/09\/Presentacion-153-Aniversario.jpg?fit=1280%2C853&ssl=1\",\"datePublished\":\"2020-09-22T22:26:17+00:00\",\"dateModified\":\"2020-09-22T22:40:20+00:00\",\"author\":{\"@id\":\"http:\/\/elregionalvm.com.ar\/noticias-villa-maria\/#\/schema\/person\/a0fb9c422317faca23d50163151bc354\"},\"breadcrumb\":{\"@id\":\"http:\/\/elregionalvm.com.ar\/noticias-villa-maria\/villa-maria-festejara-sus-153-anos-con-una-agenda-a-tono-con-la-pandemia\/#breadcrumb\"},\"inLanguage\":\"es\",\"potentialAction\":[{\"@type\":\"ReadAction\",\"target\":[\"http:\/\/elregionalvm.com.ar\/noticias-villa-maria\/villa-maria-festejara-sus-153-anos-con-una-agenda-a-tono-con-la-pandemia\/\"]}]},{\"@type\":\"ImageObject\",\"inLanguage\":\"es\",\"@id\":\"http:\/\/elregionalvm.com.ar\/noticias-villa-maria\/villa-maria-festejara-sus-153-anos-con-una-agenda-a-tono-con-la-pandemia\/#primaryimage\",\"url\":\"https:\/\/i0.wp.com\/elregionalvm.com.ar\/noticias-villa-maria\/wp-content\/uploads\/2020\/09\/Presentacion-153-Aniversario.jpg?fit=1280%2C853&ssl=1\",\"contentUrl\":\"https:\/\/i0.wp.com\/elregionalvm.com.ar\/noticias-villa-maria\/wp-content\/uploads\/2020\/09\/Presentacion-153-Aniversario.jpg?fit=1280%2C853&ssl=1\",\"width\":1280,\"height\":853},{\"@type\":\"BreadcrumbList\",\"@id\":\"http:\/\/elregionalvm.com.ar\/noticias-villa-maria\/villa-maria-festejara-sus-153-anos-con-una-agenda-a-tono-con-la-pandemia\/#breadcrumb\",\"itemListElement\":[{\"@type\":\"ListItem\",\"position\":1,\"name\":\"Portada\",\"item\":\"https:\/\/elregionalvm.com.ar\/noticias-villa-maria\/\"},{\"@type\":\"ListItem\",\"position\":2,\"name\":\"Villa Mar\u00eda festejar\u00e1 sus 153 a\u00f1os con una agenda a tono con la pandemia\"}]},{\"@type\":\"WebSite\",\"@id\":\"http:\/\/elregionalvm.com.ar\/noticias-villa-maria\/#website\",\"url\":\"http:\/\/elregionalvm.com.ar\/noticias-villa-maria\/\",\"name\":\"El Regional\",\"description\":\"Mucho m\u00e1s que informaci\u00f3n\",\"potentialAction\":[{\"@type\":\"SearchAction\",\"target\":{\"@type\":\"EntryPoint\",\"urlTemplate\":\"http:\/\/elregionalvm.com.ar\/noticias-villa-maria\/?s={search_term_string}\"},\"query-input\":{\"@type\":\"PropertyValueSpecification\",\"valueRequired\":true,\"valueName\":\"search_term_string\"}}],\"inLanguage\":\"es\"},{\"@type\":\"Person\",\"@id\":\"http:\/\/elregionalvm.com.ar\/noticias-villa-maria\/#\/schema\/person\/a0fb9c422317faca23d50163151bc354\",\"name\":\"Contenidos El Regional\",\"image\":{\"@type\":\"ImageObject\",\"inLanguage\":\"es\",\"@id\":\"http:\/\/elregionalvm.com.ar\/noticias-villa-maria\/#\/schema\/person\/image\/\",\"url\":\"https:\/\/secure.gravatar.com\/avatar\/265b27cb2209af7bb3a1318f03305787d7981a5cc6e6cd08fe5a4ecdf99d4b48?s=96&d=mm&r=g\",\"contentUrl\":\"https:\/\/secure.gravatar.com\/avatar\/265b27cb2209af7bb3a1318f03305787d7981a5cc6e6cd08fe5a4ecdf99d4b48?s=96&d=mm&r=g\",\"caption\":\"Contenidos El Regional\"},\"url\":\"https:\/\/elregionalvm.com.ar\/noticias-villa-maria\/author\/contenido\/\"}]}<\/script>\n<!-- \/ Yoast SEO plugin. -->","yoast_head_json":{"title":"Villa Mar\u00eda festejar\u00e1 sus 153 a\u00f1os con una agenda a tono con la pandemia - El Regional","robots":{"index":"index","follow":"follow","max-snippet":"max-snippet:-1","max-image-preview":"max-image-preview:large","max-video-preview":"max-video-preview:-1"},"canonical":"http:\/\/elregionalvm.com.ar\/noticias-villa-maria\/villa-maria-festejara-sus-153-anos-con-una-agenda-a-tono-con-la-pandemia\/","og_locale":"es_ES","og_type":"article","og_title":"Villa Mar\u00eda festejar\u00e1 sus 153 a\u00f1os con una agenda a tono con la pandemia - El Regional","og_description":"Este pr\u00f3ximo domingo 27, Villa Mar\u00eda cumple el aniversario 153 de su fundaci\u00f3n, all\u00e1 por 1867. A pesar del contexto de pandemia que atravesamos como sociedad, la ciudad celebrar\u00e1 un nuevo cumplea\u00f1os con una variada grilla de eventos virtuales vinculados a la cultura, la educaci\u00f3n y la obra p\u00fablica que fue presentada por Pablo Rosso [&hellip;]","og_url":"http:\/\/elregionalvm.com.ar\/noticias-villa-maria\/villa-maria-festejara-sus-153-anos-con-una-agenda-a-tono-con-la-pandemia\/","og_site_name":"El Regional","article_publisher":"https:\/\/www.facebook.com\/elregionalvm","article_published_time":"2020-09-22T22:26:17+00:00","article_modified_time":"2020-09-22T22:40:20+00:00","og_image":[{"width":1280,"height":853,"url":"http:\/\/elregionalvm.com.ar\/noticias-villa-maria\/wp-content\/uploads\/2020\/09\/Presentacion-153-Aniversario.jpg","type":"image\/jpeg"}],"author":"Contenidos El Regional","twitter_card":"summary_large_image","twitter_creator":"@elregionalvm1","twitter_site":"@elregionalvm1","twitter_misc":{"Escrito por":"Contenidos El Regional","Tiempo de lectura":"6 minutos"},"schema":{"@context":"https:\/\/schema.org","@graph":[{"@type":"Article","@id":"http:\/\/elregionalvm.com.ar\/noticias-villa-maria\/villa-maria-festejara-sus-153-anos-con-una-agenda-a-tono-con-la-pandemia\/#article","isPartOf":{"@id":"http:\/\/elregionalvm.com.ar\/noticias-villa-maria\/villa-maria-festejara-sus-153-anos-con-una-agenda-a-tono-con-la-pandemia\/"},"author":{"name":"Contenidos El Regional","@id":"http:\/\/elregionalvm.com.ar\/noticias-villa-maria\/#\/schema\/person\/a0fb9c422317faca23d50163151bc354"},"headline":"Villa Mar\u00eda festejar\u00e1 sus 153 a\u00f1os con una agenda a tono con la pandemia","datePublished":"2020-09-22T22:26:17+00:00","dateModified":"2020-09-22T22:40:20+00:00","mainEntityOfPage":{"@id":"http:\/\/elregionalvm.com.ar\/noticias-villa-maria\/villa-maria-festejara-sus-153-anos-con-una-agenda-a-tono-con-la-pandemia\/"},"wordCount":1187,"commentCount":0,"image":{"@id":"http:\/\/elregionalvm.com.ar\/noticias-villa-maria\/villa-maria-festejara-sus-153-anos-con-una-agenda-a-tono-con-la-pandemia\/#primaryimage"},"thumbnailUrl":"https:\/\/i0.wp.com\/elregionalvm.com.ar\/noticias-villa-maria\/wp-content\/uploads\/2020\/09\/Presentacion-153-Aniversario.jpg?fit=1280%2C853&ssl=1","keywords":["actividades","actos","Aniversario153","destacado","Eventos","Festejos","Inauguraciones","Villamaria"],"articleSection":["Villa Mar\u00eda"],"inLanguage":"es","potentialAction":[{"@type":"CommentAction","name":"Comment","target":["http:\/\/elregionalvm.com.ar\/noticias-villa-maria\/villa-maria-festejara-sus-153-anos-con-una-agenda-a-tono-con-la-pandemia\/#respond"]}]},{"@type":"WebPage","@id":"http:\/\/elregionalvm.com.ar\/noticias-villa-maria\/villa-maria-festejara-sus-153-anos-con-una-agenda-a-tono-con-la-pandemia\/","url":"http:\/\/elregionalvm.com.ar\/noticias-villa-maria\/villa-maria-festejara-sus-153-anos-con-una-agenda-a-tono-con-la-pandemia\/","name":"Villa Mar\u00eda festejar\u00e1 sus 153 a\u00f1os con una agenda a tono con la pandemia - El Regional","isPartOf":{"@id":"http:\/\/elregionalvm.com.ar\/noticias-villa-maria\/#website"},"primaryImageOfPage":{"@id":"http:\/\/elregionalvm.com.ar\/noticias-villa-maria\/villa-maria-festejara-sus-153-anos-con-una-agenda-a-tono-con-la-pandemia\/#primaryimage"},"image":{"@id":"http:\/\/elregionalvm.com.ar\/noticias-villa-maria\/villa-maria-festejara-sus-153-anos-con-una-agenda-a-tono-con-la-pandemia\/#primaryimage"},"thumbnailUrl":"https:\/\/i0.wp.com\/elregionalvm.com.ar\/noticias-villa-maria\/wp-content\/uploads\/2020\/09\/Presentacion-153-Aniversario.jpg?fit=1280%2C853&ssl=1","datePublished":"2020-09-22T22:26:17+00:00","dateModified":"2020-09-22T22:40:20+00:00","author":{"@id":"http:\/\/elregionalvm.com.ar\/noticias-villa-maria\/#\/schema\/person\/a0fb9c422317faca23d50163151bc354"},"breadcrumb":{"@id":"http:\/\/elregionalvm.com.ar\/noticias-villa-maria\/villa-maria-festejara-sus-153-anos-con-una-agenda-a-tono-con-la-pandemia\/#breadcrumb"},"inLanguage":"es","potentialAction":[{"@type":"ReadAction","target":["http:\/\/elregionalvm.com.ar\/noticias-villa-maria\/villa-maria-festejara-sus-153-anos-con-una-agenda-a-tono-con-la-pandemia\/"]}]},{"@type":"ImageObject","inLanguage":"es","@id":"http:\/\/elregionalvm.com.ar\/noticias-villa-maria\/villa-maria-festejara-sus-153-anos-con-una-agenda-a-tono-con-la-pandemia\/#primaryimage","url":"https:\/\/i0.wp.com\/elregionalvm.com.ar\/noticias-villa-maria\/wp-content\/uploads\/2020\/09\/Presentacion-153-Aniversario.jpg?fit=1280%2C853&ssl=1","contentUrl":"https:\/\/i0.wp.com\/elregionalvm.com.ar\/noticias-villa-maria\/wp-content\/uploads\/2020\/09\/Presentacion-153-Aniversario.jpg?fit=1280%2C853&ssl=1","width":1280,"height":853},{"@type":"BreadcrumbList","@id":"http:\/\/elregionalvm.com.ar\/noticias-villa-maria\/villa-maria-festejara-sus-153-anos-con-una-agenda-a-tono-con-la-pandemia\/#breadcrumb","itemListElement":[{"@type":"ListItem","position":1,"name":"Portada","item":"https:\/\/elregionalvm.com.ar\/noticias-villa-maria\/"},{"@type":"ListItem","position":2,"name":"Villa Mar\u00eda festejar\u00e1 sus 153 a\u00f1os con una agenda a tono con la pandemia"}]},{"@type":"WebSite","@id":"http:\/\/elregionalvm.com.ar\/noticias-villa-maria\/#website","url":"http:\/\/elregionalvm.com.ar\/noticias-villa-maria\/","name":"El Regional","description":"Mucho m\u00e1s que informaci\u00f3n","potentialAction":[{"@type":"SearchAction","target":{"@type":"EntryPoint","urlTemplate":"http:\/\/elregionalvm.com.ar\/noticias-villa-maria\/?s={search_term_string}"},"query-input":{"@type":"PropertyValueSpecification","valueRequired":true,"valueName":"search_term_string"}}],"inLanguage":"es"},{"@type":"Person","@id":"http:\/\/elregionalvm.com.ar\/noticias-villa-maria\/#\/schema\/person\/a0fb9c422317faca23d50163151bc354","name":"Contenidos El Regional","image":{"@type":"ImageObject","inLanguage":"es","@id":"http:\/\/elregionalvm.com.ar\/noticias-villa-maria\/#\/schema\/person\/image\/","url":"https:\/\/secure.gravatar.com\/avatar\/265b27cb2209af7bb3a1318f03305787d7981a5cc6e6cd08fe5a4ecdf99d4b48?s=96&d=mm&r=g","contentUrl":"https:\/\/secure.gravatar.com\/avatar\/265b27cb2209af7bb3a1318f03305787d7981a5cc6e6cd08fe5a4ecdf99d4b48?s=96&d=mm&r=g","caption":"Contenidos El Regional"},"url":"https:\/\/elregionalvm.com.ar\/noticias-villa-maria\/author\/contenido\/"}]}},"jetpack_featured_media_url":"https:\/\/i0.wp.com\/elregionalvm.com.ar\/noticias-villa-maria\/wp-content\/uploads\/2020\/09\/Presentacion-153-Aniversario.jpg?fit=1280%2C853&ssl=1","jetpack_sharing_enabled":true,"_links":{"self":[{"href":"https:\/\/elregionalvm.com.ar\/noticias-villa-maria\/wp-json\/wp\/v2\/posts\/24375","targetHints":{"allow":["GET"]}}],"collection":[{"href":"https:\/\/elregionalvm.com.ar\/noticias-villa-maria\/wp-json\/wp\/v2\/posts"}],"about":[{"href":"https:\/\/elregionalvm.com.ar\/noticias-villa-maria\/wp-json\/wp\/v2\/types\/post"}],"author":[{"embeddable":true,"href":"https:\/\/elregionalvm.com.ar\/noticias-villa-maria\/wp-json\/wp\/v2\/users\/4"}],"replies":[{"embeddable":true,"href":"https:\/\/elregionalvm.com.ar\/noticias-villa-maria\/wp-json\/wp\/v2\/comments?post=24375"}],"version-history":[{"count":1,"href":"https:\/\/elregionalvm.com.ar\/noticias-villa-maria\/wp-json\/wp\/v2\/posts\/24375\/revisions"}],"predecessor-version":[{"id":24379,"href":"https:\/\/elregionalvm.com.ar\/noticias-villa-maria\/wp-json\/wp\/v2\/posts\/24375\/revisions\/24379"}],"wp:featuredmedia":[{"embeddable":true,"href":"https:\/\/elregionalvm.com.ar\/noticias-villa-maria\/wp-json\/wp\/v2\/media\/24377"}],"wp:attachment":[{"href":"https:\/\/elregionalvm.com.ar\/noticias-villa-maria\/wp-json\/wp\/v2\/media?parent=24375"}],"wp:term":[{"taxonomy":"category","embeddable":true,"href":"https:\/\/elregionalvm.com.ar\/noticias-villa-maria\/wp-json\/wp\/v2\/categories?post=24375"},{"taxonomy":"post_tag","embeddable":true,"href":"https:\/\/elregionalvm.com.ar\/noticias-villa-maria\/wp-json\/wp\/v2\/tags?post=24375"}],"curies":[{"name":"wp","href":"https:\/\/api.w.org\/{rel}","templated":true}]}}