{"id":24376,"date":"2020-09-22T22:32:04","date_gmt":"2020-09-22T22:32:04","guid":{"rendered":"https:\/\/elregionalvm.com.ar\/noticias-villa-maria\/?p=24376"},"modified":"2020-09-22T22:32:06","modified_gmt":"2020-09-22T22:32:06","slug":"el-contrato-social-se-ha-roto","status":"publish","type":"post","link":"https:\/\/elregionalvm.com.ar\/noticias-villa-maria\/el-contrato-social-se-ha-roto\/","title":{"rendered":"El contrato social se ha roto"},"content":{"rendered":"\n<p><strong>Escribe: Cristina Pablos<\/strong><\/p>\n\n\n\n<p>En el libro (4 tomos) El Contrato Social de J. J. Rousseau, escrito en 1762, el autor trata, principalmente, sobre la libertad e igualdad de las personas bajo un estado instituido por medio de un contrato social (l\u00e9anse votos).<\/p>\n\n\n\n<p>Un estado de derecho que asegure la libertad para poder convivir. Dice, adem\u00e1s, que la fuerza no constituye derecho y que \u00fanicamente se est\u00e1 obligado a obedecer a los poderes leg\u00edtimos. El objetivo de todo pueblo es conseguir abundancia y paz. \u201cCuando m\u00e1s crece el Estado m\u00e1s disminuye la libertad.\u201d \u201cCuanto m\u00e1s numerosos son los magistrados m\u00e1s d\u00e9bil el gobierno\u201d.<\/p>\n\n\n\n<p>Rousseau dice que la democracia es una forma perfecta de gobierno que no se da nunca en forma pura. El contrato social son los principios b\u00e1sicos&nbsp; del derecho pol\u00edtico.<\/p>\n\n\n\n<p>Juan Bautista Alberdi se inspir\u00f3 en El Contrato Social de Rousseau para escribir su libro Bases\u2026 sobre el cual se bas\u00f3 la redacci\u00f3n de nuestra Constituci\u00f3n.<\/p>\n\n\n\n<p>Estoy viendo, por estos d\u00edas, c\u00f3mo en Argentina se hace trizas el contrato social. Las leyes son para algunos. El tango Cambalache o los mon\u00f3logos de Tato Bores est\u00e1n m\u00e1s vigentes que nunca; lo que quiere decir que no le hemos dado ning\u00fan valor a la experiencia de todas las vicisitudes que hemos soportado para llegar a esta empobrecida democracia.<\/p>\n\n\n\n<p>Un pa\u00eds donde una persona, privada de la libertad por cometer alg\u00fan delito, gana m\u00e1s ($24.000) que un jubilado que trabaj\u00f3 honestamente e hizo los aportes durante a\u00f1os para tener una vejez digna ($16.800).<\/p>\n\n\n\n<p>Con un gobierno nacional compartido por una persona llena de odio y venganza y un presidente que no resiste ning\u00fan archivo; el paradigma de la contradicci\u00f3n permanente.<\/p>\n\n\n\n<p>Un pa\u00eds donde es un pecado tener \u00e9xito o hacer m\u00e9ritos para progresar. Siempre nivelando para abajo. Siempre mirando el barro no el azul del cielo.<\/p>\n\n\n\n<p>Estamos viviendo unos momentos,\u00a0 agregados a la pandemia y \u2013o-no-cuarentena interminable, donde vemos c\u00f3mo se avanza sobre todas las instituciones de la Rep\u00fablica. A grandes empresas y\u00e9ndose del pa\u00eds y creando miles de desocupados. Donde el opositor a mi ideolog\u00eda es mi enemigo a destruir. <\/p>\n\n\n\n<p>Mientras, la gran mayor\u00eda del pueblo, permanece encerrado, rumiando sus tristezas, atragant\u00e1ndose con el llanto y extra\u00f1ando a mares no poder tener contacto con los afectos.<\/p>\n","protected":false},"excerpt":{"rendered":"<p>Escribe: Cristina Pablos En el libro (4 tomos) El Contrato Social de J. J. Rousseau, escrito en 1762, el autor trata, principalmente, sobre la libertad e igualdad de las personas bajo un estado instituido por medio de un contrato social (l\u00e9anse votos). Un estado de derecho que asegure la libertad para poder convivir. Dice, adem\u00e1s, [&hellip;]<\/p>\n","protected":false},"author":4,"featured_media":24378,"comment_status":"open","ping_status":"open","sticky":false,"template":"","format":"standard","meta":{"site-sidebar-layout":"default","site-content-layout":"default","ast-site-content-layout":"default","site-content-style":"default","site-sidebar-style":"default","ast-global-header-display":"","ast-banner-title-visibility":"","ast-main-header-display":"","ast-hfb-above-header-display":"","ast-hfb-below-header-display":"","ast-hfb-mobile-header-display":"","site-post-title":"","ast-breadcrumbs-content":"","ast-featured-img":"","footer-sml-layout":"","ast-disable-related-posts":"","theme-transparent-header-meta":"default","adv-header-id-meta":"","stick-header-meta":"","header-above-stick-meta":"","header-main-stick-meta":"","header-below-stick-meta":"","astra-migrate-meta-layouts":"default","ast-page-background-enabled":"default","ast-page-background-meta":{"desktop":{"background-color":"","background-image":"","background-repeat":"repeat","background-position":"center center","background-size":"auto","background-attachment":"scroll","background-type":"","background-media":"","overlay-type":"","overlay-color":"","overlay-opacity":"","overlay-gradient":""},"tablet":{"background-color":"","background-image":"","background-repeat":"repeat","background-position":"center center","background-size":"auto","background-attachment":"scroll","background-type":"","background-media":"","overlay-type":"","overlay-color":"","overlay-opacity":"","overlay-gradient":""},"mobile":{"background-color":"","background-image":"","background-repeat":"repeat","background-position":"center center","background-size":"auto","background-attachment":"scroll","background-type":"","background-media":"","overlay-type":"","overlay-color":"","overlay-opacity":"","overlay-gradient":""}},"ast-content-background-meta":{"desktop":{"background-color":"var(--ast-global-color-5)","background-image":"","background-repeat":"repeat","background-position":"center center","background-size":"auto","background-attachment":"scroll","background-type":"","background-media":"","overlay-type":"","overlay-color":"","overlay-opacity":"","overlay-gradient":""},"tablet":{"background-color":"var(--ast-global-color-5)","background-image":"","background-repeat":"repeat","background-position":"center center","background-size":"auto","background-attachment":"scroll","background-type":"","background-media":"","overlay-type":"","overlay-color":"","overlay-opacity":"","overlay-gradient":""},"mobile":{"background-color":"var(--ast-global-color-5)","background-image":"","background-repeat":"repeat","background-position":"center center","background-size":"auto","background-attachment":"scroll","background-type":"","background-media":"","overlay-type":"","overlay-color":"","overlay-opacity":"","overlay-gradient":""}},"_jetpack_memberships_contains_paid_content":false,"_joinchat":[],"footnotes":""},"categories":[2323,365],"tags":[4132,22,2865,1535,798,1097,4133],"class_list":["post-24376","post","type-post","status-publish","format-standard","has-post-thumbnail","hentry","category-notas-secundarias","category-opinion","tag-contrato-social","tag-convivencia","tag-covid-19-2","tag-democracia","tag-estado","tag-libertad","tag-rousseau"],"yoast_head":"<!-- This site is optimized with the Yoast SEO plugin v26.8 - https:\/\/yoast.com\/product\/yoast-seo-wordpress\/ -->\n<title>El contrato social se ha roto - El Regional<\/title>\n<meta name=\"description\" content=\"Estoy viendo, por estos d\u00edas, c\u00f3mo en Argentina se hace trizas el contrato social. Las leyes son para algunos. No para todos por igual.\" \/>\n<meta name=\"robots\" content=\"index, follow, max-snippet:-1, max-image-preview:large, max-video-preview:-1\" \/>\n<link rel=\"canonical\" href=\"http:\/\/elregionalvm.com.ar\/noticias-villa-maria\/el-contrato-social-se-ha-roto\/\" \/>\n<meta property=\"og:locale\" content=\"es_ES\" \/>\n<meta property=\"og:type\" content=\"article\" \/>\n<meta property=\"og:title\" content=\"El contrato social se ha roto - El Regional\" \/>\n<meta property=\"og:description\" content=\"Estoy viendo, por estos d\u00edas, c\u00f3mo en Argentina se hace trizas el contrato social. Las leyes son para algunos. No para todos por igual.\" \/>\n<meta property=\"og:url\" content=\"http:\/\/elregionalvm.com.ar\/noticias-villa-maria\/el-contrato-social-se-ha-roto\/\" \/>\n<meta property=\"og:site_name\" content=\"El Regional\" \/>\n<meta property=\"article:publisher\" content=\"https:\/\/www.facebook.com\/elregionalvm\" \/>\n<meta property=\"article:published_time\" content=\"2020-09-22T22:32:04+00:00\" \/>\n<meta property=\"article:modified_time\" content=\"2020-09-22T22:32:06+00:00\" \/>\n<meta property=\"og:image\" content=\"http:\/\/elregionalvm.com.ar\/noticias-villa-maria\/wp-content\/uploads\/2020\/09\/Contrato-social-roto.jpg\" \/>\n\t<meta property=\"og:image:width\" content=\"1024\" \/>\n\t<meta property=\"og:image:height\" content=\"768\" \/>\n\t<meta property=\"og:image:type\" content=\"image\/jpeg\" \/>\n<meta name=\"author\" content=\"Contenidos El Regional\" \/>\n<meta name=\"twitter:card\" content=\"summary_large_image\" \/>\n<meta name=\"twitter:creator\" content=\"@elregionalvm1\" \/>\n<meta name=\"twitter:site\" content=\"@elregionalvm1\" \/>\n<meta name=\"twitter:label1\" content=\"Escrito por\" \/>\n\t<meta name=\"twitter:data1\" content=\"Contenidos El Regional\" \/>\n\t<meta name=\"twitter:label2\" content=\"Tiempo de lectura\" \/>\n\t<meta name=\"twitter:data2\" content=\"2 minutos\" \/>\n<script type=\"application\/ld+json\" class=\"yoast-schema-graph\">{\"@context\":\"https:\/\/schema.org\",\"@graph\":[{\"@type\":\"Article\",\"@id\":\"http:\/\/elregionalvm.com.ar\/noticias-villa-maria\/el-contrato-social-se-ha-roto\/#article\",\"isPartOf\":{\"@id\":\"http:\/\/elregionalvm.com.ar\/noticias-villa-maria\/el-contrato-social-se-ha-roto\/\"},\"author\":{\"name\":\"Contenidos El Regional\",\"@id\":\"http:\/\/elregionalvm.com.ar\/noticias-villa-maria\/#\/schema\/person\/a0fb9c422317faca23d50163151bc354\"},\"headline\":\"El contrato social se ha roto\",\"datePublished\":\"2020-09-22T22:32:04+00:00\",\"dateModified\":\"2020-09-22T22:32:06+00:00\",\"mainEntityOfPage\":{\"@id\":\"http:\/\/elregionalvm.com.ar\/noticias-villa-maria\/el-contrato-social-se-ha-roto\/\"},\"wordCount\":412,\"commentCount\":1,\"image\":{\"@id\":\"http:\/\/elregionalvm.com.ar\/noticias-villa-maria\/el-contrato-social-se-ha-roto\/#primaryimage\"},\"thumbnailUrl\":\"https:\/\/i0.wp.com\/elregionalvm.com.ar\/noticias-villa-maria\/wp-content\/uploads\/2020\/09\/Contrato-social-roto.jpg?fit=1024%2C768&ssl=1\",\"keywords\":[\"Contrato Social\",\"convivencia\",\"Covid 19\",\"Democracia\",\"Estado\",\"Libertad\",\"Rousseau\"],\"articleSection\":[\"Notas\",\"Opini\u00f3n\"],\"inLanguage\":\"es\",\"potentialAction\":[{\"@type\":\"CommentAction\",\"name\":\"Comment\",\"target\":[\"http:\/\/elregionalvm.com.ar\/noticias-villa-maria\/el-contrato-social-se-ha-roto\/#respond\"]}]},{\"@type\":\"WebPage\",\"@id\":\"http:\/\/elregionalvm.com.ar\/noticias-villa-maria\/el-contrato-social-se-ha-roto\/\",\"url\":\"http:\/\/elregionalvm.com.ar\/noticias-villa-maria\/el-contrato-social-se-ha-roto\/\",\"name\":\"El contrato social se ha roto - El Regional\",\"isPartOf\":{\"@id\":\"http:\/\/elregionalvm.com.ar\/noticias-villa-maria\/#website\"},\"primaryImageOfPage\":{\"@id\":\"http:\/\/elregionalvm.com.ar\/noticias-villa-maria\/el-contrato-social-se-ha-roto\/#primaryimage\"},\"image\":{\"@id\":\"http:\/\/elregionalvm.com.ar\/noticias-villa-maria\/el-contrato-social-se-ha-roto\/#primaryimage\"},\"thumbnailUrl\":\"https:\/\/i0.wp.com\/elregionalvm.com.ar\/noticias-villa-maria\/wp-content\/uploads\/2020\/09\/Contrato-social-roto.jpg?fit=1024%2C768&ssl=1\",\"datePublished\":\"2020-09-22T22:32:04+00:00\",\"dateModified\":\"2020-09-22T22:32:06+00:00\",\"author\":{\"@id\":\"http:\/\/elregionalvm.com.ar\/noticias-villa-maria\/#\/schema\/person\/a0fb9c422317faca23d50163151bc354\"},\"description\":\"Estoy viendo, por estos d\u00edas, c\u00f3mo en Argentina se hace trizas el contrato social. Las leyes son para algunos. No para todos por igual.\",\"breadcrumb\":{\"@id\":\"http:\/\/elregionalvm.com.ar\/noticias-villa-maria\/el-contrato-social-se-ha-roto\/#breadcrumb\"},\"inLanguage\":\"es\",\"potentialAction\":[{\"@type\":\"ReadAction\",\"target\":[\"http:\/\/elregionalvm.com.ar\/noticias-villa-maria\/el-contrato-social-se-ha-roto\/\"]}]},{\"@type\":\"ImageObject\",\"inLanguage\":\"es\",\"@id\":\"http:\/\/elregionalvm.com.ar\/noticias-villa-maria\/el-contrato-social-se-ha-roto\/#primaryimage\",\"url\":\"https:\/\/i0.wp.com\/elregionalvm.com.ar\/noticias-villa-maria\/wp-content\/uploads\/2020\/09\/Contrato-social-roto.jpg?fit=1024%2C768&ssl=1\",\"contentUrl\":\"https:\/\/i0.wp.com\/elregionalvm.com.ar\/noticias-villa-maria\/wp-content\/uploads\/2020\/09\/Contrato-social-roto.jpg?fit=1024%2C768&ssl=1\",\"width\":1024,\"height\":768},{\"@type\":\"BreadcrumbList\",\"@id\":\"http:\/\/elregionalvm.com.ar\/noticias-villa-maria\/el-contrato-social-se-ha-roto\/#breadcrumb\",\"itemListElement\":[{\"@type\":\"ListItem\",\"position\":1,\"name\":\"Portada\",\"item\":\"https:\/\/elregionalvm.com.ar\/noticias-villa-maria\/\"},{\"@type\":\"ListItem\",\"position\":2,\"name\":\"El contrato social se ha roto\"}]},{\"@type\":\"WebSite\",\"@id\":\"http:\/\/elregionalvm.com.ar\/noticias-villa-maria\/#website\",\"url\":\"http:\/\/elregionalvm.com.ar\/noticias-villa-maria\/\",\"name\":\"El Regional\",\"description\":\"Mucho m\u00e1s que informaci\u00f3n\",\"potentialAction\":[{\"@type\":\"SearchAction\",\"target\":{\"@type\":\"EntryPoint\",\"urlTemplate\":\"http:\/\/elregionalvm.com.ar\/noticias-villa-maria\/?s={search_term_string}\"},\"query-input\":{\"@type\":\"PropertyValueSpecification\",\"valueRequired\":true,\"valueName\":\"search_term_string\"}}],\"inLanguage\":\"es\"},{\"@type\":\"Person\",\"@id\":\"http:\/\/elregionalvm.com.ar\/noticias-villa-maria\/#\/schema\/person\/a0fb9c422317faca23d50163151bc354\",\"name\":\"Contenidos El Regional\",\"image\":{\"@type\":\"ImageObject\",\"inLanguage\":\"es\",\"@id\":\"http:\/\/elregionalvm.com.ar\/noticias-villa-maria\/#\/schema\/person\/image\/\",\"url\":\"https:\/\/secure.gravatar.com\/avatar\/265b27cb2209af7bb3a1318f03305787d7981a5cc6e6cd08fe5a4ecdf99d4b48?s=96&d=mm&r=g\",\"contentUrl\":\"https:\/\/secure.gravatar.com\/avatar\/265b27cb2209af7bb3a1318f03305787d7981a5cc6e6cd08fe5a4ecdf99d4b48?s=96&d=mm&r=g\",\"caption\":\"Contenidos El Regional\"},\"url\":\"https:\/\/elregionalvm.com.ar\/noticias-villa-maria\/author\/contenido\/\"}]}<\/script>\n<!-- \/ Yoast SEO plugin. -->","yoast_head_json":{"title":"El contrato social se ha roto - El Regional","description":"Estoy viendo, por estos d\u00edas, c\u00f3mo en Argentina se hace trizas el contrato social. Las leyes son para algunos. No para todos por igual.","robots":{"index":"index","follow":"follow","max-snippet":"max-snippet:-1","max-image-preview":"max-image-preview:large","max-video-preview":"max-video-preview:-1"},"canonical":"http:\/\/elregionalvm.com.ar\/noticias-villa-maria\/el-contrato-social-se-ha-roto\/","og_locale":"es_ES","og_type":"article","og_title":"El contrato social se ha roto - El Regional","og_description":"Estoy viendo, por estos d\u00edas, c\u00f3mo en Argentina se hace trizas el contrato social. Las leyes son para algunos. No para todos por igual.","og_url":"http:\/\/elregionalvm.com.ar\/noticias-villa-maria\/el-contrato-social-se-ha-roto\/","og_site_name":"El Regional","article_publisher":"https:\/\/www.facebook.com\/elregionalvm","article_published_time":"2020-09-22T22:32:04+00:00","article_modified_time":"2020-09-22T22:32:06+00:00","og_image":[{"width":1024,"height":768,"url":"http:\/\/elregionalvm.com.ar\/noticias-villa-maria\/wp-content\/uploads\/2020\/09\/Contrato-social-roto.jpg","type":"image\/jpeg"}],"author":"Contenidos El Regional","twitter_card":"summary_large_image","twitter_creator":"@elregionalvm1","twitter_site":"@elregionalvm1","twitter_misc":{"Escrito por":"Contenidos El Regional","Tiempo de lectura":"2 minutos"},"schema":{"@context":"https:\/\/schema.org","@graph":[{"@type":"Article","@id":"http:\/\/elregionalvm.com.ar\/noticias-villa-maria\/el-contrato-social-se-ha-roto\/#article","isPartOf":{"@id":"http:\/\/elregionalvm.com.ar\/noticias-villa-maria\/el-contrato-social-se-ha-roto\/"},"author":{"name":"Contenidos El Regional","@id":"http:\/\/elregionalvm.com.ar\/noticias-villa-maria\/#\/schema\/person\/a0fb9c422317faca23d50163151bc354"},"headline":"El contrato social se ha roto","datePublished":"2020-09-22T22:32:04+00:00","dateModified":"2020-09-22T22:32:06+00:00","mainEntityOfPage":{"@id":"http:\/\/elregionalvm.com.ar\/noticias-villa-maria\/el-contrato-social-se-ha-roto\/"},"wordCount":412,"commentCount":1,"image":{"@id":"http:\/\/elregionalvm.com.ar\/noticias-villa-maria\/el-contrato-social-se-ha-roto\/#primaryimage"},"thumbnailUrl":"https:\/\/i0.wp.com\/elregionalvm.com.ar\/noticias-villa-maria\/wp-content\/uploads\/2020\/09\/Contrato-social-roto.jpg?fit=1024%2C768&ssl=1","keywords":["Contrato Social","convivencia","Covid 19","Democracia","Estado","Libertad","Rousseau"],"articleSection":["Notas","Opini\u00f3n"],"inLanguage":"es","potentialAction":[{"@type":"CommentAction","name":"Comment","target":["http:\/\/elregionalvm.com.ar\/noticias-villa-maria\/el-contrato-social-se-ha-roto\/#respond"]}]},{"@type":"WebPage","@id":"http:\/\/elregionalvm.com.ar\/noticias-villa-maria\/el-contrato-social-se-ha-roto\/","url":"http:\/\/elregionalvm.com.ar\/noticias-villa-maria\/el-contrato-social-se-ha-roto\/","name":"El contrato social se ha roto - El Regional","isPartOf":{"@id":"http:\/\/elregionalvm.com.ar\/noticias-villa-maria\/#website"},"primaryImageOfPage":{"@id":"http:\/\/elregionalvm.com.ar\/noticias-villa-maria\/el-contrato-social-se-ha-roto\/#primaryimage"},"image":{"@id":"http:\/\/elregionalvm.com.ar\/noticias-villa-maria\/el-contrato-social-se-ha-roto\/#primaryimage"},"thumbnailUrl":"https:\/\/i0.wp.com\/elregionalvm.com.ar\/noticias-villa-maria\/wp-content\/uploads\/2020\/09\/Contrato-social-roto.jpg?fit=1024%2C768&ssl=1","datePublished":"2020-09-22T22:32:04+00:00","dateModified":"2020-09-22T22:32:06+00:00","author":{"@id":"http:\/\/elregionalvm.com.ar\/noticias-villa-maria\/#\/schema\/person\/a0fb9c422317faca23d50163151bc354"},"description":"Estoy viendo, por estos d\u00edas, c\u00f3mo en Argentina se hace trizas el contrato social. Las leyes son para algunos. No para todos por igual.","breadcrumb":{"@id":"http:\/\/elregionalvm.com.ar\/noticias-villa-maria\/el-contrato-social-se-ha-roto\/#breadcrumb"},"inLanguage":"es","potentialAction":[{"@type":"ReadAction","target":["http:\/\/elregionalvm.com.ar\/noticias-villa-maria\/el-contrato-social-se-ha-roto\/"]}]},{"@type":"ImageObject","inLanguage":"es","@id":"http:\/\/elregionalvm.com.ar\/noticias-villa-maria\/el-contrato-social-se-ha-roto\/#primaryimage","url":"https:\/\/i0.wp.com\/elregionalvm.com.ar\/noticias-villa-maria\/wp-content\/uploads\/2020\/09\/Contrato-social-roto.jpg?fit=1024%2C768&ssl=1","contentUrl":"https:\/\/i0.wp.com\/elregionalvm.com.ar\/noticias-villa-maria\/wp-content\/uploads\/2020\/09\/Contrato-social-roto.jpg?fit=1024%2C768&ssl=1","width":1024,"height":768},{"@type":"BreadcrumbList","@id":"http:\/\/elregionalvm.com.ar\/noticias-villa-maria\/el-contrato-social-se-ha-roto\/#breadcrumb","itemListElement":[{"@type":"ListItem","position":1,"name":"Portada","item":"https:\/\/elregionalvm.com.ar\/noticias-villa-maria\/"},{"@type":"ListItem","position":2,"name":"El contrato social se ha roto"}]},{"@type":"WebSite","@id":"http:\/\/elregionalvm.com.ar\/noticias-villa-maria\/#website","url":"http:\/\/elregionalvm.com.ar\/noticias-villa-maria\/","name":"El Regional","description":"Mucho m\u00e1s que informaci\u00f3n","potentialAction":[{"@type":"SearchAction","target":{"@type":"EntryPoint","urlTemplate":"http:\/\/elregionalvm.com.ar\/noticias-villa-maria\/?s={search_term_string}"},"query-input":{"@type":"PropertyValueSpecification","valueRequired":true,"valueName":"search_term_string"}}],"inLanguage":"es"},{"@type":"Person","@id":"http:\/\/elregionalvm.com.ar\/noticias-villa-maria\/#\/schema\/person\/a0fb9c422317faca23d50163151bc354","name":"Contenidos El Regional","image":{"@type":"ImageObject","inLanguage":"es","@id":"http:\/\/elregionalvm.com.ar\/noticias-villa-maria\/#\/schema\/person\/image\/","url":"https:\/\/secure.gravatar.com\/avatar\/265b27cb2209af7bb3a1318f03305787d7981a5cc6e6cd08fe5a4ecdf99d4b48?s=96&d=mm&r=g","contentUrl":"https:\/\/secure.gravatar.com\/avatar\/265b27cb2209af7bb3a1318f03305787d7981a5cc6e6cd08fe5a4ecdf99d4b48?s=96&d=mm&r=g","caption":"Contenidos El Regional"},"url":"https:\/\/elregionalvm.com.ar\/noticias-villa-maria\/author\/contenido\/"}]}},"jetpack_featured_media_url":"https:\/\/i0.wp.com\/elregionalvm.com.ar\/noticias-villa-maria\/wp-content\/uploads\/2020\/09\/Contrato-social-roto.jpg?fit=1024%2C768&ssl=1","jetpack_sharing_enabled":true,"_links":{"self":[{"href":"https:\/\/elregionalvm.com.ar\/noticias-villa-maria\/wp-json\/wp\/v2\/posts\/24376","targetHints":{"allow":["GET"]}}],"collection":[{"href":"https:\/\/elregionalvm.com.ar\/noticias-villa-maria\/wp-json\/wp\/v2\/posts"}],"about":[{"href":"https:\/\/elregionalvm.com.ar\/noticias-villa-maria\/wp-json\/wp\/v2\/types\/post"}],"author":[{"embeddable":true,"href":"https:\/\/elregionalvm.com.ar\/noticias-villa-maria\/wp-json\/wp\/v2\/users\/4"}],"replies":[{"embeddable":true,"href":"https:\/\/elregionalvm.com.ar\/noticias-villa-maria\/wp-json\/wp\/v2\/comments?post=24376"}],"version-history":[{"count":1,"href":"https:\/\/elregionalvm.com.ar\/noticias-villa-maria\/wp-json\/wp\/v2\/posts\/24376\/revisions"}],"predecessor-version":[{"id":24380,"href":"https:\/\/elregionalvm.com.ar\/noticias-villa-maria\/wp-json\/wp\/v2\/posts\/24376\/revisions\/24380"}],"wp:featuredmedia":[{"embeddable":true,"href":"https:\/\/elregionalvm.com.ar\/noticias-villa-maria\/wp-json\/wp\/v2\/media\/24378"}],"wp:attachment":[{"href":"https:\/\/elregionalvm.com.ar\/noticias-villa-maria\/wp-json\/wp\/v2\/media?parent=24376"}],"wp:term":[{"taxonomy":"category","embeddable":true,"href":"https:\/\/elregionalvm.com.ar\/noticias-villa-maria\/wp-json\/wp\/v2\/categories?post=24376"},{"taxonomy":"post_tag","embeddable":true,"href":"https:\/\/elregionalvm.com.ar\/noticias-villa-maria\/wp-json\/wp\/v2\/tags?post=24376"}],"curies":[{"name":"wp","href":"https:\/\/api.w.org\/{rel}","templated":true}]}}