{"id":24381,"date":"2020-09-22T22:42:05","date_gmt":"2020-09-22T22:42:05","guid":{"rendered":"https:\/\/elregionalvm.com.ar\/noticias-villa-maria\/?p=24381"},"modified":"2020-09-22T22:42:06","modified_gmt":"2020-09-22T22:42:06","slug":"optimizaron-el-funcionamiento-de-la-fuente-de-la-plaza-de-las-americas","status":"publish","type":"post","link":"https:\/\/elregionalvm.com.ar\/noticias-villa-maria\/optimizaron-el-funcionamiento-de-la-fuente-de-la-plaza-de-las-americas\/","title":{"rendered":"Optimizaron el funcionamiento de la fuente de la Plaza de las Am\u00e9ricas"},"content":{"rendered":"\n<p>El municipio est\u00e1 llevando adelante un plan de intervenciones de refuncionalizaci\u00f3n en fuentes de la ciudad, en las que se realiza un trabajo integral que incluye tanto los aspectos relacionados con la circulaci\u00f3n del agua como con la iluminaci\u00f3n ornamental.<\/p>\n\n\n\n<p>La intervenci\u00f3n m\u00e1s reciente fue realizada por la Secretar\u00eda de Ambiente, Obras y Servicios P\u00fablicos en la Plaza de las Am\u00e9ricas, en inmediaciones de puente Presidente Per\u00f3n. All\u00ed se realiz\u00f3 un trabajo de mantenimiento de ca\u00f1er\u00edas y pintura del espacio.<\/p>\n\n\n\n<p>Adem\u00e1s, se complet\u00f3 con la renovaci\u00f3n de la iluminaci\u00f3n, que realiza un juego de colores similar al que engalana al puente. Toda la obra se concret\u00f3 en acuerdo a la normativa vigente en la ley provincial de Seguridad El\u00e9ctrica.<\/p>\n\n\n\n<p>Semanas atr\u00e1s, en tanto, se realizaron tareas similares en la fuente que se ubica detr\u00e1s del monumento al Libertador General San Mart\u00edn, en la zona de la explanada que da hacia la Costanera. Esta fuente tambi\u00e9n fue puesta a punto tras haber sido restaurada completamente hace tres a\u00f1os, junto con el monumento y su entorno.<\/p>\n\n\n\n<p>De acuerdo a lo proyectado por el municipio, las tareas continuar\u00e1n por la fuente ubicada en El Rosedal, el paseo ubicado frente a la mencionada explanada. <\/p>\n\n\n\n<p><strong>Capacitaciones para emprendimientos peque\u00f1os y actores de la econom\u00eda social<\/strong><\/p>\n\n\n\n<p>El municipio, junto a la Universidad Nacional de Villa Mar\u00eda, el Banco Credicoop y el Fondo Nacional de Capital Social (FONCAP), organizan un ciclo de formaci\u00f3n para emprendedores que iniciar\u00e1 el pr\u00f3ximo 29 de septiembre con una duraci\u00f3n de cuatro encuentros en modalidad virtual.<\/p>\n\n\n\n<p>El ciclo de capacitaciones para emprendimientos Impulsar Villa Mar\u00eda, de acuerdo a lo informado desde la Secretar\u00eda de Inclusi\u00f3n Social y Territorio, las capacitaciones est\u00e1n dirigidas a personas propietarias y empleadas de micro, peque\u00f1as y medianas empresas; comerciantes, productores, emprendedores y miembros de proyectos cooperativos.<\/p>\n\n\n\n<p>Las tem\u00e1ticas a tratar en los cuatro encuentros, que se realizar\u00e1n por la plataforma Meet, apuntan a consolidar estrategias de comercializaci\u00f3n en redes, finanzas y pagos digitales, nociones introductorias al sistema financiero, y cuestiones relativas a la tramitaci\u00f3n de habilitaciones y asistencia t\u00e9cnica a emprendimientos.<\/p>\n\n\n\n<p>Los interesados pueden inscribirse de forma gratuita a trav\u00e9s del siguiente enlace:&nbsp;<a rel=\"noreferrer noopener\" target=\"_blank\" href=\"https:\/\/forms.gle\/iofx1D5KJ1ZxYCDB6\">https:\/\/forms.gle\/iofx1D5KJ1ZxYCDB6<\/a>. Para realizar consultas sobre la iniciativa, pueden escribir al correo electr\u00f3nico&nbsp;<a rel=\"noreferrer noopener\" target=\"_blank\" href=\"mailto:ecosocialysolidariavm@gmail.com\">ecosocialysolidariavm@gmail.com<\/a>.<\/p>\n","protected":false},"excerpt":{"rendered":"<p>El municipio est\u00e1 llevando adelante un plan de intervenciones de refuncionalizaci\u00f3n en fuentes de la ciudad, en las que se realiza un trabajo integral que incluye tanto los aspectos relacionados con la circulaci\u00f3n del agua como con la iluminaci\u00f3n ornamental. La intervenci\u00f3n m\u00e1s reciente fue realizada por la Secretar\u00eda de Ambiente, Obras y Servicios P\u00fablicos [&hellip;]<\/p>\n","protected":false},"author":4,"featured_media":24382,"comment_status":"open","ping_status":"open","sticky":false,"template":"","format":"standard","meta":{"site-sidebar-layout":"default","site-content-layout":"default","ast-site-content-layout":"default","site-content-style":"default","site-sidebar-style":"default","ast-global-header-display":"","ast-banner-title-visibility":"","ast-main-header-display":"","ast-hfb-above-header-display":"","ast-hfb-below-header-display":"","ast-hfb-mobile-header-display":"","site-post-title":"","ast-breadcrumbs-content":"","ast-featured-img":"","footer-sml-layout":"","ast-disable-related-posts":"","theme-transparent-header-meta":"default","adv-header-id-meta":"","stick-header-meta":"","header-above-stick-meta":"","header-main-stick-meta":"","header-below-stick-meta":"","astra-migrate-meta-layouts":"default","ast-page-background-enabled":"default","ast-page-background-meta":{"desktop":{"background-color":"","background-image":"","background-repeat":"repeat","background-position":"center center","background-size":"auto","background-attachment":"scroll","background-type":"","background-media":"","overlay-type":"","overlay-color":"","overlay-opacity":"","overlay-gradient":""},"tablet":{"background-color":"","background-image":"","background-repeat":"repeat","background-position":"center center","background-size":"auto","background-attachment":"scroll","background-type":"","background-media":"","overlay-type":"","overlay-color":"","overlay-opacity":"","overlay-gradient":""},"mobile":{"background-color":"","background-image":"","background-repeat":"repeat","background-position":"center center","background-size":"auto","background-attachment":"scroll","background-type":"","background-media":"","overlay-type":"","overlay-color":"","overlay-opacity":"","overlay-gradient":""}},"ast-content-background-meta":{"desktop":{"background-color":"var(--ast-global-color-5)","background-image":"","background-repeat":"repeat","background-position":"center center","background-size":"auto","background-attachment":"scroll","background-type":"","background-media":"","overlay-type":"","overlay-color":"","overlay-opacity":"","overlay-gradient":""},"tablet":{"background-color":"var(--ast-global-color-5)","background-image":"","background-repeat":"repeat","background-position":"center center","background-size":"auto","background-attachment":"scroll","background-type":"","background-media":"","overlay-type":"","overlay-color":"","overlay-opacity":"","overlay-gradient":""},"mobile":{"background-color":"var(--ast-global-color-5)","background-image":"","background-repeat":"repeat","background-position":"center center","background-size":"auto","background-attachment":"scroll","background-type":"","background-media":"","overlay-type":"","overlay-color":"","overlay-opacity":"","overlay-gradient":""}},"_jetpack_memberships_contains_paid_content":false,"_joinchat":[],"footnotes":""},"categories":[2],"tags":[4138,4140,4139,4134,4137,2951,1269,4135,4136],"class_list":["post-24381","post","type-post","status-publish","format-standard","has-post-thumbnail","hentry","category-villa-maria","tag-capacitaciones","tag-economia-social","tag-emprendimientos","tag-fuente","tag-iluminacion","tag-mejoras","tag-pintura","tag-plaza-de-las-americas","tag-refuncionalizacion"],"yoast_head":"<!-- This site is optimized with the Yoast SEO plugin v26.8 - https:\/\/yoast.com\/product\/yoast-seo-wordpress\/ -->\n<title>Optimizaron el funcionamiento de la fuente de la Plaza de las Am\u00e9ricas - El Regional<\/title>\n<meta name=\"robots\" content=\"index, follow, max-snippet:-1, max-image-preview:large, max-video-preview:-1\" \/>\n<link rel=\"canonical\" href=\"http:\/\/elregionalvm.com.ar\/noticias-villa-maria\/optimizaron-el-funcionamiento-de-la-fuente-de-la-plaza-de-las-americas\/\" \/>\n<meta property=\"og:locale\" content=\"es_ES\" \/>\n<meta property=\"og:type\" content=\"article\" \/>\n<meta property=\"og:title\" content=\"Optimizaron el funcionamiento de la fuente de la Plaza de las Am\u00e9ricas - El Regional\" \/>\n<meta property=\"og:description\" content=\"El municipio est\u00e1 llevando adelante un plan de intervenciones de refuncionalizaci\u00f3n en fuentes de la ciudad, en las que se realiza un trabajo integral que incluye tanto los aspectos relacionados con la circulaci\u00f3n del agua como con la iluminaci\u00f3n ornamental. La intervenci\u00f3n m\u00e1s reciente fue realizada por la Secretar\u00eda de Ambiente, Obras y Servicios P\u00fablicos [&hellip;]\" \/>\n<meta property=\"og:url\" content=\"http:\/\/elregionalvm.com.ar\/noticias-villa-maria\/optimizaron-el-funcionamiento-de-la-fuente-de-la-plaza-de-las-americas\/\" \/>\n<meta property=\"og:site_name\" content=\"El Regional\" \/>\n<meta property=\"article:publisher\" content=\"https:\/\/www.facebook.com\/elregionalvm\" \/>\n<meta property=\"article:published_time\" content=\"2020-09-22T22:42:05+00:00\" \/>\n<meta property=\"article:modified_time\" content=\"2020-09-22T22:42:06+00:00\" \/>\n<meta property=\"og:image\" content=\"http:\/\/elregionalvm.com.ar\/noticias-villa-maria\/wp-content\/uploads\/2020\/09\/Optimizaci\u00f3n-Fuente.jpg\" \/>\n\t<meta property=\"og:image:width\" content=\"1280\" \/>\n\t<meta property=\"og:image:height\" content=\"853\" \/>\n\t<meta property=\"og:image:type\" content=\"image\/jpeg\" \/>\n<meta name=\"author\" content=\"Contenidos El Regional\" \/>\n<meta name=\"twitter:card\" content=\"summary_large_image\" \/>\n<meta name=\"twitter:creator\" content=\"@elregionalvm1\" \/>\n<meta name=\"twitter:site\" content=\"@elregionalvm1\" \/>\n<meta name=\"twitter:label1\" content=\"Escrito por\" \/>\n\t<meta name=\"twitter:data1\" content=\"Contenidos El Regional\" \/>\n\t<meta name=\"twitter:label2\" content=\"Tiempo de lectura\" \/>\n\t<meta name=\"twitter:data2\" content=\"2 minutos\" \/>\n<script type=\"application\/ld+json\" class=\"yoast-schema-graph\">{\"@context\":\"https:\/\/schema.org\",\"@graph\":[{\"@type\":\"Article\",\"@id\":\"http:\/\/elregionalvm.com.ar\/noticias-villa-maria\/optimizaron-el-funcionamiento-de-la-fuente-de-la-plaza-de-las-americas\/#article\",\"isPartOf\":{\"@id\":\"http:\/\/elregionalvm.com.ar\/noticias-villa-maria\/optimizaron-el-funcionamiento-de-la-fuente-de-la-plaza-de-las-americas\/\"},\"author\":{\"name\":\"Contenidos El Regional\",\"@id\":\"http:\/\/elregionalvm.com.ar\/noticias-villa-maria\/#\/schema\/person\/a0fb9c422317faca23d50163151bc354\"},\"headline\":\"Optimizaron el funcionamiento de la fuente de la Plaza de las Am\u00e9ricas\",\"datePublished\":\"2020-09-22T22:42:05+00:00\",\"dateModified\":\"2020-09-22T22:42:06+00:00\",\"mainEntityOfPage\":{\"@id\":\"http:\/\/elregionalvm.com.ar\/noticias-villa-maria\/optimizaron-el-funcionamiento-de-la-fuente-de-la-plaza-de-las-americas\/\"},\"wordCount\":430,\"commentCount\":0,\"image\":{\"@id\":\"http:\/\/elregionalvm.com.ar\/noticias-villa-maria\/optimizaron-el-funcionamiento-de-la-fuente-de-la-plaza-de-las-americas\/#primaryimage\"},\"thumbnailUrl\":\"https:\/\/i0.wp.com\/elregionalvm.com.ar\/noticias-villa-maria\/wp-content\/uploads\/2020\/09\/Optimizaci%C3%B3n-Fuente.jpg?fit=1280%2C853&ssl=1\",\"keywords\":[\"Capacitaciones\",\"econom\u00eda social\",\"emprendimientos\",\"fuente\",\"iluminaci\u00f3n\",\"mejoras\",\"pintura\",\"Plaza de las Am\u00e9ricas\",\"refuncionalizaci\u00f3n\"],\"articleSection\":[\"Villa Mar\u00eda\"],\"inLanguage\":\"es\",\"potentialAction\":[{\"@type\":\"CommentAction\",\"name\":\"Comment\",\"target\":[\"http:\/\/elregionalvm.com.ar\/noticias-villa-maria\/optimizaron-el-funcionamiento-de-la-fuente-de-la-plaza-de-las-americas\/#respond\"]}]},{\"@type\":\"WebPage\",\"@id\":\"http:\/\/elregionalvm.com.ar\/noticias-villa-maria\/optimizaron-el-funcionamiento-de-la-fuente-de-la-plaza-de-las-americas\/\",\"url\":\"http:\/\/elregionalvm.com.ar\/noticias-villa-maria\/optimizaron-el-funcionamiento-de-la-fuente-de-la-plaza-de-las-americas\/\",\"name\":\"Optimizaron el funcionamiento de la fuente de la Plaza de las Am\u00e9ricas - El Regional\",\"isPartOf\":{\"@id\":\"http:\/\/elregionalvm.com.ar\/noticias-villa-maria\/#website\"},\"primaryImageOfPage\":{\"@id\":\"http:\/\/elregionalvm.com.ar\/noticias-villa-maria\/optimizaron-el-funcionamiento-de-la-fuente-de-la-plaza-de-las-americas\/#primaryimage\"},\"image\":{\"@id\":\"http:\/\/elregionalvm.com.ar\/noticias-villa-maria\/optimizaron-el-funcionamiento-de-la-fuente-de-la-plaza-de-las-americas\/#primaryimage\"},\"thumbnailUrl\":\"https:\/\/i0.wp.com\/elregionalvm.com.ar\/noticias-villa-maria\/wp-content\/uploads\/2020\/09\/Optimizaci%C3%B3n-Fuente.jpg?fit=1280%2C853&ssl=1\",\"datePublished\":\"2020-09-22T22:42:05+00:00\",\"dateModified\":\"2020-09-22T22:42:06+00:00\",\"author\":{\"@id\":\"http:\/\/elregionalvm.com.ar\/noticias-villa-maria\/#\/schema\/person\/a0fb9c422317faca23d50163151bc354\"},\"breadcrumb\":{\"@id\":\"http:\/\/elregionalvm.com.ar\/noticias-villa-maria\/optimizaron-el-funcionamiento-de-la-fuente-de-la-plaza-de-las-americas\/#breadcrumb\"},\"inLanguage\":\"es\",\"potentialAction\":[{\"@type\":\"ReadAction\",\"target\":[\"http:\/\/elregionalvm.com.ar\/noticias-villa-maria\/optimizaron-el-funcionamiento-de-la-fuente-de-la-plaza-de-las-americas\/\"]}]},{\"@type\":\"ImageObject\",\"inLanguage\":\"es\",\"@id\":\"http:\/\/elregionalvm.com.ar\/noticias-villa-maria\/optimizaron-el-funcionamiento-de-la-fuente-de-la-plaza-de-las-americas\/#primaryimage\",\"url\":\"https:\/\/i0.wp.com\/elregionalvm.com.ar\/noticias-villa-maria\/wp-content\/uploads\/2020\/09\/Optimizaci%C3%B3n-Fuente.jpg?fit=1280%2C853&ssl=1\",\"contentUrl\":\"https:\/\/i0.wp.com\/elregionalvm.com.ar\/noticias-villa-maria\/wp-content\/uploads\/2020\/09\/Optimizaci%C3%B3n-Fuente.jpg?fit=1280%2C853&ssl=1\",\"width\":1280,\"height\":853},{\"@type\":\"BreadcrumbList\",\"@id\":\"http:\/\/elregionalvm.com.ar\/noticias-villa-maria\/optimizaron-el-funcionamiento-de-la-fuente-de-la-plaza-de-las-americas\/#breadcrumb\",\"itemListElement\":[{\"@type\":\"ListItem\",\"position\":1,\"name\":\"Portada\",\"item\":\"https:\/\/elregionalvm.com.ar\/noticias-villa-maria\/\"},{\"@type\":\"ListItem\",\"position\":2,\"name\":\"Optimizaron el funcionamiento de la fuente de la Plaza de las Am\u00e9ricas\"}]},{\"@type\":\"WebSite\",\"@id\":\"http:\/\/elregionalvm.com.ar\/noticias-villa-maria\/#website\",\"url\":\"http:\/\/elregionalvm.com.ar\/noticias-villa-maria\/\",\"name\":\"El Regional\",\"description\":\"Mucho m\u00e1s que informaci\u00f3n\",\"potentialAction\":[{\"@type\":\"SearchAction\",\"target\":{\"@type\":\"EntryPoint\",\"urlTemplate\":\"http:\/\/elregionalvm.com.ar\/noticias-villa-maria\/?s={search_term_string}\"},\"query-input\":{\"@type\":\"PropertyValueSpecification\",\"valueRequired\":true,\"valueName\":\"search_term_string\"}}],\"inLanguage\":\"es\"},{\"@type\":\"Person\",\"@id\":\"http:\/\/elregionalvm.com.ar\/noticias-villa-maria\/#\/schema\/person\/a0fb9c422317faca23d50163151bc354\",\"name\":\"Contenidos El Regional\",\"image\":{\"@type\":\"ImageObject\",\"inLanguage\":\"es\",\"@id\":\"http:\/\/elregionalvm.com.ar\/noticias-villa-maria\/#\/schema\/person\/image\/\",\"url\":\"https:\/\/secure.gravatar.com\/avatar\/265b27cb2209af7bb3a1318f03305787d7981a5cc6e6cd08fe5a4ecdf99d4b48?s=96&d=mm&r=g\",\"contentUrl\":\"https:\/\/secure.gravatar.com\/avatar\/265b27cb2209af7bb3a1318f03305787d7981a5cc6e6cd08fe5a4ecdf99d4b48?s=96&d=mm&r=g\",\"caption\":\"Contenidos El Regional\"},\"url\":\"https:\/\/elregionalvm.com.ar\/noticias-villa-maria\/author\/contenido\/\"}]}<\/script>\n<!-- \/ Yoast SEO plugin. -->","yoast_head_json":{"title":"Optimizaron el funcionamiento de la fuente de la Plaza de las Am\u00e9ricas - El Regional","robots":{"index":"index","follow":"follow","max-snippet":"max-snippet:-1","max-image-preview":"max-image-preview:large","max-video-preview":"max-video-preview:-1"},"canonical":"http:\/\/elregionalvm.com.ar\/noticias-villa-maria\/optimizaron-el-funcionamiento-de-la-fuente-de-la-plaza-de-las-americas\/","og_locale":"es_ES","og_type":"article","og_title":"Optimizaron el funcionamiento de la fuente de la Plaza de las Am\u00e9ricas - El Regional","og_description":"El municipio est\u00e1 llevando adelante un plan de intervenciones de refuncionalizaci\u00f3n en fuentes de la ciudad, en las que se realiza un trabajo integral que incluye tanto los aspectos relacionados con la circulaci\u00f3n del agua como con la iluminaci\u00f3n ornamental. La intervenci\u00f3n m\u00e1s reciente fue realizada por la Secretar\u00eda de Ambiente, Obras y Servicios P\u00fablicos [&hellip;]","og_url":"http:\/\/elregionalvm.com.ar\/noticias-villa-maria\/optimizaron-el-funcionamiento-de-la-fuente-de-la-plaza-de-las-americas\/","og_site_name":"El Regional","article_publisher":"https:\/\/www.facebook.com\/elregionalvm","article_published_time":"2020-09-22T22:42:05+00:00","article_modified_time":"2020-09-22T22:42:06+00:00","og_image":[{"width":1280,"height":853,"url":"http:\/\/elregionalvm.com.ar\/noticias-villa-maria\/wp-content\/uploads\/2020\/09\/Optimizaci\u00f3n-Fuente.jpg","type":"image\/jpeg"}],"author":"Contenidos El Regional","twitter_card":"summary_large_image","twitter_creator":"@elregionalvm1","twitter_site":"@elregionalvm1","twitter_misc":{"Escrito por":"Contenidos El Regional","Tiempo de lectura":"2 minutos"},"schema":{"@context":"https:\/\/schema.org","@graph":[{"@type":"Article","@id":"http:\/\/elregionalvm.com.ar\/noticias-villa-maria\/optimizaron-el-funcionamiento-de-la-fuente-de-la-plaza-de-las-americas\/#article","isPartOf":{"@id":"http:\/\/elregionalvm.com.ar\/noticias-villa-maria\/optimizaron-el-funcionamiento-de-la-fuente-de-la-plaza-de-las-americas\/"},"author":{"name":"Contenidos El Regional","@id":"http:\/\/elregionalvm.com.ar\/noticias-villa-maria\/#\/schema\/person\/a0fb9c422317faca23d50163151bc354"},"headline":"Optimizaron el funcionamiento de la fuente de la Plaza de las Am\u00e9ricas","datePublished":"2020-09-22T22:42:05+00:00","dateModified":"2020-09-22T22:42:06+00:00","mainEntityOfPage":{"@id":"http:\/\/elregionalvm.com.ar\/noticias-villa-maria\/optimizaron-el-funcionamiento-de-la-fuente-de-la-plaza-de-las-americas\/"},"wordCount":430,"commentCount":0,"image":{"@id":"http:\/\/elregionalvm.com.ar\/noticias-villa-maria\/optimizaron-el-funcionamiento-de-la-fuente-de-la-plaza-de-las-americas\/#primaryimage"},"thumbnailUrl":"https:\/\/i0.wp.com\/elregionalvm.com.ar\/noticias-villa-maria\/wp-content\/uploads\/2020\/09\/Optimizaci%C3%B3n-Fuente.jpg?fit=1280%2C853&ssl=1","keywords":["Capacitaciones","econom\u00eda social","emprendimientos","fuente","iluminaci\u00f3n","mejoras","pintura","Plaza de las Am\u00e9ricas","refuncionalizaci\u00f3n"],"articleSection":["Villa Mar\u00eda"],"inLanguage":"es","potentialAction":[{"@type":"CommentAction","name":"Comment","target":["http:\/\/elregionalvm.com.ar\/noticias-villa-maria\/optimizaron-el-funcionamiento-de-la-fuente-de-la-plaza-de-las-americas\/#respond"]}]},{"@type":"WebPage","@id":"http:\/\/elregionalvm.com.ar\/noticias-villa-maria\/optimizaron-el-funcionamiento-de-la-fuente-de-la-plaza-de-las-americas\/","url":"http:\/\/elregionalvm.com.ar\/noticias-villa-maria\/optimizaron-el-funcionamiento-de-la-fuente-de-la-plaza-de-las-americas\/","name":"Optimizaron el funcionamiento de la fuente de la Plaza de las Am\u00e9ricas - El Regional","isPartOf":{"@id":"http:\/\/elregionalvm.com.ar\/noticias-villa-maria\/#website"},"primaryImageOfPage":{"@id":"http:\/\/elregionalvm.com.ar\/noticias-villa-maria\/optimizaron-el-funcionamiento-de-la-fuente-de-la-plaza-de-las-americas\/#primaryimage"},"image":{"@id":"http:\/\/elregionalvm.com.ar\/noticias-villa-maria\/optimizaron-el-funcionamiento-de-la-fuente-de-la-plaza-de-las-americas\/#primaryimage"},"thumbnailUrl":"https:\/\/i0.wp.com\/elregionalvm.com.ar\/noticias-villa-maria\/wp-content\/uploads\/2020\/09\/Optimizaci%C3%B3n-Fuente.jpg?fit=1280%2C853&ssl=1","datePublished":"2020-09-22T22:42:05+00:00","dateModified":"2020-09-22T22:42:06+00:00","author":{"@id":"http:\/\/elregionalvm.com.ar\/noticias-villa-maria\/#\/schema\/person\/a0fb9c422317faca23d50163151bc354"},"breadcrumb":{"@id":"http:\/\/elregionalvm.com.ar\/noticias-villa-maria\/optimizaron-el-funcionamiento-de-la-fuente-de-la-plaza-de-las-americas\/#breadcrumb"},"inLanguage":"es","potentialAction":[{"@type":"ReadAction","target":["http:\/\/elregionalvm.com.ar\/noticias-villa-maria\/optimizaron-el-funcionamiento-de-la-fuente-de-la-plaza-de-las-americas\/"]}]},{"@type":"ImageObject","inLanguage":"es","@id":"http:\/\/elregionalvm.com.ar\/noticias-villa-maria\/optimizaron-el-funcionamiento-de-la-fuente-de-la-plaza-de-las-americas\/#primaryimage","url":"https:\/\/i0.wp.com\/elregionalvm.com.ar\/noticias-villa-maria\/wp-content\/uploads\/2020\/09\/Optimizaci%C3%B3n-Fuente.jpg?fit=1280%2C853&ssl=1","contentUrl":"https:\/\/i0.wp.com\/elregionalvm.com.ar\/noticias-villa-maria\/wp-content\/uploads\/2020\/09\/Optimizaci%C3%B3n-Fuente.jpg?fit=1280%2C853&ssl=1","width":1280,"height":853},{"@type":"BreadcrumbList","@id":"http:\/\/elregionalvm.com.ar\/noticias-villa-maria\/optimizaron-el-funcionamiento-de-la-fuente-de-la-plaza-de-las-americas\/#breadcrumb","itemListElement":[{"@type":"ListItem","position":1,"name":"Portada","item":"https:\/\/elregionalvm.com.ar\/noticias-villa-maria\/"},{"@type":"ListItem","position":2,"name":"Optimizaron el funcionamiento de la fuente de la Plaza de las Am\u00e9ricas"}]},{"@type":"WebSite","@id":"http:\/\/elregionalvm.com.ar\/noticias-villa-maria\/#website","url":"http:\/\/elregionalvm.com.ar\/noticias-villa-maria\/","name":"El Regional","description":"Mucho m\u00e1s que informaci\u00f3n","potentialAction":[{"@type":"SearchAction","target":{"@type":"EntryPoint","urlTemplate":"http:\/\/elregionalvm.com.ar\/noticias-villa-maria\/?s={search_term_string}"},"query-input":{"@type":"PropertyValueSpecification","valueRequired":true,"valueName":"search_term_string"}}],"inLanguage":"es"},{"@type":"Person","@id":"http:\/\/elregionalvm.com.ar\/noticias-villa-maria\/#\/schema\/person\/a0fb9c422317faca23d50163151bc354","name":"Contenidos El Regional","image":{"@type":"ImageObject","inLanguage":"es","@id":"http:\/\/elregionalvm.com.ar\/noticias-villa-maria\/#\/schema\/person\/image\/","url":"https:\/\/secure.gravatar.com\/avatar\/265b27cb2209af7bb3a1318f03305787d7981a5cc6e6cd08fe5a4ecdf99d4b48?s=96&d=mm&r=g","contentUrl":"https:\/\/secure.gravatar.com\/avatar\/265b27cb2209af7bb3a1318f03305787d7981a5cc6e6cd08fe5a4ecdf99d4b48?s=96&d=mm&r=g","caption":"Contenidos El Regional"},"url":"https:\/\/elregionalvm.com.ar\/noticias-villa-maria\/author\/contenido\/"}]}},"jetpack_featured_media_url":"https:\/\/i0.wp.com\/elregionalvm.com.ar\/noticias-villa-maria\/wp-content\/uploads\/2020\/09\/Optimizaci%C3%B3n-Fuente.jpg?fit=1280%2C853&ssl=1","jetpack_sharing_enabled":true,"_links":{"self":[{"href":"https:\/\/elregionalvm.com.ar\/noticias-villa-maria\/wp-json\/wp\/v2\/posts\/24381","targetHints":{"allow":["GET"]}}],"collection":[{"href":"https:\/\/elregionalvm.com.ar\/noticias-villa-maria\/wp-json\/wp\/v2\/posts"}],"about":[{"href":"https:\/\/elregionalvm.com.ar\/noticias-villa-maria\/wp-json\/wp\/v2\/types\/post"}],"author":[{"embeddable":true,"href":"https:\/\/elregionalvm.com.ar\/noticias-villa-maria\/wp-json\/wp\/v2\/users\/4"}],"replies":[{"embeddable":true,"href":"https:\/\/elregionalvm.com.ar\/noticias-villa-maria\/wp-json\/wp\/v2\/comments?post=24381"}],"version-history":[{"count":1,"href":"https:\/\/elregionalvm.com.ar\/noticias-villa-maria\/wp-json\/wp\/v2\/posts\/24381\/revisions"}],"predecessor-version":[{"id":24383,"href":"https:\/\/elregionalvm.com.ar\/noticias-villa-maria\/wp-json\/wp\/v2\/posts\/24381\/revisions\/24383"}],"wp:featuredmedia":[{"embeddable":true,"href":"https:\/\/elregionalvm.com.ar\/noticias-villa-maria\/wp-json\/wp\/v2\/media\/24382"}],"wp:attachment":[{"href":"https:\/\/elregionalvm.com.ar\/noticias-villa-maria\/wp-json\/wp\/v2\/media?parent=24381"}],"wp:term":[{"taxonomy":"category","embeddable":true,"href":"https:\/\/elregionalvm.com.ar\/noticias-villa-maria\/wp-json\/wp\/v2\/categories?post=24381"},{"taxonomy":"post_tag","embeddable":true,"href":"https:\/\/elregionalvm.com.ar\/noticias-villa-maria\/wp-json\/wp\/v2\/tags?post=24381"}],"curies":[{"name":"wp","href":"https:\/\/api.w.org\/{rel}","templated":true}]}}