{"id":24384,"date":"2020-09-22T23:06:01","date_gmt":"2020-09-22T23:06:01","guid":{"rendered":"https:\/\/elregionalvm.com.ar\/noticias-villa-maria\/?p=24384"},"modified":"2020-09-23T01:24:02","modified_gmt":"2020-09-23T01:24:02","slug":"pese-al-cambio-efectuado-en-villa-maria-villa-nueva-fijo-horario-de-atencion-solo-de-8-a-20","status":"publish","type":"post","link":"https:\/\/elregionalvm.com.ar\/noticias-villa-maria\/pese-al-cambio-efectuado-en-villa-maria-villa-nueva-fijo-horario-de-atencion-solo-de-8-a-20\/","title":{"rendered":"Pese al cambio efectuado en Villa Mar\u00eda, Villa Nueva fij\u00f3 horario de atenci\u00f3n s\u00f3lo de 8 a 20"},"content":{"rendered":"\n<p>El intendente, Natalio Graglia, firm\u00f3 esta ma\u00f1ana el decreto 682\/20, en el cual se brinda el nuevo marco regulatorio para todas las actividades comerciales, administrativas, culturales, gastron\u00f3micas, deportivas, recreativas y cualquier otra que pudiere desarrollarse de manera individual o colectiva, que no sean consideradas esenciales. Las cuales s\u00f3lo podr\u00e1n llevarse a cabo de 8 a 20.<\/p>\n\n\n\n<p>La misma normativa, establece que en el caso de restobares, comedores y restoranes, podr\u00e1n extender la atenci\u00f3n al p\u00fablico hasta las 23. Para el caso de rotiser\u00edas y elaboraci\u00f3n de alimentos y\/o comida para llevar, tambi\u00e9n podr\u00e1n extender su apertura comercial hasta las 23, pero en este caso, de 20 a 23 s\u00f3lo podr\u00e1n trabajar en la modalidad delivery y take away.<\/p>\n\n\n\n<p>Para el caso de la pr\u00e1ctica deportiva, cultural, art\u00edstica y recreativa, s\u00f3lo se podr\u00e1 realizar en el horario de 8 a 20.<\/p>\n\n\n\n<p>Por \u00faltimo, se estableci\u00f3 que en todos los espacios cerrados en los que se realicen actividades autorizadas, se deber\u00e1 respetar el factor ocupacional del 50 por ciento. As\u00ed como tambi\u00e9n el cumplimiento de los protocolos de bioseguridad exigidos.<\/p>\n\n\n\n<p>Dicho decreto entr\u00f3 en vigencia a partir de hoy mismo, y hasta el pr\u00f3ximo domingo.<\/p>\n\n\n\n<p><strong>Voluntarios del Municipio recorren a los barrios para hacer una encuesta socio-ambiental<\/strong><\/p>\n\n\n\n<p>Voluntarios de la secretar\u00eda de Relaciones Institucionales llevan adelante un relevamiento socio-ambiental en distintos puntos de la ciudad, con la finalidad de acercar a la ciudad nuevos programas nacionales en marco del plan \u201cArgentina contra el hambre\u201d.<\/p>\n\n\n\n<p>En los \u00faltimos d\u00edas, personal que forma parte de la secretar\u00eda de Relaciones Institucionales y Pol\u00edticas Sociales viene recorriendo distintos barrios de la ciudad, en donde se realizan entrevistas a vecinos, para interiorizarse sobre cuestiones habitacionales y sociales. Dicho relevamiento ser\u00e1 enviado luego a la Naci\u00f3n, en busca de sumar beneficios del Plan Argentina Contra el Hambre a nuestra ciudad.<\/p>\n","protected":false},"excerpt":{"rendered":"<p>El intendente, Natalio Graglia, firm\u00f3 esta ma\u00f1ana el decreto 682\/20, en el cual se brinda el nuevo marco regulatorio para todas las actividades comerciales, administrativas, culturales, gastron\u00f3micas, deportivas, recreativas y cualquier otra que pudiere desarrollarse de manera individual o colectiva, que no sean consideradas esenciales. Las cuales s\u00f3lo podr\u00e1n llevarse a cabo de 8 a [&hellip;]<\/p>\n","protected":false},"author":4,"featured_media":24385,"comment_status":"open","ping_status":"open","sticky":false,"template":"","format":"standard","meta":{"site-sidebar-layout":"default","site-content-layout":"default","ast-site-content-layout":"default","site-content-style":"default","site-sidebar-style":"default","ast-global-header-display":"","ast-banner-title-visibility":"","ast-main-header-display":"","ast-hfb-above-header-display":"","ast-hfb-below-header-display":"","ast-hfb-mobile-header-display":"","site-post-title":"","ast-breadcrumbs-content":"","ast-featured-img":"","footer-sml-layout":"","ast-disable-related-posts":"","theme-transparent-header-meta":"default","adv-header-id-meta":"","stick-header-meta":"","header-above-stick-meta":"","header-main-stick-meta":"","header-below-stick-meta":"","astra-migrate-meta-layouts":"default","ast-page-background-enabled":"default","ast-page-background-meta":{"desktop":{"background-color":"","background-image":"","background-repeat":"repeat","background-position":"center center","background-size":"auto","background-attachment":"scroll","background-type":"","background-media":"","overlay-type":"","overlay-color":"","overlay-opacity":"","overlay-gradient":""},"tablet":{"background-color":"","background-image":"","background-repeat":"repeat","background-position":"center center","background-size":"auto","background-attachment":"scroll","background-type":"","background-media":"","overlay-type":"","overlay-color":"","overlay-opacity":"","overlay-gradient":""},"mobile":{"background-color":"","background-image":"","background-repeat":"repeat","background-position":"center center","background-size":"auto","background-attachment":"scroll","background-type":"","background-media":"","overlay-type":"","overlay-color":"","overlay-opacity":"","overlay-gradient":""}},"ast-content-background-meta":{"desktop":{"background-color":"var(--ast-global-color-5)","background-image":"","background-repeat":"repeat","background-position":"center center","background-size":"auto","background-attachment":"scroll","background-type":"","background-media":"","overlay-type":"","overlay-color":"","overlay-opacity":"","overlay-gradient":""},"tablet":{"background-color":"var(--ast-global-color-5)","background-image":"","background-repeat":"repeat","background-position":"center center","background-size":"auto","background-attachment":"scroll","background-type":"","background-media":"","overlay-type":"","overlay-color":"","overlay-opacity":"","overlay-gradient":""},"mobile":{"background-color":"var(--ast-global-color-5)","background-image":"","background-repeat":"repeat","background-position":"center center","background-size":"auto","background-attachment":"scroll","background-type":"","background-media":"","overlay-type":"","overlay-color":"","overlay-opacity":"","overlay-gradient":""}},"_jetpack_memberships_contains_paid_content":false,"_joinchat":[],"footnotes":""},"categories":[1408],"tags":[4144,3574,1232,4143,2220,4142,232],"class_list":["post-24384","post","type-post","status-publish","format-standard","has-post-thumbnail","hentry","category-villa-nueva","tag-argentina-contra-el-hambre","tag-decreto","tag-destacado","tag-encuesta-socio-ambiental","tag-horario-comercial","tag-nueva-medida","tag-villa-nueva"],"yoast_head":"<!-- This site is optimized with the Yoast SEO plugin v26.8 - https:\/\/yoast.com\/product\/yoast-seo-wordpress\/ -->\n<title>Pese al cambio efectuado en Villa Mar\u00eda, Villa Nueva fij\u00f3 horario de atenci\u00f3n s\u00f3lo de 8 a 20 - El Regional<\/title>\n<meta name=\"robots\" content=\"index, follow, max-snippet:-1, max-image-preview:large, max-video-preview:-1\" \/>\n<link rel=\"canonical\" href=\"http:\/\/elregionalvm.com.ar\/noticias-villa-maria\/pese-al-cambio-efectuado-en-villa-maria-villa-nueva-fijo-horario-de-atencion-solo-de-8-a-20\/\" \/>\n<meta property=\"og:locale\" content=\"es_ES\" \/>\n<meta property=\"og:type\" content=\"article\" \/>\n<meta property=\"og:title\" content=\"Pese al cambio efectuado en Villa Mar\u00eda, Villa Nueva fij\u00f3 horario de atenci\u00f3n s\u00f3lo de 8 a 20 - El Regional\" \/>\n<meta property=\"og:description\" content=\"El intendente, Natalio Graglia, firm\u00f3 esta ma\u00f1ana el decreto 682\/20, en el cual se brinda el nuevo marco regulatorio para todas las actividades comerciales, administrativas, culturales, gastron\u00f3micas, deportivas, recreativas y cualquier otra que pudiere desarrollarse de manera individual o colectiva, que no sean consideradas esenciales. Las cuales s\u00f3lo podr\u00e1n llevarse a cabo de 8 a [&hellip;]\" \/>\n<meta property=\"og:url\" content=\"http:\/\/elregionalvm.com.ar\/noticias-villa-maria\/pese-al-cambio-efectuado-en-villa-maria-villa-nueva-fijo-horario-de-atencion-solo-de-8-a-20\/\" \/>\n<meta property=\"og:site_name\" content=\"El Regional\" \/>\n<meta property=\"article:publisher\" content=\"https:\/\/www.facebook.com\/elregionalvm\" \/>\n<meta property=\"article:published_time\" content=\"2020-09-22T23:06:01+00:00\" \/>\n<meta property=\"article:modified_time\" content=\"2020-09-23T01:24:02+00:00\" \/>\n<meta property=\"og:image\" content=\"http:\/\/elregionalvm.com.ar\/noticias-villa-maria\/wp-content\/uploads\/2020\/09\/relevamiento-1.jpeg\" \/>\n\t<meta property=\"og:image:width\" content=\"1032\" \/>\n\t<meta property=\"og:image:height\" content=\"477\" \/>\n\t<meta property=\"og:image:type\" content=\"image\/jpeg\" \/>\n<meta name=\"author\" content=\"Contenidos El Regional\" \/>\n<meta name=\"twitter:card\" content=\"summary_large_image\" \/>\n<meta name=\"twitter:creator\" content=\"@elregionalvm1\" \/>\n<meta name=\"twitter:site\" content=\"@elregionalvm1\" \/>\n<meta name=\"twitter:label1\" content=\"Escrito por\" \/>\n\t<meta name=\"twitter:data1\" content=\"Contenidos El Regional\" \/>\n\t<meta name=\"twitter:label2\" content=\"Tiempo de lectura\" \/>\n\t<meta name=\"twitter:data2\" content=\"2 minutos\" \/>\n<script type=\"application\/ld+json\" class=\"yoast-schema-graph\">{\"@context\":\"https:\/\/schema.org\",\"@graph\":[{\"@type\":\"Article\",\"@id\":\"http:\/\/elregionalvm.com.ar\/noticias-villa-maria\/pese-al-cambio-efectuado-en-villa-maria-villa-nueva-fijo-horario-de-atencion-solo-de-8-a-20\/#article\",\"isPartOf\":{\"@id\":\"http:\/\/elregionalvm.com.ar\/noticias-villa-maria\/pese-al-cambio-efectuado-en-villa-maria-villa-nueva-fijo-horario-de-atencion-solo-de-8-a-20\/\"},\"author\":{\"name\":\"Contenidos El Regional\",\"@id\":\"http:\/\/elregionalvm.com.ar\/noticias-villa-maria\/#\/schema\/person\/a0fb9c422317faca23d50163151bc354\"},\"headline\":\"Pese al cambio efectuado en Villa Mar\u00eda, Villa Nueva fij\u00f3 horario de atenci\u00f3n s\u00f3lo de 8 a 20\",\"datePublished\":\"2020-09-22T23:06:01+00:00\",\"dateModified\":\"2020-09-23T01:24:02+00:00\",\"mainEntityOfPage\":{\"@id\":\"http:\/\/elregionalvm.com.ar\/noticias-villa-maria\/pese-al-cambio-efectuado-en-villa-maria-villa-nueva-fijo-horario-de-atencion-solo-de-8-a-20\/\"},\"wordCount\":335,\"commentCount\":0,\"image\":{\"@id\":\"http:\/\/elregionalvm.com.ar\/noticias-villa-maria\/pese-al-cambio-efectuado-en-villa-maria-villa-nueva-fijo-horario-de-atencion-solo-de-8-a-20\/#primaryimage\"},\"thumbnailUrl\":\"https:\/\/i0.wp.com\/elregionalvm.com.ar\/noticias-villa-maria\/wp-content\/uploads\/2020\/09\/relevamiento-1.jpeg?fit=1032%2C477&ssl=1\",\"keywords\":[\"Argentina contra el hambre\",\"decreto\",\"destacado\",\"encuesta socio-ambiental\",\"Horario comercial\",\"nueva medida\",\"VILLA NUEVA\"],\"articleSection\":[\"Villa Nueva\"],\"inLanguage\":\"es\",\"potentialAction\":[{\"@type\":\"CommentAction\",\"name\":\"Comment\",\"target\":[\"http:\/\/elregionalvm.com.ar\/noticias-villa-maria\/pese-al-cambio-efectuado-en-villa-maria-villa-nueva-fijo-horario-de-atencion-solo-de-8-a-20\/#respond\"]}]},{\"@type\":\"WebPage\",\"@id\":\"http:\/\/elregionalvm.com.ar\/noticias-villa-maria\/pese-al-cambio-efectuado-en-villa-maria-villa-nueva-fijo-horario-de-atencion-solo-de-8-a-20\/\",\"url\":\"http:\/\/elregionalvm.com.ar\/noticias-villa-maria\/pese-al-cambio-efectuado-en-villa-maria-villa-nueva-fijo-horario-de-atencion-solo-de-8-a-20\/\",\"name\":\"Pese al cambio efectuado en Villa Mar\u00eda, Villa Nueva fij\u00f3 horario de atenci\u00f3n s\u00f3lo de 8 a 20 - El Regional\",\"isPartOf\":{\"@id\":\"http:\/\/elregionalvm.com.ar\/noticias-villa-maria\/#website\"},\"primaryImageOfPage\":{\"@id\":\"http:\/\/elregionalvm.com.ar\/noticias-villa-maria\/pese-al-cambio-efectuado-en-villa-maria-villa-nueva-fijo-horario-de-atencion-solo-de-8-a-20\/#primaryimage\"},\"image\":{\"@id\":\"http:\/\/elregionalvm.com.ar\/noticias-villa-maria\/pese-al-cambio-efectuado-en-villa-maria-villa-nueva-fijo-horario-de-atencion-solo-de-8-a-20\/#primaryimage\"},\"thumbnailUrl\":\"https:\/\/i0.wp.com\/elregionalvm.com.ar\/noticias-villa-maria\/wp-content\/uploads\/2020\/09\/relevamiento-1.jpeg?fit=1032%2C477&ssl=1\",\"datePublished\":\"2020-09-22T23:06:01+00:00\",\"dateModified\":\"2020-09-23T01:24:02+00:00\",\"author\":{\"@id\":\"http:\/\/elregionalvm.com.ar\/noticias-villa-maria\/#\/schema\/person\/a0fb9c422317faca23d50163151bc354\"},\"breadcrumb\":{\"@id\":\"http:\/\/elregionalvm.com.ar\/noticias-villa-maria\/pese-al-cambio-efectuado-en-villa-maria-villa-nueva-fijo-horario-de-atencion-solo-de-8-a-20\/#breadcrumb\"},\"inLanguage\":\"es\",\"potentialAction\":[{\"@type\":\"ReadAction\",\"target\":[\"http:\/\/elregionalvm.com.ar\/noticias-villa-maria\/pese-al-cambio-efectuado-en-villa-maria-villa-nueva-fijo-horario-de-atencion-solo-de-8-a-20\/\"]}]},{\"@type\":\"ImageObject\",\"inLanguage\":\"es\",\"@id\":\"http:\/\/elregionalvm.com.ar\/noticias-villa-maria\/pese-al-cambio-efectuado-en-villa-maria-villa-nueva-fijo-horario-de-atencion-solo-de-8-a-20\/#primaryimage\",\"url\":\"https:\/\/i0.wp.com\/elregionalvm.com.ar\/noticias-villa-maria\/wp-content\/uploads\/2020\/09\/relevamiento-1.jpeg?fit=1032%2C477&ssl=1\",\"contentUrl\":\"https:\/\/i0.wp.com\/elregionalvm.com.ar\/noticias-villa-maria\/wp-content\/uploads\/2020\/09\/relevamiento-1.jpeg?fit=1032%2C477&ssl=1\",\"width\":1032,\"height\":477},{\"@type\":\"BreadcrumbList\",\"@id\":\"http:\/\/elregionalvm.com.ar\/noticias-villa-maria\/pese-al-cambio-efectuado-en-villa-maria-villa-nueva-fijo-horario-de-atencion-solo-de-8-a-20\/#breadcrumb\",\"itemListElement\":[{\"@type\":\"ListItem\",\"position\":1,\"name\":\"Portada\",\"item\":\"https:\/\/elregionalvm.com.ar\/noticias-villa-maria\/\"},{\"@type\":\"ListItem\",\"position\":2,\"name\":\"Pese al cambio efectuado en Villa Mar\u00eda, Villa Nueva fij\u00f3 horario de atenci\u00f3n s\u00f3lo de 8 a 20\"}]},{\"@type\":\"WebSite\",\"@id\":\"http:\/\/elregionalvm.com.ar\/noticias-villa-maria\/#website\",\"url\":\"http:\/\/elregionalvm.com.ar\/noticias-villa-maria\/\",\"name\":\"El Regional\",\"description\":\"Mucho m\u00e1s que informaci\u00f3n\",\"potentialAction\":[{\"@type\":\"SearchAction\",\"target\":{\"@type\":\"EntryPoint\",\"urlTemplate\":\"http:\/\/elregionalvm.com.ar\/noticias-villa-maria\/?s={search_term_string}\"},\"query-input\":{\"@type\":\"PropertyValueSpecification\",\"valueRequired\":true,\"valueName\":\"search_term_string\"}}],\"inLanguage\":\"es\"},{\"@type\":\"Person\",\"@id\":\"http:\/\/elregionalvm.com.ar\/noticias-villa-maria\/#\/schema\/person\/a0fb9c422317faca23d50163151bc354\",\"name\":\"Contenidos El Regional\",\"image\":{\"@type\":\"ImageObject\",\"inLanguage\":\"es\",\"@id\":\"http:\/\/elregionalvm.com.ar\/noticias-villa-maria\/#\/schema\/person\/image\/\",\"url\":\"https:\/\/secure.gravatar.com\/avatar\/265b27cb2209af7bb3a1318f03305787d7981a5cc6e6cd08fe5a4ecdf99d4b48?s=96&d=mm&r=g\",\"contentUrl\":\"https:\/\/secure.gravatar.com\/avatar\/265b27cb2209af7bb3a1318f03305787d7981a5cc6e6cd08fe5a4ecdf99d4b48?s=96&d=mm&r=g\",\"caption\":\"Contenidos El Regional\"},\"url\":\"https:\/\/elregionalvm.com.ar\/noticias-villa-maria\/author\/contenido\/\"}]}<\/script>\n<!-- \/ Yoast SEO plugin. -->","yoast_head_json":{"title":"Pese al cambio efectuado en Villa Mar\u00eda, Villa Nueva fij\u00f3 horario de atenci\u00f3n s\u00f3lo de 8 a 20 - El Regional","robots":{"index":"index","follow":"follow","max-snippet":"max-snippet:-1","max-image-preview":"max-image-preview:large","max-video-preview":"max-video-preview:-1"},"canonical":"http:\/\/elregionalvm.com.ar\/noticias-villa-maria\/pese-al-cambio-efectuado-en-villa-maria-villa-nueva-fijo-horario-de-atencion-solo-de-8-a-20\/","og_locale":"es_ES","og_type":"article","og_title":"Pese al cambio efectuado en Villa Mar\u00eda, Villa Nueva fij\u00f3 horario de atenci\u00f3n s\u00f3lo de 8 a 20 - El Regional","og_description":"El intendente, Natalio Graglia, firm\u00f3 esta ma\u00f1ana el decreto 682\/20, en el cual se brinda el nuevo marco regulatorio para todas las actividades comerciales, administrativas, culturales, gastron\u00f3micas, deportivas, recreativas y cualquier otra que pudiere desarrollarse de manera individual o colectiva, que no sean consideradas esenciales. Las cuales s\u00f3lo podr\u00e1n llevarse a cabo de 8 a [&hellip;]","og_url":"http:\/\/elregionalvm.com.ar\/noticias-villa-maria\/pese-al-cambio-efectuado-en-villa-maria-villa-nueva-fijo-horario-de-atencion-solo-de-8-a-20\/","og_site_name":"El Regional","article_publisher":"https:\/\/www.facebook.com\/elregionalvm","article_published_time":"2020-09-22T23:06:01+00:00","article_modified_time":"2020-09-23T01:24:02+00:00","og_image":[{"width":1032,"height":477,"url":"http:\/\/elregionalvm.com.ar\/noticias-villa-maria\/wp-content\/uploads\/2020\/09\/relevamiento-1.jpeg","type":"image\/jpeg"}],"author":"Contenidos El Regional","twitter_card":"summary_large_image","twitter_creator":"@elregionalvm1","twitter_site":"@elregionalvm1","twitter_misc":{"Escrito por":"Contenidos El Regional","Tiempo de lectura":"2 minutos"},"schema":{"@context":"https:\/\/schema.org","@graph":[{"@type":"Article","@id":"http:\/\/elregionalvm.com.ar\/noticias-villa-maria\/pese-al-cambio-efectuado-en-villa-maria-villa-nueva-fijo-horario-de-atencion-solo-de-8-a-20\/#article","isPartOf":{"@id":"http:\/\/elregionalvm.com.ar\/noticias-villa-maria\/pese-al-cambio-efectuado-en-villa-maria-villa-nueva-fijo-horario-de-atencion-solo-de-8-a-20\/"},"author":{"name":"Contenidos El Regional","@id":"http:\/\/elregionalvm.com.ar\/noticias-villa-maria\/#\/schema\/person\/a0fb9c422317faca23d50163151bc354"},"headline":"Pese al cambio efectuado en Villa Mar\u00eda, Villa Nueva fij\u00f3 horario de atenci\u00f3n s\u00f3lo de 8 a 20","datePublished":"2020-09-22T23:06:01+00:00","dateModified":"2020-09-23T01:24:02+00:00","mainEntityOfPage":{"@id":"http:\/\/elregionalvm.com.ar\/noticias-villa-maria\/pese-al-cambio-efectuado-en-villa-maria-villa-nueva-fijo-horario-de-atencion-solo-de-8-a-20\/"},"wordCount":335,"commentCount":0,"image":{"@id":"http:\/\/elregionalvm.com.ar\/noticias-villa-maria\/pese-al-cambio-efectuado-en-villa-maria-villa-nueva-fijo-horario-de-atencion-solo-de-8-a-20\/#primaryimage"},"thumbnailUrl":"https:\/\/i0.wp.com\/elregionalvm.com.ar\/noticias-villa-maria\/wp-content\/uploads\/2020\/09\/relevamiento-1.jpeg?fit=1032%2C477&ssl=1","keywords":["Argentina contra el hambre","decreto","destacado","encuesta socio-ambiental","Horario comercial","nueva medida","VILLA NUEVA"],"articleSection":["Villa Nueva"],"inLanguage":"es","potentialAction":[{"@type":"CommentAction","name":"Comment","target":["http:\/\/elregionalvm.com.ar\/noticias-villa-maria\/pese-al-cambio-efectuado-en-villa-maria-villa-nueva-fijo-horario-de-atencion-solo-de-8-a-20\/#respond"]}]},{"@type":"WebPage","@id":"http:\/\/elregionalvm.com.ar\/noticias-villa-maria\/pese-al-cambio-efectuado-en-villa-maria-villa-nueva-fijo-horario-de-atencion-solo-de-8-a-20\/","url":"http:\/\/elregionalvm.com.ar\/noticias-villa-maria\/pese-al-cambio-efectuado-en-villa-maria-villa-nueva-fijo-horario-de-atencion-solo-de-8-a-20\/","name":"Pese al cambio efectuado en Villa Mar\u00eda, Villa Nueva fij\u00f3 horario de atenci\u00f3n s\u00f3lo de 8 a 20 - El Regional","isPartOf":{"@id":"http:\/\/elregionalvm.com.ar\/noticias-villa-maria\/#website"},"primaryImageOfPage":{"@id":"http:\/\/elregionalvm.com.ar\/noticias-villa-maria\/pese-al-cambio-efectuado-en-villa-maria-villa-nueva-fijo-horario-de-atencion-solo-de-8-a-20\/#primaryimage"},"image":{"@id":"http:\/\/elregionalvm.com.ar\/noticias-villa-maria\/pese-al-cambio-efectuado-en-villa-maria-villa-nueva-fijo-horario-de-atencion-solo-de-8-a-20\/#primaryimage"},"thumbnailUrl":"https:\/\/i0.wp.com\/elregionalvm.com.ar\/noticias-villa-maria\/wp-content\/uploads\/2020\/09\/relevamiento-1.jpeg?fit=1032%2C477&ssl=1","datePublished":"2020-09-22T23:06:01+00:00","dateModified":"2020-09-23T01:24:02+00:00","author":{"@id":"http:\/\/elregionalvm.com.ar\/noticias-villa-maria\/#\/schema\/person\/a0fb9c422317faca23d50163151bc354"},"breadcrumb":{"@id":"http:\/\/elregionalvm.com.ar\/noticias-villa-maria\/pese-al-cambio-efectuado-en-villa-maria-villa-nueva-fijo-horario-de-atencion-solo-de-8-a-20\/#breadcrumb"},"inLanguage":"es","potentialAction":[{"@type":"ReadAction","target":["http:\/\/elregionalvm.com.ar\/noticias-villa-maria\/pese-al-cambio-efectuado-en-villa-maria-villa-nueva-fijo-horario-de-atencion-solo-de-8-a-20\/"]}]},{"@type":"ImageObject","inLanguage":"es","@id":"http:\/\/elregionalvm.com.ar\/noticias-villa-maria\/pese-al-cambio-efectuado-en-villa-maria-villa-nueva-fijo-horario-de-atencion-solo-de-8-a-20\/#primaryimage","url":"https:\/\/i0.wp.com\/elregionalvm.com.ar\/noticias-villa-maria\/wp-content\/uploads\/2020\/09\/relevamiento-1.jpeg?fit=1032%2C477&ssl=1","contentUrl":"https:\/\/i0.wp.com\/elregionalvm.com.ar\/noticias-villa-maria\/wp-content\/uploads\/2020\/09\/relevamiento-1.jpeg?fit=1032%2C477&ssl=1","width":1032,"height":477},{"@type":"BreadcrumbList","@id":"http:\/\/elregionalvm.com.ar\/noticias-villa-maria\/pese-al-cambio-efectuado-en-villa-maria-villa-nueva-fijo-horario-de-atencion-solo-de-8-a-20\/#breadcrumb","itemListElement":[{"@type":"ListItem","position":1,"name":"Portada","item":"https:\/\/elregionalvm.com.ar\/noticias-villa-maria\/"},{"@type":"ListItem","position":2,"name":"Pese al cambio efectuado en Villa Mar\u00eda, Villa Nueva fij\u00f3 horario de atenci\u00f3n s\u00f3lo de 8 a 20"}]},{"@type":"WebSite","@id":"http:\/\/elregionalvm.com.ar\/noticias-villa-maria\/#website","url":"http:\/\/elregionalvm.com.ar\/noticias-villa-maria\/","name":"El Regional","description":"Mucho m\u00e1s que informaci\u00f3n","potentialAction":[{"@type":"SearchAction","target":{"@type":"EntryPoint","urlTemplate":"http:\/\/elregionalvm.com.ar\/noticias-villa-maria\/?s={search_term_string}"},"query-input":{"@type":"PropertyValueSpecification","valueRequired":true,"valueName":"search_term_string"}}],"inLanguage":"es"},{"@type":"Person","@id":"http:\/\/elregionalvm.com.ar\/noticias-villa-maria\/#\/schema\/person\/a0fb9c422317faca23d50163151bc354","name":"Contenidos El Regional","image":{"@type":"ImageObject","inLanguage":"es","@id":"http:\/\/elregionalvm.com.ar\/noticias-villa-maria\/#\/schema\/person\/image\/","url":"https:\/\/secure.gravatar.com\/avatar\/265b27cb2209af7bb3a1318f03305787d7981a5cc6e6cd08fe5a4ecdf99d4b48?s=96&d=mm&r=g","contentUrl":"https:\/\/secure.gravatar.com\/avatar\/265b27cb2209af7bb3a1318f03305787d7981a5cc6e6cd08fe5a4ecdf99d4b48?s=96&d=mm&r=g","caption":"Contenidos El Regional"},"url":"https:\/\/elregionalvm.com.ar\/noticias-villa-maria\/author\/contenido\/"}]}},"jetpack_featured_media_url":"https:\/\/i0.wp.com\/elregionalvm.com.ar\/noticias-villa-maria\/wp-content\/uploads\/2020\/09\/relevamiento-1.jpeg?fit=1032%2C477&ssl=1","jetpack_sharing_enabled":true,"_links":{"self":[{"href":"https:\/\/elregionalvm.com.ar\/noticias-villa-maria\/wp-json\/wp\/v2\/posts\/24384","targetHints":{"allow":["GET"]}}],"collection":[{"href":"https:\/\/elregionalvm.com.ar\/noticias-villa-maria\/wp-json\/wp\/v2\/posts"}],"about":[{"href":"https:\/\/elregionalvm.com.ar\/noticias-villa-maria\/wp-json\/wp\/v2\/types\/post"}],"author":[{"embeddable":true,"href":"https:\/\/elregionalvm.com.ar\/noticias-villa-maria\/wp-json\/wp\/v2\/users\/4"}],"replies":[{"embeddable":true,"href":"https:\/\/elregionalvm.com.ar\/noticias-villa-maria\/wp-json\/wp\/v2\/comments?post=24384"}],"version-history":[{"count":1,"href":"https:\/\/elregionalvm.com.ar\/noticias-villa-maria\/wp-json\/wp\/v2\/posts\/24384\/revisions"}],"predecessor-version":[{"id":24386,"href":"https:\/\/elregionalvm.com.ar\/noticias-villa-maria\/wp-json\/wp\/v2\/posts\/24384\/revisions\/24386"}],"wp:featuredmedia":[{"embeddable":true,"href":"https:\/\/elregionalvm.com.ar\/noticias-villa-maria\/wp-json\/wp\/v2\/media\/24385"}],"wp:attachment":[{"href":"https:\/\/elregionalvm.com.ar\/noticias-villa-maria\/wp-json\/wp\/v2\/media?parent=24384"}],"wp:term":[{"taxonomy":"category","embeddable":true,"href":"https:\/\/elregionalvm.com.ar\/noticias-villa-maria\/wp-json\/wp\/v2\/categories?post=24384"},{"taxonomy":"post_tag","embeddable":true,"href":"https:\/\/elregionalvm.com.ar\/noticias-villa-maria\/wp-json\/wp\/v2\/tags?post=24384"}],"curies":[{"name":"wp","href":"https:\/\/api.w.org\/{rel}","templated":true}]}}