{"id":24757,"date":"2020-09-28T01:57:21","date_gmt":"2020-09-28T01:57:21","guid":{"rendered":"https:\/\/elregionalvm.com.ar\/noticias-villa-maria\/?p=24757"},"modified":"2020-09-28T01:57:23","modified_gmt":"2020-09-28T01:57:23","slug":"senores-del-coe-no-se-les-habra-extraviado-la-brujula","status":"publish","type":"post","link":"https:\/\/elregionalvm.com.ar\/noticias-villa-maria\/senores-del-coe-no-se-les-habra-extraviado-la-brujula\/","title":{"rendered":"Se\u00f1ores del COE: \u00bfNo se les habr\u00e1 extraviado la br\u00fajula?"},"content":{"rendered":"\n<h3 class=\"wp-block-heading\"><strong>Nuevas medidas. \u00bfRealmente piensan integralmente sobre lo que hacen?<\/strong><\/h3>\n\n\n\n<p><\/p>\n\n\n\n<p><strong>Escribe: Miguel Andreis<\/strong><\/p>\n\n\n\n<p>Estoy leyendo las nuevas medidas en cuanto a horarios que ha tomado el COE Regional. No puedo evitar preguntarme: \u00bfNo ser\u00e1 hora de que se tomen un tiempo de evaluaci\u00f3n sobre el accionar que vienen llevando adelante desde hace seis meses?<\/p>\n\n\n\n<p>Nunca est\u00e1 mal la b\u00fasqueda de la autocr\u00edtica. Tal vez est\u00e9n convencidos de que llevan adelante lo mejor y m\u00e1s favorable para la sociedad. No es mi personal mirada. En fin\u2026 Tal vez est\u00e9n inspirados que todo pasa por el n\u00famero de contagios, y que all\u00ed debe trabajarse.<\/p>\n\n\n\n<p>Tomando la infestaci\u00f3n, se podr\u00eda decir, m\u00e1s a\u00fan, lo repiten los cient\u00edficos del mundo todo, el Coronavirus es una enfermedad de alta propagaci\u00f3n, felizmente, de muy baja letalidad. Podr\u00edamos citar que el guarismo de habitantes, radicados en nuestra ciudad y Villa Nueva, aproximadamente superar\u00eda los 140 mil habitantes. Entiendo que, en seis meses, incluyendo ambas villas, los muertos no superan los tres. Pregunto: \u00bf\u00a1No estamos frente a una exacerbaci\u00f3n de los hechos!?<\/p>\n\n\n\n<p>Recientemente anunciaron, reiteradamente, que saldr\u00edan a hacer hisopados masivos en la ciudad. Aludieron a dicha t\u00e9cnica, dado que los an\u00e1lisis de sangre no tendr\u00edan la misma exactitud. Lo afirman los profesionales.&nbsp; Abro signo de interrogaci\u00f3n: \u00bfSe le puede llamar masivo a medir contagios con 400 hisopados, en una poblaci\u00f3n de 140 mil? \u00bfSon los kits que les llegaron de C\u00f3rdoba o consideran que ese n\u00famero les permite conocer el n\u00famero real de portadores? Las cifras son las respuestas m\u00e1s fehacientes.<\/p>\n\n\n\n<p>Sin introducirme en un tema que desconozco por completo, lo que es la infectolog\u00eda, y solo aferr\u00e1ndome al m\u00e1s elemental sentido com\u00fan, \u00bfc\u00f3mo se explica que a quienes se los hisopa y dan negativos, se los obliga a permanecer aislados y encerrados, junto con sus familiares m\u00e1s estrechos por 15 d\u00edas?<\/p>\n\n\n\n<p>Seguramente, no faltar\u00e1 quien podr\u00e1 indicar que es una manera de asegurar que no contin\u00fae contagiando. Si les dio NEGATIVO: \u00bfQu\u00e9 es lo que encierra dudas? Posiblemente tales detecciones, entonces, no sean tan seguras. Algo no cierra&#8230;<\/p>\n\n\n\n<p><strong>M\u00e1s restricciones<\/strong><\/p>\n\n\n\n<p>Este fin de semana, el COE Regional expuso las nuevas medidas que se tomar\u00e1n en lo que hace a comercios y horarios. Volver atr\u00e1s en las fases con las consecuencias que, parece solo encuadrarse en una sola mirada de la pandemia. Tratando de sintetizar, los llamados \u2013 as\u00ed lo entiendo- \u201cNegocios de cercan\u00edas\u201d, son aquellos de los barrios: Almacenes, carnicer\u00edas, panader\u00edas, kioscos, etc., estos, pueden permanecer abiertos desde las 9 hasta las 20 hs.&nbsp; Mientras que los comercios en general, construcci\u00f3n y dem\u00e1s actividades habilitadas en forma presencial, incluidos los gastron\u00f3micos, de 9 hs SOLO hasta las 17 hs.<\/p>\n\n\n\n<p>Qu\u00e9 se sepa, dicho ente, COE, no hizo ning\u00fan relevamiento sobre el estado ECON\u00d3MICO, del comercio de la ciudad. Al menos, no hablemos del contexto psicol\u00f3gico de los que transitan por esas medianeras.&nbsp; &nbsp;<\/p>\n\n\n\n<p>Al menos quien suscribe no tuvo conocimiento de algo tan elemental. La mirada integral de una realidad que nos envuelve, dentro de la cuarentena m\u00e1s larga que ha tenido y tiene la humanidad y que nos est\u00e1 llevando puestos. No existir\u00edan relevamientos de la influencia de los horarios de m\u00e1s ventas; lugares y zonas, horas sin movilizaci\u00f3n en lo que es el coraz\u00f3n de la ciudad, rubros condenados al cierre\u2026<\/p>\n\n\n\n<p>Lo que a simple vista se puede observar es que los m\u00e1s perjudicados, por distintas y cambiantes acciones, que volver\u00e1n a recibir otro enorme golpe econ\u00f3mico para su supervivencia, son aquellos ubicados en el centro.<\/p>\n\n\n\n<p>En los barrios, por razones m\u00faltiples, tuvieron menos acatamiento a los dict\u00e1menes de restricciones, pero mejores niveles de ventas. En buena hora para los mismos. Dar\u00eda la impresi\u00f3n que para quienes toman las decisiones, est\u00e1n fundamentados en una falaz construcci\u00f3n de vida o subsistencia econ\u00f3mica.<\/p>\n\n\n\n<p>Se\u00f1ores del COE, claro que el COVID 19 es mortal, que mata, pero con este ir a venir en las determinaciones que ustedes adoptan, no solo va a matar dicho flagelo. El virus no es el \u00fanico camino a la finitud definitiva. &nbsp;Les solicito respetuosamente que revisen, adem\u00e1s, de lo que se han obstinado en mostrar.<\/p>\n\n\n\n<p>Hay rubros que parecen encaminarse hacia el sitio del pat\u00edbulo. Uno de ellos, la gastronom\u00eda, pero decenas de otros matices comerciales tambi\u00e9n. &nbsp;A ustedes puede que quince d\u00edas no les signifique bastante, para muchos, puede ser el final definitivo de un emprendimiento al que la econom\u00eda detonada y la carencia de un criterio com\u00fan los habr\u00e1 sepultado.<\/p>\n\n\n\n<p><strong>No agiganten el malhumor del ciudadano. No ignoren la impotencia y desesperaci\u00f3n del hombre com\u00fan. Observen la agon\u00eda de la paciencia colectiva\u2026 se\u00f1ores del COE, hay gente y no poca que se sienten camino al abismo.<\/strong><\/p>\n\n\n\n<p>Es de conocimiento de cient\u00edficos y gobernantes que la llegada de la vacuna en forma masiva, a\u00fan est\u00e1 muy lejos. Tenemos la cuarentena m\u00e1s extensa del mundo. \u00bfHasta cu\u00e1ndo la van a seguir estirando? \u00bfUn a\u00f1o, dos? \u00bfNo ser\u00e1 hora de comprender que es preciso a apelar a otras experiencias?<\/p>\n\n\n\n<p>No empujen se\u00f1ores del COE\u2026 No empujen. Este estado polic\u00edaco impone miedo, pero hast\u00eda y da lugar a la bronca que suele transformarse en violencia.<\/p>\n\n\n\n<p>Sus acciones, seguro que lo saben, no es una cuesti\u00f3n de voluntarismo\u2026 Ustedes est\u00e1n convencidos de que act\u00faan de acuerdo a las necesidades de la pandemia, puede ser; en lo particular siento que est\u00e1n perdidos. Desorientados. Sin saber qu\u00e9 hacer. Que han extraviado la br\u00fajula. Y nada peor para una sociedad que los que determinan la vida del ciudadano com\u00fan, no tienen idea del qu\u00e9 hacer ma\u00f1ana.&nbsp;<\/p>\n\n\n\n<p>O lo que es peor, da\u00f1an m\u00e1s de lo que solucionan.<\/p>\n","protected":false},"excerpt":{"rendered":"<p>Nuevas medidas. \u00bfRealmente piensan integralmente sobre lo que hacen? Escribe: Miguel Andreis Estoy leyendo las nuevas medidas en cuanto a horarios que ha tomado el COE Regional. No puedo evitar preguntarme: \u00bfNo ser\u00e1 hora de que se tomen un tiempo de evaluaci\u00f3n sobre el accionar que vienen llevando adelante desde hace seis meses? Nunca est\u00e1 [&hellip;]<\/p>\n","protected":false},"author":5,"featured_media":24759,"comment_status":"open","ping_status":"open","sticky":false,"template":"","format":"standard","meta":{"site-sidebar-layout":"default","site-content-layout":"default","ast-site-content-layout":"default","site-content-style":"default","site-sidebar-style":"default","ast-global-header-display":"","ast-banner-title-visibility":"","ast-main-header-display":"","ast-hfb-above-header-display":"","ast-hfb-below-header-display":"","ast-hfb-mobile-header-display":"","site-post-title":"","ast-breadcrumbs-content":"","ast-featured-img":"","footer-sml-layout":"","ast-disable-related-posts":"","theme-transparent-header-meta":"default","adv-header-id-meta":"","stick-header-meta":"","header-above-stick-meta":"","header-main-stick-meta":"","header-below-stick-meta":"","astra-migrate-meta-layouts":"default","ast-page-background-enabled":"default","ast-page-background-meta":{"desktop":{"background-color":"","background-image":"","background-repeat":"repeat","background-position":"center center","background-size":"auto","background-attachment":"scroll","background-type":"","background-media":"","overlay-type":"","overlay-color":"","overlay-opacity":"","overlay-gradient":""},"tablet":{"background-color":"","background-image":"","background-repeat":"repeat","background-position":"center center","background-size":"auto","background-attachment":"scroll","background-type":"","background-media":"","overlay-type":"","overlay-color":"","overlay-opacity":"","overlay-gradient":""},"mobile":{"background-color":"","background-image":"","background-repeat":"repeat","background-position":"center center","background-size":"auto","background-attachment":"scroll","background-type":"","background-media":"","overlay-type":"","overlay-color":"","overlay-opacity":"","overlay-gradient":""}},"ast-content-background-meta":{"desktop":{"background-color":"var(--ast-global-color-5)","background-image":"","background-repeat":"repeat","background-position":"center center","background-size":"auto","background-attachment":"scroll","background-type":"","background-media":"","overlay-type":"","overlay-color":"","overlay-opacity":"","overlay-gradient":""},"tablet":{"background-color":"var(--ast-global-color-5)","background-image":"","background-repeat":"repeat","background-position":"center center","background-size":"auto","background-attachment":"scroll","background-type":"","background-media":"","overlay-type":"","overlay-color":"","overlay-opacity":"","overlay-gradient":""},"mobile":{"background-color":"var(--ast-global-color-5)","background-image":"","background-repeat":"repeat","background-position":"center center","background-size":"auto","background-attachment":"scroll","background-type":"","background-media":"","overlay-type":"","overlay-color":"","overlay-opacity":"","overlay-gradient":""}},"_jetpack_memberships_contains_paid_content":false,"_joinchat":[],"footnotes":""},"categories":[2323,365],"tags":[3120,2865,2035,2803,4078,4094],"class_list":["post-24757","post","type-post","status-publish","format-standard","has-post-thumbnail","hentry","category-notas-secundarias","category-opinion","tag-coe-regional","tag-covid-19-2","tag-cuarentena","tag-gastronomicos","tag-nuevo-horario-comercial","tag-restriccion-horaria"],"yoast_head":"<!-- This site is optimized with the Yoast SEO plugin v26.8 - https:\/\/yoast.com\/product\/yoast-seo-wordpress\/ -->\n<title>Se\u00f1ores del COE: \u00bfNo se les habr\u00e1 extraviado la br\u00fajula? - El Regional<\/title>\n<meta name=\"description\" content=\"No puedo evitar preguntarme: \u00bfNo ser\u00e1 hora de que se tomen un tiempo de evaluaci\u00f3n sobre el accionar que vienen llevando adelante desde hace seis meses?\" \/>\n<meta name=\"robots\" content=\"index, follow, max-snippet:-1, max-image-preview:large, max-video-preview:-1\" \/>\n<link rel=\"canonical\" href=\"http:\/\/elregionalvm.com.ar\/noticias-villa-maria\/senores-del-coe-no-se-les-habra-extraviado-la-brujula\/\" \/>\n<meta property=\"og:locale\" content=\"es_ES\" \/>\n<meta property=\"og:type\" content=\"article\" \/>\n<meta property=\"og:title\" content=\"Se\u00f1ores del COE: \u00bfNo se les habr\u00e1 extraviado la br\u00fajula? - El Regional\" \/>\n<meta property=\"og:description\" content=\"No puedo evitar preguntarme: \u00bfNo ser\u00e1 hora de que se tomen un tiempo de evaluaci\u00f3n sobre el accionar que vienen llevando adelante desde hace seis meses?\" \/>\n<meta property=\"og:url\" content=\"http:\/\/elregionalvm.com.ar\/noticias-villa-maria\/senores-del-coe-no-se-les-habra-extraviado-la-brujula\/\" \/>\n<meta property=\"og:site_name\" content=\"El Regional\" \/>\n<meta property=\"article:publisher\" content=\"https:\/\/www.facebook.com\/elregionalvm\" \/>\n<meta property=\"article:published_time\" content=\"2020-09-28T01:57:21+00:00\" \/>\n<meta property=\"article:modified_time\" content=\"2020-09-28T01:57:23+00:00\" \/>\n<meta property=\"og:image\" content=\"http:\/\/elregionalvm.com.ar\/noticias-villa-maria\/wp-content\/uploads\/2020\/09\/al-borde-del-abismo.jpg\" \/>\n\t<meta property=\"og:image:width\" content=\"1475\" \/>\n\t<meta property=\"og:image:height\" content=\"796\" \/>\n\t<meta property=\"og:image:type\" content=\"image\/jpeg\" \/>\n<meta name=\"author\" content=\"Miguel Andreis\" \/>\n<meta name=\"twitter:card\" content=\"summary_large_image\" \/>\n<meta name=\"twitter:creator\" content=\"@elregionalvm1\" \/>\n<meta name=\"twitter:site\" content=\"@elregionalvm1\" \/>\n<meta name=\"twitter:label1\" content=\"Escrito por\" \/>\n\t<meta name=\"twitter:data1\" content=\"Miguel Andreis\" \/>\n\t<meta name=\"twitter:label2\" content=\"Tiempo de lectura\" \/>\n\t<meta name=\"twitter:data2\" content=\"5 minutos\" \/>\n<script type=\"application\/ld+json\" class=\"yoast-schema-graph\">{\"@context\":\"https:\/\/schema.org\",\"@graph\":[{\"@type\":\"Article\",\"@id\":\"http:\/\/elregionalvm.com.ar\/noticias-villa-maria\/senores-del-coe-no-se-les-habra-extraviado-la-brujula\/#article\",\"isPartOf\":{\"@id\":\"http:\/\/elregionalvm.com.ar\/noticias-villa-maria\/senores-del-coe-no-se-les-habra-extraviado-la-brujula\/\"},\"author\":{\"name\":\"Miguel Andreis\",\"@id\":\"http:\/\/elregionalvm.com.ar\/noticias-villa-maria\/#\/schema\/person\/df5ff3f005acf29788aed9cb359f1193\"},\"headline\":\"Se\u00f1ores del COE: \u00bfNo se les habr\u00e1 extraviado la br\u00fajula?\",\"datePublished\":\"2020-09-28T01:57:21+00:00\",\"dateModified\":\"2020-09-28T01:57:23+00:00\",\"mainEntityOfPage\":{\"@id\":\"http:\/\/elregionalvm.com.ar\/noticias-villa-maria\/senores-del-coe-no-se-les-habra-extraviado-la-brujula\/\"},\"wordCount\":1026,\"commentCount\":0,\"image\":{\"@id\":\"http:\/\/elregionalvm.com.ar\/noticias-villa-maria\/senores-del-coe-no-se-les-habra-extraviado-la-brujula\/#primaryimage\"},\"thumbnailUrl\":\"https:\/\/i0.wp.com\/elregionalvm.com.ar\/noticias-villa-maria\/wp-content\/uploads\/2020\/09\/al-borde-del-abismo.jpg?fit=1475%2C796&ssl=1\",\"keywords\":[\"COE Regional\",\"Covid 19\",\"cuarentena\",\"gastron\u00f3micos\",\"Nuevo horario comercial\",\"Restricci\u00f3n horaria\"],\"articleSection\":[\"Notas\",\"Opini\u00f3n\"],\"inLanguage\":\"es\",\"potentialAction\":[{\"@type\":\"CommentAction\",\"name\":\"Comment\",\"target\":[\"http:\/\/elregionalvm.com.ar\/noticias-villa-maria\/senores-del-coe-no-se-les-habra-extraviado-la-brujula\/#respond\"]}]},{\"@type\":\"WebPage\",\"@id\":\"http:\/\/elregionalvm.com.ar\/noticias-villa-maria\/senores-del-coe-no-se-les-habra-extraviado-la-brujula\/\",\"url\":\"http:\/\/elregionalvm.com.ar\/noticias-villa-maria\/senores-del-coe-no-se-les-habra-extraviado-la-brujula\/\",\"name\":\"Se\u00f1ores del COE: \u00bfNo se les habr\u00e1 extraviado la br\u00fajula? - El Regional\",\"isPartOf\":{\"@id\":\"http:\/\/elregionalvm.com.ar\/noticias-villa-maria\/#website\"},\"primaryImageOfPage\":{\"@id\":\"http:\/\/elregionalvm.com.ar\/noticias-villa-maria\/senores-del-coe-no-se-les-habra-extraviado-la-brujula\/#primaryimage\"},\"image\":{\"@id\":\"http:\/\/elregionalvm.com.ar\/noticias-villa-maria\/senores-del-coe-no-se-les-habra-extraviado-la-brujula\/#primaryimage\"},\"thumbnailUrl\":\"https:\/\/i0.wp.com\/elregionalvm.com.ar\/noticias-villa-maria\/wp-content\/uploads\/2020\/09\/al-borde-del-abismo.jpg?fit=1475%2C796&ssl=1\",\"datePublished\":\"2020-09-28T01:57:21+00:00\",\"dateModified\":\"2020-09-28T01:57:23+00:00\",\"author\":{\"@id\":\"http:\/\/elregionalvm.com.ar\/noticias-villa-maria\/#\/schema\/person\/df5ff3f005acf29788aed9cb359f1193\"},\"description\":\"No puedo evitar preguntarme: \u00bfNo ser\u00e1 hora de que se tomen un tiempo de evaluaci\u00f3n sobre el accionar que vienen llevando adelante desde hace seis meses?\",\"breadcrumb\":{\"@id\":\"http:\/\/elregionalvm.com.ar\/noticias-villa-maria\/senores-del-coe-no-se-les-habra-extraviado-la-brujula\/#breadcrumb\"},\"inLanguage\":\"es\",\"potentialAction\":[{\"@type\":\"ReadAction\",\"target\":[\"http:\/\/elregionalvm.com.ar\/noticias-villa-maria\/senores-del-coe-no-se-les-habra-extraviado-la-brujula\/\"]}]},{\"@type\":\"ImageObject\",\"inLanguage\":\"es\",\"@id\":\"http:\/\/elregionalvm.com.ar\/noticias-villa-maria\/senores-del-coe-no-se-les-habra-extraviado-la-brujula\/#primaryimage\",\"url\":\"https:\/\/i0.wp.com\/elregionalvm.com.ar\/noticias-villa-maria\/wp-content\/uploads\/2020\/09\/al-borde-del-abismo.jpg?fit=1475%2C796&ssl=1\",\"contentUrl\":\"https:\/\/i0.wp.com\/elregionalvm.com.ar\/noticias-villa-maria\/wp-content\/uploads\/2020\/09\/al-borde-del-abismo.jpg?fit=1475%2C796&ssl=1\",\"width\":1475,\"height\":796},{\"@type\":\"BreadcrumbList\",\"@id\":\"http:\/\/elregionalvm.com.ar\/noticias-villa-maria\/senores-del-coe-no-se-les-habra-extraviado-la-brujula\/#breadcrumb\",\"itemListElement\":[{\"@type\":\"ListItem\",\"position\":1,\"name\":\"Portada\",\"item\":\"https:\/\/elregionalvm.com.ar\/noticias-villa-maria\/\"},{\"@type\":\"ListItem\",\"position\":2,\"name\":\"Se\u00f1ores del COE: \u00bfNo se les habr\u00e1 extraviado la br\u00fajula?\"}]},{\"@type\":\"WebSite\",\"@id\":\"http:\/\/elregionalvm.com.ar\/noticias-villa-maria\/#website\",\"url\":\"http:\/\/elregionalvm.com.ar\/noticias-villa-maria\/\",\"name\":\"El Regional\",\"description\":\"Mucho m\u00e1s que informaci\u00f3n\",\"potentialAction\":[{\"@type\":\"SearchAction\",\"target\":{\"@type\":\"EntryPoint\",\"urlTemplate\":\"http:\/\/elregionalvm.com.ar\/noticias-villa-maria\/?s={search_term_string}\"},\"query-input\":{\"@type\":\"PropertyValueSpecification\",\"valueRequired\":true,\"valueName\":\"search_term_string\"}}],\"inLanguage\":\"es\"},{\"@type\":\"Person\",\"@id\":\"http:\/\/elregionalvm.com.ar\/noticias-villa-maria\/#\/schema\/person\/df5ff3f005acf29788aed9cb359f1193\",\"name\":\"Miguel Andreis\",\"image\":{\"@type\":\"ImageObject\",\"inLanguage\":\"es\",\"@id\":\"http:\/\/elregionalvm.com.ar\/noticias-villa-maria\/#\/schema\/person\/image\/\",\"url\":\"https:\/\/secure.gravatar.com\/avatar\/c643381cd03da38327c6407e6886e7182d881f2ecf94a7902ca262c41f9d8884?s=96&d=mm&r=g\",\"contentUrl\":\"https:\/\/secure.gravatar.com\/avatar\/c643381cd03da38327c6407e6886e7182d881f2ecf94a7902ca262c41f9d8884?s=96&d=mm&r=g\",\"caption\":\"Miguel Andreis\"},\"url\":\"https:\/\/elregionalvm.com.ar\/noticias-villa-maria\/author\/miguelandreis\/\"}]}<\/script>\n<!-- \/ Yoast SEO plugin. -->","yoast_head_json":{"title":"Se\u00f1ores del COE: \u00bfNo se les habr\u00e1 extraviado la br\u00fajula? - El Regional","description":"No puedo evitar preguntarme: \u00bfNo ser\u00e1 hora de que se tomen un tiempo de evaluaci\u00f3n sobre el accionar que vienen llevando adelante desde hace seis meses?","robots":{"index":"index","follow":"follow","max-snippet":"max-snippet:-1","max-image-preview":"max-image-preview:large","max-video-preview":"max-video-preview:-1"},"canonical":"http:\/\/elregionalvm.com.ar\/noticias-villa-maria\/senores-del-coe-no-se-les-habra-extraviado-la-brujula\/","og_locale":"es_ES","og_type":"article","og_title":"Se\u00f1ores del COE: \u00bfNo se les habr\u00e1 extraviado la br\u00fajula? - El Regional","og_description":"No puedo evitar preguntarme: \u00bfNo ser\u00e1 hora de que se tomen un tiempo de evaluaci\u00f3n sobre el accionar que vienen llevando adelante desde hace seis meses?","og_url":"http:\/\/elregionalvm.com.ar\/noticias-villa-maria\/senores-del-coe-no-se-les-habra-extraviado-la-brujula\/","og_site_name":"El Regional","article_publisher":"https:\/\/www.facebook.com\/elregionalvm","article_published_time":"2020-09-28T01:57:21+00:00","article_modified_time":"2020-09-28T01:57:23+00:00","og_image":[{"width":1475,"height":796,"url":"http:\/\/elregionalvm.com.ar\/noticias-villa-maria\/wp-content\/uploads\/2020\/09\/al-borde-del-abismo.jpg","type":"image\/jpeg"}],"author":"Miguel Andreis","twitter_card":"summary_large_image","twitter_creator":"@elregionalvm1","twitter_site":"@elregionalvm1","twitter_misc":{"Escrito por":"Miguel Andreis","Tiempo de lectura":"5 minutos"},"schema":{"@context":"https:\/\/schema.org","@graph":[{"@type":"Article","@id":"http:\/\/elregionalvm.com.ar\/noticias-villa-maria\/senores-del-coe-no-se-les-habra-extraviado-la-brujula\/#article","isPartOf":{"@id":"http:\/\/elregionalvm.com.ar\/noticias-villa-maria\/senores-del-coe-no-se-les-habra-extraviado-la-brujula\/"},"author":{"name":"Miguel Andreis","@id":"http:\/\/elregionalvm.com.ar\/noticias-villa-maria\/#\/schema\/person\/df5ff3f005acf29788aed9cb359f1193"},"headline":"Se\u00f1ores del COE: \u00bfNo se les habr\u00e1 extraviado la br\u00fajula?","datePublished":"2020-09-28T01:57:21+00:00","dateModified":"2020-09-28T01:57:23+00:00","mainEntityOfPage":{"@id":"http:\/\/elregionalvm.com.ar\/noticias-villa-maria\/senores-del-coe-no-se-les-habra-extraviado-la-brujula\/"},"wordCount":1026,"commentCount":0,"image":{"@id":"http:\/\/elregionalvm.com.ar\/noticias-villa-maria\/senores-del-coe-no-se-les-habra-extraviado-la-brujula\/#primaryimage"},"thumbnailUrl":"https:\/\/i0.wp.com\/elregionalvm.com.ar\/noticias-villa-maria\/wp-content\/uploads\/2020\/09\/al-borde-del-abismo.jpg?fit=1475%2C796&ssl=1","keywords":["COE Regional","Covid 19","cuarentena","gastron\u00f3micos","Nuevo horario comercial","Restricci\u00f3n horaria"],"articleSection":["Notas","Opini\u00f3n"],"inLanguage":"es","potentialAction":[{"@type":"CommentAction","name":"Comment","target":["http:\/\/elregionalvm.com.ar\/noticias-villa-maria\/senores-del-coe-no-se-les-habra-extraviado-la-brujula\/#respond"]}]},{"@type":"WebPage","@id":"http:\/\/elregionalvm.com.ar\/noticias-villa-maria\/senores-del-coe-no-se-les-habra-extraviado-la-brujula\/","url":"http:\/\/elregionalvm.com.ar\/noticias-villa-maria\/senores-del-coe-no-se-les-habra-extraviado-la-brujula\/","name":"Se\u00f1ores del COE: \u00bfNo se les habr\u00e1 extraviado la br\u00fajula? - El Regional","isPartOf":{"@id":"http:\/\/elregionalvm.com.ar\/noticias-villa-maria\/#website"},"primaryImageOfPage":{"@id":"http:\/\/elregionalvm.com.ar\/noticias-villa-maria\/senores-del-coe-no-se-les-habra-extraviado-la-brujula\/#primaryimage"},"image":{"@id":"http:\/\/elregionalvm.com.ar\/noticias-villa-maria\/senores-del-coe-no-se-les-habra-extraviado-la-brujula\/#primaryimage"},"thumbnailUrl":"https:\/\/i0.wp.com\/elregionalvm.com.ar\/noticias-villa-maria\/wp-content\/uploads\/2020\/09\/al-borde-del-abismo.jpg?fit=1475%2C796&ssl=1","datePublished":"2020-09-28T01:57:21+00:00","dateModified":"2020-09-28T01:57:23+00:00","author":{"@id":"http:\/\/elregionalvm.com.ar\/noticias-villa-maria\/#\/schema\/person\/df5ff3f005acf29788aed9cb359f1193"},"description":"No puedo evitar preguntarme: \u00bfNo ser\u00e1 hora de que se tomen un tiempo de evaluaci\u00f3n sobre el accionar que vienen llevando adelante desde hace seis meses?","breadcrumb":{"@id":"http:\/\/elregionalvm.com.ar\/noticias-villa-maria\/senores-del-coe-no-se-les-habra-extraviado-la-brujula\/#breadcrumb"},"inLanguage":"es","potentialAction":[{"@type":"ReadAction","target":["http:\/\/elregionalvm.com.ar\/noticias-villa-maria\/senores-del-coe-no-se-les-habra-extraviado-la-brujula\/"]}]},{"@type":"ImageObject","inLanguage":"es","@id":"http:\/\/elregionalvm.com.ar\/noticias-villa-maria\/senores-del-coe-no-se-les-habra-extraviado-la-brujula\/#primaryimage","url":"https:\/\/i0.wp.com\/elregionalvm.com.ar\/noticias-villa-maria\/wp-content\/uploads\/2020\/09\/al-borde-del-abismo.jpg?fit=1475%2C796&ssl=1","contentUrl":"https:\/\/i0.wp.com\/elregionalvm.com.ar\/noticias-villa-maria\/wp-content\/uploads\/2020\/09\/al-borde-del-abismo.jpg?fit=1475%2C796&ssl=1","width":1475,"height":796},{"@type":"BreadcrumbList","@id":"http:\/\/elregionalvm.com.ar\/noticias-villa-maria\/senores-del-coe-no-se-les-habra-extraviado-la-brujula\/#breadcrumb","itemListElement":[{"@type":"ListItem","position":1,"name":"Portada","item":"https:\/\/elregionalvm.com.ar\/noticias-villa-maria\/"},{"@type":"ListItem","position":2,"name":"Se\u00f1ores del COE: \u00bfNo se les habr\u00e1 extraviado la br\u00fajula?"}]},{"@type":"WebSite","@id":"http:\/\/elregionalvm.com.ar\/noticias-villa-maria\/#website","url":"http:\/\/elregionalvm.com.ar\/noticias-villa-maria\/","name":"El Regional","description":"Mucho m\u00e1s que informaci\u00f3n","potentialAction":[{"@type":"SearchAction","target":{"@type":"EntryPoint","urlTemplate":"http:\/\/elregionalvm.com.ar\/noticias-villa-maria\/?s={search_term_string}"},"query-input":{"@type":"PropertyValueSpecification","valueRequired":true,"valueName":"search_term_string"}}],"inLanguage":"es"},{"@type":"Person","@id":"http:\/\/elregionalvm.com.ar\/noticias-villa-maria\/#\/schema\/person\/df5ff3f005acf29788aed9cb359f1193","name":"Miguel Andreis","image":{"@type":"ImageObject","inLanguage":"es","@id":"http:\/\/elregionalvm.com.ar\/noticias-villa-maria\/#\/schema\/person\/image\/","url":"https:\/\/secure.gravatar.com\/avatar\/c643381cd03da38327c6407e6886e7182d881f2ecf94a7902ca262c41f9d8884?s=96&d=mm&r=g","contentUrl":"https:\/\/secure.gravatar.com\/avatar\/c643381cd03da38327c6407e6886e7182d881f2ecf94a7902ca262c41f9d8884?s=96&d=mm&r=g","caption":"Miguel Andreis"},"url":"https:\/\/elregionalvm.com.ar\/noticias-villa-maria\/author\/miguelandreis\/"}]}},"jetpack_featured_media_url":"https:\/\/i0.wp.com\/elregionalvm.com.ar\/noticias-villa-maria\/wp-content\/uploads\/2020\/09\/al-borde-del-abismo.jpg?fit=1475%2C796&ssl=1","jetpack_sharing_enabled":true,"_links":{"self":[{"href":"https:\/\/elregionalvm.com.ar\/noticias-villa-maria\/wp-json\/wp\/v2\/posts\/24757","targetHints":{"allow":["GET"]}}],"collection":[{"href":"https:\/\/elregionalvm.com.ar\/noticias-villa-maria\/wp-json\/wp\/v2\/posts"}],"about":[{"href":"https:\/\/elregionalvm.com.ar\/noticias-villa-maria\/wp-json\/wp\/v2\/types\/post"}],"author":[{"embeddable":true,"href":"https:\/\/elregionalvm.com.ar\/noticias-villa-maria\/wp-json\/wp\/v2\/users\/5"}],"replies":[{"embeddable":true,"href":"https:\/\/elregionalvm.com.ar\/noticias-villa-maria\/wp-json\/wp\/v2\/comments?post=24757"}],"version-history":[{"count":1,"href":"https:\/\/elregionalvm.com.ar\/noticias-villa-maria\/wp-json\/wp\/v2\/posts\/24757\/revisions"}],"predecessor-version":[{"id":24758,"href":"https:\/\/elregionalvm.com.ar\/noticias-villa-maria\/wp-json\/wp\/v2\/posts\/24757\/revisions\/24758"}],"wp:featuredmedia":[{"embeddable":true,"href":"https:\/\/elregionalvm.com.ar\/noticias-villa-maria\/wp-json\/wp\/v2\/media\/24759"}],"wp:attachment":[{"href":"https:\/\/elregionalvm.com.ar\/noticias-villa-maria\/wp-json\/wp\/v2\/media?parent=24757"}],"wp:term":[{"taxonomy":"category","embeddable":true,"href":"https:\/\/elregionalvm.com.ar\/noticias-villa-maria\/wp-json\/wp\/v2\/categories?post=24757"},{"taxonomy":"post_tag","embeddable":true,"href":"https:\/\/elregionalvm.com.ar\/noticias-villa-maria\/wp-json\/wp\/v2\/tags?post=24757"}],"curies":[{"name":"wp","href":"https:\/\/api.w.org\/{rel}","templated":true}]}}