{"id":25622,"date":"2020-10-10T23:56:18","date_gmt":"2020-10-10T23:56:18","guid":{"rendered":"https:\/\/elregionalvm.com.ar\/noticias-villa-maria\/?p=25622"},"modified":"2020-10-10T23:56:19","modified_gmt":"2020-10-10T23:56:19","slug":"sabattini-hoy-viene-el-pelot-del-gobernador","status":"publish","type":"post","link":"https:\/\/elregionalvm.com.ar\/noticias-villa-maria\/sabattini-hoy-viene-el-pelot-del-gobernador\/","title":{"rendered":"Sabattini &#8211; \u00abHoy viene el pelot&#8230; del Gobernador\u00bb"},"content":{"rendered":"\n<h3 class=\"wp-block-heading\"><strong>Cr\u00f3nicas de Don Amadeo<\/strong><\/h3>\n\n\n\n<p><\/p>\n\n\n\n<p><strong>Escribe: Miguel Andreis<\/strong><\/p>\n\n\n\n<p>En el libro \u201cRescate hist\u00f3rico-cultural de San Antonio de Lit\u00edn\u201d publicado en 1994, cuya autor\u00eda le pertenece al IPEA N\u00ba 6, se narra una serie de acontecimientos que se ligan a esa poblaci\u00f3n. All\u00ed aparece \u2013entre otras- una an\u00e9cdota que se refiere al caudillo radical doctor Amadeo Sabattini. <\/p>\n\n\n\n<p>Quien recopil\u00f3 particularmente esa vivencia fue el doctor Juan Manuel G\u00f3mez L\u00f3pez, profesional que durante a\u00f1os fuese secretario pol\u00edtico y privado del \u201cpeludo chico\u201d.<\/p>\n\n\n\n<p>\u201cDon Amadeo sol\u00eda acordarse muy risue\u00f1amente de un curioso acontecimiento que le ocurriera en San Antonio de Lit\u00edn. Este caser\u00edo encerraba para el m\u00e9dico y pol\u00edtico un especial afecto, ya que de all\u00ed proven\u00eda alguien que le merec\u00eda el mayor de los respetos y entra\u00f1able estima, don Jos\u00e9 Antonio Ceballos ex mandatario provincial en cuya gesti\u00f3n Sabattini oficiara de ministro de Gobierno.<\/p>\n\n\n\n<p>Corr\u00eda el a\u00f1o \u00b439, representando la m\u00e1xima investidura del gobierno cordob\u00e9s, el l\u00edder radical viaja a esta poblaci\u00f3n para la inauguraci\u00f3n del Destacamento Policial. Naturalmente tal advenimiento conten\u00eda car\u00e1cter de festividad para los habitantes del lugar, se transformaba en un hito de inusitada relevancia para dicha urbe.<\/p>\n\n\n\n<p> Todos los ciudadanos con sus mejores ropas y predisposici\u00f3n se encontraban reunidos esperando la llegada del mandatario. A quienes le recay\u00f3\u00a0 la responsabilidad de organizar la misma, preparaban \u2013as\u00ed lo supon\u00edan- hasta el \u00ednfimo detalle. Bombas de estruendo, papelitos, pa\u00f1uelos, boinas blancas, oradores, banda musical&#8230; Nada al azar.<\/p>\n\n\n\n<p><\/p>\n\n\n\n<figure class=\"wp-block-gallery columns-2 is-cropped wp-block-gallery-1 is-layout-flex wp-block-gallery-is-layout-flex\"><ul class=\"blocks-gallery-grid\"><li class=\"blocks-gallery-item\"><figure><img data-recalc-dims=\"1\" fetchpriority=\"high\" decoding=\"async\" width=\"800\" height=\"450\" src=\"https:\/\/i0.wp.com\/elregionalvm.com.ar\/noticias-villa-maria\/wp-content\/uploads\/2020\/10\/Amadeo-Sabattini-2.jpg?resize=800%2C450&#038;ssl=1\" alt=\"\" data-id=\"25624\" data-link=\"https:\/\/elregionalvm.com.ar\/noticias-villa-maria\/?attachment_id=25624\" class=\"wp-image-25624\" srcset=\"https:\/\/i0.wp.com\/elregionalvm.com.ar\/noticias-villa-maria\/wp-content\/uploads\/2020\/10\/Amadeo-Sabattini-2.jpg?w=800&amp;ssl=1 800w, https:\/\/i0.wp.com\/elregionalvm.com.ar\/noticias-villa-maria\/wp-content\/uploads\/2020\/10\/Amadeo-Sabattini-2.jpg?resize=300%2C169&amp;ssl=1 300w, https:\/\/i0.wp.com\/elregionalvm.com.ar\/noticias-villa-maria\/wp-content\/uploads\/2020\/10\/Amadeo-Sabattini-2.jpg?resize=768%2C432&amp;ssl=1 768w\" sizes=\"(max-width: 800px) 100vw, 800px\" \/><\/figure><\/li><li class=\"blocks-gallery-item\"><figure><img data-recalc-dims=\"1\" decoding=\"async\" width=\"512\" height=\"289\" src=\"https:\/\/i0.wp.com\/elregionalvm.com.ar\/noticias-villa-maria\/wp-content\/uploads\/2020\/10\/Amadeo-Sabattini-3.jpg?resize=512%2C289&#038;ssl=1\" alt=\"\" data-id=\"25625\" data-full-url=\"https:\/\/elregionalvm.com.ar\/noticias-villa-maria\/wp-content\/uploads\/2020\/10\/Amadeo-Sabattini-3.jpg\" data-link=\"https:\/\/elregionalvm.com.ar\/noticias-villa-maria\/?attachment_id=25625\" class=\"wp-image-25625\" srcset=\"https:\/\/i0.wp.com\/elregionalvm.com.ar\/noticias-villa-maria\/wp-content\/uploads\/2020\/10\/Amadeo-Sabattini-3.jpg?w=512&amp;ssl=1 512w, https:\/\/i0.wp.com\/elregionalvm.com.ar\/noticias-villa-maria\/wp-content\/uploads\/2020\/10\/Amadeo-Sabattini-3.jpg?resize=300%2C169&amp;ssl=1 300w\" sizes=\"(max-width: 512px) 100vw, 512px\" \/><\/figure><\/li><\/ul><figcaption class=\"blocks-gallery-caption\"><em>Amadeo Sabattini, protagonista pol\u00edtico de una \u00e9poca.<\/em><\/figcaption><\/figure>\n\n\n\n<p><\/p>\n\n\n\n<p><strong>La espera<\/strong><\/p>\n\n\n\n<p>El multitudinario recibimiento habr\u00eda de concretarse en la entrada al poblado por el camino que los une con Cintra. Sabattini entre muchos de sus particulares h\u00e1bitos sol\u00eda tener la costumbre de decir que ir\u00eda por un lado y aparec\u00eda por otro. Esta fue una de esas ocasiones. <\/p>\n\n\n\n<p>Despaciosamente y entre una voluminosa polvareda ingresa al villorio el auto del mandatario. Ordena al chofer dirigirse directamente hacia el nuevo edificio policial, suponiendo encontrar all\u00ed a las autoridades representativas. Su sorpresa fue en aumento al no hallar individuo alguno por las calles, aquello transmit\u00eda la sensaci\u00f3n de un poblado fantasma. <\/p>\n\n\n\n<p>Se detiene en la puerta de la Jefatura e ingresa con su campechano andar al flamante lugar. Parad\u00f3jicamente ah\u00ed s\u00f3lo se encontraba un despreocupado agente de polic\u00eda, gorra colgada en la pared, una enorme y quemada pava sobre el escritorio y el mate que chillaba por falta de agua. <\/p>\n\n\n\n<p>Naturalmente que el representante del orden lejos estuvo de imaginarse qui\u00e9n era el hombre que estaba parado delante suyo. La pregunta del gobernador fue directa: \u201cAndo buscando al Comisario, me podr\u00eda indicar d\u00f3nde lo podr\u00eda encontrar\u201d. El uniformado con alta dosis de desprejuicio y franqueza, responde.<\/p>\n\n\n\n<p>-No est\u00e1 el comisario, se ha ido con toda la gente hacia la entrada del pueblo, pero por el camino de Cintra\u2026 fueron a esperar, porque hoy viene a inaugurar las reformas a esta comisar\u00eda el&nbsp; pelot&#8230; del gobernador.<\/p>\n\n\n\n<p>Sabattini, perdi\u00f3 el gesto adusto, serio. No pod\u00eda contener la risa. Vuelve a dirigirle la palabra. <\/p>\n\n\n\n<p>-\u00bfMe puede hacer un favor?<\/p>\n\n\n\n<p>-S\u00ed se\u00f1or, lo que usted mande \u2013contest\u00f3 sol\u00edcito el medio uniformado-.<\/p>\n\n\n\n<p>-Vaya, busque al comisario y d\u00edgale que el pelot&#8230; del gobernador lo est\u00e1 esperando en la comisar\u00eda.<\/p>\n\n\n\n<p>Cuentan que desde entonces aquel agente no s\u00f3lo que nunca m\u00e1s abri\u00f3 la boca frente a desconocidos sino que por seis meses perdi\u00f3 totalmente el habla.<\/p>\n","protected":false},"excerpt":{"rendered":"<p>Cr\u00f3nicas de Don Amadeo Escribe: Miguel Andreis En el libro \u201cRescate hist\u00f3rico-cultural de San Antonio de Lit\u00edn\u201d publicado en 1994, cuya autor\u00eda le pertenece al IPEA N\u00ba 6, se narra una serie de acontecimientos que se ligan a esa poblaci\u00f3n. All\u00ed aparece \u2013entre otras- una an\u00e9cdota que se refiere al caudillo radical doctor Amadeo Sabattini. [&hellip;]<\/p>\n","protected":false},"author":5,"featured_media":25623,"comment_status":"open","ping_status":"open","sticky":false,"template":"","format":"standard","meta":{"site-sidebar-layout":"default","site-content-layout":"default","ast-site-content-layout":"default","site-content-style":"default","site-sidebar-style":"default","ast-global-header-display":"","ast-banner-title-visibility":"","ast-main-header-display":"","ast-hfb-above-header-display":"","ast-hfb-below-header-display":"","ast-hfb-mobile-header-display":"","site-post-title":"","ast-breadcrumbs-content":"","ast-featured-img":"","footer-sml-layout":"","ast-disable-related-posts":"","theme-transparent-header-meta":"default","adv-header-id-meta":"","stick-header-meta":"","header-above-stick-meta":"","header-main-stick-meta":"","header-below-stick-meta":"","astra-migrate-meta-layouts":"default","ast-page-background-enabled":"default","ast-page-background-meta":{"desktop":{"background-color":"","background-image":"","background-repeat":"repeat","background-position":"center center","background-size":"auto","background-attachment":"scroll","background-type":"","background-media":"","overlay-type":"","overlay-color":"","overlay-opacity":"","overlay-gradient":""},"tablet":{"background-color":"","background-image":"","background-repeat":"repeat","background-position":"center center","background-size":"auto","background-attachment":"scroll","background-type":"","background-media":"","overlay-type":"","overlay-color":"","overlay-opacity":"","overlay-gradient":""},"mobile":{"background-color":"","background-image":"","background-repeat":"repeat","background-position":"center center","background-size":"auto","background-attachment":"scroll","background-type":"","background-media":"","overlay-type":"","overlay-color":"","overlay-opacity":"","overlay-gradient":""}},"ast-content-background-meta":{"desktop":{"background-color":"var(--ast-global-color-5)","background-image":"","background-repeat":"repeat","background-position":"center center","background-size":"auto","background-attachment":"scroll","background-type":"","background-media":"","overlay-type":"","overlay-color":"","overlay-opacity":"","overlay-gradient":""},"tablet":{"background-color":"var(--ast-global-color-5)","background-image":"","background-repeat":"repeat","background-position":"center center","background-size":"auto","background-attachment":"scroll","background-type":"","background-media":"","overlay-type":"","overlay-color":"","overlay-opacity":"","overlay-gradient":""},"mobile":{"background-color":"var(--ast-global-color-5)","background-image":"","background-repeat":"repeat","background-position":"center center","background-size":"auto","background-attachment":"scroll","background-type":"","background-media":"","overlay-type":"","overlay-color":"","overlay-opacity":"","overlay-gradient":""}},"_jetpack_memberships_contains_paid_content":false,"_joinchat":[],"footnotes":""},"categories":[2098,2323],"tags":[1942,4557,4558,161,4556],"class_list":["post-25622","post","type-post","status-publish","format-standard","has-post-thumbnail","hentry","category-historias","category-notas-secundarias","tag-amadeo-sabattini","tag-cintra","tag-destacamento-policial","tag-gobernador","tag-san-antonio-de-litin"],"yoast_head":"<!-- This site is optimized with the Yoast SEO plugin v26.8 - https:\/\/yoast.com\/product\/yoast-seo-wordpress\/ -->\n<title>Sabattini - &quot;Hoy viene el pelot... del Gobernador&quot; - El Regional<\/title>\n<meta name=\"description\" content=\"Hay una an\u00e9cdota que se refiere al caudillo radical doctor Amadeo Sabattini. Ocurri\u00f3 en San Antonio de Lit\u00edn.\" \/>\n<meta name=\"robots\" content=\"index, follow, max-snippet:-1, max-image-preview:large, max-video-preview:-1\" \/>\n<link rel=\"canonical\" href=\"http:\/\/elregionalvm.com.ar\/noticias-villa-maria\/sabattini-hoy-viene-el-pelot-del-gobernador\/\" \/>\n<meta property=\"og:locale\" content=\"es_ES\" \/>\n<meta property=\"og:type\" content=\"article\" \/>\n<meta property=\"og:title\" content=\"Sabattini - &quot;Hoy viene el pelot... del Gobernador&quot; - El Regional\" \/>\n<meta property=\"og:description\" content=\"Hay una an\u00e9cdota que se refiere al caudillo radical doctor Amadeo Sabattini. Ocurri\u00f3 en San Antonio de Lit\u00edn.\" \/>\n<meta property=\"og:url\" content=\"http:\/\/elregionalvm.com.ar\/noticias-villa-maria\/sabattini-hoy-viene-el-pelot-del-gobernador\/\" \/>\n<meta property=\"og:site_name\" content=\"El Regional\" \/>\n<meta property=\"article:publisher\" content=\"https:\/\/www.facebook.com\/elregionalvm\" \/>\n<meta property=\"article:published_time\" content=\"2020-10-10T23:56:18+00:00\" \/>\n<meta property=\"article:modified_time\" content=\"2020-10-10T23:56:19+00:00\" \/>\n<meta property=\"og:image\" content=\"http:\/\/elregionalvm.com.ar\/noticias-villa-maria\/wp-content\/uploads\/2020\/10\/Amadeo-Sabattini.jpg\" \/>\n\t<meta property=\"og:image:width\" content=\"990\" \/>\n\t<meta property=\"og:image:height\" content=\"680\" \/>\n\t<meta property=\"og:image:type\" content=\"image\/jpeg\" \/>\n<meta name=\"author\" content=\"Miguel Andreis\" \/>\n<meta name=\"twitter:card\" content=\"summary_large_image\" \/>\n<meta name=\"twitter:creator\" content=\"@elregionalvm1\" \/>\n<meta name=\"twitter:site\" content=\"@elregionalvm1\" \/>\n<meta name=\"twitter:label1\" content=\"Escrito por\" \/>\n\t<meta name=\"twitter:data1\" content=\"Miguel Andreis\" \/>\n\t<meta name=\"twitter:label2\" content=\"Tiempo de lectura\" \/>\n\t<meta name=\"twitter:data2\" content=\"3 minutos\" \/>\n<script type=\"application\/ld+json\" class=\"yoast-schema-graph\">{\"@context\":\"https:\/\/schema.org\",\"@graph\":[{\"@type\":\"Article\",\"@id\":\"http:\/\/elregionalvm.com.ar\/noticias-villa-maria\/sabattini-hoy-viene-el-pelot-del-gobernador\/#article\",\"isPartOf\":{\"@id\":\"http:\/\/elregionalvm.com.ar\/noticias-villa-maria\/sabattini-hoy-viene-el-pelot-del-gobernador\/\"},\"author\":{\"name\":\"Miguel Andreis\",\"@id\":\"http:\/\/elregionalvm.com.ar\/noticias-villa-maria\/#\/schema\/person\/df5ff3f005acf29788aed9cb359f1193\"},\"headline\":\"Sabattini &#8211; \u00abHoy viene el pelot&#8230; del Gobernador\u00bb\",\"datePublished\":\"2020-10-10T23:56:18+00:00\",\"dateModified\":\"2020-10-10T23:56:19+00:00\",\"mainEntityOfPage\":{\"@id\":\"http:\/\/elregionalvm.com.ar\/noticias-villa-maria\/sabattini-hoy-viene-el-pelot-del-gobernador\/\"},\"wordCount\":614,\"commentCount\":0,\"image\":{\"@id\":\"http:\/\/elregionalvm.com.ar\/noticias-villa-maria\/sabattini-hoy-viene-el-pelot-del-gobernador\/#primaryimage\"},\"thumbnailUrl\":\"https:\/\/i0.wp.com\/elregionalvm.com.ar\/noticias-villa-maria\/wp-content\/uploads\/2020\/10\/Amadeo-Sabattini.jpg?fit=990%2C680&ssl=1\",\"keywords\":[\"amadeo sabattini\",\"Cintra\",\"Destacamento policial\",\"Gobernador\",\"San Antonio de Lit\u00edn\"],\"articleSection\":[\"Historias\",\"Notas\"],\"inLanguage\":\"es\",\"potentialAction\":[{\"@type\":\"CommentAction\",\"name\":\"Comment\",\"target\":[\"http:\/\/elregionalvm.com.ar\/noticias-villa-maria\/sabattini-hoy-viene-el-pelot-del-gobernador\/#respond\"]}]},{\"@type\":\"WebPage\",\"@id\":\"http:\/\/elregionalvm.com.ar\/noticias-villa-maria\/sabattini-hoy-viene-el-pelot-del-gobernador\/\",\"url\":\"http:\/\/elregionalvm.com.ar\/noticias-villa-maria\/sabattini-hoy-viene-el-pelot-del-gobernador\/\",\"name\":\"Sabattini - \\\"Hoy viene el pelot... del Gobernador\\\" - El Regional\",\"isPartOf\":{\"@id\":\"http:\/\/elregionalvm.com.ar\/noticias-villa-maria\/#website\"},\"primaryImageOfPage\":{\"@id\":\"http:\/\/elregionalvm.com.ar\/noticias-villa-maria\/sabattini-hoy-viene-el-pelot-del-gobernador\/#primaryimage\"},\"image\":{\"@id\":\"http:\/\/elregionalvm.com.ar\/noticias-villa-maria\/sabattini-hoy-viene-el-pelot-del-gobernador\/#primaryimage\"},\"thumbnailUrl\":\"https:\/\/i0.wp.com\/elregionalvm.com.ar\/noticias-villa-maria\/wp-content\/uploads\/2020\/10\/Amadeo-Sabattini.jpg?fit=990%2C680&ssl=1\",\"datePublished\":\"2020-10-10T23:56:18+00:00\",\"dateModified\":\"2020-10-10T23:56:19+00:00\",\"author\":{\"@id\":\"http:\/\/elregionalvm.com.ar\/noticias-villa-maria\/#\/schema\/person\/df5ff3f005acf29788aed9cb359f1193\"},\"description\":\"Hay una an\u00e9cdota que se refiere al caudillo radical doctor Amadeo Sabattini. Ocurri\u00f3 en San Antonio de Lit\u00edn.\",\"breadcrumb\":{\"@id\":\"http:\/\/elregionalvm.com.ar\/noticias-villa-maria\/sabattini-hoy-viene-el-pelot-del-gobernador\/#breadcrumb\"},\"inLanguage\":\"es\",\"potentialAction\":[{\"@type\":\"ReadAction\",\"target\":[\"http:\/\/elregionalvm.com.ar\/noticias-villa-maria\/sabattini-hoy-viene-el-pelot-del-gobernador\/\"]}]},{\"@type\":\"ImageObject\",\"inLanguage\":\"es\",\"@id\":\"http:\/\/elregionalvm.com.ar\/noticias-villa-maria\/sabattini-hoy-viene-el-pelot-del-gobernador\/#primaryimage\",\"url\":\"https:\/\/i0.wp.com\/elregionalvm.com.ar\/noticias-villa-maria\/wp-content\/uploads\/2020\/10\/Amadeo-Sabattini.jpg?fit=990%2C680&ssl=1\",\"contentUrl\":\"https:\/\/i0.wp.com\/elregionalvm.com.ar\/noticias-villa-maria\/wp-content\/uploads\/2020\/10\/Amadeo-Sabattini.jpg?fit=990%2C680&ssl=1\",\"width\":990,\"height\":680},{\"@type\":\"BreadcrumbList\",\"@id\":\"http:\/\/elregionalvm.com.ar\/noticias-villa-maria\/sabattini-hoy-viene-el-pelot-del-gobernador\/#breadcrumb\",\"itemListElement\":[{\"@type\":\"ListItem\",\"position\":1,\"name\":\"Portada\",\"item\":\"https:\/\/elregionalvm.com.ar\/noticias-villa-maria\/\"},{\"@type\":\"ListItem\",\"position\":2,\"name\":\"Sabattini &#8211; &#8220;Hoy viene el pelot&#8230; del Gobernador&#8221;\"}]},{\"@type\":\"WebSite\",\"@id\":\"http:\/\/elregionalvm.com.ar\/noticias-villa-maria\/#website\",\"url\":\"http:\/\/elregionalvm.com.ar\/noticias-villa-maria\/\",\"name\":\"El Regional\",\"description\":\"Mucho m\u00e1s que informaci\u00f3n\",\"potentialAction\":[{\"@type\":\"SearchAction\",\"target\":{\"@type\":\"EntryPoint\",\"urlTemplate\":\"http:\/\/elregionalvm.com.ar\/noticias-villa-maria\/?s={search_term_string}\"},\"query-input\":{\"@type\":\"PropertyValueSpecification\",\"valueRequired\":true,\"valueName\":\"search_term_string\"}}],\"inLanguage\":\"es\"},{\"@type\":\"Person\",\"@id\":\"http:\/\/elregionalvm.com.ar\/noticias-villa-maria\/#\/schema\/person\/df5ff3f005acf29788aed9cb359f1193\",\"name\":\"Miguel Andreis\",\"image\":{\"@type\":\"ImageObject\",\"inLanguage\":\"es\",\"@id\":\"http:\/\/elregionalvm.com.ar\/noticias-villa-maria\/#\/schema\/person\/image\/\",\"url\":\"https:\/\/secure.gravatar.com\/avatar\/c643381cd03da38327c6407e6886e7182d881f2ecf94a7902ca262c41f9d8884?s=96&d=mm&r=g\",\"contentUrl\":\"https:\/\/secure.gravatar.com\/avatar\/c643381cd03da38327c6407e6886e7182d881f2ecf94a7902ca262c41f9d8884?s=96&d=mm&r=g\",\"caption\":\"Miguel Andreis\"},\"url\":\"https:\/\/elregionalvm.com.ar\/noticias-villa-maria\/author\/miguelandreis\/\"}]}<\/script>\n<!-- \/ Yoast SEO plugin. -->","yoast_head_json":{"title":"Sabattini - \"Hoy viene el pelot... del Gobernador\" - El Regional","description":"Hay una an\u00e9cdota que se refiere al caudillo radical doctor Amadeo Sabattini. Ocurri\u00f3 en San Antonio de Lit\u00edn.","robots":{"index":"index","follow":"follow","max-snippet":"max-snippet:-1","max-image-preview":"max-image-preview:large","max-video-preview":"max-video-preview:-1"},"canonical":"http:\/\/elregionalvm.com.ar\/noticias-villa-maria\/sabattini-hoy-viene-el-pelot-del-gobernador\/","og_locale":"es_ES","og_type":"article","og_title":"Sabattini - \"Hoy viene el pelot... del Gobernador\" - El Regional","og_description":"Hay una an\u00e9cdota que se refiere al caudillo radical doctor Amadeo Sabattini. Ocurri\u00f3 en San Antonio de Lit\u00edn.","og_url":"http:\/\/elregionalvm.com.ar\/noticias-villa-maria\/sabattini-hoy-viene-el-pelot-del-gobernador\/","og_site_name":"El Regional","article_publisher":"https:\/\/www.facebook.com\/elregionalvm","article_published_time":"2020-10-10T23:56:18+00:00","article_modified_time":"2020-10-10T23:56:19+00:00","og_image":[{"width":990,"height":680,"url":"http:\/\/elregionalvm.com.ar\/noticias-villa-maria\/wp-content\/uploads\/2020\/10\/Amadeo-Sabattini.jpg","type":"image\/jpeg"}],"author":"Miguel Andreis","twitter_card":"summary_large_image","twitter_creator":"@elregionalvm1","twitter_site":"@elregionalvm1","twitter_misc":{"Escrito por":"Miguel Andreis","Tiempo de lectura":"3 minutos"},"schema":{"@context":"https:\/\/schema.org","@graph":[{"@type":"Article","@id":"http:\/\/elregionalvm.com.ar\/noticias-villa-maria\/sabattini-hoy-viene-el-pelot-del-gobernador\/#article","isPartOf":{"@id":"http:\/\/elregionalvm.com.ar\/noticias-villa-maria\/sabattini-hoy-viene-el-pelot-del-gobernador\/"},"author":{"name":"Miguel Andreis","@id":"http:\/\/elregionalvm.com.ar\/noticias-villa-maria\/#\/schema\/person\/df5ff3f005acf29788aed9cb359f1193"},"headline":"Sabattini &#8211; \u00abHoy viene el pelot&#8230; del Gobernador\u00bb","datePublished":"2020-10-10T23:56:18+00:00","dateModified":"2020-10-10T23:56:19+00:00","mainEntityOfPage":{"@id":"http:\/\/elregionalvm.com.ar\/noticias-villa-maria\/sabattini-hoy-viene-el-pelot-del-gobernador\/"},"wordCount":614,"commentCount":0,"image":{"@id":"http:\/\/elregionalvm.com.ar\/noticias-villa-maria\/sabattini-hoy-viene-el-pelot-del-gobernador\/#primaryimage"},"thumbnailUrl":"https:\/\/i0.wp.com\/elregionalvm.com.ar\/noticias-villa-maria\/wp-content\/uploads\/2020\/10\/Amadeo-Sabattini.jpg?fit=990%2C680&ssl=1","keywords":["amadeo sabattini","Cintra","Destacamento policial","Gobernador","San Antonio de Lit\u00edn"],"articleSection":["Historias","Notas"],"inLanguage":"es","potentialAction":[{"@type":"CommentAction","name":"Comment","target":["http:\/\/elregionalvm.com.ar\/noticias-villa-maria\/sabattini-hoy-viene-el-pelot-del-gobernador\/#respond"]}]},{"@type":"WebPage","@id":"http:\/\/elregionalvm.com.ar\/noticias-villa-maria\/sabattini-hoy-viene-el-pelot-del-gobernador\/","url":"http:\/\/elregionalvm.com.ar\/noticias-villa-maria\/sabattini-hoy-viene-el-pelot-del-gobernador\/","name":"Sabattini - \"Hoy viene el pelot... del Gobernador\" - El Regional","isPartOf":{"@id":"http:\/\/elregionalvm.com.ar\/noticias-villa-maria\/#website"},"primaryImageOfPage":{"@id":"http:\/\/elregionalvm.com.ar\/noticias-villa-maria\/sabattini-hoy-viene-el-pelot-del-gobernador\/#primaryimage"},"image":{"@id":"http:\/\/elregionalvm.com.ar\/noticias-villa-maria\/sabattini-hoy-viene-el-pelot-del-gobernador\/#primaryimage"},"thumbnailUrl":"https:\/\/i0.wp.com\/elregionalvm.com.ar\/noticias-villa-maria\/wp-content\/uploads\/2020\/10\/Amadeo-Sabattini.jpg?fit=990%2C680&ssl=1","datePublished":"2020-10-10T23:56:18+00:00","dateModified":"2020-10-10T23:56:19+00:00","author":{"@id":"http:\/\/elregionalvm.com.ar\/noticias-villa-maria\/#\/schema\/person\/df5ff3f005acf29788aed9cb359f1193"},"description":"Hay una an\u00e9cdota que se refiere al caudillo radical doctor Amadeo Sabattini. Ocurri\u00f3 en San Antonio de Lit\u00edn.","breadcrumb":{"@id":"http:\/\/elregionalvm.com.ar\/noticias-villa-maria\/sabattini-hoy-viene-el-pelot-del-gobernador\/#breadcrumb"},"inLanguage":"es","potentialAction":[{"@type":"ReadAction","target":["http:\/\/elregionalvm.com.ar\/noticias-villa-maria\/sabattini-hoy-viene-el-pelot-del-gobernador\/"]}]},{"@type":"ImageObject","inLanguage":"es","@id":"http:\/\/elregionalvm.com.ar\/noticias-villa-maria\/sabattini-hoy-viene-el-pelot-del-gobernador\/#primaryimage","url":"https:\/\/i0.wp.com\/elregionalvm.com.ar\/noticias-villa-maria\/wp-content\/uploads\/2020\/10\/Amadeo-Sabattini.jpg?fit=990%2C680&ssl=1","contentUrl":"https:\/\/i0.wp.com\/elregionalvm.com.ar\/noticias-villa-maria\/wp-content\/uploads\/2020\/10\/Amadeo-Sabattini.jpg?fit=990%2C680&ssl=1","width":990,"height":680},{"@type":"BreadcrumbList","@id":"http:\/\/elregionalvm.com.ar\/noticias-villa-maria\/sabattini-hoy-viene-el-pelot-del-gobernador\/#breadcrumb","itemListElement":[{"@type":"ListItem","position":1,"name":"Portada","item":"https:\/\/elregionalvm.com.ar\/noticias-villa-maria\/"},{"@type":"ListItem","position":2,"name":"Sabattini &#8211; &#8220;Hoy viene el pelot&#8230; del Gobernador&#8221;"}]},{"@type":"WebSite","@id":"http:\/\/elregionalvm.com.ar\/noticias-villa-maria\/#website","url":"http:\/\/elregionalvm.com.ar\/noticias-villa-maria\/","name":"El Regional","description":"Mucho m\u00e1s que informaci\u00f3n","potentialAction":[{"@type":"SearchAction","target":{"@type":"EntryPoint","urlTemplate":"http:\/\/elregionalvm.com.ar\/noticias-villa-maria\/?s={search_term_string}"},"query-input":{"@type":"PropertyValueSpecification","valueRequired":true,"valueName":"search_term_string"}}],"inLanguage":"es"},{"@type":"Person","@id":"http:\/\/elregionalvm.com.ar\/noticias-villa-maria\/#\/schema\/person\/df5ff3f005acf29788aed9cb359f1193","name":"Miguel Andreis","image":{"@type":"ImageObject","inLanguage":"es","@id":"http:\/\/elregionalvm.com.ar\/noticias-villa-maria\/#\/schema\/person\/image\/","url":"https:\/\/secure.gravatar.com\/avatar\/c643381cd03da38327c6407e6886e7182d881f2ecf94a7902ca262c41f9d8884?s=96&d=mm&r=g","contentUrl":"https:\/\/secure.gravatar.com\/avatar\/c643381cd03da38327c6407e6886e7182d881f2ecf94a7902ca262c41f9d8884?s=96&d=mm&r=g","caption":"Miguel Andreis"},"url":"https:\/\/elregionalvm.com.ar\/noticias-villa-maria\/author\/miguelandreis\/"}]}},"jetpack_featured_media_url":"https:\/\/i0.wp.com\/elregionalvm.com.ar\/noticias-villa-maria\/wp-content\/uploads\/2020\/10\/Amadeo-Sabattini.jpg?fit=990%2C680&ssl=1","jetpack_sharing_enabled":true,"_links":{"self":[{"href":"https:\/\/elregionalvm.com.ar\/noticias-villa-maria\/wp-json\/wp\/v2\/posts\/25622","targetHints":{"allow":["GET"]}}],"collection":[{"href":"https:\/\/elregionalvm.com.ar\/noticias-villa-maria\/wp-json\/wp\/v2\/posts"}],"about":[{"href":"https:\/\/elregionalvm.com.ar\/noticias-villa-maria\/wp-json\/wp\/v2\/types\/post"}],"author":[{"embeddable":true,"href":"https:\/\/elregionalvm.com.ar\/noticias-villa-maria\/wp-json\/wp\/v2\/users\/5"}],"replies":[{"embeddable":true,"href":"https:\/\/elregionalvm.com.ar\/noticias-villa-maria\/wp-json\/wp\/v2\/comments?post=25622"}],"version-history":[{"count":2,"href":"https:\/\/elregionalvm.com.ar\/noticias-villa-maria\/wp-json\/wp\/v2\/posts\/25622\/revisions"}],"predecessor-version":[{"id":25628,"href":"https:\/\/elregionalvm.com.ar\/noticias-villa-maria\/wp-json\/wp\/v2\/posts\/25622\/revisions\/25628"}],"wp:featuredmedia":[{"embeddable":true,"href":"https:\/\/elregionalvm.com.ar\/noticias-villa-maria\/wp-json\/wp\/v2\/media\/25623"}],"wp:attachment":[{"href":"https:\/\/elregionalvm.com.ar\/noticias-villa-maria\/wp-json\/wp\/v2\/media?parent=25622"}],"wp:term":[{"taxonomy":"category","embeddable":true,"href":"https:\/\/elregionalvm.com.ar\/noticias-villa-maria\/wp-json\/wp\/v2\/categories?post=25622"},{"taxonomy":"post_tag","embeddable":true,"href":"https:\/\/elregionalvm.com.ar\/noticias-villa-maria\/wp-json\/wp\/v2\/tags?post=25622"}],"curies":[{"name":"wp","href":"https:\/\/api.w.org\/{rel}","templated":true}]}}