{"id":25943,"date":"2020-10-16T20:00:11","date_gmt":"2020-10-16T20:00:11","guid":{"rendered":"https:\/\/elregionalvm.com.ar\/noticias-villa-maria\/?p=25943"},"modified":"2020-10-16T20:00:13","modified_gmt":"2020-10-16T20:00:13","slug":"el-populismo-argentino-uno-de-los-mas-viejos-en-el-mundo","status":"publish","type":"post","link":"https:\/\/elregionalvm.com.ar\/noticias-villa-maria\/el-populismo-argentino-uno-de-los-mas-viejos-en-el-mundo\/","title":{"rendered":"El populismo argentino, uno de los m\u00e1s viejos en el mundo"},"content":{"rendered":"\n<h4 class=\"wp-block-heading\"><strong>\u00bf\u00a1Alcanza con movilizaciones multitudinarias!?<\/strong><\/h4>\n\n\n\n<p><strong>Escribe: Miguel Andreis<\/strong><\/p>\n\n\n\n<p>Esta semana, un querido amigo, Julio Ben\u00edtez, como siempre, me env\u00eda interesantes videos que tienen relaci\u00f3n directa con la historia no solo nacional. En este caso se trata de unos actos pol\u00edticos que se vivieron en nuestro pa\u00eds. Quiz\u00e1s, desde mi perspectiva, tal corto f\u00edlmico nos expone rituales y pensamientos de la Argentina entre la que fue hace 80 a\u00f1os y la actual que observ\u00e1bamos por la pantalla chica. <\/p>\n\n\n\n<p>Una s\u00edntesis interesante de hechos de apenas tres o cuatro minutos que se ofrec\u00eda en los cinemat\u00f3grafos de entonces, en los intervalos. All\u00ed aparec\u00eda \u201cSucesos Argentinos\u201d. (Lo puede ver en AV-2375 N\u00b0 245 en YouTube).<\/p>\n\n\n\n<p>Pinta de cuerpo entero que continuamos cambiando algunos matices de nuestra cultura, pero la esencia medular permanece intacta. El o los \u201cPopulismos\u201d, encontraron en nuestro pa\u00eds, desde siempre, tierra f\u00e9rtil. Los mismos son mucho m\u00e1s viejos que las propias urnas y tambi\u00e9n que las democracias. Se vari\u00f3 la metodolog\u00eda, nunca el objetivo de dominaci\u00f3n\u2026<\/p>\n\n\n\n<p>&#8212;&#8212;&#8212;&#8212;&#8212;&#8212;-<\/p>\n\n\n\n<p><strong>Al final \u00bfc\u00f3mo definimos al 12 de Octubre?<\/strong><\/p>\n\n\n\n<p>Este 12 de octubre, que ya no se le dice m\u00e1s D\u00eda de la Raza, (impuesto por Hip\u00f3lito Yrigoyen en 1917), sino que se lo se\u00f1ala con otras definiciones que apenas dos d\u00e9cadas atr\u00e1s no exist\u00edan, como lo es \u201cEl D\u00eda del Respeto a la Diversidad Cultural\u201d, seg\u00fan Decreto publicado el 3 de noviembre de 2010,\u00a0 firmado por Cristina Fern\u00e1ndez de Kirchner; claro que se dan otras denominaciones. <\/p>\n\n\n\n<p>Aluden a tratados y declaraciones de derechos humanos, a la diversidad \u00e9tnica y cultural de todos los pueblos. El (INADI) present\u00f3 una propuesta por el cual se propon\u00eda cambiar la denominaci\u00f3n de esa fecha por \u201cD\u00eda de la Diversidad Cultural Americana\u201d. All\u00ed se promueve otra grieta, ya que un sector considera que la divisi\u00f3n de la humanidad en razas, carece de validez y solo favorece reivindicaciones racistas. <\/p>\n\n\n\n<p>Lo cierto es que cuando el cient\u00edfico navegante genov\u00e9s, Crist\u00f3bal Col\u00f3n pis\u00f3 tierra firme en 1492, el continente ya estaba habitado, por lo pronto no descubri\u00f3 nada. En todo caso, con una visi\u00f3n cristiana, imperialista y occidental, comenzaron a someter con la espada y la cruz, el genocidio de los pueblos originarios fue una cuesti\u00f3n de tiempo. Desde entonces Col\u00f3n se encuentra, con o sin raz\u00f3n, en la vidriera de los m\u00e1s perversos y da\u00f1inos que nos condenaron a ser como somos \u00bf?.<\/p>\n\n\n\n<p><strong>Un nuevo banderazo<\/strong><\/p>\n\n\n\n<p>El reciente 12 de octubre el debate no se instal\u00f3 de c\u00f3mo definir un d\u00eda que hist\u00f3ricamente es emblem\u00e1tico desde hace a\u00f1os. La historia ya no es igual. En nuestro pa\u00eds, casi sin tutor\u00eda organizativa, se aprovech\u00f3 para salir a reclamar contra el gobierno de Alberto Fern\u00e1ndez. Razones no faltan. Argentina atraviesa uno de los peores momentos desde su fundaci\u00f3n. Volver a 1810, ser\u00eda como repetir sobre la validez del D\u00eda de la Raza.<\/p>\n\n\n\n<p>Las plazas de casi todo el pa\u00eds, de las capitales provinciales y tambi\u00e9n de las ciudades como la nuestra, las banderas celestes y blancas, se transformaron en una ola bicolor a lo largo y ancho de Argentina. Los esl\u00f3ganes se multiplicaban: por recobrar la Rep\u00fablica, en contra de la corrupci\u00f3n, por la independencia de la Justicia\u2026\u00a0 <\/p>\n\n\n\n<p>Si algo no nos faltan son los argumentos para frenar una escalada que como jam\u00e1s, nos est\u00e1 llevando a un abismo de incierta salida. Esta ser\u00eda la cuarta o quinta movilizaci\u00f3n, desde que asumi\u00f3 el actual mandatario. Claro que los huevazos ling\u00fc\u00edsticos ten\u00edan varios destinatarios, con mayor vehemencia apuntaban a la ex Presidente, ahora Vice, a quien se la acusa con mayor \u00e9nfasis de estar escap\u00e1ndole a los barrotes mientras lanza al pueblo a una muy posible confrontaci\u00f3n de violencia desconocida. <\/p>\n\n\n\n<p>El tiempo lo dir\u00e1. Lo cierto es que el n\u00famero de argentinos que sali\u00f3 a la calle, si bien en forma pac\u00edfica, pero que hacen o\u00edr sus voces, se va solidificando y haci\u00e9ndola m\u00e1s exponencial. Claro que, si bien eso no deja de ser una se\u00f1al de alerta, de advertencia, tampoco se puede estar seguro que para una nueva contienda electoral, no se vuelvan a repetir los mismos resultados. <\/p>\n\n\n\n<p>Lo del gobierno anterior, Mauricio Macri, fue una excepci\u00f3n que cumpliera su mandato constitucional, en esta par\u00e1bola de democracia. Macri quiso usar la misma receta, solo que olvid\u00f3 las premisas b\u00e1sicas del populismo. Ser populista. Los prismas ideol\u00f3gicos no aportan demasiado.<\/p>\n\n\n\n<p>&#8212;&#8212;&#8212;&#8212;&#8211;<\/p>\n\n\n\n<p><strong>En el fondo, parece gustarnos el \u201cpopulismo\u201d<\/strong><\/p>\n\n\n\n<p>Ahora vale preguntarse, \u00bfesto es nuevo en Argentina? \u00bfSomos una sociedad con conciencia y responsabilidad c\u00edvica? \u00bfComprendemos lo que es la democracia? Volvemos y nos sentamos unos minutos frente a aquel \u201cSucesos Argentinos\u00bb.<\/p>\n\n\n\n<p>Observaremos conductas concretas al accionar que tenemos frente al poder. En las escenas aparece, casi como un conductor heroico, \u00e9pico, intr\u00e9pido, valiente, al Presidente Pedro Pablo Ram\u00edrez, un militar dictador que ejerci\u00f3 el m\u00e1ximo cargo de la Naci\u00f3n Argentina entre 1943 y 1944, durante la llamada Revoluci\u00f3n del 43. Que no era otra cosa que la conjunci\u00f3n de civiles y uniformados. <\/p>\n\n\n\n<p><\/p>\n\n\n\n<figure class=\"wp-block-gallery columns-2 is-cropped wp-block-gallery-1 is-layout-flex wp-block-gallery-is-layout-flex\"><ul class=\"blocks-gallery-grid\"><li class=\"blocks-gallery-item\"><figure><img data-recalc-dims=\"1\" fetchpriority=\"high\" decoding=\"async\" width=\"500\" height=\"350\" src=\"https:\/\/i0.wp.com\/elregionalvm.com.ar\/noticias-villa-maria\/wp-content\/uploads\/2020\/10\/Ramirez-y-los-militares-1.jpg?resize=500%2C350&#038;ssl=1\" alt=\"\" data-id=\"25955\" data-link=\"https:\/\/elregionalvm.com.ar\/noticias-villa-maria\/?attachment_id=25955\" class=\"wp-image-25955\" srcset=\"https:\/\/i0.wp.com\/elregionalvm.com.ar\/noticias-villa-maria\/wp-content\/uploads\/2020\/10\/Ramirez-y-los-militares-1.jpg?w=500&amp;ssl=1 500w, https:\/\/i0.wp.com\/elregionalvm.com.ar\/noticias-villa-maria\/wp-content\/uploads\/2020\/10\/Ramirez-y-los-militares-1.jpg?resize=300%2C210&amp;ssl=1 300w\" sizes=\"(max-width: 500px) 100vw, 500px\" \/><\/figure><\/li><li class=\"blocks-gallery-item\"><figure><img data-recalc-dims=\"1\" decoding=\"async\" width=\"590\" height=\"401\" src=\"https:\/\/i0.wp.com\/elregionalvm.com.ar\/noticias-villa-maria\/wp-content\/uploads\/2020\/10\/Juan-domingo-Peron-mas-chica.jpg?resize=590%2C401&#038;ssl=1\" alt=\"\" data-id=\"25958\" data-full-url=\"https:\/\/elregionalvm.com.ar\/noticias-villa-maria\/wp-content\/uploads\/2020\/10\/Juan-domingo-Peron-mas-chica.jpg\" data-link=\"https:\/\/elregionalvm.com.ar\/noticias-villa-maria\/?attachment_id=25958\" class=\"wp-image-25958\" srcset=\"https:\/\/i0.wp.com\/elregionalvm.com.ar\/noticias-villa-maria\/wp-content\/uploads\/2020\/10\/Juan-domingo-Peron-mas-chica.jpg?w=590&amp;ssl=1 590w, https:\/\/i0.wp.com\/elregionalvm.com.ar\/noticias-villa-maria\/wp-content\/uploads\/2020\/10\/Juan-domingo-Peron-mas-chica.jpg?resize=300%2C204&amp;ssl=1 300w\" sizes=\"(max-width: 590px) 100vw, 590px\" \/><\/figure><\/li><\/ul><figcaption class=\"blocks-gallery-caption\"><em>Ram\u00edrez y un grupo de militares (izquierda). Al poco tiempo, llegar\u00eda Per\u00f3n. <\/em><\/figcaption><\/figure>\n\n\n\n<p><\/p>\n\n\n\n<p>Bien, en uno de sus viajes al interior del pa\u00eds, concretamente Rosario, es incre\u00edble el desborde multitudinario y desaforado de la gente, por verlo, acariciarlo, vitorearlo, claro que eso no es todo. En una parte de su alocuci\u00f3n, Ram\u00edrez, el golpista, habla de la importancia de la democracia y defender los valores constitucionales. <\/p>\n\n\n\n<p>El muy hip\u00f3crita estaba en ese cargo no solo desconociendo la Constituci\u00f3n y la democracia, sino viol\u00e1ndola. Igualmente, el pueblo lo vivaba enfervorizado. Casi con una perspectiva religiosa. Otros que llegaron por la \u201cvoluntad popular\u201d, no fueron distintos, solo que usaron las urnas en lugar de las armas.\u00a0 Estas abstracciones, nos permiten suponer que antes, eran o \u00e9ramos tan igual de ingenuos o bobos, como a lo largo de la historia. O en la actualidad.<\/p>\n\n\n\n<p>&#8212;&#8212;&#8212;&#8211;<\/p>\n\n\n\n<p><strong>Solo var\u00eda la metodolog\u00eda\u2026<\/strong><\/p>\n\n\n\n<p>Y aqu\u00ed inserto un escrito que me env\u00eda Julio Ben\u00edtez:  \u201cA Ram\u00edrez lo conoc\u00ed cuando yo ten\u00eda 8 a\u00f1os y fuimos con mi pap\u00e1 a buscar a mi mam\u00e1 y mis hermanos muy peque\u00f1os, que fueron sobrevivientes del terremoto de San Juan del 15 de enero de 1944. (Como hay algunos que confunden, nada que ver con el de Caucete, que fue en 1977). <\/p>\n\n\n\n<p>Mejor dicho, ya est\u00e1bamos en el tren que arrancaba, volviendo toda la familia y este hombre con varios milicos m\u00e1s, no s\u00e9 si estar\u00eda all\u00ed Per\u00f3n, estaban todos repartiendo aquellos billetes grandotes de diez pesos rojos entre la multitud. Como se amontonaban, por ah\u00ed alguno lograba dos, otro nada, se lo hab\u00edan quitado al vuelo, un despelote que nunca me olvidar\u00e9\u201d.\u00a0<\/p>\n\n\n\n<p>&#8212;&#8212;&#8212;&#8212;<\/p>\n\n\n\n<p><strong>En una u otra vertiente ideol\u00f3gica<\/strong><\/p>\n\n\n\n<p>Ese video puede servir para indicar que, si algo se ha cambiado, puede ser las t\u00e9cnicas del sometimiento que baja del poder. Ram\u00edrez, como tantos m\u00e1s, llegaron con el respaldo de las armas de un ej\u00e9rcito dispuestos a poner a sus hombres como los resultantes de la defensa moral de la Naci\u00f3n, acompa\u00f1ado por sectores de la civilidad, tambi\u00e9n autoadjudic\u00e1ndose dichos valores.\u00a0\u00a0El populismo como la \u201cdoctrina\u201d que, salvo excepciones m\u00e1s hizo uso del Sill\u00f3n de Rivadavia.<\/p>\n\n\n\n<p>Desde hace tiempo -las corporaciones comprendieron que no era necesario tener ej\u00e9rcitos si igualmente se puede dominar al pueblo, con otros m\u00e9todos muchos m\u00e1s econ\u00f3micos y menos peligrosos (para ellos). En esas corporaciones habitan todos los prismas ideol\u00f3gicos. No todos los proyectos.<\/p>\n\n\n\n<p>Largo proceso es lo que nos espera. Este sistema que puede navegar en aguas capitalistas o seudo socialistas con la misma \u201ceficacia\u201d, tiene un exponencial poder camale\u00f3nico de adaptaci\u00f3n. Si los argentinos no comprendemos que el objetivo m\u00e1s relevante que tenemos por adelante es tratar de consolidar el sentido republicano, y las divisiones de poderes, quiz\u00e1s que ese amague de cambio sirva solamente como un ant\u00eddoto, no infalible. De lo contrario el populismo nos continuar\u00e1 ganando la pulseada. Amontonar gente en las calles, suele ser bueno para dejar mensajes, no para ir en la b\u00fasqueda de un poder que ya nos hizo sucumbir.<\/p>\n\n\n\n<p>De lograr ese objetivo esencial, estar\u00eda bueno saber c\u00f3mo entonces se definir\u00e1 al 12 de Octubre, \u00bfD\u00eda de la Raza o al de Choque de culturas?<\/p>\n\n\n\n<p>Para cierre, solo un hecho que nos define.\u00a0 El dictador Ram\u00edrez, a los 9 meses de la revoluci\u00f3n y luego de un pueblo enfervorizado con su presencia, el 9 de marzo de 1944, fue echado de su cargo. Nadie, absolutamente nadie sali\u00f3 a defenderlo. Pas\u00f3 r\u00e1pidamente al olvido. Posteriormente aparecer\u00edan Farrell, Rawson, Per\u00f3n, etc.<\/p>\n\n\n\n<p><\/p>\n\n\n\n<p><strong><em>Link para ver el v\u00eddeo del que se habla en la nota: https:\/\/youtu.be\/1stH6D2eUys\u00a0 \u00a0\u00a0<\/em><\/strong><\/p>\n\n\n\n<p><\/p>\n","protected":false},"excerpt":{"rendered":"<p>\u00bf\u00a1Alcanza con movilizaciones multitudinarias!? Escribe: Miguel Andreis Esta semana, un querido amigo, Julio Ben\u00edtez, como siempre, me env\u00eda interesantes videos que tienen relaci\u00f3n directa con la historia no solo nacional. En este caso se trata de unos actos pol\u00edticos que se vivieron en nuestro pa\u00eds. Quiz\u00e1s, desde mi perspectiva, tal corto f\u00edlmico nos expone rituales [&hellip;]<\/p>\n","protected":false},"author":5,"featured_media":25954,"comment_status":"open","ping_status":"open","sticky":false,"template":"","format":"standard","meta":{"site-sidebar-layout":"default","site-content-layout":"default","ast-site-content-layout":"default","site-content-style":"default","site-sidebar-style":"default","ast-global-header-display":"","ast-banner-title-visibility":"","ast-main-header-display":"","ast-hfb-above-header-display":"","ast-hfb-below-header-display":"","ast-hfb-mobile-header-display":"","site-post-title":"","ast-breadcrumbs-content":"","ast-featured-img":"","footer-sml-layout":"","ast-disable-related-posts":"","theme-transparent-header-meta":"default","adv-header-id-meta":"","stick-header-meta":"","header-above-stick-meta":"","header-main-stick-meta":"","header-below-stick-meta":"","astra-migrate-meta-layouts":"default","ast-page-background-enabled":"default","ast-page-background-meta":{"desktop":{"background-color":"","background-image":"","background-repeat":"repeat","background-position":"center center","background-size":"auto","background-attachment":"scroll","background-type":"","background-media":"","overlay-type":"","overlay-color":"","overlay-opacity":"","overlay-gradient":""},"tablet":{"background-color":"","background-image":"","background-repeat":"repeat","background-position":"center center","background-size":"auto","background-attachment":"scroll","background-type":"","background-media":"","overlay-type":"","overlay-color":"","overlay-opacity":"","overlay-gradient":""},"mobile":{"background-color":"","background-image":"","background-repeat":"repeat","background-position":"center center","background-size":"auto","background-attachment":"scroll","background-type":"","background-media":"","overlay-type":"","overlay-color":"","overlay-opacity":"","overlay-gradient":""}},"ast-content-background-meta":{"desktop":{"background-color":"var(--ast-global-color-5)","background-image":"","background-repeat":"repeat","background-position":"center center","background-size":"auto","background-attachment":"scroll","background-type":"","background-media":"","overlay-type":"","overlay-color":"","overlay-opacity":"","overlay-gradient":""},"tablet":{"background-color":"var(--ast-global-color-5)","background-image":"","background-repeat":"repeat","background-position":"center center","background-size":"auto","background-attachment":"scroll","background-type":"","background-media":"","overlay-type":"","overlay-color":"","overlay-opacity":"","overlay-gradient":""},"mobile":{"background-color":"var(--ast-global-color-5)","background-image":"","background-repeat":"repeat","background-position":"center center","background-size":"auto","background-attachment":"scroll","background-type":"","background-media":"","overlay-type":"","overlay-color":"","overlay-opacity":"","overlay-gradient":""}},"_jetpack_memberships_contains_paid_content":false,"_joinchat":[],"footnotes":""},"categories":[2323,365],"tags":[4687,3002,4685,500,884,4688,4689],"class_list":["post-25943","post","type-post","status-publish","format-standard","has-post-thumbnail","hentry","category-notas-secundarias","category-opinion","tag-edelmiro-farrell","tag-juan-domingo-peron","tag-pedro-pablo-ramirez","tag-peronismo","tag-populismo","tag-revolucion-del-43","tag-sucesos-argentinos"],"yoast_head":"<!-- This site is optimized with the Yoast SEO plugin v26.8 - https:\/\/yoast.com\/product\/yoast-seo-wordpress\/ -->\n<title>El populismo argentino, uno de los m\u00e1s viejos en el mundo - El Regional<\/title>\n<meta name=\"robots\" content=\"index, follow, max-snippet:-1, max-image-preview:large, max-video-preview:-1\" \/>\n<link rel=\"canonical\" href=\"http:\/\/elregionalvm.com.ar\/noticias-villa-maria\/el-populismo-argentino-uno-de-los-mas-viejos-en-el-mundo\/\" \/>\n<meta property=\"og:locale\" content=\"es_ES\" \/>\n<meta property=\"og:type\" content=\"article\" \/>\n<meta property=\"og:title\" content=\"El populismo argentino, uno de los m\u00e1s viejos en el mundo - El Regional\" \/>\n<meta property=\"og:description\" content=\"\u00bf\u00a1Alcanza con movilizaciones multitudinarias!? Escribe: Miguel Andreis Esta semana, un querido amigo, Julio Ben\u00edtez, como siempre, me env\u00eda interesantes videos que tienen relaci\u00f3n directa con la historia no solo nacional. En este caso se trata de unos actos pol\u00edticos que se vivieron en nuestro pa\u00eds. Quiz\u00e1s, desde mi perspectiva, tal corto f\u00edlmico nos expone rituales [&hellip;]\" \/>\n<meta property=\"og:url\" content=\"http:\/\/elregionalvm.com.ar\/noticias-villa-maria\/el-populismo-argentino-uno-de-los-mas-viejos-en-el-mundo\/\" \/>\n<meta property=\"og:site_name\" content=\"El Regional\" \/>\n<meta property=\"article:publisher\" content=\"https:\/\/www.facebook.com\/elregionalvm\" \/>\n<meta property=\"article:published_time\" content=\"2020-10-16T20:00:11+00:00\" \/>\n<meta property=\"article:modified_time\" content=\"2020-10-16T20:00:13+00:00\" \/>\n<meta property=\"og:image\" content=\"http:\/\/elregionalvm.com.ar\/noticias-villa-maria\/wp-content\/uploads\/2020\/10\/Edelmiro-Farell-Pablo-Pedro-Ramirez-.jpg\" \/>\n\t<meta property=\"og:image:width\" content=\"768\" \/>\n\t<meta property=\"og:image:height\" content=\"512\" \/>\n\t<meta property=\"og:image:type\" content=\"image\/jpeg\" \/>\n<meta name=\"author\" content=\"Miguel Andreis\" \/>\n<meta name=\"twitter:card\" content=\"summary_large_image\" \/>\n<meta name=\"twitter:creator\" content=\"@elregionalvm1\" \/>\n<meta name=\"twitter:site\" content=\"@elregionalvm1\" \/>\n<meta name=\"twitter:label1\" content=\"Escrito por\" \/>\n\t<meta name=\"twitter:data1\" content=\"Miguel Andreis\" \/>\n\t<meta name=\"twitter:label2\" content=\"Tiempo de lectura\" \/>\n\t<meta name=\"twitter:data2\" content=\"8 minutos\" \/>\n<script type=\"application\/ld+json\" class=\"yoast-schema-graph\">{\"@context\":\"https:\/\/schema.org\",\"@graph\":[{\"@type\":\"Article\",\"@id\":\"http:\/\/elregionalvm.com.ar\/noticias-villa-maria\/el-populismo-argentino-uno-de-los-mas-viejos-en-el-mundo\/#article\",\"isPartOf\":{\"@id\":\"http:\/\/elregionalvm.com.ar\/noticias-villa-maria\/el-populismo-argentino-uno-de-los-mas-viejos-en-el-mundo\/\"},\"author\":{\"name\":\"Miguel Andreis\",\"@id\":\"http:\/\/elregionalvm.com.ar\/noticias-villa-maria\/#\/schema\/person\/df5ff3f005acf29788aed9cb359f1193\"},\"headline\":\"El populismo argentino, uno de los m\u00e1s viejos en el mundo\",\"datePublished\":\"2020-10-16T20:00:11+00:00\",\"dateModified\":\"2020-10-16T20:00:13+00:00\",\"mainEntityOfPage\":{\"@id\":\"http:\/\/elregionalvm.com.ar\/noticias-villa-maria\/el-populismo-argentino-uno-de-los-mas-viejos-en-el-mundo\/\"},\"wordCount\":1543,\"commentCount\":2,\"image\":{\"@id\":\"http:\/\/elregionalvm.com.ar\/noticias-villa-maria\/el-populismo-argentino-uno-de-los-mas-viejos-en-el-mundo\/#primaryimage\"},\"thumbnailUrl\":\"https:\/\/i0.wp.com\/elregionalvm.com.ar\/noticias-villa-maria\/wp-content\/uploads\/2020\/10\/Edelmiro-Farell-Pablo-Pedro-Ramirez-.jpg?fit=768%2C512&ssl=1\",\"keywords\":[\"Edelmiro Farrell\",\"Juan Domingo Per\u00f3n\",\"Pedro Pablo Ram\u00edrez\",\"Peronismo\",\"Populismo\",\"Revoluci\u00f3n del 43\",\"Sucesos Argentinos\"],\"articleSection\":[\"Notas\",\"Opini\u00f3n\"],\"inLanguage\":\"es\",\"potentialAction\":[{\"@type\":\"CommentAction\",\"name\":\"Comment\",\"target\":[\"http:\/\/elregionalvm.com.ar\/noticias-villa-maria\/el-populismo-argentino-uno-de-los-mas-viejos-en-el-mundo\/#respond\"]}]},{\"@type\":\"WebPage\",\"@id\":\"http:\/\/elregionalvm.com.ar\/noticias-villa-maria\/el-populismo-argentino-uno-de-los-mas-viejos-en-el-mundo\/\",\"url\":\"http:\/\/elregionalvm.com.ar\/noticias-villa-maria\/el-populismo-argentino-uno-de-los-mas-viejos-en-el-mundo\/\",\"name\":\"El populismo argentino, uno de los m\u00e1s viejos en el mundo - El Regional\",\"isPartOf\":{\"@id\":\"http:\/\/elregionalvm.com.ar\/noticias-villa-maria\/#website\"},\"primaryImageOfPage\":{\"@id\":\"http:\/\/elregionalvm.com.ar\/noticias-villa-maria\/el-populismo-argentino-uno-de-los-mas-viejos-en-el-mundo\/#primaryimage\"},\"image\":{\"@id\":\"http:\/\/elregionalvm.com.ar\/noticias-villa-maria\/el-populismo-argentino-uno-de-los-mas-viejos-en-el-mundo\/#primaryimage\"},\"thumbnailUrl\":\"https:\/\/i0.wp.com\/elregionalvm.com.ar\/noticias-villa-maria\/wp-content\/uploads\/2020\/10\/Edelmiro-Farell-Pablo-Pedro-Ramirez-.jpg?fit=768%2C512&ssl=1\",\"datePublished\":\"2020-10-16T20:00:11+00:00\",\"dateModified\":\"2020-10-16T20:00:13+00:00\",\"author\":{\"@id\":\"http:\/\/elregionalvm.com.ar\/noticias-villa-maria\/#\/schema\/person\/df5ff3f005acf29788aed9cb359f1193\"},\"breadcrumb\":{\"@id\":\"http:\/\/elregionalvm.com.ar\/noticias-villa-maria\/el-populismo-argentino-uno-de-los-mas-viejos-en-el-mundo\/#breadcrumb\"},\"inLanguage\":\"es\",\"potentialAction\":[{\"@type\":\"ReadAction\",\"target\":[\"http:\/\/elregionalvm.com.ar\/noticias-villa-maria\/el-populismo-argentino-uno-de-los-mas-viejos-en-el-mundo\/\"]}]},{\"@type\":\"ImageObject\",\"inLanguage\":\"es\",\"@id\":\"http:\/\/elregionalvm.com.ar\/noticias-villa-maria\/el-populismo-argentino-uno-de-los-mas-viejos-en-el-mundo\/#primaryimage\",\"url\":\"https:\/\/i0.wp.com\/elregionalvm.com.ar\/noticias-villa-maria\/wp-content\/uploads\/2020\/10\/Edelmiro-Farell-Pablo-Pedro-Ramirez-.jpg?fit=768%2C512&ssl=1\",\"contentUrl\":\"https:\/\/i0.wp.com\/elregionalvm.com.ar\/noticias-villa-maria\/wp-content\/uploads\/2020\/10\/Edelmiro-Farell-Pablo-Pedro-Ramirez-.jpg?fit=768%2C512&ssl=1\",\"width\":768,\"height\":512},{\"@type\":\"BreadcrumbList\",\"@id\":\"http:\/\/elregionalvm.com.ar\/noticias-villa-maria\/el-populismo-argentino-uno-de-los-mas-viejos-en-el-mundo\/#breadcrumb\",\"itemListElement\":[{\"@type\":\"ListItem\",\"position\":1,\"name\":\"Portada\",\"item\":\"https:\/\/elregionalvm.com.ar\/noticias-villa-maria\/\"},{\"@type\":\"ListItem\",\"position\":2,\"name\":\"El populismo argentino, uno de los m\u00e1s viejos en el mundo\"}]},{\"@type\":\"WebSite\",\"@id\":\"http:\/\/elregionalvm.com.ar\/noticias-villa-maria\/#website\",\"url\":\"http:\/\/elregionalvm.com.ar\/noticias-villa-maria\/\",\"name\":\"El Regional\",\"description\":\"Mucho m\u00e1s que informaci\u00f3n\",\"potentialAction\":[{\"@type\":\"SearchAction\",\"target\":{\"@type\":\"EntryPoint\",\"urlTemplate\":\"http:\/\/elregionalvm.com.ar\/noticias-villa-maria\/?s={search_term_string}\"},\"query-input\":{\"@type\":\"PropertyValueSpecification\",\"valueRequired\":true,\"valueName\":\"search_term_string\"}}],\"inLanguage\":\"es\"},{\"@type\":\"Person\",\"@id\":\"http:\/\/elregionalvm.com.ar\/noticias-villa-maria\/#\/schema\/person\/df5ff3f005acf29788aed9cb359f1193\",\"name\":\"Miguel Andreis\",\"image\":{\"@type\":\"ImageObject\",\"inLanguage\":\"es\",\"@id\":\"http:\/\/elregionalvm.com.ar\/noticias-villa-maria\/#\/schema\/person\/image\/\",\"url\":\"https:\/\/secure.gravatar.com\/avatar\/c643381cd03da38327c6407e6886e7182d881f2ecf94a7902ca262c41f9d8884?s=96&d=mm&r=g\",\"contentUrl\":\"https:\/\/secure.gravatar.com\/avatar\/c643381cd03da38327c6407e6886e7182d881f2ecf94a7902ca262c41f9d8884?s=96&d=mm&r=g\",\"caption\":\"Miguel Andreis\"},\"url\":\"https:\/\/elregionalvm.com.ar\/noticias-villa-maria\/author\/miguelandreis\/\"}]}<\/script>\n<!-- \/ Yoast SEO plugin. -->","yoast_head_json":{"title":"El populismo argentino, uno de los m\u00e1s viejos en el mundo - El Regional","robots":{"index":"index","follow":"follow","max-snippet":"max-snippet:-1","max-image-preview":"max-image-preview:large","max-video-preview":"max-video-preview:-1"},"canonical":"http:\/\/elregionalvm.com.ar\/noticias-villa-maria\/el-populismo-argentino-uno-de-los-mas-viejos-en-el-mundo\/","og_locale":"es_ES","og_type":"article","og_title":"El populismo argentino, uno de los m\u00e1s viejos en el mundo - El Regional","og_description":"\u00bf\u00a1Alcanza con movilizaciones multitudinarias!? Escribe: Miguel Andreis Esta semana, un querido amigo, Julio Ben\u00edtez, como siempre, me env\u00eda interesantes videos que tienen relaci\u00f3n directa con la historia no solo nacional. En este caso se trata de unos actos pol\u00edticos que se vivieron en nuestro pa\u00eds. Quiz\u00e1s, desde mi perspectiva, tal corto f\u00edlmico nos expone rituales [&hellip;]","og_url":"http:\/\/elregionalvm.com.ar\/noticias-villa-maria\/el-populismo-argentino-uno-de-los-mas-viejos-en-el-mundo\/","og_site_name":"El Regional","article_publisher":"https:\/\/www.facebook.com\/elregionalvm","article_published_time":"2020-10-16T20:00:11+00:00","article_modified_time":"2020-10-16T20:00:13+00:00","og_image":[{"width":768,"height":512,"url":"http:\/\/elregionalvm.com.ar\/noticias-villa-maria\/wp-content\/uploads\/2020\/10\/Edelmiro-Farell-Pablo-Pedro-Ramirez-.jpg","type":"image\/jpeg"}],"author":"Miguel Andreis","twitter_card":"summary_large_image","twitter_creator":"@elregionalvm1","twitter_site":"@elregionalvm1","twitter_misc":{"Escrito por":"Miguel Andreis","Tiempo de lectura":"8 minutos"},"schema":{"@context":"https:\/\/schema.org","@graph":[{"@type":"Article","@id":"http:\/\/elregionalvm.com.ar\/noticias-villa-maria\/el-populismo-argentino-uno-de-los-mas-viejos-en-el-mundo\/#article","isPartOf":{"@id":"http:\/\/elregionalvm.com.ar\/noticias-villa-maria\/el-populismo-argentino-uno-de-los-mas-viejos-en-el-mundo\/"},"author":{"name":"Miguel Andreis","@id":"http:\/\/elregionalvm.com.ar\/noticias-villa-maria\/#\/schema\/person\/df5ff3f005acf29788aed9cb359f1193"},"headline":"El populismo argentino, uno de los m\u00e1s viejos en el mundo","datePublished":"2020-10-16T20:00:11+00:00","dateModified":"2020-10-16T20:00:13+00:00","mainEntityOfPage":{"@id":"http:\/\/elregionalvm.com.ar\/noticias-villa-maria\/el-populismo-argentino-uno-de-los-mas-viejos-en-el-mundo\/"},"wordCount":1543,"commentCount":2,"image":{"@id":"http:\/\/elregionalvm.com.ar\/noticias-villa-maria\/el-populismo-argentino-uno-de-los-mas-viejos-en-el-mundo\/#primaryimage"},"thumbnailUrl":"https:\/\/i0.wp.com\/elregionalvm.com.ar\/noticias-villa-maria\/wp-content\/uploads\/2020\/10\/Edelmiro-Farell-Pablo-Pedro-Ramirez-.jpg?fit=768%2C512&ssl=1","keywords":["Edelmiro Farrell","Juan Domingo Per\u00f3n","Pedro Pablo Ram\u00edrez","Peronismo","Populismo","Revoluci\u00f3n del 43","Sucesos Argentinos"],"articleSection":["Notas","Opini\u00f3n"],"inLanguage":"es","potentialAction":[{"@type":"CommentAction","name":"Comment","target":["http:\/\/elregionalvm.com.ar\/noticias-villa-maria\/el-populismo-argentino-uno-de-los-mas-viejos-en-el-mundo\/#respond"]}]},{"@type":"WebPage","@id":"http:\/\/elregionalvm.com.ar\/noticias-villa-maria\/el-populismo-argentino-uno-de-los-mas-viejos-en-el-mundo\/","url":"http:\/\/elregionalvm.com.ar\/noticias-villa-maria\/el-populismo-argentino-uno-de-los-mas-viejos-en-el-mundo\/","name":"El populismo argentino, uno de los m\u00e1s viejos en el mundo - El Regional","isPartOf":{"@id":"http:\/\/elregionalvm.com.ar\/noticias-villa-maria\/#website"},"primaryImageOfPage":{"@id":"http:\/\/elregionalvm.com.ar\/noticias-villa-maria\/el-populismo-argentino-uno-de-los-mas-viejos-en-el-mundo\/#primaryimage"},"image":{"@id":"http:\/\/elregionalvm.com.ar\/noticias-villa-maria\/el-populismo-argentino-uno-de-los-mas-viejos-en-el-mundo\/#primaryimage"},"thumbnailUrl":"https:\/\/i0.wp.com\/elregionalvm.com.ar\/noticias-villa-maria\/wp-content\/uploads\/2020\/10\/Edelmiro-Farell-Pablo-Pedro-Ramirez-.jpg?fit=768%2C512&ssl=1","datePublished":"2020-10-16T20:00:11+00:00","dateModified":"2020-10-16T20:00:13+00:00","author":{"@id":"http:\/\/elregionalvm.com.ar\/noticias-villa-maria\/#\/schema\/person\/df5ff3f005acf29788aed9cb359f1193"},"breadcrumb":{"@id":"http:\/\/elregionalvm.com.ar\/noticias-villa-maria\/el-populismo-argentino-uno-de-los-mas-viejos-en-el-mundo\/#breadcrumb"},"inLanguage":"es","potentialAction":[{"@type":"ReadAction","target":["http:\/\/elregionalvm.com.ar\/noticias-villa-maria\/el-populismo-argentino-uno-de-los-mas-viejos-en-el-mundo\/"]}]},{"@type":"ImageObject","inLanguage":"es","@id":"http:\/\/elregionalvm.com.ar\/noticias-villa-maria\/el-populismo-argentino-uno-de-los-mas-viejos-en-el-mundo\/#primaryimage","url":"https:\/\/i0.wp.com\/elregionalvm.com.ar\/noticias-villa-maria\/wp-content\/uploads\/2020\/10\/Edelmiro-Farell-Pablo-Pedro-Ramirez-.jpg?fit=768%2C512&ssl=1","contentUrl":"https:\/\/i0.wp.com\/elregionalvm.com.ar\/noticias-villa-maria\/wp-content\/uploads\/2020\/10\/Edelmiro-Farell-Pablo-Pedro-Ramirez-.jpg?fit=768%2C512&ssl=1","width":768,"height":512},{"@type":"BreadcrumbList","@id":"http:\/\/elregionalvm.com.ar\/noticias-villa-maria\/el-populismo-argentino-uno-de-los-mas-viejos-en-el-mundo\/#breadcrumb","itemListElement":[{"@type":"ListItem","position":1,"name":"Portada","item":"https:\/\/elregionalvm.com.ar\/noticias-villa-maria\/"},{"@type":"ListItem","position":2,"name":"El populismo argentino, uno de los m\u00e1s viejos en el mundo"}]},{"@type":"WebSite","@id":"http:\/\/elregionalvm.com.ar\/noticias-villa-maria\/#website","url":"http:\/\/elregionalvm.com.ar\/noticias-villa-maria\/","name":"El Regional","description":"Mucho m\u00e1s que informaci\u00f3n","potentialAction":[{"@type":"SearchAction","target":{"@type":"EntryPoint","urlTemplate":"http:\/\/elregionalvm.com.ar\/noticias-villa-maria\/?s={search_term_string}"},"query-input":{"@type":"PropertyValueSpecification","valueRequired":true,"valueName":"search_term_string"}}],"inLanguage":"es"},{"@type":"Person","@id":"http:\/\/elregionalvm.com.ar\/noticias-villa-maria\/#\/schema\/person\/df5ff3f005acf29788aed9cb359f1193","name":"Miguel Andreis","image":{"@type":"ImageObject","inLanguage":"es","@id":"http:\/\/elregionalvm.com.ar\/noticias-villa-maria\/#\/schema\/person\/image\/","url":"https:\/\/secure.gravatar.com\/avatar\/c643381cd03da38327c6407e6886e7182d881f2ecf94a7902ca262c41f9d8884?s=96&d=mm&r=g","contentUrl":"https:\/\/secure.gravatar.com\/avatar\/c643381cd03da38327c6407e6886e7182d881f2ecf94a7902ca262c41f9d8884?s=96&d=mm&r=g","caption":"Miguel Andreis"},"url":"https:\/\/elregionalvm.com.ar\/noticias-villa-maria\/author\/miguelandreis\/"}]}},"jetpack_featured_media_url":"https:\/\/i0.wp.com\/elregionalvm.com.ar\/noticias-villa-maria\/wp-content\/uploads\/2020\/10\/Edelmiro-Farell-Pablo-Pedro-Ramirez-.jpg?fit=768%2C512&ssl=1","jetpack_sharing_enabled":true,"_links":{"self":[{"href":"https:\/\/elregionalvm.com.ar\/noticias-villa-maria\/wp-json\/wp\/v2\/posts\/25943","targetHints":{"allow":["GET"]}}],"collection":[{"href":"https:\/\/elregionalvm.com.ar\/noticias-villa-maria\/wp-json\/wp\/v2\/posts"}],"about":[{"href":"https:\/\/elregionalvm.com.ar\/noticias-villa-maria\/wp-json\/wp\/v2\/types\/post"}],"author":[{"embeddable":true,"href":"https:\/\/elregionalvm.com.ar\/noticias-villa-maria\/wp-json\/wp\/v2\/users\/5"}],"replies":[{"embeddable":true,"href":"https:\/\/elregionalvm.com.ar\/noticias-villa-maria\/wp-json\/wp\/v2\/comments?post=25943"}],"version-history":[{"count":1,"href":"https:\/\/elregionalvm.com.ar\/noticias-villa-maria\/wp-json\/wp\/v2\/posts\/25943\/revisions"}],"predecessor-version":[{"id":25960,"href":"https:\/\/elregionalvm.com.ar\/noticias-villa-maria\/wp-json\/wp\/v2\/posts\/25943\/revisions\/25960"}],"wp:featuredmedia":[{"embeddable":true,"href":"https:\/\/elregionalvm.com.ar\/noticias-villa-maria\/wp-json\/wp\/v2\/media\/25954"}],"wp:attachment":[{"href":"https:\/\/elregionalvm.com.ar\/noticias-villa-maria\/wp-json\/wp\/v2\/media?parent=25943"}],"wp:term":[{"taxonomy":"category","embeddable":true,"href":"https:\/\/elregionalvm.com.ar\/noticias-villa-maria\/wp-json\/wp\/v2\/categories?post=25943"},{"taxonomy":"post_tag","embeddable":true,"href":"https:\/\/elregionalvm.com.ar\/noticias-villa-maria\/wp-json\/wp\/v2\/tags?post=25943"}],"curies":[{"name":"wp","href":"https:\/\/api.w.org\/{rel}","templated":true}]}}