{"id":26430,"date":"2020-10-25T18:45:40","date_gmt":"2020-10-25T18:45:40","guid":{"rendered":"https:\/\/elregionalvm.com.ar\/noticias-villa-maria\/?p=26430"},"modified":"2020-10-26T17:27:53","modified_gmt":"2020-10-26T17:27:53","slug":"el-virus-como-excusa-la-revolucion-digital","status":"publish","type":"post","link":"https:\/\/elregionalvm.com.ar\/noticias-villa-maria\/el-virus-como-excusa-la-revolucion-digital\/","title":{"rendered":"El virus como excusa: la revoluci\u00f3n digital"},"content":{"rendered":"\n<p><strong>Escribe: Rom\u00e1n Cavaglia<\/strong><\/p>\n\n\n\n<p>En Argentina, al d\u00eda de hoy, llevamos exactamente 7 meses de cuarentena y prohibiciones. En Argentina, la Pandemia eclips\u00f3 a tantos otros temas. El crecimiento de la pobreza al 40% por ejemplo, la desocupaci\u00f3n al 15% y una inflaci\u00f3n que rondar\u00e1 el 40% este a\u00f1o. Pero la idea no es hablar de Argentina, sino de la Pandemia en general.<\/p>\n\n\n\n<p>El Covid-19 fue el virus que sacudi\u00f3 al mundo, literalmente, y tal vez esta sea la noticia. Nadie sabe con exactitud ni cient\u00edfica y coherentemente cu\u00e1n letal fue este virus en realidad, y cu\u00e1ntos de los fallecidos fueron directamente por coronavirus y cu\u00e1ntos de los informados por comorbilidades, es decir, por patolog\u00edas preexistentes.<\/p>\n\n\n\n<p>Entonces, no caer\u00e9 en la tentaci\u00f3n de hablar del Covid-19 en t\u00e9rminos de medicina, sino que lo har\u00e9 en t\u00e9rminos de comunicaci\u00f3n.<\/p>\n\n\n\n<p>Esta pandemia signific\u00f3, en materia comunicativa, la puerta de entrada a una nueva era: la netamente digital. Ya ni siquiera la globalizaci\u00f3n alcanza. El Coronavirus ser\u00e1 el signo que divida la historia en un antes y un despu\u00e9s. No hay otra, nada se podr\u00e1 comparar despu\u00e9s de esto, con un nuevo elemento necesario: lo digital.<\/p>\n\n\n\n<p>Una de las cosas que ha tra\u00eddo el Coronavirus fue la se\u00f1al de que el tel\u00e9fono es un aparato del que ya no se puede prescindir. Hasta el a\u00f1o pasado esto era discutible, pero tras el Covid, el celular pas\u00f3 a ser el dispositivo m\u00e1s imprescindible de todos.<\/p>\n\n\n\n<p>Otra es que la forma de comunicaci\u00f3n es mediante Internet, por ende, mundial. Ya no existen otras formas, la primera forma de comunicaci\u00f3n tras la pandemia es Internet, todo lo dem\u00e1s, juega en otras ligas. \u00abNo existe\u00bb algo que no salga en la web.<\/p>\n\n\n\n<p>Hasta el a\u00f1o pasado la velocidad de transmisi\u00f3n de datos era un tema solo para entendidos. Hoy, es un tema primordial para el desarrollo humano. Tanto para un docente que tiene que dar una clase por Zoom, como para un mec\u00e1nico que debe pagar sus impuestos.<\/p>\n\n\n\n<p>Estar conectado es una forma de \u00abestar\u00bb, sin conexi\u00f3n no hay vida posible de proyecci\u00f3n: en lo laboral, en las relaciones, en los v\u00ednculos. La conectividad es la nueva forma de \u00abrespirar\u00bb de las personas, tan necesaria como el aire.<\/p>\n\n\n\n<p>Habr\u00eda tant\u00edsimas cosas m\u00e1s para decir de la Pandemia, pero entre tantas, estas son algunas se\u00f1ales que han salido desde este nuevo orden mundial que tiene a los sat\u00e9lites como los nuevos relojes que marcan el pulso del planeta.<\/p>\n\n\n\n<p>Comunicacionalmente hubo una gran Revoluci\u00f3n mundial con la Pandemia que, literalmente reorganiz\u00f3 a todas las personas del mundo detr\u00e1s de las pantallas.<\/p>\n\n\n\n<p>Tanto que alg\u00fan despistado podr\u00eda pensar que el virus, fue solo una excusa.<\/p>\n","protected":false},"excerpt":{"rendered":"<p>Escribe: Rom\u00e1n Cavaglia En Argentina, al d\u00eda de hoy, llevamos exactamente 7 meses de cuarentena y prohibiciones. En Argentina, la Pandemia eclips\u00f3 a tantos otros temas. El crecimiento de la pobreza al 40% por ejemplo, la desocupaci\u00f3n al 15% y una inflaci\u00f3n que rondar\u00e1 el 40% este a\u00f1o. Pero la idea no es hablar de [&hellip;]<\/p>\n","protected":false},"author":4,"featured_media":26432,"comment_status":"open","ping_status":"open","sticky":false,"template":"","format":"standard","meta":{"site-sidebar-layout":"default","site-content-layout":"default","ast-site-content-layout":"default","site-content-style":"default","site-sidebar-style":"default","ast-global-header-display":"","ast-banner-title-visibility":"","ast-main-header-display":"","ast-hfb-above-header-display":"","ast-hfb-below-header-display":"","ast-hfb-mobile-header-display":"","site-post-title":"","ast-breadcrumbs-content":"","ast-featured-img":"","footer-sml-layout":"","ast-disable-related-posts":"","theme-transparent-header-meta":"default","adv-header-id-meta":"","stick-header-meta":"","header-above-stick-meta":"","header-main-stick-meta":"","header-below-stick-meta":"","astra-migrate-meta-layouts":"default","ast-page-background-enabled":"default","ast-page-background-meta":{"desktop":{"background-color":"","background-image":"","background-repeat":"repeat","background-position":"center center","background-size":"auto","background-attachment":"scroll","background-type":"","background-media":"","overlay-type":"","overlay-color":"","overlay-opacity":"","overlay-gradient":""},"tablet":{"background-color":"","background-image":"","background-repeat":"repeat","background-position":"center center","background-size":"auto","background-attachment":"scroll","background-type":"","background-media":"","overlay-type":"","overlay-color":"","overlay-opacity":"","overlay-gradient":""},"mobile":{"background-color":"","background-image":"","background-repeat":"repeat","background-position":"center center","background-size":"auto","background-attachment":"scroll","background-type":"","background-media":"","overlay-type":"","overlay-color":"","overlay-opacity":"","overlay-gradient":""}},"ast-content-background-meta":{"desktop":{"background-color":"var(--ast-global-color-5)","background-image":"","background-repeat":"repeat","background-position":"center center","background-size":"auto","background-attachment":"scroll","background-type":"","background-media":"","overlay-type":"","overlay-color":"","overlay-opacity":"","overlay-gradient":""},"tablet":{"background-color":"var(--ast-global-color-5)","background-image":"","background-repeat":"repeat","background-position":"center center","background-size":"auto","background-attachment":"scroll","background-type":"","background-media":"","overlay-type":"","overlay-color":"","overlay-opacity":"","overlay-gradient":""},"mobile":{"background-color":"var(--ast-global-color-5)","background-image":"","background-repeat":"repeat","background-position":"center center","background-size":"auto","background-attachment":"scroll","background-type":"","background-media":"","overlay-type":"","overlay-color":"","overlay-opacity":"","overlay-gradient":""}},"_jetpack_memberships_contains_paid_content":false,"_joinchat":[],"footnotes":""},"categories":[365],"tags":[3201,4891,2865,4892,1065,1998,4890],"class_list":["post-26430","post","type-post","status-publish","format-standard","has-post-thumbnail","hentry","category-opinion","tag-celular","tag-comunicacion","tag-covid-19-2","tag-excusa","tag-internet","tag-pandemia","tag-revolucion-digital"],"yoast_head":"<!-- This site is optimized with the Yoast SEO plugin v26.8 - https:\/\/yoast.com\/product\/yoast-seo-wordpress\/ -->\n<title>El virus como excusa: la revoluci\u00f3n digital - El Regional<\/title>\n<meta name=\"description\" content=\"Comunicacionalmente, hubo una revoluci\u00f3n mundial con la Pandemia que, literalmente, reorganiz\u00f3 a todas las personas detr\u00e1s de las pantallas.\" \/>\n<meta name=\"robots\" content=\"index, follow, max-snippet:-1, max-image-preview:large, max-video-preview:-1\" \/>\n<link rel=\"canonical\" href=\"http:\/\/elregionalvm.com.ar\/noticias-villa-maria\/el-virus-como-excusa-la-revolucion-digital\/\" \/>\n<meta property=\"og:locale\" content=\"es_ES\" \/>\n<meta property=\"og:type\" content=\"article\" \/>\n<meta property=\"og:title\" content=\"El virus como excusa: la revoluci\u00f3n digital - El Regional\" \/>\n<meta property=\"og:description\" content=\"Comunicacionalmente, hubo una revoluci\u00f3n mundial con la Pandemia que, literalmente, reorganiz\u00f3 a todas las personas detr\u00e1s de las pantallas.\" \/>\n<meta property=\"og:url\" content=\"http:\/\/elregionalvm.com.ar\/noticias-villa-maria\/el-virus-como-excusa-la-revolucion-digital\/\" \/>\n<meta property=\"og:site_name\" content=\"El Regional\" \/>\n<meta property=\"article:publisher\" content=\"https:\/\/www.facebook.com\/elregionalvm\" \/>\n<meta property=\"article:published_time\" content=\"2020-10-25T18:45:40+00:00\" \/>\n<meta property=\"article:modified_time\" content=\"2020-10-26T17:27:53+00:00\" \/>\n<meta property=\"og:image\" content=\"http:\/\/elregionalvm.com.ar\/noticias-villa-maria\/wp-content\/uploads\/2020\/10\/Celulares-revolucion-digital-ilustrativa.jpg\" \/>\n\t<meta property=\"og:image:width\" content=\"1300\" \/>\n\t<meta property=\"og:image:height\" content=\"730\" \/>\n\t<meta property=\"og:image:type\" content=\"image\/jpeg\" \/>\n<meta name=\"author\" content=\"Contenidos El Regional\" \/>\n<meta name=\"twitter:card\" content=\"summary_large_image\" \/>\n<meta name=\"twitter:creator\" content=\"@elregionalvm1\" \/>\n<meta name=\"twitter:site\" content=\"@elregionalvm1\" \/>\n<meta name=\"twitter:label1\" content=\"Escrito por\" \/>\n\t<meta name=\"twitter:data1\" content=\"Contenidos El Regional\" \/>\n\t<meta name=\"twitter:label2\" content=\"Tiempo de lectura\" \/>\n\t<meta name=\"twitter:data2\" content=\"2 minutos\" \/>\n<script type=\"application\/ld+json\" class=\"yoast-schema-graph\">{\"@context\":\"https:\/\/schema.org\",\"@graph\":[{\"@type\":\"Article\",\"@id\":\"http:\/\/elregionalvm.com.ar\/noticias-villa-maria\/el-virus-como-excusa-la-revolucion-digital\/#article\",\"isPartOf\":{\"@id\":\"http:\/\/elregionalvm.com.ar\/noticias-villa-maria\/el-virus-como-excusa-la-revolucion-digital\/\"},\"author\":{\"name\":\"Contenidos El Regional\",\"@id\":\"http:\/\/elregionalvm.com.ar\/noticias-villa-maria\/#\/schema\/person\/a0fb9c422317faca23d50163151bc354\"},\"headline\":\"El virus como excusa: la revoluci\u00f3n digital\",\"datePublished\":\"2020-10-25T18:45:40+00:00\",\"dateModified\":\"2020-10-26T17:27:53+00:00\",\"mainEntityOfPage\":{\"@id\":\"http:\/\/elregionalvm.com.ar\/noticias-villa-maria\/el-virus-como-excusa-la-revolucion-digital\/\"},\"wordCount\":488,\"commentCount\":0,\"image\":{\"@id\":\"http:\/\/elregionalvm.com.ar\/noticias-villa-maria\/el-virus-como-excusa-la-revolucion-digital\/#primaryimage\"},\"thumbnailUrl\":\"https:\/\/i0.wp.com\/elregionalvm.com.ar\/noticias-villa-maria\/wp-content\/uploads\/2020\/10\/Celulares-revolucion-digital-ilustrativa.jpg?fit=1300%2C730&ssl=1\",\"keywords\":[\"celular\",\"Comunicaci\u00f3n\",\"Covid 19\",\"Excusa\",\"internet\",\"pandemia\",\"Revoluci\u00f3n digital\"],\"articleSection\":[\"Opini\u00f3n\"],\"inLanguage\":\"es\",\"potentialAction\":[{\"@type\":\"CommentAction\",\"name\":\"Comment\",\"target\":[\"http:\/\/elregionalvm.com.ar\/noticias-villa-maria\/el-virus-como-excusa-la-revolucion-digital\/#respond\"]}]},{\"@type\":\"WebPage\",\"@id\":\"http:\/\/elregionalvm.com.ar\/noticias-villa-maria\/el-virus-como-excusa-la-revolucion-digital\/\",\"url\":\"http:\/\/elregionalvm.com.ar\/noticias-villa-maria\/el-virus-como-excusa-la-revolucion-digital\/\",\"name\":\"El virus como excusa: la revoluci\u00f3n digital - El Regional\",\"isPartOf\":{\"@id\":\"http:\/\/elregionalvm.com.ar\/noticias-villa-maria\/#website\"},\"primaryImageOfPage\":{\"@id\":\"http:\/\/elregionalvm.com.ar\/noticias-villa-maria\/el-virus-como-excusa-la-revolucion-digital\/#primaryimage\"},\"image\":{\"@id\":\"http:\/\/elregionalvm.com.ar\/noticias-villa-maria\/el-virus-como-excusa-la-revolucion-digital\/#primaryimage\"},\"thumbnailUrl\":\"https:\/\/i0.wp.com\/elregionalvm.com.ar\/noticias-villa-maria\/wp-content\/uploads\/2020\/10\/Celulares-revolucion-digital-ilustrativa.jpg?fit=1300%2C730&ssl=1\",\"datePublished\":\"2020-10-25T18:45:40+00:00\",\"dateModified\":\"2020-10-26T17:27:53+00:00\",\"author\":{\"@id\":\"http:\/\/elregionalvm.com.ar\/noticias-villa-maria\/#\/schema\/person\/a0fb9c422317faca23d50163151bc354\"},\"description\":\"Comunicacionalmente, hubo una revoluci\u00f3n mundial con la Pandemia que, literalmente, reorganiz\u00f3 a todas las personas detr\u00e1s de las pantallas.\",\"breadcrumb\":{\"@id\":\"http:\/\/elregionalvm.com.ar\/noticias-villa-maria\/el-virus-como-excusa-la-revolucion-digital\/#breadcrumb\"},\"inLanguage\":\"es\",\"potentialAction\":[{\"@type\":\"ReadAction\",\"target\":[\"http:\/\/elregionalvm.com.ar\/noticias-villa-maria\/el-virus-como-excusa-la-revolucion-digital\/\"]}]},{\"@type\":\"ImageObject\",\"inLanguage\":\"es\",\"@id\":\"http:\/\/elregionalvm.com.ar\/noticias-villa-maria\/el-virus-como-excusa-la-revolucion-digital\/#primaryimage\",\"url\":\"https:\/\/i0.wp.com\/elregionalvm.com.ar\/noticias-villa-maria\/wp-content\/uploads\/2020\/10\/Celulares-revolucion-digital-ilustrativa.jpg?fit=1300%2C730&ssl=1\",\"contentUrl\":\"https:\/\/i0.wp.com\/elregionalvm.com.ar\/noticias-villa-maria\/wp-content\/uploads\/2020\/10\/Celulares-revolucion-digital-ilustrativa.jpg?fit=1300%2C730&ssl=1\",\"width\":1300,\"height\":730},{\"@type\":\"BreadcrumbList\",\"@id\":\"http:\/\/elregionalvm.com.ar\/noticias-villa-maria\/el-virus-como-excusa-la-revolucion-digital\/#breadcrumb\",\"itemListElement\":[{\"@type\":\"ListItem\",\"position\":1,\"name\":\"Portada\",\"item\":\"https:\/\/elregionalvm.com.ar\/noticias-villa-maria\/\"},{\"@type\":\"ListItem\",\"position\":2,\"name\":\"El virus como excusa: la revoluci\u00f3n digital\"}]},{\"@type\":\"WebSite\",\"@id\":\"http:\/\/elregionalvm.com.ar\/noticias-villa-maria\/#website\",\"url\":\"http:\/\/elregionalvm.com.ar\/noticias-villa-maria\/\",\"name\":\"El Regional\",\"description\":\"Mucho m\u00e1s que informaci\u00f3n\",\"potentialAction\":[{\"@type\":\"SearchAction\",\"target\":{\"@type\":\"EntryPoint\",\"urlTemplate\":\"http:\/\/elregionalvm.com.ar\/noticias-villa-maria\/?s={search_term_string}\"},\"query-input\":{\"@type\":\"PropertyValueSpecification\",\"valueRequired\":true,\"valueName\":\"search_term_string\"}}],\"inLanguage\":\"es\"},{\"@type\":\"Person\",\"@id\":\"http:\/\/elregionalvm.com.ar\/noticias-villa-maria\/#\/schema\/person\/a0fb9c422317faca23d50163151bc354\",\"name\":\"Contenidos El Regional\",\"image\":{\"@type\":\"ImageObject\",\"inLanguage\":\"es\",\"@id\":\"http:\/\/elregionalvm.com.ar\/noticias-villa-maria\/#\/schema\/person\/image\/\",\"url\":\"https:\/\/secure.gravatar.com\/avatar\/265b27cb2209af7bb3a1318f03305787d7981a5cc6e6cd08fe5a4ecdf99d4b48?s=96&d=mm&r=g\",\"contentUrl\":\"https:\/\/secure.gravatar.com\/avatar\/265b27cb2209af7bb3a1318f03305787d7981a5cc6e6cd08fe5a4ecdf99d4b48?s=96&d=mm&r=g\",\"caption\":\"Contenidos El Regional\"},\"url\":\"https:\/\/elregionalvm.com.ar\/noticias-villa-maria\/author\/contenido\/\"}]}<\/script>\n<!-- \/ Yoast SEO plugin. -->","yoast_head_json":{"title":"El virus como excusa: la revoluci\u00f3n digital - El Regional","description":"Comunicacionalmente, hubo una revoluci\u00f3n mundial con la Pandemia que, literalmente, reorganiz\u00f3 a todas las personas detr\u00e1s de las pantallas.","robots":{"index":"index","follow":"follow","max-snippet":"max-snippet:-1","max-image-preview":"max-image-preview:large","max-video-preview":"max-video-preview:-1"},"canonical":"http:\/\/elregionalvm.com.ar\/noticias-villa-maria\/el-virus-como-excusa-la-revolucion-digital\/","og_locale":"es_ES","og_type":"article","og_title":"El virus como excusa: la revoluci\u00f3n digital - El Regional","og_description":"Comunicacionalmente, hubo una revoluci\u00f3n mundial con la Pandemia que, literalmente, reorganiz\u00f3 a todas las personas detr\u00e1s de las pantallas.","og_url":"http:\/\/elregionalvm.com.ar\/noticias-villa-maria\/el-virus-como-excusa-la-revolucion-digital\/","og_site_name":"El Regional","article_publisher":"https:\/\/www.facebook.com\/elregionalvm","article_published_time":"2020-10-25T18:45:40+00:00","article_modified_time":"2020-10-26T17:27:53+00:00","og_image":[{"width":1300,"height":730,"url":"http:\/\/elregionalvm.com.ar\/noticias-villa-maria\/wp-content\/uploads\/2020\/10\/Celulares-revolucion-digital-ilustrativa.jpg","type":"image\/jpeg"}],"author":"Contenidos El Regional","twitter_card":"summary_large_image","twitter_creator":"@elregionalvm1","twitter_site":"@elregionalvm1","twitter_misc":{"Escrito por":"Contenidos El Regional","Tiempo de lectura":"2 minutos"},"schema":{"@context":"https:\/\/schema.org","@graph":[{"@type":"Article","@id":"http:\/\/elregionalvm.com.ar\/noticias-villa-maria\/el-virus-como-excusa-la-revolucion-digital\/#article","isPartOf":{"@id":"http:\/\/elregionalvm.com.ar\/noticias-villa-maria\/el-virus-como-excusa-la-revolucion-digital\/"},"author":{"name":"Contenidos El Regional","@id":"http:\/\/elregionalvm.com.ar\/noticias-villa-maria\/#\/schema\/person\/a0fb9c422317faca23d50163151bc354"},"headline":"El virus como excusa: la revoluci\u00f3n digital","datePublished":"2020-10-25T18:45:40+00:00","dateModified":"2020-10-26T17:27:53+00:00","mainEntityOfPage":{"@id":"http:\/\/elregionalvm.com.ar\/noticias-villa-maria\/el-virus-como-excusa-la-revolucion-digital\/"},"wordCount":488,"commentCount":0,"image":{"@id":"http:\/\/elregionalvm.com.ar\/noticias-villa-maria\/el-virus-como-excusa-la-revolucion-digital\/#primaryimage"},"thumbnailUrl":"https:\/\/i0.wp.com\/elregionalvm.com.ar\/noticias-villa-maria\/wp-content\/uploads\/2020\/10\/Celulares-revolucion-digital-ilustrativa.jpg?fit=1300%2C730&ssl=1","keywords":["celular","Comunicaci\u00f3n","Covid 19","Excusa","internet","pandemia","Revoluci\u00f3n digital"],"articleSection":["Opini\u00f3n"],"inLanguage":"es","potentialAction":[{"@type":"CommentAction","name":"Comment","target":["http:\/\/elregionalvm.com.ar\/noticias-villa-maria\/el-virus-como-excusa-la-revolucion-digital\/#respond"]}]},{"@type":"WebPage","@id":"http:\/\/elregionalvm.com.ar\/noticias-villa-maria\/el-virus-como-excusa-la-revolucion-digital\/","url":"http:\/\/elregionalvm.com.ar\/noticias-villa-maria\/el-virus-como-excusa-la-revolucion-digital\/","name":"El virus como excusa: la revoluci\u00f3n digital - El Regional","isPartOf":{"@id":"http:\/\/elregionalvm.com.ar\/noticias-villa-maria\/#website"},"primaryImageOfPage":{"@id":"http:\/\/elregionalvm.com.ar\/noticias-villa-maria\/el-virus-como-excusa-la-revolucion-digital\/#primaryimage"},"image":{"@id":"http:\/\/elregionalvm.com.ar\/noticias-villa-maria\/el-virus-como-excusa-la-revolucion-digital\/#primaryimage"},"thumbnailUrl":"https:\/\/i0.wp.com\/elregionalvm.com.ar\/noticias-villa-maria\/wp-content\/uploads\/2020\/10\/Celulares-revolucion-digital-ilustrativa.jpg?fit=1300%2C730&ssl=1","datePublished":"2020-10-25T18:45:40+00:00","dateModified":"2020-10-26T17:27:53+00:00","author":{"@id":"http:\/\/elregionalvm.com.ar\/noticias-villa-maria\/#\/schema\/person\/a0fb9c422317faca23d50163151bc354"},"description":"Comunicacionalmente, hubo una revoluci\u00f3n mundial con la Pandemia que, literalmente, reorganiz\u00f3 a todas las personas detr\u00e1s de las pantallas.","breadcrumb":{"@id":"http:\/\/elregionalvm.com.ar\/noticias-villa-maria\/el-virus-como-excusa-la-revolucion-digital\/#breadcrumb"},"inLanguage":"es","potentialAction":[{"@type":"ReadAction","target":["http:\/\/elregionalvm.com.ar\/noticias-villa-maria\/el-virus-como-excusa-la-revolucion-digital\/"]}]},{"@type":"ImageObject","inLanguage":"es","@id":"http:\/\/elregionalvm.com.ar\/noticias-villa-maria\/el-virus-como-excusa-la-revolucion-digital\/#primaryimage","url":"https:\/\/i0.wp.com\/elregionalvm.com.ar\/noticias-villa-maria\/wp-content\/uploads\/2020\/10\/Celulares-revolucion-digital-ilustrativa.jpg?fit=1300%2C730&ssl=1","contentUrl":"https:\/\/i0.wp.com\/elregionalvm.com.ar\/noticias-villa-maria\/wp-content\/uploads\/2020\/10\/Celulares-revolucion-digital-ilustrativa.jpg?fit=1300%2C730&ssl=1","width":1300,"height":730},{"@type":"BreadcrumbList","@id":"http:\/\/elregionalvm.com.ar\/noticias-villa-maria\/el-virus-como-excusa-la-revolucion-digital\/#breadcrumb","itemListElement":[{"@type":"ListItem","position":1,"name":"Portada","item":"https:\/\/elregionalvm.com.ar\/noticias-villa-maria\/"},{"@type":"ListItem","position":2,"name":"El virus como excusa: la revoluci\u00f3n digital"}]},{"@type":"WebSite","@id":"http:\/\/elregionalvm.com.ar\/noticias-villa-maria\/#website","url":"http:\/\/elregionalvm.com.ar\/noticias-villa-maria\/","name":"El Regional","description":"Mucho m\u00e1s que informaci\u00f3n","potentialAction":[{"@type":"SearchAction","target":{"@type":"EntryPoint","urlTemplate":"http:\/\/elregionalvm.com.ar\/noticias-villa-maria\/?s={search_term_string}"},"query-input":{"@type":"PropertyValueSpecification","valueRequired":true,"valueName":"search_term_string"}}],"inLanguage":"es"},{"@type":"Person","@id":"http:\/\/elregionalvm.com.ar\/noticias-villa-maria\/#\/schema\/person\/a0fb9c422317faca23d50163151bc354","name":"Contenidos El Regional","image":{"@type":"ImageObject","inLanguage":"es","@id":"http:\/\/elregionalvm.com.ar\/noticias-villa-maria\/#\/schema\/person\/image\/","url":"https:\/\/secure.gravatar.com\/avatar\/265b27cb2209af7bb3a1318f03305787d7981a5cc6e6cd08fe5a4ecdf99d4b48?s=96&d=mm&r=g","contentUrl":"https:\/\/secure.gravatar.com\/avatar\/265b27cb2209af7bb3a1318f03305787d7981a5cc6e6cd08fe5a4ecdf99d4b48?s=96&d=mm&r=g","caption":"Contenidos El Regional"},"url":"https:\/\/elregionalvm.com.ar\/noticias-villa-maria\/author\/contenido\/"}]}},"jetpack_featured_media_url":"https:\/\/i0.wp.com\/elregionalvm.com.ar\/noticias-villa-maria\/wp-content\/uploads\/2020\/10\/Celulares-revolucion-digital-ilustrativa.jpg?fit=1300%2C730&ssl=1","jetpack_sharing_enabled":true,"_links":{"self":[{"href":"https:\/\/elregionalvm.com.ar\/noticias-villa-maria\/wp-json\/wp\/v2\/posts\/26430","targetHints":{"allow":["GET"]}}],"collection":[{"href":"https:\/\/elregionalvm.com.ar\/noticias-villa-maria\/wp-json\/wp\/v2\/posts"}],"about":[{"href":"https:\/\/elregionalvm.com.ar\/noticias-villa-maria\/wp-json\/wp\/v2\/types\/post"}],"author":[{"embeddable":true,"href":"https:\/\/elregionalvm.com.ar\/noticias-villa-maria\/wp-json\/wp\/v2\/users\/4"}],"replies":[{"embeddable":true,"href":"https:\/\/elregionalvm.com.ar\/noticias-villa-maria\/wp-json\/wp\/v2\/comments?post=26430"}],"version-history":[{"count":3,"href":"https:\/\/elregionalvm.com.ar\/noticias-villa-maria\/wp-json\/wp\/v2\/posts\/26430\/revisions"}],"predecessor-version":[{"id":26489,"href":"https:\/\/elregionalvm.com.ar\/noticias-villa-maria\/wp-json\/wp\/v2\/posts\/26430\/revisions\/26489"}],"wp:featuredmedia":[{"embeddable":true,"href":"https:\/\/elregionalvm.com.ar\/noticias-villa-maria\/wp-json\/wp\/v2\/media\/26432"}],"wp:attachment":[{"href":"https:\/\/elregionalvm.com.ar\/noticias-villa-maria\/wp-json\/wp\/v2\/media?parent=26430"}],"wp:term":[{"taxonomy":"category","embeddable":true,"href":"https:\/\/elregionalvm.com.ar\/noticias-villa-maria\/wp-json\/wp\/v2\/categories?post=26430"},{"taxonomy":"post_tag","embeddable":true,"href":"https:\/\/elregionalvm.com.ar\/noticias-villa-maria\/wp-json\/wp\/v2\/tags?post=26430"}],"curies":[{"name":"wp","href":"https:\/\/api.w.org\/{rel}","templated":true}]}}