{"id":26465,"date":"2020-10-25T13:55:37","date_gmt":"2020-10-25T13:55:37","guid":{"rendered":"https:\/\/elregionalvm.com.ar\/noticias-villa-maria\/?p=26465"},"modified":"2020-10-25T23:27:01","modified_gmt":"2020-10-25T23:27:01","slug":"picasso-un-creador-incansable-video","status":"publish","type":"post","link":"https:\/\/elregionalvm.com.ar\/noticias-villa-maria\/picasso-un-creador-incansable-video\/","title":{"rendered":"Picasso, un creador incansable (video)"},"content":{"rendered":"\n<h3 class=\"wp-block-heading\"><strong>Pablo Ru\u00edz Picasso defini\u00f3 sus inicios como pintor con la frase \u201cun ni\u00f1o que nunca dibuj\u00f3 como un ni\u00f1o\u201d.<\/strong><\/h3>\n\n\n\n<p><\/p>\n\n\n\n<figure class=\"wp-block-embed-youtube wp-block-embed is-type-video is-provider-youtube wp-embed-aspect-16-9 wp-has-aspect-ratio\"><div class=\"wp-block-embed__wrapper\">\nhttps:\/\/www.youtube.com\/watch?v=N7HS_AUVzZw&#038;feature=emb_title&#038;ab_channel=MuseuPicassodeBarcelona\n<\/div><\/figure>\n\n\n\n<p>La precocidad de Pablo Picasso debe achacarse a las ense\u00f1anzas de su padre, profesor de Bellas Artes por diversas ciudades de Espa\u00f1a tras ser cesado como conservador del Museo de M\u00e1laga, lo que oblig\u00f3 a la familia a emigrar. Despu\u00e9s de pasar por A Coru\u00f1a se instalaron en Barcelona, donde Picasso estudiar\u00eda tambi\u00e9n Bellas Artes, destacando pronto como un alumno muy brillante. \u201cMis primeros dibujos nunca se han mostrado en una exposici\u00f3n de dibujos infantiles. Me faltaba la torpeza de un ni\u00f1o, su ingenuidad. He hecho dibujos acad\u00e9micos a la edad de siete a\u00f1os, con una precisi\u00f3n de la que me asusto\u201d, declaraba.<\/p>\n\n\n\n<p>El joven Pablo, atra\u00eddo por el ambiente art\u00edstico de Par\u00eds, adonde hab\u00eda viajado en varias ocasiones, acabar\u00eda por instalarse all\u00ed en 1904. Ocup\u00f3 un taller en Montmartre y entabl\u00f3 contacto con el mundo bohemio de los artistas y escritores, y frecuentaba los cabar\u00e9s y el circo. Todo ello le aport\u00f3 nuevas ideas tem\u00e1ticas y abri\u00f3 la puerta al periodo rosa, en el que busc\u00f3 dar un salto en su creatividad dominando el volumen de la materia (la carne, los rostros, la sensualidad\u2026), para presentar todo ello con m\u00e1s fuerza en sus cuadros.<\/p>\n\n\n\n<figure class=\"wp-block-image size-large\"><img data-recalc-dims=\"1\" fetchpriority=\"high\" decoding=\"async\" width=\"780\" height=\"515\" src=\"https:\/\/i0.wp.com\/elregionalvm.com.ar\/noticias-villa-maria\/wp-content\/uploads\/2020\/10\/Lee-Miller.jpg?resize=780%2C515&#038;ssl=1\" alt=\"\" class=\"wp-image-26472\" srcset=\"https:\/\/i0.wp.com\/elregionalvm.com.ar\/noticias-villa-maria\/wp-content\/uploads\/2020\/10\/Lee-Miller.jpg?w=780&amp;ssl=1 780w, https:\/\/i0.wp.com\/elregionalvm.com.ar\/noticias-villa-maria\/wp-content\/uploads\/2020\/10\/Lee-Miller.jpg?resize=300%2C198&amp;ssl=1 300w, https:\/\/i0.wp.com\/elregionalvm.com.ar\/noticias-villa-maria\/wp-content\/uploads\/2020\/10\/Lee-Miller.jpg?resize=768%2C507&amp;ssl=1 768w\" sizes=\"(max-width: 780px) 100vw, 780px\" \/><figcaption>Retrato de Lee Miller vestida de arlesiana, 1937<\/figcaption><\/figure>\n\n\n\n<p><strong>El cubismo y la evoluci\u00f3n constante<\/strong><\/p>\n\n\n\n<p>Llevado por una indesmayable capacidad de trabajo, su dominio de la pintura en su faceta m\u00e1s cl\u00e1sica es patente ya por entonces. El genio Picasso se ve impulsado a dar un nuevo salto mortal y se adentra en el cubismo. El punto de partida de esta nueva etapa es una obra maestra, Las se\u00f1oritas de Avignon, que desmonta todas las convenciones de siglos de arte realista. Fue mal recibida y peor comprendida; la aceptaci\u00f3n del cubismo, movimiento que desarroll\u00f3 junto a Georges Braque, no ser\u00eda f\u00e1cil en su momento, pero la posteridad lo ha elevado a un hito en la historia del arte.<\/p>\n\n\n\n<p>Pero ah\u00ed no parar\u00eda su evoluci\u00f3n, con una nueva vuelta de tuerca que fue la etapa del surrealismo. Al mismo tiempo, la pintura de Picasso ir\u00eda reflejando en todas estas \u00e9pocas una vida sentimental muy tumultuosa, ya que tuvo dos esposas y hasta otras cinco parejas femeninas m\u00e1s o menos estables, adem\u00e1s de muchas otras relaciones pasajeras. La primera de sus esposas fue Olga Khokhlova, a la que conoci\u00f3 mientras dise\u00f1aba el decorado para los Ballets Rusos, una c\u00e9lebre compa\u00f1\u00eda que giraba por las grandes capitales europeas. El singular trabajo hab\u00eda sido una invitaci\u00f3n de uno de sus amigos de la intelectualidad parisina, el gran poeta Jean Cocteau.<\/p>\n\n\n\n<p><strong>Una vida sentimental complicada<\/strong><\/p>\n\n\n\n<p>Su relaci\u00f3n con las mujeres nunca fue sencilla y en su obra reflej\u00f3 tanto la inspiraci\u00f3n que le supon\u00edan como las tensiones (una de sus obras se titula La mujer castradora). Esta fue manifiesta sobre todo a partir de los problemas conyugales con Olga derivados de su relaci\u00f3n paralela con Marie-Th\u00e9r\u00e8se Walter, una chica francesa que, con s\u00f3lo diecisiete a\u00f1os, se convirti\u00f3 en su amante y que durante ocho a\u00f1os ser\u00eda su modelo para sensuales representaciones de la belleza y el cuerpo femenino. De sus sucesivos amor\u00edos, Picasso tendr\u00eda un total de cinco hijos.<\/p>\n\n\n\n<figure class=\"wp-block-image size-large\"><img data-recalc-dims=\"1\" decoding=\"async\" width=\"1024\" height=\"708\" src=\"https:\/\/i0.wp.com\/elregionalvm.com.ar\/noticias-villa-maria\/wp-content\/uploads\/2020\/10\/picasso-1.jpg?resize=1024%2C708&#038;ssl=1\" alt=\"\" class=\"wp-image-26469\" srcset=\"https:\/\/i0.wp.com\/elregionalvm.com.ar\/noticias-villa-maria\/wp-content\/uploads\/2020\/10\/picasso-1.jpg?resize=1024%2C708&amp;ssl=1 1024w, https:\/\/i0.wp.com\/elregionalvm.com.ar\/noticias-villa-maria\/wp-content\/uploads\/2020\/10\/picasso-1.jpg?resize=300%2C207&amp;ssl=1 300w, https:\/\/i0.wp.com\/elregionalvm.com.ar\/noticias-villa-maria\/wp-content\/uploads\/2020\/10\/picasso-1.jpg?resize=768%2C531&amp;ssl=1 768w, https:\/\/i0.wp.com\/elregionalvm.com.ar\/noticias-villa-maria\/wp-content\/uploads\/2020\/10\/picasso-1.jpg?resize=1536%2C1061&amp;ssl=1 1536w, https:\/\/i0.wp.com\/elregionalvm.com.ar\/noticias-villa-maria\/wp-content\/uploads\/2020\/10\/picasso-1.jpg?w=1903&amp;ssl=1 1903w\" sizes=\"(max-width: 1000px) 100vw, 1000px\" \/><figcaption>Pablo Picasso,  junto a su familia en 1955. Foto: Reuters<\/figcaption><\/figure>\n\n\n\n<p><strong>El Guernica, su obra m\u00e1s conocida<\/strong><\/p>\n\n\n\n<p>Ya en los a\u00f1os 30, Picasso lograr\u00eda su mayor reconocimiento mundial con una obra de encargo, toda una paradoja, ya que era reacio a aceptarlas. Fue el Guernica, producto de una solicitud del gobierno de la Segunda Rep\u00fablica para exhibir internacionalmente el apoyo del artista a su causa durante la Guerra Civil. Pint\u00f3 un enorme tr\u00edptico lleno de figuras simb\u00f3licas que es considerado un hito final del surrealismo, adem\u00e1s de una met\u00e1fora de los desastres de la guerra con la que Picasso actualiz\u00f3 magistralmente el mensaje de Goya un siglo antes, adapt\u00e1ndolo a los conflictos masivos del siglo XX.<\/p>\n\n\n\n<figure class=\"wp-block-image size-large\"><img data-recalc-dims=\"1\" decoding=\"async\" width=\"1024\" height=\"464\" src=\"https:\/\/i0.wp.com\/elregionalvm.com.ar\/noticias-villa-maria\/wp-content\/uploads\/2020\/10\/Guernica.jpg?resize=1024%2C464&#038;ssl=1\" alt=\"\" class=\"wp-image-26466\" srcset=\"https:\/\/i0.wp.com\/elregionalvm.com.ar\/noticias-villa-maria\/wp-content\/uploads\/2020\/10\/Guernica.jpg?resize=1024%2C464&amp;ssl=1 1024w, https:\/\/i0.wp.com\/elregionalvm.com.ar\/noticias-villa-maria\/wp-content\/uploads\/2020\/10\/Guernica.jpg?resize=300%2C136&amp;ssl=1 300w, https:\/\/i0.wp.com\/elregionalvm.com.ar\/noticias-villa-maria\/wp-content\/uploads\/2020\/10\/Guernica.jpg?resize=768%2C348&amp;ssl=1 768w, https:\/\/i0.wp.com\/elregionalvm.com.ar\/noticias-villa-maria\/wp-content\/uploads\/2020\/10\/Guernica.jpg?resize=1536%2C695&amp;ssl=1 1536w, https:\/\/i0.wp.com\/elregionalvm.com.ar\/noticias-villa-maria\/wp-content\/uploads\/2020\/10\/Guernica.jpg?resize=2048%2C927&amp;ssl=1 2048w\" sizes=\"(max-width: 1000px) 100vw, 1000px\" \/><figcaption>\u201cGuernica\u201d, 1937. Pablo Picasso. Fuente: Museo Reina Sof\u00eda<\/figcaption><\/figure>\n\n\n\n<p>Picasso vivi\u00f3 91 a\u00f1os y se dice que continu\u00f3 trabajando hasta el d\u00eda de su muerte.<\/p>\n\n\n\n<p><em>Fuente: muyhistoria.es<\/em><\/p>\n\n\n\n<p><\/p>\n","protected":false},"excerpt":{"rendered":"<p>Pablo Ru\u00edz Picasso defini\u00f3 sus inicios como pintor con la frase \u201cun ni\u00f1o que nunca dibuj\u00f3 como un ni\u00f1o\u201d. La precocidad de Pablo Picasso debe achacarse a las ense\u00f1anzas de su padre, profesor de Bellas Artes por diversas ciudades de Espa\u00f1a tras ser cesado como conservador del Museo de M\u00e1laga, lo que oblig\u00f3 a la [&hellip;]<\/p>\n","protected":false},"author":4,"featured_media":26471,"comment_status":"open","ping_status":"open","sticky":false,"template":"","format":"standard","meta":{"site-sidebar-layout":"default","site-content-layout":"default","ast-site-content-layout":"default","site-content-style":"default","site-sidebar-style":"default","ast-global-header-display":"","ast-banner-title-visibility":"","ast-main-header-display":"","ast-hfb-above-header-display":"","ast-hfb-below-header-display":"","ast-hfb-mobile-header-display":"","site-post-title":"","ast-breadcrumbs-content":"","ast-featured-img":"","footer-sml-layout":"","ast-disable-related-posts":"","theme-transparent-header-meta":"default","adv-header-id-meta":"","stick-header-meta":"","header-above-stick-meta":"","header-main-stick-meta":"","header-below-stick-meta":"","astra-migrate-meta-layouts":"default","ast-page-background-enabled":"default","ast-page-background-meta":{"desktop":{"background-color":"","background-image":"","background-repeat":"repeat","background-position":"center center","background-size":"auto","background-attachment":"scroll","background-type":"","background-media":"","overlay-type":"","overlay-color":"","overlay-opacity":"","overlay-gradient":""},"tablet":{"background-color":"","background-image":"","background-repeat":"repeat","background-position":"center center","background-size":"auto","background-attachment":"scroll","background-type":"","background-media":"","overlay-type":"","overlay-color":"","overlay-opacity":"","overlay-gradient":""},"mobile":{"background-color":"","background-image":"","background-repeat":"repeat","background-position":"center center","background-size":"auto","background-attachment":"scroll","background-type":"","background-media":"","overlay-type":"","overlay-color":"","overlay-opacity":"","overlay-gradient":""}},"ast-content-background-meta":{"desktop":{"background-color":"var(--ast-global-color-5)","background-image":"","background-repeat":"repeat","background-position":"center center","background-size":"auto","background-attachment":"scroll","background-type":"","background-media":"","overlay-type":"","overlay-color":"","overlay-opacity":"","overlay-gradient":""},"tablet":{"background-color":"var(--ast-global-color-5)","background-image":"","background-repeat":"repeat","background-position":"center center","background-size":"auto","background-attachment":"scroll","background-type":"","background-media":"","overlay-type":"","overlay-color":"","overlay-opacity":"","overlay-gradient":""},"mobile":{"background-color":"var(--ast-global-color-5)","background-image":"","background-repeat":"repeat","background-position":"center center","background-size":"auto","background-attachment":"scroll","background-type":"","background-media":"","overlay-type":"","overlay-color":"","overlay-opacity":"","overlay-gradient":""}},"_jetpack_memberships_contains_paid_content":false,"_joinchat":[],"footnotes":""},"categories":[2068],"tags":[1266,1936,4902,4903],"class_list":["post-26465","post","type-post","status-publish","format-standard","has-post-thumbnail","hentry","category-cultura-deporte","tag-arte","tag-curiosidades","tag-personajes-famosos","tag-picasso"],"yoast_head":"<!-- This site is optimized with the Yoast SEO plugin v26.8 - https:\/\/yoast.com\/product\/yoast-seo-wordpress\/ -->\n<title>Picasso, un creador incansable (video) - El Regional<\/title>\n<meta name=\"robots\" content=\"index, follow, max-snippet:-1, max-image-preview:large, max-video-preview:-1\" \/>\n<link rel=\"canonical\" href=\"http:\/\/elregionalvm.com.ar\/noticias-villa-maria\/picasso-un-creador-incansable-video\/\" \/>\n<meta property=\"og:locale\" content=\"es_ES\" \/>\n<meta property=\"og:type\" content=\"article\" \/>\n<meta property=\"og:title\" content=\"Picasso, un creador incansable (video) - El Regional\" \/>\n<meta property=\"og:description\" content=\"Pablo Ru\u00edz Picasso defini\u00f3 sus inicios como pintor con la frase \u201cun ni\u00f1o que nunca dibuj\u00f3 como un ni\u00f1o\u201d. La precocidad de Pablo Picasso debe achacarse a las ense\u00f1anzas de su padre, profesor de Bellas Artes por diversas ciudades de Espa\u00f1a tras ser cesado como conservador del Museo de M\u00e1laga, lo que oblig\u00f3 a la [&hellip;]\" \/>\n<meta property=\"og:url\" content=\"http:\/\/elregionalvm.com.ar\/noticias-villa-maria\/picasso-un-creador-incansable-video\/\" \/>\n<meta property=\"og:site_name\" content=\"El Regional\" \/>\n<meta property=\"article:publisher\" content=\"https:\/\/www.facebook.com\/elregionalvm\" \/>\n<meta property=\"article:published_time\" content=\"2020-10-25T13:55:37+00:00\" \/>\n<meta property=\"article:modified_time\" content=\"2020-10-25T23:27:01+00:00\" \/>\n<meta property=\"og:image\" content=\"http:\/\/elregionalvm.com.ar\/noticias-villa-maria\/wp-content\/uploads\/2020\/10\/picasso-2.jpg\" \/>\n\t<meta property=\"og:image:width\" content=\"760\" \/>\n\t<meta property=\"og:image:height\" content=\"570\" \/>\n\t<meta property=\"og:image:type\" content=\"image\/jpeg\" \/>\n<meta name=\"author\" content=\"Contenidos El Regional\" \/>\n<meta name=\"twitter:card\" content=\"summary_large_image\" \/>\n<meta name=\"twitter:creator\" content=\"@elregionalvm1\" \/>\n<meta name=\"twitter:site\" content=\"@elregionalvm1\" \/>\n<meta name=\"twitter:label1\" content=\"Escrito por\" \/>\n\t<meta name=\"twitter:data1\" content=\"Contenidos El Regional\" \/>\n\t<meta name=\"twitter:label2\" content=\"Tiempo de lectura\" \/>\n\t<meta name=\"twitter:data2\" content=\"4 minutos\" \/>\n<script type=\"application\/ld+json\" class=\"yoast-schema-graph\">{\"@context\":\"https:\/\/schema.org\",\"@graph\":[{\"@type\":\"Article\",\"@id\":\"http:\/\/elregionalvm.com.ar\/noticias-villa-maria\/picasso-un-creador-incansable-video\/#article\",\"isPartOf\":{\"@id\":\"http:\/\/elregionalvm.com.ar\/noticias-villa-maria\/picasso-un-creador-incansable-video\/\"},\"author\":{\"name\":\"Contenidos El Regional\",\"@id\":\"http:\/\/elregionalvm.com.ar\/noticias-villa-maria\/#\/schema\/person\/a0fb9c422317faca23d50163151bc354\"},\"headline\":\"Picasso, un creador incansable (video)\",\"datePublished\":\"2020-10-25T13:55:37+00:00\",\"dateModified\":\"2020-10-25T23:27:01+00:00\",\"mainEntityOfPage\":{\"@id\":\"http:\/\/elregionalvm.com.ar\/noticias-villa-maria\/picasso-un-creador-incansable-video\/\"},\"wordCount\":759,\"commentCount\":0,\"image\":{\"@id\":\"http:\/\/elregionalvm.com.ar\/noticias-villa-maria\/picasso-un-creador-incansable-video\/#primaryimage\"},\"thumbnailUrl\":\"https:\/\/i0.wp.com\/elregionalvm.com.ar\/noticias-villa-maria\/wp-content\/uploads\/2020\/10\/picasso-2.jpg?fit=760%2C570&ssl=1\",\"keywords\":[\"arte\",\"curiosidades\",\"Personajes famosos\",\"Picasso\"],\"articleSection\":[\"Cultura\"],\"inLanguage\":\"es\",\"potentialAction\":[{\"@type\":\"CommentAction\",\"name\":\"Comment\",\"target\":[\"http:\/\/elregionalvm.com.ar\/noticias-villa-maria\/picasso-un-creador-incansable-video\/#respond\"]}]},{\"@type\":\"WebPage\",\"@id\":\"http:\/\/elregionalvm.com.ar\/noticias-villa-maria\/picasso-un-creador-incansable-video\/\",\"url\":\"http:\/\/elregionalvm.com.ar\/noticias-villa-maria\/picasso-un-creador-incansable-video\/\",\"name\":\"Picasso, un creador incansable (video) - El Regional\",\"isPartOf\":{\"@id\":\"http:\/\/elregionalvm.com.ar\/noticias-villa-maria\/#website\"},\"primaryImageOfPage\":{\"@id\":\"http:\/\/elregionalvm.com.ar\/noticias-villa-maria\/picasso-un-creador-incansable-video\/#primaryimage\"},\"image\":{\"@id\":\"http:\/\/elregionalvm.com.ar\/noticias-villa-maria\/picasso-un-creador-incansable-video\/#primaryimage\"},\"thumbnailUrl\":\"https:\/\/i0.wp.com\/elregionalvm.com.ar\/noticias-villa-maria\/wp-content\/uploads\/2020\/10\/picasso-2.jpg?fit=760%2C570&ssl=1\",\"datePublished\":\"2020-10-25T13:55:37+00:00\",\"dateModified\":\"2020-10-25T23:27:01+00:00\",\"author\":{\"@id\":\"http:\/\/elregionalvm.com.ar\/noticias-villa-maria\/#\/schema\/person\/a0fb9c422317faca23d50163151bc354\"},\"breadcrumb\":{\"@id\":\"http:\/\/elregionalvm.com.ar\/noticias-villa-maria\/picasso-un-creador-incansable-video\/#breadcrumb\"},\"inLanguage\":\"es\",\"potentialAction\":[{\"@type\":\"ReadAction\",\"target\":[\"http:\/\/elregionalvm.com.ar\/noticias-villa-maria\/picasso-un-creador-incansable-video\/\"]}]},{\"@type\":\"ImageObject\",\"inLanguage\":\"es\",\"@id\":\"http:\/\/elregionalvm.com.ar\/noticias-villa-maria\/picasso-un-creador-incansable-video\/#primaryimage\",\"url\":\"https:\/\/i0.wp.com\/elregionalvm.com.ar\/noticias-villa-maria\/wp-content\/uploads\/2020\/10\/picasso-2.jpg?fit=760%2C570&ssl=1\",\"contentUrl\":\"https:\/\/i0.wp.com\/elregionalvm.com.ar\/noticias-villa-maria\/wp-content\/uploads\/2020\/10\/picasso-2.jpg?fit=760%2C570&ssl=1\",\"width\":760,\"height\":570},{\"@type\":\"BreadcrumbList\",\"@id\":\"http:\/\/elregionalvm.com.ar\/noticias-villa-maria\/picasso-un-creador-incansable-video\/#breadcrumb\",\"itemListElement\":[{\"@type\":\"ListItem\",\"position\":1,\"name\":\"Portada\",\"item\":\"https:\/\/elregionalvm.com.ar\/noticias-villa-maria\/\"},{\"@type\":\"ListItem\",\"position\":2,\"name\":\"Picasso, un creador incansable (video)\"}]},{\"@type\":\"WebSite\",\"@id\":\"http:\/\/elregionalvm.com.ar\/noticias-villa-maria\/#website\",\"url\":\"http:\/\/elregionalvm.com.ar\/noticias-villa-maria\/\",\"name\":\"El Regional\",\"description\":\"Mucho m\u00e1s que informaci\u00f3n\",\"potentialAction\":[{\"@type\":\"SearchAction\",\"target\":{\"@type\":\"EntryPoint\",\"urlTemplate\":\"http:\/\/elregionalvm.com.ar\/noticias-villa-maria\/?s={search_term_string}\"},\"query-input\":{\"@type\":\"PropertyValueSpecification\",\"valueRequired\":true,\"valueName\":\"search_term_string\"}}],\"inLanguage\":\"es\"},{\"@type\":\"Person\",\"@id\":\"http:\/\/elregionalvm.com.ar\/noticias-villa-maria\/#\/schema\/person\/a0fb9c422317faca23d50163151bc354\",\"name\":\"Contenidos El Regional\",\"image\":{\"@type\":\"ImageObject\",\"inLanguage\":\"es\",\"@id\":\"http:\/\/elregionalvm.com.ar\/noticias-villa-maria\/#\/schema\/person\/image\/\",\"url\":\"https:\/\/secure.gravatar.com\/avatar\/265b27cb2209af7bb3a1318f03305787d7981a5cc6e6cd08fe5a4ecdf99d4b48?s=96&d=mm&r=g\",\"contentUrl\":\"https:\/\/secure.gravatar.com\/avatar\/265b27cb2209af7bb3a1318f03305787d7981a5cc6e6cd08fe5a4ecdf99d4b48?s=96&d=mm&r=g\",\"caption\":\"Contenidos El Regional\"},\"url\":\"https:\/\/elregionalvm.com.ar\/noticias-villa-maria\/author\/contenido\/\"}]}<\/script>\n<!-- \/ Yoast SEO plugin. -->","yoast_head_json":{"title":"Picasso, un creador incansable (video) - El Regional","robots":{"index":"index","follow":"follow","max-snippet":"max-snippet:-1","max-image-preview":"max-image-preview:large","max-video-preview":"max-video-preview:-1"},"canonical":"http:\/\/elregionalvm.com.ar\/noticias-villa-maria\/picasso-un-creador-incansable-video\/","og_locale":"es_ES","og_type":"article","og_title":"Picasso, un creador incansable (video) - El Regional","og_description":"Pablo Ru\u00edz Picasso defini\u00f3 sus inicios como pintor con la frase \u201cun ni\u00f1o que nunca dibuj\u00f3 como un ni\u00f1o\u201d. La precocidad de Pablo Picasso debe achacarse a las ense\u00f1anzas de su padre, profesor de Bellas Artes por diversas ciudades de Espa\u00f1a tras ser cesado como conservador del Museo de M\u00e1laga, lo que oblig\u00f3 a la [&hellip;]","og_url":"http:\/\/elregionalvm.com.ar\/noticias-villa-maria\/picasso-un-creador-incansable-video\/","og_site_name":"El Regional","article_publisher":"https:\/\/www.facebook.com\/elregionalvm","article_published_time":"2020-10-25T13:55:37+00:00","article_modified_time":"2020-10-25T23:27:01+00:00","og_image":[{"width":760,"height":570,"url":"http:\/\/elregionalvm.com.ar\/noticias-villa-maria\/wp-content\/uploads\/2020\/10\/picasso-2.jpg","type":"image\/jpeg"}],"author":"Contenidos El Regional","twitter_card":"summary_large_image","twitter_creator":"@elregionalvm1","twitter_site":"@elregionalvm1","twitter_misc":{"Escrito por":"Contenidos El Regional","Tiempo de lectura":"4 minutos"},"schema":{"@context":"https:\/\/schema.org","@graph":[{"@type":"Article","@id":"http:\/\/elregionalvm.com.ar\/noticias-villa-maria\/picasso-un-creador-incansable-video\/#article","isPartOf":{"@id":"http:\/\/elregionalvm.com.ar\/noticias-villa-maria\/picasso-un-creador-incansable-video\/"},"author":{"name":"Contenidos El Regional","@id":"http:\/\/elregionalvm.com.ar\/noticias-villa-maria\/#\/schema\/person\/a0fb9c422317faca23d50163151bc354"},"headline":"Picasso, un creador incansable (video)","datePublished":"2020-10-25T13:55:37+00:00","dateModified":"2020-10-25T23:27:01+00:00","mainEntityOfPage":{"@id":"http:\/\/elregionalvm.com.ar\/noticias-villa-maria\/picasso-un-creador-incansable-video\/"},"wordCount":759,"commentCount":0,"image":{"@id":"http:\/\/elregionalvm.com.ar\/noticias-villa-maria\/picasso-un-creador-incansable-video\/#primaryimage"},"thumbnailUrl":"https:\/\/i0.wp.com\/elregionalvm.com.ar\/noticias-villa-maria\/wp-content\/uploads\/2020\/10\/picasso-2.jpg?fit=760%2C570&ssl=1","keywords":["arte","curiosidades","Personajes famosos","Picasso"],"articleSection":["Cultura"],"inLanguage":"es","potentialAction":[{"@type":"CommentAction","name":"Comment","target":["http:\/\/elregionalvm.com.ar\/noticias-villa-maria\/picasso-un-creador-incansable-video\/#respond"]}]},{"@type":"WebPage","@id":"http:\/\/elregionalvm.com.ar\/noticias-villa-maria\/picasso-un-creador-incansable-video\/","url":"http:\/\/elregionalvm.com.ar\/noticias-villa-maria\/picasso-un-creador-incansable-video\/","name":"Picasso, un creador incansable (video) - El Regional","isPartOf":{"@id":"http:\/\/elregionalvm.com.ar\/noticias-villa-maria\/#website"},"primaryImageOfPage":{"@id":"http:\/\/elregionalvm.com.ar\/noticias-villa-maria\/picasso-un-creador-incansable-video\/#primaryimage"},"image":{"@id":"http:\/\/elregionalvm.com.ar\/noticias-villa-maria\/picasso-un-creador-incansable-video\/#primaryimage"},"thumbnailUrl":"https:\/\/i0.wp.com\/elregionalvm.com.ar\/noticias-villa-maria\/wp-content\/uploads\/2020\/10\/picasso-2.jpg?fit=760%2C570&ssl=1","datePublished":"2020-10-25T13:55:37+00:00","dateModified":"2020-10-25T23:27:01+00:00","author":{"@id":"http:\/\/elregionalvm.com.ar\/noticias-villa-maria\/#\/schema\/person\/a0fb9c422317faca23d50163151bc354"},"breadcrumb":{"@id":"http:\/\/elregionalvm.com.ar\/noticias-villa-maria\/picasso-un-creador-incansable-video\/#breadcrumb"},"inLanguage":"es","potentialAction":[{"@type":"ReadAction","target":["http:\/\/elregionalvm.com.ar\/noticias-villa-maria\/picasso-un-creador-incansable-video\/"]}]},{"@type":"ImageObject","inLanguage":"es","@id":"http:\/\/elregionalvm.com.ar\/noticias-villa-maria\/picasso-un-creador-incansable-video\/#primaryimage","url":"https:\/\/i0.wp.com\/elregionalvm.com.ar\/noticias-villa-maria\/wp-content\/uploads\/2020\/10\/picasso-2.jpg?fit=760%2C570&ssl=1","contentUrl":"https:\/\/i0.wp.com\/elregionalvm.com.ar\/noticias-villa-maria\/wp-content\/uploads\/2020\/10\/picasso-2.jpg?fit=760%2C570&ssl=1","width":760,"height":570},{"@type":"BreadcrumbList","@id":"http:\/\/elregionalvm.com.ar\/noticias-villa-maria\/picasso-un-creador-incansable-video\/#breadcrumb","itemListElement":[{"@type":"ListItem","position":1,"name":"Portada","item":"https:\/\/elregionalvm.com.ar\/noticias-villa-maria\/"},{"@type":"ListItem","position":2,"name":"Picasso, un creador incansable (video)"}]},{"@type":"WebSite","@id":"http:\/\/elregionalvm.com.ar\/noticias-villa-maria\/#website","url":"http:\/\/elregionalvm.com.ar\/noticias-villa-maria\/","name":"El Regional","description":"Mucho m\u00e1s que informaci\u00f3n","potentialAction":[{"@type":"SearchAction","target":{"@type":"EntryPoint","urlTemplate":"http:\/\/elregionalvm.com.ar\/noticias-villa-maria\/?s={search_term_string}"},"query-input":{"@type":"PropertyValueSpecification","valueRequired":true,"valueName":"search_term_string"}}],"inLanguage":"es"},{"@type":"Person","@id":"http:\/\/elregionalvm.com.ar\/noticias-villa-maria\/#\/schema\/person\/a0fb9c422317faca23d50163151bc354","name":"Contenidos El Regional","image":{"@type":"ImageObject","inLanguage":"es","@id":"http:\/\/elregionalvm.com.ar\/noticias-villa-maria\/#\/schema\/person\/image\/","url":"https:\/\/secure.gravatar.com\/avatar\/265b27cb2209af7bb3a1318f03305787d7981a5cc6e6cd08fe5a4ecdf99d4b48?s=96&d=mm&r=g","contentUrl":"https:\/\/secure.gravatar.com\/avatar\/265b27cb2209af7bb3a1318f03305787d7981a5cc6e6cd08fe5a4ecdf99d4b48?s=96&d=mm&r=g","caption":"Contenidos El Regional"},"url":"https:\/\/elregionalvm.com.ar\/noticias-villa-maria\/author\/contenido\/"}]}},"jetpack_featured_media_url":"https:\/\/i0.wp.com\/elregionalvm.com.ar\/noticias-villa-maria\/wp-content\/uploads\/2020\/10\/picasso-2.jpg?fit=760%2C570&ssl=1","jetpack_sharing_enabled":true,"_links":{"self":[{"href":"https:\/\/elregionalvm.com.ar\/noticias-villa-maria\/wp-json\/wp\/v2\/posts\/26465","targetHints":{"allow":["GET"]}}],"collection":[{"href":"https:\/\/elregionalvm.com.ar\/noticias-villa-maria\/wp-json\/wp\/v2\/posts"}],"about":[{"href":"https:\/\/elregionalvm.com.ar\/noticias-villa-maria\/wp-json\/wp\/v2\/types\/post"}],"author":[{"embeddable":true,"href":"https:\/\/elregionalvm.com.ar\/noticias-villa-maria\/wp-json\/wp\/v2\/users\/4"}],"replies":[{"embeddable":true,"href":"https:\/\/elregionalvm.com.ar\/noticias-villa-maria\/wp-json\/wp\/v2\/comments?post=26465"}],"version-history":[{"count":4,"href":"https:\/\/elregionalvm.com.ar\/noticias-villa-maria\/wp-json\/wp\/v2\/posts\/26465\/revisions"}],"predecessor-version":[{"id":26474,"href":"https:\/\/elregionalvm.com.ar\/noticias-villa-maria\/wp-json\/wp\/v2\/posts\/26465\/revisions\/26474"}],"wp:featuredmedia":[{"embeddable":true,"href":"https:\/\/elregionalvm.com.ar\/noticias-villa-maria\/wp-json\/wp\/v2\/media\/26471"}],"wp:attachment":[{"href":"https:\/\/elregionalvm.com.ar\/noticias-villa-maria\/wp-json\/wp\/v2\/media?parent=26465"}],"wp:term":[{"taxonomy":"category","embeddable":true,"href":"https:\/\/elregionalvm.com.ar\/noticias-villa-maria\/wp-json\/wp\/v2\/categories?post=26465"},{"taxonomy":"post_tag","embeddable":true,"href":"https:\/\/elregionalvm.com.ar\/noticias-villa-maria\/wp-json\/wp\/v2\/tags?post=26465"}],"curies":[{"name":"wp","href":"https:\/\/api.w.org\/{rel}","templated":true}]}}