{"id":26475,"date":"2020-10-25T14:16:06","date_gmt":"2020-10-25T14:16:06","guid":{"rendered":"https:\/\/elregionalvm.com.ar\/noticias-villa-maria\/?p=26475"},"modified":"2020-10-26T12:28:31","modified_gmt":"2020-10-26T12:28:31","slug":"fue-rescatado-por-bomberos-tras-ir-a-pescar-a-una-isla-del-rio","status":"publish","type":"post","link":"https:\/\/elregionalvm.com.ar\/noticias-villa-maria\/fue-rescatado-por-bomberos-tras-ir-a-pescar-a-una-isla-del-rio\/","title":{"rendered":"Fue rescatado por bomberos tras ir a pescar a una isla del r\u00edo"},"content":{"rendered":"\n<p>Un hombre decidi\u00f3 pasar el fin de semana pl\u00e1cidamente pescando en una de las islas de r\u00edo en un sector de Villa del Sur, cerca de la F\u00e1brica Militar. All\u00ed se hab\u00eda trasladado este viernes o s\u00e1bado con su moto para luego cruzar caminando a una de las islas. Lo que no tuvo en cuenta fue el pron\u00f3stico de lluvias.<\/p>\n\n\n\n<p>Con la tormenta de anoche, y la fuerte precipitaci\u00f3n de las \u00faltimas horas en la zona, el r\u00edo empez\u00f3 a aumentar su caudal lo que lo dej\u00f3 literalmente varado en la isla en cuesti\u00f3n. Temiendo que el nivel del agua siguiera subiendo esta ma\u00f1ana, alrededor de las 7.00 directamente llam\u00f3 a bomberos para que lo fueran a sacar del lugar.<\/p>\n\n\n\n<p>Los bomberos acudieron r\u00e1pidamente y mediante piraguas lo asistieron y sacaron hacia la orilla, poniendo fin a su aventura convertida casi en pesadilla. Ahora s\u00ed el hombre tiene una buena historia para contar y seguramente se ligar\u00e1 alguna que otra \u00abcargada\u00bb. <\/p>\n\n\n\n<p><\/p>\n\n\n\n<figure class=\"wp-block-gallery columns-3 is-cropped wp-block-gallery-1 is-layout-flex wp-block-gallery-is-layout-flex\"><ul class=\"blocks-gallery-grid\"><li class=\"blocks-gallery-item\"><figure><img data-recalc-dims=\"1\" fetchpriority=\"high\" decoding=\"async\" width=\"576\" height=\"1024\" src=\"https:\/\/i0.wp.com\/elregionalvm.com.ar\/noticias-villa-maria\/wp-content\/uploads\/2020\/10\/WhatsApp-Image-2020-10-25-at-07.10.41.jpeg?resize=576%2C1024&#038;ssl=1\" alt=\"\" data-id=\"26479\" data-link=\"https:\/\/elregionalvm.com.ar\/noticias-villa-maria\/?attachment_id=26479\" class=\"wp-image-26479\" srcset=\"https:\/\/i0.wp.com\/elregionalvm.com.ar\/noticias-villa-maria\/wp-content\/uploads\/2020\/10\/WhatsApp-Image-2020-10-25-at-07.10.41.jpeg?resize=576%2C1024&amp;ssl=1 576w, https:\/\/i0.wp.com\/elregionalvm.com.ar\/noticias-villa-maria\/wp-content\/uploads\/2020\/10\/WhatsApp-Image-2020-10-25-at-07.10.41.jpeg?resize=169%2C300&amp;ssl=1 169w, https:\/\/i0.wp.com\/elregionalvm.com.ar\/noticias-villa-maria\/wp-content\/uploads\/2020\/10\/WhatsApp-Image-2020-10-25-at-07.10.41.jpeg?w=581&amp;ssl=1 581w\" sizes=\"(max-width: 576px) 100vw, 576px\" \/><\/figure><\/li><li class=\"blocks-gallery-item\"><figure><img data-recalc-dims=\"1\" decoding=\"async\" width=\"768\" height=\"1024\" src=\"https:\/\/i0.wp.com\/elregionalvm.com.ar\/noticias-villa-maria\/wp-content\/uploads\/2020\/10\/WhatsApp-Image-2020-10-25-at-10.51.06.jpeg?resize=768%2C1024&#038;ssl=1\" alt=\"\" data-id=\"26480\" data-link=\"https:\/\/elregionalvm.com.ar\/noticias-villa-maria\/?attachment_id=26480\" class=\"wp-image-26480\" srcset=\"https:\/\/i0.wp.com\/elregionalvm.com.ar\/noticias-villa-maria\/wp-content\/uploads\/2020\/10\/WhatsApp-Image-2020-10-25-at-10.51.06.jpeg?resize=768%2C1024&amp;ssl=1 768w, https:\/\/i0.wp.com\/elregionalvm.com.ar\/noticias-villa-maria\/wp-content\/uploads\/2020\/10\/WhatsApp-Image-2020-10-25-at-10.51.06.jpeg?resize=225%2C300&amp;ssl=1 225w, https:\/\/i0.wp.com\/elregionalvm.com.ar\/noticias-villa-maria\/wp-content\/uploads\/2020\/10\/WhatsApp-Image-2020-10-25-at-10.51.06.jpeg?w=960&amp;ssl=1 960w\" sizes=\"(max-width: 768px) 100vw, 768px\" \/><\/figure><\/li><li class=\"blocks-gallery-item\"><figure><img data-recalc-dims=\"1\" decoding=\"async\" width=\"768\" height=\"1024\" src=\"https:\/\/i0.wp.com\/elregionalvm.com.ar\/noticias-villa-maria\/wp-content\/uploads\/2020\/10\/WhatsApp-Image-2020-10-25-at-10.51.07.jpeg?resize=768%2C1024&#038;ssl=1\" alt=\"\" data-id=\"26481\" data-link=\"https:\/\/elregionalvm.com.ar\/noticias-villa-maria\/?attachment_id=26481\" class=\"wp-image-26481\" srcset=\"https:\/\/i0.wp.com\/elregionalvm.com.ar\/noticias-villa-maria\/wp-content\/uploads\/2020\/10\/WhatsApp-Image-2020-10-25-at-10.51.07.jpeg?resize=768%2C1024&amp;ssl=1 768w, https:\/\/i0.wp.com\/elregionalvm.com.ar\/noticias-villa-maria\/wp-content\/uploads\/2020\/10\/WhatsApp-Image-2020-10-25-at-10.51.07.jpeg?resize=225%2C300&amp;ssl=1 225w, https:\/\/i0.wp.com\/elregionalvm.com.ar\/noticias-villa-maria\/wp-content\/uploads\/2020\/10\/WhatsApp-Image-2020-10-25-at-10.51.07.jpeg?w=960&amp;ssl=1 960w\" sizes=\"(max-width: 768px) 100vw, 768px\" \/><\/figure><\/li><li class=\"blocks-gallery-item\"><figure><img data-recalc-dims=\"1\" loading=\"lazy\" decoding=\"async\" width=\"576\" height=\"1024\" src=\"https:\/\/i0.wp.com\/elregionalvm.com.ar\/noticias-villa-maria\/wp-content\/uploads\/2020\/10\/WhatsApp-Image-2020-10-25-at-10.51.30.jpeg?resize=576%2C1024&#038;ssl=1\" alt=\"\" data-id=\"26482\" data-link=\"https:\/\/elregionalvm.com.ar\/noticias-villa-maria\/?attachment_id=26482\" class=\"wp-image-26482\" srcset=\"https:\/\/i0.wp.com\/elregionalvm.com.ar\/noticias-villa-maria\/wp-content\/uploads\/2020\/10\/WhatsApp-Image-2020-10-25-at-10.51.30.jpeg?resize=576%2C1024&amp;ssl=1 576w, https:\/\/i0.wp.com\/elregionalvm.com.ar\/noticias-villa-maria\/wp-content\/uploads\/2020\/10\/WhatsApp-Image-2020-10-25-at-10.51.30.jpeg?resize=169%2C300&amp;ssl=1 169w, https:\/\/i0.wp.com\/elregionalvm.com.ar\/noticias-villa-maria\/wp-content\/uploads\/2020\/10\/WhatsApp-Image-2020-10-25-at-10.51.30.jpeg?w=581&amp;ssl=1 581w\" sizes=\"(max-width: 576px) 100vw, 576px\" \/><\/figure><\/li><li class=\"blocks-gallery-item\"><figure><img data-recalc-dims=\"1\" loading=\"lazy\" decoding=\"async\" width=\"576\" height=\"1024\" src=\"https:\/\/i0.wp.com\/elregionalvm.com.ar\/noticias-villa-maria\/wp-content\/uploads\/2020\/10\/WhatsApp-Image-2020-10-25-at-10.53.44-1.jpeg?resize=576%2C1024&#038;ssl=1\" alt=\"\" data-id=\"26484\" data-link=\"https:\/\/elregionalvm.com.ar\/noticias-villa-maria\/?attachment_id=26484\" class=\"wp-image-26484\" srcset=\"https:\/\/i0.wp.com\/elregionalvm.com.ar\/noticias-villa-maria\/wp-content\/uploads\/2020\/10\/WhatsApp-Image-2020-10-25-at-10.53.44-1.jpeg?resize=576%2C1024&amp;ssl=1 576w, https:\/\/i0.wp.com\/elregionalvm.com.ar\/noticias-villa-maria\/wp-content\/uploads\/2020\/10\/WhatsApp-Image-2020-10-25-at-10.53.44-1.jpeg?resize=169%2C300&amp;ssl=1 169w, https:\/\/i0.wp.com\/elregionalvm.com.ar\/noticias-villa-maria\/wp-content\/uploads\/2020\/10\/WhatsApp-Image-2020-10-25-at-10.53.44-1.jpeg?w=581&amp;ssl=1 581w\" sizes=\"(max-width: 576px) 100vw, 576px\" \/><\/figure><\/li><li class=\"blocks-gallery-item\"><figure><img data-recalc-dims=\"1\" loading=\"lazy\" decoding=\"async\" width=\"576\" height=\"1024\" src=\"https:\/\/i0.wp.com\/elregionalvm.com.ar\/noticias-villa-maria\/wp-content\/uploads\/2020\/10\/WhatsApp-Image-2020-10-25-at-10.53.44-2.jpeg?resize=576%2C1024&#038;ssl=1\" alt=\"\" data-id=\"26485\" data-full-url=\"https:\/\/elregionalvm.com.ar\/noticias-villa-maria\/wp-content\/uploads\/2020\/10\/WhatsApp-Image-2020-10-25-at-10.53.44-2.jpeg\" data-link=\"https:\/\/elregionalvm.com.ar\/noticias-villa-maria\/?attachment_id=26485\" class=\"wp-image-26485\" srcset=\"https:\/\/i0.wp.com\/elregionalvm.com.ar\/noticias-villa-maria\/wp-content\/uploads\/2020\/10\/WhatsApp-Image-2020-10-25-at-10.53.44-2.jpeg?resize=576%2C1024&amp;ssl=1 576w, https:\/\/i0.wp.com\/elregionalvm.com.ar\/noticias-villa-maria\/wp-content\/uploads\/2020\/10\/WhatsApp-Image-2020-10-25-at-10.53.44-2.jpeg?resize=169%2C300&amp;ssl=1 169w, https:\/\/i0.wp.com\/elregionalvm.com.ar\/noticias-villa-maria\/wp-content\/uploads\/2020\/10\/WhatsApp-Image-2020-10-25-at-10.53.44-2.jpeg?w=581&amp;ssl=1 581w\" sizes=\"(max-width: 576px) 100vw, 576px\" \/><\/figure><\/li><\/ul><\/figure>\n","protected":false},"excerpt":{"rendered":"<p>Un hombre decidi\u00f3 pasar el fin de semana pl\u00e1cidamente pescando en una de las islas de r\u00edo en un sector de Villa del Sur, cerca de la F\u00e1brica Militar. All\u00ed se hab\u00eda trasladado este viernes o s\u00e1bado con su moto para luego cruzar caminando a una de las islas. Lo que no tuvo en cuenta [&hellip;]<\/p>\n","protected":false},"author":4,"featured_media":26477,"comment_status":"open","ping_status":"open","sticky":false,"template":"","format":"standard","meta":{"site-sidebar-layout":"default","site-content-layout":"default","ast-site-content-layout":"default","site-content-style":"default","site-sidebar-style":"default","ast-global-header-display":"","ast-banner-title-visibility":"","ast-main-header-display":"","ast-hfb-above-header-display":"","ast-hfb-below-header-display":"","ast-hfb-mobile-header-display":"","site-post-title":"","ast-breadcrumbs-content":"","ast-featured-img":"","footer-sml-layout":"","ast-disable-related-posts":"","theme-transparent-header-meta":"default","adv-header-id-meta":"","stick-header-meta":"","header-above-stick-meta":"","header-main-stick-meta":"","header-below-stick-meta":"","astra-migrate-meta-layouts":"default","ast-page-background-enabled":"default","ast-page-background-meta":{"desktop":{"background-color":"","background-image":"","background-repeat":"repeat","background-position":"center center","background-size":"auto","background-attachment":"scroll","background-type":"","background-media":"","overlay-type":"","overlay-color":"","overlay-opacity":"","overlay-gradient":""},"tablet":{"background-color":"","background-image":"","background-repeat":"repeat","background-position":"center center","background-size":"auto","background-attachment":"scroll","background-type":"","background-media":"","overlay-type":"","overlay-color":"","overlay-opacity":"","overlay-gradient":""},"mobile":{"background-color":"","background-image":"","background-repeat":"repeat","background-position":"center center","background-size":"auto","background-attachment":"scroll","background-type":"","background-media":"","overlay-type":"","overlay-color":"","overlay-opacity":"","overlay-gradient":""}},"ast-content-background-meta":{"desktop":{"background-color":"var(--ast-global-color-5)","background-image":"","background-repeat":"repeat","background-position":"center center","background-size":"auto","background-attachment":"scroll","background-type":"","background-media":"","overlay-type":"","overlay-color":"","overlay-opacity":"","overlay-gradient":""},"tablet":{"background-color":"var(--ast-global-color-5)","background-image":"","background-repeat":"repeat","background-position":"center center","background-size":"auto","background-attachment":"scroll","background-type":"","background-media":"","overlay-type":"","overlay-color":"","overlay-opacity":"","overlay-gradient":""},"mobile":{"background-color":"var(--ast-global-color-5)","background-image":"","background-repeat":"repeat","background-position":"center center","background-size":"auto","background-attachment":"scroll","background-type":"","background-media":"","overlay-type":"","overlay-color":"","overlay-opacity":"","overlay-gradient":""}},"_jetpack_memberships_contains_paid_content":false,"_joinchat":[],"footnotes":""},"categories":[1],"tags":[1343,719,4904],"class_list":["post-26475","post","type-post","status-publish","format-standard","has-post-thumbnail","hentry","category-sin-categoria","tag-bomberos","tag-rescates","tag-villa-del-sur"],"yoast_head":"<!-- This site is optimized with the Yoast SEO plugin v26.8 - https:\/\/yoast.com\/product\/yoast-seo-wordpress\/ -->\n<title>Fue rescatado por bomberos tras ir a pescar a una isla del r\u00edo - El Regional<\/title>\n<meta name=\"robots\" content=\"index, follow, max-snippet:-1, max-image-preview:large, max-video-preview:-1\" \/>\n<link rel=\"canonical\" href=\"http:\/\/elregionalvm.com.ar\/noticias-villa-maria\/fue-rescatado-por-bomberos-tras-ir-a-pescar-a-una-isla-del-rio\/\" \/>\n<meta property=\"og:locale\" content=\"es_ES\" \/>\n<meta property=\"og:type\" content=\"article\" \/>\n<meta property=\"og:title\" content=\"Fue rescatado por bomberos tras ir a pescar a una isla del r\u00edo - El Regional\" \/>\n<meta property=\"og:description\" content=\"Un hombre decidi\u00f3 pasar el fin de semana pl\u00e1cidamente pescando en una de las islas de r\u00edo en un sector de Villa del Sur, cerca de la F\u00e1brica Militar. All\u00ed se hab\u00eda trasladado este viernes o s\u00e1bado con su moto para luego cruzar caminando a una de las islas. Lo que no tuvo en cuenta [&hellip;]\" \/>\n<meta property=\"og:url\" content=\"http:\/\/elregionalvm.com.ar\/noticias-villa-maria\/fue-rescatado-por-bomberos-tras-ir-a-pescar-a-una-isla-del-rio\/\" \/>\n<meta property=\"og:site_name\" content=\"El Regional\" \/>\n<meta property=\"article:publisher\" content=\"https:\/\/www.facebook.com\/elregionalvm\" \/>\n<meta property=\"article:published_time\" content=\"2020-10-25T14:16:06+00:00\" \/>\n<meta property=\"article:modified_time\" content=\"2020-10-26T12:28:31+00:00\" \/>\n<meta property=\"og:image\" content=\"http:\/\/elregionalvm.com.ar\/noticias-villa-maria\/wp-content\/uploads\/2020\/10\/WhatsApp-Image-2020-10-25-at-10.53.43.jpeg\" \/>\n\t<meta property=\"og:image:width\" content=\"578\" \/>\n\t<meta property=\"og:image:height\" content=\"530\" \/>\n\t<meta property=\"og:image:type\" content=\"image\/jpeg\" \/>\n<meta name=\"author\" content=\"Contenidos El Regional\" \/>\n<meta name=\"twitter:card\" content=\"summary_large_image\" \/>\n<meta name=\"twitter:creator\" content=\"@elregionalvm1\" \/>\n<meta name=\"twitter:site\" content=\"@elregionalvm1\" \/>\n<meta name=\"twitter:label1\" content=\"Escrito por\" \/>\n\t<meta name=\"twitter:data1\" content=\"Contenidos El Regional\" \/>\n\t<meta name=\"twitter:label2\" content=\"Tiempo de lectura\" \/>\n\t<meta name=\"twitter:data2\" content=\"1 minuto\" \/>\n<script type=\"application\/ld+json\" class=\"yoast-schema-graph\">{\"@context\":\"https:\/\/schema.org\",\"@graph\":[{\"@type\":\"Article\",\"@id\":\"http:\/\/elregionalvm.com.ar\/noticias-villa-maria\/fue-rescatado-por-bomberos-tras-ir-a-pescar-a-una-isla-del-rio\/#article\",\"isPartOf\":{\"@id\":\"http:\/\/elregionalvm.com.ar\/noticias-villa-maria\/fue-rescatado-por-bomberos-tras-ir-a-pescar-a-una-isla-del-rio\/\"},\"author\":{\"name\":\"Contenidos El Regional\",\"@id\":\"http:\/\/elregionalvm.com.ar\/noticias-villa-maria\/#\/schema\/person\/a0fb9c422317faca23d50163151bc354\"},\"headline\":\"Fue rescatado por bomberos tras ir a pescar a una isla del r\u00edo\",\"datePublished\":\"2020-10-25T14:16:06+00:00\",\"dateModified\":\"2020-10-26T12:28:31+00:00\",\"mainEntityOfPage\":{\"@id\":\"http:\/\/elregionalvm.com.ar\/noticias-villa-maria\/fue-rescatado-por-bomberos-tras-ir-a-pescar-a-una-isla-del-rio\/\"},\"wordCount\":185,\"commentCount\":1,\"image\":{\"@id\":\"http:\/\/elregionalvm.com.ar\/noticias-villa-maria\/fue-rescatado-por-bomberos-tras-ir-a-pescar-a-una-isla-del-rio\/#primaryimage\"},\"thumbnailUrl\":\"https:\/\/i0.wp.com\/elregionalvm.com.ar\/noticias-villa-maria\/wp-content\/uploads\/2020\/10\/WhatsApp-Image-2020-10-25-at-10.53.43.jpeg?fit=578%2C530&ssl=1\",\"keywords\":[\"Bomberos\",\"Rescates\",\"Villa del Sur\"],\"inLanguage\":\"es\",\"potentialAction\":[{\"@type\":\"CommentAction\",\"name\":\"Comment\",\"target\":[\"http:\/\/elregionalvm.com.ar\/noticias-villa-maria\/fue-rescatado-por-bomberos-tras-ir-a-pescar-a-una-isla-del-rio\/#respond\"]}]},{\"@type\":\"WebPage\",\"@id\":\"http:\/\/elregionalvm.com.ar\/noticias-villa-maria\/fue-rescatado-por-bomberos-tras-ir-a-pescar-a-una-isla-del-rio\/\",\"url\":\"http:\/\/elregionalvm.com.ar\/noticias-villa-maria\/fue-rescatado-por-bomberos-tras-ir-a-pescar-a-una-isla-del-rio\/\",\"name\":\"Fue rescatado por bomberos tras ir a pescar a una isla del r\u00edo - El Regional\",\"isPartOf\":{\"@id\":\"http:\/\/elregionalvm.com.ar\/noticias-villa-maria\/#website\"},\"primaryImageOfPage\":{\"@id\":\"http:\/\/elregionalvm.com.ar\/noticias-villa-maria\/fue-rescatado-por-bomberos-tras-ir-a-pescar-a-una-isla-del-rio\/#primaryimage\"},\"image\":{\"@id\":\"http:\/\/elregionalvm.com.ar\/noticias-villa-maria\/fue-rescatado-por-bomberos-tras-ir-a-pescar-a-una-isla-del-rio\/#primaryimage\"},\"thumbnailUrl\":\"https:\/\/i0.wp.com\/elregionalvm.com.ar\/noticias-villa-maria\/wp-content\/uploads\/2020\/10\/WhatsApp-Image-2020-10-25-at-10.53.43.jpeg?fit=578%2C530&ssl=1\",\"datePublished\":\"2020-10-25T14:16:06+00:00\",\"dateModified\":\"2020-10-26T12:28:31+00:00\",\"author\":{\"@id\":\"http:\/\/elregionalvm.com.ar\/noticias-villa-maria\/#\/schema\/person\/a0fb9c422317faca23d50163151bc354\"},\"breadcrumb\":{\"@id\":\"http:\/\/elregionalvm.com.ar\/noticias-villa-maria\/fue-rescatado-por-bomberos-tras-ir-a-pescar-a-una-isla-del-rio\/#breadcrumb\"},\"inLanguage\":\"es\",\"potentialAction\":[{\"@type\":\"ReadAction\",\"target\":[\"http:\/\/elregionalvm.com.ar\/noticias-villa-maria\/fue-rescatado-por-bomberos-tras-ir-a-pescar-a-una-isla-del-rio\/\"]}]},{\"@type\":\"ImageObject\",\"inLanguage\":\"es\",\"@id\":\"http:\/\/elregionalvm.com.ar\/noticias-villa-maria\/fue-rescatado-por-bomberos-tras-ir-a-pescar-a-una-isla-del-rio\/#primaryimage\",\"url\":\"https:\/\/i0.wp.com\/elregionalvm.com.ar\/noticias-villa-maria\/wp-content\/uploads\/2020\/10\/WhatsApp-Image-2020-10-25-at-10.53.43.jpeg?fit=578%2C530&ssl=1\",\"contentUrl\":\"https:\/\/i0.wp.com\/elregionalvm.com.ar\/noticias-villa-maria\/wp-content\/uploads\/2020\/10\/WhatsApp-Image-2020-10-25-at-10.53.43.jpeg?fit=578%2C530&ssl=1\",\"width\":578,\"height\":530},{\"@type\":\"BreadcrumbList\",\"@id\":\"http:\/\/elregionalvm.com.ar\/noticias-villa-maria\/fue-rescatado-por-bomberos-tras-ir-a-pescar-a-una-isla-del-rio\/#breadcrumb\",\"itemListElement\":[{\"@type\":\"ListItem\",\"position\":1,\"name\":\"Portada\",\"item\":\"https:\/\/elregionalvm.com.ar\/noticias-villa-maria\/\"},{\"@type\":\"ListItem\",\"position\":2,\"name\":\"Fue rescatado por bomberos tras ir a pescar a una isla del r\u00edo\"}]},{\"@type\":\"WebSite\",\"@id\":\"http:\/\/elregionalvm.com.ar\/noticias-villa-maria\/#website\",\"url\":\"http:\/\/elregionalvm.com.ar\/noticias-villa-maria\/\",\"name\":\"El Regional\",\"description\":\"Mucho m\u00e1s que informaci\u00f3n\",\"potentialAction\":[{\"@type\":\"SearchAction\",\"target\":{\"@type\":\"EntryPoint\",\"urlTemplate\":\"http:\/\/elregionalvm.com.ar\/noticias-villa-maria\/?s={search_term_string}\"},\"query-input\":{\"@type\":\"PropertyValueSpecification\",\"valueRequired\":true,\"valueName\":\"search_term_string\"}}],\"inLanguage\":\"es\"},{\"@type\":\"Person\",\"@id\":\"http:\/\/elregionalvm.com.ar\/noticias-villa-maria\/#\/schema\/person\/a0fb9c422317faca23d50163151bc354\",\"name\":\"Contenidos El Regional\",\"image\":{\"@type\":\"ImageObject\",\"inLanguage\":\"es\",\"@id\":\"http:\/\/elregionalvm.com.ar\/noticias-villa-maria\/#\/schema\/person\/image\/\",\"url\":\"https:\/\/secure.gravatar.com\/avatar\/265b27cb2209af7bb3a1318f03305787d7981a5cc6e6cd08fe5a4ecdf99d4b48?s=96&d=mm&r=g\",\"contentUrl\":\"https:\/\/secure.gravatar.com\/avatar\/265b27cb2209af7bb3a1318f03305787d7981a5cc6e6cd08fe5a4ecdf99d4b48?s=96&d=mm&r=g\",\"caption\":\"Contenidos El Regional\"},\"url\":\"https:\/\/elregionalvm.com.ar\/noticias-villa-maria\/author\/contenido\/\"}]}<\/script>\n<!-- \/ Yoast SEO plugin. -->","yoast_head_json":{"title":"Fue rescatado por bomberos tras ir a pescar a una isla del r\u00edo - El Regional","robots":{"index":"index","follow":"follow","max-snippet":"max-snippet:-1","max-image-preview":"max-image-preview:large","max-video-preview":"max-video-preview:-1"},"canonical":"http:\/\/elregionalvm.com.ar\/noticias-villa-maria\/fue-rescatado-por-bomberos-tras-ir-a-pescar-a-una-isla-del-rio\/","og_locale":"es_ES","og_type":"article","og_title":"Fue rescatado por bomberos tras ir a pescar a una isla del r\u00edo - El Regional","og_description":"Un hombre decidi\u00f3 pasar el fin de semana pl\u00e1cidamente pescando en una de las islas de r\u00edo en un sector de Villa del Sur, cerca de la F\u00e1brica Militar. All\u00ed se hab\u00eda trasladado este viernes o s\u00e1bado con su moto para luego cruzar caminando a una de las islas. Lo que no tuvo en cuenta [&hellip;]","og_url":"http:\/\/elregionalvm.com.ar\/noticias-villa-maria\/fue-rescatado-por-bomberos-tras-ir-a-pescar-a-una-isla-del-rio\/","og_site_name":"El Regional","article_publisher":"https:\/\/www.facebook.com\/elregionalvm","article_published_time":"2020-10-25T14:16:06+00:00","article_modified_time":"2020-10-26T12:28:31+00:00","og_image":[{"width":578,"height":530,"url":"http:\/\/elregionalvm.com.ar\/noticias-villa-maria\/wp-content\/uploads\/2020\/10\/WhatsApp-Image-2020-10-25-at-10.53.43.jpeg","type":"image\/jpeg"}],"author":"Contenidos El Regional","twitter_card":"summary_large_image","twitter_creator":"@elregionalvm1","twitter_site":"@elregionalvm1","twitter_misc":{"Escrito por":"Contenidos El Regional","Tiempo de lectura":"1 minuto"},"schema":{"@context":"https:\/\/schema.org","@graph":[{"@type":"Article","@id":"http:\/\/elregionalvm.com.ar\/noticias-villa-maria\/fue-rescatado-por-bomberos-tras-ir-a-pescar-a-una-isla-del-rio\/#article","isPartOf":{"@id":"http:\/\/elregionalvm.com.ar\/noticias-villa-maria\/fue-rescatado-por-bomberos-tras-ir-a-pescar-a-una-isla-del-rio\/"},"author":{"name":"Contenidos El Regional","@id":"http:\/\/elregionalvm.com.ar\/noticias-villa-maria\/#\/schema\/person\/a0fb9c422317faca23d50163151bc354"},"headline":"Fue rescatado por bomberos tras ir a pescar a una isla del r\u00edo","datePublished":"2020-10-25T14:16:06+00:00","dateModified":"2020-10-26T12:28:31+00:00","mainEntityOfPage":{"@id":"http:\/\/elregionalvm.com.ar\/noticias-villa-maria\/fue-rescatado-por-bomberos-tras-ir-a-pescar-a-una-isla-del-rio\/"},"wordCount":185,"commentCount":1,"image":{"@id":"http:\/\/elregionalvm.com.ar\/noticias-villa-maria\/fue-rescatado-por-bomberos-tras-ir-a-pescar-a-una-isla-del-rio\/#primaryimage"},"thumbnailUrl":"https:\/\/i0.wp.com\/elregionalvm.com.ar\/noticias-villa-maria\/wp-content\/uploads\/2020\/10\/WhatsApp-Image-2020-10-25-at-10.53.43.jpeg?fit=578%2C530&ssl=1","keywords":["Bomberos","Rescates","Villa del Sur"],"inLanguage":"es","potentialAction":[{"@type":"CommentAction","name":"Comment","target":["http:\/\/elregionalvm.com.ar\/noticias-villa-maria\/fue-rescatado-por-bomberos-tras-ir-a-pescar-a-una-isla-del-rio\/#respond"]}]},{"@type":"WebPage","@id":"http:\/\/elregionalvm.com.ar\/noticias-villa-maria\/fue-rescatado-por-bomberos-tras-ir-a-pescar-a-una-isla-del-rio\/","url":"http:\/\/elregionalvm.com.ar\/noticias-villa-maria\/fue-rescatado-por-bomberos-tras-ir-a-pescar-a-una-isla-del-rio\/","name":"Fue rescatado por bomberos tras ir a pescar a una isla del r\u00edo - El Regional","isPartOf":{"@id":"http:\/\/elregionalvm.com.ar\/noticias-villa-maria\/#website"},"primaryImageOfPage":{"@id":"http:\/\/elregionalvm.com.ar\/noticias-villa-maria\/fue-rescatado-por-bomberos-tras-ir-a-pescar-a-una-isla-del-rio\/#primaryimage"},"image":{"@id":"http:\/\/elregionalvm.com.ar\/noticias-villa-maria\/fue-rescatado-por-bomberos-tras-ir-a-pescar-a-una-isla-del-rio\/#primaryimage"},"thumbnailUrl":"https:\/\/i0.wp.com\/elregionalvm.com.ar\/noticias-villa-maria\/wp-content\/uploads\/2020\/10\/WhatsApp-Image-2020-10-25-at-10.53.43.jpeg?fit=578%2C530&ssl=1","datePublished":"2020-10-25T14:16:06+00:00","dateModified":"2020-10-26T12:28:31+00:00","author":{"@id":"http:\/\/elregionalvm.com.ar\/noticias-villa-maria\/#\/schema\/person\/a0fb9c422317faca23d50163151bc354"},"breadcrumb":{"@id":"http:\/\/elregionalvm.com.ar\/noticias-villa-maria\/fue-rescatado-por-bomberos-tras-ir-a-pescar-a-una-isla-del-rio\/#breadcrumb"},"inLanguage":"es","potentialAction":[{"@type":"ReadAction","target":["http:\/\/elregionalvm.com.ar\/noticias-villa-maria\/fue-rescatado-por-bomberos-tras-ir-a-pescar-a-una-isla-del-rio\/"]}]},{"@type":"ImageObject","inLanguage":"es","@id":"http:\/\/elregionalvm.com.ar\/noticias-villa-maria\/fue-rescatado-por-bomberos-tras-ir-a-pescar-a-una-isla-del-rio\/#primaryimage","url":"https:\/\/i0.wp.com\/elregionalvm.com.ar\/noticias-villa-maria\/wp-content\/uploads\/2020\/10\/WhatsApp-Image-2020-10-25-at-10.53.43.jpeg?fit=578%2C530&ssl=1","contentUrl":"https:\/\/i0.wp.com\/elregionalvm.com.ar\/noticias-villa-maria\/wp-content\/uploads\/2020\/10\/WhatsApp-Image-2020-10-25-at-10.53.43.jpeg?fit=578%2C530&ssl=1","width":578,"height":530},{"@type":"BreadcrumbList","@id":"http:\/\/elregionalvm.com.ar\/noticias-villa-maria\/fue-rescatado-por-bomberos-tras-ir-a-pescar-a-una-isla-del-rio\/#breadcrumb","itemListElement":[{"@type":"ListItem","position":1,"name":"Portada","item":"https:\/\/elregionalvm.com.ar\/noticias-villa-maria\/"},{"@type":"ListItem","position":2,"name":"Fue rescatado por bomberos tras ir a pescar a una isla del r\u00edo"}]},{"@type":"WebSite","@id":"http:\/\/elregionalvm.com.ar\/noticias-villa-maria\/#website","url":"http:\/\/elregionalvm.com.ar\/noticias-villa-maria\/","name":"El Regional","description":"Mucho m\u00e1s que informaci\u00f3n","potentialAction":[{"@type":"SearchAction","target":{"@type":"EntryPoint","urlTemplate":"http:\/\/elregionalvm.com.ar\/noticias-villa-maria\/?s={search_term_string}"},"query-input":{"@type":"PropertyValueSpecification","valueRequired":true,"valueName":"search_term_string"}}],"inLanguage":"es"},{"@type":"Person","@id":"http:\/\/elregionalvm.com.ar\/noticias-villa-maria\/#\/schema\/person\/a0fb9c422317faca23d50163151bc354","name":"Contenidos El Regional","image":{"@type":"ImageObject","inLanguage":"es","@id":"http:\/\/elregionalvm.com.ar\/noticias-villa-maria\/#\/schema\/person\/image\/","url":"https:\/\/secure.gravatar.com\/avatar\/265b27cb2209af7bb3a1318f03305787d7981a5cc6e6cd08fe5a4ecdf99d4b48?s=96&d=mm&r=g","contentUrl":"https:\/\/secure.gravatar.com\/avatar\/265b27cb2209af7bb3a1318f03305787d7981a5cc6e6cd08fe5a4ecdf99d4b48?s=96&d=mm&r=g","caption":"Contenidos El Regional"},"url":"https:\/\/elregionalvm.com.ar\/noticias-villa-maria\/author\/contenido\/"}]}},"jetpack_featured_media_url":"https:\/\/i0.wp.com\/elregionalvm.com.ar\/noticias-villa-maria\/wp-content\/uploads\/2020\/10\/WhatsApp-Image-2020-10-25-at-10.53.43.jpeg?fit=578%2C530&ssl=1","jetpack_sharing_enabled":true,"_links":{"self":[{"href":"https:\/\/elregionalvm.com.ar\/noticias-villa-maria\/wp-json\/wp\/v2\/posts\/26475","targetHints":{"allow":["GET"]}}],"collection":[{"href":"https:\/\/elregionalvm.com.ar\/noticias-villa-maria\/wp-json\/wp\/v2\/posts"}],"about":[{"href":"https:\/\/elregionalvm.com.ar\/noticias-villa-maria\/wp-json\/wp\/v2\/types\/post"}],"author":[{"embeddable":true,"href":"https:\/\/elregionalvm.com.ar\/noticias-villa-maria\/wp-json\/wp\/v2\/users\/4"}],"replies":[{"embeddable":true,"href":"https:\/\/elregionalvm.com.ar\/noticias-villa-maria\/wp-json\/wp\/v2\/comments?post=26475"}],"version-history":[{"count":1,"href":"https:\/\/elregionalvm.com.ar\/noticias-villa-maria\/wp-json\/wp\/v2\/posts\/26475\/revisions"}],"predecessor-version":[{"id":26486,"href":"https:\/\/elregionalvm.com.ar\/noticias-villa-maria\/wp-json\/wp\/v2\/posts\/26475\/revisions\/26486"}],"wp:featuredmedia":[{"embeddable":true,"href":"https:\/\/elregionalvm.com.ar\/noticias-villa-maria\/wp-json\/wp\/v2\/media\/26477"}],"wp:attachment":[{"href":"https:\/\/elregionalvm.com.ar\/noticias-villa-maria\/wp-json\/wp\/v2\/media?parent=26475"}],"wp:term":[{"taxonomy":"category","embeddable":true,"href":"https:\/\/elregionalvm.com.ar\/noticias-villa-maria\/wp-json\/wp\/v2\/categories?post=26475"},{"taxonomy":"post_tag","embeddable":true,"href":"https:\/\/elregionalvm.com.ar\/noticias-villa-maria\/wp-json\/wp\/v2\/tags?post=26475"}],"curies":[{"name":"wp","href":"https:\/\/api.w.org\/{rel}","templated":true}]}}