{"id":26498,"date":"2020-10-25T20:11:12","date_gmt":"2020-10-25T20:11:12","guid":{"rendered":"https:\/\/elregionalvm.com.ar\/noticias-villa-maria\/?p=26498"},"modified":"2020-10-27T16:37:52","modified_gmt":"2020-10-27T16:37:52","slug":"la-salud-de-luto-fallecio-oftalmologo-del-pasteur-por-covid-19","status":"publish","type":"post","link":"https:\/\/elregionalvm.com.ar\/noticias-villa-maria\/la-salud-de-luto-fallecio-oftalmologo-del-pasteur-por-covid-19\/","title":{"rendered":"La salud de luto: falleci\u00f3 oftalm\u00f3logo del Pasteur por Covid 19"},"content":{"rendered":"\n<p>Jorge Ranco ten\u00eda 61 a\u00f1os. Era oftalm\u00f3logo y se desempe\u00f1aba en al Hospital Pasteur, adem\u00e1s de atender su consultorio particular.<\/p>\n\n\n\n<p>Este s\u00e1bado falleci\u00f3 por Covid 19 tras permanecer internado primero en el centro de salud provincial en Villa Mar\u00eda y luego en la ciudad de C\u00f3rdoba debido al agravamiento de su estado de salud.<\/p>\n\n\n\n<p>El C\u00edrculo M\u00e9dico de Villa Mar\u00eda y la comunidad m\u00e9dica en general lamentaron el fallecimiento de Ranco.<\/p>\n\n\n\n<p><\/p>\n\n\n\n<figure class=\"wp-block-image size-large\"><img data-recalc-dims=\"1\" fetchpriority=\"high\" decoding=\"async\" width=\"1024\" height=\"768\" src=\"https:\/\/i0.wp.com\/elregionalvm.com.ar\/noticias-villa-maria\/wp-content\/uploads\/2020\/10\/WhatsApp-Image-2020-10-25-at-10.16.39-PM.jpeg?resize=1024%2C768&#038;ssl=1\" alt=\"\" class=\"wp-image-26535\" srcset=\"https:\/\/i0.wp.com\/elregionalvm.com.ar\/noticias-villa-maria\/wp-content\/uploads\/2020\/10\/WhatsApp-Image-2020-10-25-at-10.16.39-PM.jpeg?resize=1024%2C768&amp;ssl=1 1024w, https:\/\/i0.wp.com\/elregionalvm.com.ar\/noticias-villa-maria\/wp-content\/uploads\/2020\/10\/WhatsApp-Image-2020-10-25-at-10.16.39-PM.jpeg?resize=300%2C225&amp;ssl=1 300w, https:\/\/i0.wp.com\/elregionalvm.com.ar\/noticias-villa-maria\/wp-content\/uploads\/2020\/10\/WhatsApp-Image-2020-10-25-at-10.16.39-PM.jpeg?resize=768%2C576&amp;ssl=1 768w, https:\/\/i0.wp.com\/elregionalvm.com.ar\/noticias-villa-maria\/wp-content\/uploads\/2020\/10\/WhatsApp-Image-2020-10-25-at-10.16.39-PM.jpeg?w=1040&amp;ssl=1 1040w\" sizes=\"(max-width: 1000px) 100vw, 1000px\" \/><figcaption><em>Ranco ejerciendo su profesi\u00f3n. <\/em><\/figcaption><\/figure>\n\n\n\n<p><\/p>\n\n\n\n<p><strong>Aeroclub<\/strong><\/p>\n\n\n\n<p>Numerosas muestras de afecto y lamento de familiares, amigos y colegas se expresaron en las redes sociales durante este fin de semana. Entre estas, desde el Aeroclub Villa Mar\u00eda, del cual era socio, ya que se desempe\u00f1aba como piloto.<\/p>\n\n\n\n<p>\u00abEsta p\u00e9rdida irreparable nos llena de dolor, a muy pocos d\u00edas de la muerte de otro socio de nuestra instituci\u00f3n, Don H\u00e9ctor Combina, y en el marco de la pandemia, que nos aqueja y acosa fuertemente en estos momentos\u00bb, expres\u00f3 la entidad.<\/p>\n\n\n\n<p>\u00abPor este motivo, acompa\u00f1amos a la comunidad m\u00e9dica, a sus colegas pilotos, a sus amigos, pero fundamentalmente a su familia, que \u00e9l supo forjar, desde pilares b\u00e1sicos, como la honestidad, la dignidad del esfuerzo, el estudio y el trabajo\u00bb, agreg\u00f3.<\/p>\n\n\n\n<p><\/p>\n\n\n\n<figure class=\"wp-block-image size-large\"><img data-recalc-dims=\"1\" decoding=\"async\" width=\"1024\" height=\"768\" src=\"https:\/\/i0.wp.com\/elregionalvm.com.ar\/noticias-villa-maria\/wp-content\/uploads\/2020\/10\/WhatsApp-Image-2020-10-25-at-10.16.35-PM.jpeg?resize=1024%2C768&#038;ssl=1\" alt=\"\" class=\"wp-image-26534\" srcset=\"https:\/\/i0.wp.com\/elregionalvm.com.ar\/noticias-villa-maria\/wp-content\/uploads\/2020\/10\/WhatsApp-Image-2020-10-25-at-10.16.35-PM.jpeg?resize=1024%2C768&amp;ssl=1 1024w, https:\/\/i0.wp.com\/elregionalvm.com.ar\/noticias-villa-maria\/wp-content\/uploads\/2020\/10\/WhatsApp-Image-2020-10-25-at-10.16.35-PM.jpeg?resize=300%2C225&amp;ssl=1 300w, https:\/\/i0.wp.com\/elregionalvm.com.ar\/noticias-villa-maria\/wp-content\/uploads\/2020\/10\/WhatsApp-Image-2020-10-25-at-10.16.35-PM.jpeg?resize=768%2C576&amp;ssl=1 768w, https:\/\/i0.wp.com\/elregionalvm.com.ar\/noticias-villa-maria\/wp-content\/uploads\/2020\/10\/WhatsApp-Image-2020-10-25-at-10.16.35-PM.jpeg?w=1280&amp;ssl=1 1280w\" sizes=\"(max-width: 1000px) 100vw, 1000px\" \/><figcaption><em>Una de sus pasiones era volar. Fue socio activo del Aeroclub Villa Mar\u00eda. <\/em><\/figcaption><\/figure>\n\n\n\n<p><\/p>\n\n\n\n<p><strong>Rese\u00f1a de vida<\/strong><\/p>\n\n\n\n<p>El Dr. Jorge Ranco hab\u00eda nacido el 29 de abril del a\u00f1o 1959 en el seno de una reconocida familia de nuestra ciudad. Siendo muy joven se destacaba como estudiante, por lo que accedi\u00f3 a varias becas estudiantiles, que le permitieron conocer otras latitudes y hablar otras lenguas del mundo.<\/p>\n\n\n\n<p>Trabajaba en el \u00e1mbito privado y tambi\u00e9n en su querido Hospital, fue socio y presidente de la cooperativa m\u00e9dica de Villa Mar\u00eda (SOS SALUD), y sus conocimientos y apego al estudio y la capacitaci\u00f3n lo convirtieron en m\u00e9dico AME (m\u00e9dico con especialidad aeron\u00e1utica). <\/p>\n\n\n\n<p>Este t\u00edtulo le permit\u00eda a la ciudad contar con un profesional, de los pocos que tiene la provincia en su tipo, con facultades para otorgar el examen psicof\u00edsico del personal aeron\u00e1utico.<\/p>\n\n\n\n<p>En relaci\u00f3n a la carrera de piloto, exhibi\u00f3 un honor que muy pocos pueden exponer: fue hijo de un piloto de la ciudad, adem\u00e1s padre de un joven que en la actualidad es piloto de l\u00ednea a\u00e9rea ( TLA) y que desarrollaba tareas hasta comienzo de la pandemia en la empresa paname\u00f1a Copa Airlines.<\/p>\n\n\n\n<p>Esa pasi\u00f3n por el vuelo, lo motiv\u00f3 a que en los \u00faltimos a\u00f1os se convirtiese en Piloto Privada de Avi\u00f3n (PPA), llegando a volar 3 de las 4 aeronaves que posee  el Aeroclub Villa Mar\u00eda.<\/p>\n\n\n\n<p><strong>Recuerdo de colegas<\/strong><\/p>\n\n\n\n<p><strong>Destacamos, entre otros, la publicaci\u00f3n de la infect\u00f3loga del Hospital Pasteur, Noelia Carre\u00f1o:<\/strong><\/p>\n\n\n\n<p>\u201cSe fue otro m\u00e1s de los nuestros\u2026. Y creo es de remarcar una conversaci\u00f3n que tuve con \u00e9l, d\u00edas antes de su internaci\u00f3n, para que quienes no lo conocieron sepan un poquito de \u00e9l.<\/p>\n\n\n\n<p>Me lo encuentro como siempre, en el pasillo de los consultorios externos del Hospital Pasteur, el con su sonrisa enorme y su chiste en la boca, no recuerdo que me dijo (era una gastada obviamente) a lo que entre risas devolv\u00ed: \u201cvos estas bastante grande y un poco gordito para estar ac\u00e1\u201d. El respondi\u00f3: \u201cvos te pens\u00e1s que me voy a perder de ser h\u00e9roe???? \u00a1Despu\u00e9s de la pandemia me jubilo, antes ni loco!!!!!\u201d<\/p>\n\n\n\n<p>Y finalmente es un h\u00e9roe, una gran pena que los h\u00e9roes se van de ac\u00e1.<\/p>\n\n\n\n<p>Ojal\u00e1 la gente afuera de los centros de salud no nos considerara h\u00e9roes, sino simples seres humanos, padres, hijos de alguien. Tal vez de esa manera ser\u00edan un poco m\u00e1s emp\u00e1ticos con nosotros (La empat\u00eda es la capacidad de ponerse en el lugar del otro)<\/p>\n\n\n\n<p>Gran p\u00e9rdida, como colega y como ser humano.<\/p>\n\n\n\n<p>All\u00e1 debe estar, contando chistes y piloteando alg\u00fan avi\u00f3n seguramente.<\/p>\n\n\n\n<p>\u00a1Te vamos a extra\u00f1ar doc.!\u201d<\/p>\n\n\n\n<p><\/p>\n\n\n\n<p><\/p>\n\n\n\n<figure class=\"wp-block-image size-large\"><img data-recalc-dims=\"1\" decoding=\"async\" width=\"547\" height=\"1024\" src=\"https:\/\/i0.wp.com\/elregionalvm.com.ar\/noticias-villa-maria\/wp-content\/uploads\/2020\/10\/WhatsApp-Image-2020-10-25-at-5.08.09-PM.jpeg?resize=547%2C1024&#038;ssl=1\" alt=\"\" class=\"wp-image-26500\" srcset=\"https:\/\/i0.wp.com\/elregionalvm.com.ar\/noticias-villa-maria\/wp-content\/uploads\/2020\/10\/WhatsApp-Image-2020-10-25-at-5.08.09-PM.jpeg?resize=547%2C1024&amp;ssl=1 547w, https:\/\/i0.wp.com\/elregionalvm.com.ar\/noticias-villa-maria\/wp-content\/uploads\/2020\/10\/WhatsApp-Image-2020-10-25-at-5.08.09-PM.jpeg?resize=160%2C300&amp;ssl=1 160w, https:\/\/i0.wp.com\/elregionalvm.com.ar\/noticias-villa-maria\/wp-content\/uploads\/2020\/10\/WhatsApp-Image-2020-10-25-at-5.08.09-PM.jpeg?w=587&amp;ssl=1 587w\" sizes=\"(max-width: 547px) 100vw, 547px\" \/><\/figure>\n","protected":false},"excerpt":{"rendered":"<p>Jorge Ranco ten\u00eda 61 a\u00f1os. Era oftalm\u00f3logo y se desempe\u00f1aba en al Hospital Pasteur, adem\u00e1s de atender su consultorio particular. Este s\u00e1bado falleci\u00f3 por Covid 19 tras permanecer internado primero en el centro de salud provincial en Villa Mar\u00eda y luego en la ciudad de C\u00f3rdoba debido al agravamiento de su estado de salud. El [&hellip;]<\/p>\n","protected":false},"author":4,"featured_media":26516,"comment_status":"open","ping_status":"open","sticky":false,"template":"","format":"standard","meta":{"site-sidebar-layout":"default","site-content-layout":"default","ast-site-content-layout":"default","site-content-style":"default","site-sidebar-style":"default","ast-global-header-display":"","ast-banner-title-visibility":"","ast-main-header-display":"","ast-hfb-above-header-display":"","ast-hfb-below-header-display":"","ast-hfb-mobile-header-display":"","site-post-title":"","ast-breadcrumbs-content":"","ast-featured-img":"","footer-sml-layout":"","ast-disable-related-posts":"","theme-transparent-header-meta":"default","adv-header-id-meta":"","stick-header-meta":"","header-above-stick-meta":"","header-main-stick-meta":"","header-below-stick-meta":"","astra-migrate-meta-layouts":"default","ast-page-background-enabled":"default","ast-page-background-meta":{"desktop":{"background-color":"","background-image":"","background-repeat":"repeat","background-position":"center center","background-size":"auto","background-attachment":"scroll","background-type":"","background-media":"","overlay-type":"","overlay-color":"","overlay-opacity":"","overlay-gradient":""},"tablet":{"background-color":"","background-image":"","background-repeat":"repeat","background-position":"center center","background-size":"auto","background-attachment":"scroll","background-type":"","background-media":"","overlay-type":"","overlay-color":"","overlay-opacity":"","overlay-gradient":""},"mobile":{"background-color":"","background-image":"","background-repeat":"repeat","background-position":"center center","background-size":"auto","background-attachment":"scroll","background-type":"","background-media":"","overlay-type":"","overlay-color":"","overlay-opacity":"","overlay-gradient":""}},"ast-content-background-meta":{"desktop":{"background-color":"var(--ast-global-color-5)","background-image":"","background-repeat":"repeat","background-position":"center center","background-size":"auto","background-attachment":"scroll","background-type":"","background-media":"","overlay-type":"","overlay-color":"","overlay-opacity":"","overlay-gradient":""},"tablet":{"background-color":"var(--ast-global-color-5)","background-image":"","background-repeat":"repeat","background-position":"center center","background-size":"auto","background-attachment":"scroll","background-type":"","background-media":"","overlay-type":"","overlay-color":"","overlay-opacity":"","overlay-gradient":""},"mobile":{"background-color":"var(--ast-global-color-5)","background-image":"","background-repeat":"repeat","background-position":"center center","background-size":"auto","background-attachment":"scroll","background-type":"","background-media":"","overlay-type":"","overlay-color":"","overlay-opacity":"","overlay-gradient":""}},"_jetpack_memberships_contains_paid_content":false,"_joinchat":[],"footnotes":""},"categories":[2256,2],"tags":[2865,261,2130,4908,4909,2133],"class_list":["post-26498","post","type-post","status-publish","format-standard","has-post-thumbnail","hentry","category-coronavirus","category-villa-maria","tag-covid-19-2","tag-fallecimiento","tag-hospital-pasteur","tag-jorge-ranco","tag-luto","tag-salud"],"yoast_head":"<!-- This site is optimized with the Yoast SEO plugin v26.8 - https:\/\/yoast.com\/product\/yoast-seo-wordpress\/ -->\n<title>La salud de luto: falleci\u00f3 oftalm\u00f3logo del Pasteur por Covid 19 - El Regional<\/title>\n<meta name=\"description\" content=\"Jorge Ranco falleci\u00f3 tras permanecer internado primero en el centro de salud provincial y luego en la ciudad de C\u00f3rdoba.\" \/>\n<meta name=\"robots\" content=\"index, follow, max-snippet:-1, max-image-preview:large, max-video-preview:-1\" \/>\n<link rel=\"canonical\" href=\"http:\/\/elregionalvm.com.ar\/noticias-villa-maria\/la-salud-de-luto-fallecio-oftalmologo-del-pasteur-por-covid-19\/\" \/>\n<meta property=\"og:locale\" content=\"es_ES\" \/>\n<meta property=\"og:type\" content=\"article\" \/>\n<meta property=\"og:title\" content=\"La salud de luto: falleci\u00f3 oftalm\u00f3logo del Pasteur por Covid 19 - El Regional\" \/>\n<meta property=\"og:description\" content=\"Jorge Ranco falleci\u00f3 tras permanecer internado primero en el centro de salud provincial y luego en la ciudad de C\u00f3rdoba.\" \/>\n<meta property=\"og:url\" content=\"http:\/\/elregionalvm.com.ar\/noticias-villa-maria\/la-salud-de-luto-fallecio-oftalmologo-del-pasteur-por-covid-19\/\" \/>\n<meta property=\"og:site_name\" content=\"El Regional\" \/>\n<meta property=\"article:publisher\" content=\"https:\/\/www.facebook.com\/elregionalvm\" \/>\n<meta property=\"article:published_time\" content=\"2020-10-25T20:11:12+00:00\" \/>\n<meta property=\"article:modified_time\" content=\"2020-10-27T16:37:52+00:00\" \/>\n<meta property=\"og:image\" content=\"http:\/\/elregionalvm.com.ar\/noticias-villa-maria\/wp-content\/uploads\/2020\/10\/Jorge-Ranco-oftalmologo-fallecido-por-Covid-1.jpg\" \/>\n\t<meta property=\"og:image:width\" content=\"720\" \/>\n\t<meta property=\"og:image:height\" content=\"560\" \/>\n\t<meta property=\"og:image:type\" content=\"image\/jpeg\" \/>\n<meta name=\"author\" content=\"Contenidos El Regional\" \/>\n<meta name=\"twitter:card\" content=\"summary_large_image\" \/>\n<meta name=\"twitter:creator\" content=\"@elregionalvm1\" \/>\n<meta name=\"twitter:site\" content=\"@elregionalvm1\" \/>\n<meta name=\"twitter:label1\" content=\"Escrito por\" \/>\n\t<meta name=\"twitter:data1\" content=\"Contenidos El Regional\" \/>\n\t<meta name=\"twitter:label2\" content=\"Tiempo de lectura\" \/>\n\t<meta name=\"twitter:data2\" content=\"3 minutos\" \/>\n<script type=\"application\/ld+json\" class=\"yoast-schema-graph\">{\"@context\":\"https:\/\/schema.org\",\"@graph\":[{\"@type\":\"Article\",\"@id\":\"http:\/\/elregionalvm.com.ar\/noticias-villa-maria\/la-salud-de-luto-fallecio-oftalmologo-del-pasteur-por-covid-19\/#article\",\"isPartOf\":{\"@id\":\"http:\/\/elregionalvm.com.ar\/noticias-villa-maria\/la-salud-de-luto-fallecio-oftalmologo-del-pasteur-por-covid-19\/\"},\"author\":{\"name\":\"Contenidos El Regional\",\"@id\":\"http:\/\/elregionalvm.com.ar\/noticias-villa-maria\/#\/schema\/person\/a0fb9c422317faca23d50163151bc354\"},\"headline\":\"La salud de luto: falleci\u00f3 oftalm\u00f3logo del Pasteur por Covid 19\",\"datePublished\":\"2020-10-25T20:11:12+00:00\",\"dateModified\":\"2020-10-27T16:37:52+00:00\",\"mainEntityOfPage\":{\"@id\":\"http:\/\/elregionalvm.com.ar\/noticias-villa-maria\/la-salud-de-luto-fallecio-oftalmologo-del-pasteur-por-covid-19\/\"},\"wordCount\":704,\"commentCount\":0,\"image\":{\"@id\":\"http:\/\/elregionalvm.com.ar\/noticias-villa-maria\/la-salud-de-luto-fallecio-oftalmologo-del-pasteur-por-covid-19\/#primaryimage\"},\"thumbnailUrl\":\"https:\/\/i0.wp.com\/elregionalvm.com.ar\/noticias-villa-maria\/wp-content\/uploads\/2020\/10\/Jorge-Ranco-oftalmologo-fallecido-por-Covid-1.jpg?fit=720%2C560&ssl=1\",\"keywords\":[\"Covid 19\",\"fallecimiento\",\"Hospital Pasteur\",\"Jorge Ranco\",\"Luto\",\"salud\"],\"articleSection\":[\"Coronavirus\",\"Villa Mar\u00eda\"],\"inLanguage\":\"es\",\"potentialAction\":[{\"@type\":\"CommentAction\",\"name\":\"Comment\",\"target\":[\"http:\/\/elregionalvm.com.ar\/noticias-villa-maria\/la-salud-de-luto-fallecio-oftalmologo-del-pasteur-por-covid-19\/#respond\"]}]},{\"@type\":\"WebPage\",\"@id\":\"http:\/\/elregionalvm.com.ar\/noticias-villa-maria\/la-salud-de-luto-fallecio-oftalmologo-del-pasteur-por-covid-19\/\",\"url\":\"http:\/\/elregionalvm.com.ar\/noticias-villa-maria\/la-salud-de-luto-fallecio-oftalmologo-del-pasteur-por-covid-19\/\",\"name\":\"La salud de luto: falleci\u00f3 oftalm\u00f3logo del Pasteur por Covid 19 - El Regional\",\"isPartOf\":{\"@id\":\"http:\/\/elregionalvm.com.ar\/noticias-villa-maria\/#website\"},\"primaryImageOfPage\":{\"@id\":\"http:\/\/elregionalvm.com.ar\/noticias-villa-maria\/la-salud-de-luto-fallecio-oftalmologo-del-pasteur-por-covid-19\/#primaryimage\"},\"image\":{\"@id\":\"http:\/\/elregionalvm.com.ar\/noticias-villa-maria\/la-salud-de-luto-fallecio-oftalmologo-del-pasteur-por-covid-19\/#primaryimage\"},\"thumbnailUrl\":\"https:\/\/i0.wp.com\/elregionalvm.com.ar\/noticias-villa-maria\/wp-content\/uploads\/2020\/10\/Jorge-Ranco-oftalmologo-fallecido-por-Covid-1.jpg?fit=720%2C560&ssl=1\",\"datePublished\":\"2020-10-25T20:11:12+00:00\",\"dateModified\":\"2020-10-27T16:37:52+00:00\",\"author\":{\"@id\":\"http:\/\/elregionalvm.com.ar\/noticias-villa-maria\/#\/schema\/person\/a0fb9c422317faca23d50163151bc354\"},\"description\":\"Jorge Ranco falleci\u00f3 tras permanecer internado primero en el centro de salud provincial y luego en la ciudad de C\u00f3rdoba.\",\"breadcrumb\":{\"@id\":\"http:\/\/elregionalvm.com.ar\/noticias-villa-maria\/la-salud-de-luto-fallecio-oftalmologo-del-pasteur-por-covid-19\/#breadcrumb\"},\"inLanguage\":\"es\",\"potentialAction\":[{\"@type\":\"ReadAction\",\"target\":[\"http:\/\/elregionalvm.com.ar\/noticias-villa-maria\/la-salud-de-luto-fallecio-oftalmologo-del-pasteur-por-covid-19\/\"]}]},{\"@type\":\"ImageObject\",\"inLanguage\":\"es\",\"@id\":\"http:\/\/elregionalvm.com.ar\/noticias-villa-maria\/la-salud-de-luto-fallecio-oftalmologo-del-pasteur-por-covid-19\/#primaryimage\",\"url\":\"https:\/\/i0.wp.com\/elregionalvm.com.ar\/noticias-villa-maria\/wp-content\/uploads\/2020\/10\/Jorge-Ranco-oftalmologo-fallecido-por-Covid-1.jpg?fit=720%2C560&ssl=1\",\"contentUrl\":\"https:\/\/i0.wp.com\/elregionalvm.com.ar\/noticias-villa-maria\/wp-content\/uploads\/2020\/10\/Jorge-Ranco-oftalmologo-fallecido-por-Covid-1.jpg?fit=720%2C560&ssl=1\",\"width\":720,\"height\":560},{\"@type\":\"BreadcrumbList\",\"@id\":\"http:\/\/elregionalvm.com.ar\/noticias-villa-maria\/la-salud-de-luto-fallecio-oftalmologo-del-pasteur-por-covid-19\/#breadcrumb\",\"itemListElement\":[{\"@type\":\"ListItem\",\"position\":1,\"name\":\"Portada\",\"item\":\"https:\/\/elregionalvm.com.ar\/noticias-villa-maria\/\"},{\"@type\":\"ListItem\",\"position\":2,\"name\":\"La salud de luto: falleci\u00f3 oftalm\u00f3logo del Pasteur por Covid 19\"}]},{\"@type\":\"WebSite\",\"@id\":\"http:\/\/elregionalvm.com.ar\/noticias-villa-maria\/#website\",\"url\":\"http:\/\/elregionalvm.com.ar\/noticias-villa-maria\/\",\"name\":\"El Regional\",\"description\":\"Mucho m\u00e1s que informaci\u00f3n\",\"potentialAction\":[{\"@type\":\"SearchAction\",\"target\":{\"@type\":\"EntryPoint\",\"urlTemplate\":\"http:\/\/elregionalvm.com.ar\/noticias-villa-maria\/?s={search_term_string}\"},\"query-input\":{\"@type\":\"PropertyValueSpecification\",\"valueRequired\":true,\"valueName\":\"search_term_string\"}}],\"inLanguage\":\"es\"},{\"@type\":\"Person\",\"@id\":\"http:\/\/elregionalvm.com.ar\/noticias-villa-maria\/#\/schema\/person\/a0fb9c422317faca23d50163151bc354\",\"name\":\"Contenidos El Regional\",\"image\":{\"@type\":\"ImageObject\",\"inLanguage\":\"es\",\"@id\":\"http:\/\/elregionalvm.com.ar\/noticias-villa-maria\/#\/schema\/person\/image\/\",\"url\":\"https:\/\/secure.gravatar.com\/avatar\/265b27cb2209af7bb3a1318f03305787d7981a5cc6e6cd08fe5a4ecdf99d4b48?s=96&d=mm&r=g\",\"contentUrl\":\"https:\/\/secure.gravatar.com\/avatar\/265b27cb2209af7bb3a1318f03305787d7981a5cc6e6cd08fe5a4ecdf99d4b48?s=96&d=mm&r=g\",\"caption\":\"Contenidos El Regional\"},\"url\":\"https:\/\/elregionalvm.com.ar\/noticias-villa-maria\/author\/contenido\/\"}]}<\/script>\n<!-- \/ Yoast SEO plugin. -->","yoast_head_json":{"title":"La salud de luto: falleci\u00f3 oftalm\u00f3logo del Pasteur por Covid 19 - El Regional","description":"Jorge Ranco falleci\u00f3 tras permanecer internado primero en el centro de salud provincial y luego en la ciudad de C\u00f3rdoba.","robots":{"index":"index","follow":"follow","max-snippet":"max-snippet:-1","max-image-preview":"max-image-preview:large","max-video-preview":"max-video-preview:-1"},"canonical":"http:\/\/elregionalvm.com.ar\/noticias-villa-maria\/la-salud-de-luto-fallecio-oftalmologo-del-pasteur-por-covid-19\/","og_locale":"es_ES","og_type":"article","og_title":"La salud de luto: falleci\u00f3 oftalm\u00f3logo del Pasteur por Covid 19 - El Regional","og_description":"Jorge Ranco falleci\u00f3 tras permanecer internado primero en el centro de salud provincial y luego en la ciudad de C\u00f3rdoba.","og_url":"http:\/\/elregionalvm.com.ar\/noticias-villa-maria\/la-salud-de-luto-fallecio-oftalmologo-del-pasteur-por-covid-19\/","og_site_name":"El Regional","article_publisher":"https:\/\/www.facebook.com\/elregionalvm","article_published_time":"2020-10-25T20:11:12+00:00","article_modified_time":"2020-10-27T16:37:52+00:00","og_image":[{"width":720,"height":560,"url":"http:\/\/elregionalvm.com.ar\/noticias-villa-maria\/wp-content\/uploads\/2020\/10\/Jorge-Ranco-oftalmologo-fallecido-por-Covid-1.jpg","type":"image\/jpeg"}],"author":"Contenidos El Regional","twitter_card":"summary_large_image","twitter_creator":"@elregionalvm1","twitter_site":"@elregionalvm1","twitter_misc":{"Escrito por":"Contenidos El Regional","Tiempo de lectura":"3 minutos"},"schema":{"@context":"https:\/\/schema.org","@graph":[{"@type":"Article","@id":"http:\/\/elregionalvm.com.ar\/noticias-villa-maria\/la-salud-de-luto-fallecio-oftalmologo-del-pasteur-por-covid-19\/#article","isPartOf":{"@id":"http:\/\/elregionalvm.com.ar\/noticias-villa-maria\/la-salud-de-luto-fallecio-oftalmologo-del-pasteur-por-covid-19\/"},"author":{"name":"Contenidos El Regional","@id":"http:\/\/elregionalvm.com.ar\/noticias-villa-maria\/#\/schema\/person\/a0fb9c422317faca23d50163151bc354"},"headline":"La salud de luto: falleci\u00f3 oftalm\u00f3logo del Pasteur por Covid 19","datePublished":"2020-10-25T20:11:12+00:00","dateModified":"2020-10-27T16:37:52+00:00","mainEntityOfPage":{"@id":"http:\/\/elregionalvm.com.ar\/noticias-villa-maria\/la-salud-de-luto-fallecio-oftalmologo-del-pasteur-por-covid-19\/"},"wordCount":704,"commentCount":0,"image":{"@id":"http:\/\/elregionalvm.com.ar\/noticias-villa-maria\/la-salud-de-luto-fallecio-oftalmologo-del-pasteur-por-covid-19\/#primaryimage"},"thumbnailUrl":"https:\/\/i0.wp.com\/elregionalvm.com.ar\/noticias-villa-maria\/wp-content\/uploads\/2020\/10\/Jorge-Ranco-oftalmologo-fallecido-por-Covid-1.jpg?fit=720%2C560&ssl=1","keywords":["Covid 19","fallecimiento","Hospital Pasteur","Jorge Ranco","Luto","salud"],"articleSection":["Coronavirus","Villa Mar\u00eda"],"inLanguage":"es","potentialAction":[{"@type":"CommentAction","name":"Comment","target":["http:\/\/elregionalvm.com.ar\/noticias-villa-maria\/la-salud-de-luto-fallecio-oftalmologo-del-pasteur-por-covid-19\/#respond"]}]},{"@type":"WebPage","@id":"http:\/\/elregionalvm.com.ar\/noticias-villa-maria\/la-salud-de-luto-fallecio-oftalmologo-del-pasteur-por-covid-19\/","url":"http:\/\/elregionalvm.com.ar\/noticias-villa-maria\/la-salud-de-luto-fallecio-oftalmologo-del-pasteur-por-covid-19\/","name":"La salud de luto: falleci\u00f3 oftalm\u00f3logo del Pasteur por Covid 19 - El Regional","isPartOf":{"@id":"http:\/\/elregionalvm.com.ar\/noticias-villa-maria\/#website"},"primaryImageOfPage":{"@id":"http:\/\/elregionalvm.com.ar\/noticias-villa-maria\/la-salud-de-luto-fallecio-oftalmologo-del-pasteur-por-covid-19\/#primaryimage"},"image":{"@id":"http:\/\/elregionalvm.com.ar\/noticias-villa-maria\/la-salud-de-luto-fallecio-oftalmologo-del-pasteur-por-covid-19\/#primaryimage"},"thumbnailUrl":"https:\/\/i0.wp.com\/elregionalvm.com.ar\/noticias-villa-maria\/wp-content\/uploads\/2020\/10\/Jorge-Ranco-oftalmologo-fallecido-por-Covid-1.jpg?fit=720%2C560&ssl=1","datePublished":"2020-10-25T20:11:12+00:00","dateModified":"2020-10-27T16:37:52+00:00","author":{"@id":"http:\/\/elregionalvm.com.ar\/noticias-villa-maria\/#\/schema\/person\/a0fb9c422317faca23d50163151bc354"},"description":"Jorge Ranco falleci\u00f3 tras permanecer internado primero en el centro de salud provincial y luego en la ciudad de C\u00f3rdoba.","breadcrumb":{"@id":"http:\/\/elregionalvm.com.ar\/noticias-villa-maria\/la-salud-de-luto-fallecio-oftalmologo-del-pasteur-por-covid-19\/#breadcrumb"},"inLanguage":"es","potentialAction":[{"@type":"ReadAction","target":["http:\/\/elregionalvm.com.ar\/noticias-villa-maria\/la-salud-de-luto-fallecio-oftalmologo-del-pasteur-por-covid-19\/"]}]},{"@type":"ImageObject","inLanguage":"es","@id":"http:\/\/elregionalvm.com.ar\/noticias-villa-maria\/la-salud-de-luto-fallecio-oftalmologo-del-pasteur-por-covid-19\/#primaryimage","url":"https:\/\/i0.wp.com\/elregionalvm.com.ar\/noticias-villa-maria\/wp-content\/uploads\/2020\/10\/Jorge-Ranco-oftalmologo-fallecido-por-Covid-1.jpg?fit=720%2C560&ssl=1","contentUrl":"https:\/\/i0.wp.com\/elregionalvm.com.ar\/noticias-villa-maria\/wp-content\/uploads\/2020\/10\/Jorge-Ranco-oftalmologo-fallecido-por-Covid-1.jpg?fit=720%2C560&ssl=1","width":720,"height":560},{"@type":"BreadcrumbList","@id":"http:\/\/elregionalvm.com.ar\/noticias-villa-maria\/la-salud-de-luto-fallecio-oftalmologo-del-pasteur-por-covid-19\/#breadcrumb","itemListElement":[{"@type":"ListItem","position":1,"name":"Portada","item":"https:\/\/elregionalvm.com.ar\/noticias-villa-maria\/"},{"@type":"ListItem","position":2,"name":"La salud de luto: falleci\u00f3 oftalm\u00f3logo del Pasteur por Covid 19"}]},{"@type":"WebSite","@id":"http:\/\/elregionalvm.com.ar\/noticias-villa-maria\/#website","url":"http:\/\/elregionalvm.com.ar\/noticias-villa-maria\/","name":"El Regional","description":"Mucho m\u00e1s que informaci\u00f3n","potentialAction":[{"@type":"SearchAction","target":{"@type":"EntryPoint","urlTemplate":"http:\/\/elregionalvm.com.ar\/noticias-villa-maria\/?s={search_term_string}"},"query-input":{"@type":"PropertyValueSpecification","valueRequired":true,"valueName":"search_term_string"}}],"inLanguage":"es"},{"@type":"Person","@id":"http:\/\/elregionalvm.com.ar\/noticias-villa-maria\/#\/schema\/person\/a0fb9c422317faca23d50163151bc354","name":"Contenidos El Regional","image":{"@type":"ImageObject","inLanguage":"es","@id":"http:\/\/elregionalvm.com.ar\/noticias-villa-maria\/#\/schema\/person\/image\/","url":"https:\/\/secure.gravatar.com\/avatar\/265b27cb2209af7bb3a1318f03305787d7981a5cc6e6cd08fe5a4ecdf99d4b48?s=96&d=mm&r=g","contentUrl":"https:\/\/secure.gravatar.com\/avatar\/265b27cb2209af7bb3a1318f03305787d7981a5cc6e6cd08fe5a4ecdf99d4b48?s=96&d=mm&r=g","caption":"Contenidos El Regional"},"url":"https:\/\/elregionalvm.com.ar\/noticias-villa-maria\/author\/contenido\/"}]}},"jetpack_featured_media_url":"https:\/\/i0.wp.com\/elregionalvm.com.ar\/noticias-villa-maria\/wp-content\/uploads\/2020\/10\/Jorge-Ranco-oftalmologo-fallecido-por-Covid-1.jpg?fit=720%2C560&ssl=1","jetpack_sharing_enabled":true,"_links":{"self":[{"href":"https:\/\/elregionalvm.com.ar\/noticias-villa-maria\/wp-json\/wp\/v2\/posts\/26498","targetHints":{"allow":["GET"]}}],"collection":[{"href":"https:\/\/elregionalvm.com.ar\/noticias-villa-maria\/wp-json\/wp\/v2\/posts"}],"about":[{"href":"https:\/\/elregionalvm.com.ar\/noticias-villa-maria\/wp-json\/wp\/v2\/types\/post"}],"author":[{"embeddable":true,"href":"https:\/\/elregionalvm.com.ar\/noticias-villa-maria\/wp-json\/wp\/v2\/users\/4"}],"replies":[{"embeddable":true,"href":"https:\/\/elregionalvm.com.ar\/noticias-villa-maria\/wp-json\/wp\/v2\/comments?post=26498"}],"version-history":[{"count":2,"href":"https:\/\/elregionalvm.com.ar\/noticias-villa-maria\/wp-json\/wp\/v2\/posts\/26498\/revisions"}],"predecessor-version":[{"id":26536,"href":"https:\/\/elregionalvm.com.ar\/noticias-villa-maria\/wp-json\/wp\/v2\/posts\/26498\/revisions\/26536"}],"wp:featuredmedia":[{"embeddable":true,"href":"https:\/\/elregionalvm.com.ar\/noticias-villa-maria\/wp-json\/wp\/v2\/media\/26516"}],"wp:attachment":[{"href":"https:\/\/elregionalvm.com.ar\/noticias-villa-maria\/wp-json\/wp\/v2\/media?parent=26498"}],"wp:term":[{"taxonomy":"category","embeddable":true,"href":"https:\/\/elregionalvm.com.ar\/noticias-villa-maria\/wp-json\/wp\/v2\/categories?post=26498"},{"taxonomy":"post_tag","embeddable":true,"href":"https:\/\/elregionalvm.com.ar\/noticias-villa-maria\/wp-json\/wp\/v2\/tags?post=26498"}],"curies":[{"name":"wp","href":"https:\/\/api.w.org\/{rel}","templated":true}]}}