{"id":26503,"date":"2020-10-25T23:26:08","date_gmt":"2020-10-25T23:26:08","guid":{"rendered":"https:\/\/elregionalvm.com.ar\/noticias-villa-maria\/?p=26503"},"modified":"2020-10-27T03:25:08","modified_gmt":"2020-10-27T03:25:08","slug":"en-dos-dias-accastello-perdio-a-sus-padres-por-culpa-del-covid","status":"publish","type":"post","link":"https:\/\/elregionalvm.com.ar\/noticias-villa-maria\/en-dos-dias-accastello-perdio-a-sus-padres-por-culpa-del-covid\/","title":{"rendered":"En dos d\u00edas, Accastello perdi\u00f3 a sus padres por culpa del Covid"},"content":{"rendered":"\n<p>Con pocas horas de diferencia fallecieron por las consecuencias del Covid 19 los padres del exintendente y actual ministro de Industria de la provincia Eduardo Accastello.<\/p>\n\n\n\n<p>Este domingo se produjo el deceso de Luis, de 82 a\u00f1os, quien se encontraba internado en grave estado en el Hospital Pasteur desde hace varios d\u00edas.<\/p>\n\n\n\n<p>En la misma condici\u00f3n se hallaba su esposa, Mar\u00eda Luisa Gottero, conocida como \u00abPirucha\u00bb, quien falleci\u00f3 este s\u00e1bado en el mismo centro de salud. <\/p>\n\n\n\n<p>Una situaci\u00f3n de dolor familiar bastante particular en el marco de la pandemia, ya que en el mismo fin de semana Accastello perdi\u00f3 a ambos padres. <\/p>\n\n\n\n<p>Las muestras de afecto, lamento y acompa\u00f1amiento se extendieron por las redes sociales en la tarde de este domingo 25 de octubre. <\/p>\n\n\n\n<p>\u00abSe fue con ella. El amor lo llev\u00f3 junto a mam\u00e1 y junto a Dios. Fuiste feliz, como me dijiste hace unos d\u00edas y nosotros con vos. Pap\u00e1 querido, nuestro amor ser\u00e1 el mismo donde est\u00e9s. Hasta pronto Maestro Luis. Palestina un hermoso recuerdo. Este dolor profundo que sentimos, solo se aliviana sabiendo que descansan juntos. Ni el Covid los pudo separar\u00bb, public\u00f3 Accastello tras la muerte de su padre. <\/p>\n\n\n\n<p><\/p>\n\n\n\n<p><em>Foto: Accastello, con sus padres y su pareja Ver\u00f3nica Navarro Alegre. <\/em><\/p>\n\n\n\n<p><\/p>\n\n\n\n<ul class=\"wp-block-list\"><li><strong>Le\u00e9 m\u00e1s: <\/strong><\/li><\/ul>\n\n\n\n<figure class=\"wp-block-embed-wordpress wp-block-embed is-type-wp-embed is-provider-el-regional\"><div class=\"wp-block-embed__wrapper\">\n<blockquote class=\"wp-embedded-content\" data-secret=\"XlfKtIleJ6\"><a href=\"https:\/\/elregionalvm.com.ar\/noticias-villa-maria\/fallecio-por-covid-la-madre-de-eduardo-accastello-y-su-padre-sigue-internado\/\">Falleci\u00f3 por Covid la madre de Eduardo Accastello y su padre sigue internado<\/a><\/blockquote><iframe class=\"wp-embedded-content\" sandbox=\"allow-scripts\" security=\"restricted\" style=\"position: absolute; visibility: hidden;\" title=\"\u00abFalleci\u00f3 por Covid la madre de Eduardo Accastello y su padre sigue internado\u00bb \u2014 El Regional\" src=\"https:\/\/elregionalvm.com.ar\/noticias-villa-maria\/fallecio-por-covid-la-madre-de-eduardo-accastello-y-su-padre-sigue-internado\/embed\/#?secret=pkVKnMCZB4#?secret=XlfKtIleJ6\" data-secret=\"XlfKtIleJ6\" width=\"500\" height=\"282\" frameborder=\"0\" marginwidth=\"0\" marginheight=\"0\" scrolling=\"no\"><\/iframe>\n<\/div><\/figure>\n","protected":false},"excerpt":{"rendered":"<p>Con pocas horas de diferencia fallecieron por las consecuencias del Covid 19 los padres del exintendente y actual ministro de Industria de la provincia Eduardo Accastello. Este domingo se produjo el deceso de Luis, de 82 a\u00f1os, quien se encontraba internado en grave estado en el Hospital Pasteur desde hace varios d\u00edas. En la misma [&hellip;]<\/p>\n","protected":false},"author":4,"featured_media":26504,"comment_status":"open","ping_status":"open","sticky":false,"template":"","format":"standard","meta":{"site-sidebar-layout":"default","site-content-layout":"default","ast-site-content-layout":"default","site-content-style":"default","site-sidebar-style":"default","ast-global-header-display":"","ast-banner-title-visibility":"","ast-main-header-display":"","ast-hfb-above-header-display":"","ast-hfb-below-header-display":"","ast-hfb-mobile-header-display":"","site-post-title":"","ast-breadcrumbs-content":"","ast-featured-img":"","footer-sml-layout":"","ast-disable-related-posts":"","theme-transparent-header-meta":"default","adv-header-id-meta":"","stick-header-meta":"","header-above-stick-meta":"","header-main-stick-meta":"","header-below-stick-meta":"","astra-migrate-meta-layouts":"default","ast-page-background-enabled":"default","ast-page-background-meta":{"desktop":{"background-color":"","background-image":"","background-repeat":"repeat","background-position":"center center","background-size":"auto","background-attachment":"scroll","background-type":"","background-media":"","overlay-type":"","overlay-color":"","overlay-opacity":"","overlay-gradient":""},"tablet":{"background-color":"","background-image":"","background-repeat":"repeat","background-position":"center center","background-size":"auto","background-attachment":"scroll","background-type":"","background-media":"","overlay-type":"","overlay-color":"","overlay-opacity":"","overlay-gradient":""},"mobile":{"background-color":"","background-image":"","background-repeat":"repeat","background-position":"center center","background-size":"auto","background-attachment":"scroll","background-type":"","background-media":"","overlay-type":"","overlay-color":"","overlay-opacity":"","overlay-gradient":""}},"ast-content-background-meta":{"desktop":{"background-color":"var(--ast-global-color-5)","background-image":"","background-repeat":"repeat","background-position":"center center","background-size":"auto","background-attachment":"scroll","background-type":"","background-media":"","overlay-type":"","overlay-color":"","overlay-opacity":"","overlay-gradient":""},"tablet":{"background-color":"var(--ast-global-color-5)","background-image":"","background-repeat":"repeat","background-position":"center center","background-size":"auto","background-attachment":"scroll","background-type":"","background-media":"","overlay-type":"","overlay-color":"","overlay-opacity":"","overlay-gradient":""},"mobile":{"background-color":"var(--ast-global-color-5)","background-image":"","background-repeat":"repeat","background-position":"center center","background-size":"auto","background-attachment":"scroll","background-type":"","background-media":"","overlay-type":"","overlay-color":"","overlay-opacity":"","overlay-gradient":""}},"_jetpack_memberships_contains_paid_content":false,"_joinchat":[],"footnotes":""},"categories":[2256,2],"tags":[2865,2038,4411,2130,4910],"class_list":["post-26503","post","type-post","status-publish","format-standard","has-post-thumbnail","hentry","category-coronavirus","category-villa-maria","tag-covid-19-2","tag-eduardo-accastello","tag-fallecimientos","tag-hospital-pasteur","tag-padres"],"yoast_head":"<!-- This site is optimized with the Yoast SEO plugin v26.8 - https:\/\/yoast.com\/product\/yoast-seo-wordpress\/ -->\n<title>En dos d\u00edas, Accastello perdi\u00f3 a sus padres por culpa del Covid - El Regional<\/title>\n<meta name=\"description\" content=\"Este domingo se produjo el deceso de Luis, de 82 a\u00f1os, quien se encontraba internado en grave estado en el Hospital Pasteur.\" \/>\n<meta name=\"robots\" content=\"index, follow, max-snippet:-1, max-image-preview:large, max-video-preview:-1\" \/>\n<link rel=\"canonical\" href=\"http:\/\/elregionalvm.com.ar\/noticias-villa-maria\/en-dos-dias-accastello-perdio-a-sus-padres-por-culpa-del-covid\/\" \/>\n<meta property=\"og:locale\" content=\"es_ES\" \/>\n<meta property=\"og:type\" content=\"article\" \/>\n<meta property=\"og:title\" content=\"En dos d\u00edas, Accastello perdi\u00f3 a sus padres por culpa del Covid - El Regional\" \/>\n<meta property=\"og:description\" content=\"Este domingo se produjo el deceso de Luis, de 82 a\u00f1os, quien se encontraba internado en grave estado en el Hospital Pasteur.\" \/>\n<meta property=\"og:url\" content=\"http:\/\/elregionalvm.com.ar\/noticias-villa-maria\/en-dos-dias-accastello-perdio-a-sus-padres-por-culpa-del-covid\/\" \/>\n<meta property=\"og:site_name\" content=\"El Regional\" \/>\n<meta property=\"article:publisher\" content=\"https:\/\/www.facebook.com\/elregionalvm\" \/>\n<meta property=\"article:published_time\" content=\"2020-10-25T23:26:08+00:00\" \/>\n<meta property=\"article:modified_time\" content=\"2020-10-27T03:25:08+00:00\" \/>\n<meta property=\"og:image\" content=\"http:\/\/elregionalvm.com.ar\/noticias-villa-maria\/wp-content\/uploads\/2020\/10\/Accastello-padres-y-Navarro.jpg\" \/>\n\t<meta property=\"og:image:width\" content=\"1440\" \/>\n\t<meta property=\"og:image:height\" content=\"1080\" \/>\n\t<meta property=\"og:image:type\" content=\"image\/jpeg\" \/>\n<meta name=\"author\" content=\"Contenidos El Regional\" \/>\n<meta name=\"twitter:card\" content=\"summary_large_image\" \/>\n<meta name=\"twitter:creator\" content=\"@elregionalvm1\" \/>\n<meta name=\"twitter:site\" content=\"@elregionalvm1\" \/>\n<meta name=\"twitter:label1\" content=\"Escrito por\" \/>\n\t<meta name=\"twitter:data1\" content=\"Contenidos El Regional\" \/>\n\t<meta name=\"twitter:label2\" content=\"Tiempo de lectura\" \/>\n\t<meta name=\"twitter:data2\" content=\"1 minuto\" \/>\n<script type=\"application\/ld+json\" class=\"yoast-schema-graph\">{\"@context\":\"https:\/\/schema.org\",\"@graph\":[{\"@type\":\"Article\",\"@id\":\"http:\/\/elregionalvm.com.ar\/noticias-villa-maria\/en-dos-dias-accastello-perdio-a-sus-padres-por-culpa-del-covid\/#article\",\"isPartOf\":{\"@id\":\"http:\/\/elregionalvm.com.ar\/noticias-villa-maria\/en-dos-dias-accastello-perdio-a-sus-padres-por-culpa-del-covid\/\"},\"author\":{\"name\":\"Contenidos El Regional\",\"@id\":\"http:\/\/elregionalvm.com.ar\/noticias-villa-maria\/#\/schema\/person\/a0fb9c422317faca23d50163151bc354\"},\"headline\":\"En dos d\u00edas, Accastello perdi\u00f3 a sus padres por culpa del Covid\",\"datePublished\":\"2020-10-25T23:26:08+00:00\",\"dateModified\":\"2020-10-27T03:25:08+00:00\",\"mainEntityOfPage\":{\"@id\":\"http:\/\/elregionalvm.com.ar\/noticias-villa-maria\/en-dos-dias-accastello-perdio-a-sus-padres-por-culpa-del-covid\/\"},\"wordCount\":234,\"commentCount\":0,\"image\":{\"@id\":\"http:\/\/elregionalvm.com.ar\/noticias-villa-maria\/en-dos-dias-accastello-perdio-a-sus-padres-por-culpa-del-covid\/#primaryimage\"},\"thumbnailUrl\":\"https:\/\/i0.wp.com\/elregionalvm.com.ar\/noticias-villa-maria\/wp-content\/uploads\/2020\/10\/Accastello-padres-y-Navarro.jpg?fit=1440%2C1080&ssl=1\",\"keywords\":[\"Covid 19\",\"Eduardo Accastello\",\"Fallecimientos\",\"Hospital Pasteur\",\"Padres\"],\"articleSection\":[\"Coronavirus\",\"Villa Mar\u00eda\"],\"inLanguage\":\"es\",\"potentialAction\":[{\"@type\":\"CommentAction\",\"name\":\"Comment\",\"target\":[\"http:\/\/elregionalvm.com.ar\/noticias-villa-maria\/en-dos-dias-accastello-perdio-a-sus-padres-por-culpa-del-covid\/#respond\"]}]},{\"@type\":\"WebPage\",\"@id\":\"http:\/\/elregionalvm.com.ar\/noticias-villa-maria\/en-dos-dias-accastello-perdio-a-sus-padres-por-culpa-del-covid\/\",\"url\":\"http:\/\/elregionalvm.com.ar\/noticias-villa-maria\/en-dos-dias-accastello-perdio-a-sus-padres-por-culpa-del-covid\/\",\"name\":\"En dos d\u00edas, Accastello perdi\u00f3 a sus padres por culpa del Covid - El Regional\",\"isPartOf\":{\"@id\":\"http:\/\/elregionalvm.com.ar\/noticias-villa-maria\/#website\"},\"primaryImageOfPage\":{\"@id\":\"http:\/\/elregionalvm.com.ar\/noticias-villa-maria\/en-dos-dias-accastello-perdio-a-sus-padres-por-culpa-del-covid\/#primaryimage\"},\"image\":{\"@id\":\"http:\/\/elregionalvm.com.ar\/noticias-villa-maria\/en-dos-dias-accastello-perdio-a-sus-padres-por-culpa-del-covid\/#primaryimage\"},\"thumbnailUrl\":\"https:\/\/i0.wp.com\/elregionalvm.com.ar\/noticias-villa-maria\/wp-content\/uploads\/2020\/10\/Accastello-padres-y-Navarro.jpg?fit=1440%2C1080&ssl=1\",\"datePublished\":\"2020-10-25T23:26:08+00:00\",\"dateModified\":\"2020-10-27T03:25:08+00:00\",\"author\":{\"@id\":\"http:\/\/elregionalvm.com.ar\/noticias-villa-maria\/#\/schema\/person\/a0fb9c422317faca23d50163151bc354\"},\"description\":\"Este domingo se produjo el deceso de Luis, de 82 a\u00f1os, quien se encontraba internado en grave estado en el Hospital Pasteur.\",\"breadcrumb\":{\"@id\":\"http:\/\/elregionalvm.com.ar\/noticias-villa-maria\/en-dos-dias-accastello-perdio-a-sus-padres-por-culpa-del-covid\/#breadcrumb\"},\"inLanguage\":\"es\",\"potentialAction\":[{\"@type\":\"ReadAction\",\"target\":[\"http:\/\/elregionalvm.com.ar\/noticias-villa-maria\/en-dos-dias-accastello-perdio-a-sus-padres-por-culpa-del-covid\/\"]}]},{\"@type\":\"ImageObject\",\"inLanguage\":\"es\",\"@id\":\"http:\/\/elregionalvm.com.ar\/noticias-villa-maria\/en-dos-dias-accastello-perdio-a-sus-padres-por-culpa-del-covid\/#primaryimage\",\"url\":\"https:\/\/i0.wp.com\/elregionalvm.com.ar\/noticias-villa-maria\/wp-content\/uploads\/2020\/10\/Accastello-padres-y-Navarro.jpg?fit=1440%2C1080&ssl=1\",\"contentUrl\":\"https:\/\/i0.wp.com\/elregionalvm.com.ar\/noticias-villa-maria\/wp-content\/uploads\/2020\/10\/Accastello-padres-y-Navarro.jpg?fit=1440%2C1080&ssl=1\",\"width\":1440,\"height\":1080},{\"@type\":\"BreadcrumbList\",\"@id\":\"http:\/\/elregionalvm.com.ar\/noticias-villa-maria\/en-dos-dias-accastello-perdio-a-sus-padres-por-culpa-del-covid\/#breadcrumb\",\"itemListElement\":[{\"@type\":\"ListItem\",\"position\":1,\"name\":\"Portada\",\"item\":\"https:\/\/elregionalvm.com.ar\/noticias-villa-maria\/\"},{\"@type\":\"ListItem\",\"position\":2,\"name\":\"En dos d\u00edas, Accastello perdi\u00f3 a sus padres por culpa del Covid\"}]},{\"@type\":\"WebSite\",\"@id\":\"http:\/\/elregionalvm.com.ar\/noticias-villa-maria\/#website\",\"url\":\"http:\/\/elregionalvm.com.ar\/noticias-villa-maria\/\",\"name\":\"El Regional\",\"description\":\"Mucho m\u00e1s que informaci\u00f3n\",\"potentialAction\":[{\"@type\":\"SearchAction\",\"target\":{\"@type\":\"EntryPoint\",\"urlTemplate\":\"http:\/\/elregionalvm.com.ar\/noticias-villa-maria\/?s={search_term_string}\"},\"query-input\":{\"@type\":\"PropertyValueSpecification\",\"valueRequired\":true,\"valueName\":\"search_term_string\"}}],\"inLanguage\":\"es\"},{\"@type\":\"Person\",\"@id\":\"http:\/\/elregionalvm.com.ar\/noticias-villa-maria\/#\/schema\/person\/a0fb9c422317faca23d50163151bc354\",\"name\":\"Contenidos El Regional\",\"image\":{\"@type\":\"ImageObject\",\"inLanguage\":\"es\",\"@id\":\"http:\/\/elregionalvm.com.ar\/noticias-villa-maria\/#\/schema\/person\/image\/\",\"url\":\"https:\/\/secure.gravatar.com\/avatar\/265b27cb2209af7bb3a1318f03305787d7981a5cc6e6cd08fe5a4ecdf99d4b48?s=96&d=mm&r=g\",\"contentUrl\":\"https:\/\/secure.gravatar.com\/avatar\/265b27cb2209af7bb3a1318f03305787d7981a5cc6e6cd08fe5a4ecdf99d4b48?s=96&d=mm&r=g\",\"caption\":\"Contenidos El Regional\"},\"url\":\"https:\/\/elregionalvm.com.ar\/noticias-villa-maria\/author\/contenido\/\"}]}<\/script>\n<!-- \/ Yoast SEO plugin. -->","yoast_head_json":{"title":"En dos d\u00edas, Accastello perdi\u00f3 a sus padres por culpa del Covid - El Regional","description":"Este domingo se produjo el deceso de Luis, de 82 a\u00f1os, quien se encontraba internado en grave estado en el Hospital Pasteur.","robots":{"index":"index","follow":"follow","max-snippet":"max-snippet:-1","max-image-preview":"max-image-preview:large","max-video-preview":"max-video-preview:-1"},"canonical":"http:\/\/elregionalvm.com.ar\/noticias-villa-maria\/en-dos-dias-accastello-perdio-a-sus-padres-por-culpa-del-covid\/","og_locale":"es_ES","og_type":"article","og_title":"En dos d\u00edas, Accastello perdi\u00f3 a sus padres por culpa del Covid - El Regional","og_description":"Este domingo se produjo el deceso de Luis, de 82 a\u00f1os, quien se encontraba internado en grave estado en el Hospital Pasteur.","og_url":"http:\/\/elregionalvm.com.ar\/noticias-villa-maria\/en-dos-dias-accastello-perdio-a-sus-padres-por-culpa-del-covid\/","og_site_name":"El Regional","article_publisher":"https:\/\/www.facebook.com\/elregionalvm","article_published_time":"2020-10-25T23:26:08+00:00","article_modified_time":"2020-10-27T03:25:08+00:00","og_image":[{"width":1440,"height":1080,"url":"http:\/\/elregionalvm.com.ar\/noticias-villa-maria\/wp-content\/uploads\/2020\/10\/Accastello-padres-y-Navarro.jpg","type":"image\/jpeg"}],"author":"Contenidos El Regional","twitter_card":"summary_large_image","twitter_creator":"@elregionalvm1","twitter_site":"@elregionalvm1","twitter_misc":{"Escrito por":"Contenidos El Regional","Tiempo de lectura":"1 minuto"},"schema":{"@context":"https:\/\/schema.org","@graph":[{"@type":"Article","@id":"http:\/\/elregionalvm.com.ar\/noticias-villa-maria\/en-dos-dias-accastello-perdio-a-sus-padres-por-culpa-del-covid\/#article","isPartOf":{"@id":"http:\/\/elregionalvm.com.ar\/noticias-villa-maria\/en-dos-dias-accastello-perdio-a-sus-padres-por-culpa-del-covid\/"},"author":{"name":"Contenidos El Regional","@id":"http:\/\/elregionalvm.com.ar\/noticias-villa-maria\/#\/schema\/person\/a0fb9c422317faca23d50163151bc354"},"headline":"En dos d\u00edas, Accastello perdi\u00f3 a sus padres por culpa del Covid","datePublished":"2020-10-25T23:26:08+00:00","dateModified":"2020-10-27T03:25:08+00:00","mainEntityOfPage":{"@id":"http:\/\/elregionalvm.com.ar\/noticias-villa-maria\/en-dos-dias-accastello-perdio-a-sus-padres-por-culpa-del-covid\/"},"wordCount":234,"commentCount":0,"image":{"@id":"http:\/\/elregionalvm.com.ar\/noticias-villa-maria\/en-dos-dias-accastello-perdio-a-sus-padres-por-culpa-del-covid\/#primaryimage"},"thumbnailUrl":"https:\/\/i0.wp.com\/elregionalvm.com.ar\/noticias-villa-maria\/wp-content\/uploads\/2020\/10\/Accastello-padres-y-Navarro.jpg?fit=1440%2C1080&ssl=1","keywords":["Covid 19","Eduardo Accastello","Fallecimientos","Hospital Pasteur","Padres"],"articleSection":["Coronavirus","Villa Mar\u00eda"],"inLanguage":"es","potentialAction":[{"@type":"CommentAction","name":"Comment","target":["http:\/\/elregionalvm.com.ar\/noticias-villa-maria\/en-dos-dias-accastello-perdio-a-sus-padres-por-culpa-del-covid\/#respond"]}]},{"@type":"WebPage","@id":"http:\/\/elregionalvm.com.ar\/noticias-villa-maria\/en-dos-dias-accastello-perdio-a-sus-padres-por-culpa-del-covid\/","url":"http:\/\/elregionalvm.com.ar\/noticias-villa-maria\/en-dos-dias-accastello-perdio-a-sus-padres-por-culpa-del-covid\/","name":"En dos d\u00edas, Accastello perdi\u00f3 a sus padres por culpa del Covid - El Regional","isPartOf":{"@id":"http:\/\/elregionalvm.com.ar\/noticias-villa-maria\/#website"},"primaryImageOfPage":{"@id":"http:\/\/elregionalvm.com.ar\/noticias-villa-maria\/en-dos-dias-accastello-perdio-a-sus-padres-por-culpa-del-covid\/#primaryimage"},"image":{"@id":"http:\/\/elregionalvm.com.ar\/noticias-villa-maria\/en-dos-dias-accastello-perdio-a-sus-padres-por-culpa-del-covid\/#primaryimage"},"thumbnailUrl":"https:\/\/i0.wp.com\/elregionalvm.com.ar\/noticias-villa-maria\/wp-content\/uploads\/2020\/10\/Accastello-padres-y-Navarro.jpg?fit=1440%2C1080&ssl=1","datePublished":"2020-10-25T23:26:08+00:00","dateModified":"2020-10-27T03:25:08+00:00","author":{"@id":"http:\/\/elregionalvm.com.ar\/noticias-villa-maria\/#\/schema\/person\/a0fb9c422317faca23d50163151bc354"},"description":"Este domingo se produjo el deceso de Luis, de 82 a\u00f1os, quien se encontraba internado en grave estado en el Hospital Pasteur.","breadcrumb":{"@id":"http:\/\/elregionalvm.com.ar\/noticias-villa-maria\/en-dos-dias-accastello-perdio-a-sus-padres-por-culpa-del-covid\/#breadcrumb"},"inLanguage":"es","potentialAction":[{"@type":"ReadAction","target":["http:\/\/elregionalvm.com.ar\/noticias-villa-maria\/en-dos-dias-accastello-perdio-a-sus-padres-por-culpa-del-covid\/"]}]},{"@type":"ImageObject","inLanguage":"es","@id":"http:\/\/elregionalvm.com.ar\/noticias-villa-maria\/en-dos-dias-accastello-perdio-a-sus-padres-por-culpa-del-covid\/#primaryimage","url":"https:\/\/i0.wp.com\/elregionalvm.com.ar\/noticias-villa-maria\/wp-content\/uploads\/2020\/10\/Accastello-padres-y-Navarro.jpg?fit=1440%2C1080&ssl=1","contentUrl":"https:\/\/i0.wp.com\/elregionalvm.com.ar\/noticias-villa-maria\/wp-content\/uploads\/2020\/10\/Accastello-padres-y-Navarro.jpg?fit=1440%2C1080&ssl=1","width":1440,"height":1080},{"@type":"BreadcrumbList","@id":"http:\/\/elregionalvm.com.ar\/noticias-villa-maria\/en-dos-dias-accastello-perdio-a-sus-padres-por-culpa-del-covid\/#breadcrumb","itemListElement":[{"@type":"ListItem","position":1,"name":"Portada","item":"https:\/\/elregionalvm.com.ar\/noticias-villa-maria\/"},{"@type":"ListItem","position":2,"name":"En dos d\u00edas, Accastello perdi\u00f3 a sus padres por culpa del Covid"}]},{"@type":"WebSite","@id":"http:\/\/elregionalvm.com.ar\/noticias-villa-maria\/#website","url":"http:\/\/elregionalvm.com.ar\/noticias-villa-maria\/","name":"El Regional","description":"Mucho m\u00e1s que informaci\u00f3n","potentialAction":[{"@type":"SearchAction","target":{"@type":"EntryPoint","urlTemplate":"http:\/\/elregionalvm.com.ar\/noticias-villa-maria\/?s={search_term_string}"},"query-input":{"@type":"PropertyValueSpecification","valueRequired":true,"valueName":"search_term_string"}}],"inLanguage":"es"},{"@type":"Person","@id":"http:\/\/elregionalvm.com.ar\/noticias-villa-maria\/#\/schema\/person\/a0fb9c422317faca23d50163151bc354","name":"Contenidos El Regional","image":{"@type":"ImageObject","inLanguage":"es","@id":"http:\/\/elregionalvm.com.ar\/noticias-villa-maria\/#\/schema\/person\/image\/","url":"https:\/\/secure.gravatar.com\/avatar\/265b27cb2209af7bb3a1318f03305787d7981a5cc6e6cd08fe5a4ecdf99d4b48?s=96&d=mm&r=g","contentUrl":"https:\/\/secure.gravatar.com\/avatar\/265b27cb2209af7bb3a1318f03305787d7981a5cc6e6cd08fe5a4ecdf99d4b48?s=96&d=mm&r=g","caption":"Contenidos El Regional"},"url":"https:\/\/elregionalvm.com.ar\/noticias-villa-maria\/author\/contenido\/"}]}},"jetpack_featured_media_url":"https:\/\/i0.wp.com\/elregionalvm.com.ar\/noticias-villa-maria\/wp-content\/uploads\/2020\/10\/Accastello-padres-y-Navarro.jpg?fit=1440%2C1080&ssl=1","jetpack_sharing_enabled":true,"_links":{"self":[{"href":"https:\/\/elregionalvm.com.ar\/noticias-villa-maria\/wp-json\/wp\/v2\/posts\/26503","targetHints":{"allow":["GET"]}}],"collection":[{"href":"https:\/\/elregionalvm.com.ar\/noticias-villa-maria\/wp-json\/wp\/v2\/posts"}],"about":[{"href":"https:\/\/elregionalvm.com.ar\/noticias-villa-maria\/wp-json\/wp\/v2\/types\/post"}],"author":[{"embeddable":true,"href":"https:\/\/elregionalvm.com.ar\/noticias-villa-maria\/wp-json\/wp\/v2\/users\/4"}],"replies":[{"embeddable":true,"href":"https:\/\/elregionalvm.com.ar\/noticias-villa-maria\/wp-json\/wp\/v2\/comments?post=26503"}],"version-history":[{"count":1,"href":"https:\/\/elregionalvm.com.ar\/noticias-villa-maria\/wp-json\/wp\/v2\/posts\/26503\/revisions"}],"predecessor-version":[{"id":26506,"href":"https:\/\/elregionalvm.com.ar\/noticias-villa-maria\/wp-json\/wp\/v2\/posts\/26503\/revisions\/26506"}],"wp:featuredmedia":[{"embeddable":true,"href":"https:\/\/elregionalvm.com.ar\/noticias-villa-maria\/wp-json\/wp\/v2\/media\/26504"}],"wp:attachment":[{"href":"https:\/\/elregionalvm.com.ar\/noticias-villa-maria\/wp-json\/wp\/v2\/media?parent=26503"}],"wp:term":[{"taxonomy":"category","embeddable":true,"href":"https:\/\/elregionalvm.com.ar\/noticias-villa-maria\/wp-json\/wp\/v2\/categories?post=26503"},{"taxonomy":"post_tag","embeddable":true,"href":"https:\/\/elregionalvm.com.ar\/noticias-villa-maria\/wp-json\/wp\/v2\/tags?post=26503"}],"curies":[{"name":"wp","href":"https:\/\/api.w.org\/{rel}","templated":true}]}}