{"id":27861,"date":"2020-11-20T02:55:02","date_gmt":"2020-11-20T02:55:02","guid":{"rendered":"https:\/\/elregionalvm.com.ar\/noticias-villa-maria\/?p=27861"},"modified":"2020-11-21T23:57:11","modified_gmt":"2020-11-21T23:57:11","slug":"camisetas-de-futbol-manteles-libros-y-barbijos-en-braille-para-incluir-mas","status":"publish","type":"post","link":"https:\/\/elregionalvm.com.ar\/noticias-villa-maria\/camisetas-de-futbol-manteles-libros-y-barbijos-en-braille-para-incluir-mas\/","title":{"rendered":"Camisetas de f\u00fatbol, manteles, libros y barbijos en braille para incluir m\u00e1s"},"content":{"rendered":"\n<p>Manteles con mensajes en braille, el sistema de lectoescritura para personas ciegas. Tambi\u00e9n, barbijos antimufas, camisetas de f\u00fatbol y, por supuesto, libros.<\/p>\n\n\n\n<p>Todo en braille, para generar conciencia y mayor inclusi\u00f3n de los no videntes en nuestra sociedad.<\/p>\n\n\n\n<p>Un docente de ciegos, Fernando Pratto, viene desarrollando distintos proyectos inclusivos en base al Sistema braille y con dise\u00f1os innovadores.<\/p>\n\n\n\n<p><\/p>\n\n\n\n<figure class=\"wp-block-image size-large\"><img data-recalc-dims=\"1\" fetchpriority=\"high\" decoding=\"async\" width=\"1024\" height=\"576\" src=\"https:\/\/i0.wp.com\/elregionalvm.com.ar\/noticias-villa-maria\/wp-content\/uploads\/2020\/11\/Braile-mantel.jpg?resize=1024%2C576&#038;ssl=1\" alt=\"\" class=\"wp-image-27863\" srcset=\"https:\/\/i0.wp.com\/elregionalvm.com.ar\/noticias-villa-maria\/wp-content\/uploads\/2020\/11\/Braile-mantel.jpg?resize=1024%2C576&amp;ssl=1 1024w, https:\/\/i0.wp.com\/elregionalvm.com.ar\/noticias-villa-maria\/wp-content\/uploads\/2020\/11\/Braile-mantel.jpg?resize=300%2C169&amp;ssl=1 300w, https:\/\/i0.wp.com\/elregionalvm.com.ar\/noticias-villa-maria\/wp-content\/uploads\/2020\/11\/Braile-mantel.jpg?resize=768%2C432&amp;ssl=1 768w, https:\/\/i0.wp.com\/elregionalvm.com.ar\/noticias-villa-maria\/wp-content\/uploads\/2020\/11\/Braile-mantel.jpg?resize=1536%2C864&amp;ssl=1 1536w, https:\/\/i0.wp.com\/elregionalvm.com.ar\/noticias-villa-maria\/wp-content\/uploads\/2020\/11\/Braile-mantel.jpg?resize=2048%2C1152&amp;ssl=1 2048w\" sizes=\"(max-width: 1000px) 100vw, 1000px\" \/><figcaption><em>Manteles e individuales destinados a locales gastron\u00f3micos. <\/em><\/figcaption><\/figure>\n\n\n\n<p><\/p>\n\n\n\n<p><strong>Puntos de vista<\/strong><\/p>\n\n\n\n<p>\u201cPuntos de vista\u201d es uno de ellos, con el objetivo central de difundir distintas instancias en braille en \u201cmanteles\u201d o \u201cindividuales\u201d que se utilizan en bares y restaurantes<\/p>\n\n\n\n<p>Por otra parte, est\u00e1 en el principio de desarrollo la idea del \u201cBarbijo Braille Antimufa\u201d, ocurrencia para continuar difundiendo este sistema.<\/p>\n\n\n\n<p>\u201cTodo esto nace por una necesidad personal de difundir el Sistema braille\u201d, coment\u00f3 Fernando al portal Villa Mar\u00eda Educativa.<\/p>\n\n\n\n<p>\u201cEl braille me gusta mucho, me parece un sistema de lectoescritura muy simp\u00e1tico, pero a su vez es un elemento esencial para aquellas personas ciegas, para la alfabetizaci\u00f3n, sobre todo, y de ah\u00ed que me aboqu\u00e9 a la tarea de difundirlo\u201d, explic\u00f3.<\/p>\n\n\n\n<p><\/p>\n\n\n\n<p><\/p>\n\n\n\n<figure class=\"wp-block-image size-large\"><img data-recalc-dims=\"1\" decoding=\"async\" width=\"1024\" height=\"576\" src=\"https:\/\/i0.wp.com\/elregionalvm.com.ar\/noticias-villa-maria\/wp-content\/uploads\/2020\/11\/Barbijo-braile.jpg?resize=1024%2C576&#038;ssl=1\" alt=\"\" class=\"wp-image-27864\" srcset=\"https:\/\/i0.wp.com\/elregionalvm.com.ar\/noticias-villa-maria\/wp-content\/uploads\/2020\/11\/Barbijo-braile.jpg?w=1024&amp;ssl=1 1024w, https:\/\/i0.wp.com\/elregionalvm.com.ar\/noticias-villa-maria\/wp-content\/uploads\/2020\/11\/Barbijo-braile.jpg?resize=300%2C169&amp;ssl=1 300w, https:\/\/i0.wp.com\/elregionalvm.com.ar\/noticias-villa-maria\/wp-content\/uploads\/2020\/11\/Barbijo-braile.jpg?resize=768%2C432&amp;ssl=1 768w\" sizes=\"(max-width: 1000px) 100vw, 1000px\" \/><figcaption><em>Los barbijos antimufa con mensajes en braille. <\/em><\/figcaption><\/figure>\n\n\n\n<p><\/p>\n\n\n\n<p><\/p>\n\n\n\n<p><strong>Abrir puertas<\/strong><\/p>\n\n\n\n<p>\u201cMe gusta lo creativo, lo diferente, y en cierta forma, tratamos a trav\u00e9s de las acciones de Punta de Vista buscar acciones diferentes o modos particulares de difusi\u00f3n\u201d, sostuvo Pratto.<\/p>\n\n\n\n<p>Los objetivos para desarrollar estos proyectos nacen \u201cante la falta de est\u00edmulo externo que tienen los ni\u00f1os ciegos al momento de aprender el sistema de lectoescritura\u201d, indic\u00f3.<\/p>\n\n\n\n<p>\u201cHay que desactivar esa barrera de a poco, y con estas ideas se abrieron muchas puertas\u201d, remarc\u00f3.<\/p>\n\n\n\n<p><strong>Realidades y proyectos<\/strong><\/p>\n\n\n\n<p>La \u00faltima acci\u00f3n que han desarrollado es la puesta en com\u00fan de manteles, para bares y restaurantes, y con ello informan sobre el sistema braille.<\/p>\n\n\n\n<p>\u201cLe agregamos actividades l\u00fadicas, para que, a partir del juego, puedan tener un conocimiento b\u00e1sico del braille, y a la vez, tambi\u00e9n esos manteles tienen una palabra escrita en este sistema, para que la gente tome conocimiento de c\u00f3mo es originalmente\u201d, precis\u00f3.<\/p>\n\n\n\n<p>La pandemia, tambi\u00e9n, detuvo algunos de los proyectos delineados.<\/p>\n\n\n\n<p>Por caso, hicieron un juego de camisetas de un equipo de f\u00fatbol, con nombres y padrinos de sponsors que financiaron.<\/p>\n\n\n\n<p>\u201cAll\u00ed ten\u00edamos la idea de difundir en espect\u00e1culos deportivos el braille, invitando a los clubes a utilizarlas al ingresar al partido y en las tribunas repartir folletos con el alfabeto braille, a modo de concientizaci\u00f3n\u201d, detall\u00f3 Fernando.<\/p>\n\n\n\n<p><\/p>\n\n\n\n<p><\/p>\n\n\n\n<figure class=\"wp-block-gallery columns-2 is-cropped wp-block-gallery-1 is-layout-flex wp-block-gallery-is-layout-flex\"><ul class=\"blocks-gallery-grid\"><li class=\"blocks-gallery-item\"><figure><img data-recalc-dims=\"1\" decoding=\"async\" width=\"576\" height=\"1024\" src=\"https:\/\/i0.wp.com\/elregionalvm.com.ar\/noticias-villa-maria\/wp-content\/uploads\/2020\/11\/Camiseta-braile.jpg?resize=576%2C1024&#038;ssl=1\" alt=\"\" data-id=\"27866\" data-full-url=\"https:\/\/elregionalvm.com.ar\/noticias-villa-maria\/wp-content\/uploads\/2020\/11\/Camiseta-braile.jpg\" data-link=\"https:\/\/elregionalvm.com.ar\/noticias-villa-maria\/?attachment_id=27866\" class=\"wp-image-27866\" srcset=\"https:\/\/i0.wp.com\/elregionalvm.com.ar\/noticias-villa-maria\/wp-content\/uploads\/2020\/11\/Camiseta-braile.jpg?w=576&amp;ssl=1 576w, https:\/\/i0.wp.com\/elregionalvm.com.ar\/noticias-villa-maria\/wp-content\/uploads\/2020\/11\/Camiseta-braile.jpg?resize=169%2C300&amp;ssl=1 169w\" sizes=\"(max-width: 576px) 100vw, 576px\" \/><\/figure><\/li><li class=\"blocks-gallery-item\"><figure><img data-recalc-dims=\"1\" loading=\"lazy\" decoding=\"async\" width=\"842\" height=\"474\" src=\"https:\/\/i0.wp.com\/elregionalvm.com.ar\/noticias-villa-maria\/wp-content\/uploads\/2020\/11\/Camiseta-braile-2.jpg?resize=842%2C474&#038;ssl=1\" alt=\"\" data-id=\"27865\" data-full-url=\"https:\/\/elregionalvm.com.ar\/noticias-villa-maria\/wp-content\/uploads\/2020\/11\/Camiseta-braile-2.jpg\" data-link=\"https:\/\/elregionalvm.com.ar\/noticias-villa-maria\/?attachment_id=27865\" class=\"wp-image-27865\" srcset=\"https:\/\/i0.wp.com\/elregionalvm.com.ar\/noticias-villa-maria\/wp-content\/uploads\/2020\/11\/Camiseta-braile-2.jpg?w=842&amp;ssl=1 842w, https:\/\/i0.wp.com\/elregionalvm.com.ar\/noticias-villa-maria\/wp-content\/uploads\/2020\/11\/Camiseta-braile-2.jpg?resize=300%2C169&amp;ssl=1 300w, https:\/\/i0.wp.com\/elregionalvm.com.ar\/noticias-villa-maria\/wp-content\/uploads\/2020\/11\/Camiseta-braile-2.jpg?resize=768%2C432&amp;ssl=1 768w\" sizes=\"(max-width: 842px) 100vw, 842px\" \/><\/figure><\/li><\/ul><figcaption class=\"blocks-gallery-caption\"><em>Camisetas de f\u00fatbol con mensajes en braille para generar conciencia. <\/em><\/figcaption><\/figure>\n\n\n\n<p><\/p>\n\n\n\n<p>Adem\u00e1s, editaron libros de cuentos infantiles donde se puede aprender a escribir y conocer el braille, y desarrollaron un taller de este c\u00f3digo no verbal, dictado por WhatsApp, en ocho clases.<\/p>\n\n\n\n<p>Tambi\u00e9n, se encuentran en pleno proceso de la elaboraci\u00f3n de originales barbijos para \u201crobarles una sonrisa a partir de un elemento de moda obligatoria en tiempo de Pandemia\u201d, finaliz\u00f3 el creativo, que es docente y dise\u00f1ador gr\u00e1fico.<\/p>\n\n\n\n<p>A este elemento se le agrega el alfabeto, as\u00ed quienes los usen u observen puedan transcribir las palabras.<\/p>\n\n\n\n<p><\/p>\n\n\n\n<p><em>Fuente e im\u00e1genes: Villa Mar\u00eda Educativa  &#8211; Foto de Portada: Facebook<\/em><\/p>\n","protected":false},"excerpt":{"rendered":"<p>Manteles con mensajes en braille, el sistema de lectoescritura para personas ciegas. Tambi\u00e9n, barbijos antimufas, camisetas de f\u00fatbol y, por supuesto, libros. Todo en braille, para generar conciencia y mayor inclusi\u00f3n de los no videntes en nuestra sociedad. Un docente de ciegos, Fernando Pratto, viene desarrollando distintos proyectos inclusivos en base al Sistema braille y [&hellip;]<\/p>\n","protected":false},"author":4,"featured_media":27862,"comment_status":"open","ping_status":"open","sticky":false,"template":"","format":"standard","meta":{"site-sidebar-layout":"default","site-content-layout":"default","ast-site-content-layout":"default","site-content-style":"default","site-sidebar-style":"default","ast-global-header-display":"","ast-banner-title-visibility":"","ast-main-header-display":"","ast-hfb-above-header-display":"","ast-hfb-below-header-display":"","ast-hfb-mobile-header-display":"","site-post-title":"","ast-breadcrumbs-content":"","ast-featured-img":"","footer-sml-layout":"","ast-disable-related-posts":"","theme-transparent-header-meta":"default","adv-header-id-meta":"","stick-header-meta":"","header-above-stick-meta":"","header-main-stick-meta":"","header-below-stick-meta":"","astra-migrate-meta-layouts":"default","ast-page-background-enabled":"default","ast-page-background-meta":{"desktop":{"background-color":"","background-image":"","background-repeat":"repeat","background-position":"center center","background-size":"auto","background-attachment":"scroll","background-type":"","background-media":"","overlay-type":"","overlay-color":"","overlay-opacity":"","overlay-gradient":""},"tablet":{"background-color":"","background-image":"","background-repeat":"repeat","background-position":"center center","background-size":"auto","background-attachment":"scroll","background-type":"","background-media":"","overlay-type":"","overlay-color":"","overlay-opacity":"","overlay-gradient":""},"mobile":{"background-color":"","background-image":"","background-repeat":"repeat","background-position":"center center","background-size":"auto","background-attachment":"scroll","background-type":"","background-media":"","overlay-type":"","overlay-color":"","overlay-opacity":"","overlay-gradient":""}},"ast-content-background-meta":{"desktop":{"background-color":"var(--ast-global-color-5)","background-image":"","background-repeat":"repeat","background-position":"center center","background-size":"auto","background-attachment":"scroll","background-type":"","background-media":"","overlay-type":"","overlay-color":"","overlay-opacity":"","overlay-gradient":""},"tablet":{"background-color":"var(--ast-global-color-5)","background-image":"","background-repeat":"repeat","background-position":"center center","background-size":"auto","background-attachment":"scroll","background-type":"","background-media":"","overlay-type":"","overlay-color":"","overlay-opacity":"","overlay-gradient":""},"mobile":{"background-color":"var(--ast-global-color-5)","background-image":"","background-repeat":"repeat","background-position":"center center","background-size":"auto","background-attachment":"scroll","background-type":"","background-media":"","overlay-type":"","overlay-color":"","overlay-opacity":"","overlay-gradient":""}},"_jetpack_memberships_contains_paid_content":false,"_joinchat":[],"footnotes":""},"categories":[3557,2],"tags":[5471,5472,285,5473,5470],"class_list":["post-27861","post","type-post","status-publish","format-standard","has-post-thumbnail","hentry","category-tercera","category-villa-maria","tag-ciegos","tag-fernando-prato","tag-inclusion","tag-puntos-de-vista","tag-sistema-braille"],"yoast_head":"<!-- This site is optimized with the Yoast SEO plugin v26.8 - https:\/\/yoast.com\/product\/yoast-seo-wordpress\/ -->\n<title>Camisetas de f\u00fatbol, manteles, libros y barbijos en braille para incluir m\u00e1s - El Regional<\/title>\n<meta name=\"description\" content=\"Todo en braille, el sistema de lectoescritura para personas ciegas, con el fin de generar conciencia y mayor inclusi\u00f3n de los no videntes.\" \/>\n<meta name=\"robots\" content=\"index, follow, max-snippet:-1, max-image-preview:large, max-video-preview:-1\" \/>\n<link rel=\"canonical\" href=\"http:\/\/elregionalvm.com.ar\/noticias-villa-maria\/camisetas-de-futbol-manteles-libros-y-barbijos-en-braille-para-incluir-mas\/\" \/>\n<meta property=\"og:locale\" content=\"es_ES\" \/>\n<meta property=\"og:type\" content=\"article\" \/>\n<meta property=\"og:title\" content=\"Camisetas de f\u00fatbol, manteles, libros y barbijos en braille para incluir m\u00e1s - El Regional\" \/>\n<meta property=\"og:description\" content=\"Todo en braille, el sistema de lectoescritura para personas ciegas, con el fin de generar conciencia y mayor inclusi\u00f3n de los no videntes.\" \/>\n<meta property=\"og:url\" content=\"http:\/\/elregionalvm.com.ar\/noticias-villa-maria\/camisetas-de-futbol-manteles-libros-y-barbijos-en-braille-para-incluir-mas\/\" \/>\n<meta property=\"og:site_name\" content=\"El Regional\" \/>\n<meta property=\"article:publisher\" content=\"https:\/\/www.facebook.com\/elregionalvm\" \/>\n<meta property=\"article:published_time\" content=\"2020-11-20T02:55:02+00:00\" \/>\n<meta property=\"article:modified_time\" content=\"2020-11-21T23:57:11+00:00\" \/>\n<meta property=\"og:image\" content=\"http:\/\/elregionalvm.com.ar\/noticias-villa-maria\/wp-content\/uploads\/2020\/11\/Muchacho-con-mantel-braile.jpg\" \/>\n\t<meta property=\"og:image:width\" content=\"953\" \/>\n\t<meta property=\"og:image:height\" content=\"742\" \/>\n\t<meta property=\"og:image:type\" content=\"image\/jpeg\" \/>\n<meta name=\"author\" content=\"Contenidos El Regional\" \/>\n<meta name=\"twitter:card\" content=\"summary_large_image\" \/>\n<meta name=\"twitter:creator\" content=\"@elregionalvm1\" \/>\n<meta name=\"twitter:site\" content=\"@elregionalvm1\" \/>\n<meta name=\"twitter:label1\" content=\"Escrito por\" \/>\n\t<meta name=\"twitter:data1\" content=\"Contenidos El Regional\" \/>\n\t<meta name=\"twitter:label2\" content=\"Tiempo de lectura\" \/>\n\t<meta name=\"twitter:data2\" content=\"3 minutos\" \/>\n<script type=\"application\/ld+json\" class=\"yoast-schema-graph\">{\"@context\":\"https:\/\/schema.org\",\"@graph\":[{\"@type\":\"Article\",\"@id\":\"http:\/\/elregionalvm.com.ar\/noticias-villa-maria\/camisetas-de-futbol-manteles-libros-y-barbijos-en-braille-para-incluir-mas\/#article\",\"isPartOf\":{\"@id\":\"http:\/\/elregionalvm.com.ar\/noticias-villa-maria\/camisetas-de-futbol-manteles-libros-y-barbijos-en-braille-para-incluir-mas\/\"},\"author\":{\"name\":\"Contenidos El Regional\",\"@id\":\"http:\/\/elregionalvm.com.ar\/noticias-villa-maria\/#\/schema\/person\/a0fb9c422317faca23d50163151bc354\"},\"headline\":\"Camisetas de f\u00fatbol, manteles, libros y barbijos en braille para incluir m\u00e1s\",\"datePublished\":\"2020-11-20T02:55:02+00:00\",\"dateModified\":\"2020-11-21T23:57:11+00:00\",\"mainEntityOfPage\":{\"@id\":\"http:\/\/elregionalvm.com.ar\/noticias-villa-maria\/camisetas-de-futbol-manteles-libros-y-barbijos-en-braille-para-incluir-mas\/\"},\"wordCount\":550,\"commentCount\":0,\"image\":{\"@id\":\"http:\/\/elregionalvm.com.ar\/noticias-villa-maria\/camisetas-de-futbol-manteles-libros-y-barbijos-en-braille-para-incluir-mas\/#primaryimage\"},\"thumbnailUrl\":\"https:\/\/i0.wp.com\/elregionalvm.com.ar\/noticias-villa-maria\/wp-content\/uploads\/2020\/11\/Muchacho-con-mantel-braile.jpg?fit=953%2C742&ssl=1\",\"keywords\":[\"Ciegos\",\"Fernando Prato\",\"Inclusi\u00f3n\",\"Puntos de vista\",\"Sistema Braille\"],\"articleSection\":[\"tercera\",\"Villa Mar\u00eda\"],\"inLanguage\":\"es\",\"potentialAction\":[{\"@type\":\"CommentAction\",\"name\":\"Comment\",\"target\":[\"http:\/\/elregionalvm.com.ar\/noticias-villa-maria\/camisetas-de-futbol-manteles-libros-y-barbijos-en-braille-para-incluir-mas\/#respond\"]}]},{\"@type\":\"WebPage\",\"@id\":\"http:\/\/elregionalvm.com.ar\/noticias-villa-maria\/camisetas-de-futbol-manteles-libros-y-barbijos-en-braille-para-incluir-mas\/\",\"url\":\"http:\/\/elregionalvm.com.ar\/noticias-villa-maria\/camisetas-de-futbol-manteles-libros-y-barbijos-en-braille-para-incluir-mas\/\",\"name\":\"Camisetas de f\u00fatbol, manteles, libros y barbijos en braille para incluir m\u00e1s - El Regional\",\"isPartOf\":{\"@id\":\"http:\/\/elregionalvm.com.ar\/noticias-villa-maria\/#website\"},\"primaryImageOfPage\":{\"@id\":\"http:\/\/elregionalvm.com.ar\/noticias-villa-maria\/camisetas-de-futbol-manteles-libros-y-barbijos-en-braille-para-incluir-mas\/#primaryimage\"},\"image\":{\"@id\":\"http:\/\/elregionalvm.com.ar\/noticias-villa-maria\/camisetas-de-futbol-manteles-libros-y-barbijos-en-braille-para-incluir-mas\/#primaryimage\"},\"thumbnailUrl\":\"https:\/\/i0.wp.com\/elregionalvm.com.ar\/noticias-villa-maria\/wp-content\/uploads\/2020\/11\/Muchacho-con-mantel-braile.jpg?fit=953%2C742&ssl=1\",\"datePublished\":\"2020-11-20T02:55:02+00:00\",\"dateModified\":\"2020-11-21T23:57:11+00:00\",\"author\":{\"@id\":\"http:\/\/elregionalvm.com.ar\/noticias-villa-maria\/#\/schema\/person\/a0fb9c422317faca23d50163151bc354\"},\"description\":\"Todo en braille, el sistema de lectoescritura para personas ciegas, con el fin de generar conciencia y mayor inclusi\u00f3n de los no videntes.\",\"breadcrumb\":{\"@id\":\"http:\/\/elregionalvm.com.ar\/noticias-villa-maria\/camisetas-de-futbol-manteles-libros-y-barbijos-en-braille-para-incluir-mas\/#breadcrumb\"},\"inLanguage\":\"es\",\"potentialAction\":[{\"@type\":\"ReadAction\",\"target\":[\"http:\/\/elregionalvm.com.ar\/noticias-villa-maria\/camisetas-de-futbol-manteles-libros-y-barbijos-en-braille-para-incluir-mas\/\"]}]},{\"@type\":\"ImageObject\",\"inLanguage\":\"es\",\"@id\":\"http:\/\/elregionalvm.com.ar\/noticias-villa-maria\/camisetas-de-futbol-manteles-libros-y-barbijos-en-braille-para-incluir-mas\/#primaryimage\",\"url\":\"https:\/\/i0.wp.com\/elregionalvm.com.ar\/noticias-villa-maria\/wp-content\/uploads\/2020\/11\/Muchacho-con-mantel-braile.jpg?fit=953%2C742&ssl=1\",\"contentUrl\":\"https:\/\/i0.wp.com\/elregionalvm.com.ar\/noticias-villa-maria\/wp-content\/uploads\/2020\/11\/Muchacho-con-mantel-braile.jpg?fit=953%2C742&ssl=1\",\"width\":953,\"height\":742},{\"@type\":\"BreadcrumbList\",\"@id\":\"http:\/\/elregionalvm.com.ar\/noticias-villa-maria\/camisetas-de-futbol-manteles-libros-y-barbijos-en-braille-para-incluir-mas\/#breadcrumb\",\"itemListElement\":[{\"@type\":\"ListItem\",\"position\":1,\"name\":\"Portada\",\"item\":\"https:\/\/elregionalvm.com.ar\/noticias-villa-maria\/\"},{\"@type\":\"ListItem\",\"position\":2,\"name\":\"Camisetas de f\u00fatbol, manteles, libros y barbijos en braille para incluir m\u00e1s\"}]},{\"@type\":\"WebSite\",\"@id\":\"http:\/\/elregionalvm.com.ar\/noticias-villa-maria\/#website\",\"url\":\"http:\/\/elregionalvm.com.ar\/noticias-villa-maria\/\",\"name\":\"El Regional\",\"description\":\"Mucho m\u00e1s que informaci\u00f3n\",\"potentialAction\":[{\"@type\":\"SearchAction\",\"target\":{\"@type\":\"EntryPoint\",\"urlTemplate\":\"http:\/\/elregionalvm.com.ar\/noticias-villa-maria\/?s={search_term_string}\"},\"query-input\":{\"@type\":\"PropertyValueSpecification\",\"valueRequired\":true,\"valueName\":\"search_term_string\"}}],\"inLanguage\":\"es\"},{\"@type\":\"Person\",\"@id\":\"http:\/\/elregionalvm.com.ar\/noticias-villa-maria\/#\/schema\/person\/a0fb9c422317faca23d50163151bc354\",\"name\":\"Contenidos El Regional\",\"image\":{\"@type\":\"ImageObject\",\"inLanguage\":\"es\",\"@id\":\"http:\/\/elregionalvm.com.ar\/noticias-villa-maria\/#\/schema\/person\/image\/\",\"url\":\"https:\/\/secure.gravatar.com\/avatar\/265b27cb2209af7bb3a1318f03305787d7981a5cc6e6cd08fe5a4ecdf99d4b48?s=96&d=mm&r=g\",\"contentUrl\":\"https:\/\/secure.gravatar.com\/avatar\/265b27cb2209af7bb3a1318f03305787d7981a5cc6e6cd08fe5a4ecdf99d4b48?s=96&d=mm&r=g\",\"caption\":\"Contenidos El Regional\"},\"url\":\"https:\/\/elregionalvm.com.ar\/noticias-villa-maria\/author\/contenido\/\"}]}<\/script>\n<!-- \/ Yoast SEO plugin. -->","yoast_head_json":{"title":"Camisetas de f\u00fatbol, manteles, libros y barbijos en braille para incluir m\u00e1s - El Regional","description":"Todo en braille, el sistema de lectoescritura para personas ciegas, con el fin de generar conciencia y mayor inclusi\u00f3n de los no videntes.","robots":{"index":"index","follow":"follow","max-snippet":"max-snippet:-1","max-image-preview":"max-image-preview:large","max-video-preview":"max-video-preview:-1"},"canonical":"http:\/\/elregionalvm.com.ar\/noticias-villa-maria\/camisetas-de-futbol-manteles-libros-y-barbijos-en-braille-para-incluir-mas\/","og_locale":"es_ES","og_type":"article","og_title":"Camisetas de f\u00fatbol, manteles, libros y barbijos en braille para incluir m\u00e1s - El Regional","og_description":"Todo en braille, el sistema de lectoescritura para personas ciegas, con el fin de generar conciencia y mayor inclusi\u00f3n de los no videntes.","og_url":"http:\/\/elregionalvm.com.ar\/noticias-villa-maria\/camisetas-de-futbol-manteles-libros-y-barbijos-en-braille-para-incluir-mas\/","og_site_name":"El Regional","article_publisher":"https:\/\/www.facebook.com\/elregionalvm","article_published_time":"2020-11-20T02:55:02+00:00","article_modified_time":"2020-11-21T23:57:11+00:00","og_image":[{"width":953,"height":742,"url":"http:\/\/elregionalvm.com.ar\/noticias-villa-maria\/wp-content\/uploads\/2020\/11\/Muchacho-con-mantel-braile.jpg","type":"image\/jpeg"}],"author":"Contenidos El Regional","twitter_card":"summary_large_image","twitter_creator":"@elregionalvm1","twitter_site":"@elregionalvm1","twitter_misc":{"Escrito por":"Contenidos El Regional","Tiempo de lectura":"3 minutos"},"schema":{"@context":"https:\/\/schema.org","@graph":[{"@type":"Article","@id":"http:\/\/elregionalvm.com.ar\/noticias-villa-maria\/camisetas-de-futbol-manteles-libros-y-barbijos-en-braille-para-incluir-mas\/#article","isPartOf":{"@id":"http:\/\/elregionalvm.com.ar\/noticias-villa-maria\/camisetas-de-futbol-manteles-libros-y-barbijos-en-braille-para-incluir-mas\/"},"author":{"name":"Contenidos El Regional","@id":"http:\/\/elregionalvm.com.ar\/noticias-villa-maria\/#\/schema\/person\/a0fb9c422317faca23d50163151bc354"},"headline":"Camisetas de f\u00fatbol, manteles, libros y barbijos en braille para incluir m\u00e1s","datePublished":"2020-11-20T02:55:02+00:00","dateModified":"2020-11-21T23:57:11+00:00","mainEntityOfPage":{"@id":"http:\/\/elregionalvm.com.ar\/noticias-villa-maria\/camisetas-de-futbol-manteles-libros-y-barbijos-en-braille-para-incluir-mas\/"},"wordCount":550,"commentCount":0,"image":{"@id":"http:\/\/elregionalvm.com.ar\/noticias-villa-maria\/camisetas-de-futbol-manteles-libros-y-barbijos-en-braille-para-incluir-mas\/#primaryimage"},"thumbnailUrl":"https:\/\/i0.wp.com\/elregionalvm.com.ar\/noticias-villa-maria\/wp-content\/uploads\/2020\/11\/Muchacho-con-mantel-braile.jpg?fit=953%2C742&ssl=1","keywords":["Ciegos","Fernando Prato","Inclusi\u00f3n","Puntos de vista","Sistema Braille"],"articleSection":["tercera","Villa Mar\u00eda"],"inLanguage":"es","potentialAction":[{"@type":"CommentAction","name":"Comment","target":["http:\/\/elregionalvm.com.ar\/noticias-villa-maria\/camisetas-de-futbol-manteles-libros-y-barbijos-en-braille-para-incluir-mas\/#respond"]}]},{"@type":"WebPage","@id":"http:\/\/elregionalvm.com.ar\/noticias-villa-maria\/camisetas-de-futbol-manteles-libros-y-barbijos-en-braille-para-incluir-mas\/","url":"http:\/\/elregionalvm.com.ar\/noticias-villa-maria\/camisetas-de-futbol-manteles-libros-y-barbijos-en-braille-para-incluir-mas\/","name":"Camisetas de f\u00fatbol, manteles, libros y barbijos en braille para incluir m\u00e1s - El Regional","isPartOf":{"@id":"http:\/\/elregionalvm.com.ar\/noticias-villa-maria\/#website"},"primaryImageOfPage":{"@id":"http:\/\/elregionalvm.com.ar\/noticias-villa-maria\/camisetas-de-futbol-manteles-libros-y-barbijos-en-braille-para-incluir-mas\/#primaryimage"},"image":{"@id":"http:\/\/elregionalvm.com.ar\/noticias-villa-maria\/camisetas-de-futbol-manteles-libros-y-barbijos-en-braille-para-incluir-mas\/#primaryimage"},"thumbnailUrl":"https:\/\/i0.wp.com\/elregionalvm.com.ar\/noticias-villa-maria\/wp-content\/uploads\/2020\/11\/Muchacho-con-mantel-braile.jpg?fit=953%2C742&ssl=1","datePublished":"2020-11-20T02:55:02+00:00","dateModified":"2020-11-21T23:57:11+00:00","author":{"@id":"http:\/\/elregionalvm.com.ar\/noticias-villa-maria\/#\/schema\/person\/a0fb9c422317faca23d50163151bc354"},"description":"Todo en braille, el sistema de lectoescritura para personas ciegas, con el fin de generar conciencia y mayor inclusi\u00f3n de los no videntes.","breadcrumb":{"@id":"http:\/\/elregionalvm.com.ar\/noticias-villa-maria\/camisetas-de-futbol-manteles-libros-y-barbijos-en-braille-para-incluir-mas\/#breadcrumb"},"inLanguage":"es","potentialAction":[{"@type":"ReadAction","target":["http:\/\/elregionalvm.com.ar\/noticias-villa-maria\/camisetas-de-futbol-manteles-libros-y-barbijos-en-braille-para-incluir-mas\/"]}]},{"@type":"ImageObject","inLanguage":"es","@id":"http:\/\/elregionalvm.com.ar\/noticias-villa-maria\/camisetas-de-futbol-manteles-libros-y-barbijos-en-braille-para-incluir-mas\/#primaryimage","url":"https:\/\/i0.wp.com\/elregionalvm.com.ar\/noticias-villa-maria\/wp-content\/uploads\/2020\/11\/Muchacho-con-mantel-braile.jpg?fit=953%2C742&ssl=1","contentUrl":"https:\/\/i0.wp.com\/elregionalvm.com.ar\/noticias-villa-maria\/wp-content\/uploads\/2020\/11\/Muchacho-con-mantel-braile.jpg?fit=953%2C742&ssl=1","width":953,"height":742},{"@type":"BreadcrumbList","@id":"http:\/\/elregionalvm.com.ar\/noticias-villa-maria\/camisetas-de-futbol-manteles-libros-y-barbijos-en-braille-para-incluir-mas\/#breadcrumb","itemListElement":[{"@type":"ListItem","position":1,"name":"Portada","item":"https:\/\/elregionalvm.com.ar\/noticias-villa-maria\/"},{"@type":"ListItem","position":2,"name":"Camisetas de f\u00fatbol, manteles, libros y barbijos en braille para incluir m\u00e1s"}]},{"@type":"WebSite","@id":"http:\/\/elregionalvm.com.ar\/noticias-villa-maria\/#website","url":"http:\/\/elregionalvm.com.ar\/noticias-villa-maria\/","name":"El Regional","description":"Mucho m\u00e1s que informaci\u00f3n","potentialAction":[{"@type":"SearchAction","target":{"@type":"EntryPoint","urlTemplate":"http:\/\/elregionalvm.com.ar\/noticias-villa-maria\/?s={search_term_string}"},"query-input":{"@type":"PropertyValueSpecification","valueRequired":true,"valueName":"search_term_string"}}],"inLanguage":"es"},{"@type":"Person","@id":"http:\/\/elregionalvm.com.ar\/noticias-villa-maria\/#\/schema\/person\/a0fb9c422317faca23d50163151bc354","name":"Contenidos El Regional","image":{"@type":"ImageObject","inLanguage":"es","@id":"http:\/\/elregionalvm.com.ar\/noticias-villa-maria\/#\/schema\/person\/image\/","url":"https:\/\/secure.gravatar.com\/avatar\/265b27cb2209af7bb3a1318f03305787d7981a5cc6e6cd08fe5a4ecdf99d4b48?s=96&d=mm&r=g","contentUrl":"https:\/\/secure.gravatar.com\/avatar\/265b27cb2209af7bb3a1318f03305787d7981a5cc6e6cd08fe5a4ecdf99d4b48?s=96&d=mm&r=g","caption":"Contenidos El Regional"},"url":"https:\/\/elregionalvm.com.ar\/noticias-villa-maria\/author\/contenido\/"}]}},"jetpack_featured_media_url":"https:\/\/i0.wp.com\/elregionalvm.com.ar\/noticias-villa-maria\/wp-content\/uploads\/2020\/11\/Muchacho-con-mantel-braile.jpg?fit=953%2C742&ssl=1","jetpack_sharing_enabled":true,"_links":{"self":[{"href":"https:\/\/elregionalvm.com.ar\/noticias-villa-maria\/wp-json\/wp\/v2\/posts\/27861","targetHints":{"allow":["GET"]}}],"collection":[{"href":"https:\/\/elregionalvm.com.ar\/noticias-villa-maria\/wp-json\/wp\/v2\/posts"}],"about":[{"href":"https:\/\/elregionalvm.com.ar\/noticias-villa-maria\/wp-json\/wp\/v2\/types\/post"}],"author":[{"embeddable":true,"href":"https:\/\/elregionalvm.com.ar\/noticias-villa-maria\/wp-json\/wp\/v2\/users\/4"}],"replies":[{"embeddable":true,"href":"https:\/\/elregionalvm.com.ar\/noticias-villa-maria\/wp-json\/wp\/v2\/comments?post=27861"}],"version-history":[{"count":1,"href":"https:\/\/elregionalvm.com.ar\/noticias-villa-maria\/wp-json\/wp\/v2\/posts\/27861\/revisions"}],"predecessor-version":[{"id":27867,"href":"https:\/\/elregionalvm.com.ar\/noticias-villa-maria\/wp-json\/wp\/v2\/posts\/27861\/revisions\/27867"}],"wp:featuredmedia":[{"embeddable":true,"href":"https:\/\/elregionalvm.com.ar\/noticias-villa-maria\/wp-json\/wp\/v2\/media\/27862"}],"wp:attachment":[{"href":"https:\/\/elregionalvm.com.ar\/noticias-villa-maria\/wp-json\/wp\/v2\/media?parent=27861"}],"wp:term":[{"taxonomy":"category","embeddable":true,"href":"https:\/\/elregionalvm.com.ar\/noticias-villa-maria\/wp-json\/wp\/v2\/categories?post=27861"},{"taxonomy":"post_tag","embeddable":true,"href":"https:\/\/elregionalvm.com.ar\/noticias-villa-maria\/wp-json\/wp\/v2\/tags?post=27861"}],"curies":[{"name":"wp","href":"https:\/\/api.w.org\/{rel}","templated":true}]}}