{"id":34497,"date":"2021-03-20T11:14:36","date_gmt":"2021-03-20T11:14:36","guid":{"rendered":"https:\/\/elregionalvm.com.ar\/noticias-villa-maria\/?p=34497"},"modified":"2021-03-21T23:08:44","modified_gmt":"2021-03-21T23:08:44","slug":"crisis-climatica-cambiar-o-adaptarnos-este-es-el-reto-de-la-humanidad","status":"publish","type":"post","link":"https:\/\/elregionalvm.com.ar\/noticias-villa-maria\/crisis-climatica-cambiar-o-adaptarnos-este-es-el-reto-de-la-humanidad\/","title":{"rendered":"Crisis clim\u00e1tica: \u00bfCambiar o adaptarnos? Este es el reto de la humanidad"},"content":{"rendered":"\n<h3 class=\"wp-block-heading\">El 2019 fue el segundo a\u00f1o m\u00e1s c\u00e1lido de la historia del planeta. El aumento de la temperatura global ha sido el efecto #1 de la crisis clim\u00e1tica y sus consecuencias se han hecho visibles en todo el mundo. Sin embargo, desde hace varios a\u00f1os la verdadera pregunta sigue siendo: \u00bfqu\u00e9 est\u00e1 dispuesto a hacer [\u2026]<\/h3>\n\n\n\n<p><\/p>\n\n\n\n<p><a href=\"https:\/\/climate.nasa.gov\/\" target=\"_blank\" rel=\"noreferrer noopener\">El 2019 fue el segundo a\u00f1o m\u00e1s c\u00e1lido de la historia del planeta.<\/a>&nbsp;El aumento de la temperatura global ha sido el efecto #1 de la crisis clim\u00e1tica y sus consecuencias se han hecho visibles en todo el mundo. Sin embargo, desde hace varios a\u00f1os la verdadera pregunta sigue siendo: \u00bfqu\u00e9 est\u00e1 dispuesto a hacer el ser humano? \u00bfcambiar o adaptarse a la crisis?<\/p>\n\n\n\n<p>Hace poco descubrimos la estrecha relaci\u00f3n entre la econom\u00eda y el equilibrio ambiental. Una investigaci\u00f3n de Swiss Re Institute revel\u00f3 que&nbsp;<strong><a href=\"https:\/\/ecoosfera.com\/economia-biodiversidad-perdida-recursos-ecologicos-paises-swiss-re\/\" target=\"_blank\" rel=\"noreferrer noopener\">al menos el 50% de la econom\u00eda mundial colapsar\u00eda en caso de perder la biodiversidad del planeta.<\/a><\/strong>&nbsp;Por a\u00f1os cre\u00edmos que la p\u00e9rdida de los ecosistemas era un hecho reversible. Apostamos a que la tecnolog\u00eda nos ayudar\u00eda a producir aire, a tener plantas artificiales y pr\u00e1cticamente h\u00e1bitats enteros sin pagar las consecuencias.<\/p>\n\n\n\n<div class=\"wp-block-image\"><figure class=\"aligncenter\"><img data-recalc-dims=\"1\" decoding=\"async\" src=\"https:\/\/i0.wp.com\/ecoosfera.com\/wp-content\/imagenes\/2019\/01\/deforestacion-religion-ecoteologia-iniciativa-interreligiosa-onu-2-copia.jpg?ssl=1\" alt=\"deforestacion-religion-ecoteologia-iniciativa-interreligiosa-onu\" class=\"wp-image-65004\"\/><\/figure><\/div>\n\n\n\n<p>Hoy, el escenario no luce tan favorable. Entendimos que el mayor peligro para el planeta es el hombre. El mundo tiene la plena capacidad de reconstruirse, pero su gran \u2013 y \u00fanico\u2013 obst\u00e1culo para lograrlo, es el ser humano.<\/p>\n\n\n\n<p><strong> Adaptarse a los cambios, encontrar una forma de crecer y sobrevivir en un escenario poco prometedor y ben\u00e9volo es una habilidad en verdad \u00fanica.<\/strong>\u00a0Sin embargo, la humanidad no tiene esa capacidad; al menos no al punto en el que pueda sobrevivir sin los recursos de la madre Tierra. Nuestro bienestar depende al 100% de la cadena de funcionamiento del planeta y la vida en \u00e9l.<\/p>\n\n\n\n<div class=\"wp-block-image\"><figure class=\"aligncenter\"><img data-recalc-dims=\"1\" height=\"668\" width=\"1024\" decoding=\"async\" src=\"https:\/\/i0.wp.com\/ecoosfera.com\/wp-content\/imagenes\/2019\/03\/medio-ambiente-educacion-ambiental-emociones-1024x668.jpg?resize=1024%2C668&#038;ssl=1\" alt=\"medio-ambiente-educacion-ambiental-emociones\" class=\"wp-image-68957\"\/><\/figure><\/div>\n\n\n\n<p><\/p>\n\n\n\n<p><strong>\u00bfC\u00f3mo afrontar la crisis clim\u00e1tica?<\/strong><\/p>\n\n\n\n<p>El reto de los \u00faltimos a\u00f1os para nuestra especie ha sido enfrentar los cambios ambientales. La naturaleza nos ha puesto de frente a fen\u00f3menos meteorol\u00f3gicos, enfermedades y todo tipo de escenarios que parecen rebasar nuestras capacidades, y no es para menos. El impacto negativo de las actividades humanas desencadena una gama de futuros posibles. Por fortuna, no todos son negativos.<\/p>\n\n\n\n<p><strong>Las posibilidades se extienden desde una recuperaci\u00f3n optimista de la naturaleza resultado de una agenda internacional verde o bien un escenario catastr\u00f3fico para nuestra supervivencia.&nbsp;<\/strong>\u00bfDe qu\u00e9 depende el futuro de la crisis clim\u00e1tica? De cu\u00e1nto est\u00e9 dispuesta la humanidad a reparar los lazos con la vida planetaria. Por lo tanto, la desaparici\u00f3n o aumento de la crisis est\u00e1 en manos de nuestra disposici\u00f3n a respetar el mundo que permite nuestra existencia.<\/p>\n\n\n\n<div class=\"wp-block-image\"><figure class=\"aligncenter\"><img data-recalc-dims=\"1\" decoding=\"async\" src=\"https:\/\/i0.wp.com\/ecoosfera.com\/wp-content\/imagenes\/2019\/05\/manifiesto-cientifico-naturaleza-derechos-paises-2.jpg?ssl=1\" alt=\"manifiesto-cientifico-naturaleza-derechos-paises\" class=\"wp-image-71794\"\/><\/figure><\/div>\n\n\n\n<p>Al resaltar la relaci\u00f3n entre la salud humana y la planetaria, podemos entender la urgencia de cambiar el panorama.&nbsp;<strong>Es imposible salir de una situaci\u00f3n con la misma l\u00f3gica que la favoreci\u00f3, recordando un poco a Einstein<\/strong>. En este sentido, la humanidad no puede adaptarse a vivir bajo una crisis constante la cual, con el tiempo, ser\u00e1 m\u00e1s dura. Nuestro modo actual de consumir, producir y vivir contribuye a transformar los procesos naturales en algo catastr\u00f3fico.<\/p>\n\n\n\n<p>En la actualidad nuestro mayor reto es hacer un cambio. La crisis clim\u00e1tica ir\u00e1 en aumento a menos que actuemos a beneficio del planeta. Entendiendo que, con un mundo mucho m\u00e1s sano, los problemas clim\u00e1ticos, econ\u00f3micos y de salud ser\u00e1n menores. Aunque algunos hablan de un plan de adaptaci\u00f3n, nosotros lo llamar\u00edamos plan de reconstrucci\u00f3n y cambio.\u00a0<strong>Construir la humanidad con base en la resiliencia, y no adaptarse a los cambios del clima. M\u00e1s bien, ser el cambio para permitirle al ambiente recuperarse.<\/strong><\/p>\n\n\n\n<p><em>Fuente: ecoosfera.com<\/em><\/p>\n","protected":false},"excerpt":{"rendered":"<p>El 2019 fue el segundo a\u00f1o m\u00e1s c\u00e1lido de la historia del planeta. El aumento de la temperatura global ha sido el efecto #1 de la crisis clim\u00e1tica y sus consecuencias se han hecho visibles en todo el mundo. Sin embargo, desde hace varios a\u00f1os la verdadera pregunta sigue siendo: \u00bfqu\u00e9 est\u00e1 dispuesto a hacer [&hellip;]<\/p>\n","protected":false},"author":4,"featured_media":34499,"comment_status":"open","ping_status":"open","sticky":false,"template":"","format":"standard","meta":{"site-sidebar-layout":"default","site-content-layout":"default","ast-site-content-layout":"default","site-content-style":"default","site-sidebar-style":"default","ast-global-header-display":"","ast-banner-title-visibility":"","ast-main-header-display":"","ast-hfb-above-header-display":"","ast-hfb-below-header-display":"","ast-hfb-mobile-header-display":"","site-post-title":"","ast-breadcrumbs-content":"","ast-featured-img":"","footer-sml-layout":"","ast-disable-related-posts":"","theme-transparent-header-meta":"default","adv-header-id-meta":"","stick-header-meta":"","header-above-stick-meta":"","header-main-stick-meta":"","header-below-stick-meta":"","astra-migrate-meta-layouts":"default","ast-page-background-enabled":"default","ast-page-background-meta":{"desktop":{"background-color":"","background-image":"","background-repeat":"repeat","background-position":"center center","background-size":"auto","background-attachment":"scroll","background-type":"","background-media":"","overlay-type":"","overlay-color":"","overlay-opacity":"","overlay-gradient":""},"tablet":{"background-color":"","background-image":"","background-repeat":"repeat","background-position":"center center","background-size":"auto","background-attachment":"scroll","background-type":"","background-media":"","overlay-type":"","overlay-color":"","overlay-opacity":"","overlay-gradient":""},"mobile":{"background-color":"","background-image":"","background-repeat":"repeat","background-position":"center center","background-size":"auto","background-attachment":"scroll","background-type":"","background-media":"","overlay-type":"","overlay-color":"","overlay-opacity":"","overlay-gradient":""}},"ast-content-background-meta":{"desktop":{"background-color":"var(--ast-global-color-5)","background-image":"","background-repeat":"repeat","background-position":"center center","background-size":"auto","background-attachment":"scroll","background-type":"","background-media":"","overlay-type":"","overlay-color":"","overlay-opacity":"","overlay-gradient":""},"tablet":{"background-color":"var(--ast-global-color-5)","background-image":"","background-repeat":"repeat","background-position":"center center","background-size":"auto","background-attachment":"scroll","background-type":"","background-media":"","overlay-type":"","overlay-color":"","overlay-opacity":"","overlay-gradient":""},"mobile":{"background-color":"var(--ast-global-color-5)","background-image":"","background-repeat":"repeat","background-position":"center center","background-size":"auto","background-attachment":"scroll","background-type":"","background-media":"","overlay-type":"","overlay-color":"","overlay-opacity":"","overlay-gradient":""}},"_jetpack_memberships_contains_paid_content":false,"_joinchat":[],"footnotes":""},"categories":[1,3557],"tags":[7793,5447,7794,7795],"class_list":["post-34497","post","type-post","status-publish","format-standard","has-post-thumbnail","hentry","category-sin-categoria","category-tercera","tag-crisis-climatica","tag-econotas","tag-humanidad","tag-reto"],"yoast_head":"<!-- This site is optimized with the Yoast SEO plugin v26.8 - https:\/\/yoast.com\/product\/yoast-seo-wordpress\/ -->\n<title>Crisis clim\u00e1tica: \u00bfCambiar o adaptarnos? Este es el reto de la humanidad - El Regional<\/title>\n<meta name=\"robots\" content=\"index, follow, max-snippet:-1, max-image-preview:large, max-video-preview:-1\" \/>\n<link rel=\"canonical\" href=\"http:\/\/elregionalvm.com.ar\/noticias-villa-maria\/crisis-climatica-cambiar-o-adaptarnos-este-es-el-reto-de-la-humanidad\/\" \/>\n<meta property=\"og:locale\" content=\"es_ES\" \/>\n<meta property=\"og:type\" content=\"article\" \/>\n<meta property=\"og:title\" content=\"Crisis clim\u00e1tica: \u00bfCambiar o adaptarnos? Este es el reto de la humanidad - El Regional\" \/>\n<meta property=\"og:description\" content=\"El 2019 fue el segundo a\u00f1o m\u00e1s c\u00e1lido de la historia del planeta. El aumento de la temperatura global ha sido el efecto #1 de la crisis clim\u00e1tica y sus consecuencias se han hecho visibles en todo el mundo. Sin embargo, desde hace varios a\u00f1os la verdadera pregunta sigue siendo: \u00bfqu\u00e9 est\u00e1 dispuesto a hacer [&hellip;]\" \/>\n<meta property=\"og:url\" content=\"http:\/\/elregionalvm.com.ar\/noticias-villa-maria\/crisis-climatica-cambiar-o-adaptarnos-este-es-el-reto-de-la-humanidad\/\" \/>\n<meta property=\"og:site_name\" content=\"El Regional\" \/>\n<meta property=\"article:publisher\" content=\"https:\/\/www.facebook.com\/elregionalvm\" \/>\n<meta property=\"article:published_time\" content=\"2021-03-20T11:14:36+00:00\" \/>\n<meta property=\"article:modified_time\" content=\"2021-03-21T23:08:44+00:00\" \/>\n<meta property=\"og:image\" content=\"http:\/\/elregionalvm.com.ar\/noticias-villa-maria\/wp-content\/uploads\/2021\/03\/HO26C11F1_184320.jpg\" \/>\n\t<meta property=\"og:image:width\" content=\"1278\" \/>\n\t<meta property=\"og:image:height\" content=\"720\" \/>\n\t<meta property=\"og:image:type\" content=\"image\/jpeg\" \/>\n<meta name=\"author\" content=\"Contenidos El Regional\" \/>\n<meta name=\"twitter:card\" content=\"summary_large_image\" \/>\n<meta name=\"twitter:creator\" content=\"@elregionalvm1\" \/>\n<meta name=\"twitter:site\" content=\"@elregionalvm1\" \/>\n<meta name=\"twitter:label1\" content=\"Escrito por\" \/>\n\t<meta name=\"twitter:data1\" content=\"Contenidos El Regional\" \/>\n\t<meta name=\"twitter:label2\" content=\"Tiempo de lectura\" \/>\n\t<meta name=\"twitter:data2\" content=\"4 minutos\" \/>\n<script type=\"application\/ld+json\" class=\"yoast-schema-graph\">{\"@context\":\"https:\/\/schema.org\",\"@graph\":[{\"@type\":\"Article\",\"@id\":\"http:\/\/elregionalvm.com.ar\/noticias-villa-maria\/crisis-climatica-cambiar-o-adaptarnos-este-es-el-reto-de-la-humanidad\/#article\",\"isPartOf\":{\"@id\":\"http:\/\/elregionalvm.com.ar\/noticias-villa-maria\/crisis-climatica-cambiar-o-adaptarnos-este-es-el-reto-de-la-humanidad\/\"},\"author\":{\"name\":\"Contenidos El Regional\",\"@id\":\"http:\/\/elregionalvm.com.ar\/noticias-villa-maria\/#\/schema\/person\/a0fb9c422317faca23d50163151bc354\"},\"headline\":\"Crisis clim\u00e1tica: \u00bfCambiar o adaptarnos? Este es el reto de la humanidad\",\"datePublished\":\"2021-03-20T11:14:36+00:00\",\"dateModified\":\"2021-03-21T23:08:44+00:00\",\"mainEntityOfPage\":{\"@id\":\"http:\/\/elregionalvm.com.ar\/noticias-villa-maria\/crisis-climatica-cambiar-o-adaptarnos-este-es-el-reto-de-la-humanidad\/\"},\"wordCount\":656,\"commentCount\":0,\"image\":{\"@id\":\"http:\/\/elregionalvm.com.ar\/noticias-villa-maria\/crisis-climatica-cambiar-o-adaptarnos-este-es-el-reto-de-la-humanidad\/#primaryimage\"},\"thumbnailUrl\":\"https:\/\/i0.wp.com\/elregionalvm.com.ar\/noticias-villa-maria\/wp-content\/uploads\/2021\/03\/HO26C11F1_184320.jpg?fit=1278%2C720&ssl=1\",\"keywords\":[\"crisis clim\u00e1tica\",\"econotas\",\"humanidad\",\"reto\"],\"articleSection\":{\"1\":\"tercera\"},\"inLanguage\":\"es\",\"potentialAction\":[{\"@type\":\"CommentAction\",\"name\":\"Comment\",\"target\":[\"http:\/\/elregionalvm.com.ar\/noticias-villa-maria\/crisis-climatica-cambiar-o-adaptarnos-este-es-el-reto-de-la-humanidad\/#respond\"]}]},{\"@type\":\"WebPage\",\"@id\":\"http:\/\/elregionalvm.com.ar\/noticias-villa-maria\/crisis-climatica-cambiar-o-adaptarnos-este-es-el-reto-de-la-humanidad\/\",\"url\":\"http:\/\/elregionalvm.com.ar\/noticias-villa-maria\/crisis-climatica-cambiar-o-adaptarnos-este-es-el-reto-de-la-humanidad\/\",\"name\":\"Crisis clim\u00e1tica: \u00bfCambiar o adaptarnos? Este es el reto de la humanidad - El Regional\",\"isPartOf\":{\"@id\":\"http:\/\/elregionalvm.com.ar\/noticias-villa-maria\/#website\"},\"primaryImageOfPage\":{\"@id\":\"http:\/\/elregionalvm.com.ar\/noticias-villa-maria\/crisis-climatica-cambiar-o-adaptarnos-este-es-el-reto-de-la-humanidad\/#primaryimage\"},\"image\":{\"@id\":\"http:\/\/elregionalvm.com.ar\/noticias-villa-maria\/crisis-climatica-cambiar-o-adaptarnos-este-es-el-reto-de-la-humanidad\/#primaryimage\"},\"thumbnailUrl\":\"https:\/\/i0.wp.com\/elregionalvm.com.ar\/noticias-villa-maria\/wp-content\/uploads\/2021\/03\/HO26C11F1_184320.jpg?fit=1278%2C720&ssl=1\",\"datePublished\":\"2021-03-20T11:14:36+00:00\",\"dateModified\":\"2021-03-21T23:08:44+00:00\",\"author\":{\"@id\":\"http:\/\/elregionalvm.com.ar\/noticias-villa-maria\/#\/schema\/person\/a0fb9c422317faca23d50163151bc354\"},\"breadcrumb\":{\"@id\":\"http:\/\/elregionalvm.com.ar\/noticias-villa-maria\/crisis-climatica-cambiar-o-adaptarnos-este-es-el-reto-de-la-humanidad\/#breadcrumb\"},\"inLanguage\":\"es\",\"potentialAction\":[{\"@type\":\"ReadAction\",\"target\":[\"http:\/\/elregionalvm.com.ar\/noticias-villa-maria\/crisis-climatica-cambiar-o-adaptarnos-este-es-el-reto-de-la-humanidad\/\"]}]},{\"@type\":\"ImageObject\",\"inLanguage\":\"es\",\"@id\":\"http:\/\/elregionalvm.com.ar\/noticias-villa-maria\/crisis-climatica-cambiar-o-adaptarnos-este-es-el-reto-de-la-humanidad\/#primaryimage\",\"url\":\"https:\/\/i0.wp.com\/elregionalvm.com.ar\/noticias-villa-maria\/wp-content\/uploads\/2021\/03\/HO26C11F1_184320.jpg?fit=1278%2C720&ssl=1\",\"contentUrl\":\"https:\/\/i0.wp.com\/elregionalvm.com.ar\/noticias-villa-maria\/wp-content\/uploads\/2021\/03\/HO26C11F1_184320.jpg?fit=1278%2C720&ssl=1\",\"width\":1278,\"height\":720},{\"@type\":\"BreadcrumbList\",\"@id\":\"http:\/\/elregionalvm.com.ar\/noticias-villa-maria\/crisis-climatica-cambiar-o-adaptarnos-este-es-el-reto-de-la-humanidad\/#breadcrumb\",\"itemListElement\":[{\"@type\":\"ListItem\",\"position\":1,\"name\":\"Portada\",\"item\":\"https:\/\/elregionalvm.com.ar\/noticias-villa-maria\/\"},{\"@type\":\"ListItem\",\"position\":2,\"name\":\"Crisis clim\u00e1tica: \u00bfCambiar o adaptarnos? Este es el reto de la humanidad\"}]},{\"@type\":\"WebSite\",\"@id\":\"http:\/\/elregionalvm.com.ar\/noticias-villa-maria\/#website\",\"url\":\"http:\/\/elregionalvm.com.ar\/noticias-villa-maria\/\",\"name\":\"El Regional\",\"description\":\"Mucho m\u00e1s que informaci\u00f3n\",\"potentialAction\":[{\"@type\":\"SearchAction\",\"target\":{\"@type\":\"EntryPoint\",\"urlTemplate\":\"http:\/\/elregionalvm.com.ar\/noticias-villa-maria\/?s={search_term_string}\"},\"query-input\":{\"@type\":\"PropertyValueSpecification\",\"valueRequired\":true,\"valueName\":\"search_term_string\"}}],\"inLanguage\":\"es\"},{\"@type\":\"Person\",\"@id\":\"http:\/\/elregionalvm.com.ar\/noticias-villa-maria\/#\/schema\/person\/a0fb9c422317faca23d50163151bc354\",\"name\":\"Contenidos El Regional\",\"image\":{\"@type\":\"ImageObject\",\"inLanguage\":\"es\",\"@id\":\"http:\/\/elregionalvm.com.ar\/noticias-villa-maria\/#\/schema\/person\/image\/\",\"url\":\"https:\/\/secure.gravatar.com\/avatar\/265b27cb2209af7bb3a1318f03305787d7981a5cc6e6cd08fe5a4ecdf99d4b48?s=96&d=mm&r=g\",\"contentUrl\":\"https:\/\/secure.gravatar.com\/avatar\/265b27cb2209af7bb3a1318f03305787d7981a5cc6e6cd08fe5a4ecdf99d4b48?s=96&d=mm&r=g\",\"caption\":\"Contenidos El Regional\"},\"url\":\"https:\/\/elregionalvm.com.ar\/noticias-villa-maria\/author\/contenido\/\"}]}<\/script>\n<!-- \/ Yoast SEO plugin. -->","yoast_head_json":{"title":"Crisis clim\u00e1tica: \u00bfCambiar o adaptarnos? Este es el reto de la humanidad - El Regional","robots":{"index":"index","follow":"follow","max-snippet":"max-snippet:-1","max-image-preview":"max-image-preview:large","max-video-preview":"max-video-preview:-1"},"canonical":"http:\/\/elregionalvm.com.ar\/noticias-villa-maria\/crisis-climatica-cambiar-o-adaptarnos-este-es-el-reto-de-la-humanidad\/","og_locale":"es_ES","og_type":"article","og_title":"Crisis clim\u00e1tica: \u00bfCambiar o adaptarnos? Este es el reto de la humanidad - El Regional","og_description":"El 2019 fue el segundo a\u00f1o m\u00e1s c\u00e1lido de la historia del planeta. El aumento de la temperatura global ha sido el efecto #1 de la crisis clim\u00e1tica y sus consecuencias se han hecho visibles en todo el mundo. Sin embargo, desde hace varios a\u00f1os la verdadera pregunta sigue siendo: \u00bfqu\u00e9 est\u00e1 dispuesto a hacer [&hellip;]","og_url":"http:\/\/elregionalvm.com.ar\/noticias-villa-maria\/crisis-climatica-cambiar-o-adaptarnos-este-es-el-reto-de-la-humanidad\/","og_site_name":"El Regional","article_publisher":"https:\/\/www.facebook.com\/elregionalvm","article_published_time":"2021-03-20T11:14:36+00:00","article_modified_time":"2021-03-21T23:08:44+00:00","og_image":[{"width":1278,"height":720,"url":"http:\/\/elregionalvm.com.ar\/noticias-villa-maria\/wp-content\/uploads\/2021\/03\/HO26C11F1_184320.jpg","type":"image\/jpeg"}],"author":"Contenidos El Regional","twitter_card":"summary_large_image","twitter_creator":"@elregionalvm1","twitter_site":"@elregionalvm1","twitter_misc":{"Escrito por":"Contenidos El Regional","Tiempo de lectura":"4 minutos"},"schema":{"@context":"https:\/\/schema.org","@graph":[{"@type":"Article","@id":"http:\/\/elregionalvm.com.ar\/noticias-villa-maria\/crisis-climatica-cambiar-o-adaptarnos-este-es-el-reto-de-la-humanidad\/#article","isPartOf":{"@id":"http:\/\/elregionalvm.com.ar\/noticias-villa-maria\/crisis-climatica-cambiar-o-adaptarnos-este-es-el-reto-de-la-humanidad\/"},"author":{"name":"Contenidos El Regional","@id":"http:\/\/elregionalvm.com.ar\/noticias-villa-maria\/#\/schema\/person\/a0fb9c422317faca23d50163151bc354"},"headline":"Crisis clim\u00e1tica: \u00bfCambiar o adaptarnos? Este es el reto de la humanidad","datePublished":"2021-03-20T11:14:36+00:00","dateModified":"2021-03-21T23:08:44+00:00","mainEntityOfPage":{"@id":"http:\/\/elregionalvm.com.ar\/noticias-villa-maria\/crisis-climatica-cambiar-o-adaptarnos-este-es-el-reto-de-la-humanidad\/"},"wordCount":656,"commentCount":0,"image":{"@id":"http:\/\/elregionalvm.com.ar\/noticias-villa-maria\/crisis-climatica-cambiar-o-adaptarnos-este-es-el-reto-de-la-humanidad\/#primaryimage"},"thumbnailUrl":"https:\/\/i0.wp.com\/elregionalvm.com.ar\/noticias-villa-maria\/wp-content\/uploads\/2021\/03\/HO26C11F1_184320.jpg?fit=1278%2C720&ssl=1","keywords":["crisis clim\u00e1tica","econotas","humanidad","reto"],"articleSection":{"1":"tercera"},"inLanguage":"es","potentialAction":[{"@type":"CommentAction","name":"Comment","target":["http:\/\/elregionalvm.com.ar\/noticias-villa-maria\/crisis-climatica-cambiar-o-adaptarnos-este-es-el-reto-de-la-humanidad\/#respond"]}]},{"@type":"WebPage","@id":"http:\/\/elregionalvm.com.ar\/noticias-villa-maria\/crisis-climatica-cambiar-o-adaptarnos-este-es-el-reto-de-la-humanidad\/","url":"http:\/\/elregionalvm.com.ar\/noticias-villa-maria\/crisis-climatica-cambiar-o-adaptarnos-este-es-el-reto-de-la-humanidad\/","name":"Crisis clim\u00e1tica: \u00bfCambiar o adaptarnos? Este es el reto de la humanidad - El Regional","isPartOf":{"@id":"http:\/\/elregionalvm.com.ar\/noticias-villa-maria\/#website"},"primaryImageOfPage":{"@id":"http:\/\/elregionalvm.com.ar\/noticias-villa-maria\/crisis-climatica-cambiar-o-adaptarnos-este-es-el-reto-de-la-humanidad\/#primaryimage"},"image":{"@id":"http:\/\/elregionalvm.com.ar\/noticias-villa-maria\/crisis-climatica-cambiar-o-adaptarnos-este-es-el-reto-de-la-humanidad\/#primaryimage"},"thumbnailUrl":"https:\/\/i0.wp.com\/elregionalvm.com.ar\/noticias-villa-maria\/wp-content\/uploads\/2021\/03\/HO26C11F1_184320.jpg?fit=1278%2C720&ssl=1","datePublished":"2021-03-20T11:14:36+00:00","dateModified":"2021-03-21T23:08:44+00:00","author":{"@id":"http:\/\/elregionalvm.com.ar\/noticias-villa-maria\/#\/schema\/person\/a0fb9c422317faca23d50163151bc354"},"breadcrumb":{"@id":"http:\/\/elregionalvm.com.ar\/noticias-villa-maria\/crisis-climatica-cambiar-o-adaptarnos-este-es-el-reto-de-la-humanidad\/#breadcrumb"},"inLanguage":"es","potentialAction":[{"@type":"ReadAction","target":["http:\/\/elregionalvm.com.ar\/noticias-villa-maria\/crisis-climatica-cambiar-o-adaptarnos-este-es-el-reto-de-la-humanidad\/"]}]},{"@type":"ImageObject","inLanguage":"es","@id":"http:\/\/elregionalvm.com.ar\/noticias-villa-maria\/crisis-climatica-cambiar-o-adaptarnos-este-es-el-reto-de-la-humanidad\/#primaryimage","url":"https:\/\/i0.wp.com\/elregionalvm.com.ar\/noticias-villa-maria\/wp-content\/uploads\/2021\/03\/HO26C11F1_184320.jpg?fit=1278%2C720&ssl=1","contentUrl":"https:\/\/i0.wp.com\/elregionalvm.com.ar\/noticias-villa-maria\/wp-content\/uploads\/2021\/03\/HO26C11F1_184320.jpg?fit=1278%2C720&ssl=1","width":1278,"height":720},{"@type":"BreadcrumbList","@id":"http:\/\/elregionalvm.com.ar\/noticias-villa-maria\/crisis-climatica-cambiar-o-adaptarnos-este-es-el-reto-de-la-humanidad\/#breadcrumb","itemListElement":[{"@type":"ListItem","position":1,"name":"Portada","item":"https:\/\/elregionalvm.com.ar\/noticias-villa-maria\/"},{"@type":"ListItem","position":2,"name":"Crisis clim\u00e1tica: \u00bfCambiar o adaptarnos? Este es el reto de la humanidad"}]},{"@type":"WebSite","@id":"http:\/\/elregionalvm.com.ar\/noticias-villa-maria\/#website","url":"http:\/\/elregionalvm.com.ar\/noticias-villa-maria\/","name":"El Regional","description":"Mucho m\u00e1s que informaci\u00f3n","potentialAction":[{"@type":"SearchAction","target":{"@type":"EntryPoint","urlTemplate":"http:\/\/elregionalvm.com.ar\/noticias-villa-maria\/?s={search_term_string}"},"query-input":{"@type":"PropertyValueSpecification","valueRequired":true,"valueName":"search_term_string"}}],"inLanguage":"es"},{"@type":"Person","@id":"http:\/\/elregionalvm.com.ar\/noticias-villa-maria\/#\/schema\/person\/a0fb9c422317faca23d50163151bc354","name":"Contenidos El Regional","image":{"@type":"ImageObject","inLanguage":"es","@id":"http:\/\/elregionalvm.com.ar\/noticias-villa-maria\/#\/schema\/person\/image\/","url":"https:\/\/secure.gravatar.com\/avatar\/265b27cb2209af7bb3a1318f03305787d7981a5cc6e6cd08fe5a4ecdf99d4b48?s=96&d=mm&r=g","contentUrl":"https:\/\/secure.gravatar.com\/avatar\/265b27cb2209af7bb3a1318f03305787d7981a5cc6e6cd08fe5a4ecdf99d4b48?s=96&d=mm&r=g","caption":"Contenidos El Regional"},"url":"https:\/\/elregionalvm.com.ar\/noticias-villa-maria\/author\/contenido\/"}]}},"jetpack_featured_media_url":"https:\/\/i0.wp.com\/elregionalvm.com.ar\/noticias-villa-maria\/wp-content\/uploads\/2021\/03\/HO26C11F1_184320.jpg?fit=1278%2C720&ssl=1","jetpack_sharing_enabled":true,"_links":{"self":[{"href":"https:\/\/elregionalvm.com.ar\/noticias-villa-maria\/wp-json\/wp\/v2\/posts\/34497","targetHints":{"allow":["GET"]}}],"collection":[{"href":"https:\/\/elregionalvm.com.ar\/noticias-villa-maria\/wp-json\/wp\/v2\/posts"}],"about":[{"href":"https:\/\/elregionalvm.com.ar\/noticias-villa-maria\/wp-json\/wp\/v2\/types\/post"}],"author":[{"embeddable":true,"href":"https:\/\/elregionalvm.com.ar\/noticias-villa-maria\/wp-json\/wp\/v2\/users\/4"}],"replies":[{"embeddable":true,"href":"https:\/\/elregionalvm.com.ar\/noticias-villa-maria\/wp-json\/wp\/v2\/comments?post=34497"}],"version-history":[{"count":2,"href":"https:\/\/elregionalvm.com.ar\/noticias-villa-maria\/wp-json\/wp\/v2\/posts\/34497\/revisions"}],"predecessor-version":[{"id":34500,"href":"https:\/\/elregionalvm.com.ar\/noticias-villa-maria\/wp-json\/wp\/v2\/posts\/34497\/revisions\/34500"}],"wp:featuredmedia":[{"embeddable":true,"href":"https:\/\/elregionalvm.com.ar\/noticias-villa-maria\/wp-json\/wp\/v2\/media\/34499"}],"wp:attachment":[{"href":"https:\/\/elregionalvm.com.ar\/noticias-villa-maria\/wp-json\/wp\/v2\/media?parent=34497"}],"wp:term":[{"taxonomy":"category","embeddable":true,"href":"https:\/\/elregionalvm.com.ar\/noticias-villa-maria\/wp-json\/wp\/v2\/categories?post=34497"},{"taxonomy":"post_tag","embeddable":true,"href":"https:\/\/elregionalvm.com.ar\/noticias-villa-maria\/wp-json\/wp\/v2\/tags?post=34497"}],"curies":[{"name":"wp","href":"https:\/\/api.w.org\/{rel}","templated":true}]}}