{"id":34510,"date":"2021-03-20T18:24:12","date_gmt":"2021-03-20T18:24:12","guid":{"rendered":"https:\/\/elregionalvm.com.ar\/noticias-villa-maria\/?p=34510"},"modified":"2021-03-21T22:45:00","modified_gmt":"2021-03-21T22:45:00","slug":"la-parroquia-del-padre-hugo-vende-tallarines-para-recaudar-fondos","status":"publish","type":"post","link":"https:\/\/elregionalvm.com.ar\/noticias-villa-maria\/la-parroquia-del-padre-hugo-vende-tallarines-para-recaudar-fondos\/","title":{"rendered":"La parroquia del Padre Hugo vende tallarines para recaudar fondos"},"content":{"rendered":"\n<p><\/p>\n\n\n\n<p><strong>Los colaboradores de la Parroquia \u201cSan Ignacio de Loyola\u201d organizan para este domingo 21 de marzo, una venta de tallarines a $300 la porci\u00f3n.<\/strong><\/p>\n\n\n\n<p><strong>Escribe: Carolina Durand <\/strong><\/p>\n\n\n\n<p>Eugenia Rodr\u00edguez, una de las colaboradoras del lugar explic\u00f3: \u201cSiempre estamos organizando diferentes ventas y actividades, para recaudar fondos. El predio es grande, las obras y las refacciones del espacio para ayudar a quienes m\u00e1s lo necesitan, son constantes y la pandemia no nos permiti\u00f3 generar recursos para invertir. Actualmente estamos terminando una cocina\u201d.<\/p>\n\n\n\n<p>Rodr\u00edguez tambi\u00e9n detall\u00f3 que en el predio se realizan retiros espirituales y encuentros de matrimonios, entre otros.&nbsp; Adem\u00e1s, asiste un grupo de alcoh\u00f3licos an\u00f3nimos, y funciona una sede de Caritas.<\/p>\n\n\n\n<p>\u201cEsta concurrencia desgasta la infraestructura, por lo tanto, la venta de tallarines va a facilitar la recolecci\u00f3n de recursos y refacciones del lugar\u201d, asever\u00f3 la colaboradora de la Parroquia.<\/p>\n\n\n\n<p><strong>200 ni\u00f1os en la catequesis<\/strong><\/p>\n\n\n\n<p>Las misas de la Parroquia son brindadas por Sergio Peralta, todos los d\u00edas a las 8 de la ma\u00f1ana y los domingos, a las 8 y a las 20 horas.<\/p>\n\n\n\n<p>Por otra parte, se llevan adelante las clases de catequesis, los d\u00edas jueves, viernes y s\u00e1bados con todos los protocolos sanitarios, distanciamiento y divisi\u00f3n de ni\u00f1os en burbujas como permite el COE, y concurren 200 ni\u00f1os.<\/p>\n\n\n\n<p><strong>Retiro<\/strong><\/p>\n\n\n\n<p>El retiro de tallarines ser\u00e1 en el mismo predio, ubicado en calle Padre Hugo Salvato 1205, a partir de las a las 11 horas, al t\u00e9rmino de la misa del domingo. La porci\u00f3n cuesta $300 y pueden encargase a los tel\u00e9fonos 3534790264 (Eugenia Rodr\u00edguez) \u2013 3534081288.<\/p>\n\n\n\n<p><strong>Padre Hugo<\/strong><strong><\/strong><\/p>\n\n\n\n<p>El pasado 17 de marzo se cumplieron 15 a\u00f1os del fallecimiento del Padre Hugo Salvato, quien comenz\u00f3 en el a\u00f1o 1965 en ambas villas la tarea de amor al pr\u00f3jimo, pr\u00e9dica, entrega y transformaciones sociales, construyendo los cimientos de esta comunidad que actualmente sigue ocup\u00e1ndose del legado del Padre Hugo, su tarea espiritual y social.<\/p>\n","protected":false},"excerpt":{"rendered":"<p>Los colaboradores de la Parroquia \u201cSan Ignacio de Loyola\u201d organizan para este domingo 21 de marzo, una venta de tallarines a $300 la porci\u00f3n. Escribe: Carolina Durand Eugenia Rodr\u00edguez, una de las colaboradoras del lugar explic\u00f3: \u201cSiempre estamos organizando diferentes ventas y actividades, para recaudar fondos. El predio es grande, las obras y las refacciones [&hellip;]<\/p>\n","protected":false},"author":4,"featured_media":34513,"comment_status":"open","ping_status":"open","sticky":false,"template":"","format":"standard","meta":{"site-sidebar-layout":"default","site-content-layout":"default","ast-site-content-layout":"default","site-content-style":"default","site-sidebar-style":"default","ast-global-header-display":"","ast-banner-title-visibility":"","ast-main-header-display":"","ast-hfb-above-header-display":"","ast-hfb-below-header-display":"","ast-hfb-mobile-header-display":"","site-post-title":"","ast-breadcrumbs-content":"","ast-featured-img":"","footer-sml-layout":"","ast-disable-related-posts":"","theme-transparent-header-meta":"default","adv-header-id-meta":"","stick-header-meta":"","header-above-stick-meta":"","header-main-stick-meta":"","header-below-stick-meta":"","astra-migrate-meta-layouts":"default","ast-page-background-enabled":"default","ast-page-background-meta":{"desktop":{"background-color":"","background-image":"","background-repeat":"repeat","background-position":"center center","background-size":"auto","background-attachment":"scroll","background-type":"","background-media":"","overlay-type":"","overlay-color":"","overlay-opacity":"","overlay-gradient":""},"tablet":{"background-color":"","background-image":"","background-repeat":"repeat","background-position":"center center","background-size":"auto","background-attachment":"scroll","background-type":"","background-media":"","overlay-type":"","overlay-color":"","overlay-opacity":"","overlay-gradient":""},"mobile":{"background-color":"","background-image":"","background-repeat":"repeat","background-position":"center center","background-size":"auto","background-attachment":"scroll","background-type":"","background-media":"","overlay-type":"","overlay-color":"","overlay-opacity":"","overlay-gradient":""}},"ast-content-background-meta":{"desktop":{"background-color":"var(--ast-global-color-5)","background-image":"","background-repeat":"repeat","background-position":"center center","background-size":"auto","background-attachment":"scroll","background-type":"","background-media":"","overlay-type":"","overlay-color":"","overlay-opacity":"","overlay-gradient":""},"tablet":{"background-color":"var(--ast-global-color-5)","background-image":"","background-repeat":"repeat","background-position":"center center","background-size":"auto","background-attachment":"scroll","background-type":"","background-media":"","overlay-type":"","overlay-color":"","overlay-opacity":"","overlay-gradient":""},"mobile":{"background-color":"var(--ast-global-color-5)","background-image":"","background-repeat":"repeat","background-position":"center center","background-size":"auto","background-attachment":"scroll","background-type":"","background-media":"","overlay-type":"","overlay-color":"","overlay-opacity":"","overlay-gradient":""}},"_jetpack_memberships_contains_paid_content":false,"_joinchat":[],"footnotes":""},"categories":[1408],"tags":[4343,7799,7801,231,7800,232],"class_list":["post-34510","post","type-post","status-publish","format-standard","has-post-thumbnail","hentry","category-villa-nueva","tag-padre-hugo-salvato","tag-parroquia-san-ignacio-de-loyola","tag-refacciones","tag-solidaridad","tag-venta-de-tallarines","tag-villa-nueva"],"yoast_head":"<!-- This site is optimized with the Yoast SEO plugin v26.8 - https:\/\/yoast.com\/product\/yoast-seo-wordpress\/ -->\n<title>La parroquia del Padre Hugo vende tallarines para recaudar fondos - El Regional<\/title>\n<meta name=\"description\" content=\"Los colaboradores de la Parroquia \u201cSan Ignacio de Loyola\u201d organizan para este domingo 21 de marzo, una venta de tallarines a $300 la porci\u00f3n.\" \/>\n<meta name=\"robots\" content=\"index, follow, max-snippet:-1, max-image-preview:large, max-video-preview:-1\" \/>\n<link rel=\"canonical\" href=\"http:\/\/elregionalvm.com.ar\/noticias-villa-maria\/la-parroquia-del-padre-hugo-vende-tallarines-para-recaudar-fondos\/\" \/>\n<meta property=\"og:locale\" content=\"es_ES\" \/>\n<meta property=\"og:type\" content=\"article\" \/>\n<meta property=\"og:title\" content=\"La parroquia del Padre Hugo vende tallarines para recaudar fondos - El Regional\" \/>\n<meta property=\"og:description\" content=\"Los colaboradores de la Parroquia \u201cSan Ignacio de Loyola\u201d organizan para este domingo 21 de marzo, una venta de tallarines a $300 la porci\u00f3n.\" \/>\n<meta property=\"og:url\" content=\"http:\/\/elregionalvm.com.ar\/noticias-villa-maria\/la-parroquia-del-padre-hugo-vende-tallarines-para-recaudar-fondos\/\" \/>\n<meta property=\"og:site_name\" content=\"El Regional\" \/>\n<meta property=\"article:publisher\" content=\"https:\/\/www.facebook.com\/elregionalvm\" \/>\n<meta property=\"article:published_time\" content=\"2021-03-20T18:24:12+00:00\" \/>\n<meta property=\"article:modified_time\" content=\"2021-03-21T22:45:00+00:00\" \/>\n<meta property=\"og:image\" content=\"http:\/\/elregionalvm.com.ar\/noticias-villa-maria\/wp-content\/uploads\/2021\/03\/Parroquia-San-Ignacio-de-Loyola-Padre-Hugo-1.jpg\" \/>\n\t<meta property=\"og:image:width\" content=\"870\" \/>\n\t<meta property=\"og:image:height\" content=\"420\" \/>\n\t<meta property=\"og:image:type\" content=\"image\/jpeg\" \/>\n<meta name=\"author\" content=\"Contenidos El Regional\" \/>\n<meta name=\"twitter:card\" content=\"summary_large_image\" \/>\n<meta name=\"twitter:creator\" content=\"@elregionalvm1\" \/>\n<meta name=\"twitter:site\" content=\"@elregionalvm1\" \/>\n<meta name=\"twitter:label1\" content=\"Escrito por\" \/>\n\t<meta name=\"twitter:data1\" content=\"Contenidos El Regional\" \/>\n\t<meta name=\"twitter:label2\" content=\"Tiempo de lectura\" \/>\n\t<meta name=\"twitter:data2\" content=\"2 minutos\" \/>\n<script type=\"application\/ld+json\" class=\"yoast-schema-graph\">{\"@context\":\"https:\/\/schema.org\",\"@graph\":[{\"@type\":\"Article\",\"@id\":\"http:\/\/elregionalvm.com.ar\/noticias-villa-maria\/la-parroquia-del-padre-hugo-vende-tallarines-para-recaudar-fondos\/#article\",\"isPartOf\":{\"@id\":\"http:\/\/elregionalvm.com.ar\/noticias-villa-maria\/la-parroquia-del-padre-hugo-vende-tallarines-para-recaudar-fondos\/\"},\"author\":{\"name\":\"Contenidos El Regional\",\"@id\":\"http:\/\/elregionalvm.com.ar\/noticias-villa-maria\/#\/schema\/person\/a0fb9c422317faca23d50163151bc354\"},\"headline\":\"La parroquia del Padre Hugo vende tallarines para recaudar fondos\",\"datePublished\":\"2021-03-20T18:24:12+00:00\",\"dateModified\":\"2021-03-21T22:45:00+00:00\",\"mainEntityOfPage\":{\"@id\":\"http:\/\/elregionalvm.com.ar\/noticias-villa-maria\/la-parroquia-del-padre-hugo-vende-tallarines-para-recaudar-fondos\/\"},\"wordCount\":336,\"commentCount\":0,\"image\":{\"@id\":\"http:\/\/elregionalvm.com.ar\/noticias-villa-maria\/la-parroquia-del-padre-hugo-vende-tallarines-para-recaudar-fondos\/#primaryimage\"},\"thumbnailUrl\":\"https:\/\/i0.wp.com\/elregionalvm.com.ar\/noticias-villa-maria\/wp-content\/uploads\/2021\/03\/Parroquia-San-Ignacio-de-Loyola-Padre-Hugo-1.jpg?fit=870%2C420&ssl=1\",\"keywords\":[\"Padre Hugo Salvato\",\"Parroquia San Ignacio de Loyola\",\"refacciones\",\"solidaridad\",\"Venta de tallarines\",\"VILLA NUEVA\"],\"articleSection\":[\"Villa Nueva\"],\"inLanguage\":\"es\",\"potentialAction\":[{\"@type\":\"CommentAction\",\"name\":\"Comment\",\"target\":[\"http:\/\/elregionalvm.com.ar\/noticias-villa-maria\/la-parroquia-del-padre-hugo-vende-tallarines-para-recaudar-fondos\/#respond\"]}]},{\"@type\":\"WebPage\",\"@id\":\"http:\/\/elregionalvm.com.ar\/noticias-villa-maria\/la-parroquia-del-padre-hugo-vende-tallarines-para-recaudar-fondos\/\",\"url\":\"http:\/\/elregionalvm.com.ar\/noticias-villa-maria\/la-parroquia-del-padre-hugo-vende-tallarines-para-recaudar-fondos\/\",\"name\":\"La parroquia del Padre Hugo vende tallarines para recaudar fondos - El Regional\",\"isPartOf\":{\"@id\":\"http:\/\/elregionalvm.com.ar\/noticias-villa-maria\/#website\"},\"primaryImageOfPage\":{\"@id\":\"http:\/\/elregionalvm.com.ar\/noticias-villa-maria\/la-parroquia-del-padre-hugo-vende-tallarines-para-recaudar-fondos\/#primaryimage\"},\"image\":{\"@id\":\"http:\/\/elregionalvm.com.ar\/noticias-villa-maria\/la-parroquia-del-padre-hugo-vende-tallarines-para-recaudar-fondos\/#primaryimage\"},\"thumbnailUrl\":\"https:\/\/i0.wp.com\/elregionalvm.com.ar\/noticias-villa-maria\/wp-content\/uploads\/2021\/03\/Parroquia-San-Ignacio-de-Loyola-Padre-Hugo-1.jpg?fit=870%2C420&ssl=1\",\"datePublished\":\"2021-03-20T18:24:12+00:00\",\"dateModified\":\"2021-03-21T22:45:00+00:00\",\"author\":{\"@id\":\"http:\/\/elregionalvm.com.ar\/noticias-villa-maria\/#\/schema\/person\/a0fb9c422317faca23d50163151bc354\"},\"description\":\"Los colaboradores de la Parroquia \u201cSan Ignacio de Loyola\u201d organizan para este domingo 21 de marzo, una venta de tallarines a $300 la porci\u00f3n.\",\"breadcrumb\":{\"@id\":\"http:\/\/elregionalvm.com.ar\/noticias-villa-maria\/la-parroquia-del-padre-hugo-vende-tallarines-para-recaudar-fondos\/#breadcrumb\"},\"inLanguage\":\"es\",\"potentialAction\":[{\"@type\":\"ReadAction\",\"target\":[\"http:\/\/elregionalvm.com.ar\/noticias-villa-maria\/la-parroquia-del-padre-hugo-vende-tallarines-para-recaudar-fondos\/\"]}]},{\"@type\":\"ImageObject\",\"inLanguage\":\"es\",\"@id\":\"http:\/\/elregionalvm.com.ar\/noticias-villa-maria\/la-parroquia-del-padre-hugo-vende-tallarines-para-recaudar-fondos\/#primaryimage\",\"url\":\"https:\/\/i0.wp.com\/elregionalvm.com.ar\/noticias-villa-maria\/wp-content\/uploads\/2021\/03\/Parroquia-San-Ignacio-de-Loyola-Padre-Hugo-1.jpg?fit=870%2C420&ssl=1\",\"contentUrl\":\"https:\/\/i0.wp.com\/elregionalvm.com.ar\/noticias-villa-maria\/wp-content\/uploads\/2021\/03\/Parroquia-San-Ignacio-de-Loyola-Padre-Hugo-1.jpg?fit=870%2C420&ssl=1\",\"width\":870,\"height\":420},{\"@type\":\"BreadcrumbList\",\"@id\":\"http:\/\/elregionalvm.com.ar\/noticias-villa-maria\/la-parroquia-del-padre-hugo-vende-tallarines-para-recaudar-fondos\/#breadcrumb\",\"itemListElement\":[{\"@type\":\"ListItem\",\"position\":1,\"name\":\"Portada\",\"item\":\"https:\/\/elregionalvm.com.ar\/noticias-villa-maria\/\"},{\"@type\":\"ListItem\",\"position\":2,\"name\":\"La parroquia del Padre Hugo vende tallarines para recaudar fondos\"}]},{\"@type\":\"WebSite\",\"@id\":\"http:\/\/elregionalvm.com.ar\/noticias-villa-maria\/#website\",\"url\":\"http:\/\/elregionalvm.com.ar\/noticias-villa-maria\/\",\"name\":\"El Regional\",\"description\":\"Mucho m\u00e1s que informaci\u00f3n\",\"potentialAction\":[{\"@type\":\"SearchAction\",\"target\":{\"@type\":\"EntryPoint\",\"urlTemplate\":\"http:\/\/elregionalvm.com.ar\/noticias-villa-maria\/?s={search_term_string}\"},\"query-input\":{\"@type\":\"PropertyValueSpecification\",\"valueRequired\":true,\"valueName\":\"search_term_string\"}}],\"inLanguage\":\"es\"},{\"@type\":\"Person\",\"@id\":\"http:\/\/elregionalvm.com.ar\/noticias-villa-maria\/#\/schema\/person\/a0fb9c422317faca23d50163151bc354\",\"name\":\"Contenidos El Regional\",\"image\":{\"@type\":\"ImageObject\",\"inLanguage\":\"es\",\"@id\":\"http:\/\/elregionalvm.com.ar\/noticias-villa-maria\/#\/schema\/person\/image\/\",\"url\":\"https:\/\/secure.gravatar.com\/avatar\/265b27cb2209af7bb3a1318f03305787d7981a5cc6e6cd08fe5a4ecdf99d4b48?s=96&d=mm&r=g\",\"contentUrl\":\"https:\/\/secure.gravatar.com\/avatar\/265b27cb2209af7bb3a1318f03305787d7981a5cc6e6cd08fe5a4ecdf99d4b48?s=96&d=mm&r=g\",\"caption\":\"Contenidos El Regional\"},\"url\":\"https:\/\/elregionalvm.com.ar\/noticias-villa-maria\/author\/contenido\/\"}]}<\/script>\n<!-- \/ Yoast SEO plugin. -->","yoast_head_json":{"title":"La parroquia del Padre Hugo vende tallarines para recaudar fondos - El Regional","description":"Los colaboradores de la Parroquia \u201cSan Ignacio de Loyola\u201d organizan para este domingo 21 de marzo, una venta de tallarines a $300 la porci\u00f3n.","robots":{"index":"index","follow":"follow","max-snippet":"max-snippet:-1","max-image-preview":"max-image-preview:large","max-video-preview":"max-video-preview:-1"},"canonical":"http:\/\/elregionalvm.com.ar\/noticias-villa-maria\/la-parroquia-del-padre-hugo-vende-tallarines-para-recaudar-fondos\/","og_locale":"es_ES","og_type":"article","og_title":"La parroquia del Padre Hugo vende tallarines para recaudar fondos - El Regional","og_description":"Los colaboradores de la Parroquia \u201cSan Ignacio de Loyola\u201d organizan para este domingo 21 de marzo, una venta de tallarines a $300 la porci\u00f3n.","og_url":"http:\/\/elregionalvm.com.ar\/noticias-villa-maria\/la-parroquia-del-padre-hugo-vende-tallarines-para-recaudar-fondos\/","og_site_name":"El Regional","article_publisher":"https:\/\/www.facebook.com\/elregionalvm","article_published_time":"2021-03-20T18:24:12+00:00","article_modified_time":"2021-03-21T22:45:00+00:00","og_image":[{"width":870,"height":420,"url":"http:\/\/elregionalvm.com.ar\/noticias-villa-maria\/wp-content\/uploads\/2021\/03\/Parroquia-San-Ignacio-de-Loyola-Padre-Hugo-1.jpg","type":"image\/jpeg"}],"author":"Contenidos El Regional","twitter_card":"summary_large_image","twitter_creator":"@elregionalvm1","twitter_site":"@elregionalvm1","twitter_misc":{"Escrito por":"Contenidos El Regional","Tiempo de lectura":"2 minutos"},"schema":{"@context":"https:\/\/schema.org","@graph":[{"@type":"Article","@id":"http:\/\/elregionalvm.com.ar\/noticias-villa-maria\/la-parroquia-del-padre-hugo-vende-tallarines-para-recaudar-fondos\/#article","isPartOf":{"@id":"http:\/\/elregionalvm.com.ar\/noticias-villa-maria\/la-parroquia-del-padre-hugo-vende-tallarines-para-recaudar-fondos\/"},"author":{"name":"Contenidos El Regional","@id":"http:\/\/elregionalvm.com.ar\/noticias-villa-maria\/#\/schema\/person\/a0fb9c422317faca23d50163151bc354"},"headline":"La parroquia del Padre Hugo vende tallarines para recaudar fondos","datePublished":"2021-03-20T18:24:12+00:00","dateModified":"2021-03-21T22:45:00+00:00","mainEntityOfPage":{"@id":"http:\/\/elregionalvm.com.ar\/noticias-villa-maria\/la-parroquia-del-padre-hugo-vende-tallarines-para-recaudar-fondos\/"},"wordCount":336,"commentCount":0,"image":{"@id":"http:\/\/elregionalvm.com.ar\/noticias-villa-maria\/la-parroquia-del-padre-hugo-vende-tallarines-para-recaudar-fondos\/#primaryimage"},"thumbnailUrl":"https:\/\/i0.wp.com\/elregionalvm.com.ar\/noticias-villa-maria\/wp-content\/uploads\/2021\/03\/Parroquia-San-Ignacio-de-Loyola-Padre-Hugo-1.jpg?fit=870%2C420&ssl=1","keywords":["Padre Hugo Salvato","Parroquia San Ignacio de Loyola","refacciones","solidaridad","Venta de tallarines","VILLA NUEVA"],"articleSection":["Villa Nueva"],"inLanguage":"es","potentialAction":[{"@type":"CommentAction","name":"Comment","target":["http:\/\/elregionalvm.com.ar\/noticias-villa-maria\/la-parroquia-del-padre-hugo-vende-tallarines-para-recaudar-fondos\/#respond"]}]},{"@type":"WebPage","@id":"http:\/\/elregionalvm.com.ar\/noticias-villa-maria\/la-parroquia-del-padre-hugo-vende-tallarines-para-recaudar-fondos\/","url":"http:\/\/elregionalvm.com.ar\/noticias-villa-maria\/la-parroquia-del-padre-hugo-vende-tallarines-para-recaudar-fondos\/","name":"La parroquia del Padre Hugo vende tallarines para recaudar fondos - El Regional","isPartOf":{"@id":"http:\/\/elregionalvm.com.ar\/noticias-villa-maria\/#website"},"primaryImageOfPage":{"@id":"http:\/\/elregionalvm.com.ar\/noticias-villa-maria\/la-parroquia-del-padre-hugo-vende-tallarines-para-recaudar-fondos\/#primaryimage"},"image":{"@id":"http:\/\/elregionalvm.com.ar\/noticias-villa-maria\/la-parroquia-del-padre-hugo-vende-tallarines-para-recaudar-fondos\/#primaryimage"},"thumbnailUrl":"https:\/\/i0.wp.com\/elregionalvm.com.ar\/noticias-villa-maria\/wp-content\/uploads\/2021\/03\/Parroquia-San-Ignacio-de-Loyola-Padre-Hugo-1.jpg?fit=870%2C420&ssl=1","datePublished":"2021-03-20T18:24:12+00:00","dateModified":"2021-03-21T22:45:00+00:00","author":{"@id":"http:\/\/elregionalvm.com.ar\/noticias-villa-maria\/#\/schema\/person\/a0fb9c422317faca23d50163151bc354"},"description":"Los colaboradores de la Parroquia \u201cSan Ignacio de Loyola\u201d organizan para este domingo 21 de marzo, una venta de tallarines a $300 la porci\u00f3n.","breadcrumb":{"@id":"http:\/\/elregionalvm.com.ar\/noticias-villa-maria\/la-parroquia-del-padre-hugo-vende-tallarines-para-recaudar-fondos\/#breadcrumb"},"inLanguage":"es","potentialAction":[{"@type":"ReadAction","target":["http:\/\/elregionalvm.com.ar\/noticias-villa-maria\/la-parroquia-del-padre-hugo-vende-tallarines-para-recaudar-fondos\/"]}]},{"@type":"ImageObject","inLanguage":"es","@id":"http:\/\/elregionalvm.com.ar\/noticias-villa-maria\/la-parroquia-del-padre-hugo-vende-tallarines-para-recaudar-fondos\/#primaryimage","url":"https:\/\/i0.wp.com\/elregionalvm.com.ar\/noticias-villa-maria\/wp-content\/uploads\/2021\/03\/Parroquia-San-Ignacio-de-Loyola-Padre-Hugo-1.jpg?fit=870%2C420&ssl=1","contentUrl":"https:\/\/i0.wp.com\/elregionalvm.com.ar\/noticias-villa-maria\/wp-content\/uploads\/2021\/03\/Parroquia-San-Ignacio-de-Loyola-Padre-Hugo-1.jpg?fit=870%2C420&ssl=1","width":870,"height":420},{"@type":"BreadcrumbList","@id":"http:\/\/elregionalvm.com.ar\/noticias-villa-maria\/la-parroquia-del-padre-hugo-vende-tallarines-para-recaudar-fondos\/#breadcrumb","itemListElement":[{"@type":"ListItem","position":1,"name":"Portada","item":"https:\/\/elregionalvm.com.ar\/noticias-villa-maria\/"},{"@type":"ListItem","position":2,"name":"La parroquia del Padre Hugo vende tallarines para recaudar fondos"}]},{"@type":"WebSite","@id":"http:\/\/elregionalvm.com.ar\/noticias-villa-maria\/#website","url":"http:\/\/elregionalvm.com.ar\/noticias-villa-maria\/","name":"El Regional","description":"Mucho m\u00e1s que informaci\u00f3n","potentialAction":[{"@type":"SearchAction","target":{"@type":"EntryPoint","urlTemplate":"http:\/\/elregionalvm.com.ar\/noticias-villa-maria\/?s={search_term_string}"},"query-input":{"@type":"PropertyValueSpecification","valueRequired":true,"valueName":"search_term_string"}}],"inLanguage":"es"},{"@type":"Person","@id":"http:\/\/elregionalvm.com.ar\/noticias-villa-maria\/#\/schema\/person\/a0fb9c422317faca23d50163151bc354","name":"Contenidos El Regional","image":{"@type":"ImageObject","inLanguage":"es","@id":"http:\/\/elregionalvm.com.ar\/noticias-villa-maria\/#\/schema\/person\/image\/","url":"https:\/\/secure.gravatar.com\/avatar\/265b27cb2209af7bb3a1318f03305787d7981a5cc6e6cd08fe5a4ecdf99d4b48?s=96&d=mm&r=g","contentUrl":"https:\/\/secure.gravatar.com\/avatar\/265b27cb2209af7bb3a1318f03305787d7981a5cc6e6cd08fe5a4ecdf99d4b48?s=96&d=mm&r=g","caption":"Contenidos El Regional"},"url":"https:\/\/elregionalvm.com.ar\/noticias-villa-maria\/author\/contenido\/"}]}},"jetpack_featured_media_url":"https:\/\/i0.wp.com\/elregionalvm.com.ar\/noticias-villa-maria\/wp-content\/uploads\/2021\/03\/Parroquia-San-Ignacio-de-Loyola-Padre-Hugo-1.jpg?fit=870%2C420&ssl=1","jetpack_sharing_enabled":true,"_links":{"self":[{"href":"https:\/\/elregionalvm.com.ar\/noticias-villa-maria\/wp-json\/wp\/v2\/posts\/34510","targetHints":{"allow":["GET"]}}],"collection":[{"href":"https:\/\/elregionalvm.com.ar\/noticias-villa-maria\/wp-json\/wp\/v2\/posts"}],"about":[{"href":"https:\/\/elregionalvm.com.ar\/noticias-villa-maria\/wp-json\/wp\/v2\/types\/post"}],"author":[{"embeddable":true,"href":"https:\/\/elregionalvm.com.ar\/noticias-villa-maria\/wp-json\/wp\/v2\/users\/4"}],"replies":[{"embeddable":true,"href":"https:\/\/elregionalvm.com.ar\/noticias-villa-maria\/wp-json\/wp\/v2\/comments?post=34510"}],"version-history":[{"count":1,"href":"https:\/\/elregionalvm.com.ar\/noticias-villa-maria\/wp-json\/wp\/v2\/posts\/34510\/revisions"}],"predecessor-version":[{"id":34511,"href":"https:\/\/elregionalvm.com.ar\/noticias-villa-maria\/wp-json\/wp\/v2\/posts\/34510\/revisions\/34511"}],"wp:featuredmedia":[{"embeddable":true,"href":"https:\/\/elregionalvm.com.ar\/noticias-villa-maria\/wp-json\/wp\/v2\/media\/34513"}],"wp:attachment":[{"href":"https:\/\/elregionalvm.com.ar\/noticias-villa-maria\/wp-json\/wp\/v2\/media?parent=34510"}],"wp:term":[{"taxonomy":"category","embeddable":true,"href":"https:\/\/elregionalvm.com.ar\/noticias-villa-maria\/wp-json\/wp\/v2\/categories?post=34510"},{"taxonomy":"post_tag","embeddable":true,"href":"https:\/\/elregionalvm.com.ar\/noticias-villa-maria\/wp-json\/wp\/v2\/tags?post=34510"}],"curies":[{"name":"wp","href":"https:\/\/api.w.org\/{rel}","templated":true}]}}