{"id":34515,"date":"2021-03-20T18:33:43","date_gmt":"2021-03-20T18:33:43","guid":{"rendered":"https:\/\/elregionalvm.com.ar\/noticias-villa-maria\/?p=34515"},"modified":"2021-03-23T01:31:03","modified_gmt":"2021-03-23T01:31:03","slug":"musica-e-historia-la-cantata-de-di-fulvio-a-la-memoria-del-gral-paz-video","status":"publish","type":"post","link":"https:\/\/elregionalvm.com.ar\/noticias-villa-maria\/musica-e-historia-la-cantata-de-di-fulvio-a-la-memoria-del-gral-paz-video\/","title":{"rendered":"M\u00fasica e Historia: La cantata de Di Fulvio a la memoria del Gral. Paz [VIDEO]"},"content":{"rendered":"\n<p><\/p>\n\n\n\n<h4 class=\"wp-block-heading\"><em>\u201cGloria a Jos\u00e9 Mar\u00eda, gloria al Manco Paz\u2026\u201d<\/em><\/h4>\n\n\n\n<p><\/p>\n\n\n\n<p><strong>Escribe: Leo Mu\u00f1oz<\/strong><\/p>\n\n\n\n<p><\/p>\n\n\n\n<p><strong>Carlos Di Fulvio<\/strong><\/p>\n\n\n\n<p>Nacido en Carrilobo (Pcia. de C\u00f3rdoba, a unos 80 km. de Villa Mar\u00eda) el 5 de marzo de 1939, Carlos Jos\u00e9 Di Fulvio inici\u00f3 en su adolescencia el camino art\u00edstico.<\/p>\n\n\n\n<p>En 1953 hace su primera presentaci\u00f3n en LV2, continuando en la senda musical sin dejarla nunca. Excelente guitarrista es autor de obras ic\u00f3nicas como \u201cGuitarrero\u201d, \u201cCampo afuera\u201d y \u201c\u00bfSe acuerda Do\u00f1a Maclovia?\u201d.<\/p>\n\n\n\n<p>Su obra abarc\u00f3 muchas p\u00e1ginas de la Historia Argentina como \u201cCanto Monumento\u201d en memoria del General Paz en 1967, \u201cLa Conquista del Desierto\u201d en 1970, \u201cCanto Brocheriano\u201d en 1980, entre otras.<\/p>\n\n\n\n<p>La obra referida en este art\u00edculo hace un recorrido de la carrera militar de Paz hasta el final de sus d\u00edas. Sobre ella dec\u00eda Di Fulvio en un reportaje de 1969 antes de viajar a Europa: \u201c\u2026Pienso que el canto puede transmitir las inquietudes de inter\u00e9s nacional, social, pol\u00edtico y econ\u00f3mico, o sea llevar todas estas vivencias a la manifestaci\u00f3n art\u00edstica. La idea surgi\u00f3 de una vieja pasi\u00f3n que ten\u00eda por Jos\u00e9 Mar\u00eda Paz. Le\u00ed primero sus memorias y luego surgi\u00f3 la preocupaci\u00f3n por investigar los libros existentes y los ritmos de la \u00e9poca\u201d.<\/p>\n\n\n\n<p><\/p>\n\n\n\n<figure class=\"wp-block-gallery columns-2 is-cropped wp-block-gallery-1 is-layout-flex wp-block-gallery-is-layout-flex\"><ul class=\"blocks-gallery-grid\"><li class=\"blocks-gallery-item\"><figure><img data-recalc-dims=\"1\" fetchpriority=\"high\" decoding=\"async\" width=\"200\" height=\"281\" src=\"https:\/\/i0.wp.com\/elregionalvm.com.ar\/noticias-villa-maria\/wp-content\/uploads\/2021\/03\/Canto-Monumento-Di-Fulvio.jpg?resize=200%2C281&#038;ssl=1\" alt=\"\" data-id=\"34519\" data-link=\"https:\/\/elregionalvm.com.ar\/noticias-villa-maria\/?attachment_id=34519\" class=\"wp-image-34519\"\/><\/figure><\/li><li class=\"blocks-gallery-item\"><figure><img data-recalc-dims=\"1\" decoding=\"async\" width=\"500\" height=\"500\" src=\"https:\/\/i0.wp.com\/elregionalvm.com.ar\/noticias-villa-maria\/wp-content\/uploads\/2021\/03\/Canto-Monumento-LP-1.jpg?resize=500%2C500&#038;ssl=1\" alt=\"\" data-id=\"34521\" data-full-url=\"https:\/\/elregionalvm.com.ar\/noticias-villa-maria\/wp-content\/uploads\/2021\/03\/Canto-Monumento-LP-1.jpg\" data-link=\"https:\/\/elregionalvm.com.ar\/noticias-villa-maria\/?attachment_id=34521\" class=\"wp-image-34521\" srcset=\"https:\/\/i0.wp.com\/elregionalvm.com.ar\/noticias-villa-maria\/wp-content\/uploads\/2021\/03\/Canto-Monumento-LP-1.jpg?w=500&amp;ssl=1 500w, https:\/\/i0.wp.com\/elregionalvm.com.ar\/noticias-villa-maria\/wp-content\/uploads\/2021\/03\/Canto-Monumento-LP-1.jpg?resize=300%2C300&amp;ssl=1 300w\" sizes=\"(max-width: 500px) 100vw, 500px\" \/><\/figure><\/li><\/ul><\/figure>\n\n\n\n<p><\/p>\n\n\n\n<p><strong>El Brigadier General Jos\u00e9 Mar\u00eda Paz<\/strong><\/p>\n\n\n\n<p>El cordob\u00e9s Jos\u00e9 Mar\u00eda Paz fue uno de los m\u00e1s brillantes generales de la Rep\u00fablica Argentina, se sum\u00f3 al Ej\u00e9rcito del Norte de manera efectiva para combatir en Tucum\u00e1n a \u00f3rdenes de Belgrano, en esta fuerza particip\u00f3 de las 2\u00aa y 3\u00aa campa\u00f1as al Alto Per\u00fa (Bolivia), quedando manco del brazo derecho en 1815 durante el combate de Venta y Media, permaneciendo hasta la disoluci\u00f3n del ej\u00e9rcito en Arequito en enero de 1820.<\/p>\n\n\n\n<p>Particip\u00f3 con una notable actuaci\u00f3n en la batalla de Ituzaing\u00f3 (1827) y en la campa\u00f1a de la guerra contra el Imperio del Brasil. Luego como unitario ser\u00e1 absorbido en la guerra civil, enfrentamiento fraticida, dolorosa lucha que ensangrentar\u00eda todo nuestro pa\u00eds y tendr\u00eda sus r\u00e9plicas en Uruguay.<\/p>\n\n\n\n<p>La hidalgu\u00eda de Paz, su trato correcto con los prisioneros, la capacidad de organizar un ej\u00e9rcito y por sobre todo la eximia conducci\u00f3n de fuerzas en la ofensiva o defensiva, distinguieron su rol de comandante victorioso.<\/p>\n\n\n\n<p>Uno de los m\u00e1s contundentes elogios al \u201cManco\u201d es el de su adversario Facundo Quiroga, a quien enfrentara doblemente en la batalla de La Tablada y en la de Oncativo o Laguna Larga.<\/p>\n\n\n\n<p>Escrib\u00eda de \u00e9l: \u201cPaz me ha vencido con figuras de contradanza\u201d, reconociendo \u201cPuedo luchar contra todos los gobernantes coaligados y tener fuerzas para vencerlos; puedo pelear contra las tropas realistas por aguerridas que sean, y tengo la convicci\u00f3n de derrotarlas; pero contra el General Paz, es imposible\u201d.<\/p>\n\n\n\n<p><strong>El \u201cManco\u201d Paz, guerrero del R\u00edo de la Plata<\/strong><\/p>\n\n\n\n<p>La pericia militar de Paz qued\u00f3 repetidamente demostrada, como en el triunfo de Caaguaz\u00fa en 1841, donde logr\u00f3 que el enemigo hiciera lo que \u00e9l quer\u00eda, oblig\u00f3 a la retirada del gran conductor el General Urquiza desde Ubajahy o Ibajay en Corrientes en 1846 quien no se atrevi\u00f3 a atacar la posici\u00f3n de Paz tras su h\u00e1bil repliegue, organiz\u00f3 en breve tiempo la defensa de Montevideo, que resistir\u00eda as\u00ed el sitio de las fuerzas de Oribe, aliado a Rosas, entre 1843 y 1851.<\/p>\n\n\n\n<p>Los d\u00edas de Paz culminaron en Buenos Aires en 1854 a los 63 a\u00f1os. Sus restos descansan en el atrio de la Catedral de C\u00f3rdoba, junto a los de su sobrina y esposa, Margarita Weild.<\/p>\n\n\n\n<p><\/p>\n\n\n\n<ul class=\"wp-block-list\"><li><strong>Mir\u00e1 el video: <\/strong><\/li><\/ul>\n\n\n\n<p><\/p>\n\n\n\n<figure class=\"wp-block-embed is-type-video is-provider-youtube wp-block-embed-youtube wp-embed-aspect-4-3 wp-has-aspect-ratio\"><div class=\"wp-block-embed__wrapper\">\n<iframe title=\"Marcha Inicial \/ El Cielo del Cordob\u00e9s\" width=\"500\" height=\"375\" src=\"https:\/\/www.youtube.com\/embed\/9MVBX3deExw?list=OLAK5uy_l6z9GwCAxwLRgJosIsqaMFPJSdmcIWeHI\" frameborder=\"0\" allow=\"accelerometer; autoplay; clipboard-write; encrypted-media; gyroscope; picture-in-picture; web-share\" referrerpolicy=\"strict-origin-when-cross-origin\" allowfullscreen><\/iframe>\n<\/div><\/figure>\n\n\n\n<p><\/p>\n\n\n\n<p><strong>Contenido del disco \u201ccanto monumento\u201d<\/strong><\/p>\n\n\n\n<ol class=\"wp-block-list\" type=\"1\"><li>Marcha inicial (Marcha \u2013 Relato).<\/li><li>Lectura I.<\/li><li>El cielo del cordob\u00e9s (Cielito).<\/li><li>Lectura II.<\/li><li>Herido y en retirada (Chacarera).<\/li><li>Lectura III.<\/li><li>Contra caudillos (Milong\u00f3n).<\/li><li>Lectura IV.<\/li><li>Tercetos a la v\u00edspera (Vidala \u2013 Tercetos).<\/li><li>Lectura V.<\/li><li>El triunfo de Tablada (Marcha ligera \u2013 Poema).<\/li><li>La Chaya del Tigre (Chaya).<\/li><li>Lectura VI.<\/li><li>La Boleada (Marcha lenta).<\/li><li>Lectura VII.<\/li><li>Mil ocho treinta y cuatro (Malombo \u2013 Candombe).<\/li><li>Lectura VII.<\/li><li>Romanza cautiva (Romanza \u2013 Poema).<\/li><li>Lectura IX.<\/li><li>Caaguaz\u00fa (Canci\u00f3n litorale\u00f1a).<\/li><li>Lectura X.<\/li><li>El exilio (Canci\u00f3n fronteriza)<\/li><li>Lectura XI.<\/li><li>Canto monumento (Letan\u00edas \u2013 Gloria).<\/li><\/ol>\n","protected":false},"excerpt":{"rendered":"<p>\u201cGloria a Jos\u00e9 Mar\u00eda, gloria al Manco Paz\u2026\u201d Escribe: Leo Mu\u00f1oz Carlos Di Fulvio Nacido en Carrilobo (Pcia. de C\u00f3rdoba, a unos 80 km. de Villa Mar\u00eda) el 5 de marzo de 1939, Carlos Jos\u00e9 Di Fulvio inici\u00f3 en su adolescencia el camino art\u00edstico. En 1953 hace su primera presentaci\u00f3n en LV2, continuando en la [&hellip;]<\/p>\n","protected":false},"author":4,"featured_media":34517,"comment_status":"open","ping_status":"open","sticky":false,"template":"","format":"standard","meta":{"site-sidebar-layout":"default","site-content-layout":"default","ast-site-content-layout":"default","site-content-style":"default","site-sidebar-style":"default","ast-global-header-display":"","ast-banner-title-visibility":"","ast-main-header-display":"","ast-hfb-above-header-display":"","ast-hfb-below-header-display":"","ast-hfb-mobile-header-display":"","site-post-title":"","ast-breadcrumbs-content":"","ast-featured-img":"","footer-sml-layout":"","ast-disable-related-posts":"","theme-transparent-header-meta":"default","adv-header-id-meta":"","stick-header-meta":"","header-above-stick-meta":"","header-main-stick-meta":"","header-below-stick-meta":"","astra-migrate-meta-layouts":"default","ast-page-background-enabled":"default","ast-page-background-meta":{"desktop":{"background-color":"","background-image":"","background-repeat":"repeat","background-position":"center center","background-size":"auto","background-attachment":"scroll","background-type":"","background-media":"","overlay-type":"","overlay-color":"","overlay-opacity":"","overlay-gradient":""},"tablet":{"background-color":"","background-image":"","background-repeat":"repeat","background-position":"center center","background-size":"auto","background-attachment":"scroll","background-type":"","background-media":"","overlay-type":"","overlay-color":"","overlay-opacity":"","overlay-gradient":""},"mobile":{"background-color":"","background-image":"","background-repeat":"repeat","background-position":"center center","background-size":"auto","background-attachment":"scroll","background-type":"","background-media":"","overlay-type":"","overlay-color":"","overlay-opacity":"","overlay-gradient":""}},"ast-content-background-meta":{"desktop":{"background-color":"var(--ast-global-color-5)","background-image":"","background-repeat":"repeat","background-position":"center center","background-size":"auto","background-attachment":"scroll","background-type":"","background-media":"","overlay-type":"","overlay-color":"","overlay-opacity":"","overlay-gradient":""},"tablet":{"background-color":"var(--ast-global-color-5)","background-image":"","background-repeat":"repeat","background-position":"center center","background-size":"auto","background-attachment":"scroll","background-type":"","background-media":"","overlay-type":"","overlay-color":"","overlay-opacity":"","overlay-gradient":""},"mobile":{"background-color":"var(--ast-global-color-5)","background-image":"","background-repeat":"repeat","background-position":"center center","background-size":"auto","background-attachment":"scroll","background-type":"","background-media":"","overlay-type":"","overlay-color":"","overlay-opacity":"","overlay-gradient":""}},"_jetpack_memberships_contains_paid_content":false,"_joinchat":[],"footnotes":""},"categories":[2098,3557,2074],"tags":[7804,7805,7803,7507,7806,7802,2244,2739],"class_list":["post-34515","post","type-post","status-publish","format-standard","has-post-thumbnail","hentry","category-historias","category-tercera","category-videos","tag-cantata","tag-canto-monumento","tag-carlos-di-fulvio","tag-facundo-quiroga","tag-general-urquiza","tag-gral-paz","tag-musica-e-historia","tag-oncativo"],"yoast_head":"<!-- This site is optimized with the Yoast SEO plugin v26.8 - https:\/\/yoast.com\/product\/yoast-seo-wordpress\/ -->\n<title>M\u00fasica e Historia: La cantata de Di Fulvio a la memoria del Gral. Paz [VIDEO] - El Regional<\/title>\n<meta name=\"description\" content=\"El cordob\u00e9s Jos\u00e9 Mar\u00eda Paz fue uno de los m\u00e1s brillantes generales de la Rep\u00fablica Argentina. El c\u00e9lebre &quot;Manco&quot; Paz.\" \/>\n<meta name=\"robots\" content=\"index, follow, max-snippet:-1, max-image-preview:large, max-video-preview:-1\" \/>\n<link rel=\"canonical\" href=\"http:\/\/elregionalvm.com.ar\/noticias-villa-maria\/musica-e-historia-la-cantata-de-di-fulvio-a-la-memoria-del-gral-paz-video\/\" \/>\n<meta property=\"og:locale\" content=\"es_ES\" \/>\n<meta property=\"og:type\" content=\"article\" \/>\n<meta property=\"og:title\" content=\"M\u00fasica e Historia: La cantata de Di Fulvio a la memoria del Gral. Paz [VIDEO] - El Regional\" \/>\n<meta property=\"og:description\" content=\"El cordob\u00e9s Jos\u00e9 Mar\u00eda Paz fue uno de los m\u00e1s brillantes generales de la Rep\u00fablica Argentina. El c\u00e9lebre &quot;Manco&quot; Paz.\" \/>\n<meta property=\"og:url\" content=\"http:\/\/elregionalvm.com.ar\/noticias-villa-maria\/musica-e-historia-la-cantata-de-di-fulvio-a-la-memoria-del-gral-paz-video\/\" \/>\n<meta property=\"og:site_name\" content=\"El Regional\" \/>\n<meta property=\"article:publisher\" content=\"https:\/\/www.facebook.com\/elregionalvm\" \/>\n<meta property=\"article:published_time\" content=\"2021-03-20T18:33:43+00:00\" \/>\n<meta property=\"article:modified_time\" content=\"2021-03-23T01:31:03+00:00\" \/>\n<meta property=\"og:image\" content=\"http:\/\/elregionalvm.com.ar\/noticias-villa-maria\/wp-content\/uploads\/2021\/03\/Di-Fulvio.jpg\" \/>\n\t<meta property=\"og:image:width\" content=\"840\" \/>\n\t<meta property=\"og:image:height\" content=\"473\" \/>\n\t<meta property=\"og:image:type\" content=\"image\/jpeg\" \/>\n<meta name=\"author\" content=\"Contenidos El Regional\" \/>\n<meta name=\"twitter:card\" content=\"summary_large_image\" \/>\n<meta name=\"twitter:creator\" content=\"@elregionalvm1\" \/>\n<meta name=\"twitter:site\" content=\"@elregionalvm1\" \/>\n<meta name=\"twitter:label1\" content=\"Escrito por\" \/>\n\t<meta name=\"twitter:data1\" content=\"Contenidos El Regional\" \/>\n\t<meta name=\"twitter:label2\" content=\"Tiempo de lectura\" \/>\n\t<meta name=\"twitter:data2\" content=\"4 minutos\" \/>\n<script type=\"application\/ld+json\" class=\"yoast-schema-graph\">{\"@context\":\"https:\/\/schema.org\",\"@graph\":[{\"@type\":\"Article\",\"@id\":\"http:\/\/elregionalvm.com.ar\/noticias-villa-maria\/musica-e-historia-la-cantata-de-di-fulvio-a-la-memoria-del-gral-paz-video\/#article\",\"isPartOf\":{\"@id\":\"http:\/\/elregionalvm.com.ar\/noticias-villa-maria\/musica-e-historia-la-cantata-de-di-fulvio-a-la-memoria-del-gral-paz-video\/\"},\"author\":{\"name\":\"Contenidos El Regional\",\"@id\":\"http:\/\/elregionalvm.com.ar\/noticias-villa-maria\/#\/schema\/person\/a0fb9c422317faca23d50163151bc354\"},\"headline\":\"M\u00fasica e Historia: La cantata de Di Fulvio a la memoria del Gral. Paz [VIDEO]\",\"datePublished\":\"2021-03-20T18:33:43+00:00\",\"dateModified\":\"2021-03-23T01:31:03+00:00\",\"mainEntityOfPage\":{\"@id\":\"http:\/\/elregionalvm.com.ar\/noticias-villa-maria\/musica-e-historia-la-cantata-de-di-fulvio-a-la-memoria-del-gral-paz-video\/\"},\"wordCount\":731,\"commentCount\":0,\"image\":{\"@id\":\"http:\/\/elregionalvm.com.ar\/noticias-villa-maria\/musica-e-historia-la-cantata-de-di-fulvio-a-la-memoria-del-gral-paz-video\/#primaryimage\"},\"thumbnailUrl\":\"https:\/\/i0.wp.com\/elregionalvm.com.ar\/noticias-villa-maria\/wp-content\/uploads\/2021\/03\/Di-Fulvio.jpg?fit=840%2C473&ssl=1\",\"keywords\":[\"Cantata\",\"Canto Monumento\",\"Carlos Di Fulvio\",\"Facundo Quiroga\",\"General Urquiza\",\"Gral. Paz\",\"M\u00fasica e Historia\",\"Oncativo\"],\"articleSection\":[\"Historias\",\"tercera\",\"Videos\"],\"inLanguage\":\"es\",\"potentialAction\":[{\"@type\":\"CommentAction\",\"name\":\"Comment\",\"target\":[\"http:\/\/elregionalvm.com.ar\/noticias-villa-maria\/musica-e-historia-la-cantata-de-di-fulvio-a-la-memoria-del-gral-paz-video\/#respond\"]}]},{\"@type\":\"WebPage\",\"@id\":\"http:\/\/elregionalvm.com.ar\/noticias-villa-maria\/musica-e-historia-la-cantata-de-di-fulvio-a-la-memoria-del-gral-paz-video\/\",\"url\":\"http:\/\/elregionalvm.com.ar\/noticias-villa-maria\/musica-e-historia-la-cantata-de-di-fulvio-a-la-memoria-del-gral-paz-video\/\",\"name\":\"M\u00fasica e Historia: La cantata de Di Fulvio a la memoria del Gral. Paz [VIDEO] - El Regional\",\"isPartOf\":{\"@id\":\"http:\/\/elregionalvm.com.ar\/noticias-villa-maria\/#website\"},\"primaryImageOfPage\":{\"@id\":\"http:\/\/elregionalvm.com.ar\/noticias-villa-maria\/musica-e-historia-la-cantata-de-di-fulvio-a-la-memoria-del-gral-paz-video\/#primaryimage\"},\"image\":{\"@id\":\"http:\/\/elregionalvm.com.ar\/noticias-villa-maria\/musica-e-historia-la-cantata-de-di-fulvio-a-la-memoria-del-gral-paz-video\/#primaryimage\"},\"thumbnailUrl\":\"https:\/\/i0.wp.com\/elregionalvm.com.ar\/noticias-villa-maria\/wp-content\/uploads\/2021\/03\/Di-Fulvio.jpg?fit=840%2C473&ssl=1\",\"datePublished\":\"2021-03-20T18:33:43+00:00\",\"dateModified\":\"2021-03-23T01:31:03+00:00\",\"author\":{\"@id\":\"http:\/\/elregionalvm.com.ar\/noticias-villa-maria\/#\/schema\/person\/a0fb9c422317faca23d50163151bc354\"},\"description\":\"El cordob\u00e9s Jos\u00e9 Mar\u00eda Paz fue uno de los m\u00e1s brillantes generales de la Rep\u00fablica Argentina. El c\u00e9lebre \\\"Manco\\\" Paz.\",\"breadcrumb\":{\"@id\":\"http:\/\/elregionalvm.com.ar\/noticias-villa-maria\/musica-e-historia-la-cantata-de-di-fulvio-a-la-memoria-del-gral-paz-video\/#breadcrumb\"},\"inLanguage\":\"es\",\"potentialAction\":[{\"@type\":\"ReadAction\",\"target\":[\"http:\/\/elregionalvm.com.ar\/noticias-villa-maria\/musica-e-historia-la-cantata-de-di-fulvio-a-la-memoria-del-gral-paz-video\/\"]}]},{\"@type\":\"ImageObject\",\"inLanguage\":\"es\",\"@id\":\"http:\/\/elregionalvm.com.ar\/noticias-villa-maria\/musica-e-historia-la-cantata-de-di-fulvio-a-la-memoria-del-gral-paz-video\/#primaryimage\",\"url\":\"https:\/\/i0.wp.com\/elregionalvm.com.ar\/noticias-villa-maria\/wp-content\/uploads\/2021\/03\/Di-Fulvio.jpg?fit=840%2C473&ssl=1\",\"contentUrl\":\"https:\/\/i0.wp.com\/elregionalvm.com.ar\/noticias-villa-maria\/wp-content\/uploads\/2021\/03\/Di-Fulvio.jpg?fit=840%2C473&ssl=1\",\"width\":840,\"height\":473},{\"@type\":\"BreadcrumbList\",\"@id\":\"http:\/\/elregionalvm.com.ar\/noticias-villa-maria\/musica-e-historia-la-cantata-de-di-fulvio-a-la-memoria-del-gral-paz-video\/#breadcrumb\",\"itemListElement\":[{\"@type\":\"ListItem\",\"position\":1,\"name\":\"Portada\",\"item\":\"https:\/\/elregionalvm.com.ar\/noticias-villa-maria\/\"},{\"@type\":\"ListItem\",\"position\":2,\"name\":\"M\u00fasica e Historia: La cantata de Di Fulvio a la memoria del Gral. Paz [VIDEO]\"}]},{\"@type\":\"WebSite\",\"@id\":\"http:\/\/elregionalvm.com.ar\/noticias-villa-maria\/#website\",\"url\":\"http:\/\/elregionalvm.com.ar\/noticias-villa-maria\/\",\"name\":\"El Regional\",\"description\":\"Mucho m\u00e1s que informaci\u00f3n\",\"potentialAction\":[{\"@type\":\"SearchAction\",\"target\":{\"@type\":\"EntryPoint\",\"urlTemplate\":\"http:\/\/elregionalvm.com.ar\/noticias-villa-maria\/?s={search_term_string}\"},\"query-input\":{\"@type\":\"PropertyValueSpecification\",\"valueRequired\":true,\"valueName\":\"search_term_string\"}}],\"inLanguage\":\"es\"},{\"@type\":\"Person\",\"@id\":\"http:\/\/elregionalvm.com.ar\/noticias-villa-maria\/#\/schema\/person\/a0fb9c422317faca23d50163151bc354\",\"name\":\"Contenidos El Regional\",\"image\":{\"@type\":\"ImageObject\",\"inLanguage\":\"es\",\"@id\":\"http:\/\/elregionalvm.com.ar\/noticias-villa-maria\/#\/schema\/person\/image\/\",\"url\":\"https:\/\/secure.gravatar.com\/avatar\/265b27cb2209af7bb3a1318f03305787d7981a5cc6e6cd08fe5a4ecdf99d4b48?s=96&d=mm&r=g\",\"contentUrl\":\"https:\/\/secure.gravatar.com\/avatar\/265b27cb2209af7bb3a1318f03305787d7981a5cc6e6cd08fe5a4ecdf99d4b48?s=96&d=mm&r=g\",\"caption\":\"Contenidos El Regional\"},\"url\":\"https:\/\/elregionalvm.com.ar\/noticias-villa-maria\/author\/contenido\/\"}]}<\/script>\n<!-- \/ Yoast SEO plugin. -->","yoast_head_json":{"title":"M\u00fasica e Historia: La cantata de Di Fulvio a la memoria del Gral. Paz [VIDEO] - El Regional","description":"El cordob\u00e9s Jos\u00e9 Mar\u00eda Paz fue uno de los m\u00e1s brillantes generales de la Rep\u00fablica Argentina. El c\u00e9lebre \"Manco\" Paz.","robots":{"index":"index","follow":"follow","max-snippet":"max-snippet:-1","max-image-preview":"max-image-preview:large","max-video-preview":"max-video-preview:-1"},"canonical":"http:\/\/elregionalvm.com.ar\/noticias-villa-maria\/musica-e-historia-la-cantata-de-di-fulvio-a-la-memoria-del-gral-paz-video\/","og_locale":"es_ES","og_type":"article","og_title":"M\u00fasica e Historia: La cantata de Di Fulvio a la memoria del Gral. Paz [VIDEO] - El Regional","og_description":"El cordob\u00e9s Jos\u00e9 Mar\u00eda Paz fue uno de los m\u00e1s brillantes generales de la Rep\u00fablica Argentina. El c\u00e9lebre \"Manco\" Paz.","og_url":"http:\/\/elregionalvm.com.ar\/noticias-villa-maria\/musica-e-historia-la-cantata-de-di-fulvio-a-la-memoria-del-gral-paz-video\/","og_site_name":"El Regional","article_publisher":"https:\/\/www.facebook.com\/elregionalvm","article_published_time":"2021-03-20T18:33:43+00:00","article_modified_time":"2021-03-23T01:31:03+00:00","og_image":[{"width":840,"height":473,"url":"http:\/\/elregionalvm.com.ar\/noticias-villa-maria\/wp-content\/uploads\/2021\/03\/Di-Fulvio.jpg","type":"image\/jpeg"}],"author":"Contenidos El Regional","twitter_card":"summary_large_image","twitter_creator":"@elregionalvm1","twitter_site":"@elregionalvm1","twitter_misc":{"Escrito por":"Contenidos El Regional","Tiempo de lectura":"4 minutos"},"schema":{"@context":"https:\/\/schema.org","@graph":[{"@type":"Article","@id":"http:\/\/elregionalvm.com.ar\/noticias-villa-maria\/musica-e-historia-la-cantata-de-di-fulvio-a-la-memoria-del-gral-paz-video\/#article","isPartOf":{"@id":"http:\/\/elregionalvm.com.ar\/noticias-villa-maria\/musica-e-historia-la-cantata-de-di-fulvio-a-la-memoria-del-gral-paz-video\/"},"author":{"name":"Contenidos El Regional","@id":"http:\/\/elregionalvm.com.ar\/noticias-villa-maria\/#\/schema\/person\/a0fb9c422317faca23d50163151bc354"},"headline":"M\u00fasica e Historia: La cantata de Di Fulvio a la memoria del Gral. Paz [VIDEO]","datePublished":"2021-03-20T18:33:43+00:00","dateModified":"2021-03-23T01:31:03+00:00","mainEntityOfPage":{"@id":"http:\/\/elregionalvm.com.ar\/noticias-villa-maria\/musica-e-historia-la-cantata-de-di-fulvio-a-la-memoria-del-gral-paz-video\/"},"wordCount":731,"commentCount":0,"image":{"@id":"http:\/\/elregionalvm.com.ar\/noticias-villa-maria\/musica-e-historia-la-cantata-de-di-fulvio-a-la-memoria-del-gral-paz-video\/#primaryimage"},"thumbnailUrl":"https:\/\/i0.wp.com\/elregionalvm.com.ar\/noticias-villa-maria\/wp-content\/uploads\/2021\/03\/Di-Fulvio.jpg?fit=840%2C473&ssl=1","keywords":["Cantata","Canto Monumento","Carlos Di Fulvio","Facundo Quiroga","General Urquiza","Gral. Paz","M\u00fasica e Historia","Oncativo"],"articleSection":["Historias","tercera","Videos"],"inLanguage":"es","potentialAction":[{"@type":"CommentAction","name":"Comment","target":["http:\/\/elregionalvm.com.ar\/noticias-villa-maria\/musica-e-historia-la-cantata-de-di-fulvio-a-la-memoria-del-gral-paz-video\/#respond"]}]},{"@type":"WebPage","@id":"http:\/\/elregionalvm.com.ar\/noticias-villa-maria\/musica-e-historia-la-cantata-de-di-fulvio-a-la-memoria-del-gral-paz-video\/","url":"http:\/\/elregionalvm.com.ar\/noticias-villa-maria\/musica-e-historia-la-cantata-de-di-fulvio-a-la-memoria-del-gral-paz-video\/","name":"M\u00fasica e Historia: La cantata de Di Fulvio a la memoria del Gral. Paz [VIDEO] - El Regional","isPartOf":{"@id":"http:\/\/elregionalvm.com.ar\/noticias-villa-maria\/#website"},"primaryImageOfPage":{"@id":"http:\/\/elregionalvm.com.ar\/noticias-villa-maria\/musica-e-historia-la-cantata-de-di-fulvio-a-la-memoria-del-gral-paz-video\/#primaryimage"},"image":{"@id":"http:\/\/elregionalvm.com.ar\/noticias-villa-maria\/musica-e-historia-la-cantata-de-di-fulvio-a-la-memoria-del-gral-paz-video\/#primaryimage"},"thumbnailUrl":"https:\/\/i0.wp.com\/elregionalvm.com.ar\/noticias-villa-maria\/wp-content\/uploads\/2021\/03\/Di-Fulvio.jpg?fit=840%2C473&ssl=1","datePublished":"2021-03-20T18:33:43+00:00","dateModified":"2021-03-23T01:31:03+00:00","author":{"@id":"http:\/\/elregionalvm.com.ar\/noticias-villa-maria\/#\/schema\/person\/a0fb9c422317faca23d50163151bc354"},"description":"El cordob\u00e9s Jos\u00e9 Mar\u00eda Paz fue uno de los m\u00e1s brillantes generales de la Rep\u00fablica Argentina. El c\u00e9lebre \"Manco\" Paz.","breadcrumb":{"@id":"http:\/\/elregionalvm.com.ar\/noticias-villa-maria\/musica-e-historia-la-cantata-de-di-fulvio-a-la-memoria-del-gral-paz-video\/#breadcrumb"},"inLanguage":"es","potentialAction":[{"@type":"ReadAction","target":["http:\/\/elregionalvm.com.ar\/noticias-villa-maria\/musica-e-historia-la-cantata-de-di-fulvio-a-la-memoria-del-gral-paz-video\/"]}]},{"@type":"ImageObject","inLanguage":"es","@id":"http:\/\/elregionalvm.com.ar\/noticias-villa-maria\/musica-e-historia-la-cantata-de-di-fulvio-a-la-memoria-del-gral-paz-video\/#primaryimage","url":"https:\/\/i0.wp.com\/elregionalvm.com.ar\/noticias-villa-maria\/wp-content\/uploads\/2021\/03\/Di-Fulvio.jpg?fit=840%2C473&ssl=1","contentUrl":"https:\/\/i0.wp.com\/elregionalvm.com.ar\/noticias-villa-maria\/wp-content\/uploads\/2021\/03\/Di-Fulvio.jpg?fit=840%2C473&ssl=1","width":840,"height":473},{"@type":"BreadcrumbList","@id":"http:\/\/elregionalvm.com.ar\/noticias-villa-maria\/musica-e-historia-la-cantata-de-di-fulvio-a-la-memoria-del-gral-paz-video\/#breadcrumb","itemListElement":[{"@type":"ListItem","position":1,"name":"Portada","item":"https:\/\/elregionalvm.com.ar\/noticias-villa-maria\/"},{"@type":"ListItem","position":2,"name":"M\u00fasica e Historia: La cantata de Di Fulvio a la memoria del Gral. Paz [VIDEO]"}]},{"@type":"WebSite","@id":"http:\/\/elregionalvm.com.ar\/noticias-villa-maria\/#website","url":"http:\/\/elregionalvm.com.ar\/noticias-villa-maria\/","name":"El Regional","description":"Mucho m\u00e1s que informaci\u00f3n","potentialAction":[{"@type":"SearchAction","target":{"@type":"EntryPoint","urlTemplate":"http:\/\/elregionalvm.com.ar\/noticias-villa-maria\/?s={search_term_string}"},"query-input":{"@type":"PropertyValueSpecification","valueRequired":true,"valueName":"search_term_string"}}],"inLanguage":"es"},{"@type":"Person","@id":"http:\/\/elregionalvm.com.ar\/noticias-villa-maria\/#\/schema\/person\/a0fb9c422317faca23d50163151bc354","name":"Contenidos El Regional","image":{"@type":"ImageObject","inLanguage":"es","@id":"http:\/\/elregionalvm.com.ar\/noticias-villa-maria\/#\/schema\/person\/image\/","url":"https:\/\/secure.gravatar.com\/avatar\/265b27cb2209af7bb3a1318f03305787d7981a5cc6e6cd08fe5a4ecdf99d4b48?s=96&d=mm&r=g","contentUrl":"https:\/\/secure.gravatar.com\/avatar\/265b27cb2209af7bb3a1318f03305787d7981a5cc6e6cd08fe5a4ecdf99d4b48?s=96&d=mm&r=g","caption":"Contenidos El Regional"},"url":"https:\/\/elregionalvm.com.ar\/noticias-villa-maria\/author\/contenido\/"}]}},"jetpack_featured_media_url":"https:\/\/i0.wp.com\/elregionalvm.com.ar\/noticias-villa-maria\/wp-content\/uploads\/2021\/03\/Di-Fulvio.jpg?fit=840%2C473&ssl=1","jetpack_sharing_enabled":true,"_links":{"self":[{"href":"https:\/\/elregionalvm.com.ar\/noticias-villa-maria\/wp-json\/wp\/v2\/posts\/34515","targetHints":{"allow":["GET"]}}],"collection":[{"href":"https:\/\/elregionalvm.com.ar\/noticias-villa-maria\/wp-json\/wp\/v2\/posts"}],"about":[{"href":"https:\/\/elregionalvm.com.ar\/noticias-villa-maria\/wp-json\/wp\/v2\/types\/post"}],"author":[{"embeddable":true,"href":"https:\/\/elregionalvm.com.ar\/noticias-villa-maria\/wp-json\/wp\/v2\/users\/4"}],"replies":[{"embeddable":true,"href":"https:\/\/elregionalvm.com.ar\/noticias-villa-maria\/wp-json\/wp\/v2\/comments?post=34515"}],"version-history":[{"count":1,"href":"https:\/\/elregionalvm.com.ar\/noticias-villa-maria\/wp-json\/wp\/v2\/posts\/34515\/revisions"}],"predecessor-version":[{"id":34522,"href":"https:\/\/elregionalvm.com.ar\/noticias-villa-maria\/wp-json\/wp\/v2\/posts\/34515\/revisions\/34522"}],"wp:featuredmedia":[{"embeddable":true,"href":"https:\/\/elregionalvm.com.ar\/noticias-villa-maria\/wp-json\/wp\/v2\/media\/34517"}],"wp:attachment":[{"href":"https:\/\/elregionalvm.com.ar\/noticias-villa-maria\/wp-json\/wp\/v2\/media?parent=34515"}],"wp:term":[{"taxonomy":"category","embeddable":true,"href":"https:\/\/elregionalvm.com.ar\/noticias-villa-maria\/wp-json\/wp\/v2\/categories?post=34515"},{"taxonomy":"post_tag","embeddable":true,"href":"https:\/\/elregionalvm.com.ar\/noticias-villa-maria\/wp-json\/wp\/v2\/tags?post=34515"}],"curies":[{"name":"wp","href":"https:\/\/api.w.org\/{rel}","templated":true}]}}