{"id":34523,"date":"2021-03-20T18:55:35","date_gmt":"2021-03-20T18:55:35","guid":{"rendered":"https:\/\/elregionalvm.com.ar\/noticias-villa-maria\/?p=34523"},"modified":"2021-03-20T18:55:36","modified_gmt":"2021-03-20T18:55:36","slug":"realizaran-fichas-medicas-escolares-en-el-cic-de-barrio-los-olmos","status":"publish","type":"post","link":"https:\/\/elregionalvm.com.ar\/noticias-villa-maria\/realizaran-fichas-medicas-escolares-en-el-cic-de-barrio-los-olmos\/","title":{"rendered":"Realizar\u00e1n fichas m\u00e9dicas escolares en el CIC de Barrio Los Olmos"},"content":{"rendered":"\n<p>Personal del Hospital Villa Nueva comenzar\u00e1 el lunes a realizar fichas m\u00e9dicas en el CIC de barrio Los Olmos, para los estudiantes de la ciudad.<\/p>\n\n\n\n<p>La actividad es coordinada con las autoridades escolares por lo que no es necesario que las familias se comuniquen ni se acerquen al Hospital a sacar turno, sino que desde el Municipio se estar\u00e1 llamando a las familias para coordinar el d\u00eda y el horario en el que el ni\u00f1o deber\u00e1 asistir al CIC.<\/p>\n\n\n\n<p>\u201cLos llamados y los turnos se coordinaron de acuerdo a las burbujas escolares de cada instituci\u00f3n. Desde el Hospital ahora nos encargaremos de llamar a cada una de las familias para otorgarles los turnos correspondientes\u201d, explic\u00f3 la secretaria del \u00e1rea, Romina Bruno.<\/p>\n\n\n\n<p>La funcionaria explic\u00f3 que el objetivo es evitar aglomeraciones de personas, as\u00ed como tambi\u00e9n brindar seguridad a cada una de las familias de los chicos que deben hacerse las fichas m\u00e9dicas.<\/p>\n\n\n\n<p><strong>Trabajo coordinado con las escuelas<\/strong><\/p>\n\n\n\n<p>La secretaria de Salud destac\u00f3 la importancia del trabajo coordinado logrado con cada una de las instituciones educativas villanovenses, con las que se estableci\u00f3 un protocolo de trabajo a partir del cual las escuelas cuenten con un referente del \u00e1rea  para coordinar el trabajo interinstitucional.<\/p>\n\n\n\n<p>\u201cEl objetivo es preparar a cada centro educativo, en caso de que alg\u00fan estudiante, docente, o personal administrativo presente alg\u00fan s\u00edntoma, y de esta manera actuar de manera r\u00e1pida y eficaz\u201d, sostuvo Bruno.<\/p>\n","protected":false},"excerpt":{"rendered":"<p>Personal del Hospital Villa Nueva comenzar\u00e1 el lunes a realizar fichas m\u00e9dicas en el CIC de barrio Los Olmos, para los estudiantes de la ciudad. La actividad es coordinada con las autoridades escolares por lo que no es necesario que las familias se comuniquen ni se acerquen al Hospital a sacar turno, sino que desde [&hellip;]<\/p>\n","protected":false},"author":4,"featured_media":34524,"comment_status":"open","ping_status":"open","sticky":false,"template":"","format":"standard","meta":{"site-sidebar-layout":"default","site-content-layout":"default","ast-site-content-layout":"default","site-content-style":"default","site-sidebar-style":"default","ast-global-header-display":"","ast-banner-title-visibility":"","ast-main-header-display":"","ast-hfb-above-header-display":"","ast-hfb-below-header-display":"","ast-hfb-mobile-header-display":"","site-post-title":"","ast-breadcrumbs-content":"","ast-featured-img":"","footer-sml-layout":"","ast-disable-related-posts":"","theme-transparent-header-meta":"default","adv-header-id-meta":"","stick-header-meta":"","header-above-stick-meta":"","header-main-stick-meta":"","header-below-stick-meta":"","astra-migrate-meta-layouts":"default","ast-page-background-enabled":"default","ast-page-background-meta":{"desktop":{"background-color":"","background-image":"","background-repeat":"repeat","background-position":"center center","background-size":"auto","background-attachment":"scroll","background-type":"","background-media":"","overlay-type":"","overlay-color":"","overlay-opacity":"","overlay-gradient":""},"tablet":{"background-color":"","background-image":"","background-repeat":"repeat","background-position":"center center","background-size":"auto","background-attachment":"scroll","background-type":"","background-media":"","overlay-type":"","overlay-color":"","overlay-opacity":"","overlay-gradient":""},"mobile":{"background-color":"","background-image":"","background-repeat":"repeat","background-position":"center center","background-size":"auto","background-attachment":"scroll","background-type":"","background-media":"","overlay-type":"","overlay-color":"","overlay-opacity":"","overlay-gradient":""}},"ast-content-background-meta":{"desktop":{"background-color":"var(--ast-global-color-5)","background-image":"","background-repeat":"repeat","background-position":"center center","background-size":"auto","background-attachment":"scroll","background-type":"","background-media":"","overlay-type":"","overlay-color":"","overlay-opacity":"","overlay-gradient":""},"tablet":{"background-color":"var(--ast-global-color-5)","background-image":"","background-repeat":"repeat","background-position":"center center","background-size":"auto","background-attachment":"scroll","background-type":"","background-media":"","overlay-type":"","overlay-color":"","overlay-opacity":"","overlay-gradient":""},"mobile":{"background-color":"var(--ast-global-color-5)","background-image":"","background-repeat":"repeat","background-position":"center center","background-size":"auto","background-attachment":"scroll","background-type":"","background-media":"","overlay-type":"","overlay-color":"","overlay-opacity":"","overlay-gradient":""}},"_jetpack_memberships_contains_paid_content":false,"_joinchat":[],"footnotes":""},"categories":[1408],"tags":[2889,7807,672,232],"class_list":["post-34523","post","type-post","status-publish","format-standard","has-post-thumbnail","hentry","category-villa-nueva","tag-estudiantes-2","tag-ficha-medica","tag-los-olmos","tag-villa-nueva"],"yoast_head":"<!-- This site is optimized with the Yoast SEO plugin v26.8 - https:\/\/yoast.com\/product\/yoast-seo-wordpress\/ -->\n<title>Realizar\u00e1n fichas m\u00e9dicas escolares en el CIC de Barrio Los Olmos - El Regional<\/title>\n<meta name=\"description\" content=\"Personal del Hospital Villa Nueva comenzar\u00e1 el lunes a realizar fichas m\u00e9dicas para los estudiantes en el CIC de barrio Los Olmos.\" \/>\n<meta name=\"robots\" content=\"index, follow, max-snippet:-1, max-image-preview:large, max-video-preview:-1\" \/>\n<link rel=\"canonical\" href=\"http:\/\/elregionalvm.com.ar\/noticias-villa-maria\/realizaran-fichas-medicas-escolares-en-el-cic-de-barrio-los-olmos\/\" \/>\n<meta property=\"og:locale\" content=\"es_ES\" \/>\n<meta property=\"og:type\" content=\"article\" \/>\n<meta property=\"og:title\" content=\"Realizar\u00e1n fichas m\u00e9dicas escolares en el CIC de Barrio Los Olmos - El Regional\" \/>\n<meta property=\"og:description\" content=\"Personal del Hospital Villa Nueva comenzar\u00e1 el lunes a realizar fichas m\u00e9dicas para los estudiantes en el CIC de barrio Los Olmos.\" \/>\n<meta property=\"og:url\" content=\"http:\/\/elregionalvm.com.ar\/noticias-villa-maria\/realizaran-fichas-medicas-escolares-en-el-cic-de-barrio-los-olmos\/\" \/>\n<meta property=\"og:site_name\" content=\"El Regional\" \/>\n<meta property=\"article:publisher\" content=\"https:\/\/www.facebook.com\/elregionalvm\" \/>\n<meta property=\"article:published_time\" content=\"2021-03-20T18:55:35+00:00\" \/>\n<meta property=\"article:modified_time\" content=\"2021-03-20T18:55:36+00:00\" \/>\n<meta property=\"og:image\" content=\"http:\/\/elregionalvm.com.ar\/noticias-villa-maria\/wp-content\/uploads\/2021\/03\/Cic-Los-Olmos-Villa-Nueva.jpg\" \/>\n\t<meta property=\"og:image:width\" content=\"792\" \/>\n\t<meta property=\"og:image:height\" content=\"465\" \/>\n\t<meta property=\"og:image:type\" content=\"image\/jpeg\" \/>\n<meta name=\"author\" content=\"Contenidos El Regional\" \/>\n<meta name=\"twitter:card\" content=\"summary_large_image\" \/>\n<meta name=\"twitter:creator\" content=\"@elregionalvm1\" \/>\n<meta name=\"twitter:site\" content=\"@elregionalvm1\" \/>\n<meta name=\"twitter:label1\" content=\"Escrito por\" \/>\n\t<meta name=\"twitter:data1\" content=\"Contenidos El Regional\" \/>\n\t<meta name=\"twitter:label2\" content=\"Tiempo de lectura\" \/>\n\t<meta name=\"twitter:data2\" content=\"2 minutos\" \/>\n<script type=\"application\/ld+json\" class=\"yoast-schema-graph\">{\"@context\":\"https:\/\/schema.org\",\"@graph\":[{\"@type\":\"Article\",\"@id\":\"http:\/\/elregionalvm.com.ar\/noticias-villa-maria\/realizaran-fichas-medicas-escolares-en-el-cic-de-barrio-los-olmos\/#article\",\"isPartOf\":{\"@id\":\"http:\/\/elregionalvm.com.ar\/noticias-villa-maria\/realizaran-fichas-medicas-escolares-en-el-cic-de-barrio-los-olmos\/\"},\"author\":{\"name\":\"Contenidos El Regional\",\"@id\":\"http:\/\/elregionalvm.com.ar\/noticias-villa-maria\/#\/schema\/person\/a0fb9c422317faca23d50163151bc354\"},\"headline\":\"Realizar\u00e1n fichas m\u00e9dicas escolares en el CIC de Barrio Los Olmos\",\"datePublished\":\"2021-03-20T18:55:35+00:00\",\"dateModified\":\"2021-03-20T18:55:36+00:00\",\"mainEntityOfPage\":{\"@id\":\"http:\/\/elregionalvm.com.ar\/noticias-villa-maria\/realizaran-fichas-medicas-escolares-en-el-cic-de-barrio-los-olmos\/\"},\"wordCount\":258,\"commentCount\":0,\"image\":{\"@id\":\"http:\/\/elregionalvm.com.ar\/noticias-villa-maria\/realizaran-fichas-medicas-escolares-en-el-cic-de-barrio-los-olmos\/#primaryimage\"},\"thumbnailUrl\":\"https:\/\/i0.wp.com\/elregionalvm.com.ar\/noticias-villa-maria\/wp-content\/uploads\/2021\/03\/Cic-Los-Olmos-Villa-Nueva.jpg?fit=792%2C465&ssl=1\",\"keywords\":[\"estudiantes\",\"ficha m\u00e9dica\",\"Los Olmos\",\"VILLA NUEVA\"],\"articleSection\":[\"Villa Nueva\"],\"inLanguage\":\"es\",\"potentialAction\":[{\"@type\":\"CommentAction\",\"name\":\"Comment\",\"target\":[\"http:\/\/elregionalvm.com.ar\/noticias-villa-maria\/realizaran-fichas-medicas-escolares-en-el-cic-de-barrio-los-olmos\/#respond\"]}]},{\"@type\":\"WebPage\",\"@id\":\"http:\/\/elregionalvm.com.ar\/noticias-villa-maria\/realizaran-fichas-medicas-escolares-en-el-cic-de-barrio-los-olmos\/\",\"url\":\"http:\/\/elregionalvm.com.ar\/noticias-villa-maria\/realizaran-fichas-medicas-escolares-en-el-cic-de-barrio-los-olmos\/\",\"name\":\"Realizar\u00e1n fichas m\u00e9dicas escolares en el CIC de Barrio Los Olmos - El Regional\",\"isPartOf\":{\"@id\":\"http:\/\/elregionalvm.com.ar\/noticias-villa-maria\/#website\"},\"primaryImageOfPage\":{\"@id\":\"http:\/\/elregionalvm.com.ar\/noticias-villa-maria\/realizaran-fichas-medicas-escolares-en-el-cic-de-barrio-los-olmos\/#primaryimage\"},\"image\":{\"@id\":\"http:\/\/elregionalvm.com.ar\/noticias-villa-maria\/realizaran-fichas-medicas-escolares-en-el-cic-de-barrio-los-olmos\/#primaryimage\"},\"thumbnailUrl\":\"https:\/\/i0.wp.com\/elregionalvm.com.ar\/noticias-villa-maria\/wp-content\/uploads\/2021\/03\/Cic-Los-Olmos-Villa-Nueva.jpg?fit=792%2C465&ssl=1\",\"datePublished\":\"2021-03-20T18:55:35+00:00\",\"dateModified\":\"2021-03-20T18:55:36+00:00\",\"author\":{\"@id\":\"http:\/\/elregionalvm.com.ar\/noticias-villa-maria\/#\/schema\/person\/a0fb9c422317faca23d50163151bc354\"},\"description\":\"Personal del Hospital Villa Nueva comenzar\u00e1 el lunes a realizar fichas m\u00e9dicas para los estudiantes en el CIC de barrio Los Olmos.\",\"breadcrumb\":{\"@id\":\"http:\/\/elregionalvm.com.ar\/noticias-villa-maria\/realizaran-fichas-medicas-escolares-en-el-cic-de-barrio-los-olmos\/#breadcrumb\"},\"inLanguage\":\"es\",\"potentialAction\":[{\"@type\":\"ReadAction\",\"target\":[\"http:\/\/elregionalvm.com.ar\/noticias-villa-maria\/realizaran-fichas-medicas-escolares-en-el-cic-de-barrio-los-olmos\/\"]}]},{\"@type\":\"ImageObject\",\"inLanguage\":\"es\",\"@id\":\"http:\/\/elregionalvm.com.ar\/noticias-villa-maria\/realizaran-fichas-medicas-escolares-en-el-cic-de-barrio-los-olmos\/#primaryimage\",\"url\":\"https:\/\/i0.wp.com\/elregionalvm.com.ar\/noticias-villa-maria\/wp-content\/uploads\/2021\/03\/Cic-Los-Olmos-Villa-Nueva.jpg?fit=792%2C465&ssl=1\",\"contentUrl\":\"https:\/\/i0.wp.com\/elregionalvm.com.ar\/noticias-villa-maria\/wp-content\/uploads\/2021\/03\/Cic-Los-Olmos-Villa-Nueva.jpg?fit=792%2C465&ssl=1\",\"width\":792,\"height\":465},{\"@type\":\"BreadcrumbList\",\"@id\":\"http:\/\/elregionalvm.com.ar\/noticias-villa-maria\/realizaran-fichas-medicas-escolares-en-el-cic-de-barrio-los-olmos\/#breadcrumb\",\"itemListElement\":[{\"@type\":\"ListItem\",\"position\":1,\"name\":\"Portada\",\"item\":\"https:\/\/elregionalvm.com.ar\/noticias-villa-maria\/\"},{\"@type\":\"ListItem\",\"position\":2,\"name\":\"Realizar\u00e1n fichas m\u00e9dicas escolares en el CIC de Barrio Los Olmos\"}]},{\"@type\":\"WebSite\",\"@id\":\"http:\/\/elregionalvm.com.ar\/noticias-villa-maria\/#website\",\"url\":\"http:\/\/elregionalvm.com.ar\/noticias-villa-maria\/\",\"name\":\"El Regional\",\"description\":\"Mucho m\u00e1s que informaci\u00f3n\",\"potentialAction\":[{\"@type\":\"SearchAction\",\"target\":{\"@type\":\"EntryPoint\",\"urlTemplate\":\"http:\/\/elregionalvm.com.ar\/noticias-villa-maria\/?s={search_term_string}\"},\"query-input\":{\"@type\":\"PropertyValueSpecification\",\"valueRequired\":true,\"valueName\":\"search_term_string\"}}],\"inLanguage\":\"es\"},{\"@type\":\"Person\",\"@id\":\"http:\/\/elregionalvm.com.ar\/noticias-villa-maria\/#\/schema\/person\/a0fb9c422317faca23d50163151bc354\",\"name\":\"Contenidos El Regional\",\"image\":{\"@type\":\"ImageObject\",\"inLanguage\":\"es\",\"@id\":\"http:\/\/elregionalvm.com.ar\/noticias-villa-maria\/#\/schema\/person\/image\/\",\"url\":\"https:\/\/secure.gravatar.com\/avatar\/265b27cb2209af7bb3a1318f03305787d7981a5cc6e6cd08fe5a4ecdf99d4b48?s=96&d=mm&r=g\",\"contentUrl\":\"https:\/\/secure.gravatar.com\/avatar\/265b27cb2209af7bb3a1318f03305787d7981a5cc6e6cd08fe5a4ecdf99d4b48?s=96&d=mm&r=g\",\"caption\":\"Contenidos El Regional\"},\"url\":\"https:\/\/elregionalvm.com.ar\/noticias-villa-maria\/author\/contenido\/\"}]}<\/script>\n<!-- \/ Yoast SEO plugin. -->","yoast_head_json":{"title":"Realizar\u00e1n fichas m\u00e9dicas escolares en el CIC de Barrio Los Olmos - El Regional","description":"Personal del Hospital Villa Nueva comenzar\u00e1 el lunes a realizar fichas m\u00e9dicas para los estudiantes en el CIC de barrio Los Olmos.","robots":{"index":"index","follow":"follow","max-snippet":"max-snippet:-1","max-image-preview":"max-image-preview:large","max-video-preview":"max-video-preview:-1"},"canonical":"http:\/\/elregionalvm.com.ar\/noticias-villa-maria\/realizaran-fichas-medicas-escolares-en-el-cic-de-barrio-los-olmos\/","og_locale":"es_ES","og_type":"article","og_title":"Realizar\u00e1n fichas m\u00e9dicas escolares en el CIC de Barrio Los Olmos - El Regional","og_description":"Personal del Hospital Villa Nueva comenzar\u00e1 el lunes a realizar fichas m\u00e9dicas para los estudiantes en el CIC de barrio Los Olmos.","og_url":"http:\/\/elregionalvm.com.ar\/noticias-villa-maria\/realizaran-fichas-medicas-escolares-en-el-cic-de-barrio-los-olmos\/","og_site_name":"El Regional","article_publisher":"https:\/\/www.facebook.com\/elregionalvm","article_published_time":"2021-03-20T18:55:35+00:00","article_modified_time":"2021-03-20T18:55:36+00:00","og_image":[{"width":792,"height":465,"url":"http:\/\/elregionalvm.com.ar\/noticias-villa-maria\/wp-content\/uploads\/2021\/03\/Cic-Los-Olmos-Villa-Nueva.jpg","type":"image\/jpeg"}],"author":"Contenidos El Regional","twitter_card":"summary_large_image","twitter_creator":"@elregionalvm1","twitter_site":"@elregionalvm1","twitter_misc":{"Escrito por":"Contenidos El Regional","Tiempo de lectura":"2 minutos"},"schema":{"@context":"https:\/\/schema.org","@graph":[{"@type":"Article","@id":"http:\/\/elregionalvm.com.ar\/noticias-villa-maria\/realizaran-fichas-medicas-escolares-en-el-cic-de-barrio-los-olmos\/#article","isPartOf":{"@id":"http:\/\/elregionalvm.com.ar\/noticias-villa-maria\/realizaran-fichas-medicas-escolares-en-el-cic-de-barrio-los-olmos\/"},"author":{"name":"Contenidos El Regional","@id":"http:\/\/elregionalvm.com.ar\/noticias-villa-maria\/#\/schema\/person\/a0fb9c422317faca23d50163151bc354"},"headline":"Realizar\u00e1n fichas m\u00e9dicas escolares en el CIC de Barrio Los Olmos","datePublished":"2021-03-20T18:55:35+00:00","dateModified":"2021-03-20T18:55:36+00:00","mainEntityOfPage":{"@id":"http:\/\/elregionalvm.com.ar\/noticias-villa-maria\/realizaran-fichas-medicas-escolares-en-el-cic-de-barrio-los-olmos\/"},"wordCount":258,"commentCount":0,"image":{"@id":"http:\/\/elregionalvm.com.ar\/noticias-villa-maria\/realizaran-fichas-medicas-escolares-en-el-cic-de-barrio-los-olmos\/#primaryimage"},"thumbnailUrl":"https:\/\/i0.wp.com\/elregionalvm.com.ar\/noticias-villa-maria\/wp-content\/uploads\/2021\/03\/Cic-Los-Olmos-Villa-Nueva.jpg?fit=792%2C465&ssl=1","keywords":["estudiantes","ficha m\u00e9dica","Los Olmos","VILLA NUEVA"],"articleSection":["Villa Nueva"],"inLanguage":"es","potentialAction":[{"@type":"CommentAction","name":"Comment","target":["http:\/\/elregionalvm.com.ar\/noticias-villa-maria\/realizaran-fichas-medicas-escolares-en-el-cic-de-barrio-los-olmos\/#respond"]}]},{"@type":"WebPage","@id":"http:\/\/elregionalvm.com.ar\/noticias-villa-maria\/realizaran-fichas-medicas-escolares-en-el-cic-de-barrio-los-olmos\/","url":"http:\/\/elregionalvm.com.ar\/noticias-villa-maria\/realizaran-fichas-medicas-escolares-en-el-cic-de-barrio-los-olmos\/","name":"Realizar\u00e1n fichas m\u00e9dicas escolares en el CIC de Barrio Los Olmos - El Regional","isPartOf":{"@id":"http:\/\/elregionalvm.com.ar\/noticias-villa-maria\/#website"},"primaryImageOfPage":{"@id":"http:\/\/elregionalvm.com.ar\/noticias-villa-maria\/realizaran-fichas-medicas-escolares-en-el-cic-de-barrio-los-olmos\/#primaryimage"},"image":{"@id":"http:\/\/elregionalvm.com.ar\/noticias-villa-maria\/realizaran-fichas-medicas-escolares-en-el-cic-de-barrio-los-olmos\/#primaryimage"},"thumbnailUrl":"https:\/\/i0.wp.com\/elregionalvm.com.ar\/noticias-villa-maria\/wp-content\/uploads\/2021\/03\/Cic-Los-Olmos-Villa-Nueva.jpg?fit=792%2C465&ssl=1","datePublished":"2021-03-20T18:55:35+00:00","dateModified":"2021-03-20T18:55:36+00:00","author":{"@id":"http:\/\/elregionalvm.com.ar\/noticias-villa-maria\/#\/schema\/person\/a0fb9c422317faca23d50163151bc354"},"description":"Personal del Hospital Villa Nueva comenzar\u00e1 el lunes a realizar fichas m\u00e9dicas para los estudiantes en el CIC de barrio Los Olmos.","breadcrumb":{"@id":"http:\/\/elregionalvm.com.ar\/noticias-villa-maria\/realizaran-fichas-medicas-escolares-en-el-cic-de-barrio-los-olmos\/#breadcrumb"},"inLanguage":"es","potentialAction":[{"@type":"ReadAction","target":["http:\/\/elregionalvm.com.ar\/noticias-villa-maria\/realizaran-fichas-medicas-escolares-en-el-cic-de-barrio-los-olmos\/"]}]},{"@type":"ImageObject","inLanguage":"es","@id":"http:\/\/elregionalvm.com.ar\/noticias-villa-maria\/realizaran-fichas-medicas-escolares-en-el-cic-de-barrio-los-olmos\/#primaryimage","url":"https:\/\/i0.wp.com\/elregionalvm.com.ar\/noticias-villa-maria\/wp-content\/uploads\/2021\/03\/Cic-Los-Olmos-Villa-Nueva.jpg?fit=792%2C465&ssl=1","contentUrl":"https:\/\/i0.wp.com\/elregionalvm.com.ar\/noticias-villa-maria\/wp-content\/uploads\/2021\/03\/Cic-Los-Olmos-Villa-Nueva.jpg?fit=792%2C465&ssl=1","width":792,"height":465},{"@type":"BreadcrumbList","@id":"http:\/\/elregionalvm.com.ar\/noticias-villa-maria\/realizaran-fichas-medicas-escolares-en-el-cic-de-barrio-los-olmos\/#breadcrumb","itemListElement":[{"@type":"ListItem","position":1,"name":"Portada","item":"https:\/\/elregionalvm.com.ar\/noticias-villa-maria\/"},{"@type":"ListItem","position":2,"name":"Realizar\u00e1n fichas m\u00e9dicas escolares en el CIC de Barrio Los Olmos"}]},{"@type":"WebSite","@id":"http:\/\/elregionalvm.com.ar\/noticias-villa-maria\/#website","url":"http:\/\/elregionalvm.com.ar\/noticias-villa-maria\/","name":"El Regional","description":"Mucho m\u00e1s que informaci\u00f3n","potentialAction":[{"@type":"SearchAction","target":{"@type":"EntryPoint","urlTemplate":"http:\/\/elregionalvm.com.ar\/noticias-villa-maria\/?s={search_term_string}"},"query-input":{"@type":"PropertyValueSpecification","valueRequired":true,"valueName":"search_term_string"}}],"inLanguage":"es"},{"@type":"Person","@id":"http:\/\/elregionalvm.com.ar\/noticias-villa-maria\/#\/schema\/person\/a0fb9c422317faca23d50163151bc354","name":"Contenidos El Regional","image":{"@type":"ImageObject","inLanguage":"es","@id":"http:\/\/elregionalvm.com.ar\/noticias-villa-maria\/#\/schema\/person\/image\/","url":"https:\/\/secure.gravatar.com\/avatar\/265b27cb2209af7bb3a1318f03305787d7981a5cc6e6cd08fe5a4ecdf99d4b48?s=96&d=mm&r=g","contentUrl":"https:\/\/secure.gravatar.com\/avatar\/265b27cb2209af7bb3a1318f03305787d7981a5cc6e6cd08fe5a4ecdf99d4b48?s=96&d=mm&r=g","caption":"Contenidos El Regional"},"url":"https:\/\/elregionalvm.com.ar\/noticias-villa-maria\/author\/contenido\/"}]}},"jetpack_featured_media_url":"https:\/\/i0.wp.com\/elregionalvm.com.ar\/noticias-villa-maria\/wp-content\/uploads\/2021\/03\/Cic-Los-Olmos-Villa-Nueva.jpg?fit=792%2C465&ssl=1","jetpack_sharing_enabled":true,"_links":{"self":[{"href":"https:\/\/elregionalvm.com.ar\/noticias-villa-maria\/wp-json\/wp\/v2\/posts\/34523","targetHints":{"allow":["GET"]}}],"collection":[{"href":"https:\/\/elregionalvm.com.ar\/noticias-villa-maria\/wp-json\/wp\/v2\/posts"}],"about":[{"href":"https:\/\/elregionalvm.com.ar\/noticias-villa-maria\/wp-json\/wp\/v2\/types\/post"}],"author":[{"embeddable":true,"href":"https:\/\/elregionalvm.com.ar\/noticias-villa-maria\/wp-json\/wp\/v2\/users\/4"}],"replies":[{"embeddable":true,"href":"https:\/\/elregionalvm.com.ar\/noticias-villa-maria\/wp-json\/wp\/v2\/comments?post=34523"}],"version-history":[{"count":1,"href":"https:\/\/elregionalvm.com.ar\/noticias-villa-maria\/wp-json\/wp\/v2\/posts\/34523\/revisions"}],"predecessor-version":[{"id":34525,"href":"https:\/\/elregionalvm.com.ar\/noticias-villa-maria\/wp-json\/wp\/v2\/posts\/34523\/revisions\/34525"}],"wp:featuredmedia":[{"embeddable":true,"href":"https:\/\/elregionalvm.com.ar\/noticias-villa-maria\/wp-json\/wp\/v2\/media\/34524"}],"wp:attachment":[{"href":"https:\/\/elregionalvm.com.ar\/noticias-villa-maria\/wp-json\/wp\/v2\/media?parent=34523"}],"wp:term":[{"taxonomy":"category","embeddable":true,"href":"https:\/\/elregionalvm.com.ar\/noticias-villa-maria\/wp-json\/wp\/v2\/categories?post=34523"},{"taxonomy":"post_tag","embeddable":true,"href":"https:\/\/elregionalvm.com.ar\/noticias-villa-maria\/wp-json\/wp\/v2\/tags?post=34523"}],"curies":[{"name":"wp","href":"https:\/\/api.w.org\/{rel}","templated":true}]}}