{"id":35198,"date":"2021-04-01T18:42:24","date_gmt":"2021-04-01T18:42:24","guid":{"rendered":"https:\/\/elregionalvm.com.ar\/noticias-villa-maria\/?p=35198"},"modified":"2021-04-02T23:09:15","modified_gmt":"2021-04-02T23:09:15","slug":"que-es-la-obsolescencia-programada-y-por-que-deberia-enfurecernos-que-exista","status":"publish","type":"post","link":"https:\/\/elregionalvm.com.ar\/noticias-villa-maria\/que-es-la-obsolescencia-programada-y-por-que-deberia-enfurecernos-que-exista\/","title":{"rendered":"\u00bfQu\u00e9 es la obsolescencia programada y por qu\u00e9 deber\u00eda enfurecernos que exista?"},"content":{"rendered":"\n<p><em>Si sabes lo que es, seguramente ya est\u00e1s furioso. Si no lo sabes, enterate aqu\u00ed y conoc\u00e9 lo que puedes hacer<\/em>.<\/p>\n\n\n\n<p><\/p>\n\n\n\n<p><br>Detr\u00e1s de tu\u00a0dispositivo descompuesto, o del foco  fundido de tu habitaci\u00f3n,\u00a0<strong>se encuentra la obsolescencia programada<\/strong>: una vil planificaci\u00f3n que pone fecha de defunci\u00f3n a muchos de nuestros productos, y que incentiva el consumismo de manera voraz.<\/p>\n\n\n\n<p>Todo empez\u00f3 como una justificaci\u00f3n para salir de la gran depresi\u00f3n durante los a\u00f1os 30 del siglo XX, cuando el agente inmobiliario&nbsp;<a href=\"https:\/\/es.wikipedia.org\/wiki\/Bernard_London\" target=\"_blank\" rel=\"noreferrer noopener\"><strong>Bernard London<\/strong><\/a>&nbsp;<strong>elabor\u00f3 el concepto de \u201cobsolescencia programada\u201d<\/strong>, es decir: una programaci\u00f3n consciente que determina la vida \u00fatil de un producto. En aquel entonces, los empresarios lo aplicaron a las bombillas. \u00c9stas duraban mucho m\u00e1s tiempo del que ahora estamos acostumbrados.<\/p>\n\n\n\n<p><strong>Existe un foco en California que lleva prendida m\u00e1s de 100 a\u00f1os. En el 2015 le hicieron la \u201cfiesta del mill\u00f3n\u201d, en honor al mill\u00f3n de horas que lleva irradiando luz.<\/strong><\/p>\n\n\n\n<div class=\"wp-block-image\"><figure class=\"aligncenter\"><img data-recalc-dims=\"1\" decoding=\"async\" src=\"https:\/\/i0.wp.com\/ecoosfera.com\/wp-content\/imagenes\/2018\/03\/ctbulb.jpg?ssl=1\" alt=\"obsolescencia-programada-que-es-consumismo-basura-tecnologia\" class=\"wp-image-45967\"\/><\/figure><\/div>\n\n\n\n<p>Esto cambi\u00f3, y los fabricantes de bombillas comenzaron a hacer productos que no alcanzaban las mil horas.&nbsp;<strong>Pero la obsolescencia programada no se limita a las bombillas<\/strong>. Ahora que la tecnolog\u00eda se ha posicionado en nuestra vida como un&nbsp;<em>must<\/em>, la obsolescencia ha alcanzado niveles realmente obscenos. Hemos visto ejemplos de ella en decenas de&nbsp;<em>gadgets&nbsp;<\/em>y herramientas, por ejemplo:<\/p>\n\n\n\n<ul class=\"wp-block-list\"><li><strong>Los iPods<\/strong><\/li><\/ul>\n\n\n\n<p><strong>Sus bater\u00edas dejaban de funcionar justo pasada la garant\u00eda. Como era imposible repararlo, hab\u00eda que comprar uno nuevo.<\/strong><\/p>\n\n\n\n<ul class=\"wp-block-list\"><li><strong>Las impresoras<\/strong><\/li><\/ul>\n\n\n\n<p><strong>Los fabricantes colocan al interior de las impresoras una esponja que absorbe la tinta sobrante de cada impresi\u00f3n. Cuando \u00e9sta se llena, la impresora deja de funcionar. En el servicio t\u00e9cnico, invariablemente, sugieren comprar una nueva.<\/strong><\/p>\n\n\n\n<ul class=\"wp-block-list\"><li><strong>Las medias<\/strong><\/li><\/ul>\n\n\n\n<p><strong>\u00c9stas eran hechas de&nbsp;<em>nylon<\/em>, lo que las hac\u00eda casi indestructibles, o por lo menos m\u00e1s durables, como cualquier prenda. La marca DuPont redise\u00f1\u00f3 el material para hacerlo m\u00e1s fr\u00e1gil y elevar sus ventas.<\/strong><\/p>\n\n\n\n<p>Pero las empresas han ido m\u00e1s lejos todav\u00eda: no s\u00f3lo programan los productos&nbsp;<strong>sino, a veces, tambi\u00e9n nuestras mentes<\/strong>. Esta es la obsolescencia del deseo: la caducidad que nosotros ponemos a la ropa, a los celulares o a los autom\u00f3viles, que cambiamos irresponsablemente cada a\u00f1o o menos.<\/p>\n\n\n\n<p>Esto tiene grav\u00edsimas consecuencias ecol\u00f3gicas, pues la basura que genera este esquizofr\u00e9nico consumo est\u00e1 inundando hect\u00e1reas enteras de territorio: en el 2014,&nbsp;<strong><a href=\"https:\/\/ecoosfera.com\/2015\/04\/2014-fue-ano-record-en-la-generacion-de-basura-electronica-2-veces-las-distancia-entre-tokio-y-nueva-york\/\" target=\"_blank\" rel=\"noreferrer noopener\">la chatarra producida ocupaba lo mismo que dos veces la distancia entre Tokio y Nueva York<\/a><\/strong>, y s\u00f3lo se recicl\u00f3 el 17%. A esto se suma la basura org\u00e1nica que se desecha por la obsolescencia alimentaria, es decir, la fecha de consumo preferente, que es una caducidad enga\u00f1osa, no basada en la integridad de las virtudes nutritivas y sanitarias reales de la comida.<\/p>\n\n\n\n<h2 class=\"wp-block-heading\"><strong>\u00bfQu\u00e9 hacer, adem\u00e1s de enfurecernos?<\/strong><\/h2>\n\n\n\n<figure class=\"wp-block-image\" id=\"attachment_45966\"><img data-recalc-dims=\"1\" decoding=\"async\" src=\"https:\/\/i0.wp.com\/ecoosfera.com\/wp-content\/imagenes\/2018\/03\/Captura-de-pantalla-de-2017-01-08-201129.png?ssl=1\" alt=\"obsolescencia-programada-que-es-consumismo-basura-tecnologia\" class=\"wp-image-45966\"\/><figcaption>Im\u00e1gen: Christopher Dombres<\/figcaption><\/figure>\n\n\n\n<p>La obsolescencia programada no se resolver\u00e1 s\u00f3lo con el avance de tecnolog\u00edas de reciclaje, ni a partir de econom\u00edas circulares (y tampoco s\u00f3lo con nuestra furia). Debemos comprender que&nbsp;<strong>ning\u00fan recurso es infinito<\/strong>&nbsp;y que, por ende \u2013aunque exista el reciclaje\u2013, debemos consumir a tono con ello y ser resilientes.<\/p>\n\n\n\n<p>Modificar nuestros h\u00e1bitos de consumo es, por ello, primordial:&nbsp;<strong>no dejarnos llevar por el banal deseo del consumo, y buscar&nbsp;<a href=\"https:\/\/suum.mx\/\" target=\"_blank\" rel=\"noreferrer noopener\">comprar productos cuya obsolescencia no est\u00e9 programada<\/a><\/strong>. Para esto, es bueno apoyar las econom\u00edas locales y comprar productos artesanales de los cuales podamos saber su procedencia. Si sumamos a esto las compras de segunda mano \u00ad\u2013para darle una segunda vida a los productos que los dem\u00e1s ya no ocupan\u2013 estaremos aportando mucho a la lucha contra la obsolescencia programada, uno de los m\u00e1s viles residuos del capitalismo.<\/p>\n\n\n\n<p><strong><em>*Im\u00e1gen principal: Tumblr\u00a0<a href=\"http:\/\/gepflanzteobsoleszenz.tumblr.com\/\" target=\"_blank\" rel=\"noreferrer noopener\">gepflanzteobsoleszenz<\/a><\/em><\/strong><\/p>\n\n\n\n<p><em>Fuente: ecoosfera.com<\/em><\/p>\n","protected":false},"excerpt":{"rendered":"<p>Si sabes lo que es, seguramente ya est\u00e1s furioso. Si no lo sabes, enterate aqu\u00ed y conoc\u00e9 lo que puedes hacer. Detr\u00e1s de tu\u00a0dispositivo descompuesto, o del foco fundido de tu habitaci\u00f3n,\u00a0se encuentra la obsolescencia programada: una vil planificaci\u00f3n que pone fecha de defunci\u00f3n a muchos de nuestros productos, y que incentiva el consumismo de [&hellip;]<\/p>\n","protected":false},"author":4,"featured_media":35199,"comment_status":"open","ping_status":"open","sticky":false,"template":"","format":"standard","meta":{"site-sidebar-layout":"default","site-content-layout":"default","ast-site-content-layout":"default","site-content-style":"default","site-sidebar-style":"default","ast-global-header-display":"","ast-banner-title-visibility":"","ast-main-header-display":"","ast-hfb-above-header-display":"","ast-hfb-below-header-display":"","ast-hfb-mobile-header-display":"","site-post-title":"","ast-breadcrumbs-content":"","ast-featured-img":"","footer-sml-layout":"","ast-disable-related-posts":"","theme-transparent-header-meta":"default","adv-header-id-meta":"","stick-header-meta":"","header-above-stick-meta":"","header-main-stick-meta":"","header-below-stick-meta":"","astra-migrate-meta-layouts":"default","ast-page-background-enabled":"default","ast-page-background-meta":{"desktop":{"background-color":"","background-image":"","background-repeat":"repeat","background-position":"center center","background-size":"auto","background-attachment":"scroll","background-type":"","background-media":"","overlay-type":"","overlay-color":"","overlay-opacity":"","overlay-gradient":""},"tablet":{"background-color":"","background-image":"","background-repeat":"repeat","background-position":"center center","background-size":"auto","background-attachment":"scroll","background-type":"","background-media":"","overlay-type":"","overlay-color":"","overlay-opacity":"","overlay-gradient":""},"mobile":{"background-color":"","background-image":"","background-repeat":"repeat","background-position":"center center","background-size":"auto","background-attachment":"scroll","background-type":"","background-media":"","overlay-type":"","overlay-color":"","overlay-opacity":"","overlay-gradient":""}},"ast-content-background-meta":{"desktop":{"background-color":"var(--ast-global-color-5)","background-image":"","background-repeat":"repeat","background-position":"center center","background-size":"auto","background-attachment":"scroll","background-type":"","background-media":"","overlay-type":"","overlay-color":"","overlay-opacity":"","overlay-gradient":""},"tablet":{"background-color":"var(--ast-global-color-5)","background-image":"","background-repeat":"repeat","background-position":"center center","background-size":"auto","background-attachment":"scroll","background-type":"","background-media":"","overlay-type":"","overlay-color":"","overlay-opacity":"","overlay-gradient":""},"mobile":{"background-color":"var(--ast-global-color-5)","background-image":"","background-repeat":"repeat","background-position":"center center","background-size":"auto","background-attachment":"scroll","background-type":"","background-media":"","overlay-type":"","overlay-color":"","overlay-opacity":"","overlay-gradient":""}},"_jetpack_memberships_contains_paid_content":false,"_joinchat":[],"footnotes":""},"categories":[4777,2323],"tags":[8061,1232,8060],"class_list":["post-35198","post","type-post","status-publish","format-standard","has-post-thumbnail","hentry","category-econotas","category-notas-secundarias","tag-consumo","tag-destacado","tag-obsolescencia"],"yoast_head":"<!-- This site is optimized with the Yoast SEO plugin v26.8 - https:\/\/yoast.com\/product\/yoast-seo-wordpress\/ -->\n<title>\u00bfQu\u00e9 es la obsolescencia programada y por qu\u00e9 deber\u00eda enfurecernos que exista? - El Regional<\/title>\n<meta name=\"robots\" content=\"index, follow, max-snippet:-1, max-image-preview:large, max-video-preview:-1\" \/>\n<link rel=\"canonical\" href=\"http:\/\/elregionalvm.com.ar\/noticias-villa-maria\/que-es-la-obsolescencia-programada-y-por-que-deberia-enfurecernos-que-exista\/\" \/>\n<meta property=\"og:locale\" content=\"es_ES\" \/>\n<meta property=\"og:type\" content=\"article\" \/>\n<meta property=\"og:title\" content=\"\u00bfQu\u00e9 es la obsolescencia programada y por qu\u00e9 deber\u00eda enfurecernos que exista? - El Regional\" \/>\n<meta property=\"og:description\" content=\"Si sabes lo que es, seguramente ya est\u00e1s furioso. Si no lo sabes, enterate aqu\u00ed y conoc\u00e9 lo que puedes hacer. Detr\u00e1s de tu\u00a0dispositivo descompuesto, o del foco fundido de tu habitaci\u00f3n,\u00a0se encuentra la obsolescencia programada: una vil planificaci\u00f3n que pone fecha de defunci\u00f3n a muchos de nuestros productos, y que incentiva el consumismo de [&hellip;]\" \/>\n<meta property=\"og:url\" content=\"http:\/\/elregionalvm.com.ar\/noticias-villa-maria\/que-es-la-obsolescencia-programada-y-por-que-deberia-enfurecernos-que-exista\/\" \/>\n<meta property=\"og:site_name\" content=\"El Regional\" \/>\n<meta property=\"article:publisher\" content=\"https:\/\/www.facebook.com\/elregionalvm\" \/>\n<meta property=\"article:published_time\" content=\"2021-04-01T18:42:24+00:00\" \/>\n<meta property=\"article:modified_time\" content=\"2021-04-02T23:09:15+00:00\" \/>\n<meta property=\"og:image\" content=\"http:\/\/elregionalvm.com.ar\/noticias-villa-maria\/wp-content\/uploads\/2021\/04\/1qo3hmQ-BQ4utgM5T02P8OQ.jpeg\" \/>\n\t<meta property=\"og:image:width\" content=\"1920\" \/>\n\t<meta property=\"og:image:height\" content=\"1231\" \/>\n\t<meta property=\"og:image:type\" content=\"image\/jpeg\" \/>\n<meta name=\"author\" content=\"Contenidos El Regional\" \/>\n<meta name=\"twitter:card\" content=\"summary_large_image\" \/>\n<meta name=\"twitter:creator\" content=\"@elregionalvm1\" \/>\n<meta name=\"twitter:site\" content=\"@elregionalvm1\" \/>\n<meta name=\"twitter:label1\" content=\"Escrito por\" \/>\n\t<meta name=\"twitter:data1\" content=\"Contenidos El Regional\" \/>\n\t<meta name=\"twitter:label2\" content=\"Tiempo de lectura\" \/>\n\t<meta name=\"twitter:data2\" content=\"3 minutos\" \/>\n<script type=\"application\/ld+json\" class=\"yoast-schema-graph\">{\"@context\":\"https:\/\/schema.org\",\"@graph\":[{\"@type\":\"Article\",\"@id\":\"http:\/\/elregionalvm.com.ar\/noticias-villa-maria\/que-es-la-obsolescencia-programada-y-por-que-deberia-enfurecernos-que-exista\/#article\",\"isPartOf\":{\"@id\":\"http:\/\/elregionalvm.com.ar\/noticias-villa-maria\/que-es-la-obsolescencia-programada-y-por-que-deberia-enfurecernos-que-exista\/\"},\"author\":{\"name\":\"Contenidos El Regional\",\"@id\":\"http:\/\/elregionalvm.com.ar\/noticias-villa-maria\/#\/schema\/person\/a0fb9c422317faca23d50163151bc354\"},\"headline\":\"\u00bfQu\u00e9 es la obsolescencia programada y por qu\u00e9 deber\u00eda enfurecernos que exista?\",\"datePublished\":\"2021-04-01T18:42:24+00:00\",\"dateModified\":\"2021-04-02T23:09:15+00:00\",\"mainEntityOfPage\":{\"@id\":\"http:\/\/elregionalvm.com.ar\/noticias-villa-maria\/que-es-la-obsolescencia-programada-y-por-que-deberia-enfurecernos-que-exista\/\"},\"wordCount\":661,\"commentCount\":0,\"image\":{\"@id\":\"http:\/\/elregionalvm.com.ar\/noticias-villa-maria\/que-es-la-obsolescencia-programada-y-por-que-deberia-enfurecernos-que-exista\/#primaryimage\"},\"thumbnailUrl\":\"https:\/\/i0.wp.com\/elregionalvm.com.ar\/noticias-villa-maria\/wp-content\/uploads\/2021\/04\/1qo3hmQ-BQ4utgM5T02P8OQ.jpeg?fit=1920%2C1231&ssl=1\",\"keywords\":[\"consumo\",\"destacado\",\"obsolescencia\"],\"articleSection\":[\"Econotas\",\"Notas\"],\"inLanguage\":\"es\",\"potentialAction\":[{\"@type\":\"CommentAction\",\"name\":\"Comment\",\"target\":[\"http:\/\/elregionalvm.com.ar\/noticias-villa-maria\/que-es-la-obsolescencia-programada-y-por-que-deberia-enfurecernos-que-exista\/#respond\"]}]},{\"@type\":\"WebPage\",\"@id\":\"http:\/\/elregionalvm.com.ar\/noticias-villa-maria\/que-es-la-obsolescencia-programada-y-por-que-deberia-enfurecernos-que-exista\/\",\"url\":\"http:\/\/elregionalvm.com.ar\/noticias-villa-maria\/que-es-la-obsolescencia-programada-y-por-que-deberia-enfurecernos-que-exista\/\",\"name\":\"\u00bfQu\u00e9 es la obsolescencia programada y por qu\u00e9 deber\u00eda enfurecernos que exista? - El Regional\",\"isPartOf\":{\"@id\":\"http:\/\/elregionalvm.com.ar\/noticias-villa-maria\/#website\"},\"primaryImageOfPage\":{\"@id\":\"http:\/\/elregionalvm.com.ar\/noticias-villa-maria\/que-es-la-obsolescencia-programada-y-por-que-deberia-enfurecernos-que-exista\/#primaryimage\"},\"image\":{\"@id\":\"http:\/\/elregionalvm.com.ar\/noticias-villa-maria\/que-es-la-obsolescencia-programada-y-por-que-deberia-enfurecernos-que-exista\/#primaryimage\"},\"thumbnailUrl\":\"https:\/\/i0.wp.com\/elregionalvm.com.ar\/noticias-villa-maria\/wp-content\/uploads\/2021\/04\/1qo3hmQ-BQ4utgM5T02P8OQ.jpeg?fit=1920%2C1231&ssl=1\",\"datePublished\":\"2021-04-01T18:42:24+00:00\",\"dateModified\":\"2021-04-02T23:09:15+00:00\",\"author\":{\"@id\":\"http:\/\/elregionalvm.com.ar\/noticias-villa-maria\/#\/schema\/person\/a0fb9c422317faca23d50163151bc354\"},\"breadcrumb\":{\"@id\":\"http:\/\/elregionalvm.com.ar\/noticias-villa-maria\/que-es-la-obsolescencia-programada-y-por-que-deberia-enfurecernos-que-exista\/#breadcrumb\"},\"inLanguage\":\"es\",\"potentialAction\":[{\"@type\":\"ReadAction\",\"target\":[\"http:\/\/elregionalvm.com.ar\/noticias-villa-maria\/que-es-la-obsolescencia-programada-y-por-que-deberia-enfurecernos-que-exista\/\"]}]},{\"@type\":\"ImageObject\",\"inLanguage\":\"es\",\"@id\":\"http:\/\/elregionalvm.com.ar\/noticias-villa-maria\/que-es-la-obsolescencia-programada-y-por-que-deberia-enfurecernos-que-exista\/#primaryimage\",\"url\":\"https:\/\/i0.wp.com\/elregionalvm.com.ar\/noticias-villa-maria\/wp-content\/uploads\/2021\/04\/1qo3hmQ-BQ4utgM5T02P8OQ.jpeg?fit=1920%2C1231&ssl=1\",\"contentUrl\":\"https:\/\/i0.wp.com\/elregionalvm.com.ar\/noticias-villa-maria\/wp-content\/uploads\/2021\/04\/1qo3hmQ-BQ4utgM5T02P8OQ.jpeg?fit=1920%2C1231&ssl=1\",\"width\":1920,\"height\":1231},{\"@type\":\"BreadcrumbList\",\"@id\":\"http:\/\/elregionalvm.com.ar\/noticias-villa-maria\/que-es-la-obsolescencia-programada-y-por-que-deberia-enfurecernos-que-exista\/#breadcrumb\",\"itemListElement\":[{\"@type\":\"ListItem\",\"position\":1,\"name\":\"Portada\",\"item\":\"https:\/\/elregionalvm.com.ar\/noticias-villa-maria\/\"},{\"@type\":\"ListItem\",\"position\":2,\"name\":\"\u00bfQu\u00e9 es la obsolescencia programada y por qu\u00e9 deber\u00eda enfurecernos que exista?\"}]},{\"@type\":\"WebSite\",\"@id\":\"http:\/\/elregionalvm.com.ar\/noticias-villa-maria\/#website\",\"url\":\"http:\/\/elregionalvm.com.ar\/noticias-villa-maria\/\",\"name\":\"El Regional\",\"description\":\"Mucho m\u00e1s que informaci\u00f3n\",\"potentialAction\":[{\"@type\":\"SearchAction\",\"target\":{\"@type\":\"EntryPoint\",\"urlTemplate\":\"http:\/\/elregionalvm.com.ar\/noticias-villa-maria\/?s={search_term_string}\"},\"query-input\":{\"@type\":\"PropertyValueSpecification\",\"valueRequired\":true,\"valueName\":\"search_term_string\"}}],\"inLanguage\":\"es\"},{\"@type\":\"Person\",\"@id\":\"http:\/\/elregionalvm.com.ar\/noticias-villa-maria\/#\/schema\/person\/a0fb9c422317faca23d50163151bc354\",\"name\":\"Contenidos El Regional\",\"image\":{\"@type\":\"ImageObject\",\"inLanguage\":\"es\",\"@id\":\"http:\/\/elregionalvm.com.ar\/noticias-villa-maria\/#\/schema\/person\/image\/\",\"url\":\"https:\/\/secure.gravatar.com\/avatar\/265b27cb2209af7bb3a1318f03305787d7981a5cc6e6cd08fe5a4ecdf99d4b48?s=96&d=mm&r=g\",\"contentUrl\":\"https:\/\/secure.gravatar.com\/avatar\/265b27cb2209af7bb3a1318f03305787d7981a5cc6e6cd08fe5a4ecdf99d4b48?s=96&d=mm&r=g\",\"caption\":\"Contenidos El Regional\"},\"url\":\"https:\/\/elregionalvm.com.ar\/noticias-villa-maria\/author\/contenido\/\"}]}<\/script>\n<!-- \/ Yoast SEO plugin. -->","yoast_head_json":{"title":"\u00bfQu\u00e9 es la obsolescencia programada y por qu\u00e9 deber\u00eda enfurecernos que exista? - El Regional","robots":{"index":"index","follow":"follow","max-snippet":"max-snippet:-1","max-image-preview":"max-image-preview:large","max-video-preview":"max-video-preview:-1"},"canonical":"http:\/\/elregionalvm.com.ar\/noticias-villa-maria\/que-es-la-obsolescencia-programada-y-por-que-deberia-enfurecernos-que-exista\/","og_locale":"es_ES","og_type":"article","og_title":"\u00bfQu\u00e9 es la obsolescencia programada y por qu\u00e9 deber\u00eda enfurecernos que exista? - El Regional","og_description":"Si sabes lo que es, seguramente ya est\u00e1s furioso. Si no lo sabes, enterate aqu\u00ed y conoc\u00e9 lo que puedes hacer. Detr\u00e1s de tu\u00a0dispositivo descompuesto, o del foco fundido de tu habitaci\u00f3n,\u00a0se encuentra la obsolescencia programada: una vil planificaci\u00f3n que pone fecha de defunci\u00f3n a muchos de nuestros productos, y que incentiva el consumismo de [&hellip;]","og_url":"http:\/\/elregionalvm.com.ar\/noticias-villa-maria\/que-es-la-obsolescencia-programada-y-por-que-deberia-enfurecernos-que-exista\/","og_site_name":"El Regional","article_publisher":"https:\/\/www.facebook.com\/elregionalvm","article_published_time":"2021-04-01T18:42:24+00:00","article_modified_time":"2021-04-02T23:09:15+00:00","og_image":[{"width":1920,"height":1231,"url":"http:\/\/elregionalvm.com.ar\/noticias-villa-maria\/wp-content\/uploads\/2021\/04\/1qo3hmQ-BQ4utgM5T02P8OQ.jpeg","type":"image\/jpeg"}],"author":"Contenidos El Regional","twitter_card":"summary_large_image","twitter_creator":"@elregionalvm1","twitter_site":"@elregionalvm1","twitter_misc":{"Escrito por":"Contenidos El Regional","Tiempo de lectura":"3 minutos"},"schema":{"@context":"https:\/\/schema.org","@graph":[{"@type":"Article","@id":"http:\/\/elregionalvm.com.ar\/noticias-villa-maria\/que-es-la-obsolescencia-programada-y-por-que-deberia-enfurecernos-que-exista\/#article","isPartOf":{"@id":"http:\/\/elregionalvm.com.ar\/noticias-villa-maria\/que-es-la-obsolescencia-programada-y-por-que-deberia-enfurecernos-que-exista\/"},"author":{"name":"Contenidos El Regional","@id":"http:\/\/elregionalvm.com.ar\/noticias-villa-maria\/#\/schema\/person\/a0fb9c422317faca23d50163151bc354"},"headline":"\u00bfQu\u00e9 es la obsolescencia programada y por qu\u00e9 deber\u00eda enfurecernos que exista?","datePublished":"2021-04-01T18:42:24+00:00","dateModified":"2021-04-02T23:09:15+00:00","mainEntityOfPage":{"@id":"http:\/\/elregionalvm.com.ar\/noticias-villa-maria\/que-es-la-obsolescencia-programada-y-por-que-deberia-enfurecernos-que-exista\/"},"wordCount":661,"commentCount":0,"image":{"@id":"http:\/\/elregionalvm.com.ar\/noticias-villa-maria\/que-es-la-obsolescencia-programada-y-por-que-deberia-enfurecernos-que-exista\/#primaryimage"},"thumbnailUrl":"https:\/\/i0.wp.com\/elregionalvm.com.ar\/noticias-villa-maria\/wp-content\/uploads\/2021\/04\/1qo3hmQ-BQ4utgM5T02P8OQ.jpeg?fit=1920%2C1231&ssl=1","keywords":["consumo","destacado","obsolescencia"],"articleSection":["Econotas","Notas"],"inLanguage":"es","potentialAction":[{"@type":"CommentAction","name":"Comment","target":["http:\/\/elregionalvm.com.ar\/noticias-villa-maria\/que-es-la-obsolescencia-programada-y-por-que-deberia-enfurecernos-que-exista\/#respond"]}]},{"@type":"WebPage","@id":"http:\/\/elregionalvm.com.ar\/noticias-villa-maria\/que-es-la-obsolescencia-programada-y-por-que-deberia-enfurecernos-que-exista\/","url":"http:\/\/elregionalvm.com.ar\/noticias-villa-maria\/que-es-la-obsolescencia-programada-y-por-que-deberia-enfurecernos-que-exista\/","name":"\u00bfQu\u00e9 es la obsolescencia programada y por qu\u00e9 deber\u00eda enfurecernos que exista? - El Regional","isPartOf":{"@id":"http:\/\/elregionalvm.com.ar\/noticias-villa-maria\/#website"},"primaryImageOfPage":{"@id":"http:\/\/elregionalvm.com.ar\/noticias-villa-maria\/que-es-la-obsolescencia-programada-y-por-que-deberia-enfurecernos-que-exista\/#primaryimage"},"image":{"@id":"http:\/\/elregionalvm.com.ar\/noticias-villa-maria\/que-es-la-obsolescencia-programada-y-por-que-deberia-enfurecernos-que-exista\/#primaryimage"},"thumbnailUrl":"https:\/\/i0.wp.com\/elregionalvm.com.ar\/noticias-villa-maria\/wp-content\/uploads\/2021\/04\/1qo3hmQ-BQ4utgM5T02P8OQ.jpeg?fit=1920%2C1231&ssl=1","datePublished":"2021-04-01T18:42:24+00:00","dateModified":"2021-04-02T23:09:15+00:00","author":{"@id":"http:\/\/elregionalvm.com.ar\/noticias-villa-maria\/#\/schema\/person\/a0fb9c422317faca23d50163151bc354"},"breadcrumb":{"@id":"http:\/\/elregionalvm.com.ar\/noticias-villa-maria\/que-es-la-obsolescencia-programada-y-por-que-deberia-enfurecernos-que-exista\/#breadcrumb"},"inLanguage":"es","potentialAction":[{"@type":"ReadAction","target":["http:\/\/elregionalvm.com.ar\/noticias-villa-maria\/que-es-la-obsolescencia-programada-y-por-que-deberia-enfurecernos-que-exista\/"]}]},{"@type":"ImageObject","inLanguage":"es","@id":"http:\/\/elregionalvm.com.ar\/noticias-villa-maria\/que-es-la-obsolescencia-programada-y-por-que-deberia-enfurecernos-que-exista\/#primaryimage","url":"https:\/\/i0.wp.com\/elregionalvm.com.ar\/noticias-villa-maria\/wp-content\/uploads\/2021\/04\/1qo3hmQ-BQ4utgM5T02P8OQ.jpeg?fit=1920%2C1231&ssl=1","contentUrl":"https:\/\/i0.wp.com\/elregionalvm.com.ar\/noticias-villa-maria\/wp-content\/uploads\/2021\/04\/1qo3hmQ-BQ4utgM5T02P8OQ.jpeg?fit=1920%2C1231&ssl=1","width":1920,"height":1231},{"@type":"BreadcrumbList","@id":"http:\/\/elregionalvm.com.ar\/noticias-villa-maria\/que-es-la-obsolescencia-programada-y-por-que-deberia-enfurecernos-que-exista\/#breadcrumb","itemListElement":[{"@type":"ListItem","position":1,"name":"Portada","item":"https:\/\/elregionalvm.com.ar\/noticias-villa-maria\/"},{"@type":"ListItem","position":2,"name":"\u00bfQu\u00e9 es la obsolescencia programada y por qu\u00e9 deber\u00eda enfurecernos que exista?"}]},{"@type":"WebSite","@id":"http:\/\/elregionalvm.com.ar\/noticias-villa-maria\/#website","url":"http:\/\/elregionalvm.com.ar\/noticias-villa-maria\/","name":"El Regional","description":"Mucho m\u00e1s que informaci\u00f3n","potentialAction":[{"@type":"SearchAction","target":{"@type":"EntryPoint","urlTemplate":"http:\/\/elregionalvm.com.ar\/noticias-villa-maria\/?s={search_term_string}"},"query-input":{"@type":"PropertyValueSpecification","valueRequired":true,"valueName":"search_term_string"}}],"inLanguage":"es"},{"@type":"Person","@id":"http:\/\/elregionalvm.com.ar\/noticias-villa-maria\/#\/schema\/person\/a0fb9c422317faca23d50163151bc354","name":"Contenidos El Regional","image":{"@type":"ImageObject","inLanguage":"es","@id":"http:\/\/elregionalvm.com.ar\/noticias-villa-maria\/#\/schema\/person\/image\/","url":"https:\/\/secure.gravatar.com\/avatar\/265b27cb2209af7bb3a1318f03305787d7981a5cc6e6cd08fe5a4ecdf99d4b48?s=96&d=mm&r=g","contentUrl":"https:\/\/secure.gravatar.com\/avatar\/265b27cb2209af7bb3a1318f03305787d7981a5cc6e6cd08fe5a4ecdf99d4b48?s=96&d=mm&r=g","caption":"Contenidos El Regional"},"url":"https:\/\/elregionalvm.com.ar\/noticias-villa-maria\/author\/contenido\/"}]}},"jetpack_featured_media_url":"https:\/\/i0.wp.com\/elregionalvm.com.ar\/noticias-villa-maria\/wp-content\/uploads\/2021\/04\/1qo3hmQ-BQ4utgM5T02P8OQ.jpeg?fit=1920%2C1231&ssl=1","jetpack_sharing_enabled":true,"_links":{"self":[{"href":"https:\/\/elregionalvm.com.ar\/noticias-villa-maria\/wp-json\/wp\/v2\/posts\/35198","targetHints":{"allow":["GET"]}}],"collection":[{"href":"https:\/\/elregionalvm.com.ar\/noticias-villa-maria\/wp-json\/wp\/v2\/posts"}],"about":[{"href":"https:\/\/elregionalvm.com.ar\/noticias-villa-maria\/wp-json\/wp\/v2\/types\/post"}],"author":[{"embeddable":true,"href":"https:\/\/elregionalvm.com.ar\/noticias-villa-maria\/wp-json\/wp\/v2\/users\/4"}],"replies":[{"embeddable":true,"href":"https:\/\/elregionalvm.com.ar\/noticias-villa-maria\/wp-json\/wp\/v2\/comments?post=35198"}],"version-history":[{"count":1,"href":"https:\/\/elregionalvm.com.ar\/noticias-villa-maria\/wp-json\/wp\/v2\/posts\/35198\/revisions"}],"predecessor-version":[{"id":35200,"href":"https:\/\/elregionalvm.com.ar\/noticias-villa-maria\/wp-json\/wp\/v2\/posts\/35198\/revisions\/35200"}],"wp:featuredmedia":[{"embeddable":true,"href":"https:\/\/elregionalvm.com.ar\/noticias-villa-maria\/wp-json\/wp\/v2\/media\/35199"}],"wp:attachment":[{"href":"https:\/\/elregionalvm.com.ar\/noticias-villa-maria\/wp-json\/wp\/v2\/media?parent=35198"}],"wp:term":[{"taxonomy":"category","embeddable":true,"href":"https:\/\/elregionalvm.com.ar\/noticias-villa-maria\/wp-json\/wp\/v2\/categories?post=35198"},{"taxonomy":"post_tag","embeddable":true,"href":"https:\/\/elregionalvm.com.ar\/noticias-villa-maria\/wp-json\/wp\/v2\/tags?post=35198"}],"curies":[{"name":"wp","href":"https:\/\/api.w.org\/{rel}","templated":true}]}}