{"id":35206,"date":"2021-04-01T22:35:01","date_gmt":"2021-04-01T22:35:01","guid":{"rendered":"https:\/\/elregionalvm.com.ar\/noticias-villa-maria\/?p=35206"},"modified":"2021-04-01T22:35:02","modified_gmt":"2021-04-01T22:35:02","slug":"guadalupe-la-nina-que-limpio-la-plaza-de-barrio-lamadrid-fue-felicitada-por-las-autoridades-locales","status":"publish","type":"post","link":"https:\/\/elregionalvm.com.ar\/noticias-villa-maria\/guadalupe-la-nina-que-limpio-la-plaza-de-barrio-lamadrid-fue-felicitada-por-las-autoridades-locales\/","title":{"rendered":"Guadalupe, la ni\u00f1a que limpi\u00f3 la plaza de Barrio Lamadrid, fue felicitada por las autoridades locales"},"content":{"rendered":"\n<p>El intendente interino, Pablo Rosso, se reuni\u00f3 durante con Guadalupe Estrella Mart\u00ednez, la ni\u00f1a que durante agosto del a\u00f1o pasado tuvo la iniciativa de limpiar la plaza de su barrio, ubicada en calles Entre R\u00edos y Periodistas Argentinos, para generar concientizaci\u00f3n sobre el cuidado del espacio.<\/p>\n\n\n\n<p>El encuentro se produjo en el marco del recorrido que Rosso realiz\u00f3 por las obras que se llevan adelante en diferentes espacios verdes y recreativos de la ciudad. As\u00ed, en la plazoleta Ra\u00fal Mart\u00ednez, de barrio Lamadrid, el intendente interino dialog\u00f3 con Guadalupe y su pap\u00e1, Luciano Estrella, quienes le contaron sobre el accionar de la peque\u00f1a y su posterior repercusi\u00f3n a trav\u00e9s de las redes sociales y medios de comunicaci\u00f3n.<\/p>\n\n\n\n<p>En ese sector, y en el marco de las obras planificadas, en barrio Lamadrid el municipio acondicionar\u00e1 dos espacios: la mencionada plazoleta y la denominada Lucio Capdevilla, ubicada en calle Entre R\u00edos y Pablo Colabianchi.<\/p>\n\n\n\n<p>Rosso valor\u00f3 el acompa\u00f1amiento de la familia para con Guadalupe en su singular iniciativa, al mismo tiempo que resalt\u00f3 la importancia del compromiso que poseen los ni\u00f1os y ni\u00f1as con el cuidado del medioambiente. \u201cSon los chicos quienes m\u00e1s comprometidos est\u00e1n con estas causas, y los adultos tenemos mucho por aprender de ellos\u201d, asegur\u00f3.<\/p>\n\n\n\n<figure class=\"wp-block-image size-large\"><img data-recalc-dims=\"1\" fetchpriority=\"high\" decoding=\"async\" width=\"1024\" height=\"682\" src=\"https:\/\/i0.wp.com\/elregionalvm.com.ar\/noticias-villa-maria\/wp-content\/uploads\/2021\/04\/WhatsApp-Image-2021-04-01-at-10.51.37.jpeg?resize=1024%2C682&#038;ssl=1\" alt=\"\" class=\"wp-image-35208\" srcset=\"https:\/\/i0.wp.com\/elregionalvm.com.ar\/noticias-villa-maria\/wp-content\/uploads\/2021\/04\/WhatsApp-Image-2021-04-01-at-10.51.37.jpeg?resize=1024%2C682&amp;ssl=1 1024w, https:\/\/i0.wp.com\/elregionalvm.com.ar\/noticias-villa-maria\/wp-content\/uploads\/2021\/04\/WhatsApp-Image-2021-04-01-at-10.51.37.jpeg?resize=300%2C200&amp;ssl=1 300w, https:\/\/i0.wp.com\/elregionalvm.com.ar\/noticias-villa-maria\/wp-content\/uploads\/2021\/04\/WhatsApp-Image-2021-04-01-at-10.51.37.jpeg?resize=768%2C512&amp;ssl=1 768w, https:\/\/i0.wp.com\/elregionalvm.com.ar\/noticias-villa-maria\/wp-content\/uploads\/2021\/04\/WhatsApp-Image-2021-04-01-at-10.51.37.jpeg?w=1280&amp;ssl=1 1280w\" sizes=\"(max-width: 1000px) 100vw, 1000px\" \/><\/figure>\n\n\n\n<p>En este sentido, el pap\u00e1 de la ni\u00f1a cont\u00f3 que \u201cdurante el aislamiento obligatorio la plazoleta era el lugar verde m\u00e1s cercano para que los chicos puedan venir a jugar, y como estaba muy sucia, Guadalupe se propuso limpiarla\u201d. \u201cElla sola tom\u00f3 la decisi\u00f3n, y aunque le dije que iba a llevar bastante tiempo, quiso hacerlo de todos modos\u201d, relat\u00f3 Estrella.<\/p>\n\n\n\n<p>Fue as\u00ed que Guadalupe puso en marcha su objetivo y con ayuda de sus padres limpi\u00f3 la plazoleta, haciendo uso de guantes y bolsas de residuos. Luego, la ni\u00f1a peg\u00f3 carteles hechos por ella misma, invitando a los vecinos y vecinas a tomar conciencia y a cuidar entre todos el espacio p\u00fablico.<\/p>\n\n\n\n<p>Cabe recordar que el municipio se encuentra trabajando actualmente en dicho punto como as\u00ed tambi\u00e9n en diversas obras que se enmarcan en el Programa Mi Placita, impulsado por la Secretar\u00eda de Obras p\u00fablicas de la Naci\u00f3n. Las tareas prev\u00e9n la renovaci\u00f3n de espacios p\u00fablicos barriales, incluyendo la incorporaci\u00f3n de mobiliario, juegos, bebederos, parquizaci\u00f3n y otros elementos que hacen a la puesta en valor de las plazas y plazoletas.<\/p>\n","protected":false},"excerpt":{"rendered":"<p>El intendente interino, Pablo Rosso, se reuni\u00f3 durante con Guadalupe Estrella Mart\u00ednez, la ni\u00f1a que durante agosto del a\u00f1o pasado tuvo la iniciativa de limpiar la plaza de su barrio, ubicada en calles Entre R\u00edos y Periodistas Argentinos, para generar concientizaci\u00f3n sobre el cuidado del espacio. El encuentro se produjo en el marco del recorrido [&hellip;]<\/p>\n","protected":false},"author":4,"featured_media":35207,"comment_status":"open","ping_status":"open","sticky":false,"template":"","format":"standard","meta":{"site-sidebar-layout":"default","site-content-layout":"default","ast-site-content-layout":"default","site-content-style":"default","site-sidebar-style":"default","ast-global-header-display":"","ast-banner-title-visibility":"","ast-main-header-display":"","ast-hfb-above-header-display":"","ast-hfb-below-header-display":"","ast-hfb-mobile-header-display":"","site-post-title":"","ast-breadcrumbs-content":"","ast-featured-img":"","footer-sml-layout":"","ast-disable-related-posts":"","theme-transparent-header-meta":"default","adv-header-id-meta":"","stick-header-meta":"","header-above-stick-meta":"","header-main-stick-meta":"","header-below-stick-meta":"","astra-migrate-meta-layouts":"default","ast-page-background-enabled":"default","ast-page-background-meta":{"desktop":{"background-color":"","background-image":"","background-repeat":"repeat","background-position":"center center","background-size":"auto","background-attachment":"scroll","background-type":"","background-media":"","overlay-type":"","overlay-color":"","overlay-opacity":"","overlay-gradient":""},"tablet":{"background-color":"","background-image":"","background-repeat":"repeat","background-position":"center center","background-size":"auto","background-attachment":"scroll","background-type":"","background-media":"","overlay-type":"","overlay-color":"","overlay-opacity":"","overlay-gradient":""},"mobile":{"background-color":"","background-image":"","background-repeat":"repeat","background-position":"center center","background-size":"auto","background-attachment":"scroll","background-type":"","background-media":"","overlay-type":"","overlay-color":"","overlay-opacity":"","overlay-gradient":""}},"ast-content-background-meta":{"desktop":{"background-color":"var(--ast-global-color-5)","background-image":"","background-repeat":"repeat","background-position":"center center","background-size":"auto","background-attachment":"scroll","background-type":"","background-media":"","overlay-type":"","overlay-color":"","overlay-opacity":"","overlay-gradient":""},"tablet":{"background-color":"var(--ast-global-color-5)","background-image":"","background-repeat":"repeat","background-position":"center center","background-size":"auto","background-attachment":"scroll","background-type":"","background-media":"","overlay-type":"","overlay-color":"","overlay-opacity":"","overlay-gradient":""},"mobile":{"background-color":"var(--ast-global-color-5)","background-image":"","background-repeat":"repeat","background-position":"center center","background-size":"auto","background-attachment":"scroll","background-type":"","background-media":"","overlay-type":"","overlay-color":"","overlay-opacity":"","overlay-gradient":""}},"_jetpack_memberships_contains_paid_content":false,"_joinchat":[],"footnotes":""},"categories":[2],"tags":[8069,4295,1232,8068,8066,8067,8070,2248],"class_list":["post-35206","post","type-post","status-publish","format-standard","has-post-thumbnail","hentry","category-villa-maria","tag-autoridades-locales","tag-barrio-lamadrid","tag-destacado","tag-felicitada","tag-guadalupe","tag-limpio-su-plaza","tag-un-ejemplo","tag-villa-maria-2"],"yoast_head":"<!-- This site is optimized with the Yoast SEO plugin v26.8 - https:\/\/yoast.com\/product\/yoast-seo-wordpress\/ -->\n<title>Guadalupe, la ni\u00f1a que limpi\u00f3 la plaza de Barrio Lamadrid, fue felicitada por las autoridades locales - El Regional<\/title>\n<meta name=\"robots\" content=\"index, follow, max-snippet:-1, max-image-preview:large, max-video-preview:-1\" \/>\n<link rel=\"canonical\" href=\"http:\/\/elregionalvm.com.ar\/noticias-villa-maria\/guadalupe-la-nina-que-limpio-la-plaza-de-barrio-lamadrid-fue-felicitada-por-las-autoridades-locales\/\" \/>\n<meta property=\"og:locale\" content=\"es_ES\" \/>\n<meta property=\"og:type\" content=\"article\" \/>\n<meta property=\"og:title\" content=\"Guadalupe, la ni\u00f1a que limpi\u00f3 la plaza de Barrio Lamadrid, fue felicitada por las autoridades locales - El Regional\" \/>\n<meta property=\"og:description\" content=\"El intendente interino, Pablo Rosso, se reuni\u00f3 durante con Guadalupe Estrella Mart\u00ednez, la ni\u00f1a que durante agosto del a\u00f1o pasado tuvo la iniciativa de limpiar la plaza de su barrio, ubicada en calles Entre R\u00edos y Periodistas Argentinos, para generar concientizaci\u00f3n sobre el cuidado del espacio. El encuentro se produjo en el marco del recorrido [&hellip;]\" \/>\n<meta property=\"og:url\" content=\"http:\/\/elregionalvm.com.ar\/noticias-villa-maria\/guadalupe-la-nina-que-limpio-la-plaza-de-barrio-lamadrid-fue-felicitada-por-las-autoridades-locales\/\" \/>\n<meta property=\"og:site_name\" content=\"El Regional\" \/>\n<meta property=\"article:publisher\" content=\"https:\/\/www.facebook.com\/elregionalvm\" \/>\n<meta property=\"article:published_time\" content=\"2021-04-01T22:35:01+00:00\" \/>\n<meta property=\"article:modified_time\" content=\"2021-04-01T22:35:02+00:00\" \/>\n<meta property=\"og:image\" content=\"http:\/\/elregionalvm.com.ar\/noticias-villa-maria\/wp-content\/uploads\/2021\/04\/WhatsApp-Image-2021-04-01-at-10.51.38.jpeg\" \/>\n\t<meta property=\"og:image:width\" content=\"1280\" \/>\n\t<meta property=\"og:image:height\" content=\"853\" \/>\n\t<meta property=\"og:image:type\" content=\"image\/jpeg\" \/>\n<meta name=\"author\" content=\"Contenidos El Regional\" \/>\n<meta name=\"twitter:card\" content=\"summary_large_image\" \/>\n<meta name=\"twitter:creator\" content=\"@elregionalvm1\" \/>\n<meta name=\"twitter:site\" content=\"@elregionalvm1\" \/>\n<meta name=\"twitter:label1\" content=\"Escrito por\" \/>\n\t<meta name=\"twitter:data1\" content=\"Contenidos El Regional\" \/>\n\t<meta name=\"twitter:label2\" content=\"Tiempo de lectura\" \/>\n\t<meta name=\"twitter:data2\" content=\"2 minutos\" \/>\n<script type=\"application\/ld+json\" class=\"yoast-schema-graph\">{\"@context\":\"https:\/\/schema.org\",\"@graph\":[{\"@type\":\"Article\",\"@id\":\"http:\/\/elregionalvm.com.ar\/noticias-villa-maria\/guadalupe-la-nina-que-limpio-la-plaza-de-barrio-lamadrid-fue-felicitada-por-las-autoridades-locales\/#article\",\"isPartOf\":{\"@id\":\"http:\/\/elregionalvm.com.ar\/noticias-villa-maria\/guadalupe-la-nina-que-limpio-la-plaza-de-barrio-lamadrid-fue-felicitada-por-las-autoridades-locales\/\"},\"author\":{\"name\":\"Contenidos El Regional\",\"@id\":\"http:\/\/elregionalvm.com.ar\/noticias-villa-maria\/#\/schema\/person\/a0fb9c422317faca23d50163151bc354\"},\"headline\":\"Guadalupe, la ni\u00f1a que limpi\u00f3 la plaza de Barrio Lamadrid, fue felicitada por las autoridades locales\",\"datePublished\":\"2021-04-01T22:35:01+00:00\",\"dateModified\":\"2021-04-01T22:35:02+00:00\",\"mainEntityOfPage\":{\"@id\":\"http:\/\/elregionalvm.com.ar\/noticias-villa-maria\/guadalupe-la-nina-que-limpio-la-plaza-de-barrio-lamadrid-fue-felicitada-por-las-autoridades-locales\/\"},\"wordCount\":435,\"commentCount\":0,\"image\":{\"@id\":\"http:\/\/elregionalvm.com.ar\/noticias-villa-maria\/guadalupe-la-nina-que-limpio-la-plaza-de-barrio-lamadrid-fue-felicitada-por-las-autoridades-locales\/#primaryimage\"},\"thumbnailUrl\":\"https:\/\/i0.wp.com\/elregionalvm.com.ar\/noticias-villa-maria\/wp-content\/uploads\/2021\/04\/WhatsApp-Image-2021-04-01-at-10.51.38.jpeg?fit=1280%2C853&ssl=1\",\"keywords\":[\"autoridades locales\",\"Barrio Lamadrid\",\"destacado\",\"felicitada\",\"Guadalupe\",\"limpi\u00f3 su plaza\",\"un ejemplo\",\"Villa Mar\u00eda\"],\"articleSection\":[\"Villa Mar\u00eda\"],\"inLanguage\":\"es\",\"potentialAction\":[{\"@type\":\"CommentAction\",\"name\":\"Comment\",\"target\":[\"http:\/\/elregionalvm.com.ar\/noticias-villa-maria\/guadalupe-la-nina-que-limpio-la-plaza-de-barrio-lamadrid-fue-felicitada-por-las-autoridades-locales\/#respond\"]}]},{\"@type\":\"WebPage\",\"@id\":\"http:\/\/elregionalvm.com.ar\/noticias-villa-maria\/guadalupe-la-nina-que-limpio-la-plaza-de-barrio-lamadrid-fue-felicitada-por-las-autoridades-locales\/\",\"url\":\"http:\/\/elregionalvm.com.ar\/noticias-villa-maria\/guadalupe-la-nina-que-limpio-la-plaza-de-barrio-lamadrid-fue-felicitada-por-las-autoridades-locales\/\",\"name\":\"Guadalupe, la ni\u00f1a que limpi\u00f3 la plaza de Barrio Lamadrid, fue felicitada por las autoridades locales - El Regional\",\"isPartOf\":{\"@id\":\"http:\/\/elregionalvm.com.ar\/noticias-villa-maria\/#website\"},\"primaryImageOfPage\":{\"@id\":\"http:\/\/elregionalvm.com.ar\/noticias-villa-maria\/guadalupe-la-nina-que-limpio-la-plaza-de-barrio-lamadrid-fue-felicitada-por-las-autoridades-locales\/#primaryimage\"},\"image\":{\"@id\":\"http:\/\/elregionalvm.com.ar\/noticias-villa-maria\/guadalupe-la-nina-que-limpio-la-plaza-de-barrio-lamadrid-fue-felicitada-por-las-autoridades-locales\/#primaryimage\"},\"thumbnailUrl\":\"https:\/\/i0.wp.com\/elregionalvm.com.ar\/noticias-villa-maria\/wp-content\/uploads\/2021\/04\/WhatsApp-Image-2021-04-01-at-10.51.38.jpeg?fit=1280%2C853&ssl=1\",\"datePublished\":\"2021-04-01T22:35:01+00:00\",\"dateModified\":\"2021-04-01T22:35:02+00:00\",\"author\":{\"@id\":\"http:\/\/elregionalvm.com.ar\/noticias-villa-maria\/#\/schema\/person\/a0fb9c422317faca23d50163151bc354\"},\"breadcrumb\":{\"@id\":\"http:\/\/elregionalvm.com.ar\/noticias-villa-maria\/guadalupe-la-nina-que-limpio-la-plaza-de-barrio-lamadrid-fue-felicitada-por-las-autoridades-locales\/#breadcrumb\"},\"inLanguage\":\"es\",\"potentialAction\":[{\"@type\":\"ReadAction\",\"target\":[\"http:\/\/elregionalvm.com.ar\/noticias-villa-maria\/guadalupe-la-nina-que-limpio-la-plaza-de-barrio-lamadrid-fue-felicitada-por-las-autoridades-locales\/\"]}]},{\"@type\":\"ImageObject\",\"inLanguage\":\"es\",\"@id\":\"http:\/\/elregionalvm.com.ar\/noticias-villa-maria\/guadalupe-la-nina-que-limpio-la-plaza-de-barrio-lamadrid-fue-felicitada-por-las-autoridades-locales\/#primaryimage\",\"url\":\"https:\/\/i0.wp.com\/elregionalvm.com.ar\/noticias-villa-maria\/wp-content\/uploads\/2021\/04\/WhatsApp-Image-2021-04-01-at-10.51.38.jpeg?fit=1280%2C853&ssl=1\",\"contentUrl\":\"https:\/\/i0.wp.com\/elregionalvm.com.ar\/noticias-villa-maria\/wp-content\/uploads\/2021\/04\/WhatsApp-Image-2021-04-01-at-10.51.38.jpeg?fit=1280%2C853&ssl=1\",\"width\":1280,\"height\":853},{\"@type\":\"BreadcrumbList\",\"@id\":\"http:\/\/elregionalvm.com.ar\/noticias-villa-maria\/guadalupe-la-nina-que-limpio-la-plaza-de-barrio-lamadrid-fue-felicitada-por-las-autoridades-locales\/#breadcrumb\",\"itemListElement\":[{\"@type\":\"ListItem\",\"position\":1,\"name\":\"Portada\",\"item\":\"https:\/\/elregionalvm.com.ar\/noticias-villa-maria\/\"},{\"@type\":\"ListItem\",\"position\":2,\"name\":\"Guadalupe, la ni\u00f1a que limpi\u00f3 la plaza de Barrio Lamadrid, fue felicitada por las autoridades locales\"}]},{\"@type\":\"WebSite\",\"@id\":\"http:\/\/elregionalvm.com.ar\/noticias-villa-maria\/#website\",\"url\":\"http:\/\/elregionalvm.com.ar\/noticias-villa-maria\/\",\"name\":\"El Regional\",\"description\":\"Mucho m\u00e1s que informaci\u00f3n\",\"potentialAction\":[{\"@type\":\"SearchAction\",\"target\":{\"@type\":\"EntryPoint\",\"urlTemplate\":\"http:\/\/elregionalvm.com.ar\/noticias-villa-maria\/?s={search_term_string}\"},\"query-input\":{\"@type\":\"PropertyValueSpecification\",\"valueRequired\":true,\"valueName\":\"search_term_string\"}}],\"inLanguage\":\"es\"},{\"@type\":\"Person\",\"@id\":\"http:\/\/elregionalvm.com.ar\/noticias-villa-maria\/#\/schema\/person\/a0fb9c422317faca23d50163151bc354\",\"name\":\"Contenidos El Regional\",\"image\":{\"@type\":\"ImageObject\",\"inLanguage\":\"es\",\"@id\":\"http:\/\/elregionalvm.com.ar\/noticias-villa-maria\/#\/schema\/person\/image\/\",\"url\":\"https:\/\/secure.gravatar.com\/avatar\/265b27cb2209af7bb3a1318f03305787d7981a5cc6e6cd08fe5a4ecdf99d4b48?s=96&d=mm&r=g\",\"contentUrl\":\"https:\/\/secure.gravatar.com\/avatar\/265b27cb2209af7bb3a1318f03305787d7981a5cc6e6cd08fe5a4ecdf99d4b48?s=96&d=mm&r=g\",\"caption\":\"Contenidos El Regional\"},\"url\":\"https:\/\/elregionalvm.com.ar\/noticias-villa-maria\/author\/contenido\/\"}]}<\/script>\n<!-- \/ Yoast SEO plugin. -->","yoast_head_json":{"title":"Guadalupe, la ni\u00f1a que limpi\u00f3 la plaza de Barrio Lamadrid, fue felicitada por las autoridades locales - El Regional","robots":{"index":"index","follow":"follow","max-snippet":"max-snippet:-1","max-image-preview":"max-image-preview:large","max-video-preview":"max-video-preview:-1"},"canonical":"http:\/\/elregionalvm.com.ar\/noticias-villa-maria\/guadalupe-la-nina-que-limpio-la-plaza-de-barrio-lamadrid-fue-felicitada-por-las-autoridades-locales\/","og_locale":"es_ES","og_type":"article","og_title":"Guadalupe, la ni\u00f1a que limpi\u00f3 la plaza de Barrio Lamadrid, fue felicitada por las autoridades locales - El Regional","og_description":"El intendente interino, Pablo Rosso, se reuni\u00f3 durante con Guadalupe Estrella Mart\u00ednez, la ni\u00f1a que durante agosto del a\u00f1o pasado tuvo la iniciativa de limpiar la plaza de su barrio, ubicada en calles Entre R\u00edos y Periodistas Argentinos, para generar concientizaci\u00f3n sobre el cuidado del espacio. El encuentro se produjo en el marco del recorrido [&hellip;]","og_url":"http:\/\/elregionalvm.com.ar\/noticias-villa-maria\/guadalupe-la-nina-que-limpio-la-plaza-de-barrio-lamadrid-fue-felicitada-por-las-autoridades-locales\/","og_site_name":"El Regional","article_publisher":"https:\/\/www.facebook.com\/elregionalvm","article_published_time":"2021-04-01T22:35:01+00:00","article_modified_time":"2021-04-01T22:35:02+00:00","og_image":[{"width":1280,"height":853,"url":"http:\/\/elregionalvm.com.ar\/noticias-villa-maria\/wp-content\/uploads\/2021\/04\/WhatsApp-Image-2021-04-01-at-10.51.38.jpeg","type":"image\/jpeg"}],"author":"Contenidos El Regional","twitter_card":"summary_large_image","twitter_creator":"@elregionalvm1","twitter_site":"@elregionalvm1","twitter_misc":{"Escrito por":"Contenidos El Regional","Tiempo de lectura":"2 minutos"},"schema":{"@context":"https:\/\/schema.org","@graph":[{"@type":"Article","@id":"http:\/\/elregionalvm.com.ar\/noticias-villa-maria\/guadalupe-la-nina-que-limpio-la-plaza-de-barrio-lamadrid-fue-felicitada-por-las-autoridades-locales\/#article","isPartOf":{"@id":"http:\/\/elregionalvm.com.ar\/noticias-villa-maria\/guadalupe-la-nina-que-limpio-la-plaza-de-barrio-lamadrid-fue-felicitada-por-las-autoridades-locales\/"},"author":{"name":"Contenidos El Regional","@id":"http:\/\/elregionalvm.com.ar\/noticias-villa-maria\/#\/schema\/person\/a0fb9c422317faca23d50163151bc354"},"headline":"Guadalupe, la ni\u00f1a que limpi\u00f3 la plaza de Barrio Lamadrid, fue felicitada por las autoridades locales","datePublished":"2021-04-01T22:35:01+00:00","dateModified":"2021-04-01T22:35:02+00:00","mainEntityOfPage":{"@id":"http:\/\/elregionalvm.com.ar\/noticias-villa-maria\/guadalupe-la-nina-que-limpio-la-plaza-de-barrio-lamadrid-fue-felicitada-por-las-autoridades-locales\/"},"wordCount":435,"commentCount":0,"image":{"@id":"http:\/\/elregionalvm.com.ar\/noticias-villa-maria\/guadalupe-la-nina-que-limpio-la-plaza-de-barrio-lamadrid-fue-felicitada-por-las-autoridades-locales\/#primaryimage"},"thumbnailUrl":"https:\/\/i0.wp.com\/elregionalvm.com.ar\/noticias-villa-maria\/wp-content\/uploads\/2021\/04\/WhatsApp-Image-2021-04-01-at-10.51.38.jpeg?fit=1280%2C853&ssl=1","keywords":["autoridades locales","Barrio Lamadrid","destacado","felicitada","Guadalupe","limpi\u00f3 su plaza","un ejemplo","Villa Mar\u00eda"],"articleSection":["Villa Mar\u00eda"],"inLanguage":"es","potentialAction":[{"@type":"CommentAction","name":"Comment","target":["http:\/\/elregionalvm.com.ar\/noticias-villa-maria\/guadalupe-la-nina-que-limpio-la-plaza-de-barrio-lamadrid-fue-felicitada-por-las-autoridades-locales\/#respond"]}]},{"@type":"WebPage","@id":"http:\/\/elregionalvm.com.ar\/noticias-villa-maria\/guadalupe-la-nina-que-limpio-la-plaza-de-barrio-lamadrid-fue-felicitada-por-las-autoridades-locales\/","url":"http:\/\/elregionalvm.com.ar\/noticias-villa-maria\/guadalupe-la-nina-que-limpio-la-plaza-de-barrio-lamadrid-fue-felicitada-por-las-autoridades-locales\/","name":"Guadalupe, la ni\u00f1a que limpi\u00f3 la plaza de Barrio Lamadrid, fue felicitada por las autoridades locales - El Regional","isPartOf":{"@id":"http:\/\/elregionalvm.com.ar\/noticias-villa-maria\/#website"},"primaryImageOfPage":{"@id":"http:\/\/elregionalvm.com.ar\/noticias-villa-maria\/guadalupe-la-nina-que-limpio-la-plaza-de-barrio-lamadrid-fue-felicitada-por-las-autoridades-locales\/#primaryimage"},"image":{"@id":"http:\/\/elregionalvm.com.ar\/noticias-villa-maria\/guadalupe-la-nina-que-limpio-la-plaza-de-barrio-lamadrid-fue-felicitada-por-las-autoridades-locales\/#primaryimage"},"thumbnailUrl":"https:\/\/i0.wp.com\/elregionalvm.com.ar\/noticias-villa-maria\/wp-content\/uploads\/2021\/04\/WhatsApp-Image-2021-04-01-at-10.51.38.jpeg?fit=1280%2C853&ssl=1","datePublished":"2021-04-01T22:35:01+00:00","dateModified":"2021-04-01T22:35:02+00:00","author":{"@id":"http:\/\/elregionalvm.com.ar\/noticias-villa-maria\/#\/schema\/person\/a0fb9c422317faca23d50163151bc354"},"breadcrumb":{"@id":"http:\/\/elregionalvm.com.ar\/noticias-villa-maria\/guadalupe-la-nina-que-limpio-la-plaza-de-barrio-lamadrid-fue-felicitada-por-las-autoridades-locales\/#breadcrumb"},"inLanguage":"es","potentialAction":[{"@type":"ReadAction","target":["http:\/\/elregionalvm.com.ar\/noticias-villa-maria\/guadalupe-la-nina-que-limpio-la-plaza-de-barrio-lamadrid-fue-felicitada-por-las-autoridades-locales\/"]}]},{"@type":"ImageObject","inLanguage":"es","@id":"http:\/\/elregionalvm.com.ar\/noticias-villa-maria\/guadalupe-la-nina-que-limpio-la-plaza-de-barrio-lamadrid-fue-felicitada-por-las-autoridades-locales\/#primaryimage","url":"https:\/\/i0.wp.com\/elregionalvm.com.ar\/noticias-villa-maria\/wp-content\/uploads\/2021\/04\/WhatsApp-Image-2021-04-01-at-10.51.38.jpeg?fit=1280%2C853&ssl=1","contentUrl":"https:\/\/i0.wp.com\/elregionalvm.com.ar\/noticias-villa-maria\/wp-content\/uploads\/2021\/04\/WhatsApp-Image-2021-04-01-at-10.51.38.jpeg?fit=1280%2C853&ssl=1","width":1280,"height":853},{"@type":"BreadcrumbList","@id":"http:\/\/elregionalvm.com.ar\/noticias-villa-maria\/guadalupe-la-nina-que-limpio-la-plaza-de-barrio-lamadrid-fue-felicitada-por-las-autoridades-locales\/#breadcrumb","itemListElement":[{"@type":"ListItem","position":1,"name":"Portada","item":"https:\/\/elregionalvm.com.ar\/noticias-villa-maria\/"},{"@type":"ListItem","position":2,"name":"Guadalupe, la ni\u00f1a que limpi\u00f3 la plaza de Barrio Lamadrid, fue felicitada por las autoridades locales"}]},{"@type":"WebSite","@id":"http:\/\/elregionalvm.com.ar\/noticias-villa-maria\/#website","url":"http:\/\/elregionalvm.com.ar\/noticias-villa-maria\/","name":"El Regional","description":"Mucho m\u00e1s que informaci\u00f3n","potentialAction":[{"@type":"SearchAction","target":{"@type":"EntryPoint","urlTemplate":"http:\/\/elregionalvm.com.ar\/noticias-villa-maria\/?s={search_term_string}"},"query-input":{"@type":"PropertyValueSpecification","valueRequired":true,"valueName":"search_term_string"}}],"inLanguage":"es"},{"@type":"Person","@id":"http:\/\/elregionalvm.com.ar\/noticias-villa-maria\/#\/schema\/person\/a0fb9c422317faca23d50163151bc354","name":"Contenidos El Regional","image":{"@type":"ImageObject","inLanguage":"es","@id":"http:\/\/elregionalvm.com.ar\/noticias-villa-maria\/#\/schema\/person\/image\/","url":"https:\/\/secure.gravatar.com\/avatar\/265b27cb2209af7bb3a1318f03305787d7981a5cc6e6cd08fe5a4ecdf99d4b48?s=96&d=mm&r=g","contentUrl":"https:\/\/secure.gravatar.com\/avatar\/265b27cb2209af7bb3a1318f03305787d7981a5cc6e6cd08fe5a4ecdf99d4b48?s=96&d=mm&r=g","caption":"Contenidos El Regional"},"url":"https:\/\/elregionalvm.com.ar\/noticias-villa-maria\/author\/contenido\/"}]}},"jetpack_featured_media_url":"https:\/\/i0.wp.com\/elregionalvm.com.ar\/noticias-villa-maria\/wp-content\/uploads\/2021\/04\/WhatsApp-Image-2021-04-01-at-10.51.38.jpeg?fit=1280%2C853&ssl=1","jetpack_sharing_enabled":true,"_links":{"self":[{"href":"https:\/\/elregionalvm.com.ar\/noticias-villa-maria\/wp-json\/wp\/v2\/posts\/35206","targetHints":{"allow":["GET"]}}],"collection":[{"href":"https:\/\/elregionalvm.com.ar\/noticias-villa-maria\/wp-json\/wp\/v2\/posts"}],"about":[{"href":"https:\/\/elregionalvm.com.ar\/noticias-villa-maria\/wp-json\/wp\/v2\/types\/post"}],"author":[{"embeddable":true,"href":"https:\/\/elregionalvm.com.ar\/noticias-villa-maria\/wp-json\/wp\/v2\/users\/4"}],"replies":[{"embeddable":true,"href":"https:\/\/elregionalvm.com.ar\/noticias-villa-maria\/wp-json\/wp\/v2\/comments?post=35206"}],"version-history":[{"count":1,"href":"https:\/\/elregionalvm.com.ar\/noticias-villa-maria\/wp-json\/wp\/v2\/posts\/35206\/revisions"}],"predecessor-version":[{"id":35209,"href":"https:\/\/elregionalvm.com.ar\/noticias-villa-maria\/wp-json\/wp\/v2\/posts\/35206\/revisions\/35209"}],"wp:featuredmedia":[{"embeddable":true,"href":"https:\/\/elregionalvm.com.ar\/noticias-villa-maria\/wp-json\/wp\/v2\/media\/35207"}],"wp:attachment":[{"href":"https:\/\/elregionalvm.com.ar\/noticias-villa-maria\/wp-json\/wp\/v2\/media?parent=35206"}],"wp:term":[{"taxonomy":"category","embeddable":true,"href":"https:\/\/elregionalvm.com.ar\/noticias-villa-maria\/wp-json\/wp\/v2\/categories?post=35206"},{"taxonomy":"post_tag","embeddable":true,"href":"https:\/\/elregionalvm.com.ar\/noticias-villa-maria\/wp-json\/wp\/v2\/tags?post=35206"}],"curies":[{"name":"wp","href":"https:\/\/api.w.org\/{rel}","templated":true}]}}