{"id":35210,"date":"2021-04-01T22:46:06","date_gmt":"2021-04-01T22:46:06","guid":{"rendered":"https:\/\/elregionalvm.com.ar\/noticias-villa-maria\/?p=35210"},"modified":"2021-04-02T02:24:55","modified_gmt":"2021-04-02T02:24:55","slug":"un-hombre-de-45-anos-escapaba-hacia-santa-fe-con-la-menor-villamariense-de-15-anos-que-era-buscada","status":"publish","type":"post","link":"https:\/\/elregionalvm.com.ar\/noticias-villa-maria\/un-hombre-de-45-anos-escapaba-hacia-santa-fe-con-la-menor-villamariense-de-15-anos-que-era-buscada\/","title":{"rendered":"Un hombre de 45 a\u00f1os escapaba hacia Santa Fe con la menor villamariense de 15 a\u00f1os que era buscada"},"content":{"rendered":"\n<p>Personal de la Divisi\u00f3n Investigaciones de  la Unidad Departamental, y bajo expresas directivas de la Fiscal\u00eda de Instrucci\u00f3n de primer turno, a cargo de la Dra. Silvia Maldonado, luego de realizar una serie de tareas investigativas en relaci\u00f3n a la denuncia que daba cuenta de la desaparici\u00f3n de una menor de 15 a\u00f1os de edad que se ausent\u00f3 de su hogar el pasado d\u00eda lunes 29 de marzo en horas de la noche, y que fuera oportunamente difundido en ocasi\u00f3n anterior, pudo ser encontrada.<\/p>\n\n\n\n<p>Se pudo establecer mediante la informaci\u00f3n aportada por diferentes testimonios recabados, que la misma se encontrar\u00eda junto a un hombre de 45 a\u00f1os de edad aproximadamente, y que ambos tendr\u00edan intenciones de abandonar la ciudad con destino a una provincia lim\u00edtrofe. <\/p>\n\n\n\n<p>En base a ello, se realiz\u00f3 un relevamiento de diferentes c\u00e1maras p\u00fablicas y privadas, y se pudo establecer que los mismos hab\u00edan abordado un  taxi de una empresa local, dirigi\u00e9ndose en sentido hac\u00eda la Provincia de Santa Fe, por lo que se alert\u00f3 a las jurisdicciones involucradas y de ese modo se logr\u00f3 dar con el veh\u00edculo y la menor, en una estaci\u00f3n de servicios la localidad de General Roca, donde se puso a resguardo a la menor  y se procedi\u00f3 a efectivizar la detenci\u00f3n de un hombre de 45 a\u00f1os de edad por supuesto autor del delito de \u201csustracci\u00f3n u ocultamiento de menores\u201d. Se labran actuaciones de rigor a los fines del total esclarecimiento de lo sucedido.<\/p>\n","protected":false},"excerpt":{"rendered":"<p>Personal de la Divisi\u00f3n Investigaciones de la Unidad Departamental, y bajo expresas directivas de la Fiscal\u00eda de Instrucci\u00f3n de primer turno, a cargo de la Dra. Silvia Maldonado, luego de realizar una serie de tareas investigativas en relaci\u00f3n a la denuncia que daba cuenta de la desaparici\u00f3n de una menor de 15 a\u00f1os de edad [&hellip;]<\/p>\n","protected":false},"author":4,"featured_media":35237,"comment_status":"open","ping_status":"open","sticky":false,"template":"","format":"standard","meta":{"site-sidebar-layout":"default","site-content-layout":"default","ast-site-content-layout":"default","site-content-style":"default","site-sidebar-style":"default","ast-global-header-display":"","ast-banner-title-visibility":"","ast-main-header-display":"","ast-hfb-above-header-display":"","ast-hfb-below-header-display":"","ast-hfb-mobile-header-display":"","site-post-title":"","ast-breadcrumbs-content":"","ast-featured-img":"","footer-sml-layout":"","ast-disable-related-posts":"","theme-transparent-header-meta":"default","adv-header-id-meta":"","stick-header-meta":"","header-above-stick-meta":"","header-main-stick-meta":"","header-below-stick-meta":"","astra-migrate-meta-layouts":"default","ast-page-background-enabled":"default","ast-page-background-meta":{"desktop":{"background-color":"","background-image":"","background-repeat":"repeat","background-position":"center center","background-size":"auto","background-attachment":"scroll","background-type":"","background-media":"","overlay-type":"","overlay-color":"","overlay-opacity":"","overlay-gradient":""},"tablet":{"background-color":"","background-image":"","background-repeat":"repeat","background-position":"center center","background-size":"auto","background-attachment":"scroll","background-type":"","background-media":"","overlay-type":"","overlay-color":"","overlay-opacity":"","overlay-gradient":""},"mobile":{"background-color":"","background-image":"","background-repeat":"repeat","background-position":"center center","background-size":"auto","background-attachment":"scroll","background-type":"","background-media":"","overlay-type":"","overlay-color":"","overlay-opacity":"","overlay-gradient":""}},"ast-content-background-meta":{"desktop":{"background-color":"var(--ast-global-color-5)","background-image":"","background-repeat":"repeat","background-position":"center center","background-size":"auto","background-attachment":"scroll","background-type":"","background-media":"","overlay-type":"","overlay-color":"","overlay-opacity":"","overlay-gradient":""},"tablet":{"background-color":"var(--ast-global-color-5)","background-image":"","background-repeat":"repeat","background-position":"center center","background-size":"auto","background-attachment":"scroll","background-type":"","background-media":"","overlay-type":"","overlay-color":"","overlay-opacity":"","overlay-gradient":""},"mobile":{"background-color":"var(--ast-global-color-5)","background-image":"","background-repeat":"repeat","background-position":"center center","background-size":"auto","background-attachment":"scroll","background-type":"","background-media":"","overlay-type":"","overlay-color":"","overlay-opacity":"","overlay-gradient":""}},"_jetpack_memberships_contains_paid_content":false,"_joinchat":[],"footnotes":""},"categories":[2234],"tags":[1232,8073,8072,8074,8071,3179,2488],"class_list":["post-35210","post","type-post","status-publish","format-standard","has-post-thumbnail","hentry","category-policiales","tag-destacado","tag-general-roca","tag-hombre-45-anos","tag-huian-a-santa-fe","tag-menor-encontrada","tag-operativo","tag-policial"],"yoast_head":"<!-- This site is optimized with the Yoast SEO plugin v26.8 - https:\/\/yoast.com\/product\/yoast-seo-wordpress\/ -->\n<title>Un hombre de 45 a\u00f1os escapaba hacia Santa Fe con la menor villamariense de 15 a\u00f1os que era buscada - El Regional<\/title>\n<meta name=\"robots\" content=\"index, follow, max-snippet:-1, max-image-preview:large, max-video-preview:-1\" \/>\n<link rel=\"canonical\" href=\"http:\/\/elregionalvm.com.ar\/noticias-villa-maria\/un-hombre-de-45-anos-escapaba-hacia-santa-fe-con-la-menor-villamariense-de-15-anos-que-era-buscada\/\" \/>\n<meta property=\"og:locale\" content=\"es_ES\" \/>\n<meta property=\"og:type\" content=\"article\" \/>\n<meta property=\"og:title\" content=\"Un hombre de 45 a\u00f1os escapaba hacia Santa Fe con la menor villamariense de 15 a\u00f1os que era buscada - El Regional\" \/>\n<meta property=\"og:description\" content=\"Personal de la Divisi\u00f3n Investigaciones de la Unidad Departamental, y bajo expresas directivas de la Fiscal\u00eda de Instrucci\u00f3n de primer turno, a cargo de la Dra. Silvia Maldonado, luego de realizar una serie de tareas investigativas en relaci\u00f3n a la denuncia que daba cuenta de la desaparici\u00f3n de una menor de 15 a\u00f1os de edad [&hellip;]\" \/>\n<meta property=\"og:url\" content=\"http:\/\/elregionalvm.com.ar\/noticias-villa-maria\/un-hombre-de-45-anos-escapaba-hacia-santa-fe-con-la-menor-villamariense-de-15-anos-que-era-buscada\/\" \/>\n<meta property=\"og:site_name\" content=\"El Regional\" \/>\n<meta property=\"article:publisher\" content=\"https:\/\/www.facebook.com\/elregionalvm\" \/>\n<meta property=\"article:published_time\" content=\"2021-04-01T22:46:06+00:00\" \/>\n<meta property=\"article:modified_time\" content=\"2021-04-02T02:24:55+00:00\" \/>\n<meta property=\"og:image\" content=\"http:\/\/elregionalvm.com.ar\/noticias-villa-maria\/wp-content\/uploads\/2021\/04\/WhatsApp-Image-2021-04-01-at-9.34.59-PM.jpeg\" \/>\n\t<meta property=\"og:image:width\" content=\"1152\" \/>\n\t<meta property=\"og:image:height\" content=\"864\" \/>\n\t<meta property=\"og:image:type\" content=\"image\/jpeg\" \/>\n<meta name=\"author\" content=\"Contenidos El Regional\" \/>\n<meta name=\"twitter:card\" content=\"summary_large_image\" \/>\n<meta name=\"twitter:creator\" content=\"@elregionalvm1\" \/>\n<meta name=\"twitter:site\" content=\"@elregionalvm1\" \/>\n<meta name=\"twitter:label1\" content=\"Escrito por\" \/>\n\t<meta name=\"twitter:data1\" content=\"Contenidos El Regional\" \/>\n\t<meta name=\"twitter:label2\" content=\"Tiempo de lectura\" \/>\n\t<meta name=\"twitter:data2\" content=\"2 minutos\" \/>\n<script type=\"application\/ld+json\" class=\"yoast-schema-graph\">{\"@context\":\"https:\/\/schema.org\",\"@graph\":[{\"@type\":\"Article\",\"@id\":\"http:\/\/elregionalvm.com.ar\/noticias-villa-maria\/un-hombre-de-45-anos-escapaba-hacia-santa-fe-con-la-menor-villamariense-de-15-anos-que-era-buscada\/#article\",\"isPartOf\":{\"@id\":\"http:\/\/elregionalvm.com.ar\/noticias-villa-maria\/un-hombre-de-45-anos-escapaba-hacia-santa-fe-con-la-menor-villamariense-de-15-anos-que-era-buscada\/\"},\"author\":{\"name\":\"Contenidos El Regional\",\"@id\":\"http:\/\/elregionalvm.com.ar\/noticias-villa-maria\/#\/schema\/person\/a0fb9c422317faca23d50163151bc354\"},\"headline\":\"Un hombre de 45 a\u00f1os escapaba hacia Santa Fe con la menor villamariense de 15 a\u00f1os que era buscada\",\"datePublished\":\"2021-04-01T22:46:06+00:00\",\"dateModified\":\"2021-04-02T02:24:55+00:00\",\"mainEntityOfPage\":{\"@id\":\"http:\/\/elregionalvm.com.ar\/noticias-villa-maria\/un-hombre-de-45-anos-escapaba-hacia-santa-fe-con-la-menor-villamariense-de-15-anos-que-era-buscada\/\"},\"wordCount\":281,\"commentCount\":0,\"image\":{\"@id\":\"http:\/\/elregionalvm.com.ar\/noticias-villa-maria\/un-hombre-de-45-anos-escapaba-hacia-santa-fe-con-la-menor-villamariense-de-15-anos-que-era-buscada\/#primaryimage\"},\"thumbnailUrl\":\"https:\/\/i0.wp.com\/elregionalvm.com.ar\/noticias-villa-maria\/wp-content\/uploads\/2021\/04\/WhatsApp-Image-2021-04-01-at-9.34.59-PM.jpeg?fit=1152%2C864&ssl=1\",\"keywords\":[\"destacado\",\"General Roca\",\"hombre 45 a\u00f1os\",\"hu\u00edan a Santa Fe\",\"menor encontrada\",\"operativo\",\"policial\"],\"articleSection\":[\"Policiales\"],\"inLanguage\":\"es\",\"potentialAction\":[{\"@type\":\"CommentAction\",\"name\":\"Comment\",\"target\":[\"http:\/\/elregionalvm.com.ar\/noticias-villa-maria\/un-hombre-de-45-anos-escapaba-hacia-santa-fe-con-la-menor-villamariense-de-15-anos-que-era-buscada\/#respond\"]}]},{\"@type\":\"WebPage\",\"@id\":\"http:\/\/elregionalvm.com.ar\/noticias-villa-maria\/un-hombre-de-45-anos-escapaba-hacia-santa-fe-con-la-menor-villamariense-de-15-anos-que-era-buscada\/\",\"url\":\"http:\/\/elregionalvm.com.ar\/noticias-villa-maria\/un-hombre-de-45-anos-escapaba-hacia-santa-fe-con-la-menor-villamariense-de-15-anos-que-era-buscada\/\",\"name\":\"Un hombre de 45 a\u00f1os escapaba hacia Santa Fe con la menor villamariense de 15 a\u00f1os que era buscada - El Regional\",\"isPartOf\":{\"@id\":\"http:\/\/elregionalvm.com.ar\/noticias-villa-maria\/#website\"},\"primaryImageOfPage\":{\"@id\":\"http:\/\/elregionalvm.com.ar\/noticias-villa-maria\/un-hombre-de-45-anos-escapaba-hacia-santa-fe-con-la-menor-villamariense-de-15-anos-que-era-buscada\/#primaryimage\"},\"image\":{\"@id\":\"http:\/\/elregionalvm.com.ar\/noticias-villa-maria\/un-hombre-de-45-anos-escapaba-hacia-santa-fe-con-la-menor-villamariense-de-15-anos-que-era-buscada\/#primaryimage\"},\"thumbnailUrl\":\"https:\/\/i0.wp.com\/elregionalvm.com.ar\/noticias-villa-maria\/wp-content\/uploads\/2021\/04\/WhatsApp-Image-2021-04-01-at-9.34.59-PM.jpeg?fit=1152%2C864&ssl=1\",\"datePublished\":\"2021-04-01T22:46:06+00:00\",\"dateModified\":\"2021-04-02T02:24:55+00:00\",\"author\":{\"@id\":\"http:\/\/elregionalvm.com.ar\/noticias-villa-maria\/#\/schema\/person\/a0fb9c422317faca23d50163151bc354\"},\"breadcrumb\":{\"@id\":\"http:\/\/elregionalvm.com.ar\/noticias-villa-maria\/un-hombre-de-45-anos-escapaba-hacia-santa-fe-con-la-menor-villamariense-de-15-anos-que-era-buscada\/#breadcrumb\"},\"inLanguage\":\"es\",\"potentialAction\":[{\"@type\":\"ReadAction\",\"target\":[\"http:\/\/elregionalvm.com.ar\/noticias-villa-maria\/un-hombre-de-45-anos-escapaba-hacia-santa-fe-con-la-menor-villamariense-de-15-anos-que-era-buscada\/\"]}]},{\"@type\":\"ImageObject\",\"inLanguage\":\"es\",\"@id\":\"http:\/\/elregionalvm.com.ar\/noticias-villa-maria\/un-hombre-de-45-anos-escapaba-hacia-santa-fe-con-la-menor-villamariense-de-15-anos-que-era-buscada\/#primaryimage\",\"url\":\"https:\/\/i0.wp.com\/elregionalvm.com.ar\/noticias-villa-maria\/wp-content\/uploads\/2021\/04\/WhatsApp-Image-2021-04-01-at-9.34.59-PM.jpeg?fit=1152%2C864&ssl=1\",\"contentUrl\":\"https:\/\/i0.wp.com\/elregionalvm.com.ar\/noticias-villa-maria\/wp-content\/uploads\/2021\/04\/WhatsApp-Image-2021-04-01-at-9.34.59-PM.jpeg?fit=1152%2C864&ssl=1\",\"width\":1152,\"height\":864},{\"@type\":\"BreadcrumbList\",\"@id\":\"http:\/\/elregionalvm.com.ar\/noticias-villa-maria\/un-hombre-de-45-anos-escapaba-hacia-santa-fe-con-la-menor-villamariense-de-15-anos-que-era-buscada\/#breadcrumb\",\"itemListElement\":[{\"@type\":\"ListItem\",\"position\":1,\"name\":\"Portada\",\"item\":\"https:\/\/elregionalvm.com.ar\/noticias-villa-maria\/\"},{\"@type\":\"ListItem\",\"position\":2,\"name\":\"Un hombre de 45 a\u00f1os escapaba hacia Santa Fe con la menor villamariense de 15 a\u00f1os que era buscada\"}]},{\"@type\":\"WebSite\",\"@id\":\"http:\/\/elregionalvm.com.ar\/noticias-villa-maria\/#website\",\"url\":\"http:\/\/elregionalvm.com.ar\/noticias-villa-maria\/\",\"name\":\"El Regional\",\"description\":\"Mucho m\u00e1s que informaci\u00f3n\",\"potentialAction\":[{\"@type\":\"SearchAction\",\"target\":{\"@type\":\"EntryPoint\",\"urlTemplate\":\"http:\/\/elregionalvm.com.ar\/noticias-villa-maria\/?s={search_term_string}\"},\"query-input\":{\"@type\":\"PropertyValueSpecification\",\"valueRequired\":true,\"valueName\":\"search_term_string\"}}],\"inLanguage\":\"es\"},{\"@type\":\"Person\",\"@id\":\"http:\/\/elregionalvm.com.ar\/noticias-villa-maria\/#\/schema\/person\/a0fb9c422317faca23d50163151bc354\",\"name\":\"Contenidos El Regional\",\"image\":{\"@type\":\"ImageObject\",\"inLanguage\":\"es\",\"@id\":\"http:\/\/elregionalvm.com.ar\/noticias-villa-maria\/#\/schema\/person\/image\/\",\"url\":\"https:\/\/secure.gravatar.com\/avatar\/265b27cb2209af7bb3a1318f03305787d7981a5cc6e6cd08fe5a4ecdf99d4b48?s=96&d=mm&r=g\",\"contentUrl\":\"https:\/\/secure.gravatar.com\/avatar\/265b27cb2209af7bb3a1318f03305787d7981a5cc6e6cd08fe5a4ecdf99d4b48?s=96&d=mm&r=g\",\"caption\":\"Contenidos El Regional\"},\"url\":\"https:\/\/elregionalvm.com.ar\/noticias-villa-maria\/author\/contenido\/\"}]}<\/script>\n<!-- \/ Yoast SEO plugin. -->","yoast_head_json":{"title":"Un hombre de 45 a\u00f1os escapaba hacia Santa Fe con la menor villamariense de 15 a\u00f1os que era buscada - El Regional","robots":{"index":"index","follow":"follow","max-snippet":"max-snippet:-1","max-image-preview":"max-image-preview:large","max-video-preview":"max-video-preview:-1"},"canonical":"http:\/\/elregionalvm.com.ar\/noticias-villa-maria\/un-hombre-de-45-anos-escapaba-hacia-santa-fe-con-la-menor-villamariense-de-15-anos-que-era-buscada\/","og_locale":"es_ES","og_type":"article","og_title":"Un hombre de 45 a\u00f1os escapaba hacia Santa Fe con la menor villamariense de 15 a\u00f1os que era buscada - El Regional","og_description":"Personal de la Divisi\u00f3n Investigaciones de la Unidad Departamental, y bajo expresas directivas de la Fiscal\u00eda de Instrucci\u00f3n de primer turno, a cargo de la Dra. Silvia Maldonado, luego de realizar una serie de tareas investigativas en relaci\u00f3n a la denuncia que daba cuenta de la desaparici\u00f3n de una menor de 15 a\u00f1os de edad [&hellip;]","og_url":"http:\/\/elregionalvm.com.ar\/noticias-villa-maria\/un-hombre-de-45-anos-escapaba-hacia-santa-fe-con-la-menor-villamariense-de-15-anos-que-era-buscada\/","og_site_name":"El Regional","article_publisher":"https:\/\/www.facebook.com\/elregionalvm","article_published_time":"2021-04-01T22:46:06+00:00","article_modified_time":"2021-04-02T02:24:55+00:00","og_image":[{"width":1152,"height":864,"url":"http:\/\/elregionalvm.com.ar\/noticias-villa-maria\/wp-content\/uploads\/2021\/04\/WhatsApp-Image-2021-04-01-at-9.34.59-PM.jpeg","type":"image\/jpeg"}],"author":"Contenidos El Regional","twitter_card":"summary_large_image","twitter_creator":"@elregionalvm1","twitter_site":"@elregionalvm1","twitter_misc":{"Escrito por":"Contenidos El Regional","Tiempo de lectura":"2 minutos"},"schema":{"@context":"https:\/\/schema.org","@graph":[{"@type":"Article","@id":"http:\/\/elregionalvm.com.ar\/noticias-villa-maria\/un-hombre-de-45-anos-escapaba-hacia-santa-fe-con-la-menor-villamariense-de-15-anos-que-era-buscada\/#article","isPartOf":{"@id":"http:\/\/elregionalvm.com.ar\/noticias-villa-maria\/un-hombre-de-45-anos-escapaba-hacia-santa-fe-con-la-menor-villamariense-de-15-anos-que-era-buscada\/"},"author":{"name":"Contenidos El Regional","@id":"http:\/\/elregionalvm.com.ar\/noticias-villa-maria\/#\/schema\/person\/a0fb9c422317faca23d50163151bc354"},"headline":"Un hombre de 45 a\u00f1os escapaba hacia Santa Fe con la menor villamariense de 15 a\u00f1os que era buscada","datePublished":"2021-04-01T22:46:06+00:00","dateModified":"2021-04-02T02:24:55+00:00","mainEntityOfPage":{"@id":"http:\/\/elregionalvm.com.ar\/noticias-villa-maria\/un-hombre-de-45-anos-escapaba-hacia-santa-fe-con-la-menor-villamariense-de-15-anos-que-era-buscada\/"},"wordCount":281,"commentCount":0,"image":{"@id":"http:\/\/elregionalvm.com.ar\/noticias-villa-maria\/un-hombre-de-45-anos-escapaba-hacia-santa-fe-con-la-menor-villamariense-de-15-anos-que-era-buscada\/#primaryimage"},"thumbnailUrl":"https:\/\/i0.wp.com\/elregionalvm.com.ar\/noticias-villa-maria\/wp-content\/uploads\/2021\/04\/WhatsApp-Image-2021-04-01-at-9.34.59-PM.jpeg?fit=1152%2C864&ssl=1","keywords":["destacado","General Roca","hombre 45 a\u00f1os","hu\u00edan a Santa Fe","menor encontrada","operativo","policial"],"articleSection":["Policiales"],"inLanguage":"es","potentialAction":[{"@type":"CommentAction","name":"Comment","target":["http:\/\/elregionalvm.com.ar\/noticias-villa-maria\/un-hombre-de-45-anos-escapaba-hacia-santa-fe-con-la-menor-villamariense-de-15-anos-que-era-buscada\/#respond"]}]},{"@type":"WebPage","@id":"http:\/\/elregionalvm.com.ar\/noticias-villa-maria\/un-hombre-de-45-anos-escapaba-hacia-santa-fe-con-la-menor-villamariense-de-15-anos-que-era-buscada\/","url":"http:\/\/elregionalvm.com.ar\/noticias-villa-maria\/un-hombre-de-45-anos-escapaba-hacia-santa-fe-con-la-menor-villamariense-de-15-anos-que-era-buscada\/","name":"Un hombre de 45 a\u00f1os escapaba hacia Santa Fe con la menor villamariense de 15 a\u00f1os que era buscada - El Regional","isPartOf":{"@id":"http:\/\/elregionalvm.com.ar\/noticias-villa-maria\/#website"},"primaryImageOfPage":{"@id":"http:\/\/elregionalvm.com.ar\/noticias-villa-maria\/un-hombre-de-45-anos-escapaba-hacia-santa-fe-con-la-menor-villamariense-de-15-anos-que-era-buscada\/#primaryimage"},"image":{"@id":"http:\/\/elregionalvm.com.ar\/noticias-villa-maria\/un-hombre-de-45-anos-escapaba-hacia-santa-fe-con-la-menor-villamariense-de-15-anos-que-era-buscada\/#primaryimage"},"thumbnailUrl":"https:\/\/i0.wp.com\/elregionalvm.com.ar\/noticias-villa-maria\/wp-content\/uploads\/2021\/04\/WhatsApp-Image-2021-04-01-at-9.34.59-PM.jpeg?fit=1152%2C864&ssl=1","datePublished":"2021-04-01T22:46:06+00:00","dateModified":"2021-04-02T02:24:55+00:00","author":{"@id":"http:\/\/elregionalvm.com.ar\/noticias-villa-maria\/#\/schema\/person\/a0fb9c422317faca23d50163151bc354"},"breadcrumb":{"@id":"http:\/\/elregionalvm.com.ar\/noticias-villa-maria\/un-hombre-de-45-anos-escapaba-hacia-santa-fe-con-la-menor-villamariense-de-15-anos-que-era-buscada\/#breadcrumb"},"inLanguage":"es","potentialAction":[{"@type":"ReadAction","target":["http:\/\/elregionalvm.com.ar\/noticias-villa-maria\/un-hombre-de-45-anos-escapaba-hacia-santa-fe-con-la-menor-villamariense-de-15-anos-que-era-buscada\/"]}]},{"@type":"ImageObject","inLanguage":"es","@id":"http:\/\/elregionalvm.com.ar\/noticias-villa-maria\/un-hombre-de-45-anos-escapaba-hacia-santa-fe-con-la-menor-villamariense-de-15-anos-que-era-buscada\/#primaryimage","url":"https:\/\/i0.wp.com\/elregionalvm.com.ar\/noticias-villa-maria\/wp-content\/uploads\/2021\/04\/WhatsApp-Image-2021-04-01-at-9.34.59-PM.jpeg?fit=1152%2C864&ssl=1","contentUrl":"https:\/\/i0.wp.com\/elregionalvm.com.ar\/noticias-villa-maria\/wp-content\/uploads\/2021\/04\/WhatsApp-Image-2021-04-01-at-9.34.59-PM.jpeg?fit=1152%2C864&ssl=1","width":1152,"height":864},{"@type":"BreadcrumbList","@id":"http:\/\/elregionalvm.com.ar\/noticias-villa-maria\/un-hombre-de-45-anos-escapaba-hacia-santa-fe-con-la-menor-villamariense-de-15-anos-que-era-buscada\/#breadcrumb","itemListElement":[{"@type":"ListItem","position":1,"name":"Portada","item":"https:\/\/elregionalvm.com.ar\/noticias-villa-maria\/"},{"@type":"ListItem","position":2,"name":"Un hombre de 45 a\u00f1os escapaba hacia Santa Fe con la menor villamariense de 15 a\u00f1os que era buscada"}]},{"@type":"WebSite","@id":"http:\/\/elregionalvm.com.ar\/noticias-villa-maria\/#website","url":"http:\/\/elregionalvm.com.ar\/noticias-villa-maria\/","name":"El Regional","description":"Mucho m\u00e1s que informaci\u00f3n","potentialAction":[{"@type":"SearchAction","target":{"@type":"EntryPoint","urlTemplate":"http:\/\/elregionalvm.com.ar\/noticias-villa-maria\/?s={search_term_string}"},"query-input":{"@type":"PropertyValueSpecification","valueRequired":true,"valueName":"search_term_string"}}],"inLanguage":"es"},{"@type":"Person","@id":"http:\/\/elregionalvm.com.ar\/noticias-villa-maria\/#\/schema\/person\/a0fb9c422317faca23d50163151bc354","name":"Contenidos El Regional","image":{"@type":"ImageObject","inLanguage":"es","@id":"http:\/\/elregionalvm.com.ar\/noticias-villa-maria\/#\/schema\/person\/image\/","url":"https:\/\/secure.gravatar.com\/avatar\/265b27cb2209af7bb3a1318f03305787d7981a5cc6e6cd08fe5a4ecdf99d4b48?s=96&d=mm&r=g","contentUrl":"https:\/\/secure.gravatar.com\/avatar\/265b27cb2209af7bb3a1318f03305787d7981a5cc6e6cd08fe5a4ecdf99d4b48?s=96&d=mm&r=g","caption":"Contenidos El Regional"},"url":"https:\/\/elregionalvm.com.ar\/noticias-villa-maria\/author\/contenido\/"}]}},"jetpack_featured_media_url":"https:\/\/i0.wp.com\/elregionalvm.com.ar\/noticias-villa-maria\/wp-content\/uploads\/2021\/04\/WhatsApp-Image-2021-04-01-at-9.34.59-PM.jpeg?fit=1152%2C864&ssl=1","jetpack_sharing_enabled":true,"_links":{"self":[{"href":"https:\/\/elregionalvm.com.ar\/noticias-villa-maria\/wp-json\/wp\/v2\/posts\/35210","targetHints":{"allow":["GET"]}}],"collection":[{"href":"https:\/\/elregionalvm.com.ar\/noticias-villa-maria\/wp-json\/wp\/v2\/posts"}],"about":[{"href":"https:\/\/elregionalvm.com.ar\/noticias-villa-maria\/wp-json\/wp\/v2\/types\/post"}],"author":[{"embeddable":true,"href":"https:\/\/elregionalvm.com.ar\/noticias-villa-maria\/wp-json\/wp\/v2\/users\/4"}],"replies":[{"embeddable":true,"href":"https:\/\/elregionalvm.com.ar\/noticias-villa-maria\/wp-json\/wp\/v2\/comments?post=35210"}],"version-history":[{"count":1,"href":"https:\/\/elregionalvm.com.ar\/noticias-villa-maria\/wp-json\/wp\/v2\/posts\/35210\/revisions"}],"predecessor-version":[{"id":35212,"href":"https:\/\/elregionalvm.com.ar\/noticias-villa-maria\/wp-json\/wp\/v2\/posts\/35210\/revisions\/35212"}],"wp:featuredmedia":[{"embeddable":true,"href":"https:\/\/elregionalvm.com.ar\/noticias-villa-maria\/wp-json\/wp\/v2\/media\/35237"}],"wp:attachment":[{"href":"https:\/\/elregionalvm.com.ar\/noticias-villa-maria\/wp-json\/wp\/v2\/media?parent=35210"}],"wp:term":[{"taxonomy":"category","embeddable":true,"href":"https:\/\/elregionalvm.com.ar\/noticias-villa-maria\/wp-json\/wp\/v2\/categories?post=35210"},{"taxonomy":"post_tag","embeddable":true,"href":"https:\/\/elregionalvm.com.ar\/noticias-villa-maria\/wp-json\/wp\/v2\/tags?post=35210"}],"curies":[{"name":"wp","href":"https:\/\/api.w.org\/{rel}","templated":true}]}}