{"id":35221,"date":"2021-04-01T23:41:10","date_gmt":"2021-04-01T23:41:10","guid":{"rendered":"https:\/\/elregionalvm.com.ar\/noticias-villa-maria\/?p=35221"},"modified":"2021-04-01T23:41:11","modified_gmt":"2021-04-01T23:41:11","slug":"villa-maria-y-villa-nueva-coordinan-esfuerzos-ante-la-curva-ascendente-de-casos","status":"publish","type":"post","link":"https:\/\/elregionalvm.com.ar\/noticias-villa-maria\/villa-maria-y-villa-nueva-coordinan-esfuerzos-ante-la-curva-ascendente-de-casos\/","title":{"rendered":"Villa Mar\u00eda y Villa Nueva coordinan esfuerzos ante la curva ascendente de casos"},"content":{"rendered":"\n<p>El intendente interino, Pablo Rosso, encabez\u00f3 esta tarde una reuni\u00f3n de Gabinete ampliado en la sede del Gobierno local, donde fueron convocados los secretarios de todas las \u00e1reas y representantes de los equipos de Salud, Inclusi\u00f3n Social y Territorio, y Gobierno.<\/p>\n\n\n\n<p>En el encuentro, en el que tambi\u00e9n se hizo presente el secretario de Obras P\u00fablicas de la Naci\u00f3n, Mart\u00edn Gill, se determin\u00f3 avanzar en la coordinaci\u00f3n de acciones con la vecina ciudad de Villa Nueva, retornando al esquema de conglomerado ante el escenario creciente de casos positivos.<\/p>\n\n\n\n<p>Rosso se\u00f1al\u00f3 que \u201cla curva es de ascenso, no sabemos si es la llegada de la segunda ola, pero estamos ante un escenario de suba de casos\u201d, y precis\u00f3 que \u201ctenemos el compromiso de sostener el movimiento econ\u00f3mico del comercio, la industria, los servicios\u201d, a lo que sum\u00f3 la presencialidad escolar.<\/p>\n\n\n\n<p>Sin embargo, apunt\u00f3 que \u201cempezamos a trabajar entre todos para anticiparnos a lo que puede ser una gran llegada de casos\u201d. En ese sentido, tanto Rosso como otros miembros del Ejecutivo remarcaron que ser\u00e1 necesario aguardar las medidas que estimen convenientes tanto el Gobierno nacional como el provincial.<\/p>\n\n\n\n<p>Estuvieron presentes el jefe de Gabinete, H\u00e9ctor Mu\u00f1oz; los secretarios del Ejecutivo Eduardo Rodr\u00edguez, Pedro Trecco, Celeste Curetti y Rafael Sachetto; la concejala Ver\u00f3nica Viv\u00f3; la directora de la Asistencia P\u00fablica, Victoria Becco; y funcionarios de las diferentes \u00e1reas implicadas.<\/p>\n\n\n\n<figure class=\"wp-block-image size-large\"><img data-recalc-dims=\"1\" fetchpriority=\"high\" decoding=\"async\" width=\"1024\" height=\"682\" src=\"https:\/\/i0.wp.com\/elregionalvm.com.ar\/noticias-villa-maria\/wp-content\/uploads\/2021\/04\/WhatsApp-Image-2021-04-01-at-20.32.46.jpeg?resize=1024%2C682&#038;ssl=1\" alt=\"\" class=\"wp-image-35223\" srcset=\"https:\/\/i0.wp.com\/elregionalvm.com.ar\/noticias-villa-maria\/wp-content\/uploads\/2021\/04\/WhatsApp-Image-2021-04-01-at-20.32.46.jpeg?resize=1024%2C682&amp;ssl=1 1024w, https:\/\/i0.wp.com\/elregionalvm.com.ar\/noticias-villa-maria\/wp-content\/uploads\/2021\/04\/WhatsApp-Image-2021-04-01-at-20.32.46.jpeg?resize=300%2C200&amp;ssl=1 300w, https:\/\/i0.wp.com\/elregionalvm.com.ar\/noticias-villa-maria\/wp-content\/uploads\/2021\/04\/WhatsApp-Image-2021-04-01-at-20.32.46.jpeg?resize=768%2C512&amp;ssl=1 768w, https:\/\/i0.wp.com\/elregionalvm.com.ar\/noticias-villa-maria\/wp-content\/uploads\/2021\/04\/WhatsApp-Image-2021-04-01-at-20.32.46.jpeg?w=1280&amp;ssl=1 1280w\" sizes=\"(max-width: 1000px) 100vw, 1000px\" \/><\/figure>\n","protected":false},"excerpt":{"rendered":"<p>El intendente interino, Pablo Rosso, encabez\u00f3 esta tarde una reuni\u00f3n de Gabinete ampliado en la sede del Gobierno local, donde fueron convocados los secretarios de todas las \u00e1reas y representantes de los equipos de Salud, Inclusi\u00f3n Social y Territorio, y Gobierno. En el encuentro, en el que tambi\u00e9n se hizo presente el secretario de Obras [&hellip;]<\/p>\n","protected":false},"author":4,"featured_media":35222,"comment_status":"open","ping_status":"open","sticky":false,"template":"","format":"standard","meta":{"site-sidebar-layout":"default","site-content-layout":"default","ast-site-content-layout":"default","site-content-style":"default","site-sidebar-style":"default","ast-global-header-display":"","ast-banner-title-visibility":"","ast-main-header-display":"","ast-hfb-above-header-display":"","ast-hfb-below-header-display":"","ast-hfb-mobile-header-display":"","site-post-title":"","ast-breadcrumbs-content":"","ast-featured-img":"","footer-sml-layout":"","ast-disable-related-posts":"","theme-transparent-header-meta":"default","adv-header-id-meta":"","stick-header-meta":"","header-above-stick-meta":"","header-main-stick-meta":"","header-below-stick-meta":"","astra-migrate-meta-layouts":"default","ast-page-background-enabled":"default","ast-page-background-meta":{"desktop":{"background-color":"","background-image":"","background-repeat":"repeat","background-position":"center center","background-size":"auto","background-attachment":"scroll","background-type":"","background-media":"","overlay-type":"","overlay-color":"","overlay-opacity":"","overlay-gradient":""},"tablet":{"background-color":"","background-image":"","background-repeat":"repeat","background-position":"center center","background-size":"auto","background-attachment":"scroll","background-type":"","background-media":"","overlay-type":"","overlay-color":"","overlay-opacity":"","overlay-gradient":""},"mobile":{"background-color":"","background-image":"","background-repeat":"repeat","background-position":"center center","background-size":"auto","background-attachment":"scroll","background-type":"","background-media":"","overlay-type":"","overlay-color":"","overlay-opacity":"","overlay-gradient":""}},"ast-content-background-meta":{"desktop":{"background-color":"var(--ast-global-color-5)","background-image":"","background-repeat":"repeat","background-position":"center center","background-size":"auto","background-attachment":"scroll","background-type":"","background-media":"","overlay-type":"","overlay-color":"","overlay-opacity":"","overlay-gradient":""},"tablet":{"background-color":"var(--ast-global-color-5)","background-image":"","background-repeat":"repeat","background-position":"center center","background-size":"auto","background-attachment":"scroll","background-type":"","background-media":"","overlay-type":"","overlay-color":"","overlay-opacity":"","overlay-gradient":""},"mobile":{"background-color":"var(--ast-global-color-5)","background-image":"","background-repeat":"repeat","background-position":"center center","background-size":"auto","background-attachment":"scroll","background-type":"","background-media":"","overlay-type":"","overlay-color":"","overlay-opacity":"","overlay-gradient":""}},"_jetpack_memberships_contains_paid_content":false,"_joinchat":[],"footnotes":""},"categories":[2256,2,1408],"tags":[7378,4002,1232,8078,8077,2248,232],"class_list":["post-35221","post","type-post","status-publish","format-standard","has-post-thumbnail","hentry","category-coronavirus","category-villa-maria","category-villa-nueva","tag-conglomerado-local","tag-curva-ascendente","tag-destacado","tag-esfuerzos-coordinados","tag-reunion-gabinete-ampliado","tag-villa-maria-2","tag-villa-nueva"],"yoast_head":"<!-- This site is optimized with the Yoast SEO plugin v26.8 - https:\/\/yoast.com\/product\/yoast-seo-wordpress\/ -->\n<title>Villa Mar\u00eda y Villa Nueva coordinan esfuerzos ante la curva ascendente de casos - El Regional<\/title>\n<meta name=\"robots\" content=\"index, follow, max-snippet:-1, max-image-preview:large, max-video-preview:-1\" \/>\n<link rel=\"canonical\" href=\"http:\/\/elregionalvm.com.ar\/noticias-villa-maria\/villa-maria-y-villa-nueva-coordinan-esfuerzos-ante-la-curva-ascendente-de-casos\/\" \/>\n<meta property=\"og:locale\" content=\"es_ES\" \/>\n<meta property=\"og:type\" content=\"article\" \/>\n<meta property=\"og:title\" content=\"Villa Mar\u00eda y Villa Nueva coordinan esfuerzos ante la curva ascendente de casos - El Regional\" \/>\n<meta property=\"og:description\" content=\"El intendente interino, Pablo Rosso, encabez\u00f3 esta tarde una reuni\u00f3n de Gabinete ampliado en la sede del Gobierno local, donde fueron convocados los secretarios de todas las \u00e1reas y representantes de los equipos de Salud, Inclusi\u00f3n Social y Territorio, y Gobierno. En el encuentro, en el que tambi\u00e9n se hizo presente el secretario de Obras [&hellip;]\" \/>\n<meta property=\"og:url\" content=\"http:\/\/elregionalvm.com.ar\/noticias-villa-maria\/villa-maria-y-villa-nueva-coordinan-esfuerzos-ante-la-curva-ascendente-de-casos\/\" \/>\n<meta property=\"og:site_name\" content=\"El Regional\" \/>\n<meta property=\"article:publisher\" content=\"https:\/\/www.facebook.com\/elregionalvm\" \/>\n<meta property=\"article:published_time\" content=\"2021-04-01T23:41:10+00:00\" \/>\n<meta property=\"article:modified_time\" content=\"2021-04-01T23:41:11+00:00\" \/>\n<meta property=\"og:image\" content=\"http:\/\/elregionalvm.com.ar\/noticias-villa-maria\/wp-content\/uploads\/2021\/04\/WhatsApp-Image-2021-04-01-at-20.32.47.jpeg\" \/>\n\t<meta property=\"og:image:width\" content=\"1280\" \/>\n\t<meta property=\"og:image:height\" content=\"853\" \/>\n\t<meta property=\"og:image:type\" content=\"image\/jpeg\" \/>\n<meta name=\"author\" content=\"Contenidos El Regional\" \/>\n<meta name=\"twitter:card\" content=\"summary_large_image\" \/>\n<meta name=\"twitter:creator\" content=\"@elregionalvm1\" \/>\n<meta name=\"twitter:site\" content=\"@elregionalvm1\" \/>\n<meta name=\"twitter:label1\" content=\"Escrito por\" \/>\n\t<meta name=\"twitter:data1\" content=\"Contenidos El Regional\" \/>\n\t<meta name=\"twitter:label2\" content=\"Tiempo de lectura\" \/>\n\t<meta name=\"twitter:data2\" content=\"2 minutos\" \/>\n<script type=\"application\/ld+json\" class=\"yoast-schema-graph\">{\"@context\":\"https:\/\/schema.org\",\"@graph\":[{\"@type\":\"Article\",\"@id\":\"http:\/\/elregionalvm.com.ar\/noticias-villa-maria\/villa-maria-y-villa-nueva-coordinan-esfuerzos-ante-la-curva-ascendente-de-casos\/#article\",\"isPartOf\":{\"@id\":\"http:\/\/elregionalvm.com.ar\/noticias-villa-maria\/villa-maria-y-villa-nueva-coordinan-esfuerzos-ante-la-curva-ascendente-de-casos\/\"},\"author\":{\"name\":\"Contenidos El Regional\",\"@id\":\"http:\/\/elregionalvm.com.ar\/noticias-villa-maria\/#\/schema\/person\/a0fb9c422317faca23d50163151bc354\"},\"headline\":\"Villa Mar\u00eda y Villa Nueva coordinan esfuerzos ante la curva ascendente de casos\",\"datePublished\":\"2021-04-01T23:41:10+00:00\",\"dateModified\":\"2021-04-01T23:41:11+00:00\",\"mainEntityOfPage\":{\"@id\":\"http:\/\/elregionalvm.com.ar\/noticias-villa-maria\/villa-maria-y-villa-nueva-coordinan-esfuerzos-ante-la-curva-ascendente-de-casos\/\"},\"wordCount\":255,\"commentCount\":0,\"image\":{\"@id\":\"http:\/\/elregionalvm.com.ar\/noticias-villa-maria\/villa-maria-y-villa-nueva-coordinan-esfuerzos-ante-la-curva-ascendente-de-casos\/#primaryimage\"},\"thumbnailUrl\":\"https:\/\/i0.wp.com\/elregionalvm.com.ar\/noticias-villa-maria\/wp-content\/uploads\/2021\/04\/WhatsApp-Image-2021-04-01-at-20.32.47.jpeg?fit=1280%2C853&ssl=1\",\"keywords\":[\"conglomerado local\",\"curva ascendente\",\"destacado\",\"esfuerzos coordinados\",\"reuni\u00f3n gabinete ampliado\",\"Villa Mar\u00eda\",\"VILLA NUEVA\"],\"articleSection\":[\"Coronavirus\",\"Villa Mar\u00eda\",\"Villa Nueva\"],\"inLanguage\":\"es\",\"potentialAction\":[{\"@type\":\"CommentAction\",\"name\":\"Comment\",\"target\":[\"http:\/\/elregionalvm.com.ar\/noticias-villa-maria\/villa-maria-y-villa-nueva-coordinan-esfuerzos-ante-la-curva-ascendente-de-casos\/#respond\"]}]},{\"@type\":\"WebPage\",\"@id\":\"http:\/\/elregionalvm.com.ar\/noticias-villa-maria\/villa-maria-y-villa-nueva-coordinan-esfuerzos-ante-la-curva-ascendente-de-casos\/\",\"url\":\"http:\/\/elregionalvm.com.ar\/noticias-villa-maria\/villa-maria-y-villa-nueva-coordinan-esfuerzos-ante-la-curva-ascendente-de-casos\/\",\"name\":\"Villa Mar\u00eda y Villa Nueva coordinan esfuerzos ante la curva ascendente de casos - El Regional\",\"isPartOf\":{\"@id\":\"http:\/\/elregionalvm.com.ar\/noticias-villa-maria\/#website\"},\"primaryImageOfPage\":{\"@id\":\"http:\/\/elregionalvm.com.ar\/noticias-villa-maria\/villa-maria-y-villa-nueva-coordinan-esfuerzos-ante-la-curva-ascendente-de-casos\/#primaryimage\"},\"image\":{\"@id\":\"http:\/\/elregionalvm.com.ar\/noticias-villa-maria\/villa-maria-y-villa-nueva-coordinan-esfuerzos-ante-la-curva-ascendente-de-casos\/#primaryimage\"},\"thumbnailUrl\":\"https:\/\/i0.wp.com\/elregionalvm.com.ar\/noticias-villa-maria\/wp-content\/uploads\/2021\/04\/WhatsApp-Image-2021-04-01-at-20.32.47.jpeg?fit=1280%2C853&ssl=1\",\"datePublished\":\"2021-04-01T23:41:10+00:00\",\"dateModified\":\"2021-04-01T23:41:11+00:00\",\"author\":{\"@id\":\"http:\/\/elregionalvm.com.ar\/noticias-villa-maria\/#\/schema\/person\/a0fb9c422317faca23d50163151bc354\"},\"breadcrumb\":{\"@id\":\"http:\/\/elregionalvm.com.ar\/noticias-villa-maria\/villa-maria-y-villa-nueva-coordinan-esfuerzos-ante-la-curva-ascendente-de-casos\/#breadcrumb\"},\"inLanguage\":\"es\",\"potentialAction\":[{\"@type\":\"ReadAction\",\"target\":[\"http:\/\/elregionalvm.com.ar\/noticias-villa-maria\/villa-maria-y-villa-nueva-coordinan-esfuerzos-ante-la-curva-ascendente-de-casos\/\"]}]},{\"@type\":\"ImageObject\",\"inLanguage\":\"es\",\"@id\":\"http:\/\/elregionalvm.com.ar\/noticias-villa-maria\/villa-maria-y-villa-nueva-coordinan-esfuerzos-ante-la-curva-ascendente-de-casos\/#primaryimage\",\"url\":\"https:\/\/i0.wp.com\/elregionalvm.com.ar\/noticias-villa-maria\/wp-content\/uploads\/2021\/04\/WhatsApp-Image-2021-04-01-at-20.32.47.jpeg?fit=1280%2C853&ssl=1\",\"contentUrl\":\"https:\/\/i0.wp.com\/elregionalvm.com.ar\/noticias-villa-maria\/wp-content\/uploads\/2021\/04\/WhatsApp-Image-2021-04-01-at-20.32.47.jpeg?fit=1280%2C853&ssl=1\",\"width\":1280,\"height\":853},{\"@type\":\"BreadcrumbList\",\"@id\":\"http:\/\/elregionalvm.com.ar\/noticias-villa-maria\/villa-maria-y-villa-nueva-coordinan-esfuerzos-ante-la-curva-ascendente-de-casos\/#breadcrumb\",\"itemListElement\":[{\"@type\":\"ListItem\",\"position\":1,\"name\":\"Portada\",\"item\":\"https:\/\/elregionalvm.com.ar\/noticias-villa-maria\/\"},{\"@type\":\"ListItem\",\"position\":2,\"name\":\"Villa Mar\u00eda y Villa Nueva coordinan esfuerzos ante la curva ascendente de casos\"}]},{\"@type\":\"WebSite\",\"@id\":\"http:\/\/elregionalvm.com.ar\/noticias-villa-maria\/#website\",\"url\":\"http:\/\/elregionalvm.com.ar\/noticias-villa-maria\/\",\"name\":\"El Regional\",\"description\":\"Mucho m\u00e1s que informaci\u00f3n\",\"potentialAction\":[{\"@type\":\"SearchAction\",\"target\":{\"@type\":\"EntryPoint\",\"urlTemplate\":\"http:\/\/elregionalvm.com.ar\/noticias-villa-maria\/?s={search_term_string}\"},\"query-input\":{\"@type\":\"PropertyValueSpecification\",\"valueRequired\":true,\"valueName\":\"search_term_string\"}}],\"inLanguage\":\"es\"},{\"@type\":\"Person\",\"@id\":\"http:\/\/elregionalvm.com.ar\/noticias-villa-maria\/#\/schema\/person\/a0fb9c422317faca23d50163151bc354\",\"name\":\"Contenidos El Regional\",\"image\":{\"@type\":\"ImageObject\",\"inLanguage\":\"es\",\"@id\":\"http:\/\/elregionalvm.com.ar\/noticias-villa-maria\/#\/schema\/person\/image\/\",\"url\":\"https:\/\/secure.gravatar.com\/avatar\/265b27cb2209af7bb3a1318f03305787d7981a5cc6e6cd08fe5a4ecdf99d4b48?s=96&d=mm&r=g\",\"contentUrl\":\"https:\/\/secure.gravatar.com\/avatar\/265b27cb2209af7bb3a1318f03305787d7981a5cc6e6cd08fe5a4ecdf99d4b48?s=96&d=mm&r=g\",\"caption\":\"Contenidos El Regional\"},\"url\":\"https:\/\/elregionalvm.com.ar\/noticias-villa-maria\/author\/contenido\/\"}]}<\/script>\n<!-- \/ Yoast SEO plugin. -->","yoast_head_json":{"title":"Villa Mar\u00eda y Villa Nueva coordinan esfuerzos ante la curva ascendente de casos - El Regional","robots":{"index":"index","follow":"follow","max-snippet":"max-snippet:-1","max-image-preview":"max-image-preview:large","max-video-preview":"max-video-preview:-1"},"canonical":"http:\/\/elregionalvm.com.ar\/noticias-villa-maria\/villa-maria-y-villa-nueva-coordinan-esfuerzos-ante-la-curva-ascendente-de-casos\/","og_locale":"es_ES","og_type":"article","og_title":"Villa Mar\u00eda y Villa Nueva coordinan esfuerzos ante la curva ascendente de casos - El Regional","og_description":"El intendente interino, Pablo Rosso, encabez\u00f3 esta tarde una reuni\u00f3n de Gabinete ampliado en la sede del Gobierno local, donde fueron convocados los secretarios de todas las \u00e1reas y representantes de los equipos de Salud, Inclusi\u00f3n Social y Territorio, y Gobierno. En el encuentro, en el que tambi\u00e9n se hizo presente el secretario de Obras [&hellip;]","og_url":"http:\/\/elregionalvm.com.ar\/noticias-villa-maria\/villa-maria-y-villa-nueva-coordinan-esfuerzos-ante-la-curva-ascendente-de-casos\/","og_site_name":"El Regional","article_publisher":"https:\/\/www.facebook.com\/elregionalvm","article_published_time":"2021-04-01T23:41:10+00:00","article_modified_time":"2021-04-01T23:41:11+00:00","og_image":[{"width":1280,"height":853,"url":"http:\/\/elregionalvm.com.ar\/noticias-villa-maria\/wp-content\/uploads\/2021\/04\/WhatsApp-Image-2021-04-01-at-20.32.47.jpeg","type":"image\/jpeg"}],"author":"Contenidos El Regional","twitter_card":"summary_large_image","twitter_creator":"@elregionalvm1","twitter_site":"@elregionalvm1","twitter_misc":{"Escrito por":"Contenidos El Regional","Tiempo de lectura":"2 minutos"},"schema":{"@context":"https:\/\/schema.org","@graph":[{"@type":"Article","@id":"http:\/\/elregionalvm.com.ar\/noticias-villa-maria\/villa-maria-y-villa-nueva-coordinan-esfuerzos-ante-la-curva-ascendente-de-casos\/#article","isPartOf":{"@id":"http:\/\/elregionalvm.com.ar\/noticias-villa-maria\/villa-maria-y-villa-nueva-coordinan-esfuerzos-ante-la-curva-ascendente-de-casos\/"},"author":{"name":"Contenidos El Regional","@id":"http:\/\/elregionalvm.com.ar\/noticias-villa-maria\/#\/schema\/person\/a0fb9c422317faca23d50163151bc354"},"headline":"Villa Mar\u00eda y Villa Nueva coordinan esfuerzos ante la curva ascendente de casos","datePublished":"2021-04-01T23:41:10+00:00","dateModified":"2021-04-01T23:41:11+00:00","mainEntityOfPage":{"@id":"http:\/\/elregionalvm.com.ar\/noticias-villa-maria\/villa-maria-y-villa-nueva-coordinan-esfuerzos-ante-la-curva-ascendente-de-casos\/"},"wordCount":255,"commentCount":0,"image":{"@id":"http:\/\/elregionalvm.com.ar\/noticias-villa-maria\/villa-maria-y-villa-nueva-coordinan-esfuerzos-ante-la-curva-ascendente-de-casos\/#primaryimage"},"thumbnailUrl":"https:\/\/i0.wp.com\/elregionalvm.com.ar\/noticias-villa-maria\/wp-content\/uploads\/2021\/04\/WhatsApp-Image-2021-04-01-at-20.32.47.jpeg?fit=1280%2C853&ssl=1","keywords":["conglomerado local","curva ascendente","destacado","esfuerzos coordinados","reuni\u00f3n gabinete ampliado","Villa Mar\u00eda","VILLA NUEVA"],"articleSection":["Coronavirus","Villa Mar\u00eda","Villa Nueva"],"inLanguage":"es","potentialAction":[{"@type":"CommentAction","name":"Comment","target":["http:\/\/elregionalvm.com.ar\/noticias-villa-maria\/villa-maria-y-villa-nueva-coordinan-esfuerzos-ante-la-curva-ascendente-de-casos\/#respond"]}]},{"@type":"WebPage","@id":"http:\/\/elregionalvm.com.ar\/noticias-villa-maria\/villa-maria-y-villa-nueva-coordinan-esfuerzos-ante-la-curva-ascendente-de-casos\/","url":"http:\/\/elregionalvm.com.ar\/noticias-villa-maria\/villa-maria-y-villa-nueva-coordinan-esfuerzos-ante-la-curva-ascendente-de-casos\/","name":"Villa Mar\u00eda y Villa Nueva coordinan esfuerzos ante la curva ascendente de casos - El Regional","isPartOf":{"@id":"http:\/\/elregionalvm.com.ar\/noticias-villa-maria\/#website"},"primaryImageOfPage":{"@id":"http:\/\/elregionalvm.com.ar\/noticias-villa-maria\/villa-maria-y-villa-nueva-coordinan-esfuerzos-ante-la-curva-ascendente-de-casos\/#primaryimage"},"image":{"@id":"http:\/\/elregionalvm.com.ar\/noticias-villa-maria\/villa-maria-y-villa-nueva-coordinan-esfuerzos-ante-la-curva-ascendente-de-casos\/#primaryimage"},"thumbnailUrl":"https:\/\/i0.wp.com\/elregionalvm.com.ar\/noticias-villa-maria\/wp-content\/uploads\/2021\/04\/WhatsApp-Image-2021-04-01-at-20.32.47.jpeg?fit=1280%2C853&ssl=1","datePublished":"2021-04-01T23:41:10+00:00","dateModified":"2021-04-01T23:41:11+00:00","author":{"@id":"http:\/\/elregionalvm.com.ar\/noticias-villa-maria\/#\/schema\/person\/a0fb9c422317faca23d50163151bc354"},"breadcrumb":{"@id":"http:\/\/elregionalvm.com.ar\/noticias-villa-maria\/villa-maria-y-villa-nueva-coordinan-esfuerzos-ante-la-curva-ascendente-de-casos\/#breadcrumb"},"inLanguage":"es","potentialAction":[{"@type":"ReadAction","target":["http:\/\/elregionalvm.com.ar\/noticias-villa-maria\/villa-maria-y-villa-nueva-coordinan-esfuerzos-ante-la-curva-ascendente-de-casos\/"]}]},{"@type":"ImageObject","inLanguage":"es","@id":"http:\/\/elregionalvm.com.ar\/noticias-villa-maria\/villa-maria-y-villa-nueva-coordinan-esfuerzos-ante-la-curva-ascendente-de-casos\/#primaryimage","url":"https:\/\/i0.wp.com\/elregionalvm.com.ar\/noticias-villa-maria\/wp-content\/uploads\/2021\/04\/WhatsApp-Image-2021-04-01-at-20.32.47.jpeg?fit=1280%2C853&ssl=1","contentUrl":"https:\/\/i0.wp.com\/elregionalvm.com.ar\/noticias-villa-maria\/wp-content\/uploads\/2021\/04\/WhatsApp-Image-2021-04-01-at-20.32.47.jpeg?fit=1280%2C853&ssl=1","width":1280,"height":853},{"@type":"BreadcrumbList","@id":"http:\/\/elregionalvm.com.ar\/noticias-villa-maria\/villa-maria-y-villa-nueva-coordinan-esfuerzos-ante-la-curva-ascendente-de-casos\/#breadcrumb","itemListElement":[{"@type":"ListItem","position":1,"name":"Portada","item":"https:\/\/elregionalvm.com.ar\/noticias-villa-maria\/"},{"@type":"ListItem","position":2,"name":"Villa Mar\u00eda y Villa Nueva coordinan esfuerzos ante la curva ascendente de casos"}]},{"@type":"WebSite","@id":"http:\/\/elregionalvm.com.ar\/noticias-villa-maria\/#website","url":"http:\/\/elregionalvm.com.ar\/noticias-villa-maria\/","name":"El Regional","description":"Mucho m\u00e1s que informaci\u00f3n","potentialAction":[{"@type":"SearchAction","target":{"@type":"EntryPoint","urlTemplate":"http:\/\/elregionalvm.com.ar\/noticias-villa-maria\/?s={search_term_string}"},"query-input":{"@type":"PropertyValueSpecification","valueRequired":true,"valueName":"search_term_string"}}],"inLanguage":"es"},{"@type":"Person","@id":"http:\/\/elregionalvm.com.ar\/noticias-villa-maria\/#\/schema\/person\/a0fb9c422317faca23d50163151bc354","name":"Contenidos El Regional","image":{"@type":"ImageObject","inLanguage":"es","@id":"http:\/\/elregionalvm.com.ar\/noticias-villa-maria\/#\/schema\/person\/image\/","url":"https:\/\/secure.gravatar.com\/avatar\/265b27cb2209af7bb3a1318f03305787d7981a5cc6e6cd08fe5a4ecdf99d4b48?s=96&d=mm&r=g","contentUrl":"https:\/\/secure.gravatar.com\/avatar\/265b27cb2209af7bb3a1318f03305787d7981a5cc6e6cd08fe5a4ecdf99d4b48?s=96&d=mm&r=g","caption":"Contenidos El Regional"},"url":"https:\/\/elregionalvm.com.ar\/noticias-villa-maria\/author\/contenido\/"}]}},"jetpack_featured_media_url":"https:\/\/i0.wp.com\/elregionalvm.com.ar\/noticias-villa-maria\/wp-content\/uploads\/2021\/04\/WhatsApp-Image-2021-04-01-at-20.32.47.jpeg?fit=1280%2C853&ssl=1","jetpack_sharing_enabled":true,"_links":{"self":[{"href":"https:\/\/elregionalvm.com.ar\/noticias-villa-maria\/wp-json\/wp\/v2\/posts\/35221","targetHints":{"allow":["GET"]}}],"collection":[{"href":"https:\/\/elregionalvm.com.ar\/noticias-villa-maria\/wp-json\/wp\/v2\/posts"}],"about":[{"href":"https:\/\/elregionalvm.com.ar\/noticias-villa-maria\/wp-json\/wp\/v2\/types\/post"}],"author":[{"embeddable":true,"href":"https:\/\/elregionalvm.com.ar\/noticias-villa-maria\/wp-json\/wp\/v2\/users\/4"}],"replies":[{"embeddable":true,"href":"https:\/\/elregionalvm.com.ar\/noticias-villa-maria\/wp-json\/wp\/v2\/comments?post=35221"}],"version-history":[{"count":1,"href":"https:\/\/elregionalvm.com.ar\/noticias-villa-maria\/wp-json\/wp\/v2\/posts\/35221\/revisions"}],"predecessor-version":[{"id":35224,"href":"https:\/\/elregionalvm.com.ar\/noticias-villa-maria\/wp-json\/wp\/v2\/posts\/35221\/revisions\/35224"}],"wp:featuredmedia":[{"embeddable":true,"href":"https:\/\/elregionalvm.com.ar\/noticias-villa-maria\/wp-json\/wp\/v2\/media\/35222"}],"wp:attachment":[{"href":"https:\/\/elregionalvm.com.ar\/noticias-villa-maria\/wp-json\/wp\/v2\/media?parent=35221"}],"wp:term":[{"taxonomy":"category","embeddable":true,"href":"https:\/\/elregionalvm.com.ar\/noticias-villa-maria\/wp-json\/wp\/v2\/categories?post=35221"},{"taxonomy":"post_tag","embeddable":true,"href":"https:\/\/elregionalvm.com.ar\/noticias-villa-maria\/wp-json\/wp\/v2\/tags?post=35221"}],"curies":[{"name":"wp","href":"https:\/\/api.w.org\/{rel}","templated":true}]}}