{"id":35441,"date":"2021-04-06T02:29:22","date_gmt":"2021-04-06T02:29:22","guid":{"rendered":"https:\/\/elregionalvm.com.ar\/noticias-villa-maria\/?p=35441"},"modified":"2021-04-07T03:12:27","modified_gmt":"2021-04-07T03:12:27","slug":"la-cumparsita-timba-juicios-y-los-papelones-detras-de-un-himno-mundial","status":"publish","type":"post","link":"https:\/\/elregionalvm.com.ar\/noticias-villa-maria\/la-cumparsita-timba-juicios-y-los-papelones-detras-de-un-himno-mundial\/","title":{"rendered":"\u201cLa Cumparsita\u201d: timba, juicios y los papelones detr\u00e1s de un himno mundial"},"content":{"rendered":"\n<p><\/p>\n\n\n\n<p><strong>Escribe: Julio A. Ben\u00edtez \u2013 <a href=\"mailto:benitezjulioalberto@gmail.com\">benitezjulioalberto@gmail.com<\/a><\/strong><\/p>\n\n\n\n<p>La Cumparsita es uno de esos tangos inolvidables. Fue compuesta por Gerardo Matos Rodr\u00edguez (Montevideo 18 o 28\/03\/1897- 25\/04\/1948) (Becho para sus amigos), con fecha imprecisa. Pudo haber sido a fines de 1915 o principios de 1916, estudiante de arquitectura; estaba en cama, reponi\u00e9ndose de un problema de salud. Su pap\u00e1, Emilio Mattos, era due\u00f1o del famoso cabaret Moulin Rouge.<\/p>\n\n\n\n<p>Estudiante de arquitectura, en un teclado de piano dibujado en un cart\u00f3n escribi\u00f3 la m\u00fasica, como una marcha para una mascarada estudiantil, mezcla de Facultad de Medicina y Federaci\u00f3n de Estudiantes Universitarios de Uruguay para las fiestas carnestolendas y su primer nombre fue \u201cLa Comparsa\u201d para ser, despu\u00e9s, definitivamente, \u201cLa Cumparsita\u201d.<\/p>\n\n\n\n<p>Luego se la mostr\u00f3 al pianista Roberto Firpo, que actuaba en Montevideo, quien le pidi\u00f3 a Carlos Warren (pianista, director de orquesta y compositor uruguayo) que a dicha marcha la convirtiera en tango. Le agreg\u00f3 una secci\u00f3n y Firpo de su repertorio le sum\u00f3 una parte de la instrumentaci\u00f3n de su tango \u201cLa Gaucha Manuela\u201d.<\/p>\n\n\n\n<p><\/p>\n\n\n\n<figure class=\"wp-block-image size-large\"><img data-recalc-dims=\"1\" fetchpriority=\"high\" decoding=\"async\" width=\"1024\" height=\"616\" src=\"https:\/\/i0.wp.com\/elregionalvm.com.ar\/noticias-villa-maria\/wp-content\/uploads\/2021\/04\/Aca-se-estreno-La-Cumparsita.Montevideo.Pianista-Roberto-Firpo.17.4.1917.png?resize=1024%2C616&#038;ssl=1\" alt=\"\" class=\"wp-image-35451\" srcset=\"https:\/\/i0.wp.com\/elregionalvm.com.ar\/noticias-villa-maria\/wp-content\/uploads\/2021\/04\/Aca-se-estreno-La-Cumparsita.Montevideo.Pianista-Roberto-Firpo.17.4.1917.png?resize=1024%2C616&amp;ssl=1 1024w, https:\/\/i0.wp.com\/elregionalvm.com.ar\/noticias-villa-maria\/wp-content\/uploads\/2021\/04\/Aca-se-estreno-La-Cumparsita.Montevideo.Pianista-Roberto-Firpo.17.4.1917.png?resize=300%2C180&amp;ssl=1 300w, https:\/\/i0.wp.com\/elregionalvm.com.ar\/noticias-villa-maria\/wp-content\/uploads\/2021\/04\/Aca-se-estreno-La-Cumparsita.Montevideo.Pianista-Roberto-Firpo.17.4.1917.png?resize=768%2C462&amp;ssl=1 768w, https:\/\/i0.wp.com\/elregionalvm.com.ar\/noticias-villa-maria\/wp-content\/uploads\/2021\/04\/Aca-se-estreno-La-Cumparsita.Montevideo.Pianista-Roberto-Firpo.17.4.1917.png?w=1048&amp;ssl=1 1048w\" sizes=\"(max-width: 1000px) 100vw, 1000px\" \/><figcaption><em>Lugar donde se estren\u00f3 La Cumparsita en Uruguay. <\/em><\/figcaption><\/figure>\n\n\n\n<p><\/p>\n\n\n\n<p><\/p>\n\n\n\n<p>Momento en que Firpo le dijo al joven Gerardo\u2026<\/p>\n\n\n\n<p>-Ahora podemos firmar un acuerdo como que la canci\u00f3n es autor\u00eda de los dos, dado que a m\u00ed ya me conocen y t\u00fa eres un desconocido.<\/p>\n\n\n\n<p>La respuesta fue rotunda\u2026<\/p>\n\n\n\n<p>\u2013No, no, yo soy el autor as\u00ed que la registrar\u00e9 a mi nombre, si usted puede y quiere, interpr\u00e9tela en el lugar que acostumbra a actuar.<\/p>\n\n\n\n<p>Roberto Firpo la estren\u00f3 con su cuarteto, con \u00e9l al piano y viol\u00edn, bandone\u00f3n y clarinete, en la famosa confiter\u00eda \u201cLa Giralda\u201d (Palacio Salvo), que tuvo como resultado una breve notoriedad inicial y un pronto olvido.<\/p>\n\n\n\n<p>Aparecieron dos discos del sello Ode\u00f3n, el primero grabado por el mismo Roberto Firpo con su conjunto y el segundo por la orquesta de Alonso-Minotto.<\/p>\n\n\n\n<p><strong>A la timba<\/strong><\/p>\n\n\n\n<p>Roberto Firpo, sin autorizaci\u00f3n de su autor, la toc\u00f3 en el \u201cCaf\u00e9 Iglesias\u201d, en Buenos Aires, cuando ya Gerardo Matos Rodr\u00edguez le hab\u00eda vendido todos sus derechos a la \u201cEditorial Breyer Hermanos\u201d, en Buenos Aires.<\/p>\n\n\n\n<p>El valor por registrar la autor\u00eda de una canci\u00f3n era de $5.oo oro (cinco pesos oro) (a \u00e9l le abonaron, no se sabe porqu\u00e9 motivo), 20 copias en papel de la canci\u00f3n y la interesante suma para la \u00e9poca de $50.oo oro (cincuenta pesos oro) que Gerardo los cambi\u00f3 por dinero uruguayo y de all\u00ed a Montevideo, al Hip\u00f3dromo Maro\u00f1as, donde jug\u00f3 todo &nbsp;a un caballo, que no gan\u00f3.<\/p>\n\n\n\n<p>Mientras tanto, los m\u00fasicos Contursi y Maroni, por su cuenta, le escribieron una letra a esa m\u00fasica, con el t\u00edtulo \u201cSi Supieras\u201d (Si supieras que nunca te he olvidado\u2026) que cant\u00f3 Carlos Gardel en 1924, acompa\u00f1ado por sus guitarristas Ricardo y Barbieri para el sello Ode\u00f3n.<\/p>\n\n\n\n<p><\/p>\n\n\n\n<figure class=\"wp-block-gallery columns-2 is-cropped wp-block-gallery-1 is-layout-flex wp-block-gallery-is-layout-flex\"><ul class=\"blocks-gallery-grid\"><li class=\"blocks-gallery-item\"><figure><img data-recalc-dims=\"1\" decoding=\"async\" width=\"760\" height=\"380\" src=\"https:\/\/i0.wp.com\/elregionalvm.com.ar\/noticias-villa-maria\/wp-content\/uploads\/2021\/04\/gerardo-matos-rodriguez.jpg?resize=760%2C380&#038;ssl=1\" alt=\"\" data-id=\"35449\" data-link=\"https:\/\/elregionalvm.com.ar\/noticias-villa-maria\/?attachment_id=35449\" class=\"wp-image-35449\" srcset=\"https:\/\/i0.wp.com\/elregionalvm.com.ar\/noticias-villa-maria\/wp-content\/uploads\/2021\/04\/gerardo-matos-rodriguez.jpg?w=760&amp;ssl=1 760w, https:\/\/i0.wp.com\/elregionalvm.com.ar\/noticias-villa-maria\/wp-content\/uploads\/2021\/04\/gerardo-matos-rodriguez.jpg?resize=300%2C150&amp;ssl=1 300w\" sizes=\"(max-width: 760px) 100vw, 760px\" \/><\/figure><\/li><li class=\"blocks-gallery-item\"><figure><img data-recalc-dims=\"1\" decoding=\"async\" width=\"720\" height=\"540\" src=\"https:\/\/i0.wp.com\/elregionalvm.com.ar\/noticias-villa-maria\/wp-content\/uploads\/2021\/04\/Partitura-del-tango.jpg?resize=720%2C540&#038;ssl=1\" alt=\"\" data-id=\"35450\" data-full-url=\"https:\/\/elregionalvm.com.ar\/noticias-villa-maria\/wp-content\/uploads\/2021\/04\/Partitura-del-tango.jpg\" data-link=\"https:\/\/elregionalvm.com.ar\/noticias-villa-maria\/?attachment_id=35450\" class=\"wp-image-35450\" srcset=\"https:\/\/i0.wp.com\/elregionalvm.com.ar\/noticias-villa-maria\/wp-content\/uploads\/2021\/04\/Partitura-del-tango.jpg?w=720&amp;ssl=1 720w, https:\/\/i0.wp.com\/elregionalvm.com.ar\/noticias-villa-maria\/wp-content\/uploads\/2021\/04\/Partitura-del-tango.jpg?resize=300%2C225&amp;ssl=1 300w\" sizes=\"(max-width: 720px) 100vw, 720px\" \/><\/figure><\/li><\/ul><figcaption class=\"blocks-gallery-caption\"><em>Una imagen del autor del tango y la portada de la partitura. <\/em><\/figcaption><\/figure>\n\n\n\n<p><\/p>\n\n\n\n<p><strong>\u00c9xito mundial<\/strong><\/p>\n\n\n\n<p>Aqu\u00ed comienza la historia del rotundo \u00e9xito mundial de \u201cLa Cumparsita\u201d, el tango m\u00e1s grabado de todos los tiempos, el m\u00e1s representativo y el que todo el mundo reconoce de inmediato.<\/p>\n\n\n\n<p>Gerardo Matos Rodr\u00edguez hac\u00eda periodismo y su vida era compartida entre Buenos Aires, Montevideo y Par\u00eds. Como m\u00fasico escribi\u00f3 m\u00e1s de 70 tangos en partituras y m\u00e1s de 40 en discos, adem\u00e1s de ser compositor de canciones uruguayas.<\/p>\n\n\n\n<p>Grande fue su asombro, cuando lleg\u00f3 por primera vez a Par\u00eds y en todos los lugares, caf\u00e9s, restaurantes, publicidad callejera, en pel\u00edculas, en fin, se o\u00eda su m\u00fasica, su creaci\u00f3n, all\u00ed reci\u00e9n se dio cuenta de que su tango era ya famoso en Europa.&nbsp;<\/p>\n\n\n\n<p>Se supone, que en la capital francesa conoci\u00f3 a Carlos Gardel, con quien se hicieron grandes amigos, cuando el cantor interpret\u00f3 otra versi\u00f3n de su canci\u00f3n, con los mismos guitarristas, el 17 de diciembre de 1927.<\/p>\n\n\n\n<p>Otra grabaci\u00f3n, casi desconocida, de unos a\u00f1os antes, es la del cantante y guitarrista Mario Pardo, que la cant\u00f3 con las primeras estrofas de aquella marcha \u201cLa Comparsa\u201d, \u00e9poca en la que tambi\u00e9n apareci\u00f3 otra letra, de autor desconocido.<\/p>\n\n\n\n<p>Las protestas de Gerardo fueron inmediatas, quiz\u00e1s ning\u00fan otro tango haya originado tantos juicios y contrajuicios, que habr\u00edan perjudicado su salud, y que, tal vez, hayan precipitado su muerte, tan joven, a los 51 a\u00f1os.<\/p>\n\n\n\n<p><\/p>\n\n\n\n<figure class=\"wp-block-image size-large\"><img data-recalc-dims=\"1\" loading=\"lazy\" decoding=\"async\" width=\"1024\" height=\"768\" src=\"https:\/\/i0.wp.com\/elregionalvm.com.ar\/noticias-villa-maria\/wp-content\/uploads\/2021\/04\/La-cumparsita-baile-ilustrativa.jpg?resize=1024%2C768&#038;ssl=1\" alt=\"\" class=\"wp-image-35452\" srcset=\"https:\/\/i0.wp.com\/elregionalvm.com.ar\/noticias-villa-maria\/wp-content\/uploads\/2021\/04\/La-cumparsita-baile-ilustrativa.jpg?resize=1024%2C768&amp;ssl=1 1024w, https:\/\/i0.wp.com\/elregionalvm.com.ar\/noticias-villa-maria\/wp-content\/uploads\/2021\/04\/La-cumparsita-baile-ilustrativa.jpg?resize=300%2C225&amp;ssl=1 300w, https:\/\/i0.wp.com\/elregionalvm.com.ar\/noticias-villa-maria\/wp-content\/uploads\/2021\/04\/La-cumparsita-baile-ilustrativa.jpg?resize=768%2C576&amp;ssl=1 768w, https:\/\/i0.wp.com\/elregionalvm.com.ar\/noticias-villa-maria\/wp-content\/uploads\/2021\/04\/La-cumparsita-baile-ilustrativa.jpg?w=1200&amp;ssl=1 1200w\" sizes=\"(max-width: 1000px) 100vw, 1000px\" \/><figcaption><em>La Cumparsita es el tango m\u00e1s conocido a nivel mundial. <\/em><\/figcaption><\/figure>\n\n\n\n<p><\/p>\n\n\n\n<p><strong>Himno mundial del tango<\/strong><\/p>\n\n\n\n<p>Su canci\u00f3n fue incorporada a la UNESCO en la \u201cLista Representativa del Patrimonio Cultural Inmaterial de la Humanidad\u201d y adem\u00e1s es considerada como el \u201cHimno Mundial del Tango\u201d.<\/p>\n\n\n\n<p>Como cuando \u00e9l hab\u00eda vendido sus derechos de autor, que se cita anteriormente, era menor de edad, sus abogados consiguieron anular aquella venta, por lo que la justicia dio como resultado que el 80% de los ingresos correspond\u00eda a Gerardo y\/o herederos, y un 20% para Contursi y Maroni y\/o herederos, que la hab\u00edan rebautizado \u201cSi supieras\u201d.<\/p>\n\n\n\n<p>Matos Rodr\u00edguez manifest\u00f3 que, excepto en la primera aparici\u00f3n como \u201cLa Comparsa\u201d, escrita en su juventud, no deb\u00eda tener letra, \u00fanicamente era m\u00fasica para bailar.<\/p>\n\n\n\n<p>\u00bfY? \u201cLa Cumparsita\u201d es\u2026 \u00bfArgentina por la letra de \u201cSi supieras\u201d o uruguaya por el autor de su m\u00fasica?<\/p>\n\n\n\n<p><\/p>\n\n\n\n<p><em>Fuente: Libro \u201cLas mejores letras de tango\u201d \u2013 Autor H\u00e9ctor \u00c1ngel Benedetti \u2013 Escritor, investigador, coleccionista y cr\u00edtico literario \u2013 Naci\u00f3 en San Mart\u00edn (provincia de Buenos Aires) el 10 de noviembre de 1969.<\/em><\/p>\n\n\n\n<p><em>Otros datos de p\u00e1gina web aportados por su sobrina-nieta Se\u00f1ora Rosario Infantossi Dur\u00e1n.<\/em><\/p>\n","protected":false},"excerpt":{"rendered":"<p>Escribe: Julio A. Ben\u00edtez \u2013 benitezjulioalberto@gmail.com La Cumparsita es uno de esos tangos inolvidables. Fue compuesta por Gerardo Matos Rodr\u00edguez (Montevideo 18 o 28\/03\/1897- 25\/04\/1948) (Becho para sus amigos), con fecha imprecisa. Pudo haber sido a fines de 1915 o principios de 1916, estudiante de arquitectura; estaba en cama, reponi\u00e9ndose de un problema de salud. [&hellip;]<\/p>\n","protected":false},"author":4,"featured_media":35445,"comment_status":"open","ping_status":"open","sticky":false,"template":"","format":"standard","meta":{"site-sidebar-layout":"default","site-content-layout":"default","ast-site-content-layout":"default","site-content-style":"default","site-sidebar-style":"default","ast-global-header-display":"","ast-banner-title-visibility":"","ast-main-header-display":"","ast-hfb-above-header-display":"","ast-hfb-below-header-display":"","ast-hfb-mobile-header-display":"","site-post-title":"","ast-breadcrumbs-content":"","ast-featured-img":"","footer-sml-layout":"","ast-disable-related-posts":"","theme-transparent-header-meta":"default","adv-header-id-meta":"","stick-header-meta":"","header-above-stick-meta":"","header-main-stick-meta":"","header-below-stick-meta":"","astra-migrate-meta-layouts":"default","ast-page-background-enabled":"default","ast-page-background-meta":{"desktop":{"background-color":"","background-image":"","background-repeat":"repeat","background-position":"center center","background-size":"auto","background-attachment":"scroll","background-type":"","background-media":"","overlay-type":"","overlay-color":"","overlay-opacity":"","overlay-gradient":""},"tablet":{"background-color":"","background-image":"","background-repeat":"repeat","background-position":"center center","background-size":"auto","background-attachment":"scroll","background-type":"","background-media":"","overlay-type":"","overlay-color":"","overlay-opacity":"","overlay-gradient":""},"mobile":{"background-color":"","background-image":"","background-repeat":"repeat","background-position":"center center","background-size":"auto","background-attachment":"scroll","background-type":"","background-media":"","overlay-type":"","overlay-color":"","overlay-opacity":"","overlay-gradient":""}},"ast-content-background-meta":{"desktop":{"background-color":"var(--ast-global-color-5)","background-image":"","background-repeat":"repeat","background-position":"center center","background-size":"auto","background-attachment":"scroll","background-type":"","background-media":"","overlay-type":"","overlay-color":"","overlay-opacity":"","overlay-gradient":""},"tablet":{"background-color":"var(--ast-global-color-5)","background-image":"","background-repeat":"repeat","background-position":"center center","background-size":"auto","background-attachment":"scroll","background-type":"","background-media":"","overlay-type":"","overlay-color":"","overlay-opacity":"","overlay-gradient":""},"mobile":{"background-color":"var(--ast-global-color-5)","background-image":"","background-repeat":"repeat","background-position":"center center","background-size":"auto","background-attachment":"scroll","background-type":"","background-media":"","overlay-type":"","overlay-color":"","overlay-opacity":"","overlay-gradient":""}},"_jetpack_memberships_contains_paid_content":false,"_joinchat":[],"footnotes":""},"categories":[2098,3557],"tags":[4505,8129,8128,8126,2774,8127,8125,3195],"class_list":["post-35441","post","type-post","status-publish","format-standard","has-post-thumbnail","hentry","category-historias","category-tercera","tag-carlos-gardel","tag-contursi","tag-derechos-de-autor","tag-gerardo-matos-rodriguez","tag-himno","tag-juicios","tag-la-cumparsita","tag-unesco"],"yoast_head":"<!-- This site is optimized with the Yoast SEO plugin v26.8 - https:\/\/yoast.com\/product\/yoast-seo-wordpress\/ -->\n<title>\u201cLa Cumparsita\u201d: timba, juicios y los papelones detr\u00e1s de un himno mundial - El Regional<\/title>\n<meta name=\"description\" content=\"Quiz\u00e1s ning\u00fan otro tango haya originado tantos juicios y contrajuicios. La canci\u00f3n es considerada como el \u201cHimno Mundial del Tango\u201d.\" \/>\n<meta name=\"robots\" content=\"index, follow, max-snippet:-1, max-image-preview:large, max-video-preview:-1\" \/>\n<link rel=\"canonical\" href=\"http:\/\/elregionalvm.com.ar\/noticias-villa-maria\/la-cumparsita-timba-juicios-y-los-papelones-detras-de-un-himno-mundial\/\" \/>\n<meta property=\"og:locale\" content=\"es_ES\" \/>\n<meta property=\"og:type\" content=\"article\" \/>\n<meta property=\"og:title\" content=\"\u201cLa Cumparsita\u201d: timba, juicios y los papelones detr\u00e1s de un himno mundial - El Regional\" \/>\n<meta property=\"og:description\" content=\"Quiz\u00e1s ning\u00fan otro tango haya originado tantos juicios y contrajuicios. La canci\u00f3n es considerada como el \u201cHimno Mundial del Tango\u201d.\" \/>\n<meta property=\"og:url\" content=\"http:\/\/elregionalvm.com.ar\/noticias-villa-maria\/la-cumparsita-timba-juicios-y-los-papelones-detras-de-un-himno-mundial\/\" \/>\n<meta property=\"og:site_name\" content=\"El Regional\" \/>\n<meta property=\"article:publisher\" content=\"https:\/\/www.facebook.com\/elregionalvm\" \/>\n<meta property=\"article:published_time\" content=\"2021-04-06T02:29:22+00:00\" \/>\n<meta property=\"article:modified_time\" content=\"2021-04-07T03:12:27+00:00\" \/>\n<meta property=\"og:image\" content=\"http:\/\/elregionalvm.com.ar\/noticias-villa-maria\/wp-content\/uploads\/2021\/04\/La-Cumparsita-museo-Uruguay-1.jpg\" \/>\n\t<meta property=\"og:image:width\" content=\"1721\" \/>\n\t<meta property=\"og:image:height\" content=\"1161\" \/>\n\t<meta property=\"og:image:type\" content=\"image\/jpeg\" \/>\n<meta name=\"author\" content=\"Contenidos El Regional\" \/>\n<meta name=\"twitter:card\" content=\"summary_large_image\" \/>\n<meta name=\"twitter:creator\" content=\"@elregionalvm1\" \/>\n<meta name=\"twitter:site\" content=\"@elregionalvm1\" \/>\n<meta name=\"twitter:label1\" content=\"Escrito por\" \/>\n\t<meta name=\"twitter:data1\" content=\"Contenidos El Regional\" \/>\n\t<meta name=\"twitter:label2\" content=\"Tiempo de lectura\" \/>\n\t<meta name=\"twitter:data2\" content=\"5 minutos\" \/>\n<script type=\"application\/ld+json\" class=\"yoast-schema-graph\">{\"@context\":\"https:\/\/schema.org\",\"@graph\":[{\"@type\":\"Article\",\"@id\":\"http:\/\/elregionalvm.com.ar\/noticias-villa-maria\/la-cumparsita-timba-juicios-y-los-papelones-detras-de-un-himno-mundial\/#article\",\"isPartOf\":{\"@id\":\"http:\/\/elregionalvm.com.ar\/noticias-villa-maria\/la-cumparsita-timba-juicios-y-los-papelones-detras-de-un-himno-mundial\/\"},\"author\":{\"name\":\"Contenidos El Regional\",\"@id\":\"http:\/\/elregionalvm.com.ar\/noticias-villa-maria\/#\/schema\/person\/a0fb9c422317faca23d50163151bc354\"},\"headline\":\"\u201cLa Cumparsita\u201d: timba, juicios y los papelones detr\u00e1s de un himno mundial\",\"datePublished\":\"2021-04-06T02:29:22+00:00\",\"dateModified\":\"2021-04-07T03:12:27+00:00\",\"mainEntityOfPage\":{\"@id\":\"http:\/\/elregionalvm.com.ar\/noticias-villa-maria\/la-cumparsita-timba-juicios-y-los-papelones-detras-de-un-himno-mundial\/\"},\"wordCount\":958,\"commentCount\":0,\"image\":{\"@id\":\"http:\/\/elregionalvm.com.ar\/noticias-villa-maria\/la-cumparsita-timba-juicios-y-los-papelones-detras-de-un-himno-mundial\/#primaryimage\"},\"thumbnailUrl\":\"https:\/\/i0.wp.com\/elregionalvm.com.ar\/noticias-villa-maria\/wp-content\/uploads\/2021\/04\/La-Cumparsita-museo-Uruguay-1.jpg?fit=1721%2C1161&ssl=1\",\"keywords\":[\"Carlos Gardel\",\"Contursi\",\"derechos de autor\",\"Gerardo Matos Rodr\u00edguez\",\"Himno\",\"Juicios\",\"La Cumparsita\",\"Unesco\"],\"articleSection\":[\"Historias\",\"tercera\"],\"inLanguage\":\"es\",\"potentialAction\":[{\"@type\":\"CommentAction\",\"name\":\"Comment\",\"target\":[\"http:\/\/elregionalvm.com.ar\/noticias-villa-maria\/la-cumparsita-timba-juicios-y-los-papelones-detras-de-un-himno-mundial\/#respond\"]}]},{\"@type\":\"WebPage\",\"@id\":\"http:\/\/elregionalvm.com.ar\/noticias-villa-maria\/la-cumparsita-timba-juicios-y-los-papelones-detras-de-un-himno-mundial\/\",\"url\":\"http:\/\/elregionalvm.com.ar\/noticias-villa-maria\/la-cumparsita-timba-juicios-y-los-papelones-detras-de-un-himno-mundial\/\",\"name\":\"\u201cLa Cumparsita\u201d: timba, juicios y los papelones detr\u00e1s de un himno mundial - El Regional\",\"isPartOf\":{\"@id\":\"http:\/\/elregionalvm.com.ar\/noticias-villa-maria\/#website\"},\"primaryImageOfPage\":{\"@id\":\"http:\/\/elregionalvm.com.ar\/noticias-villa-maria\/la-cumparsita-timba-juicios-y-los-papelones-detras-de-un-himno-mundial\/#primaryimage\"},\"image\":{\"@id\":\"http:\/\/elregionalvm.com.ar\/noticias-villa-maria\/la-cumparsita-timba-juicios-y-los-papelones-detras-de-un-himno-mundial\/#primaryimage\"},\"thumbnailUrl\":\"https:\/\/i0.wp.com\/elregionalvm.com.ar\/noticias-villa-maria\/wp-content\/uploads\/2021\/04\/La-Cumparsita-museo-Uruguay-1.jpg?fit=1721%2C1161&ssl=1\",\"datePublished\":\"2021-04-06T02:29:22+00:00\",\"dateModified\":\"2021-04-07T03:12:27+00:00\",\"author\":{\"@id\":\"http:\/\/elregionalvm.com.ar\/noticias-villa-maria\/#\/schema\/person\/a0fb9c422317faca23d50163151bc354\"},\"description\":\"Quiz\u00e1s ning\u00fan otro tango haya originado tantos juicios y contrajuicios. La canci\u00f3n es considerada como el \u201cHimno Mundial del Tango\u201d.\",\"breadcrumb\":{\"@id\":\"http:\/\/elregionalvm.com.ar\/noticias-villa-maria\/la-cumparsita-timba-juicios-y-los-papelones-detras-de-un-himno-mundial\/#breadcrumb\"},\"inLanguage\":\"es\",\"potentialAction\":[{\"@type\":\"ReadAction\",\"target\":[\"http:\/\/elregionalvm.com.ar\/noticias-villa-maria\/la-cumparsita-timba-juicios-y-los-papelones-detras-de-un-himno-mundial\/\"]}]},{\"@type\":\"ImageObject\",\"inLanguage\":\"es\",\"@id\":\"http:\/\/elregionalvm.com.ar\/noticias-villa-maria\/la-cumparsita-timba-juicios-y-los-papelones-detras-de-un-himno-mundial\/#primaryimage\",\"url\":\"https:\/\/i0.wp.com\/elregionalvm.com.ar\/noticias-villa-maria\/wp-content\/uploads\/2021\/04\/La-Cumparsita-museo-Uruguay-1.jpg?fit=1721%2C1161&ssl=1\",\"contentUrl\":\"https:\/\/i0.wp.com\/elregionalvm.com.ar\/noticias-villa-maria\/wp-content\/uploads\/2021\/04\/La-Cumparsita-museo-Uruguay-1.jpg?fit=1721%2C1161&ssl=1\",\"width\":1721,\"height\":1161},{\"@type\":\"BreadcrumbList\",\"@id\":\"http:\/\/elregionalvm.com.ar\/noticias-villa-maria\/la-cumparsita-timba-juicios-y-los-papelones-detras-de-un-himno-mundial\/#breadcrumb\",\"itemListElement\":[{\"@type\":\"ListItem\",\"position\":1,\"name\":\"Portada\",\"item\":\"https:\/\/elregionalvm.com.ar\/noticias-villa-maria\/\"},{\"@type\":\"ListItem\",\"position\":2,\"name\":\"\u201cLa Cumparsita\u201d: timba, juicios y los papelones detr\u00e1s de un himno mundial\"}]},{\"@type\":\"WebSite\",\"@id\":\"http:\/\/elregionalvm.com.ar\/noticias-villa-maria\/#website\",\"url\":\"http:\/\/elregionalvm.com.ar\/noticias-villa-maria\/\",\"name\":\"El Regional\",\"description\":\"Mucho m\u00e1s que informaci\u00f3n\",\"potentialAction\":[{\"@type\":\"SearchAction\",\"target\":{\"@type\":\"EntryPoint\",\"urlTemplate\":\"http:\/\/elregionalvm.com.ar\/noticias-villa-maria\/?s={search_term_string}\"},\"query-input\":{\"@type\":\"PropertyValueSpecification\",\"valueRequired\":true,\"valueName\":\"search_term_string\"}}],\"inLanguage\":\"es\"},{\"@type\":\"Person\",\"@id\":\"http:\/\/elregionalvm.com.ar\/noticias-villa-maria\/#\/schema\/person\/a0fb9c422317faca23d50163151bc354\",\"name\":\"Contenidos El Regional\",\"image\":{\"@type\":\"ImageObject\",\"inLanguage\":\"es\",\"@id\":\"http:\/\/elregionalvm.com.ar\/noticias-villa-maria\/#\/schema\/person\/image\/\",\"url\":\"https:\/\/secure.gravatar.com\/avatar\/265b27cb2209af7bb3a1318f03305787d7981a5cc6e6cd08fe5a4ecdf99d4b48?s=96&d=mm&r=g\",\"contentUrl\":\"https:\/\/secure.gravatar.com\/avatar\/265b27cb2209af7bb3a1318f03305787d7981a5cc6e6cd08fe5a4ecdf99d4b48?s=96&d=mm&r=g\",\"caption\":\"Contenidos El Regional\"},\"url\":\"https:\/\/elregionalvm.com.ar\/noticias-villa-maria\/author\/contenido\/\"}]}<\/script>\n<!-- \/ Yoast SEO plugin. -->","yoast_head_json":{"title":"\u201cLa Cumparsita\u201d: timba, juicios y los papelones detr\u00e1s de un himno mundial - El Regional","description":"Quiz\u00e1s ning\u00fan otro tango haya originado tantos juicios y contrajuicios. La canci\u00f3n es considerada como el \u201cHimno Mundial del Tango\u201d.","robots":{"index":"index","follow":"follow","max-snippet":"max-snippet:-1","max-image-preview":"max-image-preview:large","max-video-preview":"max-video-preview:-1"},"canonical":"http:\/\/elregionalvm.com.ar\/noticias-villa-maria\/la-cumparsita-timba-juicios-y-los-papelones-detras-de-un-himno-mundial\/","og_locale":"es_ES","og_type":"article","og_title":"\u201cLa Cumparsita\u201d: timba, juicios y los papelones detr\u00e1s de un himno mundial - El Regional","og_description":"Quiz\u00e1s ning\u00fan otro tango haya originado tantos juicios y contrajuicios. La canci\u00f3n es considerada como el \u201cHimno Mundial del Tango\u201d.","og_url":"http:\/\/elregionalvm.com.ar\/noticias-villa-maria\/la-cumparsita-timba-juicios-y-los-papelones-detras-de-un-himno-mundial\/","og_site_name":"El Regional","article_publisher":"https:\/\/www.facebook.com\/elregionalvm","article_published_time":"2021-04-06T02:29:22+00:00","article_modified_time":"2021-04-07T03:12:27+00:00","og_image":[{"width":1721,"height":1161,"url":"http:\/\/elregionalvm.com.ar\/noticias-villa-maria\/wp-content\/uploads\/2021\/04\/La-Cumparsita-museo-Uruguay-1.jpg","type":"image\/jpeg"}],"author":"Contenidos El Regional","twitter_card":"summary_large_image","twitter_creator":"@elregionalvm1","twitter_site":"@elregionalvm1","twitter_misc":{"Escrito por":"Contenidos El Regional","Tiempo de lectura":"5 minutos"},"schema":{"@context":"https:\/\/schema.org","@graph":[{"@type":"Article","@id":"http:\/\/elregionalvm.com.ar\/noticias-villa-maria\/la-cumparsita-timba-juicios-y-los-papelones-detras-de-un-himno-mundial\/#article","isPartOf":{"@id":"http:\/\/elregionalvm.com.ar\/noticias-villa-maria\/la-cumparsita-timba-juicios-y-los-papelones-detras-de-un-himno-mundial\/"},"author":{"name":"Contenidos El Regional","@id":"http:\/\/elregionalvm.com.ar\/noticias-villa-maria\/#\/schema\/person\/a0fb9c422317faca23d50163151bc354"},"headline":"\u201cLa Cumparsita\u201d: timba, juicios y los papelones detr\u00e1s de un himno mundial","datePublished":"2021-04-06T02:29:22+00:00","dateModified":"2021-04-07T03:12:27+00:00","mainEntityOfPage":{"@id":"http:\/\/elregionalvm.com.ar\/noticias-villa-maria\/la-cumparsita-timba-juicios-y-los-papelones-detras-de-un-himno-mundial\/"},"wordCount":958,"commentCount":0,"image":{"@id":"http:\/\/elregionalvm.com.ar\/noticias-villa-maria\/la-cumparsita-timba-juicios-y-los-papelones-detras-de-un-himno-mundial\/#primaryimage"},"thumbnailUrl":"https:\/\/i0.wp.com\/elregionalvm.com.ar\/noticias-villa-maria\/wp-content\/uploads\/2021\/04\/La-Cumparsita-museo-Uruguay-1.jpg?fit=1721%2C1161&ssl=1","keywords":["Carlos Gardel","Contursi","derechos de autor","Gerardo Matos Rodr\u00edguez","Himno","Juicios","La Cumparsita","Unesco"],"articleSection":["Historias","tercera"],"inLanguage":"es","potentialAction":[{"@type":"CommentAction","name":"Comment","target":["http:\/\/elregionalvm.com.ar\/noticias-villa-maria\/la-cumparsita-timba-juicios-y-los-papelones-detras-de-un-himno-mundial\/#respond"]}]},{"@type":"WebPage","@id":"http:\/\/elregionalvm.com.ar\/noticias-villa-maria\/la-cumparsita-timba-juicios-y-los-papelones-detras-de-un-himno-mundial\/","url":"http:\/\/elregionalvm.com.ar\/noticias-villa-maria\/la-cumparsita-timba-juicios-y-los-papelones-detras-de-un-himno-mundial\/","name":"\u201cLa Cumparsita\u201d: timba, juicios y los papelones detr\u00e1s de un himno mundial - El Regional","isPartOf":{"@id":"http:\/\/elregionalvm.com.ar\/noticias-villa-maria\/#website"},"primaryImageOfPage":{"@id":"http:\/\/elregionalvm.com.ar\/noticias-villa-maria\/la-cumparsita-timba-juicios-y-los-papelones-detras-de-un-himno-mundial\/#primaryimage"},"image":{"@id":"http:\/\/elregionalvm.com.ar\/noticias-villa-maria\/la-cumparsita-timba-juicios-y-los-papelones-detras-de-un-himno-mundial\/#primaryimage"},"thumbnailUrl":"https:\/\/i0.wp.com\/elregionalvm.com.ar\/noticias-villa-maria\/wp-content\/uploads\/2021\/04\/La-Cumparsita-museo-Uruguay-1.jpg?fit=1721%2C1161&ssl=1","datePublished":"2021-04-06T02:29:22+00:00","dateModified":"2021-04-07T03:12:27+00:00","author":{"@id":"http:\/\/elregionalvm.com.ar\/noticias-villa-maria\/#\/schema\/person\/a0fb9c422317faca23d50163151bc354"},"description":"Quiz\u00e1s ning\u00fan otro tango haya originado tantos juicios y contrajuicios. La canci\u00f3n es considerada como el \u201cHimno Mundial del Tango\u201d.","breadcrumb":{"@id":"http:\/\/elregionalvm.com.ar\/noticias-villa-maria\/la-cumparsita-timba-juicios-y-los-papelones-detras-de-un-himno-mundial\/#breadcrumb"},"inLanguage":"es","potentialAction":[{"@type":"ReadAction","target":["http:\/\/elregionalvm.com.ar\/noticias-villa-maria\/la-cumparsita-timba-juicios-y-los-papelones-detras-de-un-himno-mundial\/"]}]},{"@type":"ImageObject","inLanguage":"es","@id":"http:\/\/elregionalvm.com.ar\/noticias-villa-maria\/la-cumparsita-timba-juicios-y-los-papelones-detras-de-un-himno-mundial\/#primaryimage","url":"https:\/\/i0.wp.com\/elregionalvm.com.ar\/noticias-villa-maria\/wp-content\/uploads\/2021\/04\/La-Cumparsita-museo-Uruguay-1.jpg?fit=1721%2C1161&ssl=1","contentUrl":"https:\/\/i0.wp.com\/elregionalvm.com.ar\/noticias-villa-maria\/wp-content\/uploads\/2021\/04\/La-Cumparsita-museo-Uruguay-1.jpg?fit=1721%2C1161&ssl=1","width":1721,"height":1161},{"@type":"BreadcrumbList","@id":"http:\/\/elregionalvm.com.ar\/noticias-villa-maria\/la-cumparsita-timba-juicios-y-los-papelones-detras-de-un-himno-mundial\/#breadcrumb","itemListElement":[{"@type":"ListItem","position":1,"name":"Portada","item":"https:\/\/elregionalvm.com.ar\/noticias-villa-maria\/"},{"@type":"ListItem","position":2,"name":"\u201cLa Cumparsita\u201d: timba, juicios y los papelones detr\u00e1s de un himno mundial"}]},{"@type":"WebSite","@id":"http:\/\/elregionalvm.com.ar\/noticias-villa-maria\/#website","url":"http:\/\/elregionalvm.com.ar\/noticias-villa-maria\/","name":"El Regional","description":"Mucho m\u00e1s que informaci\u00f3n","potentialAction":[{"@type":"SearchAction","target":{"@type":"EntryPoint","urlTemplate":"http:\/\/elregionalvm.com.ar\/noticias-villa-maria\/?s={search_term_string}"},"query-input":{"@type":"PropertyValueSpecification","valueRequired":true,"valueName":"search_term_string"}}],"inLanguage":"es"},{"@type":"Person","@id":"http:\/\/elregionalvm.com.ar\/noticias-villa-maria\/#\/schema\/person\/a0fb9c422317faca23d50163151bc354","name":"Contenidos El Regional","image":{"@type":"ImageObject","inLanguage":"es","@id":"http:\/\/elregionalvm.com.ar\/noticias-villa-maria\/#\/schema\/person\/image\/","url":"https:\/\/secure.gravatar.com\/avatar\/265b27cb2209af7bb3a1318f03305787d7981a5cc6e6cd08fe5a4ecdf99d4b48?s=96&d=mm&r=g","contentUrl":"https:\/\/secure.gravatar.com\/avatar\/265b27cb2209af7bb3a1318f03305787d7981a5cc6e6cd08fe5a4ecdf99d4b48?s=96&d=mm&r=g","caption":"Contenidos El Regional"},"url":"https:\/\/elregionalvm.com.ar\/noticias-villa-maria\/author\/contenido\/"}]}},"jetpack_featured_media_url":"https:\/\/i0.wp.com\/elregionalvm.com.ar\/noticias-villa-maria\/wp-content\/uploads\/2021\/04\/La-Cumparsita-museo-Uruguay-1.jpg?fit=1721%2C1161&ssl=1","jetpack_sharing_enabled":true,"_links":{"self":[{"href":"https:\/\/elregionalvm.com.ar\/noticias-villa-maria\/wp-json\/wp\/v2\/posts\/35441","targetHints":{"allow":["GET"]}}],"collection":[{"href":"https:\/\/elregionalvm.com.ar\/noticias-villa-maria\/wp-json\/wp\/v2\/posts"}],"about":[{"href":"https:\/\/elregionalvm.com.ar\/noticias-villa-maria\/wp-json\/wp\/v2\/types\/post"}],"author":[{"embeddable":true,"href":"https:\/\/elregionalvm.com.ar\/noticias-villa-maria\/wp-json\/wp\/v2\/users\/4"}],"replies":[{"embeddable":true,"href":"https:\/\/elregionalvm.com.ar\/noticias-villa-maria\/wp-json\/wp\/v2\/comments?post=35441"}],"version-history":[{"count":2,"href":"https:\/\/elregionalvm.com.ar\/noticias-villa-maria\/wp-json\/wp\/v2\/posts\/35441\/revisions"}],"predecessor-version":[{"id":35453,"href":"https:\/\/elregionalvm.com.ar\/noticias-villa-maria\/wp-json\/wp\/v2\/posts\/35441\/revisions\/35453"}],"wp:featuredmedia":[{"embeddable":true,"href":"https:\/\/elregionalvm.com.ar\/noticias-villa-maria\/wp-json\/wp\/v2\/media\/35445"}],"wp:attachment":[{"href":"https:\/\/elregionalvm.com.ar\/noticias-villa-maria\/wp-json\/wp\/v2\/media?parent=35441"}],"wp:term":[{"taxonomy":"category","embeddable":true,"href":"https:\/\/elregionalvm.com.ar\/noticias-villa-maria\/wp-json\/wp\/v2\/categories?post=35441"},{"taxonomy":"post_tag","embeddable":true,"href":"https:\/\/elregionalvm.com.ar\/noticias-villa-maria\/wp-json\/wp\/v2\/tags?post=35441"}],"curies":[{"name":"wp","href":"https:\/\/api.w.org\/{rel}","templated":true}]}}