{"id":35463,"date":"2021-04-06T14:08:28","date_gmt":"2021-04-06T14:08:28","guid":{"rendered":"https:\/\/elregionalvm.com.ar\/noticias-villa-maria\/?p=35463"},"modified":"2021-04-06T14:11:51","modified_gmt":"2021-04-06T14:11:51","slug":"trabajadores-funebres-reclaman-poder-ser-esenciales-y-vacunarse-contra-el-covid","status":"publish","type":"post","link":"https:\/\/elregionalvm.com.ar\/noticias-villa-maria\/trabajadores-funebres-reclaman-poder-ser-esenciales-y-vacunarse-contra-el-covid\/","title":{"rendered":"Trabajadores f\u00fanebres reclaman poder ser esenciales y vacunarse contra el Covid"},"content":{"rendered":"\n<p>Un nuevo reclamo se suma a los pedidos para ser declarados trabajadores esenciales y estar en el orden de prioridad para recibir la vacuna contra la Covid 19.<\/p>\n\n\n\n<p>Se trata de los empleados de empresas f\u00fanebres. \u201cHay una vinculaci\u00f3n directa con el sistema sanitario que atiende la cuesti\u00f3n de contagios de Covid, entonces se hace primordial la inmunizaci\u00f3n o vacunaci\u00f3n de los trabajadores de pompas f\u00fanebres\u201d, dijo a Radio Centro Juan Dellavedova, directivo de la reconocida firma Paviotti.<\/p>\n\n\n\n<p>Dellavedova es, adem\u00e1s, presidente de la Asociaci\u00f3n de Empresas F\u00fanebres de la Provincia de C\u00f3rdoba y FADEDSFYA (Federaci\u00f3n que integran las Asociaciones de Empresas F\u00fanebres m\u00e1s importantes del interior del pa\u00eds y algunas de la Capital Federal y Conurbano Bonaerense).<\/p>\n\n\n\n<p><strong>Trabajadores contagiados<\/strong><\/p>\n\n\n\n<p>En Villa Mar\u00eda son 12 los trabajadores infectados hasta el momento, seg\u00fan precis\u00f3 el empresario. En el rubro se calcula que alrededor del 15% del personal se ha contagiado y la mayor\u00eda son personas adultas que llevan a\u00f1os dentro de esta actividad.<\/p>\n\n\n\n<p>En este contexto, Dellavedova manifest\u00f3 que no quieren llegar a un paro de actividades. Pero, sostuvo que la intenci\u00f3n es hacer visible la problem\u00e1tica y que se contemplen las medidas nacionales correspondientes.<\/p>\n\n\n\n<p><\/p>\n\n\n\n<p><em>Foto:  Puntal Villa Mar\u00eda<\/em><\/p>\n","protected":false},"excerpt":{"rendered":"<p>Un nuevo reclamo se suma a los pedidos para ser declarados trabajadores esenciales y estar en el orden de prioridad para recibir la vacuna contra la Covid 19. Se trata de los empleados de empresas f\u00fanebres. \u201cHay una vinculaci\u00f3n directa con el sistema sanitario que atiende la cuesti\u00f3n de contagios de Covid, entonces se hace [&hellip;]<\/p>\n","protected":false},"author":4,"featured_media":35464,"comment_status":"open","ping_status":"open","sticky":false,"template":"","format":"standard","meta":{"site-sidebar-layout":"default","site-content-layout":"default","ast-site-content-layout":"default","site-content-style":"default","site-sidebar-style":"default","ast-global-header-display":"","ast-banner-title-visibility":"","ast-main-header-display":"","ast-hfb-above-header-display":"","ast-hfb-below-header-display":"","ast-hfb-mobile-header-display":"","site-post-title":"","ast-breadcrumbs-content":"","ast-featured-img":"","footer-sml-layout":"","ast-disable-related-posts":"","theme-transparent-header-meta":"default","adv-header-id-meta":"","stick-header-meta":"","header-above-stick-meta":"","header-main-stick-meta":"","header-below-stick-meta":"","astra-migrate-meta-layouts":"default","ast-page-background-enabled":"default","ast-page-background-meta":{"desktop":{"background-color":"","background-image":"","background-repeat":"repeat","background-position":"center center","background-size":"auto","background-attachment":"scroll","background-type":"","background-media":"","overlay-type":"","overlay-color":"","overlay-opacity":"","overlay-gradient":""},"tablet":{"background-color":"","background-image":"","background-repeat":"repeat","background-position":"center center","background-size":"auto","background-attachment":"scroll","background-type":"","background-media":"","overlay-type":"","overlay-color":"","overlay-opacity":"","overlay-gradient":""},"mobile":{"background-color":"","background-image":"","background-repeat":"repeat","background-position":"center center","background-size":"auto","background-attachment":"scroll","background-type":"","background-media":"","overlay-type":"","overlay-color":"","overlay-opacity":"","overlay-gradient":""}},"ast-content-background-meta":{"desktop":{"background-color":"var(--ast-global-color-5)","background-image":"","background-repeat":"repeat","background-position":"center center","background-size":"auto","background-attachment":"scroll","background-type":"","background-media":"","overlay-type":"","overlay-color":"","overlay-opacity":"","overlay-gradient":""},"tablet":{"background-color":"var(--ast-global-color-5)","background-image":"","background-repeat":"repeat","background-position":"center center","background-size":"auto","background-attachment":"scroll","background-type":"","background-media":"","overlay-type":"","overlay-color":"","overlay-opacity":"","overlay-gradient":""},"mobile":{"background-color":"var(--ast-global-color-5)","background-image":"","background-repeat":"repeat","background-position":"center center","background-size":"auto","background-attachment":"scroll","background-type":"","background-media":"","overlay-type":"","overlay-color":"","overlay-opacity":"","overlay-gradient":""}},"_jetpack_memberships_contains_paid_content":false,"_joinchat":[],"footnotes":""},"categories":[2256,2],"tags":[2865,1232,8134,1998,4211,8133,6154,2248],"class_list":["post-35463","post","type-post","status-publish","format-standard","has-post-thumbnail","hentry","category-coronavirus","category-villa-maria","tag-covid-19-2","tag-destacado","tag-esenciales","tag-pandemia","tag-paviotti","tag-servicios-funebres","tag-vacuna-contra-covid","tag-villa-maria-2"],"yoast_head":"<!-- This site is optimized with the Yoast SEO plugin v26.8 - https:\/\/yoast.com\/product\/yoast-seo-wordpress\/ -->\n<title>Trabajadores f\u00fanebres reclaman poder ser esenciales y vacunarse contra el Covid - El Regional<\/title>\n<meta name=\"description\" content=\"En el rubro se calcula que alrededor del 15% del personal se ha contagiado y la mayor\u00eda son personas adultas con a\u00f1os de trayectoria.\" \/>\n<meta name=\"robots\" content=\"index, follow, max-snippet:-1, max-image-preview:large, max-video-preview:-1\" \/>\n<link rel=\"canonical\" href=\"http:\/\/elregionalvm.com.ar\/noticias-villa-maria\/trabajadores-funebres-reclaman-poder-ser-esenciales-y-vacunarse-contra-el-covid\/\" \/>\n<meta property=\"og:locale\" content=\"es_ES\" \/>\n<meta property=\"og:type\" content=\"article\" \/>\n<meta property=\"og:title\" content=\"Trabajadores f\u00fanebres reclaman poder ser esenciales y vacunarse contra el Covid - El Regional\" \/>\n<meta property=\"og:description\" content=\"En el rubro se calcula que alrededor del 15% del personal se ha contagiado y la mayor\u00eda son personas adultas con a\u00f1os de trayectoria.\" \/>\n<meta property=\"og:url\" content=\"http:\/\/elregionalvm.com.ar\/noticias-villa-maria\/trabajadores-funebres-reclaman-poder-ser-esenciales-y-vacunarse-contra-el-covid\/\" \/>\n<meta property=\"og:site_name\" content=\"El Regional\" \/>\n<meta property=\"article:publisher\" content=\"https:\/\/www.facebook.com\/elregionalvm\" \/>\n<meta property=\"article:published_time\" content=\"2021-04-06T14:08:28+00:00\" \/>\n<meta property=\"article:modified_time\" content=\"2021-04-06T14:11:51+00:00\" \/>\n<meta property=\"og:image\" content=\"http:\/\/elregionalvm.com.ar\/noticias-villa-maria\/wp-content\/uploads\/2021\/04\/Paviotti.jpg\" \/>\n\t<meta property=\"og:image:width\" content=\"792\" \/>\n\t<meta property=\"og:image:height\" content=\"465\" \/>\n\t<meta property=\"og:image:type\" content=\"image\/jpeg\" \/>\n<meta name=\"author\" content=\"Contenidos El Regional\" \/>\n<meta name=\"twitter:card\" content=\"summary_large_image\" \/>\n<meta name=\"twitter:creator\" content=\"@elregionalvm1\" \/>\n<meta name=\"twitter:site\" content=\"@elregionalvm1\" \/>\n<meta name=\"twitter:label1\" content=\"Escrito por\" \/>\n\t<meta name=\"twitter:data1\" content=\"Contenidos El Regional\" \/>\n\t<meta name=\"twitter:label2\" content=\"Tiempo de lectura\" \/>\n\t<meta name=\"twitter:data2\" content=\"1 minuto\" \/>\n<script type=\"application\/ld+json\" class=\"yoast-schema-graph\">{\"@context\":\"https:\/\/schema.org\",\"@graph\":[{\"@type\":\"Article\",\"@id\":\"http:\/\/elregionalvm.com.ar\/noticias-villa-maria\/trabajadores-funebres-reclaman-poder-ser-esenciales-y-vacunarse-contra-el-covid\/#article\",\"isPartOf\":{\"@id\":\"http:\/\/elregionalvm.com.ar\/noticias-villa-maria\/trabajadores-funebres-reclaman-poder-ser-esenciales-y-vacunarse-contra-el-covid\/\"},\"author\":{\"name\":\"Contenidos El Regional\",\"@id\":\"http:\/\/elregionalvm.com.ar\/noticias-villa-maria\/#\/schema\/person\/a0fb9c422317faca23d50163151bc354\"},\"headline\":\"Trabajadores f\u00fanebres reclaman poder ser esenciales y vacunarse contra el Covid\",\"datePublished\":\"2021-04-06T14:08:28+00:00\",\"dateModified\":\"2021-04-06T14:11:51+00:00\",\"mainEntityOfPage\":{\"@id\":\"http:\/\/elregionalvm.com.ar\/noticias-villa-maria\/trabajadores-funebres-reclaman-poder-ser-esenciales-y-vacunarse-contra-el-covid\/\"},\"wordCount\":228,\"commentCount\":0,\"image\":{\"@id\":\"http:\/\/elregionalvm.com.ar\/noticias-villa-maria\/trabajadores-funebres-reclaman-poder-ser-esenciales-y-vacunarse-contra-el-covid\/#primaryimage\"},\"thumbnailUrl\":\"https:\/\/i0.wp.com\/elregionalvm.com.ar\/noticias-villa-maria\/wp-content\/uploads\/2021\/04\/Paviotti.jpg?fit=792%2C465&ssl=1\",\"keywords\":[\"Covid 19\",\"destacado\",\"Esenciales\",\"pandemia\",\"Paviotti\",\"Servicios f\u00fanebres\",\"Vacuna contra Covid\",\"Villa Mar\u00eda\"],\"articleSection\":[\"Coronavirus\",\"Villa Mar\u00eda\"],\"inLanguage\":\"es\",\"potentialAction\":[{\"@type\":\"CommentAction\",\"name\":\"Comment\",\"target\":[\"http:\/\/elregionalvm.com.ar\/noticias-villa-maria\/trabajadores-funebres-reclaman-poder-ser-esenciales-y-vacunarse-contra-el-covid\/#respond\"]}]},{\"@type\":\"WebPage\",\"@id\":\"http:\/\/elregionalvm.com.ar\/noticias-villa-maria\/trabajadores-funebres-reclaman-poder-ser-esenciales-y-vacunarse-contra-el-covid\/\",\"url\":\"http:\/\/elregionalvm.com.ar\/noticias-villa-maria\/trabajadores-funebres-reclaman-poder-ser-esenciales-y-vacunarse-contra-el-covid\/\",\"name\":\"Trabajadores f\u00fanebres reclaman poder ser esenciales y vacunarse contra el Covid - El Regional\",\"isPartOf\":{\"@id\":\"http:\/\/elregionalvm.com.ar\/noticias-villa-maria\/#website\"},\"primaryImageOfPage\":{\"@id\":\"http:\/\/elregionalvm.com.ar\/noticias-villa-maria\/trabajadores-funebres-reclaman-poder-ser-esenciales-y-vacunarse-contra-el-covid\/#primaryimage\"},\"image\":{\"@id\":\"http:\/\/elregionalvm.com.ar\/noticias-villa-maria\/trabajadores-funebres-reclaman-poder-ser-esenciales-y-vacunarse-contra-el-covid\/#primaryimage\"},\"thumbnailUrl\":\"https:\/\/i0.wp.com\/elregionalvm.com.ar\/noticias-villa-maria\/wp-content\/uploads\/2021\/04\/Paviotti.jpg?fit=792%2C465&ssl=1\",\"datePublished\":\"2021-04-06T14:08:28+00:00\",\"dateModified\":\"2021-04-06T14:11:51+00:00\",\"author\":{\"@id\":\"http:\/\/elregionalvm.com.ar\/noticias-villa-maria\/#\/schema\/person\/a0fb9c422317faca23d50163151bc354\"},\"description\":\"En el rubro se calcula que alrededor del 15% del personal se ha contagiado y la mayor\u00eda son personas adultas con a\u00f1os de trayectoria.\",\"breadcrumb\":{\"@id\":\"http:\/\/elregionalvm.com.ar\/noticias-villa-maria\/trabajadores-funebres-reclaman-poder-ser-esenciales-y-vacunarse-contra-el-covid\/#breadcrumb\"},\"inLanguage\":\"es\",\"potentialAction\":[{\"@type\":\"ReadAction\",\"target\":[\"http:\/\/elregionalvm.com.ar\/noticias-villa-maria\/trabajadores-funebres-reclaman-poder-ser-esenciales-y-vacunarse-contra-el-covid\/\"]}]},{\"@type\":\"ImageObject\",\"inLanguage\":\"es\",\"@id\":\"http:\/\/elregionalvm.com.ar\/noticias-villa-maria\/trabajadores-funebres-reclaman-poder-ser-esenciales-y-vacunarse-contra-el-covid\/#primaryimage\",\"url\":\"https:\/\/i0.wp.com\/elregionalvm.com.ar\/noticias-villa-maria\/wp-content\/uploads\/2021\/04\/Paviotti.jpg?fit=792%2C465&ssl=1\",\"contentUrl\":\"https:\/\/i0.wp.com\/elregionalvm.com.ar\/noticias-villa-maria\/wp-content\/uploads\/2021\/04\/Paviotti.jpg?fit=792%2C465&ssl=1\",\"width\":792,\"height\":465},{\"@type\":\"BreadcrumbList\",\"@id\":\"http:\/\/elregionalvm.com.ar\/noticias-villa-maria\/trabajadores-funebres-reclaman-poder-ser-esenciales-y-vacunarse-contra-el-covid\/#breadcrumb\",\"itemListElement\":[{\"@type\":\"ListItem\",\"position\":1,\"name\":\"Portada\",\"item\":\"https:\/\/elregionalvm.com.ar\/noticias-villa-maria\/\"},{\"@type\":\"ListItem\",\"position\":2,\"name\":\"Trabajadores f\u00fanebres reclaman poder ser esenciales y vacunarse contra el Covid\"}]},{\"@type\":\"WebSite\",\"@id\":\"http:\/\/elregionalvm.com.ar\/noticias-villa-maria\/#website\",\"url\":\"http:\/\/elregionalvm.com.ar\/noticias-villa-maria\/\",\"name\":\"El Regional\",\"description\":\"Mucho m\u00e1s que informaci\u00f3n\",\"potentialAction\":[{\"@type\":\"SearchAction\",\"target\":{\"@type\":\"EntryPoint\",\"urlTemplate\":\"http:\/\/elregionalvm.com.ar\/noticias-villa-maria\/?s={search_term_string}\"},\"query-input\":{\"@type\":\"PropertyValueSpecification\",\"valueRequired\":true,\"valueName\":\"search_term_string\"}}],\"inLanguage\":\"es\"},{\"@type\":\"Person\",\"@id\":\"http:\/\/elregionalvm.com.ar\/noticias-villa-maria\/#\/schema\/person\/a0fb9c422317faca23d50163151bc354\",\"name\":\"Contenidos El Regional\",\"image\":{\"@type\":\"ImageObject\",\"inLanguage\":\"es\",\"@id\":\"http:\/\/elregionalvm.com.ar\/noticias-villa-maria\/#\/schema\/person\/image\/\",\"url\":\"https:\/\/secure.gravatar.com\/avatar\/265b27cb2209af7bb3a1318f03305787d7981a5cc6e6cd08fe5a4ecdf99d4b48?s=96&d=mm&r=g\",\"contentUrl\":\"https:\/\/secure.gravatar.com\/avatar\/265b27cb2209af7bb3a1318f03305787d7981a5cc6e6cd08fe5a4ecdf99d4b48?s=96&d=mm&r=g\",\"caption\":\"Contenidos El Regional\"},\"url\":\"https:\/\/elregionalvm.com.ar\/noticias-villa-maria\/author\/contenido\/\"}]}<\/script>\n<!-- \/ Yoast SEO plugin. -->","yoast_head_json":{"title":"Trabajadores f\u00fanebres reclaman poder ser esenciales y vacunarse contra el Covid - El Regional","description":"En el rubro se calcula que alrededor del 15% del personal se ha contagiado y la mayor\u00eda son personas adultas con a\u00f1os de trayectoria.","robots":{"index":"index","follow":"follow","max-snippet":"max-snippet:-1","max-image-preview":"max-image-preview:large","max-video-preview":"max-video-preview:-1"},"canonical":"http:\/\/elregionalvm.com.ar\/noticias-villa-maria\/trabajadores-funebres-reclaman-poder-ser-esenciales-y-vacunarse-contra-el-covid\/","og_locale":"es_ES","og_type":"article","og_title":"Trabajadores f\u00fanebres reclaman poder ser esenciales y vacunarse contra el Covid - El Regional","og_description":"En el rubro se calcula que alrededor del 15% del personal se ha contagiado y la mayor\u00eda son personas adultas con a\u00f1os de trayectoria.","og_url":"http:\/\/elregionalvm.com.ar\/noticias-villa-maria\/trabajadores-funebres-reclaman-poder-ser-esenciales-y-vacunarse-contra-el-covid\/","og_site_name":"El Regional","article_publisher":"https:\/\/www.facebook.com\/elregionalvm","article_published_time":"2021-04-06T14:08:28+00:00","article_modified_time":"2021-04-06T14:11:51+00:00","og_image":[{"width":792,"height":465,"url":"http:\/\/elregionalvm.com.ar\/noticias-villa-maria\/wp-content\/uploads\/2021\/04\/Paviotti.jpg","type":"image\/jpeg"}],"author":"Contenidos El Regional","twitter_card":"summary_large_image","twitter_creator":"@elregionalvm1","twitter_site":"@elregionalvm1","twitter_misc":{"Escrito por":"Contenidos El Regional","Tiempo de lectura":"1 minuto"},"schema":{"@context":"https:\/\/schema.org","@graph":[{"@type":"Article","@id":"http:\/\/elregionalvm.com.ar\/noticias-villa-maria\/trabajadores-funebres-reclaman-poder-ser-esenciales-y-vacunarse-contra-el-covid\/#article","isPartOf":{"@id":"http:\/\/elregionalvm.com.ar\/noticias-villa-maria\/trabajadores-funebres-reclaman-poder-ser-esenciales-y-vacunarse-contra-el-covid\/"},"author":{"name":"Contenidos El Regional","@id":"http:\/\/elregionalvm.com.ar\/noticias-villa-maria\/#\/schema\/person\/a0fb9c422317faca23d50163151bc354"},"headline":"Trabajadores f\u00fanebres reclaman poder ser esenciales y vacunarse contra el Covid","datePublished":"2021-04-06T14:08:28+00:00","dateModified":"2021-04-06T14:11:51+00:00","mainEntityOfPage":{"@id":"http:\/\/elregionalvm.com.ar\/noticias-villa-maria\/trabajadores-funebres-reclaman-poder-ser-esenciales-y-vacunarse-contra-el-covid\/"},"wordCount":228,"commentCount":0,"image":{"@id":"http:\/\/elregionalvm.com.ar\/noticias-villa-maria\/trabajadores-funebres-reclaman-poder-ser-esenciales-y-vacunarse-contra-el-covid\/#primaryimage"},"thumbnailUrl":"https:\/\/i0.wp.com\/elregionalvm.com.ar\/noticias-villa-maria\/wp-content\/uploads\/2021\/04\/Paviotti.jpg?fit=792%2C465&ssl=1","keywords":["Covid 19","destacado","Esenciales","pandemia","Paviotti","Servicios f\u00fanebres","Vacuna contra Covid","Villa Mar\u00eda"],"articleSection":["Coronavirus","Villa Mar\u00eda"],"inLanguage":"es","potentialAction":[{"@type":"CommentAction","name":"Comment","target":["http:\/\/elregionalvm.com.ar\/noticias-villa-maria\/trabajadores-funebres-reclaman-poder-ser-esenciales-y-vacunarse-contra-el-covid\/#respond"]}]},{"@type":"WebPage","@id":"http:\/\/elregionalvm.com.ar\/noticias-villa-maria\/trabajadores-funebres-reclaman-poder-ser-esenciales-y-vacunarse-contra-el-covid\/","url":"http:\/\/elregionalvm.com.ar\/noticias-villa-maria\/trabajadores-funebres-reclaman-poder-ser-esenciales-y-vacunarse-contra-el-covid\/","name":"Trabajadores f\u00fanebres reclaman poder ser esenciales y vacunarse contra el Covid - El Regional","isPartOf":{"@id":"http:\/\/elregionalvm.com.ar\/noticias-villa-maria\/#website"},"primaryImageOfPage":{"@id":"http:\/\/elregionalvm.com.ar\/noticias-villa-maria\/trabajadores-funebres-reclaman-poder-ser-esenciales-y-vacunarse-contra-el-covid\/#primaryimage"},"image":{"@id":"http:\/\/elregionalvm.com.ar\/noticias-villa-maria\/trabajadores-funebres-reclaman-poder-ser-esenciales-y-vacunarse-contra-el-covid\/#primaryimage"},"thumbnailUrl":"https:\/\/i0.wp.com\/elregionalvm.com.ar\/noticias-villa-maria\/wp-content\/uploads\/2021\/04\/Paviotti.jpg?fit=792%2C465&ssl=1","datePublished":"2021-04-06T14:08:28+00:00","dateModified":"2021-04-06T14:11:51+00:00","author":{"@id":"http:\/\/elregionalvm.com.ar\/noticias-villa-maria\/#\/schema\/person\/a0fb9c422317faca23d50163151bc354"},"description":"En el rubro se calcula que alrededor del 15% del personal se ha contagiado y la mayor\u00eda son personas adultas con a\u00f1os de trayectoria.","breadcrumb":{"@id":"http:\/\/elregionalvm.com.ar\/noticias-villa-maria\/trabajadores-funebres-reclaman-poder-ser-esenciales-y-vacunarse-contra-el-covid\/#breadcrumb"},"inLanguage":"es","potentialAction":[{"@type":"ReadAction","target":["http:\/\/elregionalvm.com.ar\/noticias-villa-maria\/trabajadores-funebres-reclaman-poder-ser-esenciales-y-vacunarse-contra-el-covid\/"]}]},{"@type":"ImageObject","inLanguage":"es","@id":"http:\/\/elregionalvm.com.ar\/noticias-villa-maria\/trabajadores-funebres-reclaman-poder-ser-esenciales-y-vacunarse-contra-el-covid\/#primaryimage","url":"https:\/\/i0.wp.com\/elregionalvm.com.ar\/noticias-villa-maria\/wp-content\/uploads\/2021\/04\/Paviotti.jpg?fit=792%2C465&ssl=1","contentUrl":"https:\/\/i0.wp.com\/elregionalvm.com.ar\/noticias-villa-maria\/wp-content\/uploads\/2021\/04\/Paviotti.jpg?fit=792%2C465&ssl=1","width":792,"height":465},{"@type":"BreadcrumbList","@id":"http:\/\/elregionalvm.com.ar\/noticias-villa-maria\/trabajadores-funebres-reclaman-poder-ser-esenciales-y-vacunarse-contra-el-covid\/#breadcrumb","itemListElement":[{"@type":"ListItem","position":1,"name":"Portada","item":"https:\/\/elregionalvm.com.ar\/noticias-villa-maria\/"},{"@type":"ListItem","position":2,"name":"Trabajadores f\u00fanebres reclaman poder ser esenciales y vacunarse contra el Covid"}]},{"@type":"WebSite","@id":"http:\/\/elregionalvm.com.ar\/noticias-villa-maria\/#website","url":"http:\/\/elregionalvm.com.ar\/noticias-villa-maria\/","name":"El Regional","description":"Mucho m\u00e1s que informaci\u00f3n","potentialAction":[{"@type":"SearchAction","target":{"@type":"EntryPoint","urlTemplate":"http:\/\/elregionalvm.com.ar\/noticias-villa-maria\/?s={search_term_string}"},"query-input":{"@type":"PropertyValueSpecification","valueRequired":true,"valueName":"search_term_string"}}],"inLanguage":"es"},{"@type":"Person","@id":"http:\/\/elregionalvm.com.ar\/noticias-villa-maria\/#\/schema\/person\/a0fb9c422317faca23d50163151bc354","name":"Contenidos El Regional","image":{"@type":"ImageObject","inLanguage":"es","@id":"http:\/\/elregionalvm.com.ar\/noticias-villa-maria\/#\/schema\/person\/image\/","url":"https:\/\/secure.gravatar.com\/avatar\/265b27cb2209af7bb3a1318f03305787d7981a5cc6e6cd08fe5a4ecdf99d4b48?s=96&d=mm&r=g","contentUrl":"https:\/\/secure.gravatar.com\/avatar\/265b27cb2209af7bb3a1318f03305787d7981a5cc6e6cd08fe5a4ecdf99d4b48?s=96&d=mm&r=g","caption":"Contenidos El Regional"},"url":"https:\/\/elregionalvm.com.ar\/noticias-villa-maria\/author\/contenido\/"}]}},"jetpack_featured_media_url":"https:\/\/i0.wp.com\/elregionalvm.com.ar\/noticias-villa-maria\/wp-content\/uploads\/2021\/04\/Paviotti.jpg?fit=792%2C465&ssl=1","jetpack_sharing_enabled":true,"_links":{"self":[{"href":"https:\/\/elregionalvm.com.ar\/noticias-villa-maria\/wp-json\/wp\/v2\/posts\/35463","targetHints":{"allow":["GET"]}}],"collection":[{"href":"https:\/\/elregionalvm.com.ar\/noticias-villa-maria\/wp-json\/wp\/v2\/posts"}],"about":[{"href":"https:\/\/elregionalvm.com.ar\/noticias-villa-maria\/wp-json\/wp\/v2\/types\/post"}],"author":[{"embeddable":true,"href":"https:\/\/elregionalvm.com.ar\/noticias-villa-maria\/wp-json\/wp\/v2\/users\/4"}],"replies":[{"embeddable":true,"href":"https:\/\/elregionalvm.com.ar\/noticias-villa-maria\/wp-json\/wp\/v2\/comments?post=35463"}],"version-history":[{"count":2,"href":"https:\/\/elregionalvm.com.ar\/noticias-villa-maria\/wp-json\/wp\/v2\/posts\/35463\/revisions"}],"predecessor-version":[{"id":35467,"href":"https:\/\/elregionalvm.com.ar\/noticias-villa-maria\/wp-json\/wp\/v2\/posts\/35463\/revisions\/35467"}],"wp:featuredmedia":[{"embeddable":true,"href":"https:\/\/elregionalvm.com.ar\/noticias-villa-maria\/wp-json\/wp\/v2\/media\/35464"}],"wp:attachment":[{"href":"https:\/\/elregionalvm.com.ar\/noticias-villa-maria\/wp-json\/wp\/v2\/media?parent=35463"}],"wp:term":[{"taxonomy":"category","embeddable":true,"href":"https:\/\/elregionalvm.com.ar\/noticias-villa-maria\/wp-json\/wp\/v2\/categories?post=35463"},{"taxonomy":"post_tag","embeddable":true,"href":"https:\/\/elregionalvm.com.ar\/noticias-villa-maria\/wp-json\/wp\/v2\/tags?post=35463"}],"curies":[{"name":"wp","href":"https:\/\/api.w.org\/{rel}","templated":true}]}}