{"id":35488,"date":"2021-04-06T22:47:42","date_gmt":"2021-04-06T22:47:42","guid":{"rendered":"https:\/\/elregionalvm.com.ar\/noticias-villa-maria\/?p=35488"},"modified":"2021-04-08T02:02:08","modified_gmt":"2021-04-08T02:02:08","slug":"ademas-de-fiestas-clandestinas-bailes-para-adultos-mayores-en-la-ciudad","status":"publish","type":"post","link":"https:\/\/elregionalvm.com.ar\/noticias-villa-maria\/ademas-de-fiestas-clandestinas-bailes-para-adultos-mayores-en-la-ciudad\/","title":{"rendered":"Adem\u00e1s de fiestas clandestinas&#8230; \u00bfBailes encubiertos para adultos mayores en Villa Mar\u00eda?"},"content":{"rendered":"\n<p>Una vez m\u00e1s la situaci\u00f3n sanitaria nacional, provincial y local toma relevancia en el mundo informativo. Sabemos que tanto Villa Mar\u00eda como Villa Nueva vienen evidenciando una alza en la cantidad de casos, con d\u00edas m\u00e1s complicados que otros.<\/p>\n\n\n\n<p>A la par de esta realidad, los equipos sanitarios observan con preocupaci\u00f3n la posibilidad que una segunda ola pueda provocar a\u00fan mayor cantidad de muertos que la que hemos tenido hasta el momento.<\/p>\n\n\n\n<p>Y las premisas giran en torno a c\u00f3mo preparar los sanatorios, cl\u00ednicas y hospitales para albergar los que podr\u00edan ser cuadros m\u00e1s complicados por coronavirus.<\/p>\n\n\n\n<p><strong>Fiestas clandestinas<\/strong><\/p>\n\n\n\n<p>Hasta el momento, a la escena local, por ejemplo, la hab\u00edan ganado las fiestas clandestinas a diestra y siniestra, con la presencia de muchos j\u00f3venes que est\u00e1n ajenos a cualquier preocupaci\u00f3n en torno al Covid. Los esfuerzos de seguridad, tanto de la polic\u00eda como municipios han girado en torno a tratar de mantener controlado este tipo de fiestas.<\/p>\n\n\n\n<p>Pero lo que m\u00e1s ha llamado la atenci\u00f3n, es que ahora existen versiones que dan cuenta de la existencia de bailes donde los que asisten son principalmente adultos mayores, esa misma franja etaria que, por otro lado, implora por la vacunaci\u00f3n. <\/p>\n\n\n\n<p>M\u00e1s concretamente, no son pocos los que apuntan a que en Villa Mar\u00eda se han organizado eventos, en donde se promocionan cenas, pero que luego, a puertas cerradas se convierten en \u00abbailongos\u00bb.<\/p>\n\n\n\n<p><\/p>\n\n\n\n<figure class=\"wp-block-image size-large\"><img data-recalc-dims=\"1\" fetchpriority=\"high\" decoding=\"async\" width=\"822\" height=\"544\" src=\"https:\/\/i0.wp.com\/elregionalvm.com.ar\/noticias-villa-maria\/wp-content\/uploads\/2021\/04\/fiestas-adultos-mayores.png?resize=822%2C544&#038;ssl=1\" alt=\"\" class=\"wp-image-35489\" srcset=\"https:\/\/i0.wp.com\/elregionalvm.com.ar\/noticias-villa-maria\/wp-content\/uploads\/2021\/04\/fiestas-adultos-mayores.png?w=822&amp;ssl=1 822w, https:\/\/i0.wp.com\/elregionalvm.com.ar\/noticias-villa-maria\/wp-content\/uploads\/2021\/04\/fiestas-adultos-mayores.png?resize=300%2C199&amp;ssl=1 300w, https:\/\/i0.wp.com\/elregionalvm.com.ar\/noticias-villa-maria\/wp-content\/uploads\/2021\/04\/fiestas-adultos-mayores.png?resize=768%2C508&amp;ssl=1 768w\" sizes=\"(max-width: 822px) 100vw, 822px\" \/><figcaption><em>Foto ilustrativa. <\/em><\/figcaption><\/figure>\n\n\n\n<p><\/p>\n\n\n\n<p>Todo un desprop\u00f3sito por parte de algunos (no generalizaremos), teniendo en cuenta que se trata del sector m\u00e1s afectado por la pandemia, en materia de contagios y  fallecimientos en la ciudad. <\/p>\n\n\n\n<p>Lo cierto es que tambi\u00e9n se apunta a la falta de controles en tal sentido a nivel local. \u00bfSer\u00e1 as\u00ed? \u00bfO se trata de fiestas que cuentan con alg\u00fan tipo de habilitaci\u00f3n y que luego mutan a bailes? Es m\u00e1s, se menciona que piden que los celulares se guarden para que nada trascienda de ellas&#8230;<\/p>\n\n\n\n<p>Intentamos obviar nombres o lugares porque por ahora solo son versiones y secretos a voces, pero varias fuentes consultadas lo dan como cierto. <\/p>\n\n\n\n<p>Si las fiestas entre los j\u00f3venes est\u00e1n mal vistas, \u00bfpor qu\u00e9 las de adultos mayores no?<\/p>\n\n\n\n<p><\/p>\n\n\n\n<p><em>(Foto de portada s\u00f3lo a modo ilustrativo. Corresponde a una fiesta donde participaron unos 500 adultos mayores en Entre R\u00edos)<\/em><\/p>\n","protected":false},"excerpt":{"rendered":"<p>Una vez m\u00e1s la situaci\u00f3n sanitaria nacional, provincial y local toma relevancia en el mundo informativo. Sabemos que tanto Villa Mar\u00eda como Villa Nueva vienen evidenciando una alza en la cantidad de casos, con d\u00edas m\u00e1s complicados que otros. A la par de esta realidad, los equipos sanitarios observan con preocupaci\u00f3n la posibilidad que una [&hellip;]<\/p>\n","protected":false},"author":4,"featured_media":35511,"comment_status":"open","ping_status":"open","sticky":false,"template":"","format":"standard","meta":{"site-sidebar-layout":"default","site-content-layout":"default","ast-site-content-layout":"default","site-content-style":"default","site-sidebar-style":"default","ast-global-header-display":"","ast-banner-title-visibility":"","ast-main-header-display":"","ast-hfb-above-header-display":"","ast-hfb-below-header-display":"","ast-hfb-mobile-header-display":"","site-post-title":"","ast-breadcrumbs-content":"","ast-featured-img":"","footer-sml-layout":"","ast-disable-related-posts":"","theme-transparent-header-meta":"default","adv-header-id-meta":"","stick-header-meta":"","header-above-stick-meta":"","header-main-stick-meta":"","header-below-stick-meta":"","astra-migrate-meta-layouts":"default","ast-page-background-enabled":"default","ast-page-background-meta":{"desktop":{"background-color":"","background-image":"","background-repeat":"repeat","background-position":"center center","background-size":"auto","background-attachment":"scroll","background-type":"","background-media":"","overlay-type":"","overlay-color":"","overlay-opacity":"","overlay-gradient":""},"tablet":{"background-color":"","background-image":"","background-repeat":"repeat","background-position":"center center","background-size":"auto","background-attachment":"scroll","background-type":"","background-media":"","overlay-type":"","overlay-color":"","overlay-opacity":"","overlay-gradient":""},"mobile":{"background-color":"","background-image":"","background-repeat":"repeat","background-position":"center center","background-size":"auto","background-attachment":"scroll","background-type":"","background-media":"","overlay-type":"","overlay-color":"","overlay-opacity":"","overlay-gradient":""}},"ast-content-background-meta":{"desktop":{"background-color":"var(--ast-global-color-5)","background-image":"","background-repeat":"repeat","background-position":"center center","background-size":"auto","background-attachment":"scroll","background-type":"","background-media":"","overlay-type":"","overlay-color":"","overlay-opacity":"","overlay-gradient":""},"tablet":{"background-color":"var(--ast-global-color-5)","background-image":"","background-repeat":"repeat","background-position":"center center","background-size":"auto","background-attachment":"scroll","background-type":"","background-media":"","overlay-type":"","overlay-color":"","overlay-opacity":"","overlay-gradient":""},"mobile":{"background-color":"var(--ast-global-color-5)","background-image":"","background-repeat":"repeat","background-position":"center center","background-size":"auto","background-attachment":"scroll","background-type":"","background-media":"","overlay-type":"","overlay-color":"","overlay-opacity":"","overlay-gradient":""}},"_jetpack_memberships_contains_paid_content":false,"_joinchat":[],"footnotes":""},"categories":[3557,2],"tags":[2345,8138,6109,4501,534],"class_list":["post-35488","post","type-post","status-publish","format-standard","has-post-thumbnail","hentry","category-tercera","category-villa-maria","tag-controles","tag-fiestas-adultos-mayores","tag-fiestas-clandestinas","tag-rumores","tag-villa-maria"],"yoast_head":"<!-- This site is optimized with the Yoast SEO plugin v26.8 - https:\/\/yoast.com\/product\/yoast-seo-wordpress\/ -->\n<title>Adem\u00e1s de fiestas clandestinas... \u00bfBailes encubiertos para adultos mayores en Villa Mar\u00eda? - El Regional<\/title>\n<meta name=\"description\" content=\"Existen versiones que dan cuenta de la existencia de bailes donde los que asisten son principalmente adultos mayores.\" \/>\n<meta name=\"robots\" content=\"index, follow, max-snippet:-1, max-image-preview:large, max-video-preview:-1\" \/>\n<link rel=\"canonical\" href=\"http:\/\/elregionalvm.com.ar\/noticias-villa-maria\/ademas-de-fiestas-clandestinas-bailes-para-adultos-mayores-en-la-ciudad\/\" \/>\n<meta property=\"og:locale\" content=\"es_ES\" \/>\n<meta property=\"og:type\" content=\"article\" \/>\n<meta property=\"og:title\" content=\"Adem\u00e1s de fiestas clandestinas... \u00bfBailes encubiertos para adultos mayores en Villa Mar\u00eda? - El Regional\" \/>\n<meta property=\"og:description\" content=\"Existen versiones que dan cuenta de la existencia de bailes donde los que asisten son principalmente adultos mayores.\" \/>\n<meta property=\"og:url\" content=\"http:\/\/elregionalvm.com.ar\/noticias-villa-maria\/ademas-de-fiestas-clandestinas-bailes-para-adultos-mayores-en-la-ciudad\/\" \/>\n<meta property=\"og:site_name\" content=\"El Regional\" \/>\n<meta property=\"article:publisher\" content=\"https:\/\/www.facebook.com\/elregionalvm\" \/>\n<meta property=\"article:published_time\" content=\"2021-04-06T22:47:42+00:00\" \/>\n<meta property=\"article:modified_time\" content=\"2021-04-08T02:02:08+00:00\" \/>\n<meta property=\"og:image\" content=\"http:\/\/elregionalvm.com.ar\/noticias-villa-maria\/wp-content\/uploads\/2021\/04\/Fiesta-adultos-mayores-2-vertical.jpg\" \/>\n\t<meta property=\"og:image:width\" content=\"655\" \/>\n\t<meta property=\"og:image:height\" content=\"741\" \/>\n\t<meta property=\"og:image:type\" content=\"image\/jpeg\" \/>\n<meta name=\"author\" content=\"Contenidos El Regional\" \/>\n<meta name=\"twitter:card\" content=\"summary_large_image\" \/>\n<meta name=\"twitter:creator\" content=\"@elregionalvm1\" \/>\n<meta name=\"twitter:site\" content=\"@elregionalvm1\" \/>\n<meta name=\"twitter:label1\" content=\"Escrito por\" \/>\n\t<meta name=\"twitter:data1\" content=\"Contenidos El Regional\" \/>\n\t<meta name=\"twitter:label2\" content=\"Tiempo de lectura\" \/>\n\t<meta name=\"twitter:data2\" content=\"2 minutos\" \/>\n<script type=\"application\/ld+json\" class=\"yoast-schema-graph\">{\"@context\":\"https:\/\/schema.org\",\"@graph\":[{\"@type\":\"Article\",\"@id\":\"http:\/\/elregionalvm.com.ar\/noticias-villa-maria\/ademas-de-fiestas-clandestinas-bailes-para-adultos-mayores-en-la-ciudad\/#article\",\"isPartOf\":{\"@id\":\"http:\/\/elregionalvm.com.ar\/noticias-villa-maria\/ademas-de-fiestas-clandestinas-bailes-para-adultos-mayores-en-la-ciudad\/\"},\"author\":{\"name\":\"Contenidos El Regional\",\"@id\":\"http:\/\/elregionalvm.com.ar\/noticias-villa-maria\/#\/schema\/person\/a0fb9c422317faca23d50163151bc354\"},\"headline\":\"Adem\u00e1s de fiestas clandestinas&#8230; \u00bfBailes encubiertos para adultos mayores en Villa Mar\u00eda?\",\"datePublished\":\"2021-04-06T22:47:42+00:00\",\"dateModified\":\"2021-04-08T02:02:08+00:00\",\"mainEntityOfPage\":{\"@id\":\"http:\/\/elregionalvm.com.ar\/noticias-villa-maria\/ademas-de-fiestas-clandestinas-bailes-para-adultos-mayores-en-la-ciudad\/\"},\"wordCount\":421,\"commentCount\":0,\"image\":{\"@id\":\"http:\/\/elregionalvm.com.ar\/noticias-villa-maria\/ademas-de-fiestas-clandestinas-bailes-para-adultos-mayores-en-la-ciudad\/#primaryimage\"},\"thumbnailUrl\":\"https:\/\/i0.wp.com\/elregionalvm.com.ar\/noticias-villa-maria\/wp-content\/uploads\/2021\/04\/Fiesta-adultos-mayores-2-vertical.jpg?fit=655%2C741&ssl=1\",\"keywords\":[\"controles\",\"fiestas adultos mayores\",\"fiestas clandestinas\",\"Rumores\",\"villa maria\"],\"articleSection\":[\"tercera\",\"Villa Mar\u00eda\"],\"inLanguage\":\"es\",\"potentialAction\":[{\"@type\":\"CommentAction\",\"name\":\"Comment\",\"target\":[\"http:\/\/elregionalvm.com.ar\/noticias-villa-maria\/ademas-de-fiestas-clandestinas-bailes-para-adultos-mayores-en-la-ciudad\/#respond\"]}]},{\"@type\":\"WebPage\",\"@id\":\"http:\/\/elregionalvm.com.ar\/noticias-villa-maria\/ademas-de-fiestas-clandestinas-bailes-para-adultos-mayores-en-la-ciudad\/\",\"url\":\"http:\/\/elregionalvm.com.ar\/noticias-villa-maria\/ademas-de-fiestas-clandestinas-bailes-para-adultos-mayores-en-la-ciudad\/\",\"name\":\"Adem\u00e1s de fiestas clandestinas... \u00bfBailes encubiertos para adultos mayores en Villa Mar\u00eda? - El Regional\",\"isPartOf\":{\"@id\":\"http:\/\/elregionalvm.com.ar\/noticias-villa-maria\/#website\"},\"primaryImageOfPage\":{\"@id\":\"http:\/\/elregionalvm.com.ar\/noticias-villa-maria\/ademas-de-fiestas-clandestinas-bailes-para-adultos-mayores-en-la-ciudad\/#primaryimage\"},\"image\":{\"@id\":\"http:\/\/elregionalvm.com.ar\/noticias-villa-maria\/ademas-de-fiestas-clandestinas-bailes-para-adultos-mayores-en-la-ciudad\/#primaryimage\"},\"thumbnailUrl\":\"https:\/\/i0.wp.com\/elregionalvm.com.ar\/noticias-villa-maria\/wp-content\/uploads\/2021\/04\/Fiesta-adultos-mayores-2-vertical.jpg?fit=655%2C741&ssl=1\",\"datePublished\":\"2021-04-06T22:47:42+00:00\",\"dateModified\":\"2021-04-08T02:02:08+00:00\",\"author\":{\"@id\":\"http:\/\/elregionalvm.com.ar\/noticias-villa-maria\/#\/schema\/person\/a0fb9c422317faca23d50163151bc354\"},\"description\":\"Existen versiones que dan cuenta de la existencia de bailes donde los que asisten son principalmente adultos mayores.\",\"breadcrumb\":{\"@id\":\"http:\/\/elregionalvm.com.ar\/noticias-villa-maria\/ademas-de-fiestas-clandestinas-bailes-para-adultos-mayores-en-la-ciudad\/#breadcrumb\"},\"inLanguage\":\"es\",\"potentialAction\":[{\"@type\":\"ReadAction\",\"target\":[\"http:\/\/elregionalvm.com.ar\/noticias-villa-maria\/ademas-de-fiestas-clandestinas-bailes-para-adultos-mayores-en-la-ciudad\/\"]}]},{\"@type\":\"ImageObject\",\"inLanguage\":\"es\",\"@id\":\"http:\/\/elregionalvm.com.ar\/noticias-villa-maria\/ademas-de-fiestas-clandestinas-bailes-para-adultos-mayores-en-la-ciudad\/#primaryimage\",\"url\":\"https:\/\/i0.wp.com\/elregionalvm.com.ar\/noticias-villa-maria\/wp-content\/uploads\/2021\/04\/Fiesta-adultos-mayores-2-vertical.jpg?fit=655%2C741&ssl=1\",\"contentUrl\":\"https:\/\/i0.wp.com\/elregionalvm.com.ar\/noticias-villa-maria\/wp-content\/uploads\/2021\/04\/Fiesta-adultos-mayores-2-vertical.jpg?fit=655%2C741&ssl=1\",\"width\":655,\"height\":741},{\"@type\":\"BreadcrumbList\",\"@id\":\"http:\/\/elregionalvm.com.ar\/noticias-villa-maria\/ademas-de-fiestas-clandestinas-bailes-para-adultos-mayores-en-la-ciudad\/#breadcrumb\",\"itemListElement\":[{\"@type\":\"ListItem\",\"position\":1,\"name\":\"Portada\",\"item\":\"https:\/\/elregionalvm.com.ar\/noticias-villa-maria\/\"},{\"@type\":\"ListItem\",\"position\":2,\"name\":\"Adem\u00e1s de fiestas clandestinas&#8230; \u00bfBailes encubiertos para adultos mayores en Villa Mar\u00eda?\"}]},{\"@type\":\"WebSite\",\"@id\":\"http:\/\/elregionalvm.com.ar\/noticias-villa-maria\/#website\",\"url\":\"http:\/\/elregionalvm.com.ar\/noticias-villa-maria\/\",\"name\":\"El Regional\",\"description\":\"Mucho m\u00e1s que informaci\u00f3n\",\"potentialAction\":[{\"@type\":\"SearchAction\",\"target\":{\"@type\":\"EntryPoint\",\"urlTemplate\":\"http:\/\/elregionalvm.com.ar\/noticias-villa-maria\/?s={search_term_string}\"},\"query-input\":{\"@type\":\"PropertyValueSpecification\",\"valueRequired\":true,\"valueName\":\"search_term_string\"}}],\"inLanguage\":\"es\"},{\"@type\":\"Person\",\"@id\":\"http:\/\/elregionalvm.com.ar\/noticias-villa-maria\/#\/schema\/person\/a0fb9c422317faca23d50163151bc354\",\"name\":\"Contenidos El Regional\",\"image\":{\"@type\":\"ImageObject\",\"inLanguage\":\"es\",\"@id\":\"http:\/\/elregionalvm.com.ar\/noticias-villa-maria\/#\/schema\/person\/image\/\",\"url\":\"https:\/\/secure.gravatar.com\/avatar\/265b27cb2209af7bb3a1318f03305787d7981a5cc6e6cd08fe5a4ecdf99d4b48?s=96&d=mm&r=g\",\"contentUrl\":\"https:\/\/secure.gravatar.com\/avatar\/265b27cb2209af7bb3a1318f03305787d7981a5cc6e6cd08fe5a4ecdf99d4b48?s=96&d=mm&r=g\",\"caption\":\"Contenidos El Regional\"},\"url\":\"https:\/\/elregionalvm.com.ar\/noticias-villa-maria\/author\/contenido\/\"}]}<\/script>\n<!-- \/ Yoast SEO plugin. -->","yoast_head_json":{"title":"Adem\u00e1s de fiestas clandestinas... \u00bfBailes encubiertos para adultos mayores en Villa Mar\u00eda? - El Regional","description":"Existen versiones que dan cuenta de la existencia de bailes donde los que asisten son principalmente adultos mayores.","robots":{"index":"index","follow":"follow","max-snippet":"max-snippet:-1","max-image-preview":"max-image-preview:large","max-video-preview":"max-video-preview:-1"},"canonical":"http:\/\/elregionalvm.com.ar\/noticias-villa-maria\/ademas-de-fiestas-clandestinas-bailes-para-adultos-mayores-en-la-ciudad\/","og_locale":"es_ES","og_type":"article","og_title":"Adem\u00e1s de fiestas clandestinas... \u00bfBailes encubiertos para adultos mayores en Villa Mar\u00eda? - El Regional","og_description":"Existen versiones que dan cuenta de la existencia de bailes donde los que asisten son principalmente adultos mayores.","og_url":"http:\/\/elregionalvm.com.ar\/noticias-villa-maria\/ademas-de-fiestas-clandestinas-bailes-para-adultos-mayores-en-la-ciudad\/","og_site_name":"El Regional","article_publisher":"https:\/\/www.facebook.com\/elregionalvm","article_published_time":"2021-04-06T22:47:42+00:00","article_modified_time":"2021-04-08T02:02:08+00:00","og_image":[{"width":655,"height":741,"url":"http:\/\/elregionalvm.com.ar\/noticias-villa-maria\/wp-content\/uploads\/2021\/04\/Fiesta-adultos-mayores-2-vertical.jpg","type":"image\/jpeg"}],"author":"Contenidos El Regional","twitter_card":"summary_large_image","twitter_creator":"@elregionalvm1","twitter_site":"@elregionalvm1","twitter_misc":{"Escrito por":"Contenidos El Regional","Tiempo de lectura":"2 minutos"},"schema":{"@context":"https:\/\/schema.org","@graph":[{"@type":"Article","@id":"http:\/\/elregionalvm.com.ar\/noticias-villa-maria\/ademas-de-fiestas-clandestinas-bailes-para-adultos-mayores-en-la-ciudad\/#article","isPartOf":{"@id":"http:\/\/elregionalvm.com.ar\/noticias-villa-maria\/ademas-de-fiestas-clandestinas-bailes-para-adultos-mayores-en-la-ciudad\/"},"author":{"name":"Contenidos El Regional","@id":"http:\/\/elregionalvm.com.ar\/noticias-villa-maria\/#\/schema\/person\/a0fb9c422317faca23d50163151bc354"},"headline":"Adem\u00e1s de fiestas clandestinas&#8230; \u00bfBailes encubiertos para adultos mayores en Villa Mar\u00eda?","datePublished":"2021-04-06T22:47:42+00:00","dateModified":"2021-04-08T02:02:08+00:00","mainEntityOfPage":{"@id":"http:\/\/elregionalvm.com.ar\/noticias-villa-maria\/ademas-de-fiestas-clandestinas-bailes-para-adultos-mayores-en-la-ciudad\/"},"wordCount":421,"commentCount":0,"image":{"@id":"http:\/\/elregionalvm.com.ar\/noticias-villa-maria\/ademas-de-fiestas-clandestinas-bailes-para-adultos-mayores-en-la-ciudad\/#primaryimage"},"thumbnailUrl":"https:\/\/i0.wp.com\/elregionalvm.com.ar\/noticias-villa-maria\/wp-content\/uploads\/2021\/04\/Fiesta-adultos-mayores-2-vertical.jpg?fit=655%2C741&ssl=1","keywords":["controles","fiestas adultos mayores","fiestas clandestinas","Rumores","villa maria"],"articleSection":["tercera","Villa Mar\u00eda"],"inLanguage":"es","potentialAction":[{"@type":"CommentAction","name":"Comment","target":["http:\/\/elregionalvm.com.ar\/noticias-villa-maria\/ademas-de-fiestas-clandestinas-bailes-para-adultos-mayores-en-la-ciudad\/#respond"]}]},{"@type":"WebPage","@id":"http:\/\/elregionalvm.com.ar\/noticias-villa-maria\/ademas-de-fiestas-clandestinas-bailes-para-adultos-mayores-en-la-ciudad\/","url":"http:\/\/elregionalvm.com.ar\/noticias-villa-maria\/ademas-de-fiestas-clandestinas-bailes-para-adultos-mayores-en-la-ciudad\/","name":"Adem\u00e1s de fiestas clandestinas... \u00bfBailes encubiertos para adultos mayores en Villa Mar\u00eda? - El Regional","isPartOf":{"@id":"http:\/\/elregionalvm.com.ar\/noticias-villa-maria\/#website"},"primaryImageOfPage":{"@id":"http:\/\/elregionalvm.com.ar\/noticias-villa-maria\/ademas-de-fiestas-clandestinas-bailes-para-adultos-mayores-en-la-ciudad\/#primaryimage"},"image":{"@id":"http:\/\/elregionalvm.com.ar\/noticias-villa-maria\/ademas-de-fiestas-clandestinas-bailes-para-adultos-mayores-en-la-ciudad\/#primaryimage"},"thumbnailUrl":"https:\/\/i0.wp.com\/elregionalvm.com.ar\/noticias-villa-maria\/wp-content\/uploads\/2021\/04\/Fiesta-adultos-mayores-2-vertical.jpg?fit=655%2C741&ssl=1","datePublished":"2021-04-06T22:47:42+00:00","dateModified":"2021-04-08T02:02:08+00:00","author":{"@id":"http:\/\/elregionalvm.com.ar\/noticias-villa-maria\/#\/schema\/person\/a0fb9c422317faca23d50163151bc354"},"description":"Existen versiones que dan cuenta de la existencia de bailes donde los que asisten son principalmente adultos mayores.","breadcrumb":{"@id":"http:\/\/elregionalvm.com.ar\/noticias-villa-maria\/ademas-de-fiestas-clandestinas-bailes-para-adultos-mayores-en-la-ciudad\/#breadcrumb"},"inLanguage":"es","potentialAction":[{"@type":"ReadAction","target":["http:\/\/elregionalvm.com.ar\/noticias-villa-maria\/ademas-de-fiestas-clandestinas-bailes-para-adultos-mayores-en-la-ciudad\/"]}]},{"@type":"ImageObject","inLanguage":"es","@id":"http:\/\/elregionalvm.com.ar\/noticias-villa-maria\/ademas-de-fiestas-clandestinas-bailes-para-adultos-mayores-en-la-ciudad\/#primaryimage","url":"https:\/\/i0.wp.com\/elregionalvm.com.ar\/noticias-villa-maria\/wp-content\/uploads\/2021\/04\/Fiesta-adultos-mayores-2-vertical.jpg?fit=655%2C741&ssl=1","contentUrl":"https:\/\/i0.wp.com\/elregionalvm.com.ar\/noticias-villa-maria\/wp-content\/uploads\/2021\/04\/Fiesta-adultos-mayores-2-vertical.jpg?fit=655%2C741&ssl=1","width":655,"height":741},{"@type":"BreadcrumbList","@id":"http:\/\/elregionalvm.com.ar\/noticias-villa-maria\/ademas-de-fiestas-clandestinas-bailes-para-adultos-mayores-en-la-ciudad\/#breadcrumb","itemListElement":[{"@type":"ListItem","position":1,"name":"Portada","item":"https:\/\/elregionalvm.com.ar\/noticias-villa-maria\/"},{"@type":"ListItem","position":2,"name":"Adem\u00e1s de fiestas clandestinas&#8230; \u00bfBailes encubiertos para adultos mayores en Villa Mar\u00eda?"}]},{"@type":"WebSite","@id":"http:\/\/elregionalvm.com.ar\/noticias-villa-maria\/#website","url":"http:\/\/elregionalvm.com.ar\/noticias-villa-maria\/","name":"El Regional","description":"Mucho m\u00e1s que informaci\u00f3n","potentialAction":[{"@type":"SearchAction","target":{"@type":"EntryPoint","urlTemplate":"http:\/\/elregionalvm.com.ar\/noticias-villa-maria\/?s={search_term_string}"},"query-input":{"@type":"PropertyValueSpecification","valueRequired":true,"valueName":"search_term_string"}}],"inLanguage":"es"},{"@type":"Person","@id":"http:\/\/elregionalvm.com.ar\/noticias-villa-maria\/#\/schema\/person\/a0fb9c422317faca23d50163151bc354","name":"Contenidos El Regional","image":{"@type":"ImageObject","inLanguage":"es","@id":"http:\/\/elregionalvm.com.ar\/noticias-villa-maria\/#\/schema\/person\/image\/","url":"https:\/\/secure.gravatar.com\/avatar\/265b27cb2209af7bb3a1318f03305787d7981a5cc6e6cd08fe5a4ecdf99d4b48?s=96&d=mm&r=g","contentUrl":"https:\/\/secure.gravatar.com\/avatar\/265b27cb2209af7bb3a1318f03305787d7981a5cc6e6cd08fe5a4ecdf99d4b48?s=96&d=mm&r=g","caption":"Contenidos El Regional"},"url":"https:\/\/elregionalvm.com.ar\/noticias-villa-maria\/author\/contenido\/"}]}},"jetpack_featured_media_url":"https:\/\/i0.wp.com\/elregionalvm.com.ar\/noticias-villa-maria\/wp-content\/uploads\/2021\/04\/Fiesta-adultos-mayores-2-vertical.jpg?fit=655%2C741&ssl=1","jetpack_sharing_enabled":true,"_links":{"self":[{"href":"https:\/\/elregionalvm.com.ar\/noticias-villa-maria\/wp-json\/wp\/v2\/posts\/35488","targetHints":{"allow":["GET"]}}],"collection":[{"href":"https:\/\/elregionalvm.com.ar\/noticias-villa-maria\/wp-json\/wp\/v2\/posts"}],"about":[{"href":"https:\/\/elregionalvm.com.ar\/noticias-villa-maria\/wp-json\/wp\/v2\/types\/post"}],"author":[{"embeddable":true,"href":"https:\/\/elregionalvm.com.ar\/noticias-villa-maria\/wp-json\/wp\/v2\/users\/4"}],"replies":[{"embeddable":true,"href":"https:\/\/elregionalvm.com.ar\/noticias-villa-maria\/wp-json\/wp\/v2\/comments?post=35488"}],"version-history":[{"count":4,"href":"https:\/\/elregionalvm.com.ar\/noticias-villa-maria\/wp-json\/wp\/v2\/posts\/35488\/revisions"}],"predecessor-version":[{"id":35510,"href":"https:\/\/elregionalvm.com.ar\/noticias-villa-maria\/wp-json\/wp\/v2\/posts\/35488\/revisions\/35510"}],"wp:featuredmedia":[{"embeddable":true,"href":"https:\/\/elregionalvm.com.ar\/noticias-villa-maria\/wp-json\/wp\/v2\/media\/35511"}],"wp:attachment":[{"href":"https:\/\/elregionalvm.com.ar\/noticias-villa-maria\/wp-json\/wp\/v2\/media?parent=35488"}],"wp:term":[{"taxonomy":"category","embeddable":true,"href":"https:\/\/elregionalvm.com.ar\/noticias-villa-maria\/wp-json\/wp\/v2\/categories?post=35488"},{"taxonomy":"post_tag","embeddable":true,"href":"https:\/\/elregionalvm.com.ar\/noticias-villa-maria\/wp-json\/wp\/v2\/tags?post=35488"}],"curies":[{"name":"wp","href":"https:\/\/api.w.org\/{rel}","templated":true}]}}