{"id":35499,"date":"2021-04-06T23:44:30","date_gmt":"2021-04-06T23:44:30","guid":{"rendered":"https:\/\/elregionalvm.com.ar\/noticias-villa-maria\/?p=35499"},"modified":"2021-04-06T23:44:31","modified_gmt":"2021-04-06T23:44:31","slug":"general-cabrera-se-habilito-parque-industrial-y-generara-150-nuevos-puestos-de-trabajo","status":"publish","type":"post","link":"https:\/\/elregionalvm.com.ar\/noticias-villa-maria\/general-cabrera-se-habilito-parque-industrial-y-generara-150-nuevos-puestos-de-trabajo\/","title":{"rendered":"General Cabrera: se habilit\u00f3 Parque Industrial y generar\u00e1 150 nuevos puestos de trabajo"},"content":{"rendered":"\n<p><strong><em>En el predio est\u00e1n establecidas siete industrias que cuentan con 350 empleados.<br>Adem\u00e1s, el gobernador realiz\u00f3 la entrega de 2,1 millones de pesos para la realizaci\u00f3n de cord\u00f3n cuneta.<\/em><\/strong><\/p>\n\n\n\n<p><br>Todas las empresas que se establezcan en el predio contar\u00e1n con los beneficios de la Promoci\u00f3n de Parques Industriales.<br>Este martes, el gobernador Juan Schiaretti, junto al ministro de Industria, Comercio y Miner\u00eda, Eduardo Accastello; la secretaria de Parques Industriales, Alejandra Barbero; el secretario de Industria, Fernando Sibilla; y el intendente de General Cabrera, Marcos Carasso; dej\u00f3 habilitado el Parque Industrial \u00abIntendente Roberto D. Grosso\u00bb de General Cabrera.<\/p>\n\n\n\n<p>Este Parque, perteneciente al departamento Ju\u00e1rez Celman, comenz\u00f3 a gestionarse en el a\u00f1o 1995 a trav\u00e9s de su municipalidad con el objetivo de promover la generaci\u00f3n de empleo local, la relocalizaci\u00f3n y el desarrollo industrial en la regi\u00f3n.<\/p>\n\n\n\n<p>Se asienta en un predio de 44 hect\u00e1reas, distribuido en 14 lotes. Para su desarrollo se realiz\u00f3 una inversi\u00f3n en infraestructura de m\u00e1s de 500 millones de pesos por parte de la municipalidad de General Cabrera y el Gobierno de la Provincia de C\u00f3rdoba.<\/p>\n\n\n\n<p>\u201cSe puede ver el esp\u00edritu pionero que tienen los emprendedores de Cabrera, ese esp\u00edritu que hace que siempre inviertan e intenten producir m\u00e1s y generar m\u00e1s empleo\u201d, expres\u00f3 el gobernador.<\/p>\n\n\n\n<p>Recientemente, obtuvo la aprobaci\u00f3n definitiva por parte de la provincia de C\u00f3rdoba, la cual permite que las industrias que se radiquen en el predio, accedan de forma directa a la Promoci\u00f3n Industrial.<\/p>\n\n\n\n<p>\u201cPara que nuestras familias vivan con dignidad precisamos que tengan empleo genuino, que es lo \u00fanico que garantiza la movilidad social ascendente a las familias cordobesas. Por eso, cada vez que inauguramos un Parque Industrial es una gran alegr\u00eda, porque seguro atr\u00e1s viene m\u00e1s empleo y m\u00e1s inversi\u00f3n\u201d, agreg\u00f3 el primer mandatario provincial.<\/p>\n\n\n\n<p>A partir de su aprobaci\u00f3n, se proyecta la generaci\u00f3n de 150 puestos de trabajo, llegando a los 500 empleos dentro del lugar. A su vez, el Gobierno de la Provincia otorg\u00f3 al Parque Industrial, un Aporte No Reembolsable por 2.100.000 de pesos para la ejecuci\u00f3n de cord\u00f3n cuneta.<\/p>\n\n\n\n<p>Al respecto, el intendente Marcos Carasso afirm\u00f3: \u201cEsta zona es la potencia que es por nuestras empresas y por los empresarios, porque tienen la audacia y convicci\u00f3n de generar un c\u00edrculo virtuoso que es la producci\u00f3n, el trabajo y todos los beneficios que eso conlleva. Y agreg\u00f3: \u00abEstamos convencidos de que este es el camino, el de la articulaci\u00f3n p\u00fablica y privada, y siempre, con el apoyo de la Provincia, es m\u00e1s f\u00e1cil\u201d.<\/p>\n\n\n\n<p><strong>Parque verde<\/strong><br>Durante el acto, el secretario de Ambiente Juan Carlos Scotto, entreg\u00f3 150 \u00e1rboles para forestar el per\u00edmetro del Parque, en el marco del proceso de reconversi\u00f3n del Parque Industrial a Parque Verde. Actualmente, la Provincia se encuentra dise\u00f1ando un programa de diagn\u00f3stico y optimizaci\u00f3n en el uso de los recursos, en el marco de convenios con Unidades Acad\u00e9micas en materia de sustentabilidad.<\/p>\n\n\n\n<p>Al referirse a la iniciativa desde la Secretar\u00eda de Ambiente de entregar las licencias ambientales a los Parques Industriales y del acompa\u00f1amiento al sector productivo en el cumplimiento de la normativa ambiental, Accastello resalt\u00f3 la importancia del trabajo conjunto y \u201cde tener una pol\u00edtica ambiental para un desarrollo industrial sostenible e inclusivo como parte de la nueva Matriz Productiva que estamos trabajando en la Provincia\u201d.<\/p>\n\n\n\n<p>A su cierre, Schiaretti destac\u00f3: \u201cVamos a seguir apoyando la constituci\u00f3n de los Parques Industriales, vamos a seguir apoyando sin ning\u00fan tipo de temor la Ley de Promoci\u00f3n Industrial y las medidas que haya que tomar para favorecer la industria\u201d.<\/p>\n\n\n\n<p><strong>Parque Industrial \u00abIntendente Roberto D. Grosso\u00bb<\/strong><br>Dentro del mismo se encuentran instaladas siete industrias: \u201cJosa S.A.\u201d, \u201cCotagro\u201d, \u201cIndelma S.A.\u201d, \u201cInsa\u201d, \u201cJos\u00e9 Torreta\u201d, \u201cCDG Tecnolog\u00eda S.R.L\u201d y \u201cAlimentos D\u00edaz S.A.\u201d, las cuales han invertido m\u00e1s de 500 millones de pesos, generando m\u00e1s de 350 puestos de trabajo.<\/p>\n\n\n\n<p>De estas siete industrias que se encuentran operando en el complejo, cuatro de ellas cuentan con perfil agroexportador: \u201cJosa S.A.\u201d, \u201cCotagro\u201d, \u201cIndelma S.A.\u201d e \u201cInsa\u201d; siendo los principales destinos de sus ventas, los pa\u00edses de Am\u00e9rica, Europa, Asia y \u00c1frica.<\/p>\n\n\n\n<p>Por otra parte, la industria Cotagro, junto a Cleanergy y la Cooperativa El\u00e9ctrica de General Cabrera integran la empresa 3C Biog\u00e1s S.A. Juntos construyeron una planta de 1MW de potencia que genera energ\u00eda el\u00e9ctrica a partir de 110 toneladas diarias de residuos org\u00e1nicos provenientes de la industria del man\u00ed, frigor\u00edficos, aceiteras y esti\u00e9rcol de cerdo. La planta se ubica en el kil\u00f3metro 14 sobre la ruta E90 e inyectar\u00e1 la energ\u00eda generada al sistema interconectado nacional que equivale aproximadamente el consumo de 3000 hogares.<\/p>\n\n\n\n<p>En la habilitaci\u00f3n tambi\u00e9n estuvo presente el legislador por el departamento Ju\u00e1rez Celman, Mat\u00edas Viola; intendentes de la zona y representantes del sector.<\/p>\n\n\n\n<p>Fuente: prensa.cba.gov.ar<\/p>\n","protected":false},"excerpt":{"rendered":"<p>En el predio est\u00e1n establecidas siete industrias que cuentan con 350 empleados.Adem\u00e1s, el gobernador realiz\u00f3 la entrega de 2,1 millones de pesos para la realizaci\u00f3n de cord\u00f3n cuneta. Todas las empresas que se establezcan en el predio contar\u00e1n con los beneficios de la Promoci\u00f3n de Parques Industriales.Este martes, el gobernador Juan Schiaretti, junto al ministro [&hellip;]<\/p>\n","protected":false},"author":4,"featured_media":35500,"comment_status":"open","ping_status":"open","sticky":false,"template":"","format":"standard","meta":{"site-sidebar-layout":"default","site-content-layout":"default","ast-site-content-layout":"default","site-content-style":"default","site-sidebar-style":"default","ast-global-header-display":"","ast-banner-title-visibility":"","ast-main-header-display":"","ast-hfb-above-header-display":"","ast-hfb-below-header-display":"","ast-hfb-mobile-header-display":"","site-post-title":"","ast-breadcrumbs-content":"","ast-featured-img":"","footer-sml-layout":"","ast-disable-related-posts":"","theme-transparent-header-meta":"default","adv-header-id-meta":"","stick-header-meta":"","header-above-stick-meta":"","header-main-stick-meta":"","header-below-stick-meta":"","astra-migrate-meta-layouts":"default","ast-page-background-enabled":"default","ast-page-background-meta":{"desktop":{"background-color":"","background-image":"","background-repeat":"repeat","background-position":"center center","background-size":"auto","background-attachment":"scroll","background-type":"","background-media":"","overlay-type":"","overlay-color":"","overlay-opacity":"","overlay-gradient":""},"tablet":{"background-color":"","background-image":"","background-repeat":"repeat","background-position":"center center","background-size":"auto","background-attachment":"scroll","background-type":"","background-media":"","overlay-type":"","overlay-color":"","overlay-opacity":"","overlay-gradient":""},"mobile":{"background-color":"","background-image":"","background-repeat":"repeat","background-position":"center center","background-size":"auto","background-attachment":"scroll","background-type":"","background-media":"","overlay-type":"","overlay-color":"","overlay-opacity":"","overlay-gradient":""}},"ast-content-background-meta":{"desktop":{"background-color":"var(--ast-global-color-5)","background-image":"","background-repeat":"repeat","background-position":"center center","background-size":"auto","background-attachment":"scroll","background-type":"","background-media":"","overlay-type":"","overlay-color":"","overlay-opacity":"","overlay-gradient":""},"tablet":{"background-color":"var(--ast-global-color-5)","background-image":"","background-repeat":"repeat","background-position":"center center","background-size":"auto","background-attachment":"scroll","background-type":"","background-media":"","overlay-type":"","overlay-color":"","overlay-opacity":"","overlay-gradient":""},"mobile":{"background-color":"var(--ast-global-color-5)","background-image":"","background-repeat":"repeat","background-position":"center center","background-size":"auto","background-attachment":"scroll","background-type":"","background-media":"","overlay-type":"","overlay-color":"","overlay-opacity":"","overlay-gradient":""}},"_jetpack_memberships_contains_paid_content":false,"_joinchat":[],"footnotes":""},"categories":[2091],"tags":[1232,8141,624,2136,2381,164],"class_list":["post-35499","post","type-post","status-publish","format-standard","has-post-thumbnail","hentry","category-region","tag-destacado","tag-generacion-puestos-de-trabajo","tag-general-cabrera","tag-habilitacion","tag-parque-industrial","tag-schiaretti"],"yoast_head":"<!-- This site is optimized with the Yoast SEO plugin v26.8 - https:\/\/yoast.com\/product\/yoast-seo-wordpress\/ -->\n<title>General Cabrera: se habilit\u00f3 Parque Industrial y generar\u00e1 150 nuevos puestos de trabajo - El Regional<\/title>\n<meta name=\"robots\" content=\"index, follow, max-snippet:-1, max-image-preview:large, max-video-preview:-1\" \/>\n<link rel=\"canonical\" href=\"http:\/\/elregionalvm.com.ar\/noticias-villa-maria\/general-cabrera-se-habilito-parque-industrial-y-generara-150-nuevos-puestos-de-trabajo\/\" \/>\n<meta property=\"og:locale\" content=\"es_ES\" \/>\n<meta property=\"og:type\" content=\"article\" \/>\n<meta property=\"og:title\" content=\"General Cabrera: se habilit\u00f3 Parque Industrial y generar\u00e1 150 nuevos puestos de trabajo - El Regional\" \/>\n<meta property=\"og:description\" content=\"En el predio est\u00e1n establecidas siete industrias que cuentan con 350 empleados.Adem\u00e1s, el gobernador realiz\u00f3 la entrega de 2,1 millones de pesos para la realizaci\u00f3n de cord\u00f3n cuneta. Todas las empresas que se establezcan en el predio contar\u00e1n con los beneficios de la Promoci\u00f3n de Parques Industriales.Este martes, el gobernador Juan Schiaretti, junto al ministro [&hellip;]\" \/>\n<meta property=\"og:url\" content=\"http:\/\/elregionalvm.com.ar\/noticias-villa-maria\/general-cabrera-se-habilito-parque-industrial-y-generara-150-nuevos-puestos-de-trabajo\/\" \/>\n<meta property=\"og:site_name\" content=\"El Regional\" \/>\n<meta property=\"article:publisher\" content=\"https:\/\/www.facebook.com\/elregionalvm\" \/>\n<meta property=\"article:published_time\" content=\"2021-04-06T23:44:30+00:00\" \/>\n<meta property=\"article:modified_time\" content=\"2021-04-06T23:44:31+00:00\" \/>\n<meta property=\"og:image\" content=\"http:\/\/elregionalvm.com.ar\/noticias-villa-maria\/wp-content\/uploads\/2021\/04\/parque-industrial-general-cabrera.jpeg\" \/>\n\t<meta property=\"og:image:width\" content=\"1280\" \/>\n\t<meta property=\"og:image:height\" content=\"855\" \/>\n\t<meta property=\"og:image:type\" content=\"image\/jpeg\" \/>\n<meta name=\"author\" content=\"Contenidos El Regional\" \/>\n<meta name=\"twitter:card\" content=\"summary_large_image\" \/>\n<meta name=\"twitter:creator\" content=\"@elregionalvm1\" \/>\n<meta name=\"twitter:site\" content=\"@elregionalvm1\" \/>\n<meta name=\"twitter:label1\" content=\"Escrito por\" \/>\n\t<meta name=\"twitter:data1\" content=\"Contenidos El Regional\" \/>\n\t<meta name=\"twitter:label2\" content=\"Tiempo de lectura\" \/>\n\t<meta name=\"twitter:data2\" content=\"4 minutos\" \/>\n<script type=\"application\/ld+json\" class=\"yoast-schema-graph\">{\"@context\":\"https:\/\/schema.org\",\"@graph\":[{\"@type\":\"Article\",\"@id\":\"http:\/\/elregionalvm.com.ar\/noticias-villa-maria\/general-cabrera-se-habilito-parque-industrial-y-generara-150-nuevos-puestos-de-trabajo\/#article\",\"isPartOf\":{\"@id\":\"http:\/\/elregionalvm.com.ar\/noticias-villa-maria\/general-cabrera-se-habilito-parque-industrial-y-generara-150-nuevos-puestos-de-trabajo\/\"},\"author\":{\"name\":\"Contenidos El Regional\",\"@id\":\"http:\/\/elregionalvm.com.ar\/noticias-villa-maria\/#\/schema\/person\/a0fb9c422317faca23d50163151bc354\"},\"headline\":\"General Cabrera: se habilit\u00f3 Parque Industrial y generar\u00e1 150 nuevos puestos de trabajo\",\"datePublished\":\"2021-04-06T23:44:30+00:00\",\"dateModified\":\"2021-04-06T23:44:31+00:00\",\"mainEntityOfPage\":{\"@id\":\"http:\/\/elregionalvm.com.ar\/noticias-villa-maria\/general-cabrera-se-habilito-parque-industrial-y-generara-150-nuevos-puestos-de-trabajo\/\"},\"wordCount\":858,\"commentCount\":0,\"image\":{\"@id\":\"http:\/\/elregionalvm.com.ar\/noticias-villa-maria\/general-cabrera-se-habilito-parque-industrial-y-generara-150-nuevos-puestos-de-trabajo\/#primaryimage\"},\"thumbnailUrl\":\"https:\/\/i0.wp.com\/elregionalvm.com.ar\/noticias-villa-maria\/wp-content\/uploads\/2021\/04\/parque-industrial-general-cabrera.jpeg?fit=1280%2C855&ssl=1\",\"keywords\":[\"destacado\",\"generaci\u00f3n puestos de trabajo\",\"General Cabrera\",\"Habilitaci\u00f3n\",\"Parque Industrial\",\"Schiaretti\"],\"articleSection\":[\"Regi\u00f3n\"],\"inLanguage\":\"es\",\"potentialAction\":[{\"@type\":\"CommentAction\",\"name\":\"Comment\",\"target\":[\"http:\/\/elregionalvm.com.ar\/noticias-villa-maria\/general-cabrera-se-habilito-parque-industrial-y-generara-150-nuevos-puestos-de-trabajo\/#respond\"]}]},{\"@type\":\"WebPage\",\"@id\":\"http:\/\/elregionalvm.com.ar\/noticias-villa-maria\/general-cabrera-se-habilito-parque-industrial-y-generara-150-nuevos-puestos-de-trabajo\/\",\"url\":\"http:\/\/elregionalvm.com.ar\/noticias-villa-maria\/general-cabrera-se-habilito-parque-industrial-y-generara-150-nuevos-puestos-de-trabajo\/\",\"name\":\"General Cabrera: se habilit\u00f3 Parque Industrial y generar\u00e1 150 nuevos puestos de trabajo - El Regional\",\"isPartOf\":{\"@id\":\"http:\/\/elregionalvm.com.ar\/noticias-villa-maria\/#website\"},\"primaryImageOfPage\":{\"@id\":\"http:\/\/elregionalvm.com.ar\/noticias-villa-maria\/general-cabrera-se-habilito-parque-industrial-y-generara-150-nuevos-puestos-de-trabajo\/#primaryimage\"},\"image\":{\"@id\":\"http:\/\/elregionalvm.com.ar\/noticias-villa-maria\/general-cabrera-se-habilito-parque-industrial-y-generara-150-nuevos-puestos-de-trabajo\/#primaryimage\"},\"thumbnailUrl\":\"https:\/\/i0.wp.com\/elregionalvm.com.ar\/noticias-villa-maria\/wp-content\/uploads\/2021\/04\/parque-industrial-general-cabrera.jpeg?fit=1280%2C855&ssl=1\",\"datePublished\":\"2021-04-06T23:44:30+00:00\",\"dateModified\":\"2021-04-06T23:44:31+00:00\",\"author\":{\"@id\":\"http:\/\/elregionalvm.com.ar\/noticias-villa-maria\/#\/schema\/person\/a0fb9c422317faca23d50163151bc354\"},\"breadcrumb\":{\"@id\":\"http:\/\/elregionalvm.com.ar\/noticias-villa-maria\/general-cabrera-se-habilito-parque-industrial-y-generara-150-nuevos-puestos-de-trabajo\/#breadcrumb\"},\"inLanguage\":\"es\",\"potentialAction\":[{\"@type\":\"ReadAction\",\"target\":[\"http:\/\/elregionalvm.com.ar\/noticias-villa-maria\/general-cabrera-se-habilito-parque-industrial-y-generara-150-nuevos-puestos-de-trabajo\/\"]}]},{\"@type\":\"ImageObject\",\"inLanguage\":\"es\",\"@id\":\"http:\/\/elregionalvm.com.ar\/noticias-villa-maria\/general-cabrera-se-habilito-parque-industrial-y-generara-150-nuevos-puestos-de-trabajo\/#primaryimage\",\"url\":\"https:\/\/i0.wp.com\/elregionalvm.com.ar\/noticias-villa-maria\/wp-content\/uploads\/2021\/04\/parque-industrial-general-cabrera.jpeg?fit=1280%2C855&ssl=1\",\"contentUrl\":\"https:\/\/i0.wp.com\/elregionalvm.com.ar\/noticias-villa-maria\/wp-content\/uploads\/2021\/04\/parque-industrial-general-cabrera.jpeg?fit=1280%2C855&ssl=1\",\"width\":1280,\"height\":855},{\"@type\":\"BreadcrumbList\",\"@id\":\"http:\/\/elregionalvm.com.ar\/noticias-villa-maria\/general-cabrera-se-habilito-parque-industrial-y-generara-150-nuevos-puestos-de-trabajo\/#breadcrumb\",\"itemListElement\":[{\"@type\":\"ListItem\",\"position\":1,\"name\":\"Portada\",\"item\":\"https:\/\/elregionalvm.com.ar\/noticias-villa-maria\/\"},{\"@type\":\"ListItem\",\"position\":2,\"name\":\"General Cabrera: se habilit\u00f3 Parque Industrial y generar\u00e1 150 nuevos puestos de trabajo\"}]},{\"@type\":\"WebSite\",\"@id\":\"http:\/\/elregionalvm.com.ar\/noticias-villa-maria\/#website\",\"url\":\"http:\/\/elregionalvm.com.ar\/noticias-villa-maria\/\",\"name\":\"El Regional\",\"description\":\"Mucho m\u00e1s que informaci\u00f3n\",\"potentialAction\":[{\"@type\":\"SearchAction\",\"target\":{\"@type\":\"EntryPoint\",\"urlTemplate\":\"http:\/\/elregionalvm.com.ar\/noticias-villa-maria\/?s={search_term_string}\"},\"query-input\":{\"@type\":\"PropertyValueSpecification\",\"valueRequired\":true,\"valueName\":\"search_term_string\"}}],\"inLanguage\":\"es\"},{\"@type\":\"Person\",\"@id\":\"http:\/\/elregionalvm.com.ar\/noticias-villa-maria\/#\/schema\/person\/a0fb9c422317faca23d50163151bc354\",\"name\":\"Contenidos El Regional\",\"image\":{\"@type\":\"ImageObject\",\"inLanguage\":\"es\",\"@id\":\"http:\/\/elregionalvm.com.ar\/noticias-villa-maria\/#\/schema\/person\/image\/\",\"url\":\"https:\/\/secure.gravatar.com\/avatar\/265b27cb2209af7bb3a1318f03305787d7981a5cc6e6cd08fe5a4ecdf99d4b48?s=96&d=mm&r=g\",\"contentUrl\":\"https:\/\/secure.gravatar.com\/avatar\/265b27cb2209af7bb3a1318f03305787d7981a5cc6e6cd08fe5a4ecdf99d4b48?s=96&d=mm&r=g\",\"caption\":\"Contenidos El Regional\"},\"url\":\"https:\/\/elregionalvm.com.ar\/noticias-villa-maria\/author\/contenido\/\"}]}<\/script>\n<!-- \/ Yoast SEO plugin. -->","yoast_head_json":{"title":"General Cabrera: se habilit\u00f3 Parque Industrial y generar\u00e1 150 nuevos puestos de trabajo - El Regional","robots":{"index":"index","follow":"follow","max-snippet":"max-snippet:-1","max-image-preview":"max-image-preview:large","max-video-preview":"max-video-preview:-1"},"canonical":"http:\/\/elregionalvm.com.ar\/noticias-villa-maria\/general-cabrera-se-habilito-parque-industrial-y-generara-150-nuevos-puestos-de-trabajo\/","og_locale":"es_ES","og_type":"article","og_title":"General Cabrera: se habilit\u00f3 Parque Industrial y generar\u00e1 150 nuevos puestos de trabajo - El Regional","og_description":"En el predio est\u00e1n establecidas siete industrias que cuentan con 350 empleados.Adem\u00e1s, el gobernador realiz\u00f3 la entrega de 2,1 millones de pesos para la realizaci\u00f3n de cord\u00f3n cuneta. Todas las empresas que se establezcan en el predio contar\u00e1n con los beneficios de la Promoci\u00f3n de Parques Industriales.Este martes, el gobernador Juan Schiaretti, junto al ministro [&hellip;]","og_url":"http:\/\/elregionalvm.com.ar\/noticias-villa-maria\/general-cabrera-se-habilito-parque-industrial-y-generara-150-nuevos-puestos-de-trabajo\/","og_site_name":"El Regional","article_publisher":"https:\/\/www.facebook.com\/elregionalvm","article_published_time":"2021-04-06T23:44:30+00:00","article_modified_time":"2021-04-06T23:44:31+00:00","og_image":[{"width":1280,"height":855,"url":"http:\/\/elregionalvm.com.ar\/noticias-villa-maria\/wp-content\/uploads\/2021\/04\/parque-industrial-general-cabrera.jpeg","type":"image\/jpeg"}],"author":"Contenidos El Regional","twitter_card":"summary_large_image","twitter_creator":"@elregionalvm1","twitter_site":"@elregionalvm1","twitter_misc":{"Escrito por":"Contenidos El Regional","Tiempo de lectura":"4 minutos"},"schema":{"@context":"https:\/\/schema.org","@graph":[{"@type":"Article","@id":"http:\/\/elregionalvm.com.ar\/noticias-villa-maria\/general-cabrera-se-habilito-parque-industrial-y-generara-150-nuevos-puestos-de-trabajo\/#article","isPartOf":{"@id":"http:\/\/elregionalvm.com.ar\/noticias-villa-maria\/general-cabrera-se-habilito-parque-industrial-y-generara-150-nuevos-puestos-de-trabajo\/"},"author":{"name":"Contenidos El Regional","@id":"http:\/\/elregionalvm.com.ar\/noticias-villa-maria\/#\/schema\/person\/a0fb9c422317faca23d50163151bc354"},"headline":"General Cabrera: se habilit\u00f3 Parque Industrial y generar\u00e1 150 nuevos puestos de trabajo","datePublished":"2021-04-06T23:44:30+00:00","dateModified":"2021-04-06T23:44:31+00:00","mainEntityOfPage":{"@id":"http:\/\/elregionalvm.com.ar\/noticias-villa-maria\/general-cabrera-se-habilito-parque-industrial-y-generara-150-nuevos-puestos-de-trabajo\/"},"wordCount":858,"commentCount":0,"image":{"@id":"http:\/\/elregionalvm.com.ar\/noticias-villa-maria\/general-cabrera-se-habilito-parque-industrial-y-generara-150-nuevos-puestos-de-trabajo\/#primaryimage"},"thumbnailUrl":"https:\/\/i0.wp.com\/elregionalvm.com.ar\/noticias-villa-maria\/wp-content\/uploads\/2021\/04\/parque-industrial-general-cabrera.jpeg?fit=1280%2C855&ssl=1","keywords":["destacado","generaci\u00f3n puestos de trabajo","General Cabrera","Habilitaci\u00f3n","Parque Industrial","Schiaretti"],"articleSection":["Regi\u00f3n"],"inLanguage":"es","potentialAction":[{"@type":"CommentAction","name":"Comment","target":["http:\/\/elregionalvm.com.ar\/noticias-villa-maria\/general-cabrera-se-habilito-parque-industrial-y-generara-150-nuevos-puestos-de-trabajo\/#respond"]}]},{"@type":"WebPage","@id":"http:\/\/elregionalvm.com.ar\/noticias-villa-maria\/general-cabrera-se-habilito-parque-industrial-y-generara-150-nuevos-puestos-de-trabajo\/","url":"http:\/\/elregionalvm.com.ar\/noticias-villa-maria\/general-cabrera-se-habilito-parque-industrial-y-generara-150-nuevos-puestos-de-trabajo\/","name":"General Cabrera: se habilit\u00f3 Parque Industrial y generar\u00e1 150 nuevos puestos de trabajo - El Regional","isPartOf":{"@id":"http:\/\/elregionalvm.com.ar\/noticias-villa-maria\/#website"},"primaryImageOfPage":{"@id":"http:\/\/elregionalvm.com.ar\/noticias-villa-maria\/general-cabrera-se-habilito-parque-industrial-y-generara-150-nuevos-puestos-de-trabajo\/#primaryimage"},"image":{"@id":"http:\/\/elregionalvm.com.ar\/noticias-villa-maria\/general-cabrera-se-habilito-parque-industrial-y-generara-150-nuevos-puestos-de-trabajo\/#primaryimage"},"thumbnailUrl":"https:\/\/i0.wp.com\/elregionalvm.com.ar\/noticias-villa-maria\/wp-content\/uploads\/2021\/04\/parque-industrial-general-cabrera.jpeg?fit=1280%2C855&ssl=1","datePublished":"2021-04-06T23:44:30+00:00","dateModified":"2021-04-06T23:44:31+00:00","author":{"@id":"http:\/\/elregionalvm.com.ar\/noticias-villa-maria\/#\/schema\/person\/a0fb9c422317faca23d50163151bc354"},"breadcrumb":{"@id":"http:\/\/elregionalvm.com.ar\/noticias-villa-maria\/general-cabrera-se-habilito-parque-industrial-y-generara-150-nuevos-puestos-de-trabajo\/#breadcrumb"},"inLanguage":"es","potentialAction":[{"@type":"ReadAction","target":["http:\/\/elregionalvm.com.ar\/noticias-villa-maria\/general-cabrera-se-habilito-parque-industrial-y-generara-150-nuevos-puestos-de-trabajo\/"]}]},{"@type":"ImageObject","inLanguage":"es","@id":"http:\/\/elregionalvm.com.ar\/noticias-villa-maria\/general-cabrera-se-habilito-parque-industrial-y-generara-150-nuevos-puestos-de-trabajo\/#primaryimage","url":"https:\/\/i0.wp.com\/elregionalvm.com.ar\/noticias-villa-maria\/wp-content\/uploads\/2021\/04\/parque-industrial-general-cabrera.jpeg?fit=1280%2C855&ssl=1","contentUrl":"https:\/\/i0.wp.com\/elregionalvm.com.ar\/noticias-villa-maria\/wp-content\/uploads\/2021\/04\/parque-industrial-general-cabrera.jpeg?fit=1280%2C855&ssl=1","width":1280,"height":855},{"@type":"BreadcrumbList","@id":"http:\/\/elregionalvm.com.ar\/noticias-villa-maria\/general-cabrera-se-habilito-parque-industrial-y-generara-150-nuevos-puestos-de-trabajo\/#breadcrumb","itemListElement":[{"@type":"ListItem","position":1,"name":"Portada","item":"https:\/\/elregionalvm.com.ar\/noticias-villa-maria\/"},{"@type":"ListItem","position":2,"name":"General Cabrera: se habilit\u00f3 Parque Industrial y generar\u00e1 150 nuevos puestos de trabajo"}]},{"@type":"WebSite","@id":"http:\/\/elregionalvm.com.ar\/noticias-villa-maria\/#website","url":"http:\/\/elregionalvm.com.ar\/noticias-villa-maria\/","name":"El Regional","description":"Mucho m\u00e1s que informaci\u00f3n","potentialAction":[{"@type":"SearchAction","target":{"@type":"EntryPoint","urlTemplate":"http:\/\/elregionalvm.com.ar\/noticias-villa-maria\/?s={search_term_string}"},"query-input":{"@type":"PropertyValueSpecification","valueRequired":true,"valueName":"search_term_string"}}],"inLanguage":"es"},{"@type":"Person","@id":"http:\/\/elregionalvm.com.ar\/noticias-villa-maria\/#\/schema\/person\/a0fb9c422317faca23d50163151bc354","name":"Contenidos El Regional","image":{"@type":"ImageObject","inLanguage":"es","@id":"http:\/\/elregionalvm.com.ar\/noticias-villa-maria\/#\/schema\/person\/image\/","url":"https:\/\/secure.gravatar.com\/avatar\/265b27cb2209af7bb3a1318f03305787d7981a5cc6e6cd08fe5a4ecdf99d4b48?s=96&d=mm&r=g","contentUrl":"https:\/\/secure.gravatar.com\/avatar\/265b27cb2209af7bb3a1318f03305787d7981a5cc6e6cd08fe5a4ecdf99d4b48?s=96&d=mm&r=g","caption":"Contenidos El Regional"},"url":"https:\/\/elregionalvm.com.ar\/noticias-villa-maria\/author\/contenido\/"}]}},"jetpack_featured_media_url":"https:\/\/i0.wp.com\/elregionalvm.com.ar\/noticias-villa-maria\/wp-content\/uploads\/2021\/04\/parque-industrial-general-cabrera.jpeg?fit=1280%2C855&ssl=1","jetpack_sharing_enabled":true,"_links":{"self":[{"href":"https:\/\/elregionalvm.com.ar\/noticias-villa-maria\/wp-json\/wp\/v2\/posts\/35499","targetHints":{"allow":["GET"]}}],"collection":[{"href":"https:\/\/elregionalvm.com.ar\/noticias-villa-maria\/wp-json\/wp\/v2\/posts"}],"about":[{"href":"https:\/\/elregionalvm.com.ar\/noticias-villa-maria\/wp-json\/wp\/v2\/types\/post"}],"author":[{"embeddable":true,"href":"https:\/\/elregionalvm.com.ar\/noticias-villa-maria\/wp-json\/wp\/v2\/users\/4"}],"replies":[{"embeddable":true,"href":"https:\/\/elregionalvm.com.ar\/noticias-villa-maria\/wp-json\/wp\/v2\/comments?post=35499"}],"version-history":[{"count":1,"href":"https:\/\/elregionalvm.com.ar\/noticias-villa-maria\/wp-json\/wp\/v2\/posts\/35499\/revisions"}],"predecessor-version":[{"id":35501,"href":"https:\/\/elregionalvm.com.ar\/noticias-villa-maria\/wp-json\/wp\/v2\/posts\/35499\/revisions\/35501"}],"wp:featuredmedia":[{"embeddable":true,"href":"https:\/\/elregionalvm.com.ar\/noticias-villa-maria\/wp-json\/wp\/v2\/media\/35500"}],"wp:attachment":[{"href":"https:\/\/elregionalvm.com.ar\/noticias-villa-maria\/wp-json\/wp\/v2\/media?parent=35499"}],"wp:term":[{"taxonomy":"category","embeddable":true,"href":"https:\/\/elregionalvm.com.ar\/noticias-villa-maria\/wp-json\/wp\/v2\/categories?post=35499"},{"taxonomy":"post_tag","embeddable":true,"href":"https:\/\/elregionalvm.com.ar\/noticias-villa-maria\/wp-json\/wp\/v2\/tags?post=35499"}],"curies":[{"name":"wp","href":"https:\/\/api.w.org\/{rel}","templated":true}]}}