{"id":35502,"date":"2021-04-06T23:51:24","date_gmt":"2021-04-06T23:51:24","guid":{"rendered":"https:\/\/elregionalvm.com.ar\/noticias-villa-maria\/?p=35502"},"modified":"2021-04-06T23:54:02","modified_gmt":"2021-04-06T23:54:02","slug":"bacheo-en-calle-dean-funes-y-velez-sarsfield-circular-con-precaucion","status":"publish","type":"post","link":"https:\/\/elregionalvm.com.ar\/noticias-villa-maria\/bacheo-en-calle-dean-funes-y-velez-sarsfield-circular-con-precaucion\/","title":{"rendered":"Bacheo en calles De\u00e1n Funes y V\u00e9lez Sarsfield: circular con precauci\u00f3n"},"content":{"rendered":"\n<p>En el marco del Plan Integral de Bacheo, el municipio lleva adelante intervenciones para mejorar la carpeta asf\u00e1ltica de calle De\u00e1n Funes, en inmediaciones de la rotonda con bulevar Espa\u00f1a. Por tal motivo, queda inhabilitado en una de las manos el paso del tr\u00e1nsito pesado por la arteria y deber\u00e1n realizar un desv\u00edo para llegar hacia ruta Nacional 158.<\/p>\n\n\n\n<p>La intervenci\u00f3n se realiza desde este martes y tendr\u00e1 una duraci\u00f3n prevista de 10 d\u00edas, por lo que por ese per\u00edodo se mantendr\u00e1 el desv\u00edo. Sin embargo, autom\u00f3viles, camionetas y motocicletas o cualquier otro veh\u00edculo de tr\u00e1nsito liviano, podr\u00e1n circular con precauci\u00f3n por media calzada.<\/p>\n\n\n\n<p>La intervenci\u00f3n, y por lo tanto el desv\u00edo, se da s\u00f3lo en sentido hacia bulevar Argentino, por calle De\u00e1n Funes. Quienes ingresen a la arteria en sentido contrario \u2013es decir, desde bulevar Argentino hacia Espa\u00f1a-, podr\u00e1n circular con normalidad.<\/p>\n\n\n\n<p>El desv\u00edo ser\u00e1 para aquellos veh\u00edculos pesados que ingresan por avenida Larrabure, que en vez de girar en De\u00e1n Funes, deber\u00e1n tomar calle Rawson y continuar de manera recta por esa arteria hacia bulevar Argentino y tomar all\u00ed el sentido izquierdo que deriva en la ruta Nacional 158.<\/p>\n\n\n\n<p>Se solicita a conductores circular con precauci\u00f3n y respetar los desv\u00edos y se\u00f1ales del lugar.<\/p>\n\n\n\n<p><strong>Bacheo en V\u00e9lez S\u00e1rsfield<\/strong><\/p>\n\n\n\n<p>De manera paralela, el municipio tambi\u00e9n realiz\u00f3 este martes tareas de bacheo con asfalto sobre bulevar V\u00e9lez Sarsfield.<\/p>\n\n\n\n<p>En diferentes lugares de esa arteria, trabajadores mejoraron la carpeta asf\u00e1ltica con nuevos materiales para brindar mayor seguridad vial.<\/p>\n\n\n\n<p>Los trabajos se realizaron sobre el bulevar, entre calles General Paz y avenida Alem, y la calzada permanece habilitada al tr\u00e1nsito. Sin embargo, se solicita circular con precauci\u00f3n.<\/p>\n","protected":false},"excerpt":{"rendered":"<p>En el marco del Plan Integral de Bacheo, el municipio lleva adelante intervenciones para mejorar la carpeta asf\u00e1ltica de calle De\u00e1n Funes, en inmediaciones de la rotonda con bulevar Espa\u00f1a. Por tal motivo, queda inhabilitado en una de las manos el paso del tr\u00e1nsito pesado por la arteria y deber\u00e1n realizar un desv\u00edo para llegar [&hellip;]<\/p>\n","protected":false},"author":4,"featured_media":35503,"comment_status":"open","ping_status":"open","sticky":false,"template":"","format":"standard","meta":{"site-sidebar-layout":"default","site-content-layout":"default","ast-site-content-layout":"default","site-content-style":"default","site-sidebar-style":"default","ast-global-header-display":"","ast-banner-title-visibility":"","ast-main-header-display":"","ast-hfb-above-header-display":"","ast-hfb-below-header-display":"","ast-hfb-mobile-header-display":"","site-post-title":"","ast-breadcrumbs-content":"","ast-featured-img":"","footer-sml-layout":"","ast-disable-related-posts":"","theme-transparent-header-meta":"default","adv-header-id-meta":"","stick-header-meta":"","header-above-stick-meta":"","header-main-stick-meta":"","header-below-stick-meta":"","astra-migrate-meta-layouts":"default","ast-page-background-enabled":"default","ast-page-background-meta":{"desktop":{"background-color":"","background-image":"","background-repeat":"repeat","background-position":"center center","background-size":"auto","background-attachment":"scroll","background-type":"","background-media":"","overlay-type":"","overlay-color":"","overlay-opacity":"","overlay-gradient":""},"tablet":{"background-color":"","background-image":"","background-repeat":"repeat","background-position":"center center","background-size":"auto","background-attachment":"scroll","background-type":"","background-media":"","overlay-type":"","overlay-color":"","overlay-opacity":"","overlay-gradient":""},"mobile":{"background-color":"","background-image":"","background-repeat":"repeat","background-position":"center center","background-size":"auto","background-attachment":"scroll","background-type":"","background-media":"","overlay-type":"","overlay-color":"","overlay-opacity":"","overlay-gradient":""}},"ast-content-background-meta":{"desktop":{"background-color":"var(--ast-global-color-5)","background-image":"","background-repeat":"repeat","background-position":"center center","background-size":"auto","background-attachment":"scroll","background-type":"","background-media":"","overlay-type":"","overlay-color":"","overlay-opacity":"","overlay-gradient":""},"tablet":{"background-color":"var(--ast-global-color-5)","background-image":"","background-repeat":"repeat","background-position":"center center","background-size":"auto","background-attachment":"scroll","background-type":"","background-media":"","overlay-type":"","overlay-color":"","overlay-opacity":"","overlay-gradient":""},"mobile":{"background-color":"var(--ast-global-color-5)","background-image":"","background-repeat":"repeat","background-position":"center center","background-size":"auto","background-attachment":"scroll","background-type":"","background-media":"","overlay-type":"","overlay-color":"","overlay-opacity":"","overlay-gradient":""}},"_jetpack_memberships_contains_paid_content":false,"_joinchat":[],"footnotes":""},"categories":[2],"tags":[1580,12,8142,2248],"class_list":["post-35502","post","type-post","status-publish","format-standard","has-post-thumbnail","hentry","category-villa-maria","tag-municipalidad","tag-obras","tag-obras-de-bacheo","tag-villa-maria-2"],"yoast_head":"<!-- This site is optimized with the Yoast SEO plugin v26.8 - https:\/\/yoast.com\/product\/yoast-seo-wordpress\/ -->\n<title>Bacheo en calles De\u00e1n Funes y V\u00e9lez Sarsfield: circular con precauci\u00f3n - El Regional<\/title>\n<meta name=\"robots\" content=\"index, follow, max-snippet:-1, max-image-preview:large, max-video-preview:-1\" \/>\n<link rel=\"canonical\" href=\"http:\/\/elregionalvm.com.ar\/noticias-villa-maria\/bacheo-en-calle-dean-funes-y-velez-sarsfield-circular-con-precaucion\/\" \/>\n<meta property=\"og:locale\" content=\"es_ES\" \/>\n<meta property=\"og:type\" content=\"article\" \/>\n<meta property=\"og:title\" content=\"Bacheo en calles De\u00e1n Funes y V\u00e9lez Sarsfield: circular con precauci\u00f3n - El Regional\" \/>\n<meta property=\"og:description\" content=\"En el marco del Plan Integral de Bacheo, el municipio lleva adelante intervenciones para mejorar la carpeta asf\u00e1ltica de calle De\u00e1n Funes, en inmediaciones de la rotonda con bulevar Espa\u00f1a. Por tal motivo, queda inhabilitado en una de las manos el paso del tr\u00e1nsito pesado por la arteria y deber\u00e1n realizar un desv\u00edo para llegar [&hellip;]\" \/>\n<meta property=\"og:url\" content=\"http:\/\/elregionalvm.com.ar\/noticias-villa-maria\/bacheo-en-calle-dean-funes-y-velez-sarsfield-circular-con-precaucion\/\" \/>\n<meta property=\"og:site_name\" content=\"El Regional\" \/>\n<meta property=\"article:publisher\" content=\"https:\/\/www.facebook.com\/elregionalvm\" \/>\n<meta property=\"article:published_time\" content=\"2021-04-06T23:51:24+00:00\" \/>\n<meta property=\"article:modified_time\" content=\"2021-04-06T23:54:02+00:00\" \/>\n<meta property=\"og:image\" content=\"http:\/\/elregionalvm.com.ar\/noticias-villa-maria\/wp-content\/uploads\/2021\/04\/WhatsApp-Image-2021-04-06-at-13.33.14.jpeg\" \/>\n\t<meta property=\"og:image:width\" content=\"1280\" \/>\n\t<meta property=\"og:image:height\" content=\"853\" \/>\n\t<meta property=\"og:image:type\" content=\"image\/jpeg\" \/>\n<meta name=\"author\" content=\"Contenidos El Regional\" \/>\n<meta name=\"twitter:card\" content=\"summary_large_image\" \/>\n<meta name=\"twitter:creator\" content=\"@elregionalvm1\" \/>\n<meta name=\"twitter:site\" content=\"@elregionalvm1\" \/>\n<meta name=\"twitter:label1\" content=\"Escrito por\" \/>\n\t<meta name=\"twitter:data1\" content=\"Contenidos El Regional\" \/>\n\t<meta name=\"twitter:label2\" content=\"Tiempo de lectura\" \/>\n\t<meta name=\"twitter:data2\" content=\"2 minutos\" \/>\n<script type=\"application\/ld+json\" class=\"yoast-schema-graph\">{\"@context\":\"https:\/\/schema.org\",\"@graph\":[{\"@type\":\"Article\",\"@id\":\"http:\/\/elregionalvm.com.ar\/noticias-villa-maria\/bacheo-en-calle-dean-funes-y-velez-sarsfield-circular-con-precaucion\/#article\",\"isPartOf\":{\"@id\":\"http:\/\/elregionalvm.com.ar\/noticias-villa-maria\/bacheo-en-calle-dean-funes-y-velez-sarsfield-circular-con-precaucion\/\"},\"author\":{\"name\":\"Contenidos El Regional\",\"@id\":\"http:\/\/elregionalvm.com.ar\/noticias-villa-maria\/#\/schema\/person\/a0fb9c422317faca23d50163151bc354\"},\"headline\":\"Bacheo en calles De\u00e1n Funes y V\u00e9lez Sarsfield: circular con precauci\u00f3n\",\"datePublished\":\"2021-04-06T23:51:24+00:00\",\"dateModified\":\"2021-04-06T23:54:02+00:00\",\"mainEntityOfPage\":{\"@id\":\"http:\/\/elregionalvm.com.ar\/noticias-villa-maria\/bacheo-en-calle-dean-funes-y-velez-sarsfield-circular-con-precaucion\/\"},\"wordCount\":322,\"commentCount\":0,\"image\":{\"@id\":\"http:\/\/elregionalvm.com.ar\/noticias-villa-maria\/bacheo-en-calle-dean-funes-y-velez-sarsfield-circular-con-precaucion\/#primaryimage\"},\"thumbnailUrl\":\"https:\/\/i0.wp.com\/elregionalvm.com.ar\/noticias-villa-maria\/wp-content\/uploads\/2021\/04\/WhatsApp-Image-2021-04-06-at-13.33.14.jpeg?fit=1280%2C853&ssl=1\",\"keywords\":[\"Municipalidad\",\"obras\",\"obras de bacheo\",\"Villa Mar\u00eda\"],\"articleSection\":[\"Villa Mar\u00eda\"],\"inLanguage\":\"es\",\"potentialAction\":[{\"@type\":\"CommentAction\",\"name\":\"Comment\",\"target\":[\"http:\/\/elregionalvm.com.ar\/noticias-villa-maria\/bacheo-en-calle-dean-funes-y-velez-sarsfield-circular-con-precaucion\/#respond\"]}]},{\"@type\":\"WebPage\",\"@id\":\"http:\/\/elregionalvm.com.ar\/noticias-villa-maria\/bacheo-en-calle-dean-funes-y-velez-sarsfield-circular-con-precaucion\/\",\"url\":\"http:\/\/elregionalvm.com.ar\/noticias-villa-maria\/bacheo-en-calle-dean-funes-y-velez-sarsfield-circular-con-precaucion\/\",\"name\":\"Bacheo en calles De\u00e1n Funes y V\u00e9lez Sarsfield: circular con precauci\u00f3n - El Regional\",\"isPartOf\":{\"@id\":\"http:\/\/elregionalvm.com.ar\/noticias-villa-maria\/#website\"},\"primaryImageOfPage\":{\"@id\":\"http:\/\/elregionalvm.com.ar\/noticias-villa-maria\/bacheo-en-calle-dean-funes-y-velez-sarsfield-circular-con-precaucion\/#primaryimage\"},\"image\":{\"@id\":\"http:\/\/elregionalvm.com.ar\/noticias-villa-maria\/bacheo-en-calle-dean-funes-y-velez-sarsfield-circular-con-precaucion\/#primaryimage\"},\"thumbnailUrl\":\"https:\/\/i0.wp.com\/elregionalvm.com.ar\/noticias-villa-maria\/wp-content\/uploads\/2021\/04\/WhatsApp-Image-2021-04-06-at-13.33.14.jpeg?fit=1280%2C853&ssl=1\",\"datePublished\":\"2021-04-06T23:51:24+00:00\",\"dateModified\":\"2021-04-06T23:54:02+00:00\",\"author\":{\"@id\":\"http:\/\/elregionalvm.com.ar\/noticias-villa-maria\/#\/schema\/person\/a0fb9c422317faca23d50163151bc354\"},\"breadcrumb\":{\"@id\":\"http:\/\/elregionalvm.com.ar\/noticias-villa-maria\/bacheo-en-calle-dean-funes-y-velez-sarsfield-circular-con-precaucion\/#breadcrumb\"},\"inLanguage\":\"es\",\"potentialAction\":[{\"@type\":\"ReadAction\",\"target\":[\"http:\/\/elregionalvm.com.ar\/noticias-villa-maria\/bacheo-en-calle-dean-funes-y-velez-sarsfield-circular-con-precaucion\/\"]}]},{\"@type\":\"ImageObject\",\"inLanguage\":\"es\",\"@id\":\"http:\/\/elregionalvm.com.ar\/noticias-villa-maria\/bacheo-en-calle-dean-funes-y-velez-sarsfield-circular-con-precaucion\/#primaryimage\",\"url\":\"https:\/\/i0.wp.com\/elregionalvm.com.ar\/noticias-villa-maria\/wp-content\/uploads\/2021\/04\/WhatsApp-Image-2021-04-06-at-13.33.14.jpeg?fit=1280%2C853&ssl=1\",\"contentUrl\":\"https:\/\/i0.wp.com\/elregionalvm.com.ar\/noticias-villa-maria\/wp-content\/uploads\/2021\/04\/WhatsApp-Image-2021-04-06-at-13.33.14.jpeg?fit=1280%2C853&ssl=1\",\"width\":1280,\"height\":853},{\"@type\":\"BreadcrumbList\",\"@id\":\"http:\/\/elregionalvm.com.ar\/noticias-villa-maria\/bacheo-en-calle-dean-funes-y-velez-sarsfield-circular-con-precaucion\/#breadcrumb\",\"itemListElement\":[{\"@type\":\"ListItem\",\"position\":1,\"name\":\"Portada\",\"item\":\"https:\/\/elregionalvm.com.ar\/noticias-villa-maria\/\"},{\"@type\":\"ListItem\",\"position\":2,\"name\":\"Bacheo en calles De\u00e1n Funes y V\u00e9lez Sarsfield: circular con precauci\u00f3n\"}]},{\"@type\":\"WebSite\",\"@id\":\"http:\/\/elregionalvm.com.ar\/noticias-villa-maria\/#website\",\"url\":\"http:\/\/elregionalvm.com.ar\/noticias-villa-maria\/\",\"name\":\"El Regional\",\"description\":\"Mucho m\u00e1s que informaci\u00f3n\",\"potentialAction\":[{\"@type\":\"SearchAction\",\"target\":{\"@type\":\"EntryPoint\",\"urlTemplate\":\"http:\/\/elregionalvm.com.ar\/noticias-villa-maria\/?s={search_term_string}\"},\"query-input\":{\"@type\":\"PropertyValueSpecification\",\"valueRequired\":true,\"valueName\":\"search_term_string\"}}],\"inLanguage\":\"es\"},{\"@type\":\"Person\",\"@id\":\"http:\/\/elregionalvm.com.ar\/noticias-villa-maria\/#\/schema\/person\/a0fb9c422317faca23d50163151bc354\",\"name\":\"Contenidos El Regional\",\"image\":{\"@type\":\"ImageObject\",\"inLanguage\":\"es\",\"@id\":\"http:\/\/elregionalvm.com.ar\/noticias-villa-maria\/#\/schema\/person\/image\/\",\"url\":\"https:\/\/secure.gravatar.com\/avatar\/265b27cb2209af7bb3a1318f03305787d7981a5cc6e6cd08fe5a4ecdf99d4b48?s=96&d=mm&r=g\",\"contentUrl\":\"https:\/\/secure.gravatar.com\/avatar\/265b27cb2209af7bb3a1318f03305787d7981a5cc6e6cd08fe5a4ecdf99d4b48?s=96&d=mm&r=g\",\"caption\":\"Contenidos El Regional\"},\"url\":\"https:\/\/elregionalvm.com.ar\/noticias-villa-maria\/author\/contenido\/\"}]}<\/script>\n<!-- \/ Yoast SEO plugin. -->","yoast_head_json":{"title":"Bacheo en calles De\u00e1n Funes y V\u00e9lez Sarsfield: circular con precauci\u00f3n - El Regional","robots":{"index":"index","follow":"follow","max-snippet":"max-snippet:-1","max-image-preview":"max-image-preview:large","max-video-preview":"max-video-preview:-1"},"canonical":"http:\/\/elregionalvm.com.ar\/noticias-villa-maria\/bacheo-en-calle-dean-funes-y-velez-sarsfield-circular-con-precaucion\/","og_locale":"es_ES","og_type":"article","og_title":"Bacheo en calles De\u00e1n Funes y V\u00e9lez Sarsfield: circular con precauci\u00f3n - El Regional","og_description":"En el marco del Plan Integral de Bacheo, el municipio lleva adelante intervenciones para mejorar la carpeta asf\u00e1ltica de calle De\u00e1n Funes, en inmediaciones de la rotonda con bulevar Espa\u00f1a. Por tal motivo, queda inhabilitado en una de las manos el paso del tr\u00e1nsito pesado por la arteria y deber\u00e1n realizar un desv\u00edo para llegar [&hellip;]","og_url":"http:\/\/elregionalvm.com.ar\/noticias-villa-maria\/bacheo-en-calle-dean-funes-y-velez-sarsfield-circular-con-precaucion\/","og_site_name":"El Regional","article_publisher":"https:\/\/www.facebook.com\/elregionalvm","article_published_time":"2021-04-06T23:51:24+00:00","article_modified_time":"2021-04-06T23:54:02+00:00","og_image":[{"width":1280,"height":853,"url":"http:\/\/elregionalvm.com.ar\/noticias-villa-maria\/wp-content\/uploads\/2021\/04\/WhatsApp-Image-2021-04-06-at-13.33.14.jpeg","type":"image\/jpeg"}],"author":"Contenidos El Regional","twitter_card":"summary_large_image","twitter_creator":"@elregionalvm1","twitter_site":"@elregionalvm1","twitter_misc":{"Escrito por":"Contenidos El Regional","Tiempo de lectura":"2 minutos"},"schema":{"@context":"https:\/\/schema.org","@graph":[{"@type":"Article","@id":"http:\/\/elregionalvm.com.ar\/noticias-villa-maria\/bacheo-en-calle-dean-funes-y-velez-sarsfield-circular-con-precaucion\/#article","isPartOf":{"@id":"http:\/\/elregionalvm.com.ar\/noticias-villa-maria\/bacheo-en-calle-dean-funes-y-velez-sarsfield-circular-con-precaucion\/"},"author":{"name":"Contenidos El Regional","@id":"http:\/\/elregionalvm.com.ar\/noticias-villa-maria\/#\/schema\/person\/a0fb9c422317faca23d50163151bc354"},"headline":"Bacheo en calles De\u00e1n Funes y V\u00e9lez Sarsfield: circular con precauci\u00f3n","datePublished":"2021-04-06T23:51:24+00:00","dateModified":"2021-04-06T23:54:02+00:00","mainEntityOfPage":{"@id":"http:\/\/elregionalvm.com.ar\/noticias-villa-maria\/bacheo-en-calle-dean-funes-y-velez-sarsfield-circular-con-precaucion\/"},"wordCount":322,"commentCount":0,"image":{"@id":"http:\/\/elregionalvm.com.ar\/noticias-villa-maria\/bacheo-en-calle-dean-funes-y-velez-sarsfield-circular-con-precaucion\/#primaryimage"},"thumbnailUrl":"https:\/\/i0.wp.com\/elregionalvm.com.ar\/noticias-villa-maria\/wp-content\/uploads\/2021\/04\/WhatsApp-Image-2021-04-06-at-13.33.14.jpeg?fit=1280%2C853&ssl=1","keywords":["Municipalidad","obras","obras de bacheo","Villa Mar\u00eda"],"articleSection":["Villa Mar\u00eda"],"inLanguage":"es","potentialAction":[{"@type":"CommentAction","name":"Comment","target":["http:\/\/elregionalvm.com.ar\/noticias-villa-maria\/bacheo-en-calle-dean-funes-y-velez-sarsfield-circular-con-precaucion\/#respond"]}]},{"@type":"WebPage","@id":"http:\/\/elregionalvm.com.ar\/noticias-villa-maria\/bacheo-en-calle-dean-funes-y-velez-sarsfield-circular-con-precaucion\/","url":"http:\/\/elregionalvm.com.ar\/noticias-villa-maria\/bacheo-en-calle-dean-funes-y-velez-sarsfield-circular-con-precaucion\/","name":"Bacheo en calles De\u00e1n Funes y V\u00e9lez Sarsfield: circular con precauci\u00f3n - El Regional","isPartOf":{"@id":"http:\/\/elregionalvm.com.ar\/noticias-villa-maria\/#website"},"primaryImageOfPage":{"@id":"http:\/\/elregionalvm.com.ar\/noticias-villa-maria\/bacheo-en-calle-dean-funes-y-velez-sarsfield-circular-con-precaucion\/#primaryimage"},"image":{"@id":"http:\/\/elregionalvm.com.ar\/noticias-villa-maria\/bacheo-en-calle-dean-funes-y-velez-sarsfield-circular-con-precaucion\/#primaryimage"},"thumbnailUrl":"https:\/\/i0.wp.com\/elregionalvm.com.ar\/noticias-villa-maria\/wp-content\/uploads\/2021\/04\/WhatsApp-Image-2021-04-06-at-13.33.14.jpeg?fit=1280%2C853&ssl=1","datePublished":"2021-04-06T23:51:24+00:00","dateModified":"2021-04-06T23:54:02+00:00","author":{"@id":"http:\/\/elregionalvm.com.ar\/noticias-villa-maria\/#\/schema\/person\/a0fb9c422317faca23d50163151bc354"},"breadcrumb":{"@id":"http:\/\/elregionalvm.com.ar\/noticias-villa-maria\/bacheo-en-calle-dean-funes-y-velez-sarsfield-circular-con-precaucion\/#breadcrumb"},"inLanguage":"es","potentialAction":[{"@type":"ReadAction","target":["http:\/\/elregionalvm.com.ar\/noticias-villa-maria\/bacheo-en-calle-dean-funes-y-velez-sarsfield-circular-con-precaucion\/"]}]},{"@type":"ImageObject","inLanguage":"es","@id":"http:\/\/elregionalvm.com.ar\/noticias-villa-maria\/bacheo-en-calle-dean-funes-y-velez-sarsfield-circular-con-precaucion\/#primaryimage","url":"https:\/\/i0.wp.com\/elregionalvm.com.ar\/noticias-villa-maria\/wp-content\/uploads\/2021\/04\/WhatsApp-Image-2021-04-06-at-13.33.14.jpeg?fit=1280%2C853&ssl=1","contentUrl":"https:\/\/i0.wp.com\/elregionalvm.com.ar\/noticias-villa-maria\/wp-content\/uploads\/2021\/04\/WhatsApp-Image-2021-04-06-at-13.33.14.jpeg?fit=1280%2C853&ssl=1","width":1280,"height":853},{"@type":"BreadcrumbList","@id":"http:\/\/elregionalvm.com.ar\/noticias-villa-maria\/bacheo-en-calle-dean-funes-y-velez-sarsfield-circular-con-precaucion\/#breadcrumb","itemListElement":[{"@type":"ListItem","position":1,"name":"Portada","item":"https:\/\/elregionalvm.com.ar\/noticias-villa-maria\/"},{"@type":"ListItem","position":2,"name":"Bacheo en calles De\u00e1n Funes y V\u00e9lez Sarsfield: circular con precauci\u00f3n"}]},{"@type":"WebSite","@id":"http:\/\/elregionalvm.com.ar\/noticias-villa-maria\/#website","url":"http:\/\/elregionalvm.com.ar\/noticias-villa-maria\/","name":"El Regional","description":"Mucho m\u00e1s que informaci\u00f3n","potentialAction":[{"@type":"SearchAction","target":{"@type":"EntryPoint","urlTemplate":"http:\/\/elregionalvm.com.ar\/noticias-villa-maria\/?s={search_term_string}"},"query-input":{"@type":"PropertyValueSpecification","valueRequired":true,"valueName":"search_term_string"}}],"inLanguage":"es"},{"@type":"Person","@id":"http:\/\/elregionalvm.com.ar\/noticias-villa-maria\/#\/schema\/person\/a0fb9c422317faca23d50163151bc354","name":"Contenidos El Regional","image":{"@type":"ImageObject","inLanguage":"es","@id":"http:\/\/elregionalvm.com.ar\/noticias-villa-maria\/#\/schema\/person\/image\/","url":"https:\/\/secure.gravatar.com\/avatar\/265b27cb2209af7bb3a1318f03305787d7981a5cc6e6cd08fe5a4ecdf99d4b48?s=96&d=mm&r=g","contentUrl":"https:\/\/secure.gravatar.com\/avatar\/265b27cb2209af7bb3a1318f03305787d7981a5cc6e6cd08fe5a4ecdf99d4b48?s=96&d=mm&r=g","caption":"Contenidos El Regional"},"url":"https:\/\/elregionalvm.com.ar\/noticias-villa-maria\/author\/contenido\/"}]}},"jetpack_featured_media_url":"https:\/\/i0.wp.com\/elregionalvm.com.ar\/noticias-villa-maria\/wp-content\/uploads\/2021\/04\/WhatsApp-Image-2021-04-06-at-13.33.14.jpeg?fit=1280%2C853&ssl=1","jetpack_sharing_enabled":true,"_links":{"self":[{"href":"https:\/\/elregionalvm.com.ar\/noticias-villa-maria\/wp-json\/wp\/v2\/posts\/35502","targetHints":{"allow":["GET"]}}],"collection":[{"href":"https:\/\/elregionalvm.com.ar\/noticias-villa-maria\/wp-json\/wp\/v2\/posts"}],"about":[{"href":"https:\/\/elregionalvm.com.ar\/noticias-villa-maria\/wp-json\/wp\/v2\/types\/post"}],"author":[{"embeddable":true,"href":"https:\/\/elregionalvm.com.ar\/noticias-villa-maria\/wp-json\/wp\/v2\/users\/4"}],"replies":[{"embeddable":true,"href":"https:\/\/elregionalvm.com.ar\/noticias-villa-maria\/wp-json\/wp\/v2\/comments?post=35502"}],"version-history":[{"count":2,"href":"https:\/\/elregionalvm.com.ar\/noticias-villa-maria\/wp-json\/wp\/v2\/posts\/35502\/revisions"}],"predecessor-version":[{"id":35505,"href":"https:\/\/elregionalvm.com.ar\/noticias-villa-maria\/wp-json\/wp\/v2\/posts\/35502\/revisions\/35505"}],"wp:featuredmedia":[{"embeddable":true,"href":"https:\/\/elregionalvm.com.ar\/noticias-villa-maria\/wp-json\/wp\/v2\/media\/35503"}],"wp:attachment":[{"href":"https:\/\/elregionalvm.com.ar\/noticias-villa-maria\/wp-json\/wp\/v2\/media?parent=35502"}],"wp:term":[{"taxonomy":"category","embeddable":true,"href":"https:\/\/elregionalvm.com.ar\/noticias-villa-maria\/wp-json\/wp\/v2\/categories?post=35502"},{"taxonomy":"post_tag","embeddable":true,"href":"https:\/\/elregionalvm.com.ar\/noticias-villa-maria\/wp-json\/wp\/v2\/tags?post=35502"}],"curies":[{"name":"wp","href":"https:\/\/api.w.org\/{rel}","templated":true}]}}