{"id":35785,"date":"2021-04-12T00:04:46","date_gmt":"2021-04-12T00:04:46","guid":{"rendered":"https:\/\/elregionalvm.com.ar\/noticias-villa-maria\/?p=35785"},"modified":"2021-04-13T01:54:30","modified_gmt":"2021-04-13T01:54:30","slug":"adopcion-y-burocracia-la-ley-esta-bien-hecha-pero-falla-la-evaluacion-de-los-inscriptos-video","status":"publish","type":"post","link":"https:\/\/elregionalvm.com.ar\/noticias-villa-maria\/adopcion-y-burocracia-la-ley-esta-bien-hecha-pero-falla-la-evaluacion-de-los-inscriptos-video\/","title":{"rendered":"Adopci\u00f3n y burocracia: \u201cLa ley est\u00e1 bien hecha, pero falla la evaluaci\u00f3n de los inscriptos\u201d [VIDEO]"},"content":{"rendered":"\n<p><\/p>\n\n\n\n<p>Claudia Mondino es mam\u00e1 adoptiva de Benicio, un ni\u00f1o que hoy tiene cuatro a\u00f1os. Su propia experiencia la llev\u00f3 a impulsar un espacio de escucha para familias que desean adoptar.<\/p>\n\n\n\n<p>Junto con otros pap\u00e1s y mam\u00e1s adoptantes, Mart\u00edn de Pascanas, Alejandra de Bell Ville, Natalia de Leones y Maricel de Pilar, crearon un centro de ayuda.<\/p>\n\n\n\n<p>\u201cApuntamos a sensibilizar para que puedan ponerse en el lugar de los ni\u00f1os, no pensar solo en el deseo de ser padres exclusivamente, pensar m\u00e1s bien en la situaci\u00f3n por la que pasan los ni\u00f1os\u201d, dijo Mondino en una entrevista con Canal 20 Noticias, conducido por Germ\u00e1n Giacchero.<\/p>\n\n\n\n<p>Claudia y su pareja se inscribieron en la ciudad de La Plata, donde viv\u00edan. En cinco meses les otorgaron el apto (tras un estudio psicol\u00f3gico) para poder adoptar. Despu\u00e9s de unos a\u00f1os se trasladaron a Villa Mar\u00eda y se encontraron con una \u201cdificultad muy grande\u201d, en lo que respecta a lo administrativo en la provincia de C\u00f3rdoba.<\/p>\n\n\n\n<p>\u201cLuego de tres a\u00f1os, nos hicieron una reevaluaci\u00f3n y pas\u00f3 un tiempo hasta que nos llam\u00f3 un juez para otorgarnos a quien ser\u00eda nuestro hijo\u201d, coment\u00f3.<\/p>\n\n\n\n<p><strong>Ley y procedimientos<\/strong><\/p>\n\n\n\n<p>\u201cLa ley est\u00e1 bien hecha, lo que falla es el procedimiento\u201d, remarc\u00f3 la mujer. \u201cDe 22 provincias que se unieron al sistema de adopci\u00f3n, C\u00f3rdoba es la \u00fanica que no eval\u00faa a sus inscriptos. Muchas personas no saben si su proyecto es viable o no. No se puede esperar m\u00e1s, esto agilizar\u00eda el tr\u00e1mite para que un ni\u00f1o pueda encontrar r\u00e1pido a su familia\u201d, aclar\u00f3.<\/p>\n\n\n\n<p>\u201cHay un mont\u00f3n de personas que esperan ser evaluadas. Pero, si esta provincia no tiene a todos sus postulantes evaluados, \u00bfc\u00f3mo hace cuando aparece un ni\u00f1o que necesita una familia y tienen que buscar en varios expedientes?\u201d, se interrog\u00f3.<\/p>\n\n\n\n<p>\u201cDe mil personas anotadas en la provincia para poder adoptar, 26 personas tienen el apto realizado\u201d, acot\u00f3.<\/p>\n\n\n\n<p>Esta realidad sirvi\u00f3 como puntapi\u00e9 inicia para crear el espacio de ayuda y escucha.<\/p>\n\n\n\n<ul class=\"wp-block-list\"><li><strong>Mir\u00e1 el video de la entrevista:<\/strong><\/li><\/ul>\n\n\n\n<p><\/p>\n\n\n\n<figure class=\"wp-block-embed is-type-video is-provider-youtube wp-block-embed-youtube wp-embed-aspect-16-9 wp-has-aspect-ratio\"><div class=\"wp-block-embed__wrapper\">\n<iframe title=\"C20N | EN PRIMERA PERSONA: COLABORA CON PERSONAS QUE QUIEREN ADOPTAR - CLAUDIA MONDINO\" width=\"500\" height=\"281\" src=\"https:\/\/www.youtube.com\/embed\/av6MZH1kODE?feature=oembed\" frameborder=\"0\" allow=\"accelerometer; autoplay; clipboard-write; encrypted-media; gyroscope; picture-in-picture; web-share\" referrerpolicy=\"strict-origin-when-cross-origin\" allowfullscreen><\/iframe>\n<\/div><figcaption><em>Claudia Mondino en di\u00e1logo con C20 Noticias (Canal 20 Villa Mar\u00eda). <\/em><\/figcaption><\/figure>\n","protected":false},"excerpt":{"rendered":"<p>Claudia Mondino es mam\u00e1 adoptiva de Benicio, un ni\u00f1o que hoy tiene cuatro a\u00f1os. Su propia experiencia la llev\u00f3 a impulsar un espacio de escucha para familias que desean adoptar. Junto con otros pap\u00e1s y mam\u00e1s adoptantes, Mart\u00edn de Pascanas, Alejandra de Bell Ville, Natalia de Leones y Maricel de Pilar, crearon un centro de [&hellip;]<\/p>\n","protected":false},"author":4,"featured_media":35797,"comment_status":"open","ping_status":"open","sticky":false,"template":"","format":"standard","meta":{"site-sidebar-layout":"default","site-content-layout":"default","ast-site-content-layout":"default","site-content-style":"default","site-sidebar-style":"default","ast-global-header-display":"","ast-banner-title-visibility":"","ast-main-header-display":"","ast-hfb-above-header-display":"","ast-hfb-below-header-display":"","ast-hfb-mobile-header-display":"","site-post-title":"","ast-breadcrumbs-content":"","ast-featured-img":"","footer-sml-layout":"","ast-disable-related-posts":"","theme-transparent-header-meta":"default","adv-header-id-meta":"","stick-header-meta":"","header-above-stick-meta":"","header-main-stick-meta":"","header-below-stick-meta":"","astra-migrate-meta-layouts":"default","ast-page-background-enabled":"default","ast-page-background-meta":{"desktop":{"background-color":"","background-image":"","background-repeat":"repeat","background-position":"center center","background-size":"auto","background-attachment":"scroll","background-type":"","background-media":"","overlay-type":"","overlay-color":"","overlay-opacity":"","overlay-gradient":""},"tablet":{"background-color":"","background-image":"","background-repeat":"repeat","background-position":"center center","background-size":"auto","background-attachment":"scroll","background-type":"","background-media":"","overlay-type":"","overlay-color":"","overlay-opacity":"","overlay-gradient":""},"mobile":{"background-color":"","background-image":"","background-repeat":"repeat","background-position":"center center","background-size":"auto","background-attachment":"scroll","background-type":"","background-media":"","overlay-type":"","overlay-color":"","overlay-opacity":"","overlay-gradient":""}},"ast-content-background-meta":{"desktop":{"background-color":"var(--ast-global-color-5)","background-image":"","background-repeat":"repeat","background-position":"center center","background-size":"auto","background-attachment":"scroll","background-type":"","background-media":"","overlay-type":"","overlay-color":"","overlay-opacity":"","overlay-gradient":""},"tablet":{"background-color":"var(--ast-global-color-5)","background-image":"","background-repeat":"repeat","background-position":"center center","background-size":"auto","background-attachment":"scroll","background-type":"","background-media":"","overlay-type":"","overlay-color":"","overlay-opacity":"","overlay-gradient":""},"mobile":{"background-color":"var(--ast-global-color-5)","background-image":"","background-repeat":"repeat","background-position":"center center","background-size":"auto","background-attachment":"scroll","background-type":"","background-media":"","overlay-type":"","overlay-color":"","overlay-opacity":"","overlay-gradient":""}},"_jetpack_memberships_contains_paid_content":false,"_joinchat":[],"footnotes":""},"categories":[2098,3557],"tags":[5285,4982,8231,8233,8232,8230,2403],"class_list":["post-35785","post","type-post","status-publish","format-standard","has-post-thumbnail","hentry","category-historias","category-tercera","tag-adopcion","tag-canal-20","tag-espacio-de-ayuda","tag-fallas","tag-inscriptos","tag-ley-de-adopcion","tag-provincia-de-cordoba"],"yoast_head":"<!-- This site is optimized with the Yoast SEO plugin v26.8 - https:\/\/yoast.com\/product\/yoast-seo-wordpress\/ -->\n<title>Adopci\u00f3n y burocracia: \u201cLa ley est\u00e1 bien hecha, pero falla la evaluaci\u00f3n de los inscriptos\u201d [VIDEO] - El Regional<\/title>\n<meta name=\"description\" content=\"Claudia es mam\u00e1 adoptiva. Su propia experiencia la llev\u00f3 a impulsar un espacio de escucha para familias que desean tener un hijo.\" \/>\n<meta name=\"robots\" content=\"index, follow, max-snippet:-1, max-image-preview:large, max-video-preview:-1\" \/>\n<link rel=\"canonical\" href=\"http:\/\/elregionalvm.com.ar\/noticias-villa-maria\/adopcion-y-burocracia-la-ley-esta-bien-hecha-pero-falla-la-evaluacion-de-los-inscriptos-video\/\" \/>\n<meta property=\"og:locale\" content=\"es_ES\" \/>\n<meta property=\"og:type\" content=\"article\" \/>\n<meta property=\"og:title\" content=\"Adopci\u00f3n y burocracia: \u201cLa ley est\u00e1 bien hecha, pero falla la evaluaci\u00f3n de los inscriptos\u201d [VIDEO] - El Regional\" \/>\n<meta property=\"og:description\" content=\"Claudia es mam\u00e1 adoptiva. Su propia experiencia la llev\u00f3 a impulsar un espacio de escucha para familias que desean tener un hijo.\" \/>\n<meta property=\"og:url\" content=\"http:\/\/elregionalvm.com.ar\/noticias-villa-maria\/adopcion-y-burocracia-la-ley-esta-bien-hecha-pero-falla-la-evaluacion-de-los-inscriptos-video\/\" \/>\n<meta property=\"og:site_name\" content=\"El Regional\" \/>\n<meta property=\"article:publisher\" content=\"https:\/\/www.facebook.com\/elregionalvm\" \/>\n<meta property=\"article:published_time\" content=\"2021-04-12T00:04:46+00:00\" \/>\n<meta property=\"article:modified_time\" content=\"2021-04-13T01:54:30+00:00\" \/>\n<meta property=\"og:image\" content=\"http:\/\/elregionalvm.com.ar\/noticias-villa-maria\/wp-content\/uploads\/2021\/04\/Adopcion-vertical-1.jpg\" \/>\n\t<meta property=\"og:image:width\" content=\"847\" \/>\n\t<meta property=\"og:image:height\" content=\"1063\" \/>\n\t<meta property=\"og:image:type\" content=\"image\/jpeg\" \/>\n<meta name=\"author\" content=\"Contenidos El Regional\" \/>\n<meta name=\"twitter:card\" content=\"summary_large_image\" \/>\n<meta name=\"twitter:creator\" content=\"@elregionalvm1\" \/>\n<meta name=\"twitter:site\" content=\"@elregionalvm1\" \/>\n<meta name=\"twitter:label1\" content=\"Escrito por\" \/>\n\t<meta name=\"twitter:data1\" content=\"Contenidos El Regional\" \/>\n\t<meta name=\"twitter:label2\" content=\"Tiempo de lectura\" \/>\n\t<meta name=\"twitter:data2\" content=\"2 minutos\" \/>\n<script type=\"application\/ld+json\" class=\"yoast-schema-graph\">{\"@context\":\"https:\/\/schema.org\",\"@graph\":[{\"@type\":\"Article\",\"@id\":\"http:\/\/elregionalvm.com.ar\/noticias-villa-maria\/adopcion-y-burocracia-la-ley-esta-bien-hecha-pero-falla-la-evaluacion-de-los-inscriptos-video\/#article\",\"isPartOf\":{\"@id\":\"http:\/\/elregionalvm.com.ar\/noticias-villa-maria\/adopcion-y-burocracia-la-ley-esta-bien-hecha-pero-falla-la-evaluacion-de-los-inscriptos-video\/\"},\"author\":{\"name\":\"Contenidos El Regional\",\"@id\":\"http:\/\/elregionalvm.com.ar\/noticias-villa-maria\/#\/schema\/person\/a0fb9c422317faca23d50163151bc354\"},\"headline\":\"Adopci\u00f3n y burocracia: \u201cLa ley est\u00e1 bien hecha, pero falla la evaluaci\u00f3n de los inscriptos\u201d [VIDEO]\",\"datePublished\":\"2021-04-12T00:04:46+00:00\",\"dateModified\":\"2021-04-13T01:54:30+00:00\",\"mainEntityOfPage\":{\"@id\":\"http:\/\/elregionalvm.com.ar\/noticias-villa-maria\/adopcion-y-burocracia-la-ley-esta-bien-hecha-pero-falla-la-evaluacion-de-los-inscriptos-video\/\"},\"wordCount\":394,\"commentCount\":0,\"image\":{\"@id\":\"http:\/\/elregionalvm.com.ar\/noticias-villa-maria\/adopcion-y-burocracia-la-ley-esta-bien-hecha-pero-falla-la-evaluacion-de-los-inscriptos-video\/#primaryimage\"},\"thumbnailUrl\":\"https:\/\/i0.wp.com\/elregionalvm.com.ar\/noticias-villa-maria\/wp-content\/uploads\/2021\/04\/Adopcion-vertical-1.jpg?fit=847%2C1063&ssl=1\",\"keywords\":[\"Adopci\u00f3n\",\"Canal 20\",\"Espacio de ayuda\",\"fallas\",\"Inscriptos\",\"Ley de adopci\u00f3n\",\"Provincia de C\u00f3rdoba\"],\"articleSection\":[\"Historias\",\"tercera\"],\"inLanguage\":\"es\",\"potentialAction\":[{\"@type\":\"CommentAction\",\"name\":\"Comment\",\"target\":[\"http:\/\/elregionalvm.com.ar\/noticias-villa-maria\/adopcion-y-burocracia-la-ley-esta-bien-hecha-pero-falla-la-evaluacion-de-los-inscriptos-video\/#respond\"]}]},{\"@type\":\"WebPage\",\"@id\":\"http:\/\/elregionalvm.com.ar\/noticias-villa-maria\/adopcion-y-burocracia-la-ley-esta-bien-hecha-pero-falla-la-evaluacion-de-los-inscriptos-video\/\",\"url\":\"http:\/\/elregionalvm.com.ar\/noticias-villa-maria\/adopcion-y-burocracia-la-ley-esta-bien-hecha-pero-falla-la-evaluacion-de-los-inscriptos-video\/\",\"name\":\"Adopci\u00f3n y burocracia: \u201cLa ley est\u00e1 bien hecha, pero falla la evaluaci\u00f3n de los inscriptos\u201d [VIDEO] - El Regional\",\"isPartOf\":{\"@id\":\"http:\/\/elregionalvm.com.ar\/noticias-villa-maria\/#website\"},\"primaryImageOfPage\":{\"@id\":\"http:\/\/elregionalvm.com.ar\/noticias-villa-maria\/adopcion-y-burocracia-la-ley-esta-bien-hecha-pero-falla-la-evaluacion-de-los-inscriptos-video\/#primaryimage\"},\"image\":{\"@id\":\"http:\/\/elregionalvm.com.ar\/noticias-villa-maria\/adopcion-y-burocracia-la-ley-esta-bien-hecha-pero-falla-la-evaluacion-de-los-inscriptos-video\/#primaryimage\"},\"thumbnailUrl\":\"https:\/\/i0.wp.com\/elregionalvm.com.ar\/noticias-villa-maria\/wp-content\/uploads\/2021\/04\/Adopcion-vertical-1.jpg?fit=847%2C1063&ssl=1\",\"datePublished\":\"2021-04-12T00:04:46+00:00\",\"dateModified\":\"2021-04-13T01:54:30+00:00\",\"author\":{\"@id\":\"http:\/\/elregionalvm.com.ar\/noticias-villa-maria\/#\/schema\/person\/a0fb9c422317faca23d50163151bc354\"},\"description\":\"Claudia es mam\u00e1 adoptiva. Su propia experiencia la llev\u00f3 a impulsar un espacio de escucha para familias que desean tener un hijo.\",\"breadcrumb\":{\"@id\":\"http:\/\/elregionalvm.com.ar\/noticias-villa-maria\/adopcion-y-burocracia-la-ley-esta-bien-hecha-pero-falla-la-evaluacion-de-los-inscriptos-video\/#breadcrumb\"},\"inLanguage\":\"es\",\"potentialAction\":[{\"@type\":\"ReadAction\",\"target\":[\"http:\/\/elregionalvm.com.ar\/noticias-villa-maria\/adopcion-y-burocracia-la-ley-esta-bien-hecha-pero-falla-la-evaluacion-de-los-inscriptos-video\/\"]}]},{\"@type\":\"ImageObject\",\"inLanguage\":\"es\",\"@id\":\"http:\/\/elregionalvm.com.ar\/noticias-villa-maria\/adopcion-y-burocracia-la-ley-esta-bien-hecha-pero-falla-la-evaluacion-de-los-inscriptos-video\/#primaryimage\",\"url\":\"https:\/\/i0.wp.com\/elregionalvm.com.ar\/noticias-villa-maria\/wp-content\/uploads\/2021\/04\/Adopcion-vertical-1.jpg?fit=847%2C1063&ssl=1\",\"contentUrl\":\"https:\/\/i0.wp.com\/elregionalvm.com.ar\/noticias-villa-maria\/wp-content\/uploads\/2021\/04\/Adopcion-vertical-1.jpg?fit=847%2C1063&ssl=1\",\"width\":847,\"height\":1063},{\"@type\":\"BreadcrumbList\",\"@id\":\"http:\/\/elregionalvm.com.ar\/noticias-villa-maria\/adopcion-y-burocracia-la-ley-esta-bien-hecha-pero-falla-la-evaluacion-de-los-inscriptos-video\/#breadcrumb\",\"itemListElement\":[{\"@type\":\"ListItem\",\"position\":1,\"name\":\"Portada\",\"item\":\"https:\/\/elregionalvm.com.ar\/noticias-villa-maria\/\"},{\"@type\":\"ListItem\",\"position\":2,\"name\":\"Adopci\u00f3n y burocracia: \u201cLa ley est\u00e1 bien hecha, pero falla la evaluaci\u00f3n de los inscriptos\u201d [VIDEO]\"}]},{\"@type\":\"WebSite\",\"@id\":\"http:\/\/elregionalvm.com.ar\/noticias-villa-maria\/#website\",\"url\":\"http:\/\/elregionalvm.com.ar\/noticias-villa-maria\/\",\"name\":\"El Regional\",\"description\":\"Mucho m\u00e1s que informaci\u00f3n\",\"potentialAction\":[{\"@type\":\"SearchAction\",\"target\":{\"@type\":\"EntryPoint\",\"urlTemplate\":\"http:\/\/elregionalvm.com.ar\/noticias-villa-maria\/?s={search_term_string}\"},\"query-input\":{\"@type\":\"PropertyValueSpecification\",\"valueRequired\":true,\"valueName\":\"search_term_string\"}}],\"inLanguage\":\"es\"},{\"@type\":\"Person\",\"@id\":\"http:\/\/elregionalvm.com.ar\/noticias-villa-maria\/#\/schema\/person\/a0fb9c422317faca23d50163151bc354\",\"name\":\"Contenidos El Regional\",\"image\":{\"@type\":\"ImageObject\",\"inLanguage\":\"es\",\"@id\":\"http:\/\/elregionalvm.com.ar\/noticias-villa-maria\/#\/schema\/person\/image\/\",\"url\":\"https:\/\/secure.gravatar.com\/avatar\/265b27cb2209af7bb3a1318f03305787d7981a5cc6e6cd08fe5a4ecdf99d4b48?s=96&d=mm&r=g\",\"contentUrl\":\"https:\/\/secure.gravatar.com\/avatar\/265b27cb2209af7bb3a1318f03305787d7981a5cc6e6cd08fe5a4ecdf99d4b48?s=96&d=mm&r=g\",\"caption\":\"Contenidos El Regional\"},\"url\":\"https:\/\/elregionalvm.com.ar\/noticias-villa-maria\/author\/contenido\/\"}]}<\/script>\n<!-- \/ Yoast SEO plugin. -->","yoast_head_json":{"title":"Adopci\u00f3n y burocracia: \u201cLa ley est\u00e1 bien hecha, pero falla la evaluaci\u00f3n de los inscriptos\u201d [VIDEO] - El Regional","description":"Claudia es mam\u00e1 adoptiva. Su propia experiencia la llev\u00f3 a impulsar un espacio de escucha para familias que desean tener un hijo.","robots":{"index":"index","follow":"follow","max-snippet":"max-snippet:-1","max-image-preview":"max-image-preview:large","max-video-preview":"max-video-preview:-1"},"canonical":"http:\/\/elregionalvm.com.ar\/noticias-villa-maria\/adopcion-y-burocracia-la-ley-esta-bien-hecha-pero-falla-la-evaluacion-de-los-inscriptos-video\/","og_locale":"es_ES","og_type":"article","og_title":"Adopci\u00f3n y burocracia: \u201cLa ley est\u00e1 bien hecha, pero falla la evaluaci\u00f3n de los inscriptos\u201d [VIDEO] - El Regional","og_description":"Claudia es mam\u00e1 adoptiva. Su propia experiencia la llev\u00f3 a impulsar un espacio de escucha para familias que desean tener un hijo.","og_url":"http:\/\/elregionalvm.com.ar\/noticias-villa-maria\/adopcion-y-burocracia-la-ley-esta-bien-hecha-pero-falla-la-evaluacion-de-los-inscriptos-video\/","og_site_name":"El Regional","article_publisher":"https:\/\/www.facebook.com\/elregionalvm","article_published_time":"2021-04-12T00:04:46+00:00","article_modified_time":"2021-04-13T01:54:30+00:00","og_image":[{"width":847,"height":1063,"url":"http:\/\/elregionalvm.com.ar\/noticias-villa-maria\/wp-content\/uploads\/2021\/04\/Adopcion-vertical-1.jpg","type":"image\/jpeg"}],"author":"Contenidos El Regional","twitter_card":"summary_large_image","twitter_creator":"@elregionalvm1","twitter_site":"@elregionalvm1","twitter_misc":{"Escrito por":"Contenidos El Regional","Tiempo de lectura":"2 minutos"},"schema":{"@context":"https:\/\/schema.org","@graph":[{"@type":"Article","@id":"http:\/\/elregionalvm.com.ar\/noticias-villa-maria\/adopcion-y-burocracia-la-ley-esta-bien-hecha-pero-falla-la-evaluacion-de-los-inscriptos-video\/#article","isPartOf":{"@id":"http:\/\/elregionalvm.com.ar\/noticias-villa-maria\/adopcion-y-burocracia-la-ley-esta-bien-hecha-pero-falla-la-evaluacion-de-los-inscriptos-video\/"},"author":{"name":"Contenidos El Regional","@id":"http:\/\/elregionalvm.com.ar\/noticias-villa-maria\/#\/schema\/person\/a0fb9c422317faca23d50163151bc354"},"headline":"Adopci\u00f3n y burocracia: \u201cLa ley est\u00e1 bien hecha, pero falla la evaluaci\u00f3n de los inscriptos\u201d [VIDEO]","datePublished":"2021-04-12T00:04:46+00:00","dateModified":"2021-04-13T01:54:30+00:00","mainEntityOfPage":{"@id":"http:\/\/elregionalvm.com.ar\/noticias-villa-maria\/adopcion-y-burocracia-la-ley-esta-bien-hecha-pero-falla-la-evaluacion-de-los-inscriptos-video\/"},"wordCount":394,"commentCount":0,"image":{"@id":"http:\/\/elregionalvm.com.ar\/noticias-villa-maria\/adopcion-y-burocracia-la-ley-esta-bien-hecha-pero-falla-la-evaluacion-de-los-inscriptos-video\/#primaryimage"},"thumbnailUrl":"https:\/\/i0.wp.com\/elregionalvm.com.ar\/noticias-villa-maria\/wp-content\/uploads\/2021\/04\/Adopcion-vertical-1.jpg?fit=847%2C1063&ssl=1","keywords":["Adopci\u00f3n","Canal 20","Espacio de ayuda","fallas","Inscriptos","Ley de adopci\u00f3n","Provincia de C\u00f3rdoba"],"articleSection":["Historias","tercera"],"inLanguage":"es","potentialAction":[{"@type":"CommentAction","name":"Comment","target":["http:\/\/elregionalvm.com.ar\/noticias-villa-maria\/adopcion-y-burocracia-la-ley-esta-bien-hecha-pero-falla-la-evaluacion-de-los-inscriptos-video\/#respond"]}]},{"@type":"WebPage","@id":"http:\/\/elregionalvm.com.ar\/noticias-villa-maria\/adopcion-y-burocracia-la-ley-esta-bien-hecha-pero-falla-la-evaluacion-de-los-inscriptos-video\/","url":"http:\/\/elregionalvm.com.ar\/noticias-villa-maria\/adopcion-y-burocracia-la-ley-esta-bien-hecha-pero-falla-la-evaluacion-de-los-inscriptos-video\/","name":"Adopci\u00f3n y burocracia: \u201cLa ley est\u00e1 bien hecha, pero falla la evaluaci\u00f3n de los inscriptos\u201d [VIDEO] - El Regional","isPartOf":{"@id":"http:\/\/elregionalvm.com.ar\/noticias-villa-maria\/#website"},"primaryImageOfPage":{"@id":"http:\/\/elregionalvm.com.ar\/noticias-villa-maria\/adopcion-y-burocracia-la-ley-esta-bien-hecha-pero-falla-la-evaluacion-de-los-inscriptos-video\/#primaryimage"},"image":{"@id":"http:\/\/elregionalvm.com.ar\/noticias-villa-maria\/adopcion-y-burocracia-la-ley-esta-bien-hecha-pero-falla-la-evaluacion-de-los-inscriptos-video\/#primaryimage"},"thumbnailUrl":"https:\/\/i0.wp.com\/elregionalvm.com.ar\/noticias-villa-maria\/wp-content\/uploads\/2021\/04\/Adopcion-vertical-1.jpg?fit=847%2C1063&ssl=1","datePublished":"2021-04-12T00:04:46+00:00","dateModified":"2021-04-13T01:54:30+00:00","author":{"@id":"http:\/\/elregionalvm.com.ar\/noticias-villa-maria\/#\/schema\/person\/a0fb9c422317faca23d50163151bc354"},"description":"Claudia es mam\u00e1 adoptiva. Su propia experiencia la llev\u00f3 a impulsar un espacio de escucha para familias que desean tener un hijo.","breadcrumb":{"@id":"http:\/\/elregionalvm.com.ar\/noticias-villa-maria\/adopcion-y-burocracia-la-ley-esta-bien-hecha-pero-falla-la-evaluacion-de-los-inscriptos-video\/#breadcrumb"},"inLanguage":"es","potentialAction":[{"@type":"ReadAction","target":["http:\/\/elregionalvm.com.ar\/noticias-villa-maria\/adopcion-y-burocracia-la-ley-esta-bien-hecha-pero-falla-la-evaluacion-de-los-inscriptos-video\/"]}]},{"@type":"ImageObject","inLanguage":"es","@id":"http:\/\/elregionalvm.com.ar\/noticias-villa-maria\/adopcion-y-burocracia-la-ley-esta-bien-hecha-pero-falla-la-evaluacion-de-los-inscriptos-video\/#primaryimage","url":"https:\/\/i0.wp.com\/elregionalvm.com.ar\/noticias-villa-maria\/wp-content\/uploads\/2021\/04\/Adopcion-vertical-1.jpg?fit=847%2C1063&ssl=1","contentUrl":"https:\/\/i0.wp.com\/elregionalvm.com.ar\/noticias-villa-maria\/wp-content\/uploads\/2021\/04\/Adopcion-vertical-1.jpg?fit=847%2C1063&ssl=1","width":847,"height":1063},{"@type":"BreadcrumbList","@id":"http:\/\/elregionalvm.com.ar\/noticias-villa-maria\/adopcion-y-burocracia-la-ley-esta-bien-hecha-pero-falla-la-evaluacion-de-los-inscriptos-video\/#breadcrumb","itemListElement":[{"@type":"ListItem","position":1,"name":"Portada","item":"https:\/\/elregionalvm.com.ar\/noticias-villa-maria\/"},{"@type":"ListItem","position":2,"name":"Adopci\u00f3n y burocracia: \u201cLa ley est\u00e1 bien hecha, pero falla la evaluaci\u00f3n de los inscriptos\u201d [VIDEO]"}]},{"@type":"WebSite","@id":"http:\/\/elregionalvm.com.ar\/noticias-villa-maria\/#website","url":"http:\/\/elregionalvm.com.ar\/noticias-villa-maria\/","name":"El Regional","description":"Mucho m\u00e1s que informaci\u00f3n","potentialAction":[{"@type":"SearchAction","target":{"@type":"EntryPoint","urlTemplate":"http:\/\/elregionalvm.com.ar\/noticias-villa-maria\/?s={search_term_string}"},"query-input":{"@type":"PropertyValueSpecification","valueRequired":true,"valueName":"search_term_string"}}],"inLanguage":"es"},{"@type":"Person","@id":"http:\/\/elregionalvm.com.ar\/noticias-villa-maria\/#\/schema\/person\/a0fb9c422317faca23d50163151bc354","name":"Contenidos El Regional","image":{"@type":"ImageObject","inLanguage":"es","@id":"http:\/\/elregionalvm.com.ar\/noticias-villa-maria\/#\/schema\/person\/image\/","url":"https:\/\/secure.gravatar.com\/avatar\/265b27cb2209af7bb3a1318f03305787d7981a5cc6e6cd08fe5a4ecdf99d4b48?s=96&d=mm&r=g","contentUrl":"https:\/\/secure.gravatar.com\/avatar\/265b27cb2209af7bb3a1318f03305787d7981a5cc6e6cd08fe5a4ecdf99d4b48?s=96&d=mm&r=g","caption":"Contenidos El Regional"},"url":"https:\/\/elregionalvm.com.ar\/noticias-villa-maria\/author\/contenido\/"}]}},"jetpack_featured_media_url":"https:\/\/i0.wp.com\/elregionalvm.com.ar\/noticias-villa-maria\/wp-content\/uploads\/2021\/04\/Adopcion-vertical-1.jpg?fit=847%2C1063&ssl=1","jetpack_sharing_enabled":true,"_links":{"self":[{"href":"https:\/\/elregionalvm.com.ar\/noticias-villa-maria\/wp-json\/wp\/v2\/posts\/35785","targetHints":{"allow":["GET"]}}],"collection":[{"href":"https:\/\/elregionalvm.com.ar\/noticias-villa-maria\/wp-json\/wp\/v2\/posts"}],"about":[{"href":"https:\/\/elregionalvm.com.ar\/noticias-villa-maria\/wp-json\/wp\/v2\/types\/post"}],"author":[{"embeddable":true,"href":"https:\/\/elregionalvm.com.ar\/noticias-villa-maria\/wp-json\/wp\/v2\/users\/4"}],"replies":[{"embeddable":true,"href":"https:\/\/elregionalvm.com.ar\/noticias-villa-maria\/wp-json\/wp\/v2\/comments?post=35785"}],"version-history":[{"count":3,"href":"https:\/\/elregionalvm.com.ar\/noticias-villa-maria\/wp-json\/wp\/v2\/posts\/35785\/revisions"}],"predecessor-version":[{"id":35793,"href":"https:\/\/elregionalvm.com.ar\/noticias-villa-maria\/wp-json\/wp\/v2\/posts\/35785\/revisions\/35793"}],"wp:featuredmedia":[{"embeddable":true,"href":"https:\/\/elregionalvm.com.ar\/noticias-villa-maria\/wp-json\/wp\/v2\/media\/35797"}],"wp:attachment":[{"href":"https:\/\/elregionalvm.com.ar\/noticias-villa-maria\/wp-json\/wp\/v2\/media?parent=35785"}],"wp:term":[{"taxonomy":"category","embeddable":true,"href":"https:\/\/elregionalvm.com.ar\/noticias-villa-maria\/wp-json\/wp\/v2\/categories?post=35785"},{"taxonomy":"post_tag","embeddable":true,"href":"https:\/\/elregionalvm.com.ar\/noticias-villa-maria\/wp-json\/wp\/v2\/tags?post=35785"}],"curies":[{"name":"wp","href":"https:\/\/api.w.org\/{rel}","templated":true}]}}