{"id":35801,"date":"2021-04-12T01:13:04","date_gmt":"2021-04-12T01:13:04","guid":{"rendered":"https:\/\/elregionalvm.com.ar\/noticias-villa-maria\/?p=35801"},"modified":"2021-04-12T01:13:05","modified_gmt":"2021-04-12T01:13:05","slug":"murio-mauro-viale-tras-ser-vacunado-y-estar-internado-por-coronavirus","status":"publish","type":"post","link":"https:\/\/elregionalvm.com.ar\/noticias-villa-maria\/murio-mauro-viale-tras-ser-vacunado-y-estar-internado-por-coronavirus\/","title":{"rendered":"Muri\u00f3 Mauro Viale, tras ser vacunado y estar internado por coronavirus"},"content":{"rendered":"\n<p>El periodista y conductor Mauro Viale muri\u00f3 este domingo a los 73 a\u00f1os tras sufrir un paro card\u00edaco en el Sanatorio de Los Arcos, donde se encontraba internado desde el s\u00e1bado por un cuadro severo de coronavirus.<\/p>\n\n\n\n<p>El conductor de A24 y Am\u00e9rica hab\u00eda recibido la primera dosis de la vacuna contra el COVID-19 el jueves pasado. Dos d\u00edas despu\u00e9s, en la ma\u00f1ana del s\u00e1bado, se conoci\u00f3 la noticia de que despu\u00e9s de haber experimentado algunos s\u00edntomas compatibles con el virus se hizo un hisopado, que dio positivo.<\/p>\n\n\n\n<p>Y hab\u00eda sido internado en terapia intensiva por un cuadro de neumon\u00eda bilateral, aunque sus allegados informaron que el domingo ya se encontraba en una sala com\u00fan.<\/p>\n\n\n\n<p><strong>Vaivenes <\/strong><\/p>\n\n\n\n<p>La noticia de su fallecimiento fue confirmada por Rolando Gra\u00f1a durante la edici\u00f3n de GPS. \u201cLamentablemente me toca dar la peor de las noticias que tuve que dar hoy y es que ha muerto Mauro Viale. Nuestro amigo, colega. Muchos a\u00f1os de trabajar con \u00e9l. A veces, para nosotros dar una noticia no es solamente dar una noticia. Hoy estuve hablando con Jonatan (Viale, su hijo) temprano y me dijo que hab\u00eda mejorado, que estaba saturando mejor. Sin embargo, en las \u00faltimas horas se ve que algo pas\u00f3. Y Mauro, nuestro querido Mauro, con quien hemos compartidos tantos programas, tantas horas, tantas coberturas, tantos m\u00f3viles, tantas discusiones en c\u00e1mara y fuera de c\u00e1mara, se nos fue\u201d, dijo el periodista.<\/p>\n\n\n\n<p>Viale se hab\u00eda mostrado feliz de haber sido inoculado contra el COVID-19 y lo hab\u00eda hecho saber en el canal de noticias que lo ten\u00eda contratado como una de sus principales figuras.<\/p>\n\n\n\n<p><em>Fuente: Infobae<\/em><\/p>\n","protected":false},"excerpt":{"rendered":"<p>El periodista y conductor Mauro Viale muri\u00f3 este domingo a los 73 a\u00f1os tras sufrir un paro card\u00edaco en el Sanatorio de Los Arcos, donde se encontraba internado desde el s\u00e1bado por un cuadro severo de coronavirus. El conductor de A24 y Am\u00e9rica hab\u00eda recibido la primera dosis de la vacuna contra el COVID-19 el [&hellip;]<\/p>\n","protected":false},"author":4,"featured_media":35803,"comment_status":"open","ping_status":"open","sticky":false,"template":"","format":"standard","meta":{"site-sidebar-layout":"default","site-content-layout":"default","ast-site-content-layout":"default","site-content-style":"default","site-sidebar-style":"default","ast-global-header-display":"","ast-banner-title-visibility":"","ast-main-header-display":"","ast-hfb-above-header-display":"","ast-hfb-below-header-display":"","ast-hfb-mobile-header-display":"","site-post-title":"","ast-breadcrumbs-content":"","ast-featured-img":"","footer-sml-layout":"","ast-disable-related-posts":"","theme-transparent-header-meta":"default","adv-header-id-meta":"","stick-header-meta":"","header-above-stick-meta":"","header-main-stick-meta":"","header-below-stick-meta":"","astra-migrate-meta-layouts":"default","ast-page-background-enabled":"default","ast-page-background-meta":{"desktop":{"background-color":"","background-image":"","background-repeat":"repeat","background-position":"center center","background-size":"auto","background-attachment":"scroll","background-type":"","background-media":"","overlay-type":"","overlay-color":"","overlay-opacity":"","overlay-gradient":""},"tablet":{"background-color":"","background-image":"","background-repeat":"repeat","background-position":"center center","background-size":"auto","background-attachment":"scroll","background-type":"","background-media":"","overlay-type":"","overlay-color":"","overlay-opacity":"","overlay-gradient":""},"mobile":{"background-color":"","background-image":"","background-repeat":"repeat","background-position":"center center","background-size":"auto","background-attachment":"scroll","background-type":"","background-media":"","overlay-type":"","overlay-color":"","overlay-opacity":"","overlay-gradient":""}},"ast-content-background-meta":{"desktop":{"background-color":"var(--ast-global-color-5)","background-image":"","background-repeat":"repeat","background-position":"center center","background-size":"auto","background-attachment":"scroll","background-type":"","background-media":"","overlay-type":"","overlay-color":"","overlay-opacity":"","overlay-gradient":""},"tablet":{"background-color":"var(--ast-global-color-5)","background-image":"","background-repeat":"repeat","background-position":"center center","background-size":"auto","background-attachment":"scroll","background-type":"","background-media":"","overlay-type":"","overlay-color":"","overlay-opacity":"","overlay-gradient":""},"mobile":{"background-color":"var(--ast-global-color-5)","background-image":"","background-repeat":"repeat","background-position":"center center","background-size":"auto","background-attachment":"scroll","background-type":"","background-media":"","overlay-type":"","overlay-color":"","overlay-opacity":"","overlay-gradient":""}},"_jetpack_memberships_contains_paid_content":false,"_joinchat":[],"footnotes":""},"categories":[5],"tags":[2865,1232,261,8235,563,2318],"class_list":["post-35801","post","type-post","status-publish","format-standard","has-post-thumbnail","hentry","category-sociedad","tag-covid-19-2","tag-destacado","tag-fallecimiento","tag-mauro-viale","tag-periodista","tag-vacunacion"],"yoast_head":"<!-- This site is optimized with the Yoast SEO plugin v26.8 - https:\/\/yoast.com\/product\/yoast-seo-wordpress\/ -->\n<title>Muri\u00f3 Mauro Viale, tras ser vacunado y estar internado por coronavirus - El Regional<\/title>\n<meta name=\"description\" content=\"El periodista y conductor Mauro Viale muri\u00f3 este domingo a los 73 a\u00f1os tras sufrir un paro card\u00edaco en el Sanatorio de Los Arcos.\" \/>\n<meta name=\"robots\" content=\"index, follow, max-snippet:-1, max-image-preview:large, max-video-preview:-1\" \/>\n<link rel=\"canonical\" href=\"http:\/\/elregionalvm.com.ar\/noticias-villa-maria\/murio-mauro-viale-tras-ser-vacunado-y-estar-internado-por-coronavirus\/\" \/>\n<meta property=\"og:locale\" content=\"es_ES\" \/>\n<meta property=\"og:type\" content=\"article\" \/>\n<meta property=\"og:title\" content=\"Muri\u00f3 Mauro Viale, tras ser vacunado y estar internado por coronavirus - El Regional\" \/>\n<meta property=\"og:description\" content=\"El periodista y conductor Mauro Viale muri\u00f3 este domingo a los 73 a\u00f1os tras sufrir un paro card\u00edaco en el Sanatorio de Los Arcos.\" \/>\n<meta property=\"og:url\" content=\"http:\/\/elregionalvm.com.ar\/noticias-villa-maria\/murio-mauro-viale-tras-ser-vacunado-y-estar-internado-por-coronavirus\/\" \/>\n<meta property=\"og:site_name\" content=\"El Regional\" \/>\n<meta property=\"article:publisher\" content=\"https:\/\/www.facebook.com\/elregionalvm\" \/>\n<meta property=\"article:published_time\" content=\"2021-04-12T01:13:04+00:00\" \/>\n<meta property=\"article:modified_time\" content=\"2021-04-12T01:13:05+00:00\" \/>\n<meta property=\"og:image\" content=\"http:\/\/elregionalvm.com.ar\/noticias-villa-maria\/wp-content\/uploads\/2021\/04\/Mauro-Viale-1.jpg\" \/>\n\t<meta property=\"og:image:width\" content=\"1078\" \/>\n\t<meta property=\"og:image:height\" content=\"649\" \/>\n\t<meta property=\"og:image:type\" content=\"image\/jpeg\" \/>\n<meta name=\"author\" content=\"Contenidos El Regional\" \/>\n<meta name=\"twitter:card\" content=\"summary_large_image\" \/>\n<meta name=\"twitter:creator\" content=\"@elregionalvm1\" \/>\n<meta name=\"twitter:site\" content=\"@elregionalvm1\" \/>\n<meta name=\"twitter:label1\" content=\"Escrito por\" \/>\n\t<meta name=\"twitter:data1\" content=\"Contenidos El Regional\" \/>\n\t<meta name=\"twitter:label2\" content=\"Tiempo de lectura\" \/>\n\t<meta name=\"twitter:data2\" content=\"2 minutos\" \/>\n<script type=\"application\/ld+json\" class=\"yoast-schema-graph\">{\"@context\":\"https:\/\/schema.org\",\"@graph\":[{\"@type\":\"Article\",\"@id\":\"http:\/\/elregionalvm.com.ar\/noticias-villa-maria\/murio-mauro-viale-tras-ser-vacunado-y-estar-internado-por-coronavirus\/#article\",\"isPartOf\":{\"@id\":\"http:\/\/elregionalvm.com.ar\/noticias-villa-maria\/murio-mauro-viale-tras-ser-vacunado-y-estar-internado-por-coronavirus\/\"},\"author\":{\"name\":\"Contenidos El Regional\",\"@id\":\"http:\/\/elregionalvm.com.ar\/noticias-villa-maria\/#\/schema\/person\/a0fb9c422317faca23d50163151bc354\"},\"headline\":\"Muri\u00f3 Mauro Viale, tras ser vacunado y estar internado por coronavirus\",\"datePublished\":\"2021-04-12T01:13:04+00:00\",\"dateModified\":\"2021-04-12T01:13:05+00:00\",\"mainEntityOfPage\":{\"@id\":\"http:\/\/elregionalvm.com.ar\/noticias-villa-maria\/murio-mauro-viale-tras-ser-vacunado-y-estar-internado-por-coronavirus\/\"},\"wordCount\":303,\"commentCount\":0,\"image\":{\"@id\":\"http:\/\/elregionalvm.com.ar\/noticias-villa-maria\/murio-mauro-viale-tras-ser-vacunado-y-estar-internado-por-coronavirus\/#primaryimage\"},\"thumbnailUrl\":\"https:\/\/i0.wp.com\/elregionalvm.com.ar\/noticias-villa-maria\/wp-content\/uploads\/2021\/04\/Mauro-Viale-1.jpg?fit=1078%2C649&ssl=1\",\"keywords\":[\"Covid 19\",\"destacado\",\"fallecimiento\",\"Mauro Viale\",\"Periodista\",\"Vacunaci\u00f3n\"],\"articleSection\":[\"Sociedad\"],\"inLanguage\":\"es\",\"potentialAction\":[{\"@type\":\"CommentAction\",\"name\":\"Comment\",\"target\":[\"http:\/\/elregionalvm.com.ar\/noticias-villa-maria\/murio-mauro-viale-tras-ser-vacunado-y-estar-internado-por-coronavirus\/#respond\"]}]},{\"@type\":\"WebPage\",\"@id\":\"http:\/\/elregionalvm.com.ar\/noticias-villa-maria\/murio-mauro-viale-tras-ser-vacunado-y-estar-internado-por-coronavirus\/\",\"url\":\"http:\/\/elregionalvm.com.ar\/noticias-villa-maria\/murio-mauro-viale-tras-ser-vacunado-y-estar-internado-por-coronavirus\/\",\"name\":\"Muri\u00f3 Mauro Viale, tras ser vacunado y estar internado por coronavirus - El Regional\",\"isPartOf\":{\"@id\":\"http:\/\/elregionalvm.com.ar\/noticias-villa-maria\/#website\"},\"primaryImageOfPage\":{\"@id\":\"http:\/\/elregionalvm.com.ar\/noticias-villa-maria\/murio-mauro-viale-tras-ser-vacunado-y-estar-internado-por-coronavirus\/#primaryimage\"},\"image\":{\"@id\":\"http:\/\/elregionalvm.com.ar\/noticias-villa-maria\/murio-mauro-viale-tras-ser-vacunado-y-estar-internado-por-coronavirus\/#primaryimage\"},\"thumbnailUrl\":\"https:\/\/i0.wp.com\/elregionalvm.com.ar\/noticias-villa-maria\/wp-content\/uploads\/2021\/04\/Mauro-Viale-1.jpg?fit=1078%2C649&ssl=1\",\"datePublished\":\"2021-04-12T01:13:04+00:00\",\"dateModified\":\"2021-04-12T01:13:05+00:00\",\"author\":{\"@id\":\"http:\/\/elregionalvm.com.ar\/noticias-villa-maria\/#\/schema\/person\/a0fb9c422317faca23d50163151bc354\"},\"description\":\"El periodista y conductor Mauro Viale muri\u00f3 este domingo a los 73 a\u00f1os tras sufrir un paro card\u00edaco en el Sanatorio de Los Arcos.\",\"breadcrumb\":{\"@id\":\"http:\/\/elregionalvm.com.ar\/noticias-villa-maria\/murio-mauro-viale-tras-ser-vacunado-y-estar-internado-por-coronavirus\/#breadcrumb\"},\"inLanguage\":\"es\",\"potentialAction\":[{\"@type\":\"ReadAction\",\"target\":[\"http:\/\/elregionalvm.com.ar\/noticias-villa-maria\/murio-mauro-viale-tras-ser-vacunado-y-estar-internado-por-coronavirus\/\"]}]},{\"@type\":\"ImageObject\",\"inLanguage\":\"es\",\"@id\":\"http:\/\/elregionalvm.com.ar\/noticias-villa-maria\/murio-mauro-viale-tras-ser-vacunado-y-estar-internado-por-coronavirus\/#primaryimage\",\"url\":\"https:\/\/i0.wp.com\/elregionalvm.com.ar\/noticias-villa-maria\/wp-content\/uploads\/2021\/04\/Mauro-Viale-1.jpg?fit=1078%2C649&ssl=1\",\"contentUrl\":\"https:\/\/i0.wp.com\/elregionalvm.com.ar\/noticias-villa-maria\/wp-content\/uploads\/2021\/04\/Mauro-Viale-1.jpg?fit=1078%2C649&ssl=1\",\"width\":1078,\"height\":649},{\"@type\":\"BreadcrumbList\",\"@id\":\"http:\/\/elregionalvm.com.ar\/noticias-villa-maria\/murio-mauro-viale-tras-ser-vacunado-y-estar-internado-por-coronavirus\/#breadcrumb\",\"itemListElement\":[{\"@type\":\"ListItem\",\"position\":1,\"name\":\"Portada\",\"item\":\"https:\/\/elregionalvm.com.ar\/noticias-villa-maria\/\"},{\"@type\":\"ListItem\",\"position\":2,\"name\":\"Muri\u00f3 Mauro Viale, tras ser vacunado y estar internado por coronavirus\"}]},{\"@type\":\"WebSite\",\"@id\":\"http:\/\/elregionalvm.com.ar\/noticias-villa-maria\/#website\",\"url\":\"http:\/\/elregionalvm.com.ar\/noticias-villa-maria\/\",\"name\":\"El Regional\",\"description\":\"Mucho m\u00e1s que informaci\u00f3n\",\"potentialAction\":[{\"@type\":\"SearchAction\",\"target\":{\"@type\":\"EntryPoint\",\"urlTemplate\":\"http:\/\/elregionalvm.com.ar\/noticias-villa-maria\/?s={search_term_string}\"},\"query-input\":{\"@type\":\"PropertyValueSpecification\",\"valueRequired\":true,\"valueName\":\"search_term_string\"}}],\"inLanguage\":\"es\"},{\"@type\":\"Person\",\"@id\":\"http:\/\/elregionalvm.com.ar\/noticias-villa-maria\/#\/schema\/person\/a0fb9c422317faca23d50163151bc354\",\"name\":\"Contenidos El Regional\",\"image\":{\"@type\":\"ImageObject\",\"inLanguage\":\"es\",\"@id\":\"http:\/\/elregionalvm.com.ar\/noticias-villa-maria\/#\/schema\/person\/image\/\",\"url\":\"https:\/\/secure.gravatar.com\/avatar\/265b27cb2209af7bb3a1318f03305787d7981a5cc6e6cd08fe5a4ecdf99d4b48?s=96&d=mm&r=g\",\"contentUrl\":\"https:\/\/secure.gravatar.com\/avatar\/265b27cb2209af7bb3a1318f03305787d7981a5cc6e6cd08fe5a4ecdf99d4b48?s=96&d=mm&r=g\",\"caption\":\"Contenidos El Regional\"},\"url\":\"https:\/\/elregionalvm.com.ar\/noticias-villa-maria\/author\/contenido\/\"}]}<\/script>\n<!-- \/ Yoast SEO plugin. -->","yoast_head_json":{"title":"Muri\u00f3 Mauro Viale, tras ser vacunado y estar internado por coronavirus - El Regional","description":"El periodista y conductor Mauro Viale muri\u00f3 este domingo a los 73 a\u00f1os tras sufrir un paro card\u00edaco en el Sanatorio de Los Arcos.","robots":{"index":"index","follow":"follow","max-snippet":"max-snippet:-1","max-image-preview":"max-image-preview:large","max-video-preview":"max-video-preview:-1"},"canonical":"http:\/\/elregionalvm.com.ar\/noticias-villa-maria\/murio-mauro-viale-tras-ser-vacunado-y-estar-internado-por-coronavirus\/","og_locale":"es_ES","og_type":"article","og_title":"Muri\u00f3 Mauro Viale, tras ser vacunado y estar internado por coronavirus - El Regional","og_description":"El periodista y conductor Mauro Viale muri\u00f3 este domingo a los 73 a\u00f1os tras sufrir un paro card\u00edaco en el Sanatorio de Los Arcos.","og_url":"http:\/\/elregionalvm.com.ar\/noticias-villa-maria\/murio-mauro-viale-tras-ser-vacunado-y-estar-internado-por-coronavirus\/","og_site_name":"El Regional","article_publisher":"https:\/\/www.facebook.com\/elregionalvm","article_published_time":"2021-04-12T01:13:04+00:00","article_modified_time":"2021-04-12T01:13:05+00:00","og_image":[{"width":1078,"height":649,"url":"http:\/\/elregionalvm.com.ar\/noticias-villa-maria\/wp-content\/uploads\/2021\/04\/Mauro-Viale-1.jpg","type":"image\/jpeg"}],"author":"Contenidos El Regional","twitter_card":"summary_large_image","twitter_creator":"@elregionalvm1","twitter_site":"@elregionalvm1","twitter_misc":{"Escrito por":"Contenidos El Regional","Tiempo de lectura":"2 minutos"},"schema":{"@context":"https:\/\/schema.org","@graph":[{"@type":"Article","@id":"http:\/\/elregionalvm.com.ar\/noticias-villa-maria\/murio-mauro-viale-tras-ser-vacunado-y-estar-internado-por-coronavirus\/#article","isPartOf":{"@id":"http:\/\/elregionalvm.com.ar\/noticias-villa-maria\/murio-mauro-viale-tras-ser-vacunado-y-estar-internado-por-coronavirus\/"},"author":{"name":"Contenidos El Regional","@id":"http:\/\/elregionalvm.com.ar\/noticias-villa-maria\/#\/schema\/person\/a0fb9c422317faca23d50163151bc354"},"headline":"Muri\u00f3 Mauro Viale, tras ser vacunado y estar internado por coronavirus","datePublished":"2021-04-12T01:13:04+00:00","dateModified":"2021-04-12T01:13:05+00:00","mainEntityOfPage":{"@id":"http:\/\/elregionalvm.com.ar\/noticias-villa-maria\/murio-mauro-viale-tras-ser-vacunado-y-estar-internado-por-coronavirus\/"},"wordCount":303,"commentCount":0,"image":{"@id":"http:\/\/elregionalvm.com.ar\/noticias-villa-maria\/murio-mauro-viale-tras-ser-vacunado-y-estar-internado-por-coronavirus\/#primaryimage"},"thumbnailUrl":"https:\/\/i0.wp.com\/elregionalvm.com.ar\/noticias-villa-maria\/wp-content\/uploads\/2021\/04\/Mauro-Viale-1.jpg?fit=1078%2C649&ssl=1","keywords":["Covid 19","destacado","fallecimiento","Mauro Viale","Periodista","Vacunaci\u00f3n"],"articleSection":["Sociedad"],"inLanguage":"es","potentialAction":[{"@type":"CommentAction","name":"Comment","target":["http:\/\/elregionalvm.com.ar\/noticias-villa-maria\/murio-mauro-viale-tras-ser-vacunado-y-estar-internado-por-coronavirus\/#respond"]}]},{"@type":"WebPage","@id":"http:\/\/elregionalvm.com.ar\/noticias-villa-maria\/murio-mauro-viale-tras-ser-vacunado-y-estar-internado-por-coronavirus\/","url":"http:\/\/elregionalvm.com.ar\/noticias-villa-maria\/murio-mauro-viale-tras-ser-vacunado-y-estar-internado-por-coronavirus\/","name":"Muri\u00f3 Mauro Viale, tras ser vacunado y estar internado por coronavirus - El Regional","isPartOf":{"@id":"http:\/\/elregionalvm.com.ar\/noticias-villa-maria\/#website"},"primaryImageOfPage":{"@id":"http:\/\/elregionalvm.com.ar\/noticias-villa-maria\/murio-mauro-viale-tras-ser-vacunado-y-estar-internado-por-coronavirus\/#primaryimage"},"image":{"@id":"http:\/\/elregionalvm.com.ar\/noticias-villa-maria\/murio-mauro-viale-tras-ser-vacunado-y-estar-internado-por-coronavirus\/#primaryimage"},"thumbnailUrl":"https:\/\/i0.wp.com\/elregionalvm.com.ar\/noticias-villa-maria\/wp-content\/uploads\/2021\/04\/Mauro-Viale-1.jpg?fit=1078%2C649&ssl=1","datePublished":"2021-04-12T01:13:04+00:00","dateModified":"2021-04-12T01:13:05+00:00","author":{"@id":"http:\/\/elregionalvm.com.ar\/noticias-villa-maria\/#\/schema\/person\/a0fb9c422317faca23d50163151bc354"},"description":"El periodista y conductor Mauro Viale muri\u00f3 este domingo a los 73 a\u00f1os tras sufrir un paro card\u00edaco en el Sanatorio de Los Arcos.","breadcrumb":{"@id":"http:\/\/elregionalvm.com.ar\/noticias-villa-maria\/murio-mauro-viale-tras-ser-vacunado-y-estar-internado-por-coronavirus\/#breadcrumb"},"inLanguage":"es","potentialAction":[{"@type":"ReadAction","target":["http:\/\/elregionalvm.com.ar\/noticias-villa-maria\/murio-mauro-viale-tras-ser-vacunado-y-estar-internado-por-coronavirus\/"]}]},{"@type":"ImageObject","inLanguage":"es","@id":"http:\/\/elregionalvm.com.ar\/noticias-villa-maria\/murio-mauro-viale-tras-ser-vacunado-y-estar-internado-por-coronavirus\/#primaryimage","url":"https:\/\/i0.wp.com\/elregionalvm.com.ar\/noticias-villa-maria\/wp-content\/uploads\/2021\/04\/Mauro-Viale-1.jpg?fit=1078%2C649&ssl=1","contentUrl":"https:\/\/i0.wp.com\/elregionalvm.com.ar\/noticias-villa-maria\/wp-content\/uploads\/2021\/04\/Mauro-Viale-1.jpg?fit=1078%2C649&ssl=1","width":1078,"height":649},{"@type":"BreadcrumbList","@id":"http:\/\/elregionalvm.com.ar\/noticias-villa-maria\/murio-mauro-viale-tras-ser-vacunado-y-estar-internado-por-coronavirus\/#breadcrumb","itemListElement":[{"@type":"ListItem","position":1,"name":"Portada","item":"https:\/\/elregionalvm.com.ar\/noticias-villa-maria\/"},{"@type":"ListItem","position":2,"name":"Muri\u00f3 Mauro Viale, tras ser vacunado y estar internado por coronavirus"}]},{"@type":"WebSite","@id":"http:\/\/elregionalvm.com.ar\/noticias-villa-maria\/#website","url":"http:\/\/elregionalvm.com.ar\/noticias-villa-maria\/","name":"El Regional","description":"Mucho m\u00e1s que informaci\u00f3n","potentialAction":[{"@type":"SearchAction","target":{"@type":"EntryPoint","urlTemplate":"http:\/\/elregionalvm.com.ar\/noticias-villa-maria\/?s={search_term_string}"},"query-input":{"@type":"PropertyValueSpecification","valueRequired":true,"valueName":"search_term_string"}}],"inLanguage":"es"},{"@type":"Person","@id":"http:\/\/elregionalvm.com.ar\/noticias-villa-maria\/#\/schema\/person\/a0fb9c422317faca23d50163151bc354","name":"Contenidos El Regional","image":{"@type":"ImageObject","inLanguage":"es","@id":"http:\/\/elregionalvm.com.ar\/noticias-villa-maria\/#\/schema\/person\/image\/","url":"https:\/\/secure.gravatar.com\/avatar\/265b27cb2209af7bb3a1318f03305787d7981a5cc6e6cd08fe5a4ecdf99d4b48?s=96&d=mm&r=g","contentUrl":"https:\/\/secure.gravatar.com\/avatar\/265b27cb2209af7bb3a1318f03305787d7981a5cc6e6cd08fe5a4ecdf99d4b48?s=96&d=mm&r=g","caption":"Contenidos El Regional"},"url":"https:\/\/elregionalvm.com.ar\/noticias-villa-maria\/author\/contenido\/"}]}},"jetpack_featured_media_url":"https:\/\/i0.wp.com\/elregionalvm.com.ar\/noticias-villa-maria\/wp-content\/uploads\/2021\/04\/Mauro-Viale-1.jpg?fit=1078%2C649&ssl=1","jetpack_sharing_enabled":true,"_links":{"self":[{"href":"https:\/\/elregionalvm.com.ar\/noticias-villa-maria\/wp-json\/wp\/v2\/posts\/35801","targetHints":{"allow":["GET"]}}],"collection":[{"href":"https:\/\/elregionalvm.com.ar\/noticias-villa-maria\/wp-json\/wp\/v2\/posts"}],"about":[{"href":"https:\/\/elregionalvm.com.ar\/noticias-villa-maria\/wp-json\/wp\/v2\/types\/post"}],"author":[{"embeddable":true,"href":"https:\/\/elregionalvm.com.ar\/noticias-villa-maria\/wp-json\/wp\/v2\/users\/4"}],"replies":[{"embeddable":true,"href":"https:\/\/elregionalvm.com.ar\/noticias-villa-maria\/wp-json\/wp\/v2\/comments?post=35801"}],"version-history":[{"count":1,"href":"https:\/\/elregionalvm.com.ar\/noticias-villa-maria\/wp-json\/wp\/v2\/posts\/35801\/revisions"}],"predecessor-version":[{"id":35804,"href":"https:\/\/elregionalvm.com.ar\/noticias-villa-maria\/wp-json\/wp\/v2\/posts\/35801\/revisions\/35804"}],"wp:featuredmedia":[{"embeddable":true,"href":"https:\/\/elregionalvm.com.ar\/noticias-villa-maria\/wp-json\/wp\/v2\/media\/35803"}],"wp:attachment":[{"href":"https:\/\/elregionalvm.com.ar\/noticias-villa-maria\/wp-json\/wp\/v2\/media?parent=35801"}],"wp:term":[{"taxonomy":"category","embeddable":true,"href":"https:\/\/elregionalvm.com.ar\/noticias-villa-maria\/wp-json\/wp\/v2\/categories?post=35801"},{"taxonomy":"post_tag","embeddable":true,"href":"https:\/\/elregionalvm.com.ar\/noticias-villa-maria\/wp-json\/wp\/v2\/tags?post=35801"}],"curies":[{"name":"wp","href":"https:\/\/api.w.org\/{rel}","templated":true}]}}