{"id":37817,"date":"2021-05-17T00:35:17","date_gmt":"2021-05-17T00:35:17","guid":{"rendered":"https:\/\/elregionalvm.com.ar\/noticias-villa-maria\/?p=37817"},"modified":"2021-05-19T02:41:42","modified_gmt":"2021-05-19T02:41:42","slug":"los-precios-cuidados-suben-mas-que-el-resto-de-los-precios","status":"publish","type":"post","link":"https:\/\/elregionalvm.com.ar\/noticias-villa-maria\/los-precios-cuidados-suben-mas-que-el-resto-de-los-precios\/","title":{"rendered":"Los \u201cprecios cuidados\u201d suben m\u00e1s que el resto de los precios"},"content":{"rendered":"\n<p><\/p>\n\n\n\n<p><strong>Ante la persistencia de la alta inflaci\u00f3n el gobierno decidi\u00f3 intensificar los acuerdos y controles de precios. Pero en un contexto de descontrol fiscal como el actual, esta herramienta \u2013en lugar de morigerar\u2013 aumenta la presi\u00f3n inflacionaria. La inflaci\u00f3n es un fen\u00f3meno multicausal. Por eso, solo con acuerdos de precios no alcanza.<\/strong><\/p>\n\n\n\n<p><strong>Informe: Idesa<\/strong><\/p>\n\n\n\n<p>La inflaci\u00f3n no da tregua y se mantiene en el orden del 4% mensual. En respuesta, la Secretar\u00eda de Comercio Interior intensific\u00f3 los esfuerzos para multiplicar los acuerdos de precios.<\/p>\n\n\n\n<p>Se realiz\u00f3 uno para el precio de la carne, est\u00e1 en conversaciones otro para electrodom\u00e9sticos y se pas\u00f3 a una estrategia de sumar acuerdos con los fabricantes de alimentos a los acuerdos ya celebrados con los supermercados.<\/p>\n\n\n\n<p>Se llega al extremo de pedir que los precios est\u00e9n impresos en el envase del producto para quitarles libertad a los comercios de modificarlos.<\/p>\n\n\n\n<p><strong>La Argentina tiene una larga historia de acuerdos y controles de precios que en la mayor\u00eda de los casos fracasaron. Cuando funcionaron fue porque estuvieron acompa\u00f1ados de una bater\u00eda de medidas consistentes de combate a la inflaci\u00f3n y por corto tiempo.<\/strong><\/p>\n\n\n\n<p>Posiblemente el caso m\u00e1s recordado de \u00e9xito sea el Plan Austral de 1985 que, incluyendo acuerdos y controles de precios, logr\u00f3 bajar la inflaci\u00f3n mensual del 20% al 5% en 1986. Pero a\u00fan en este caso el efecto fue transitorio.<\/p>\n\n\n\n<p><strong>Precios cuidados<\/strong><\/p>\n\n\n\n<p>\u00bfSer\u00e1 diferente esta vez? Para acercar una respuesta sirve observar qu\u00e9 est\u00e1 pasando con el principal programa, el denominado \u201cPrecios Cuidados\u201d. Se trata de un listado de productos con presencia en supermercados de todo el pa\u00eds sobre los que se fija el precio al que se comprometen a vender.<\/p>\n\n\n\n<p>Seg\u00fan los \u00faltimos datos del INDEC, al mes de abril del 2021 se observa que:<\/p>\n\n\n\n<ul class=\"wp-block-list\"><li>La inflaci\u00f3n general fue de 46,3% anual.<\/li><li>El aumento de precios en el rubro alimentos fue de 46,4% anual.<\/li><li>La inflaci\u00f3n entre los productos del programa \u201cPrecios Cuidados\u201d fue de 53,4% anual.<\/li><\/ul>\n\n\n\n<p><\/p>\n\n\n\n<figure class=\"wp-block-image size-large\"><img data-recalc-dims=\"1\" fetchpriority=\"high\" decoding=\"async\" width=\"665\" height=\"367\" src=\"https:\/\/i0.wp.com\/elregionalvm.com.ar\/noticias-villa-maria\/wp-content\/uploads\/2021\/05\/Inflacion-precios-cuidados-Idesa.jpg?resize=665%2C367&#038;ssl=1\" alt=\"\" class=\"wp-image-37818\" srcset=\"https:\/\/i0.wp.com\/elregionalvm.com.ar\/noticias-villa-maria\/wp-content\/uploads\/2021\/05\/Inflacion-precios-cuidados-Idesa.jpg?w=665&amp;ssl=1 665w, https:\/\/i0.wp.com\/elregionalvm.com.ar\/noticias-villa-maria\/wp-content\/uploads\/2021\/05\/Inflacion-precios-cuidados-Idesa.jpg?resize=300%2C166&amp;ssl=1 300w\" sizes=\"(max-width: 665px) 100vw, 665px\" \/><\/figure>\n\n\n\n<p><\/p>\n\n\n\n<p>Estos datos muestran que los productos del principal programa de acuerdos de precios impulsado por el gobierno, tuvieron aumentos superiores a la inflaci\u00f3n general y tambi\u00e9n a la inflaci\u00f3n de alimentos.<\/p>\n\n\n\n<p>Es decir, que las diferencias no se explican porque en los \u201cPrecios Cuidados\u201d hay proporcionalmente mayor cantidad de alimentos. Esto muestra que los acuerdos de precios, por s\u00ed solos, no bajan la inflaci\u00f3n.<\/p>\n\n\n\n<p>La inflaci\u00f3n es un fen\u00f3meno multicausal. Por esto, es l\u00f3gico que para abordarla se necesite un conjunto de medidas consistentes. En el actual contexto, lo m\u00e1s importante es un plan cre\u00edble para reducir sosteniblemente el d\u00e9ficit fiscal a fin de generar confianza en que la emisi\u00f3n monetaria se va a morigerar.<\/p>\n\n\n\n<p>Con expectativas de que se dan las condiciones para bajar la emisi\u00f3n, los acuerdos de precios podr\u00edan ayudar a contener los precios.<\/p>\n\n\n\n<p><strong>La inflaci\u00f3n<\/strong><\/p>\n\n\n\n<p>En lo que va del 2021, el dinero l\u00edquido en poder del p\u00fablico (efectivo, cuentas corrientes y cajas de ahorro) s\u00f3lo aument\u00f3 un 4%. Pero la inflaci\u00f3n se mantiene muy alta por efecto de la enorme emisi\u00f3n que se hizo durante el 2020.<\/p>\n\n\n\n<p>Desde diciembre 2019, el dinero l\u00edquido en poder del p\u00fablico se duplic\u00f3 mientras que la producci\u00f3n se contrajo un 10%. Como la inflaci\u00f3n desde diciembre 2019 fue de \u201cs\u00f3lo\u201d un 66% queda aproximadamente un tercio de la emisi\u00f3n que no fue licuada por los aumentos de precios.<\/p>\n\n\n\n<p>Es decir, hay m\u00e1s billetes circulando y menos bienes en la econom\u00eda. A esta presi\u00f3n inflacionaria se suman las se\u00f1ales que emite el gobierno con relaci\u00f3n al futuro. Por ejemplo, la reducci\u00f3n del impuesto a las ganancias de las personas humanas y aumentar subsidios para controlar las tarifas.<\/p>\n\n\n\n<p>Como si fuera poco, el endeudamiento del Banco Central con pases y Leliqs generan intereses que obligar\u00e1n a m\u00e1s emisi\u00f3n monetaria en el futuro.<\/p>\n\n\n\n<p>Si en la coalici\u00f3n de gobierno siguen prevaleciendo los despreocupados por el d\u00e9ficit fiscal y la emisi\u00f3n monetaria, no hay chances de morigerar la inflaci\u00f3n. Los acuerdos de precios no s\u00f3lo que no servir\u00e1n, sino que van a potenciar la inflaci\u00f3n.<\/p>\n\n\n\n<p>La raz\u00f3n es que las empresas ante la intensificaci\u00f3n de controles tienden a aumentar preventivamente los precios. Esto es lo que viene ocurriendo en los \u00faltimos meses.<\/p>\n\n\n\n<p>Programas como el \u201cPrecios Cuidados\u201d tienen sentido si son acompa\u00f1ados con un plan anti-inflacionario consistente, que d\u00e9 se\u00f1ales claras y cre\u00edbles de mayor austeridad fiscal.<\/p>\n","protected":false},"excerpt":{"rendered":"<p>Ante la persistencia de la alta inflaci\u00f3n el gobierno decidi\u00f3 intensificar los acuerdos y controles de precios. Pero en un contexto de descontrol fiscal como el actual, esta herramienta \u2013en lugar de morigerar\u2013 aumenta la presi\u00f3n inflacionaria. La inflaci\u00f3n es un fen\u00f3meno multicausal. Por eso, solo con acuerdos de precios no alcanza. Informe: Idesa La [&hellip;]<\/p>\n","protected":false},"author":4,"featured_media":37819,"comment_status":"open","ping_status":"open","sticky":false,"template":"","format":"standard","meta":{"site-sidebar-layout":"default","site-content-layout":"default","ast-site-content-layout":"default","site-content-style":"default","site-sidebar-style":"default","ast-global-header-display":"","ast-banner-title-visibility":"","ast-main-header-display":"","ast-hfb-above-header-display":"","ast-hfb-below-header-display":"","ast-hfb-mobile-header-display":"","site-post-title":"","ast-breadcrumbs-content":"","ast-featured-img":"","footer-sml-layout":"","ast-disable-related-posts":"","theme-transparent-header-meta":"default","adv-header-id-meta":"","stick-header-meta":"","header-above-stick-meta":"","header-main-stick-meta":"","header-below-stick-meta":"","astra-migrate-meta-layouts":"default","ast-page-background-enabled":"default","ast-page-background-meta":{"desktop":{"background-color":"","background-image":"","background-repeat":"repeat","background-position":"center center","background-size":"auto","background-attachment":"scroll","background-type":"","background-media":"","overlay-type":"","overlay-color":"","overlay-opacity":"","overlay-gradient":""},"tablet":{"background-color":"","background-image":"","background-repeat":"repeat","background-position":"center center","background-size":"auto","background-attachment":"scroll","background-type":"","background-media":"","overlay-type":"","overlay-color":"","overlay-opacity":"","overlay-gradient":""},"mobile":{"background-color":"","background-image":"","background-repeat":"repeat","background-position":"center center","background-size":"auto","background-attachment":"scroll","background-type":"","background-media":"","overlay-type":"","overlay-color":"","overlay-opacity":"","overlay-gradient":""}},"ast-content-background-meta":{"desktop":{"background-color":"var(--ast-global-color-5)","background-image":"","background-repeat":"repeat","background-position":"center center","background-size":"auto","background-attachment":"scroll","background-type":"","background-media":"","overlay-type":"","overlay-color":"","overlay-opacity":"","overlay-gradient":""},"tablet":{"background-color":"var(--ast-global-color-5)","background-image":"","background-repeat":"repeat","background-position":"center center","background-size":"auto","background-attachment":"scroll","background-type":"","background-media":"","overlay-type":"","overlay-color":"","overlay-opacity":"","overlay-gradient":""},"mobile":{"background-color":"var(--ast-global-color-5)","background-image":"","background-repeat":"repeat","background-position":"center center","background-size":"auto","background-attachment":"scroll","background-type":"","background-media":"","overlay-type":"","overlay-color":"","overlay-opacity":"","overlay-gradient":""}},"_jetpack_memberships_contains_paid_content":false,"_joinchat":[],"footnotes":""},"categories":[365,3557],"tags":[3280,3723,465,505,2729,2467,928],"class_list":["post-37817","post","type-post","status-publish","format-standard","has-post-thumbnail","hentry","category-opinion","category-tercera","tag-banco-central","tag-controles-de-precios","tag-deficit-fiscal","tag-economia","tag-emision-monetaria","tag-inflacion","tag-precios-cuidados"],"yoast_head":"<!-- This site is optimized with the Yoast SEO plugin v26.8 - https:\/\/yoast.com\/product\/yoast-seo-wordpress\/ -->\n<title>Los \u201cprecios cuidados\u201d suben m\u00e1s que el resto de los precios - El Regional<\/title>\n<meta name=\"description\" content=\"La Argentina tiene una larga historia de acuerdos y controles de precios que en la mayor\u00eda de los casos fracasaron. Encima, aumentan m\u00e1s.\" \/>\n<meta name=\"robots\" content=\"index, follow, max-snippet:-1, max-image-preview:large, max-video-preview:-1\" \/>\n<link rel=\"canonical\" href=\"http:\/\/elregionalvm.com.ar\/noticias-villa-maria\/los-precios-cuidados-suben-mas-que-el-resto-de-los-precios\/\" \/>\n<meta property=\"og:locale\" content=\"es_ES\" \/>\n<meta property=\"og:type\" content=\"article\" \/>\n<meta property=\"og:title\" content=\"Los \u201cprecios cuidados\u201d suben m\u00e1s que el resto de los precios - El Regional\" \/>\n<meta property=\"og:description\" content=\"La Argentina tiene una larga historia de acuerdos y controles de precios que en la mayor\u00eda de los casos fracasaron. Encima, aumentan m\u00e1s.\" \/>\n<meta property=\"og:url\" content=\"http:\/\/elregionalvm.com.ar\/noticias-villa-maria\/los-precios-cuidados-suben-mas-que-el-resto-de-los-precios\/\" \/>\n<meta property=\"og:site_name\" content=\"El Regional\" \/>\n<meta property=\"article:publisher\" content=\"https:\/\/www.facebook.com\/elregionalvm\" \/>\n<meta property=\"article:published_time\" content=\"2021-05-17T00:35:17+00:00\" \/>\n<meta property=\"article:modified_time\" content=\"2021-05-19T02:41:42+00:00\" \/>\n<meta property=\"og:image\" content=\"http:\/\/elregionalvm.com.ar\/noticias-villa-maria\/wp-content\/uploads\/2021\/05\/Precios-Cuidados-2021-2.jpeg\" \/>\n\t<meta property=\"og:image:width\" content=\"1100\" \/>\n\t<meta property=\"og:image:height\" content=\"734\" \/>\n\t<meta property=\"og:image:type\" content=\"image\/jpeg\" \/>\n<meta name=\"author\" content=\"Contenidos El Regional\" \/>\n<meta name=\"twitter:card\" content=\"summary_large_image\" \/>\n<meta name=\"twitter:creator\" content=\"@elregionalvm1\" \/>\n<meta name=\"twitter:site\" content=\"@elregionalvm1\" \/>\n<meta name=\"twitter:label1\" content=\"Escrito por\" \/>\n\t<meta name=\"twitter:data1\" content=\"Contenidos El Regional\" \/>\n\t<meta name=\"twitter:label2\" content=\"Tiempo de lectura\" \/>\n\t<meta name=\"twitter:data2\" content=\"4 minutos\" \/>\n<script type=\"application\/ld+json\" class=\"yoast-schema-graph\">{\"@context\":\"https:\/\/schema.org\",\"@graph\":[{\"@type\":\"Article\",\"@id\":\"http:\/\/elregionalvm.com.ar\/noticias-villa-maria\/los-precios-cuidados-suben-mas-que-el-resto-de-los-precios\/#article\",\"isPartOf\":{\"@id\":\"http:\/\/elregionalvm.com.ar\/noticias-villa-maria\/los-precios-cuidados-suben-mas-que-el-resto-de-los-precios\/\"},\"author\":{\"name\":\"Contenidos El Regional\",\"@id\":\"http:\/\/elregionalvm.com.ar\/noticias-villa-maria\/#\/schema\/person\/a0fb9c422317faca23d50163151bc354\"},\"headline\":\"Los \u201cprecios cuidados\u201d suben m\u00e1s que el resto de los precios\",\"datePublished\":\"2021-05-17T00:35:17+00:00\",\"dateModified\":\"2021-05-19T02:41:42+00:00\",\"mainEntityOfPage\":{\"@id\":\"http:\/\/elregionalvm.com.ar\/noticias-villa-maria\/los-precios-cuidados-suben-mas-que-el-resto-de-los-precios\/\"},\"wordCount\":779,\"commentCount\":0,\"image\":{\"@id\":\"http:\/\/elregionalvm.com.ar\/noticias-villa-maria\/los-precios-cuidados-suben-mas-que-el-resto-de-los-precios\/#primaryimage\"},\"thumbnailUrl\":\"https:\/\/i0.wp.com\/elregionalvm.com.ar\/noticias-villa-maria\/wp-content\/uploads\/2021\/05\/Precios-Cuidados-2021-2.jpeg?fit=1100%2C734&ssl=1\",\"keywords\":[\"Banco Central\",\"Controles de precios\",\"d\u00e9ficit fiscal\",\"Econom\u00eda\",\"emisi\u00f3n monetaria\",\"Inflaci\u00f3n\",\"Precios Cuidados\"],\"articleSection\":[\"Opini\u00f3n\",\"tercera\"],\"inLanguage\":\"es\",\"potentialAction\":[{\"@type\":\"CommentAction\",\"name\":\"Comment\",\"target\":[\"http:\/\/elregionalvm.com.ar\/noticias-villa-maria\/los-precios-cuidados-suben-mas-que-el-resto-de-los-precios\/#respond\"]}]},{\"@type\":\"WebPage\",\"@id\":\"http:\/\/elregionalvm.com.ar\/noticias-villa-maria\/los-precios-cuidados-suben-mas-que-el-resto-de-los-precios\/\",\"url\":\"http:\/\/elregionalvm.com.ar\/noticias-villa-maria\/los-precios-cuidados-suben-mas-que-el-resto-de-los-precios\/\",\"name\":\"Los \u201cprecios cuidados\u201d suben m\u00e1s que el resto de los precios - El Regional\",\"isPartOf\":{\"@id\":\"http:\/\/elregionalvm.com.ar\/noticias-villa-maria\/#website\"},\"primaryImageOfPage\":{\"@id\":\"http:\/\/elregionalvm.com.ar\/noticias-villa-maria\/los-precios-cuidados-suben-mas-que-el-resto-de-los-precios\/#primaryimage\"},\"image\":{\"@id\":\"http:\/\/elregionalvm.com.ar\/noticias-villa-maria\/los-precios-cuidados-suben-mas-que-el-resto-de-los-precios\/#primaryimage\"},\"thumbnailUrl\":\"https:\/\/i0.wp.com\/elregionalvm.com.ar\/noticias-villa-maria\/wp-content\/uploads\/2021\/05\/Precios-Cuidados-2021-2.jpeg?fit=1100%2C734&ssl=1\",\"datePublished\":\"2021-05-17T00:35:17+00:00\",\"dateModified\":\"2021-05-19T02:41:42+00:00\",\"author\":{\"@id\":\"http:\/\/elregionalvm.com.ar\/noticias-villa-maria\/#\/schema\/person\/a0fb9c422317faca23d50163151bc354\"},\"description\":\"La Argentina tiene una larga historia de acuerdos y controles de precios que en la mayor\u00eda de los casos fracasaron. Encima, aumentan m\u00e1s.\",\"breadcrumb\":{\"@id\":\"http:\/\/elregionalvm.com.ar\/noticias-villa-maria\/los-precios-cuidados-suben-mas-que-el-resto-de-los-precios\/#breadcrumb\"},\"inLanguage\":\"es\",\"potentialAction\":[{\"@type\":\"ReadAction\",\"target\":[\"http:\/\/elregionalvm.com.ar\/noticias-villa-maria\/los-precios-cuidados-suben-mas-que-el-resto-de-los-precios\/\"]}]},{\"@type\":\"ImageObject\",\"inLanguage\":\"es\",\"@id\":\"http:\/\/elregionalvm.com.ar\/noticias-villa-maria\/los-precios-cuidados-suben-mas-que-el-resto-de-los-precios\/#primaryimage\",\"url\":\"https:\/\/i0.wp.com\/elregionalvm.com.ar\/noticias-villa-maria\/wp-content\/uploads\/2021\/05\/Precios-Cuidados-2021-2.jpeg?fit=1100%2C734&ssl=1\",\"contentUrl\":\"https:\/\/i0.wp.com\/elregionalvm.com.ar\/noticias-villa-maria\/wp-content\/uploads\/2021\/05\/Precios-Cuidados-2021-2.jpeg?fit=1100%2C734&ssl=1\",\"width\":1100,\"height\":734},{\"@type\":\"BreadcrumbList\",\"@id\":\"http:\/\/elregionalvm.com.ar\/noticias-villa-maria\/los-precios-cuidados-suben-mas-que-el-resto-de-los-precios\/#breadcrumb\",\"itemListElement\":[{\"@type\":\"ListItem\",\"position\":1,\"name\":\"Portada\",\"item\":\"https:\/\/elregionalvm.com.ar\/noticias-villa-maria\/\"},{\"@type\":\"ListItem\",\"position\":2,\"name\":\"Los \u201cprecios cuidados\u201d suben m\u00e1s que el resto de los precios\"}]},{\"@type\":\"WebSite\",\"@id\":\"http:\/\/elregionalvm.com.ar\/noticias-villa-maria\/#website\",\"url\":\"http:\/\/elregionalvm.com.ar\/noticias-villa-maria\/\",\"name\":\"El Regional\",\"description\":\"Mucho m\u00e1s que informaci\u00f3n\",\"potentialAction\":[{\"@type\":\"SearchAction\",\"target\":{\"@type\":\"EntryPoint\",\"urlTemplate\":\"http:\/\/elregionalvm.com.ar\/noticias-villa-maria\/?s={search_term_string}\"},\"query-input\":{\"@type\":\"PropertyValueSpecification\",\"valueRequired\":true,\"valueName\":\"search_term_string\"}}],\"inLanguage\":\"es\"},{\"@type\":\"Person\",\"@id\":\"http:\/\/elregionalvm.com.ar\/noticias-villa-maria\/#\/schema\/person\/a0fb9c422317faca23d50163151bc354\",\"name\":\"Contenidos El Regional\",\"image\":{\"@type\":\"ImageObject\",\"inLanguage\":\"es\",\"@id\":\"http:\/\/elregionalvm.com.ar\/noticias-villa-maria\/#\/schema\/person\/image\/\",\"url\":\"https:\/\/secure.gravatar.com\/avatar\/265b27cb2209af7bb3a1318f03305787d7981a5cc6e6cd08fe5a4ecdf99d4b48?s=96&d=mm&r=g\",\"contentUrl\":\"https:\/\/secure.gravatar.com\/avatar\/265b27cb2209af7bb3a1318f03305787d7981a5cc6e6cd08fe5a4ecdf99d4b48?s=96&d=mm&r=g\",\"caption\":\"Contenidos El Regional\"},\"url\":\"https:\/\/elregionalvm.com.ar\/noticias-villa-maria\/author\/contenido\/\"}]}<\/script>\n<!-- \/ Yoast SEO plugin. -->","yoast_head_json":{"title":"Los \u201cprecios cuidados\u201d suben m\u00e1s que el resto de los precios - El Regional","description":"La Argentina tiene una larga historia de acuerdos y controles de precios que en la mayor\u00eda de los casos fracasaron. Encima, aumentan m\u00e1s.","robots":{"index":"index","follow":"follow","max-snippet":"max-snippet:-1","max-image-preview":"max-image-preview:large","max-video-preview":"max-video-preview:-1"},"canonical":"http:\/\/elregionalvm.com.ar\/noticias-villa-maria\/los-precios-cuidados-suben-mas-que-el-resto-de-los-precios\/","og_locale":"es_ES","og_type":"article","og_title":"Los \u201cprecios cuidados\u201d suben m\u00e1s que el resto de los precios - El Regional","og_description":"La Argentina tiene una larga historia de acuerdos y controles de precios que en la mayor\u00eda de los casos fracasaron. Encima, aumentan m\u00e1s.","og_url":"http:\/\/elregionalvm.com.ar\/noticias-villa-maria\/los-precios-cuidados-suben-mas-que-el-resto-de-los-precios\/","og_site_name":"El Regional","article_publisher":"https:\/\/www.facebook.com\/elregionalvm","article_published_time":"2021-05-17T00:35:17+00:00","article_modified_time":"2021-05-19T02:41:42+00:00","og_image":[{"width":1100,"height":734,"url":"http:\/\/elregionalvm.com.ar\/noticias-villa-maria\/wp-content\/uploads\/2021\/05\/Precios-Cuidados-2021-2.jpeg","type":"image\/jpeg"}],"author":"Contenidos El Regional","twitter_card":"summary_large_image","twitter_creator":"@elregionalvm1","twitter_site":"@elregionalvm1","twitter_misc":{"Escrito por":"Contenidos El Regional","Tiempo de lectura":"4 minutos"},"schema":{"@context":"https:\/\/schema.org","@graph":[{"@type":"Article","@id":"http:\/\/elregionalvm.com.ar\/noticias-villa-maria\/los-precios-cuidados-suben-mas-que-el-resto-de-los-precios\/#article","isPartOf":{"@id":"http:\/\/elregionalvm.com.ar\/noticias-villa-maria\/los-precios-cuidados-suben-mas-que-el-resto-de-los-precios\/"},"author":{"name":"Contenidos El Regional","@id":"http:\/\/elregionalvm.com.ar\/noticias-villa-maria\/#\/schema\/person\/a0fb9c422317faca23d50163151bc354"},"headline":"Los \u201cprecios cuidados\u201d suben m\u00e1s que el resto de los precios","datePublished":"2021-05-17T00:35:17+00:00","dateModified":"2021-05-19T02:41:42+00:00","mainEntityOfPage":{"@id":"http:\/\/elregionalvm.com.ar\/noticias-villa-maria\/los-precios-cuidados-suben-mas-que-el-resto-de-los-precios\/"},"wordCount":779,"commentCount":0,"image":{"@id":"http:\/\/elregionalvm.com.ar\/noticias-villa-maria\/los-precios-cuidados-suben-mas-que-el-resto-de-los-precios\/#primaryimage"},"thumbnailUrl":"https:\/\/i0.wp.com\/elregionalvm.com.ar\/noticias-villa-maria\/wp-content\/uploads\/2021\/05\/Precios-Cuidados-2021-2.jpeg?fit=1100%2C734&ssl=1","keywords":["Banco Central","Controles de precios","d\u00e9ficit fiscal","Econom\u00eda","emisi\u00f3n monetaria","Inflaci\u00f3n","Precios Cuidados"],"articleSection":["Opini\u00f3n","tercera"],"inLanguage":"es","potentialAction":[{"@type":"CommentAction","name":"Comment","target":["http:\/\/elregionalvm.com.ar\/noticias-villa-maria\/los-precios-cuidados-suben-mas-que-el-resto-de-los-precios\/#respond"]}]},{"@type":"WebPage","@id":"http:\/\/elregionalvm.com.ar\/noticias-villa-maria\/los-precios-cuidados-suben-mas-que-el-resto-de-los-precios\/","url":"http:\/\/elregionalvm.com.ar\/noticias-villa-maria\/los-precios-cuidados-suben-mas-que-el-resto-de-los-precios\/","name":"Los \u201cprecios cuidados\u201d suben m\u00e1s que el resto de los precios - El Regional","isPartOf":{"@id":"http:\/\/elregionalvm.com.ar\/noticias-villa-maria\/#website"},"primaryImageOfPage":{"@id":"http:\/\/elregionalvm.com.ar\/noticias-villa-maria\/los-precios-cuidados-suben-mas-que-el-resto-de-los-precios\/#primaryimage"},"image":{"@id":"http:\/\/elregionalvm.com.ar\/noticias-villa-maria\/los-precios-cuidados-suben-mas-que-el-resto-de-los-precios\/#primaryimage"},"thumbnailUrl":"https:\/\/i0.wp.com\/elregionalvm.com.ar\/noticias-villa-maria\/wp-content\/uploads\/2021\/05\/Precios-Cuidados-2021-2.jpeg?fit=1100%2C734&ssl=1","datePublished":"2021-05-17T00:35:17+00:00","dateModified":"2021-05-19T02:41:42+00:00","author":{"@id":"http:\/\/elregionalvm.com.ar\/noticias-villa-maria\/#\/schema\/person\/a0fb9c422317faca23d50163151bc354"},"description":"La Argentina tiene una larga historia de acuerdos y controles de precios que en la mayor\u00eda de los casos fracasaron. Encima, aumentan m\u00e1s.","breadcrumb":{"@id":"http:\/\/elregionalvm.com.ar\/noticias-villa-maria\/los-precios-cuidados-suben-mas-que-el-resto-de-los-precios\/#breadcrumb"},"inLanguage":"es","potentialAction":[{"@type":"ReadAction","target":["http:\/\/elregionalvm.com.ar\/noticias-villa-maria\/los-precios-cuidados-suben-mas-que-el-resto-de-los-precios\/"]}]},{"@type":"ImageObject","inLanguage":"es","@id":"http:\/\/elregionalvm.com.ar\/noticias-villa-maria\/los-precios-cuidados-suben-mas-que-el-resto-de-los-precios\/#primaryimage","url":"https:\/\/i0.wp.com\/elregionalvm.com.ar\/noticias-villa-maria\/wp-content\/uploads\/2021\/05\/Precios-Cuidados-2021-2.jpeg?fit=1100%2C734&ssl=1","contentUrl":"https:\/\/i0.wp.com\/elregionalvm.com.ar\/noticias-villa-maria\/wp-content\/uploads\/2021\/05\/Precios-Cuidados-2021-2.jpeg?fit=1100%2C734&ssl=1","width":1100,"height":734},{"@type":"BreadcrumbList","@id":"http:\/\/elregionalvm.com.ar\/noticias-villa-maria\/los-precios-cuidados-suben-mas-que-el-resto-de-los-precios\/#breadcrumb","itemListElement":[{"@type":"ListItem","position":1,"name":"Portada","item":"https:\/\/elregionalvm.com.ar\/noticias-villa-maria\/"},{"@type":"ListItem","position":2,"name":"Los \u201cprecios cuidados\u201d suben m\u00e1s que el resto de los precios"}]},{"@type":"WebSite","@id":"http:\/\/elregionalvm.com.ar\/noticias-villa-maria\/#website","url":"http:\/\/elregionalvm.com.ar\/noticias-villa-maria\/","name":"El Regional","description":"Mucho m\u00e1s que informaci\u00f3n","potentialAction":[{"@type":"SearchAction","target":{"@type":"EntryPoint","urlTemplate":"http:\/\/elregionalvm.com.ar\/noticias-villa-maria\/?s={search_term_string}"},"query-input":{"@type":"PropertyValueSpecification","valueRequired":true,"valueName":"search_term_string"}}],"inLanguage":"es"},{"@type":"Person","@id":"http:\/\/elregionalvm.com.ar\/noticias-villa-maria\/#\/schema\/person\/a0fb9c422317faca23d50163151bc354","name":"Contenidos El Regional","image":{"@type":"ImageObject","inLanguage":"es","@id":"http:\/\/elregionalvm.com.ar\/noticias-villa-maria\/#\/schema\/person\/image\/","url":"https:\/\/secure.gravatar.com\/avatar\/265b27cb2209af7bb3a1318f03305787d7981a5cc6e6cd08fe5a4ecdf99d4b48?s=96&d=mm&r=g","contentUrl":"https:\/\/secure.gravatar.com\/avatar\/265b27cb2209af7bb3a1318f03305787d7981a5cc6e6cd08fe5a4ecdf99d4b48?s=96&d=mm&r=g","caption":"Contenidos El Regional"},"url":"https:\/\/elregionalvm.com.ar\/noticias-villa-maria\/author\/contenido\/"}]}},"jetpack_featured_media_url":"https:\/\/i0.wp.com\/elregionalvm.com.ar\/noticias-villa-maria\/wp-content\/uploads\/2021\/05\/Precios-Cuidados-2021-2.jpeg?fit=1100%2C734&ssl=1","jetpack_sharing_enabled":true,"_links":{"self":[{"href":"https:\/\/elregionalvm.com.ar\/noticias-villa-maria\/wp-json\/wp\/v2\/posts\/37817","targetHints":{"allow":["GET"]}}],"collection":[{"href":"https:\/\/elregionalvm.com.ar\/noticias-villa-maria\/wp-json\/wp\/v2\/posts"}],"about":[{"href":"https:\/\/elregionalvm.com.ar\/noticias-villa-maria\/wp-json\/wp\/v2\/types\/post"}],"author":[{"embeddable":true,"href":"https:\/\/elregionalvm.com.ar\/noticias-villa-maria\/wp-json\/wp\/v2\/users\/4"}],"replies":[{"embeddable":true,"href":"https:\/\/elregionalvm.com.ar\/noticias-villa-maria\/wp-json\/wp\/v2\/comments?post=37817"}],"version-history":[{"count":1,"href":"https:\/\/elregionalvm.com.ar\/noticias-villa-maria\/wp-json\/wp\/v2\/posts\/37817\/revisions"}],"predecessor-version":[{"id":37820,"href":"https:\/\/elregionalvm.com.ar\/noticias-villa-maria\/wp-json\/wp\/v2\/posts\/37817\/revisions\/37820"}],"wp:featuredmedia":[{"embeddable":true,"href":"https:\/\/elregionalvm.com.ar\/noticias-villa-maria\/wp-json\/wp\/v2\/media\/37819"}],"wp:attachment":[{"href":"https:\/\/elregionalvm.com.ar\/noticias-villa-maria\/wp-json\/wp\/v2\/media?parent=37817"}],"wp:term":[{"taxonomy":"category","embeddable":true,"href":"https:\/\/elregionalvm.com.ar\/noticias-villa-maria\/wp-json\/wp\/v2\/categories?post=37817"},{"taxonomy":"post_tag","embeddable":true,"href":"https:\/\/elregionalvm.com.ar\/noticias-villa-maria\/wp-json\/wp\/v2\/tags?post=37817"}],"curies":[{"name":"wp","href":"https:\/\/api.w.org\/{rel}","templated":true}]}}