{"id":37824,"date":"2021-05-17T01:15:37","date_gmt":"2021-05-17T01:15:37","guid":{"rendered":"https:\/\/elregionalvm.com.ar\/noticias-villa-maria\/?p=37824"},"modified":"2021-05-19T20:22:39","modified_gmt":"2021-05-19T20:22:39","slug":"muerte-morbo-y-videos-virales-a-dos-anos-de-la-tragedia-de-larose-y-no-aprendimos-nada","status":"publish","type":"post","link":"https:\/\/elregionalvm.com.ar\/noticias-villa-maria\/muerte-morbo-y-videos-virales-a-dos-anos-de-la-tragedia-de-larose-y-no-aprendimos-nada\/","title":{"rendered":"Muerte, morbo y videos virales: A dos a\u00f1os de la tragedia de Larose y no aprendimos nada"},"content":{"rendered":"\n<p><\/p>\n\n\n\n<p><strong>El 14 de mayo se cumpli\u00f3 el segundo aniversario de la tr\u00e1gica muerte del empresario gastron\u00f3mico Alejandro Larose. Su deceso, producido al incendiarse su moto tras un choque, estuvo envuelto en una pol\u00e9mica por la falta de reacci\u00f3n de otros conductores y la viralizaci\u00f3n de videos que mostraban esta inacci\u00f3n. Las preguntas de entonces, siguen sin respuestas. \u00bfCu\u00e1l es el l\u00edmite del morbo, la irresponsabilidad y la insensibilidad social? Pareciera no haberlo. Esta reflexi\u00f3n tiene dos a\u00f1os, pero contin\u00faa vigente. <\/strong><\/p>\n\n\n\n<p><\/p>\n\n\n\n<p><strong>Escribe: Germ\u00e1n Giacchero<\/strong><\/p>\n\n\n\n<p>No podemos ser tan irresponsables.<br>Tan insensibles.<br>Tan morbosos.<br>Tan desvergonzados.<br>En definitiva, no podemos ser tan pat\u00e9ticos.<br>Ni tan miserables.<br>Como individuos y como sociedad.<\/p>\n\n\n\n<p>\u00bfEn qu\u00e9 momento un supuesto tel\u00e9fono inteligente comenz\u00f3 a convertirse en un arma de destrucci\u00f3n masiva en nuestras manos para cometer los actos m\u00e1s est\u00fapidos?<\/p>\n\n\n\n<p>\u00bfCu\u00e1ndo comenzamos a tener v\u00eda libre para que nuestras acciones irresponsables se propaguen a la velocidad de la luz por las redes sociales?<\/p>\n\n\n\n<p><\/p>\n\n\n\n<figure class=\"wp-block-pullquote\"><blockquote><p>\u00bfC\u00f3mo fue que comenzamos a sentirnos bendecidos por la impunidad del anonimato, insensibles ante el dolor de otro ser humano y contaminados con el desprecio por la vida de los dem\u00e1s?<\/p><\/blockquote><\/figure>\n\n\n\n<p><\/p>\n\n\n\n<p>\u00bfEn qu\u00e9 momento nos cre\u00edmos los art\u00edfices o los creadores de un espect\u00e1culo repulsivo como fotografiar un cad\u00e1ver mientras ard\u00eda bajo las llamas en plena ruta o filmar a una persona dos minutos antes de que se arrojara al vac\u00edo desde un quinto piso para encontrar la muerte?<\/p>\n\n\n\n<p>\u00bfC\u00f3mo podemos explicar el placer, la emoci\u00f3n, la adrenalina, la excitaci\u00f3n o como se llame esa extra\u00f1a sensaci\u00f3n que experimentan muchos bajo el impulso por registrar los hechos m\u00e1s macabros o siniestros, como la tr\u00e1gica muerte de Alejandro Larose en la ruta nacional 158?<\/p>\n\n\n\n<p>\u00bfSer\u00e1 por el puro goce de transgredir normas o entrar en el universo de lo prohibido o indeseable? \u00bfO simplemente ser\u00e1 para producir un da\u00f1o mayor al ya creado? \u00bfCu\u00e1ndo comenzamos a pensar que algo as\u00ed pod\u00eda resultar interesante y hasta divertido?<\/p>\n\n\n\n<p>\u00bfC\u00f3mo pas\u00f3 que nos hicimos adictos al gatillo f\u00e1cil del bot\u00f3n que activa la c\u00e1mara del celular para fines nada inocentes, o nos transformamos en fan\u00e1ticos adoradores de la tecla que permite enviar y reenviar mensajes, audios, fotos y videos en mil\u00e9simas de segundos, con la finalidad de viralizar desde mortales accidentes laborales o de tr\u00e1nsito, hasta violaciones, suicidios y momentos de supuesta intimidad sexual de celebridades o vecinos del barrio?<\/p>\n\n\n\n<p><\/p>\n\n\n\n<figure class=\"wp-block-image size-large\"><img data-recalc-dims=\"1\" fetchpriority=\"high\" decoding=\"async\" width=\"568\" height=\"500\" src=\"https:\/\/i0.wp.com\/elregionalvm.com.ar\/noticias-villa-maria\/wp-content\/uploads\/2021\/05\/selfie-titanic.jpg?resize=568%2C500&#038;ssl=1\" alt=\"\" class=\"wp-image-37826\" srcset=\"https:\/\/i0.wp.com\/elregionalvm.com.ar\/noticias-villa-maria\/wp-content\/uploads\/2021\/05\/selfie-titanic.jpg?w=568&amp;ssl=1 568w, https:\/\/i0.wp.com\/elregionalvm.com.ar\/noticias-villa-maria\/wp-content\/uploads\/2021\/05\/selfie-titanic.jpg?resize=300%2C264&amp;ssl=1 300w\" sizes=\"(max-width: 568px) 100vw, 568px\" \/><\/figure>\n\n\n\n<p><\/p>\n\n\n\n<p>\u00bfQu\u00e9 se les cruza por la cabeza, por el coraz\u00f3n o por el est\u00f3mago a esos observadores pasivos -por no utilizar otro t\u00e9rmino m\u00e1s burdo pero no menos acertado-, a esos mirones de ocasi\u00f3n, a esos seres anestesiados y vac\u00edos, que solo atinan a buscar su tel\u00e9fono para atesorar una reliquia sangrienta en la galer\u00eda del aparato para luego compartirla como un logro personal, en vez de auxiliar, colaborar o pedir ayuda? \u00bfSer\u00e1 la sorpresa, el estupor, la falta de valent\u00eda o la simple estupidez humana?<\/p>\n\n\n\n<p>\u00bfQu\u00e9 les pasa por la cabeza, por el coraz\u00f3n o por el est\u00f3mago a quienes han convertido el acto de compartir o reenviar un archivo \u201cno santo\u201d, desagradable, clandestino o t\u00e9trico en una rutina de entretenimiento m\u00e1s de sus vidas cotidianas? \u00bfPadecer\u00e1n el \u201cs\u00edndrome de la primicia\u201d, queriendo ser los primeros en \u201ctener la posta\u201d y cont\u00e1rsela a sus contactos, y a los contactos de sus contactos y as\u00ed indefinidamente?<\/p>\n\n\n\n<p>\u00bfQu\u00e9 nos pasa a quienes, desprevenidos o no, reproducimos esas im\u00e1genes y videos que nos llegan de manera intencional o por pura casualidad? \u00bfPor qu\u00e9 nos quedamos viendo hasta el final? \u00bfPor qu\u00e9 decidimos apretar la tecla para reenviarlos o los seguimos conservando en el almacenamiento interno? <\/p>\n\n\n\n<p><\/p>\n\n\n\n<figure class=\"wp-block-pullquote\"><blockquote><p>\u00bfNos obligan Whatsapp, Facebook o el verdugo virtual de turno? \u00bfO somos c\u00f3mplices obligados de la insensibilidad social y la miseria humana?<\/p><\/blockquote><\/figure>\n\n\n\n<p><\/p>\n\n\n\n<p>\u00bfY los medios de comunicaci\u00f3n? \u00bfCon qu\u00e9 necesidad realizan la publicaci\u00f3n de esos videos truculentos algunos medios de Villa Mar\u00eda? \u00bfAlcanza solo con la finalidad comercial de acumular mayor cantidad de clics a como d\u00e9 lugar? \u00bfSe escudan en la coartada de que simplemente publican lo que \u201cle interesa a la gente\u201d o en la superflua, innecesaria e inexistente competencia con el resto de los medios? \u00bfEl fin justifica los medios?<\/p>\n\n\n\n<p>\u00bfSe ha flexibilizado tanto la \u00e9tica y la est\u00e9tica period\u00edsticas, que asistimos a una devaluaci\u00f3n de lo que conocemos como noticia porque llamamos as\u00ed a cualquier cosa, por m\u00e1s que huela a podrido o resulte nefasta?<\/p>\n\n\n\n<p>\u00bfCreen los medios de la ciudad, la provincia y el pa\u00eds que tienen licencia para publicar en sus portales cualquier porquer\u00eda viralizada porque anticipan en tipograf\u00eda cat\u00e1strofe \u201cIm\u00e1genes sensibles\u201d, \u201cIm\u00e1genes fuertes\u201d, o advertencias acerca de que el contenido puede \u201cherir la susceptibilidad del lector\u201d? \u00bfPiensan que eso los exime de culpa y cargo?<\/p>\n\n\n\n<p>\u00bfSe ha convertido el sentido com\u00fan en una especie en extinci\u00f3n, tanto como que la moral, el buen gusto y las sanas costumbres ya resulten poco menos que malas palabras y ridiculeces fuera de lugar? \u00bfCu\u00e1ndo fue que nos olvidamos para siempre de los l\u00edmites, de nuestros l\u00edmites, de los ajenos?<\/p>\n\n\n\n<p>\u00bfQu\u00e9 nos pasa?<\/p>\n\n\n\n<p>Como individuos y como sociedad.<\/p>\n\n\n\n<p>No podemos ser tan irresponsables.<br>Tan insensibles.<br>Tan morbosos.<br>Tan desvergonzados.<br>En definitiva, no podemos ser tan pat\u00e9ticos.<br>Ni tan miserables.<\/p>\n\n\n\n<p>\u00bfCu\u00e1ndo fue que nos dejaron de importar los otros?<\/p>\n\n\n\n<p>\u00bfO ser\u00e1 acaso que nunca nos importaron demasiado?<\/p>\n\n\n\n<p>Ojal\u00e1, alguna vez, antes de que sea tarde, podamos aprender algo.<\/p>\n","protected":false},"excerpt":{"rendered":"<p>El 14 de mayo se cumpli\u00f3 el segundo aniversario de la tr\u00e1gica muerte del empresario gastron\u00f3mico Alejandro Larose. Su deceso, producido al incendiarse su moto tras un choque, estuvo envuelto en una pol\u00e9mica por la falta de reacci\u00f3n de otros conductores y la viralizaci\u00f3n de videos que mostraban esta inacci\u00f3n. Las preguntas de entonces, siguen [&hellip;]<\/p>\n","protected":false},"author":6,"featured_media":37884,"comment_status":"open","ping_status":"open","sticky":false,"template":"","format":"standard","meta":{"site-sidebar-layout":"default","site-content-layout":"default","ast-site-content-layout":"default","site-content-style":"default","site-sidebar-style":"default","ast-global-header-display":"","ast-banner-title-visibility":"","ast-main-header-display":"","ast-hfb-above-header-display":"","ast-hfb-below-header-display":"","ast-hfb-mobile-header-display":"","site-post-title":"","ast-breadcrumbs-content":"","ast-featured-img":"","footer-sml-layout":"","ast-disable-related-posts":"","theme-transparent-header-meta":"default","adv-header-id-meta":"","stick-header-meta":"","header-above-stick-meta":"","header-main-stick-meta":"","header-below-stick-meta":"","astra-migrate-meta-layouts":"default","ast-page-background-enabled":"default","ast-page-background-meta":{"desktop":{"background-color":"","background-image":"","background-repeat":"repeat","background-position":"center center","background-size":"auto","background-attachment":"scroll","background-type":"","background-media":"","overlay-type":"","overlay-color":"","overlay-opacity":"","overlay-gradient":""},"tablet":{"background-color":"","background-image":"","background-repeat":"repeat","background-position":"center center","background-size":"auto","background-attachment":"scroll","background-type":"","background-media":"","overlay-type":"","overlay-color":"","overlay-opacity":"","overlay-gradient":""},"mobile":{"background-color":"","background-image":"","background-repeat":"repeat","background-position":"center center","background-size":"auto","background-attachment":"scroll","background-type":"","background-media":"","overlay-type":"","overlay-color":"","overlay-opacity":"","overlay-gradient":""}},"ast-content-background-meta":{"desktop":{"background-color":"var(--ast-global-color-5)","background-image":"","background-repeat":"repeat","background-position":"center center","background-size":"auto","background-attachment":"scroll","background-type":"","background-media":"","overlay-type":"","overlay-color":"","overlay-opacity":"","overlay-gradient":""},"tablet":{"background-color":"var(--ast-global-color-5)","background-image":"","background-repeat":"repeat","background-position":"center center","background-size":"auto","background-attachment":"scroll","background-type":"","background-media":"","overlay-type":"","overlay-color":"","overlay-opacity":"","overlay-gradient":""},"mobile":{"background-color":"var(--ast-global-color-5)","background-image":"","background-repeat":"repeat","background-position":"center center","background-size":"auto","background-attachment":"scroll","background-type":"","background-media":"","overlay-type":"","overlay-color":"","overlay-opacity":"","overlay-gradient":""}},"_jetpack_memberships_contains_paid_content":false,"_joinchat":[],"footnotes":""},"categories":[365,3557],"tags":[1451,1487,1129,9006,100,4934,348,9005],"class_list":["post-37824","post","type-post","status-publish","format-standard","has-post-thumbnail","hentry","category-opinion","category-tercera","tag-alejandro-larose","tag-incendio","tag-irresponsabilidad","tag-morbo","tag-muerte","tag-ruta-nacional-158","tag-tragedia","tag-videos-virales"],"yoast_head":"<!-- This site is optimized with the Yoast SEO plugin v26.8 - https:\/\/yoast.com\/product\/yoast-seo-wordpress\/ -->\n<title>Muerte, morbo y videos virales: A dos a\u00f1os de la tragedia de Larose y no aprendimos nada - El Regional<\/title>\n<meta name=\"description\" content=\"\u00bfCu\u00e1l es el l\u00edmite del morbo, la irresponsabilidad y la insensibilidad social? Pareciera no haberlo. Esta reflexi\u00f3n contin\u00faa vigente.\" \/>\n<meta name=\"robots\" content=\"index, follow, max-snippet:-1, max-image-preview:large, max-video-preview:-1\" \/>\n<link rel=\"canonical\" href=\"http:\/\/elregionalvm.com.ar\/noticias-villa-maria\/muerte-morbo-y-videos-virales-a-dos-anos-de-la-tragedia-de-larose-y-no-aprendimos-nada\/\" \/>\n<meta property=\"og:locale\" content=\"es_ES\" \/>\n<meta property=\"og:type\" content=\"article\" \/>\n<meta property=\"og:title\" content=\"Muerte, morbo y videos virales: A dos a\u00f1os de la tragedia de Larose y no aprendimos nada - El Regional\" \/>\n<meta property=\"og:description\" content=\"\u00bfCu\u00e1l es el l\u00edmite del morbo, la irresponsabilidad y la insensibilidad social? Pareciera no haberlo. Esta reflexi\u00f3n contin\u00faa vigente.\" \/>\n<meta property=\"og:url\" content=\"http:\/\/elregionalvm.com.ar\/noticias-villa-maria\/muerte-morbo-y-videos-virales-a-dos-anos-de-la-tragedia-de-larose-y-no-aprendimos-nada\/\" \/>\n<meta property=\"og:site_name\" content=\"El Regional\" \/>\n<meta property=\"article:publisher\" content=\"https:\/\/www.facebook.com\/elregionalvm\" \/>\n<meta property=\"article:published_time\" content=\"2021-05-17T01:15:37+00:00\" \/>\n<meta property=\"article:modified_time\" content=\"2021-05-19T20:22:39+00:00\" \/>\n<meta property=\"og:image\" content=\"http:\/\/elregionalvm.com.ar\/noticias-villa-maria\/wp-content\/uploads\/2021\/05\/Larose-moto-2.jpg\" \/>\n\t<meta property=\"og:image:width\" content=\"795\" \/>\n\t<meta property=\"og:image:height\" content=\"597\" \/>\n\t<meta property=\"og:image:type\" content=\"image\/jpeg\" \/>\n<meta name=\"author\" content=\"Germ\u00e1n Giacchero\" \/>\n<meta name=\"twitter:card\" content=\"summary_large_image\" \/>\n<meta name=\"twitter:creator\" content=\"@elregionalvm1\" \/>\n<meta name=\"twitter:site\" content=\"@elregionalvm1\" \/>\n<meta name=\"twitter:label1\" content=\"Escrito por\" \/>\n\t<meta name=\"twitter:data1\" content=\"Germ\u00e1n Giacchero\" \/>\n\t<meta name=\"twitter:label2\" content=\"Tiempo de lectura\" \/>\n\t<meta name=\"twitter:data2\" content=\"5 minutos\" \/>\n<script type=\"application\/ld+json\" class=\"yoast-schema-graph\">{\"@context\":\"https:\/\/schema.org\",\"@graph\":[{\"@type\":\"Article\",\"@id\":\"http:\/\/elregionalvm.com.ar\/noticias-villa-maria\/muerte-morbo-y-videos-virales-a-dos-anos-de-la-tragedia-de-larose-y-no-aprendimos-nada\/#article\",\"isPartOf\":{\"@id\":\"http:\/\/elregionalvm.com.ar\/noticias-villa-maria\/muerte-morbo-y-videos-virales-a-dos-anos-de-la-tragedia-de-larose-y-no-aprendimos-nada\/\"},\"author\":{\"name\":\"Germ\u00e1n Giacchero\",\"@id\":\"http:\/\/elregionalvm.com.ar\/noticias-villa-maria\/#\/schema\/person\/d5e4b04966154131701e52c45d3efec9\"},\"headline\":\"Muerte, morbo y videos virales: A dos a\u00f1os de la tragedia de Larose y no aprendimos nada\",\"datePublished\":\"2021-05-17T01:15:37+00:00\",\"dateModified\":\"2021-05-19T20:22:39+00:00\",\"mainEntityOfPage\":{\"@id\":\"http:\/\/elregionalvm.com.ar\/noticias-villa-maria\/muerte-morbo-y-videos-virales-a-dos-anos-de-la-tragedia-de-larose-y-no-aprendimos-nada\/\"},\"wordCount\":984,\"commentCount\":1,\"image\":{\"@id\":\"http:\/\/elregionalvm.com.ar\/noticias-villa-maria\/muerte-morbo-y-videos-virales-a-dos-anos-de-la-tragedia-de-larose-y-no-aprendimos-nada\/#primaryimage\"},\"thumbnailUrl\":\"https:\/\/i0.wp.com\/elregionalvm.com.ar\/noticias-villa-maria\/wp-content\/uploads\/2021\/05\/Larose-moto-2.jpg?fit=795%2C597&ssl=1\",\"keywords\":[\"Alejandro Larose\",\"Incendio\",\"irresponsabilidad\",\"morbo\",\"muerte\",\"Ruta nacional 158\",\"tragedia\",\"Videos virales\"],\"articleSection\":[\"Opini\u00f3n\",\"tercera\"],\"inLanguage\":\"es\",\"potentialAction\":[{\"@type\":\"CommentAction\",\"name\":\"Comment\",\"target\":[\"http:\/\/elregionalvm.com.ar\/noticias-villa-maria\/muerte-morbo-y-videos-virales-a-dos-anos-de-la-tragedia-de-larose-y-no-aprendimos-nada\/#respond\"]}]},{\"@type\":\"WebPage\",\"@id\":\"http:\/\/elregionalvm.com.ar\/noticias-villa-maria\/muerte-morbo-y-videos-virales-a-dos-anos-de-la-tragedia-de-larose-y-no-aprendimos-nada\/\",\"url\":\"http:\/\/elregionalvm.com.ar\/noticias-villa-maria\/muerte-morbo-y-videos-virales-a-dos-anos-de-la-tragedia-de-larose-y-no-aprendimos-nada\/\",\"name\":\"Muerte, morbo y videos virales: A dos a\u00f1os de la tragedia de Larose y no aprendimos nada - El Regional\",\"isPartOf\":{\"@id\":\"http:\/\/elregionalvm.com.ar\/noticias-villa-maria\/#website\"},\"primaryImageOfPage\":{\"@id\":\"http:\/\/elregionalvm.com.ar\/noticias-villa-maria\/muerte-morbo-y-videos-virales-a-dos-anos-de-la-tragedia-de-larose-y-no-aprendimos-nada\/#primaryimage\"},\"image\":{\"@id\":\"http:\/\/elregionalvm.com.ar\/noticias-villa-maria\/muerte-morbo-y-videos-virales-a-dos-anos-de-la-tragedia-de-larose-y-no-aprendimos-nada\/#primaryimage\"},\"thumbnailUrl\":\"https:\/\/i0.wp.com\/elregionalvm.com.ar\/noticias-villa-maria\/wp-content\/uploads\/2021\/05\/Larose-moto-2.jpg?fit=795%2C597&ssl=1\",\"datePublished\":\"2021-05-17T01:15:37+00:00\",\"dateModified\":\"2021-05-19T20:22:39+00:00\",\"author\":{\"@id\":\"http:\/\/elregionalvm.com.ar\/noticias-villa-maria\/#\/schema\/person\/d5e4b04966154131701e52c45d3efec9\"},\"description\":\"\u00bfCu\u00e1l es el l\u00edmite del morbo, la irresponsabilidad y la insensibilidad social? Pareciera no haberlo. Esta reflexi\u00f3n contin\u00faa vigente.\",\"breadcrumb\":{\"@id\":\"http:\/\/elregionalvm.com.ar\/noticias-villa-maria\/muerte-morbo-y-videos-virales-a-dos-anos-de-la-tragedia-de-larose-y-no-aprendimos-nada\/#breadcrumb\"},\"inLanguage\":\"es\",\"potentialAction\":[{\"@type\":\"ReadAction\",\"target\":[\"http:\/\/elregionalvm.com.ar\/noticias-villa-maria\/muerte-morbo-y-videos-virales-a-dos-anos-de-la-tragedia-de-larose-y-no-aprendimos-nada\/\"]}]},{\"@type\":\"ImageObject\",\"inLanguage\":\"es\",\"@id\":\"http:\/\/elregionalvm.com.ar\/noticias-villa-maria\/muerte-morbo-y-videos-virales-a-dos-anos-de-la-tragedia-de-larose-y-no-aprendimos-nada\/#primaryimage\",\"url\":\"https:\/\/i0.wp.com\/elregionalvm.com.ar\/noticias-villa-maria\/wp-content\/uploads\/2021\/05\/Larose-moto-2.jpg?fit=795%2C597&ssl=1\",\"contentUrl\":\"https:\/\/i0.wp.com\/elregionalvm.com.ar\/noticias-villa-maria\/wp-content\/uploads\/2021\/05\/Larose-moto-2.jpg?fit=795%2C597&ssl=1\",\"width\":795,\"height\":597},{\"@type\":\"BreadcrumbList\",\"@id\":\"http:\/\/elregionalvm.com.ar\/noticias-villa-maria\/muerte-morbo-y-videos-virales-a-dos-anos-de-la-tragedia-de-larose-y-no-aprendimos-nada\/#breadcrumb\",\"itemListElement\":[{\"@type\":\"ListItem\",\"position\":1,\"name\":\"Portada\",\"item\":\"https:\/\/elregionalvm.com.ar\/noticias-villa-maria\/\"},{\"@type\":\"ListItem\",\"position\":2,\"name\":\"Muerte, morbo y videos virales: A dos a\u00f1os de la tragedia de Larose y no aprendimos nada\"}]},{\"@type\":\"WebSite\",\"@id\":\"http:\/\/elregionalvm.com.ar\/noticias-villa-maria\/#website\",\"url\":\"http:\/\/elregionalvm.com.ar\/noticias-villa-maria\/\",\"name\":\"El Regional\",\"description\":\"Mucho m\u00e1s que informaci\u00f3n\",\"potentialAction\":[{\"@type\":\"SearchAction\",\"target\":{\"@type\":\"EntryPoint\",\"urlTemplate\":\"http:\/\/elregionalvm.com.ar\/noticias-villa-maria\/?s={search_term_string}\"},\"query-input\":{\"@type\":\"PropertyValueSpecification\",\"valueRequired\":true,\"valueName\":\"search_term_string\"}}],\"inLanguage\":\"es\"},{\"@type\":\"Person\",\"@id\":\"http:\/\/elregionalvm.com.ar\/noticias-villa-maria\/#\/schema\/person\/d5e4b04966154131701e52c45d3efec9\",\"name\":\"Germ\u00e1n Giacchero\",\"image\":{\"@type\":\"ImageObject\",\"inLanguage\":\"es\",\"@id\":\"http:\/\/elregionalvm.com.ar\/noticias-villa-maria\/#\/schema\/person\/image\/\",\"url\":\"https:\/\/secure.gravatar.com\/avatar\/fda163ba5ef0307ee5be9846e10f83b6e83d0cfb260d3b2464830318894c6b04?s=96&d=mm&r=g\",\"contentUrl\":\"https:\/\/secure.gravatar.com\/avatar\/fda163ba5ef0307ee5be9846e10f83b6e83d0cfb260d3b2464830318894c6b04?s=96&d=mm&r=g\",\"caption\":\"Germ\u00e1n Giacchero\"},\"url\":\"https:\/\/elregionalvm.com.ar\/noticias-villa-maria\/author\/germangiacchero\/\"}]}<\/script>\n<!-- \/ Yoast SEO plugin. -->","yoast_head_json":{"title":"Muerte, morbo y videos virales: A dos a\u00f1os de la tragedia de Larose y no aprendimos nada - El Regional","description":"\u00bfCu\u00e1l es el l\u00edmite del morbo, la irresponsabilidad y la insensibilidad social? Pareciera no haberlo. Esta reflexi\u00f3n contin\u00faa vigente.","robots":{"index":"index","follow":"follow","max-snippet":"max-snippet:-1","max-image-preview":"max-image-preview:large","max-video-preview":"max-video-preview:-1"},"canonical":"http:\/\/elregionalvm.com.ar\/noticias-villa-maria\/muerte-morbo-y-videos-virales-a-dos-anos-de-la-tragedia-de-larose-y-no-aprendimos-nada\/","og_locale":"es_ES","og_type":"article","og_title":"Muerte, morbo y videos virales: A dos a\u00f1os de la tragedia de Larose y no aprendimos nada - El Regional","og_description":"\u00bfCu\u00e1l es el l\u00edmite del morbo, la irresponsabilidad y la insensibilidad social? Pareciera no haberlo. Esta reflexi\u00f3n contin\u00faa vigente.","og_url":"http:\/\/elregionalvm.com.ar\/noticias-villa-maria\/muerte-morbo-y-videos-virales-a-dos-anos-de-la-tragedia-de-larose-y-no-aprendimos-nada\/","og_site_name":"El Regional","article_publisher":"https:\/\/www.facebook.com\/elregionalvm","article_published_time":"2021-05-17T01:15:37+00:00","article_modified_time":"2021-05-19T20:22:39+00:00","og_image":[{"width":795,"height":597,"url":"http:\/\/elregionalvm.com.ar\/noticias-villa-maria\/wp-content\/uploads\/2021\/05\/Larose-moto-2.jpg","type":"image\/jpeg"}],"author":"Germ\u00e1n Giacchero","twitter_card":"summary_large_image","twitter_creator":"@elregionalvm1","twitter_site":"@elregionalvm1","twitter_misc":{"Escrito por":"Germ\u00e1n Giacchero","Tiempo de lectura":"5 minutos"},"schema":{"@context":"https:\/\/schema.org","@graph":[{"@type":"Article","@id":"http:\/\/elregionalvm.com.ar\/noticias-villa-maria\/muerte-morbo-y-videos-virales-a-dos-anos-de-la-tragedia-de-larose-y-no-aprendimos-nada\/#article","isPartOf":{"@id":"http:\/\/elregionalvm.com.ar\/noticias-villa-maria\/muerte-morbo-y-videos-virales-a-dos-anos-de-la-tragedia-de-larose-y-no-aprendimos-nada\/"},"author":{"name":"Germ\u00e1n Giacchero","@id":"http:\/\/elregionalvm.com.ar\/noticias-villa-maria\/#\/schema\/person\/d5e4b04966154131701e52c45d3efec9"},"headline":"Muerte, morbo y videos virales: A dos a\u00f1os de la tragedia de Larose y no aprendimos nada","datePublished":"2021-05-17T01:15:37+00:00","dateModified":"2021-05-19T20:22:39+00:00","mainEntityOfPage":{"@id":"http:\/\/elregionalvm.com.ar\/noticias-villa-maria\/muerte-morbo-y-videos-virales-a-dos-anos-de-la-tragedia-de-larose-y-no-aprendimos-nada\/"},"wordCount":984,"commentCount":1,"image":{"@id":"http:\/\/elregionalvm.com.ar\/noticias-villa-maria\/muerte-morbo-y-videos-virales-a-dos-anos-de-la-tragedia-de-larose-y-no-aprendimos-nada\/#primaryimage"},"thumbnailUrl":"https:\/\/i0.wp.com\/elregionalvm.com.ar\/noticias-villa-maria\/wp-content\/uploads\/2021\/05\/Larose-moto-2.jpg?fit=795%2C597&ssl=1","keywords":["Alejandro Larose","Incendio","irresponsabilidad","morbo","muerte","Ruta nacional 158","tragedia","Videos virales"],"articleSection":["Opini\u00f3n","tercera"],"inLanguage":"es","potentialAction":[{"@type":"CommentAction","name":"Comment","target":["http:\/\/elregionalvm.com.ar\/noticias-villa-maria\/muerte-morbo-y-videos-virales-a-dos-anos-de-la-tragedia-de-larose-y-no-aprendimos-nada\/#respond"]}]},{"@type":"WebPage","@id":"http:\/\/elregionalvm.com.ar\/noticias-villa-maria\/muerte-morbo-y-videos-virales-a-dos-anos-de-la-tragedia-de-larose-y-no-aprendimos-nada\/","url":"http:\/\/elregionalvm.com.ar\/noticias-villa-maria\/muerte-morbo-y-videos-virales-a-dos-anos-de-la-tragedia-de-larose-y-no-aprendimos-nada\/","name":"Muerte, morbo y videos virales: A dos a\u00f1os de la tragedia de Larose y no aprendimos nada - El Regional","isPartOf":{"@id":"http:\/\/elregionalvm.com.ar\/noticias-villa-maria\/#website"},"primaryImageOfPage":{"@id":"http:\/\/elregionalvm.com.ar\/noticias-villa-maria\/muerte-morbo-y-videos-virales-a-dos-anos-de-la-tragedia-de-larose-y-no-aprendimos-nada\/#primaryimage"},"image":{"@id":"http:\/\/elregionalvm.com.ar\/noticias-villa-maria\/muerte-morbo-y-videos-virales-a-dos-anos-de-la-tragedia-de-larose-y-no-aprendimos-nada\/#primaryimage"},"thumbnailUrl":"https:\/\/i0.wp.com\/elregionalvm.com.ar\/noticias-villa-maria\/wp-content\/uploads\/2021\/05\/Larose-moto-2.jpg?fit=795%2C597&ssl=1","datePublished":"2021-05-17T01:15:37+00:00","dateModified":"2021-05-19T20:22:39+00:00","author":{"@id":"http:\/\/elregionalvm.com.ar\/noticias-villa-maria\/#\/schema\/person\/d5e4b04966154131701e52c45d3efec9"},"description":"\u00bfCu\u00e1l es el l\u00edmite del morbo, la irresponsabilidad y la insensibilidad social? Pareciera no haberlo. Esta reflexi\u00f3n contin\u00faa vigente.","breadcrumb":{"@id":"http:\/\/elregionalvm.com.ar\/noticias-villa-maria\/muerte-morbo-y-videos-virales-a-dos-anos-de-la-tragedia-de-larose-y-no-aprendimos-nada\/#breadcrumb"},"inLanguage":"es","potentialAction":[{"@type":"ReadAction","target":["http:\/\/elregionalvm.com.ar\/noticias-villa-maria\/muerte-morbo-y-videos-virales-a-dos-anos-de-la-tragedia-de-larose-y-no-aprendimos-nada\/"]}]},{"@type":"ImageObject","inLanguage":"es","@id":"http:\/\/elregionalvm.com.ar\/noticias-villa-maria\/muerte-morbo-y-videos-virales-a-dos-anos-de-la-tragedia-de-larose-y-no-aprendimos-nada\/#primaryimage","url":"https:\/\/i0.wp.com\/elregionalvm.com.ar\/noticias-villa-maria\/wp-content\/uploads\/2021\/05\/Larose-moto-2.jpg?fit=795%2C597&ssl=1","contentUrl":"https:\/\/i0.wp.com\/elregionalvm.com.ar\/noticias-villa-maria\/wp-content\/uploads\/2021\/05\/Larose-moto-2.jpg?fit=795%2C597&ssl=1","width":795,"height":597},{"@type":"BreadcrumbList","@id":"http:\/\/elregionalvm.com.ar\/noticias-villa-maria\/muerte-morbo-y-videos-virales-a-dos-anos-de-la-tragedia-de-larose-y-no-aprendimos-nada\/#breadcrumb","itemListElement":[{"@type":"ListItem","position":1,"name":"Portada","item":"https:\/\/elregionalvm.com.ar\/noticias-villa-maria\/"},{"@type":"ListItem","position":2,"name":"Muerte, morbo y videos virales: A dos a\u00f1os de la tragedia de Larose y no aprendimos nada"}]},{"@type":"WebSite","@id":"http:\/\/elregionalvm.com.ar\/noticias-villa-maria\/#website","url":"http:\/\/elregionalvm.com.ar\/noticias-villa-maria\/","name":"El Regional","description":"Mucho m\u00e1s que informaci\u00f3n","potentialAction":[{"@type":"SearchAction","target":{"@type":"EntryPoint","urlTemplate":"http:\/\/elregionalvm.com.ar\/noticias-villa-maria\/?s={search_term_string}"},"query-input":{"@type":"PropertyValueSpecification","valueRequired":true,"valueName":"search_term_string"}}],"inLanguage":"es"},{"@type":"Person","@id":"http:\/\/elregionalvm.com.ar\/noticias-villa-maria\/#\/schema\/person\/d5e4b04966154131701e52c45d3efec9","name":"Germ\u00e1n Giacchero","image":{"@type":"ImageObject","inLanguage":"es","@id":"http:\/\/elregionalvm.com.ar\/noticias-villa-maria\/#\/schema\/person\/image\/","url":"https:\/\/secure.gravatar.com\/avatar\/fda163ba5ef0307ee5be9846e10f83b6e83d0cfb260d3b2464830318894c6b04?s=96&d=mm&r=g","contentUrl":"https:\/\/secure.gravatar.com\/avatar\/fda163ba5ef0307ee5be9846e10f83b6e83d0cfb260d3b2464830318894c6b04?s=96&d=mm&r=g","caption":"Germ\u00e1n Giacchero"},"url":"https:\/\/elregionalvm.com.ar\/noticias-villa-maria\/author\/germangiacchero\/"}]}},"jetpack_featured_media_url":"https:\/\/i0.wp.com\/elregionalvm.com.ar\/noticias-villa-maria\/wp-content\/uploads\/2021\/05\/Larose-moto-2.jpg?fit=795%2C597&ssl=1","jetpack_sharing_enabled":true,"_links":{"self":[{"href":"https:\/\/elregionalvm.com.ar\/noticias-villa-maria\/wp-json\/wp\/v2\/posts\/37824","targetHints":{"allow":["GET"]}}],"collection":[{"href":"https:\/\/elregionalvm.com.ar\/noticias-villa-maria\/wp-json\/wp\/v2\/posts"}],"about":[{"href":"https:\/\/elregionalvm.com.ar\/noticias-villa-maria\/wp-json\/wp\/v2\/types\/post"}],"author":[{"embeddable":true,"href":"https:\/\/elregionalvm.com.ar\/noticias-villa-maria\/wp-json\/wp\/v2\/users\/6"}],"replies":[{"embeddable":true,"href":"https:\/\/elregionalvm.com.ar\/noticias-villa-maria\/wp-json\/wp\/v2\/comments?post=37824"}],"version-history":[{"count":1,"href":"https:\/\/elregionalvm.com.ar\/noticias-villa-maria\/wp-json\/wp\/v2\/posts\/37824\/revisions"}],"predecessor-version":[{"id":37827,"href":"https:\/\/elregionalvm.com.ar\/noticias-villa-maria\/wp-json\/wp\/v2\/posts\/37824\/revisions\/37827"}],"wp:featuredmedia":[{"embeddable":true,"href":"https:\/\/elregionalvm.com.ar\/noticias-villa-maria\/wp-json\/wp\/v2\/media\/37884"}],"wp:attachment":[{"href":"https:\/\/elregionalvm.com.ar\/noticias-villa-maria\/wp-json\/wp\/v2\/media?parent=37824"}],"wp:term":[{"taxonomy":"category","embeddable":true,"href":"https:\/\/elregionalvm.com.ar\/noticias-villa-maria\/wp-json\/wp\/v2\/categories?post=37824"},{"taxonomy":"post_tag","embeddable":true,"href":"https:\/\/elregionalvm.com.ar\/noticias-villa-maria\/wp-json\/wp\/v2\/tags?post=37824"}],"curies":[{"name":"wp","href":"https:\/\/api.w.org\/{rel}","templated":true}]}}