{"id":37829,"date":"2021-05-17T16:08:57","date_gmt":"2021-05-17T16:08:57","guid":{"rendered":"https:\/\/elregionalvm.com.ar\/noticias-villa-maria\/?p=37829"},"modified":"2021-05-17T16:08:58","modified_gmt":"2021-05-17T16:08:58","slug":"docente-de-la-unvm-colaboro-en-desarrollar-un-aparato-que-favorece-la-concentracion","status":"publish","type":"post","link":"https:\/\/elregionalvm.com.ar\/noticias-villa-maria\/docente-de-la-unvm-colaboro-en-desarrollar-un-aparato-que-favorece-la-concentracion\/","title":{"rendered":"Docente de la UNVM colabor\u00f3 en desarrollar un aparato que favorece la concentraci\u00f3n"},"content":{"rendered":"\n<p><\/p>\n\n\n\n<p>El docente de la carrera que el Instituto de Ciencias B\u00e1sicas y Aplicadas de la Universidad Nacional de Villa Mar\u00eda (UNVM) dicta en San Francisco, Sebasti\u00e1n Dovis junto a su equipo de trabajo colabor\u00f3 aportando desde el Dise\u00f1o industrial al desarrollo de un neuroestimulador.<\/p>\n\n\n\n<p>Se trata de una herramienta que estimula zonas del cerebro espec\u00edficas, favoreciendo la atenci\u00f3n y la concentraci\u00f3n de las personas.<\/p>\n\n\n\n<p><\/p>\n\n\n\n<figure class=\"wp-block-image size-large\"><img data-recalc-dims=\"1\" fetchpriority=\"high\" decoding=\"async\" width=\"1024\" height=\"596\" src=\"https:\/\/i0.wp.com\/elregionalvm.com.ar\/noticias-villa-maria\/wp-content\/uploads\/2021\/05\/Equipo-neuroestimulador.jpeg?resize=1024%2C596&#038;ssl=1\" alt=\"\" class=\"wp-image-37831\" srcset=\"https:\/\/i0.wp.com\/elregionalvm.com.ar\/noticias-villa-maria\/wp-content\/uploads\/2021\/05\/Equipo-neuroestimulador.jpeg?resize=1024%2C596&amp;ssl=1 1024w, https:\/\/i0.wp.com\/elregionalvm.com.ar\/noticias-villa-maria\/wp-content\/uploads\/2021\/05\/Equipo-neuroestimulador.jpeg?resize=300%2C175&amp;ssl=1 300w, https:\/\/i0.wp.com\/elregionalvm.com.ar\/noticias-villa-maria\/wp-content\/uploads\/2021\/05\/Equipo-neuroestimulador.jpeg?resize=768%2C447&amp;ssl=1 768w, https:\/\/i0.wp.com\/elregionalvm.com.ar\/noticias-villa-maria\/wp-content\/uploads\/2021\/05\/Equipo-neuroestimulador.jpeg?w=1039&amp;ssl=1 1039w\" sizes=\"(max-width: 1000px) 100vw, 1000px\" \/><figcaption><em>El equipo que desarroll\u00f3 el neuroestimulador. <\/em><\/figcaption><\/figure>\n\n\n\n<p><\/p>\n\n\n\n<p><strong>\u00bfQu\u00e9 tareas tuvieron que desarrollar ustedes?<\/strong><\/p>\n\n\n\n<p>\u201cEl equipo de Dovis&amp;Federico fue convocado por Ottaa Project para dise\u00f1ar un dispositivo neuroestimulador en un proyecto que combina neurociencia y tecnolog\u00eda. Una particularidad de este dispositivo es que su efectividad depende en gran medida de que se coloque de manera correcta porque tiene que estimular puntos espec\u00edficos del cerebro.<\/p>\n\n\n\n<p>Por eso nuestro rol como dise\u00f1adores fue importante para poner el foco en la usabilidad y la ergonom\u00eda del producto. Llevamos adelante las tareas de an\u00e1lisis, ideaci\u00f3n, prototipado y testeo para dise\u00f1ar un dispositivo que pudiera ser comprendido y utilizado de manera intuitiva, minimizando errores de uso y que su configuraci\u00f3n permitiera adaptarse ergon\u00f3micamente a las diferentes personas usuarias.<\/p>\n\n\n\n<p>Para nuestro equipo fue un proyecto muy motivador donde pudimos explotar nuestras capacidades y aprender mucho trabajando con personas expertas de \u00e1reas diversas.<\/p>\n\n\n\n<p><\/p>\n\n\n\n<figure class=\"wp-block-image size-large\"><img data-recalc-dims=\"1\" decoding=\"async\" width=\"683\" height=\"1024\" src=\"https:\/\/i0.wp.com\/elregionalvm.com.ar\/noticias-villa-maria\/wp-content\/uploads\/2021\/05\/Sebastian-Dovis.jpeg?resize=683%2C1024&#038;ssl=1\" alt=\"\" class=\"wp-image-37832\" srcset=\"https:\/\/i0.wp.com\/elregionalvm.com.ar\/noticias-villa-maria\/wp-content\/uploads\/2021\/05\/Sebastian-Dovis.jpeg?resize=683%2C1024&amp;ssl=1 683w, https:\/\/i0.wp.com\/elregionalvm.com.ar\/noticias-villa-maria\/wp-content\/uploads\/2021\/05\/Sebastian-Dovis.jpeg?resize=200%2C300&amp;ssl=1 200w, https:\/\/i0.wp.com\/elregionalvm.com.ar\/noticias-villa-maria\/wp-content\/uploads\/2021\/05\/Sebastian-Dovis.jpeg?w=730&amp;ssl=1 730w\" sizes=\"(max-width: 683px) 100vw, 683px\" \/><figcaption><em>Sebasti\u00e1n Dovis, el docente de la UNVM que forma parte del proyecto. <\/em><\/figcaption><\/figure>\n\n\n\n<p><\/p>\n\n\n\n<p><strong>\u00bfQu\u00e9 significa este avance para el paciente, c\u00f3mo repercute en su d\u00eda a d\u00eda?<\/strong><\/p>\n\n\n\n<p>\u201cEste dispositivo funciona estimulando de manera no invasiva ciertas zonas del cerebro para mejorar la atenci\u00f3n y la concentraci\u00f3n de las personas en sus actividades laborales, educativas y recreativas.<\/p>\n\n\n\n<p>En lo que respecta a nuestra intervenci\u00f3n, aplicar criterios de usabilidad permiti\u00f3 asegurar no solo la eficiencia y eficacia del producto, sino tambi\u00e9n que el producto tenga una est\u00e9tica acorde a las demandas de las personas usuarias\u201d.<\/p>\n\n\n\n<p><strong>\u00bfC\u00f3mo fue el trabajo conjunto con otras disciplinas?<\/strong><\/p>\n\n\n\n<p>\u201cEl trabajo interdisciplinario es lo que m\u00e1s disfrutamos de nuestra labor, porque siempre estamos aprendiendo cosas nuevas. Para desarrollar proyectos tan innovadores y complejos como este, es fundamental contar con el asesoramiento y la mirada de personas expertas. Por eso, nuestro equipo trabaj\u00f3 de manera colaborativa con profesionales de diferentes \u00e1reas que nos acompa\u00f1aron durante todas las etapas del proceso de dise\u00f1o del neuroestimulador\u201d.<\/p>\n\n\n\n<p><strong>\u00bfEn qu\u00e9 consiste el proceso creativo para desarrollar un producto de estas caracter\u00edsticas?<\/strong><\/p>\n\n\n\n<p>\u201cEl proceso creativo incluy\u00f3 varias etapas que tuvieron como punto de partida la observaci\u00f3n, las entrevistas y el an\u00e1lisis en conjunto con profesionales, para entender desde el comienzo los requisitos y los ejes del proyecto.<\/p>\n\n\n\n<p>En las etapas de ideaci\u00f3n usamos t\u00e9cnicas de creatividad para empezar a conceptualizar ideas posibles y evaluarlas. En estas etapas trabajamos con bocetos y modelados 3D virtuales, acompa\u00f1ados de prototipos funcionales de bajo costo, para empezar a visualizar la idea en el espacio y c\u00f3mo se relacionar\u00eda con el cuerpo.<\/p>\n\n\n\n<p>Fuimos avanzando en el proceso y las ideas se fueron puliendo, combinando y testeando, en conjunto con profesionales, hasta llegar a la propuesta que hoy podemos ver y que es el resultado de un verdadero trabajo interdisciplinario, una s\u00edntesis creativa de conocimientos y sensibilidades diversas.<\/p>\n","protected":false},"excerpt":{"rendered":"<p>El docente de la carrera que el Instituto de Ciencias B\u00e1sicas y Aplicadas de la Universidad Nacional de Villa Mar\u00eda (UNVM) dicta en San Francisco, Sebasti\u00e1n Dovis junto a su equipo de trabajo colabor\u00f3 aportando desde el Dise\u00f1o industrial al desarrollo de un neuroestimulador. Se trata de una herramienta que estimula zonas del cerebro espec\u00edficas, [&hellip;]<\/p>\n","protected":false},"author":4,"featured_media":37830,"comment_status":"open","ping_status":"open","sticky":false,"template":"","format":"standard","meta":{"site-sidebar-layout":"default","site-content-layout":"default","ast-site-content-layout":"default","site-content-style":"default","site-sidebar-style":"default","ast-global-header-display":"","ast-banner-title-visibility":"","ast-main-header-display":"","ast-hfb-above-header-display":"","ast-hfb-below-header-display":"","ast-hfb-mobile-header-display":"","site-post-title":"","ast-breadcrumbs-content":"","ast-featured-img":"","footer-sml-layout":"","ast-disable-related-posts":"","theme-transparent-header-meta":"default","adv-header-id-meta":"","stick-header-meta":"","header-above-stick-meta":"","header-main-stick-meta":"","header-below-stick-meta":"","astra-migrate-meta-layouts":"default","ast-page-background-enabled":"default","ast-page-background-meta":{"desktop":{"background-color":"","background-image":"","background-repeat":"repeat","background-position":"center center","background-size":"auto","background-attachment":"scroll","background-type":"","background-media":"","overlay-type":"","overlay-color":"","overlay-opacity":"","overlay-gradient":""},"tablet":{"background-color":"","background-image":"","background-repeat":"repeat","background-position":"center center","background-size":"auto","background-attachment":"scroll","background-type":"","background-media":"","overlay-type":"","overlay-color":"","overlay-opacity":"","overlay-gradient":""},"mobile":{"background-color":"","background-image":"","background-repeat":"repeat","background-position":"center center","background-size":"auto","background-attachment":"scroll","background-type":"","background-media":"","overlay-type":"","overlay-color":"","overlay-opacity":"","overlay-gradient":""}},"ast-content-background-meta":{"desktop":{"background-color":"var(--ast-global-color-5)","background-image":"","background-repeat":"repeat","background-position":"center center","background-size":"auto","background-attachment":"scroll","background-type":"","background-media":"","overlay-type":"","overlay-color":"","overlay-opacity":"","overlay-gradient":""},"tablet":{"background-color":"var(--ast-global-color-5)","background-image":"","background-repeat":"repeat","background-position":"center center","background-size":"auto","background-attachment":"scroll","background-type":"","background-media":"","overlay-type":"","overlay-color":"","overlay-opacity":"","overlay-gradient":""},"mobile":{"background-color":"var(--ast-global-color-5)","background-image":"","background-repeat":"repeat","background-position":"center center","background-size":"auto","background-attachment":"scroll","background-type":"","background-media":"","overlay-type":"","overlay-color":"","overlay-opacity":"","overlay-gradient":""}},"_jetpack_memberships_contains_paid_content":false,"_joinchat":[],"footnotes":""},"categories":[5,2],"tags":[9008,9009,1232,2900,2259,9007,459],"class_list":["post-37829","post","type-post","status-publish","format-standard","has-post-thumbnail","hentry","category-sociedad","category-villa-maria","tag-cerebro","tag-concentracion","tag-destacado","tag-diseno-industrial","tag-docente","tag-neuroestimulador","tag-unvm"],"yoast_head":"<!-- This site is optimized with the Yoast SEO plugin v26.8 - https:\/\/yoast.com\/product\/yoast-seo-wordpress\/ -->\n<title>Docente de la UNVM colabor\u00f3 en desarrollar un aparato que favorece la concentraci\u00f3n - El Regional<\/title>\n<meta name=\"description\" content=\"Se trata de una herramienta que estimula zonas del cerebro espec\u00edficas, favoreciendo la atenci\u00f3n y la concentraci\u00f3n de las personas.\" \/>\n<meta name=\"robots\" content=\"index, follow, max-snippet:-1, max-image-preview:large, max-video-preview:-1\" \/>\n<link rel=\"canonical\" href=\"http:\/\/elregionalvm.com.ar\/noticias-villa-maria\/docente-de-la-unvm-colaboro-en-desarrollar-un-aparato-que-favorece-la-concentracion\/\" \/>\n<meta property=\"og:locale\" content=\"es_ES\" \/>\n<meta property=\"og:type\" content=\"article\" \/>\n<meta property=\"og:title\" content=\"Docente de la UNVM colabor\u00f3 en desarrollar un aparato que favorece la concentraci\u00f3n - El Regional\" \/>\n<meta property=\"og:description\" content=\"Se trata de una herramienta que estimula zonas del cerebro espec\u00edficas, favoreciendo la atenci\u00f3n y la concentraci\u00f3n de las personas.\" \/>\n<meta property=\"og:url\" content=\"http:\/\/elregionalvm.com.ar\/noticias-villa-maria\/docente-de-la-unvm-colaboro-en-desarrollar-un-aparato-que-favorece-la-concentracion\/\" \/>\n<meta property=\"og:site_name\" content=\"El Regional\" \/>\n<meta property=\"article:publisher\" content=\"https:\/\/www.facebook.com\/elregionalvm\" \/>\n<meta property=\"article:published_time\" content=\"2021-05-17T16:08:57+00:00\" \/>\n<meta property=\"article:modified_time\" content=\"2021-05-17T16:08:58+00:00\" \/>\n<meta property=\"og:image\" content=\"http:\/\/elregionalvm.com.ar\/noticias-villa-maria\/wp-content\/uploads\/2021\/05\/Neuroestimulador1.jpg\" \/>\n\t<meta property=\"og:image:width\" content=\"944\" \/>\n\t<meta property=\"og:image:height\" content=\"693\" \/>\n\t<meta property=\"og:image:type\" content=\"image\/jpeg\" \/>\n<meta name=\"author\" content=\"Contenidos El Regional\" \/>\n<meta name=\"twitter:card\" content=\"summary_large_image\" \/>\n<meta name=\"twitter:creator\" content=\"@elregionalvm1\" \/>\n<meta name=\"twitter:site\" content=\"@elregionalvm1\" \/>\n<meta name=\"twitter:label1\" content=\"Escrito por\" \/>\n\t<meta name=\"twitter:data1\" content=\"Contenidos El Regional\" \/>\n\t<meta name=\"twitter:label2\" content=\"Tiempo de lectura\" \/>\n\t<meta name=\"twitter:data2\" content=\"3 minutos\" \/>\n<script type=\"application\/ld+json\" class=\"yoast-schema-graph\">{\"@context\":\"https:\/\/schema.org\",\"@graph\":[{\"@type\":\"Article\",\"@id\":\"http:\/\/elregionalvm.com.ar\/noticias-villa-maria\/docente-de-la-unvm-colaboro-en-desarrollar-un-aparato-que-favorece-la-concentracion\/#article\",\"isPartOf\":{\"@id\":\"http:\/\/elregionalvm.com.ar\/noticias-villa-maria\/docente-de-la-unvm-colaboro-en-desarrollar-un-aparato-que-favorece-la-concentracion\/\"},\"author\":{\"name\":\"Contenidos El Regional\",\"@id\":\"http:\/\/elregionalvm.com.ar\/noticias-villa-maria\/#\/schema\/person\/a0fb9c422317faca23d50163151bc354\"},\"headline\":\"Docente de la UNVM colabor\u00f3 en desarrollar un aparato que favorece la concentraci\u00f3n\",\"datePublished\":\"2021-05-17T16:08:57+00:00\",\"dateModified\":\"2021-05-17T16:08:58+00:00\",\"mainEntityOfPage\":{\"@id\":\"http:\/\/elregionalvm.com.ar\/noticias-villa-maria\/docente-de-la-unvm-colaboro-en-desarrollar-un-aparato-que-favorece-la-concentracion\/\"},\"wordCount\":570,\"commentCount\":0,\"image\":{\"@id\":\"http:\/\/elregionalvm.com.ar\/noticias-villa-maria\/docente-de-la-unvm-colaboro-en-desarrollar-un-aparato-que-favorece-la-concentracion\/#primaryimage\"},\"thumbnailUrl\":\"https:\/\/i0.wp.com\/elregionalvm.com.ar\/noticias-villa-maria\/wp-content\/uploads\/2021\/05\/Neuroestimulador1.jpg?fit=944%2C693&ssl=1\",\"keywords\":[\"Cerebro\",\"concentraci\u00f3n\",\"destacado\",\"Dise\u00f1o Industrial\",\"docente\",\"neuroestimulador\",\"UNVM\"],\"articleSection\":[\"Sociedad\",\"Villa Mar\u00eda\"],\"inLanguage\":\"es\",\"potentialAction\":[{\"@type\":\"CommentAction\",\"name\":\"Comment\",\"target\":[\"http:\/\/elregionalvm.com.ar\/noticias-villa-maria\/docente-de-la-unvm-colaboro-en-desarrollar-un-aparato-que-favorece-la-concentracion\/#respond\"]}]},{\"@type\":\"WebPage\",\"@id\":\"http:\/\/elregionalvm.com.ar\/noticias-villa-maria\/docente-de-la-unvm-colaboro-en-desarrollar-un-aparato-que-favorece-la-concentracion\/\",\"url\":\"http:\/\/elregionalvm.com.ar\/noticias-villa-maria\/docente-de-la-unvm-colaboro-en-desarrollar-un-aparato-que-favorece-la-concentracion\/\",\"name\":\"Docente de la UNVM colabor\u00f3 en desarrollar un aparato que favorece la concentraci\u00f3n - El Regional\",\"isPartOf\":{\"@id\":\"http:\/\/elregionalvm.com.ar\/noticias-villa-maria\/#website\"},\"primaryImageOfPage\":{\"@id\":\"http:\/\/elregionalvm.com.ar\/noticias-villa-maria\/docente-de-la-unvm-colaboro-en-desarrollar-un-aparato-que-favorece-la-concentracion\/#primaryimage\"},\"image\":{\"@id\":\"http:\/\/elregionalvm.com.ar\/noticias-villa-maria\/docente-de-la-unvm-colaboro-en-desarrollar-un-aparato-que-favorece-la-concentracion\/#primaryimage\"},\"thumbnailUrl\":\"https:\/\/i0.wp.com\/elregionalvm.com.ar\/noticias-villa-maria\/wp-content\/uploads\/2021\/05\/Neuroestimulador1.jpg?fit=944%2C693&ssl=1\",\"datePublished\":\"2021-05-17T16:08:57+00:00\",\"dateModified\":\"2021-05-17T16:08:58+00:00\",\"author\":{\"@id\":\"http:\/\/elregionalvm.com.ar\/noticias-villa-maria\/#\/schema\/person\/a0fb9c422317faca23d50163151bc354\"},\"description\":\"Se trata de una herramienta que estimula zonas del cerebro espec\u00edficas, favoreciendo la atenci\u00f3n y la concentraci\u00f3n de las personas.\",\"breadcrumb\":{\"@id\":\"http:\/\/elregionalvm.com.ar\/noticias-villa-maria\/docente-de-la-unvm-colaboro-en-desarrollar-un-aparato-que-favorece-la-concentracion\/#breadcrumb\"},\"inLanguage\":\"es\",\"potentialAction\":[{\"@type\":\"ReadAction\",\"target\":[\"http:\/\/elregionalvm.com.ar\/noticias-villa-maria\/docente-de-la-unvm-colaboro-en-desarrollar-un-aparato-que-favorece-la-concentracion\/\"]}]},{\"@type\":\"ImageObject\",\"inLanguage\":\"es\",\"@id\":\"http:\/\/elregionalvm.com.ar\/noticias-villa-maria\/docente-de-la-unvm-colaboro-en-desarrollar-un-aparato-que-favorece-la-concentracion\/#primaryimage\",\"url\":\"https:\/\/i0.wp.com\/elregionalvm.com.ar\/noticias-villa-maria\/wp-content\/uploads\/2021\/05\/Neuroestimulador1.jpg?fit=944%2C693&ssl=1\",\"contentUrl\":\"https:\/\/i0.wp.com\/elregionalvm.com.ar\/noticias-villa-maria\/wp-content\/uploads\/2021\/05\/Neuroestimulador1.jpg?fit=944%2C693&ssl=1\",\"width\":944,\"height\":693},{\"@type\":\"BreadcrumbList\",\"@id\":\"http:\/\/elregionalvm.com.ar\/noticias-villa-maria\/docente-de-la-unvm-colaboro-en-desarrollar-un-aparato-que-favorece-la-concentracion\/#breadcrumb\",\"itemListElement\":[{\"@type\":\"ListItem\",\"position\":1,\"name\":\"Portada\",\"item\":\"https:\/\/elregionalvm.com.ar\/noticias-villa-maria\/\"},{\"@type\":\"ListItem\",\"position\":2,\"name\":\"Docente de la UNVM colabor\u00f3 en desarrollar un aparato que favorece la concentraci\u00f3n\"}]},{\"@type\":\"WebSite\",\"@id\":\"http:\/\/elregionalvm.com.ar\/noticias-villa-maria\/#website\",\"url\":\"http:\/\/elregionalvm.com.ar\/noticias-villa-maria\/\",\"name\":\"El Regional\",\"description\":\"Mucho m\u00e1s que informaci\u00f3n\",\"potentialAction\":[{\"@type\":\"SearchAction\",\"target\":{\"@type\":\"EntryPoint\",\"urlTemplate\":\"http:\/\/elregionalvm.com.ar\/noticias-villa-maria\/?s={search_term_string}\"},\"query-input\":{\"@type\":\"PropertyValueSpecification\",\"valueRequired\":true,\"valueName\":\"search_term_string\"}}],\"inLanguage\":\"es\"},{\"@type\":\"Person\",\"@id\":\"http:\/\/elregionalvm.com.ar\/noticias-villa-maria\/#\/schema\/person\/a0fb9c422317faca23d50163151bc354\",\"name\":\"Contenidos El Regional\",\"image\":{\"@type\":\"ImageObject\",\"inLanguage\":\"es\",\"@id\":\"http:\/\/elregionalvm.com.ar\/noticias-villa-maria\/#\/schema\/person\/image\/\",\"url\":\"https:\/\/secure.gravatar.com\/avatar\/265b27cb2209af7bb3a1318f03305787d7981a5cc6e6cd08fe5a4ecdf99d4b48?s=96&d=mm&r=g\",\"contentUrl\":\"https:\/\/secure.gravatar.com\/avatar\/265b27cb2209af7bb3a1318f03305787d7981a5cc6e6cd08fe5a4ecdf99d4b48?s=96&d=mm&r=g\",\"caption\":\"Contenidos El Regional\"},\"url\":\"https:\/\/elregionalvm.com.ar\/noticias-villa-maria\/author\/contenido\/\"}]}<\/script>\n<!-- \/ Yoast SEO plugin. -->","yoast_head_json":{"title":"Docente de la UNVM colabor\u00f3 en desarrollar un aparato que favorece la concentraci\u00f3n - El Regional","description":"Se trata de una herramienta que estimula zonas del cerebro espec\u00edficas, favoreciendo la atenci\u00f3n y la concentraci\u00f3n de las personas.","robots":{"index":"index","follow":"follow","max-snippet":"max-snippet:-1","max-image-preview":"max-image-preview:large","max-video-preview":"max-video-preview:-1"},"canonical":"http:\/\/elregionalvm.com.ar\/noticias-villa-maria\/docente-de-la-unvm-colaboro-en-desarrollar-un-aparato-que-favorece-la-concentracion\/","og_locale":"es_ES","og_type":"article","og_title":"Docente de la UNVM colabor\u00f3 en desarrollar un aparato que favorece la concentraci\u00f3n - El Regional","og_description":"Se trata de una herramienta que estimula zonas del cerebro espec\u00edficas, favoreciendo la atenci\u00f3n y la concentraci\u00f3n de las personas.","og_url":"http:\/\/elregionalvm.com.ar\/noticias-villa-maria\/docente-de-la-unvm-colaboro-en-desarrollar-un-aparato-que-favorece-la-concentracion\/","og_site_name":"El Regional","article_publisher":"https:\/\/www.facebook.com\/elregionalvm","article_published_time":"2021-05-17T16:08:57+00:00","article_modified_time":"2021-05-17T16:08:58+00:00","og_image":[{"width":944,"height":693,"url":"http:\/\/elregionalvm.com.ar\/noticias-villa-maria\/wp-content\/uploads\/2021\/05\/Neuroestimulador1.jpg","type":"image\/jpeg"}],"author":"Contenidos El Regional","twitter_card":"summary_large_image","twitter_creator":"@elregionalvm1","twitter_site":"@elregionalvm1","twitter_misc":{"Escrito por":"Contenidos El Regional","Tiempo de lectura":"3 minutos"},"schema":{"@context":"https:\/\/schema.org","@graph":[{"@type":"Article","@id":"http:\/\/elregionalvm.com.ar\/noticias-villa-maria\/docente-de-la-unvm-colaboro-en-desarrollar-un-aparato-que-favorece-la-concentracion\/#article","isPartOf":{"@id":"http:\/\/elregionalvm.com.ar\/noticias-villa-maria\/docente-de-la-unvm-colaboro-en-desarrollar-un-aparato-que-favorece-la-concentracion\/"},"author":{"name":"Contenidos El Regional","@id":"http:\/\/elregionalvm.com.ar\/noticias-villa-maria\/#\/schema\/person\/a0fb9c422317faca23d50163151bc354"},"headline":"Docente de la UNVM colabor\u00f3 en desarrollar un aparato que favorece la concentraci\u00f3n","datePublished":"2021-05-17T16:08:57+00:00","dateModified":"2021-05-17T16:08:58+00:00","mainEntityOfPage":{"@id":"http:\/\/elregionalvm.com.ar\/noticias-villa-maria\/docente-de-la-unvm-colaboro-en-desarrollar-un-aparato-que-favorece-la-concentracion\/"},"wordCount":570,"commentCount":0,"image":{"@id":"http:\/\/elregionalvm.com.ar\/noticias-villa-maria\/docente-de-la-unvm-colaboro-en-desarrollar-un-aparato-que-favorece-la-concentracion\/#primaryimage"},"thumbnailUrl":"https:\/\/i0.wp.com\/elregionalvm.com.ar\/noticias-villa-maria\/wp-content\/uploads\/2021\/05\/Neuroestimulador1.jpg?fit=944%2C693&ssl=1","keywords":["Cerebro","concentraci\u00f3n","destacado","Dise\u00f1o Industrial","docente","neuroestimulador","UNVM"],"articleSection":["Sociedad","Villa Mar\u00eda"],"inLanguage":"es","potentialAction":[{"@type":"CommentAction","name":"Comment","target":["http:\/\/elregionalvm.com.ar\/noticias-villa-maria\/docente-de-la-unvm-colaboro-en-desarrollar-un-aparato-que-favorece-la-concentracion\/#respond"]}]},{"@type":"WebPage","@id":"http:\/\/elregionalvm.com.ar\/noticias-villa-maria\/docente-de-la-unvm-colaboro-en-desarrollar-un-aparato-que-favorece-la-concentracion\/","url":"http:\/\/elregionalvm.com.ar\/noticias-villa-maria\/docente-de-la-unvm-colaboro-en-desarrollar-un-aparato-que-favorece-la-concentracion\/","name":"Docente de la UNVM colabor\u00f3 en desarrollar un aparato que favorece la concentraci\u00f3n - El Regional","isPartOf":{"@id":"http:\/\/elregionalvm.com.ar\/noticias-villa-maria\/#website"},"primaryImageOfPage":{"@id":"http:\/\/elregionalvm.com.ar\/noticias-villa-maria\/docente-de-la-unvm-colaboro-en-desarrollar-un-aparato-que-favorece-la-concentracion\/#primaryimage"},"image":{"@id":"http:\/\/elregionalvm.com.ar\/noticias-villa-maria\/docente-de-la-unvm-colaboro-en-desarrollar-un-aparato-que-favorece-la-concentracion\/#primaryimage"},"thumbnailUrl":"https:\/\/i0.wp.com\/elregionalvm.com.ar\/noticias-villa-maria\/wp-content\/uploads\/2021\/05\/Neuroestimulador1.jpg?fit=944%2C693&ssl=1","datePublished":"2021-05-17T16:08:57+00:00","dateModified":"2021-05-17T16:08:58+00:00","author":{"@id":"http:\/\/elregionalvm.com.ar\/noticias-villa-maria\/#\/schema\/person\/a0fb9c422317faca23d50163151bc354"},"description":"Se trata de una herramienta que estimula zonas del cerebro espec\u00edficas, favoreciendo la atenci\u00f3n y la concentraci\u00f3n de las personas.","breadcrumb":{"@id":"http:\/\/elregionalvm.com.ar\/noticias-villa-maria\/docente-de-la-unvm-colaboro-en-desarrollar-un-aparato-que-favorece-la-concentracion\/#breadcrumb"},"inLanguage":"es","potentialAction":[{"@type":"ReadAction","target":["http:\/\/elregionalvm.com.ar\/noticias-villa-maria\/docente-de-la-unvm-colaboro-en-desarrollar-un-aparato-que-favorece-la-concentracion\/"]}]},{"@type":"ImageObject","inLanguage":"es","@id":"http:\/\/elregionalvm.com.ar\/noticias-villa-maria\/docente-de-la-unvm-colaboro-en-desarrollar-un-aparato-que-favorece-la-concentracion\/#primaryimage","url":"https:\/\/i0.wp.com\/elregionalvm.com.ar\/noticias-villa-maria\/wp-content\/uploads\/2021\/05\/Neuroestimulador1.jpg?fit=944%2C693&ssl=1","contentUrl":"https:\/\/i0.wp.com\/elregionalvm.com.ar\/noticias-villa-maria\/wp-content\/uploads\/2021\/05\/Neuroestimulador1.jpg?fit=944%2C693&ssl=1","width":944,"height":693},{"@type":"BreadcrumbList","@id":"http:\/\/elregionalvm.com.ar\/noticias-villa-maria\/docente-de-la-unvm-colaboro-en-desarrollar-un-aparato-que-favorece-la-concentracion\/#breadcrumb","itemListElement":[{"@type":"ListItem","position":1,"name":"Portada","item":"https:\/\/elregionalvm.com.ar\/noticias-villa-maria\/"},{"@type":"ListItem","position":2,"name":"Docente de la UNVM colabor\u00f3 en desarrollar un aparato que favorece la concentraci\u00f3n"}]},{"@type":"WebSite","@id":"http:\/\/elregionalvm.com.ar\/noticias-villa-maria\/#website","url":"http:\/\/elregionalvm.com.ar\/noticias-villa-maria\/","name":"El Regional","description":"Mucho m\u00e1s que informaci\u00f3n","potentialAction":[{"@type":"SearchAction","target":{"@type":"EntryPoint","urlTemplate":"http:\/\/elregionalvm.com.ar\/noticias-villa-maria\/?s={search_term_string}"},"query-input":{"@type":"PropertyValueSpecification","valueRequired":true,"valueName":"search_term_string"}}],"inLanguage":"es"},{"@type":"Person","@id":"http:\/\/elregionalvm.com.ar\/noticias-villa-maria\/#\/schema\/person\/a0fb9c422317faca23d50163151bc354","name":"Contenidos El Regional","image":{"@type":"ImageObject","inLanguage":"es","@id":"http:\/\/elregionalvm.com.ar\/noticias-villa-maria\/#\/schema\/person\/image\/","url":"https:\/\/secure.gravatar.com\/avatar\/265b27cb2209af7bb3a1318f03305787d7981a5cc6e6cd08fe5a4ecdf99d4b48?s=96&d=mm&r=g","contentUrl":"https:\/\/secure.gravatar.com\/avatar\/265b27cb2209af7bb3a1318f03305787d7981a5cc6e6cd08fe5a4ecdf99d4b48?s=96&d=mm&r=g","caption":"Contenidos El Regional"},"url":"https:\/\/elregionalvm.com.ar\/noticias-villa-maria\/author\/contenido\/"}]}},"jetpack_featured_media_url":"https:\/\/i0.wp.com\/elregionalvm.com.ar\/noticias-villa-maria\/wp-content\/uploads\/2021\/05\/Neuroestimulador1.jpg?fit=944%2C693&ssl=1","jetpack_sharing_enabled":true,"_links":{"self":[{"href":"https:\/\/elregionalvm.com.ar\/noticias-villa-maria\/wp-json\/wp\/v2\/posts\/37829","targetHints":{"allow":["GET"]}}],"collection":[{"href":"https:\/\/elregionalvm.com.ar\/noticias-villa-maria\/wp-json\/wp\/v2\/posts"}],"about":[{"href":"https:\/\/elregionalvm.com.ar\/noticias-villa-maria\/wp-json\/wp\/v2\/types\/post"}],"author":[{"embeddable":true,"href":"https:\/\/elregionalvm.com.ar\/noticias-villa-maria\/wp-json\/wp\/v2\/users\/4"}],"replies":[{"embeddable":true,"href":"https:\/\/elregionalvm.com.ar\/noticias-villa-maria\/wp-json\/wp\/v2\/comments?post=37829"}],"version-history":[{"count":1,"href":"https:\/\/elregionalvm.com.ar\/noticias-villa-maria\/wp-json\/wp\/v2\/posts\/37829\/revisions"}],"predecessor-version":[{"id":37833,"href":"https:\/\/elregionalvm.com.ar\/noticias-villa-maria\/wp-json\/wp\/v2\/posts\/37829\/revisions\/37833"}],"wp:featuredmedia":[{"embeddable":true,"href":"https:\/\/elregionalvm.com.ar\/noticias-villa-maria\/wp-json\/wp\/v2\/media\/37830"}],"wp:attachment":[{"href":"https:\/\/elregionalvm.com.ar\/noticias-villa-maria\/wp-json\/wp\/v2\/media?parent=37829"}],"wp:term":[{"taxonomy":"category","embeddable":true,"href":"https:\/\/elregionalvm.com.ar\/noticias-villa-maria\/wp-json\/wp\/v2\/categories?post=37829"},{"taxonomy":"post_tag","embeddable":true,"href":"https:\/\/elregionalvm.com.ar\/noticias-villa-maria\/wp-json\/wp\/v2\/tags?post=37829"}],"curies":[{"name":"wp","href":"https:\/\/api.w.org\/{rel}","templated":true}]}}