{"id":37834,"date":"2021-05-17T16:18:18","date_gmt":"2021-05-17T16:18:18","guid":{"rendered":"https:\/\/elregionalvm.com.ar\/noticias-villa-maria\/?p=37834"},"modified":"2021-05-18T03:04:45","modified_gmt":"2021-05-18T03:04:45","slug":"robaron-mercaderias-y-un-televisor-pero-fueron-atrapados","status":"publish","type":"post","link":"https:\/\/elregionalvm.com.ar\/noticias-villa-maria\/robaron-mercaderias-y-un-televisor-pero-fueron-atrapados\/","title":{"rendered":"Robaron mercader\u00edas y un televisor, pero fueron atrapados"},"content":{"rendered":"\n<p>Dos j\u00f3venes de 21 a\u00f1os, domiciliados en Villa Mar\u00eda, fueron detenidos por personal policial en la ma\u00f1ana de este lunes 17 de mayo.<\/p>\n\n\n\n<p>Uno est\u00e1 acusado de ser presunto autor de robo y el otro, por encubrimiento, luego de que sustrajeran mercader\u00edas y un televisor de 32 pulgadas de una rotiser\u00eda ubicada en Barrio Los Olmos.<\/p>\n\n\n\n<p><\/p>\n\n\n\n<figure class=\"wp-block-image size-large\"><img data-recalc-dims=\"1\" fetchpriority=\"high\" decoding=\"async\" width=\"767\" height=\"1024\" src=\"https:\/\/i0.wp.com\/elregionalvm.com.ar\/noticias-villa-maria\/wp-content\/uploads\/2021\/05\/WhatsApp-Image-2021-05-17-at-1.03.32-PM.jpeg?resize=767%2C1024&#038;ssl=1\" alt=\"\" class=\"wp-image-37836\" srcset=\"https:\/\/i0.wp.com\/elregionalvm.com.ar\/noticias-villa-maria\/wp-content\/uploads\/2021\/05\/WhatsApp-Image-2021-05-17-at-1.03.32-PM.jpeg?resize=767%2C1024&amp;ssl=1 767w, https:\/\/i0.wp.com\/elregionalvm.com.ar\/noticias-villa-maria\/wp-content\/uploads\/2021\/05\/WhatsApp-Image-2021-05-17-at-1.03.32-PM.jpeg?resize=225%2C300&amp;ssl=1 225w, https:\/\/i0.wp.com\/elregionalvm.com.ar\/noticias-villa-maria\/wp-content\/uploads\/2021\/05\/WhatsApp-Image-2021-05-17-at-1.03.32-PM.jpeg?resize=768%2C1025&amp;ssl=1 768w, https:\/\/i0.wp.com\/elregionalvm.com.ar\/noticias-villa-maria\/wp-content\/uploads\/2021\/05\/WhatsApp-Image-2021-05-17-at-1.03.32-PM.jpeg?w=959&amp;ssl=1 959w\" sizes=\"(max-width: 767px) 100vw, 767px\" \/><\/figure>\n\n\n\n<p><\/p>\n\n\n\n<p>La aprehensi\u00f3n por parte de la Patrulla Preventiva se logr\u00f3 luego de utilizar el sistema de videovigilancia de la central de monitoreo.<\/p>\n\n\n\n<p>Interviene la Fiscal\u00eda de Segundo Turno a cargo a Juliana Companys.<\/p>\n","protected":false},"excerpt":{"rendered":"<p>Dos j\u00f3venes de 21 a\u00f1os, domiciliados en Villa Mar\u00eda, fueron detenidos por personal policial en la ma\u00f1ana de este lunes 17 de mayo. Uno est\u00e1 acusado de ser presunto autor de robo y el otro, por encubrimiento, luego de que sustrajeran mercader\u00edas y un televisor de 32 pulgadas de una rotiser\u00eda ubicada en Barrio Los [&hellip;]<\/p>\n","protected":false},"author":4,"featured_media":37835,"comment_status":"open","ping_status":"open","sticky":false,"template":"","format":"standard","meta":{"site-sidebar-layout":"default","site-content-layout":"default","ast-site-content-layout":"default","site-content-style":"default","site-sidebar-style":"default","ast-global-header-display":"","ast-banner-title-visibility":"","ast-main-header-display":"","ast-hfb-above-header-display":"","ast-hfb-below-header-display":"","ast-hfb-mobile-header-display":"","site-post-title":"","ast-breadcrumbs-content":"","ast-featured-img":"","footer-sml-layout":"","ast-disable-related-posts":"","theme-transparent-header-meta":"default","adv-header-id-meta":"","stick-header-meta":"","header-above-stick-meta":"","header-main-stick-meta":"","header-below-stick-meta":"","astra-migrate-meta-layouts":"default","ast-page-background-enabled":"default","ast-page-background-meta":{"desktop":{"background-color":"","background-image":"","background-repeat":"repeat","background-position":"center center","background-size":"auto","background-attachment":"scroll","background-type":"","background-media":"","overlay-type":"","overlay-color":"","overlay-opacity":"","overlay-gradient":""},"tablet":{"background-color":"","background-image":"","background-repeat":"repeat","background-position":"center center","background-size":"auto","background-attachment":"scroll","background-type":"","background-media":"","overlay-type":"","overlay-color":"","overlay-opacity":"","overlay-gradient":""},"mobile":{"background-color":"","background-image":"","background-repeat":"repeat","background-position":"center center","background-size":"auto","background-attachment":"scroll","background-type":"","background-media":"","overlay-type":"","overlay-color":"","overlay-opacity":"","overlay-gradient":""}},"ast-content-background-meta":{"desktop":{"background-color":"var(--ast-global-color-5)","background-image":"","background-repeat":"repeat","background-position":"center center","background-size":"auto","background-attachment":"scroll","background-type":"","background-media":"","overlay-type":"","overlay-color":"","overlay-opacity":"","overlay-gradient":""},"tablet":{"background-color":"var(--ast-global-color-5)","background-image":"","background-repeat":"repeat","background-position":"center center","background-size":"auto","background-attachment":"scroll","background-type":"","background-media":"","overlay-type":"","overlay-color":"","overlay-opacity":"","overlay-gradient":""},"mobile":{"background-color":"var(--ast-global-color-5)","background-image":"","background-repeat":"repeat","background-position":"center center","background-size":"auto","background-attachment":"scroll","background-type":"","background-media":"","overlay-type":"","overlay-color":"","overlay-opacity":"","overlay-gradient":""}},"_jetpack_memberships_contains_paid_content":false,"_joinchat":[],"footnotes":""},"categories":[2234,2],"tags":[3144,4212,741,1160],"class_list":["post-37834","post","type-post","status-publish","format-standard","has-post-thumbnail","hentry","category-policiales","category-villa-maria","tag-barrio-los-olmos","tag-jovenes-detenidos","tag-policiales","tag-robo"],"yoast_head":"<!-- This site is optimized with the Yoast SEO plugin v26.8 - https:\/\/yoast.com\/product\/yoast-seo-wordpress\/ -->\n<title>Robaron mercader\u00edas y un televisor, pero fueron atrapados - El Regional<\/title>\n<meta name=\"description\" content=\"Dos j\u00f3venes de 21 a\u00f1os, domiciliados en Villa Mar\u00eda, fueron detenidos por personal policial en la ma\u00f1ana de este lunes 17 de mayo.\" \/>\n<meta name=\"robots\" content=\"index, follow, max-snippet:-1, max-image-preview:large, max-video-preview:-1\" \/>\n<link rel=\"canonical\" href=\"http:\/\/elregionalvm.com.ar\/noticias-villa-maria\/robaron-mercaderias-y-un-televisor-pero-fueron-atrapados\/\" \/>\n<meta property=\"og:locale\" content=\"es_ES\" \/>\n<meta property=\"og:type\" content=\"article\" \/>\n<meta property=\"og:title\" content=\"Robaron mercader\u00edas y un televisor, pero fueron atrapados - El Regional\" \/>\n<meta property=\"og:description\" content=\"Dos j\u00f3venes de 21 a\u00f1os, domiciliados en Villa Mar\u00eda, fueron detenidos por personal policial en la ma\u00f1ana de este lunes 17 de mayo.\" \/>\n<meta property=\"og:url\" content=\"http:\/\/elregionalvm.com.ar\/noticias-villa-maria\/robaron-mercaderias-y-un-televisor-pero-fueron-atrapados\/\" \/>\n<meta property=\"og:site_name\" content=\"El Regional\" \/>\n<meta property=\"article:publisher\" content=\"https:\/\/www.facebook.com\/elregionalvm\" \/>\n<meta property=\"article:published_time\" content=\"2021-05-17T16:18:18+00:00\" \/>\n<meta property=\"article:modified_time\" content=\"2021-05-18T03:04:45+00:00\" \/>\n<meta property=\"og:image\" content=\"http:\/\/elregionalvm.com.ar\/noticias-villa-maria\/wp-content\/uploads\/2021\/05\/Joven-detenido-policia.jpeg\" \/>\n\t<meta property=\"og:image:width\" content=\"1100\" \/>\n\t<meta property=\"og:image:height\" content=\"824\" \/>\n\t<meta property=\"og:image:type\" content=\"image\/jpeg\" \/>\n<meta name=\"author\" content=\"Contenidos El Regional\" \/>\n<meta name=\"twitter:card\" content=\"summary_large_image\" \/>\n<meta name=\"twitter:creator\" content=\"@elregionalvm1\" \/>\n<meta name=\"twitter:site\" content=\"@elregionalvm1\" \/>\n<meta name=\"twitter:label1\" content=\"Escrito por\" \/>\n\t<meta name=\"twitter:data1\" content=\"Contenidos El Regional\" \/>\n\t<meta name=\"twitter:label2\" content=\"Tiempo de lectura\" \/>\n\t<meta name=\"twitter:data2\" content=\"1 minuto\" \/>\n<script type=\"application\/ld+json\" class=\"yoast-schema-graph\">{\"@context\":\"https:\/\/schema.org\",\"@graph\":[{\"@type\":\"Article\",\"@id\":\"http:\/\/elregionalvm.com.ar\/noticias-villa-maria\/robaron-mercaderias-y-un-televisor-pero-fueron-atrapados\/#article\",\"isPartOf\":{\"@id\":\"http:\/\/elregionalvm.com.ar\/noticias-villa-maria\/robaron-mercaderias-y-un-televisor-pero-fueron-atrapados\/\"},\"author\":{\"name\":\"Contenidos El Regional\",\"@id\":\"http:\/\/elregionalvm.com.ar\/noticias-villa-maria\/#\/schema\/person\/a0fb9c422317faca23d50163151bc354\"},\"headline\":\"Robaron mercader\u00edas y un televisor, pero fueron atrapados\",\"datePublished\":\"2021-05-17T16:18:18+00:00\",\"dateModified\":\"2021-05-18T03:04:45+00:00\",\"mainEntityOfPage\":{\"@id\":\"http:\/\/elregionalvm.com.ar\/noticias-villa-maria\/robaron-mercaderias-y-un-televisor-pero-fueron-atrapados\/\"},\"wordCount\":103,\"commentCount\":0,\"image\":{\"@id\":\"http:\/\/elregionalvm.com.ar\/noticias-villa-maria\/robaron-mercaderias-y-un-televisor-pero-fueron-atrapados\/#primaryimage\"},\"thumbnailUrl\":\"https:\/\/i0.wp.com\/elregionalvm.com.ar\/noticias-villa-maria\/wp-content\/uploads\/2021\/05\/Joven-detenido-policia.jpeg?fit=1100%2C824&ssl=1\",\"keywords\":[\"Barrio Los Olmos\",\"J\u00f3venes detenidos\",\"Policiales\",\"Robo\"],\"articleSection\":[\"Policiales\",\"Villa Mar\u00eda\"],\"inLanguage\":\"es\",\"potentialAction\":[{\"@type\":\"CommentAction\",\"name\":\"Comment\",\"target\":[\"http:\/\/elregionalvm.com.ar\/noticias-villa-maria\/robaron-mercaderias-y-un-televisor-pero-fueron-atrapados\/#respond\"]}]},{\"@type\":\"WebPage\",\"@id\":\"http:\/\/elregionalvm.com.ar\/noticias-villa-maria\/robaron-mercaderias-y-un-televisor-pero-fueron-atrapados\/\",\"url\":\"http:\/\/elregionalvm.com.ar\/noticias-villa-maria\/robaron-mercaderias-y-un-televisor-pero-fueron-atrapados\/\",\"name\":\"Robaron mercader\u00edas y un televisor, pero fueron atrapados - El Regional\",\"isPartOf\":{\"@id\":\"http:\/\/elregionalvm.com.ar\/noticias-villa-maria\/#website\"},\"primaryImageOfPage\":{\"@id\":\"http:\/\/elregionalvm.com.ar\/noticias-villa-maria\/robaron-mercaderias-y-un-televisor-pero-fueron-atrapados\/#primaryimage\"},\"image\":{\"@id\":\"http:\/\/elregionalvm.com.ar\/noticias-villa-maria\/robaron-mercaderias-y-un-televisor-pero-fueron-atrapados\/#primaryimage\"},\"thumbnailUrl\":\"https:\/\/i0.wp.com\/elregionalvm.com.ar\/noticias-villa-maria\/wp-content\/uploads\/2021\/05\/Joven-detenido-policia.jpeg?fit=1100%2C824&ssl=1\",\"datePublished\":\"2021-05-17T16:18:18+00:00\",\"dateModified\":\"2021-05-18T03:04:45+00:00\",\"author\":{\"@id\":\"http:\/\/elregionalvm.com.ar\/noticias-villa-maria\/#\/schema\/person\/a0fb9c422317faca23d50163151bc354\"},\"description\":\"Dos j\u00f3venes de 21 a\u00f1os, domiciliados en Villa Mar\u00eda, fueron detenidos por personal policial en la ma\u00f1ana de este lunes 17 de mayo.\",\"breadcrumb\":{\"@id\":\"http:\/\/elregionalvm.com.ar\/noticias-villa-maria\/robaron-mercaderias-y-un-televisor-pero-fueron-atrapados\/#breadcrumb\"},\"inLanguage\":\"es\",\"potentialAction\":[{\"@type\":\"ReadAction\",\"target\":[\"http:\/\/elregionalvm.com.ar\/noticias-villa-maria\/robaron-mercaderias-y-un-televisor-pero-fueron-atrapados\/\"]}]},{\"@type\":\"ImageObject\",\"inLanguage\":\"es\",\"@id\":\"http:\/\/elregionalvm.com.ar\/noticias-villa-maria\/robaron-mercaderias-y-un-televisor-pero-fueron-atrapados\/#primaryimage\",\"url\":\"https:\/\/i0.wp.com\/elregionalvm.com.ar\/noticias-villa-maria\/wp-content\/uploads\/2021\/05\/Joven-detenido-policia.jpeg?fit=1100%2C824&ssl=1\",\"contentUrl\":\"https:\/\/i0.wp.com\/elregionalvm.com.ar\/noticias-villa-maria\/wp-content\/uploads\/2021\/05\/Joven-detenido-policia.jpeg?fit=1100%2C824&ssl=1\",\"width\":1100,\"height\":824},{\"@type\":\"BreadcrumbList\",\"@id\":\"http:\/\/elregionalvm.com.ar\/noticias-villa-maria\/robaron-mercaderias-y-un-televisor-pero-fueron-atrapados\/#breadcrumb\",\"itemListElement\":[{\"@type\":\"ListItem\",\"position\":1,\"name\":\"Portada\",\"item\":\"https:\/\/elregionalvm.com.ar\/noticias-villa-maria\/\"},{\"@type\":\"ListItem\",\"position\":2,\"name\":\"Robaron mercader\u00edas y un televisor, pero fueron atrapados\"}]},{\"@type\":\"WebSite\",\"@id\":\"http:\/\/elregionalvm.com.ar\/noticias-villa-maria\/#website\",\"url\":\"http:\/\/elregionalvm.com.ar\/noticias-villa-maria\/\",\"name\":\"El Regional\",\"description\":\"Mucho m\u00e1s que informaci\u00f3n\",\"potentialAction\":[{\"@type\":\"SearchAction\",\"target\":{\"@type\":\"EntryPoint\",\"urlTemplate\":\"http:\/\/elregionalvm.com.ar\/noticias-villa-maria\/?s={search_term_string}\"},\"query-input\":{\"@type\":\"PropertyValueSpecification\",\"valueRequired\":true,\"valueName\":\"search_term_string\"}}],\"inLanguage\":\"es\"},{\"@type\":\"Person\",\"@id\":\"http:\/\/elregionalvm.com.ar\/noticias-villa-maria\/#\/schema\/person\/a0fb9c422317faca23d50163151bc354\",\"name\":\"Contenidos El Regional\",\"image\":{\"@type\":\"ImageObject\",\"inLanguage\":\"es\",\"@id\":\"http:\/\/elregionalvm.com.ar\/noticias-villa-maria\/#\/schema\/person\/image\/\",\"url\":\"https:\/\/secure.gravatar.com\/avatar\/265b27cb2209af7bb3a1318f03305787d7981a5cc6e6cd08fe5a4ecdf99d4b48?s=96&d=mm&r=g\",\"contentUrl\":\"https:\/\/secure.gravatar.com\/avatar\/265b27cb2209af7bb3a1318f03305787d7981a5cc6e6cd08fe5a4ecdf99d4b48?s=96&d=mm&r=g\",\"caption\":\"Contenidos El Regional\"},\"url\":\"https:\/\/elregionalvm.com.ar\/noticias-villa-maria\/author\/contenido\/\"}]}<\/script>\n<!-- \/ Yoast SEO plugin. -->","yoast_head_json":{"title":"Robaron mercader\u00edas y un televisor, pero fueron atrapados - El Regional","description":"Dos j\u00f3venes de 21 a\u00f1os, domiciliados en Villa Mar\u00eda, fueron detenidos por personal policial en la ma\u00f1ana de este lunes 17 de mayo.","robots":{"index":"index","follow":"follow","max-snippet":"max-snippet:-1","max-image-preview":"max-image-preview:large","max-video-preview":"max-video-preview:-1"},"canonical":"http:\/\/elregionalvm.com.ar\/noticias-villa-maria\/robaron-mercaderias-y-un-televisor-pero-fueron-atrapados\/","og_locale":"es_ES","og_type":"article","og_title":"Robaron mercader\u00edas y un televisor, pero fueron atrapados - El Regional","og_description":"Dos j\u00f3venes de 21 a\u00f1os, domiciliados en Villa Mar\u00eda, fueron detenidos por personal policial en la ma\u00f1ana de este lunes 17 de mayo.","og_url":"http:\/\/elregionalvm.com.ar\/noticias-villa-maria\/robaron-mercaderias-y-un-televisor-pero-fueron-atrapados\/","og_site_name":"El Regional","article_publisher":"https:\/\/www.facebook.com\/elregionalvm","article_published_time":"2021-05-17T16:18:18+00:00","article_modified_time":"2021-05-18T03:04:45+00:00","og_image":[{"width":1100,"height":824,"url":"http:\/\/elregionalvm.com.ar\/noticias-villa-maria\/wp-content\/uploads\/2021\/05\/Joven-detenido-policia.jpeg","type":"image\/jpeg"}],"author":"Contenidos El Regional","twitter_card":"summary_large_image","twitter_creator":"@elregionalvm1","twitter_site":"@elregionalvm1","twitter_misc":{"Escrito por":"Contenidos El Regional","Tiempo de lectura":"1 minuto"},"schema":{"@context":"https:\/\/schema.org","@graph":[{"@type":"Article","@id":"http:\/\/elregionalvm.com.ar\/noticias-villa-maria\/robaron-mercaderias-y-un-televisor-pero-fueron-atrapados\/#article","isPartOf":{"@id":"http:\/\/elregionalvm.com.ar\/noticias-villa-maria\/robaron-mercaderias-y-un-televisor-pero-fueron-atrapados\/"},"author":{"name":"Contenidos El Regional","@id":"http:\/\/elregionalvm.com.ar\/noticias-villa-maria\/#\/schema\/person\/a0fb9c422317faca23d50163151bc354"},"headline":"Robaron mercader\u00edas y un televisor, pero fueron atrapados","datePublished":"2021-05-17T16:18:18+00:00","dateModified":"2021-05-18T03:04:45+00:00","mainEntityOfPage":{"@id":"http:\/\/elregionalvm.com.ar\/noticias-villa-maria\/robaron-mercaderias-y-un-televisor-pero-fueron-atrapados\/"},"wordCount":103,"commentCount":0,"image":{"@id":"http:\/\/elregionalvm.com.ar\/noticias-villa-maria\/robaron-mercaderias-y-un-televisor-pero-fueron-atrapados\/#primaryimage"},"thumbnailUrl":"https:\/\/i0.wp.com\/elregionalvm.com.ar\/noticias-villa-maria\/wp-content\/uploads\/2021\/05\/Joven-detenido-policia.jpeg?fit=1100%2C824&ssl=1","keywords":["Barrio Los Olmos","J\u00f3venes detenidos","Policiales","Robo"],"articleSection":["Policiales","Villa Mar\u00eda"],"inLanguage":"es","potentialAction":[{"@type":"CommentAction","name":"Comment","target":["http:\/\/elregionalvm.com.ar\/noticias-villa-maria\/robaron-mercaderias-y-un-televisor-pero-fueron-atrapados\/#respond"]}]},{"@type":"WebPage","@id":"http:\/\/elregionalvm.com.ar\/noticias-villa-maria\/robaron-mercaderias-y-un-televisor-pero-fueron-atrapados\/","url":"http:\/\/elregionalvm.com.ar\/noticias-villa-maria\/robaron-mercaderias-y-un-televisor-pero-fueron-atrapados\/","name":"Robaron mercader\u00edas y un televisor, pero fueron atrapados - El Regional","isPartOf":{"@id":"http:\/\/elregionalvm.com.ar\/noticias-villa-maria\/#website"},"primaryImageOfPage":{"@id":"http:\/\/elregionalvm.com.ar\/noticias-villa-maria\/robaron-mercaderias-y-un-televisor-pero-fueron-atrapados\/#primaryimage"},"image":{"@id":"http:\/\/elregionalvm.com.ar\/noticias-villa-maria\/robaron-mercaderias-y-un-televisor-pero-fueron-atrapados\/#primaryimage"},"thumbnailUrl":"https:\/\/i0.wp.com\/elregionalvm.com.ar\/noticias-villa-maria\/wp-content\/uploads\/2021\/05\/Joven-detenido-policia.jpeg?fit=1100%2C824&ssl=1","datePublished":"2021-05-17T16:18:18+00:00","dateModified":"2021-05-18T03:04:45+00:00","author":{"@id":"http:\/\/elregionalvm.com.ar\/noticias-villa-maria\/#\/schema\/person\/a0fb9c422317faca23d50163151bc354"},"description":"Dos j\u00f3venes de 21 a\u00f1os, domiciliados en Villa Mar\u00eda, fueron detenidos por personal policial en la ma\u00f1ana de este lunes 17 de mayo.","breadcrumb":{"@id":"http:\/\/elregionalvm.com.ar\/noticias-villa-maria\/robaron-mercaderias-y-un-televisor-pero-fueron-atrapados\/#breadcrumb"},"inLanguage":"es","potentialAction":[{"@type":"ReadAction","target":["http:\/\/elregionalvm.com.ar\/noticias-villa-maria\/robaron-mercaderias-y-un-televisor-pero-fueron-atrapados\/"]}]},{"@type":"ImageObject","inLanguage":"es","@id":"http:\/\/elregionalvm.com.ar\/noticias-villa-maria\/robaron-mercaderias-y-un-televisor-pero-fueron-atrapados\/#primaryimage","url":"https:\/\/i0.wp.com\/elregionalvm.com.ar\/noticias-villa-maria\/wp-content\/uploads\/2021\/05\/Joven-detenido-policia.jpeg?fit=1100%2C824&ssl=1","contentUrl":"https:\/\/i0.wp.com\/elregionalvm.com.ar\/noticias-villa-maria\/wp-content\/uploads\/2021\/05\/Joven-detenido-policia.jpeg?fit=1100%2C824&ssl=1","width":1100,"height":824},{"@type":"BreadcrumbList","@id":"http:\/\/elregionalvm.com.ar\/noticias-villa-maria\/robaron-mercaderias-y-un-televisor-pero-fueron-atrapados\/#breadcrumb","itemListElement":[{"@type":"ListItem","position":1,"name":"Portada","item":"https:\/\/elregionalvm.com.ar\/noticias-villa-maria\/"},{"@type":"ListItem","position":2,"name":"Robaron mercader\u00edas y un televisor, pero fueron atrapados"}]},{"@type":"WebSite","@id":"http:\/\/elregionalvm.com.ar\/noticias-villa-maria\/#website","url":"http:\/\/elregionalvm.com.ar\/noticias-villa-maria\/","name":"El Regional","description":"Mucho m\u00e1s que informaci\u00f3n","potentialAction":[{"@type":"SearchAction","target":{"@type":"EntryPoint","urlTemplate":"http:\/\/elregionalvm.com.ar\/noticias-villa-maria\/?s={search_term_string}"},"query-input":{"@type":"PropertyValueSpecification","valueRequired":true,"valueName":"search_term_string"}}],"inLanguage":"es"},{"@type":"Person","@id":"http:\/\/elregionalvm.com.ar\/noticias-villa-maria\/#\/schema\/person\/a0fb9c422317faca23d50163151bc354","name":"Contenidos El Regional","image":{"@type":"ImageObject","inLanguage":"es","@id":"http:\/\/elregionalvm.com.ar\/noticias-villa-maria\/#\/schema\/person\/image\/","url":"https:\/\/secure.gravatar.com\/avatar\/265b27cb2209af7bb3a1318f03305787d7981a5cc6e6cd08fe5a4ecdf99d4b48?s=96&d=mm&r=g","contentUrl":"https:\/\/secure.gravatar.com\/avatar\/265b27cb2209af7bb3a1318f03305787d7981a5cc6e6cd08fe5a4ecdf99d4b48?s=96&d=mm&r=g","caption":"Contenidos El Regional"},"url":"https:\/\/elregionalvm.com.ar\/noticias-villa-maria\/author\/contenido\/"}]}},"jetpack_featured_media_url":"https:\/\/i0.wp.com\/elregionalvm.com.ar\/noticias-villa-maria\/wp-content\/uploads\/2021\/05\/Joven-detenido-policia.jpeg?fit=1100%2C824&ssl=1","jetpack_sharing_enabled":true,"_links":{"self":[{"href":"https:\/\/elregionalvm.com.ar\/noticias-villa-maria\/wp-json\/wp\/v2\/posts\/37834","targetHints":{"allow":["GET"]}}],"collection":[{"href":"https:\/\/elregionalvm.com.ar\/noticias-villa-maria\/wp-json\/wp\/v2\/posts"}],"about":[{"href":"https:\/\/elregionalvm.com.ar\/noticias-villa-maria\/wp-json\/wp\/v2\/types\/post"}],"author":[{"embeddable":true,"href":"https:\/\/elregionalvm.com.ar\/noticias-villa-maria\/wp-json\/wp\/v2\/users\/4"}],"replies":[{"embeddable":true,"href":"https:\/\/elregionalvm.com.ar\/noticias-villa-maria\/wp-json\/wp\/v2\/comments?post=37834"}],"version-history":[{"count":1,"href":"https:\/\/elregionalvm.com.ar\/noticias-villa-maria\/wp-json\/wp\/v2\/posts\/37834\/revisions"}],"predecessor-version":[{"id":37837,"href":"https:\/\/elregionalvm.com.ar\/noticias-villa-maria\/wp-json\/wp\/v2\/posts\/37834\/revisions\/37837"}],"wp:featuredmedia":[{"embeddable":true,"href":"https:\/\/elregionalvm.com.ar\/noticias-villa-maria\/wp-json\/wp\/v2\/media\/37835"}],"wp:attachment":[{"href":"https:\/\/elregionalvm.com.ar\/noticias-villa-maria\/wp-json\/wp\/v2\/media?parent=37834"}],"wp:term":[{"taxonomy":"category","embeddable":true,"href":"https:\/\/elregionalvm.com.ar\/noticias-villa-maria\/wp-json\/wp\/v2\/categories?post=37834"},{"taxonomy":"post_tag","embeddable":true,"href":"https:\/\/elregionalvm.com.ar\/noticias-villa-maria\/wp-json\/wp\/v2\/tags?post=37834"}],"curies":[{"name":"wp","href":"https:\/\/api.w.org\/{rel}","templated":true}]}}