{"id":37844,"date":"2021-05-17T20:58:25","date_gmt":"2021-05-17T20:58:25","guid":{"rendered":"https:\/\/elregionalvm.com.ar\/noticias-villa-maria\/?p=37844"},"modified":"2021-05-17T22:13:07","modified_gmt":"2021-05-17T22:13:07","slug":"menos-casos-este-lunes-pero-el-covid-se-cobro-la-vida-de-otro-hombre-en-la-ciudad-y-de-solo-58-anos","status":"publish","type":"post","link":"https:\/\/elregionalvm.com.ar\/noticias-villa-maria\/menos-casos-este-lunes-pero-el-covid-se-cobro-la-vida-de-otro-hombre-en-la-ciudad-y-de-solo-58-anos\/","title":{"rendered":"Menos casos este lunes, pero el Covid se cobr\u00f3 la vida de otro hombre en la ciudad y de s\u00f3lo 58 a\u00f1os"},"content":{"rendered":"\n<p>Este lunes descendieron los contagios seg\u00fan indica el parte diario que emite la Municipalidad de Villa Mar\u00eda. En el reporte se indica que fueron 65 los contagios positivos mientras que hubo 55 altas m\u00e9dicas.<\/p>\n\n\n\n<p>En total se efectuaron 337 test, de los cuales 262 fueron ant\u00edgenos y 75 PCR. Por otro lado, el dato m\u00e1s impactante es el fallecimiento de otra persona como consecuencia del Covid, un hombre de s\u00f3lo 58 a\u00f1os. Con este nuevo deceso sumamos 173 v\u00edctimas fatales como consecuencia de la pandemia.<\/p>\n\n\n\n<figure class=\"wp-block-gallery columns-2 is-cropped wp-block-gallery-1 is-layout-flex wp-block-gallery-is-layout-flex\"><ul class=\"blocks-gallery-grid\"><li class=\"blocks-gallery-item\"><figure><img data-recalc-dims=\"1\" fetchpriority=\"high\" decoding=\"async\" width=\"1024\" height=\"576\" src=\"https:\/\/i0.wp.com\/elregionalvm.com.ar\/noticias-villa-maria\/wp-content\/uploads\/2021\/05\/WhatsApp-Image-2021-05-17-at-16.41.56.jpeg?resize=1024%2C576&#038;ssl=1\" alt=\"\" data-id=\"37845\" data-link=\"https:\/\/elregionalvm.com.ar\/noticias-villa-maria\/?attachment_id=37845\" class=\"wp-image-37845\" srcset=\"https:\/\/i0.wp.com\/elregionalvm.com.ar\/noticias-villa-maria\/wp-content\/uploads\/2021\/05\/WhatsApp-Image-2021-05-17-at-16.41.56.jpeg?resize=1024%2C576&amp;ssl=1 1024w, https:\/\/i0.wp.com\/elregionalvm.com.ar\/noticias-villa-maria\/wp-content\/uploads\/2021\/05\/WhatsApp-Image-2021-05-17-at-16.41.56.jpeg?resize=300%2C169&amp;ssl=1 300w, https:\/\/i0.wp.com\/elregionalvm.com.ar\/noticias-villa-maria\/wp-content\/uploads\/2021\/05\/WhatsApp-Image-2021-05-17-at-16.41.56.jpeg?resize=768%2C432&amp;ssl=1 768w, https:\/\/i0.wp.com\/elregionalvm.com.ar\/noticias-villa-maria\/wp-content\/uploads\/2021\/05\/WhatsApp-Image-2021-05-17-at-16.41.56.jpeg?w=1280&amp;ssl=1 1280w\" sizes=\"(max-width: 1000px) 100vw, 1000px\" \/><\/figure><\/li><li class=\"blocks-gallery-item\"><figure><img data-recalc-dims=\"1\" decoding=\"async\" width=\"1024\" height=\"576\" src=\"https:\/\/i0.wp.com\/elregionalvm.com.ar\/noticias-villa-maria\/wp-content\/uploads\/2021\/05\/WhatsApp-Image-2021-05-17-at-16.42.00.jpeg?resize=1024%2C576&#038;ssl=1\" alt=\"\" data-id=\"37846\" data-full-url=\"https:\/\/elregionalvm.com.ar\/noticias-villa-maria\/wp-content\/uploads\/2021\/05\/WhatsApp-Image-2021-05-17-at-16.42.00.jpeg\" data-link=\"https:\/\/elregionalvm.com.ar\/noticias-villa-maria\/?attachment_id=37846\" class=\"wp-image-37846\" srcset=\"https:\/\/i0.wp.com\/elregionalvm.com.ar\/noticias-villa-maria\/wp-content\/uploads\/2021\/05\/WhatsApp-Image-2021-05-17-at-16.42.00.jpeg?resize=1024%2C576&amp;ssl=1 1024w, https:\/\/i0.wp.com\/elregionalvm.com.ar\/noticias-villa-maria\/wp-content\/uploads\/2021\/05\/WhatsApp-Image-2021-05-17-at-16.42.00.jpeg?resize=300%2C169&amp;ssl=1 300w, https:\/\/i0.wp.com\/elregionalvm.com.ar\/noticias-villa-maria\/wp-content\/uploads\/2021\/05\/WhatsApp-Image-2021-05-17-at-16.42.00.jpeg?resize=768%2C432&amp;ssl=1 768w, https:\/\/i0.wp.com\/elregionalvm.com.ar\/noticias-villa-maria\/wp-content\/uploads\/2021\/05\/WhatsApp-Image-2021-05-17-at-16.42.00.jpeg?w=1280&amp;ssl=1 1280w\" sizes=\"(max-width: 1000px) 100vw, 1000px\" \/><\/figure><\/li><\/ul><\/figure>\n\n\n\n<div class=\"wp-block-image\"><figure class=\"aligncenter size-large\"><img data-recalc-dims=\"1\" decoding=\"async\" width=\"454\" height=\"528\" src=\"https:\/\/i0.wp.com\/elregionalvm.com.ar\/noticias-villa-maria\/wp-content\/uploads\/2021\/05\/mayo-17.png?resize=454%2C528&#038;ssl=1\" alt=\"\" class=\"wp-image-37847\" srcset=\"https:\/\/i0.wp.com\/elregionalvm.com.ar\/noticias-villa-maria\/wp-content\/uploads\/2021\/05\/mayo-17.png?w=454&amp;ssl=1 454w, https:\/\/i0.wp.com\/elregionalvm.com.ar\/noticias-villa-maria\/wp-content\/uploads\/2021\/05\/mayo-17.png?resize=258%2C300&amp;ssl=1 258w\" sizes=\"(max-width: 454px) 100vw, 454px\" \/><figcaption>Datos estad\u00edsticos de El Regional Diario Digital<\/figcaption><\/figure><\/div>\n\n\n\n<p>En cuanto a la vacunaci\u00f3n las cifras son las siguientes.<br><\/p>\n\n\n\n<figure class=\"wp-block-image size-large\"><img data-recalc-dims=\"1\" loading=\"lazy\" decoding=\"async\" width=\"1024\" height=\"576\" src=\"https:\/\/i0.wp.com\/elregionalvm.com.ar\/noticias-villa-maria\/wp-content\/uploads\/2021\/05\/WhatsApp-Image-2021-05-17-at-18.04.14-1.jpeg?resize=1024%2C576&#038;ssl=1\" alt=\"\" class=\"wp-image-37850\" srcset=\"https:\/\/i0.wp.com\/elregionalvm.com.ar\/noticias-villa-maria\/wp-content\/uploads\/2021\/05\/WhatsApp-Image-2021-05-17-at-18.04.14-1.jpeg?resize=1024%2C576&amp;ssl=1 1024w, https:\/\/i0.wp.com\/elregionalvm.com.ar\/noticias-villa-maria\/wp-content\/uploads\/2021\/05\/WhatsApp-Image-2021-05-17-at-18.04.14-1.jpeg?resize=300%2C169&amp;ssl=1 300w, https:\/\/i0.wp.com\/elregionalvm.com.ar\/noticias-villa-maria\/wp-content\/uploads\/2021\/05\/WhatsApp-Image-2021-05-17-at-18.04.14-1.jpeg?resize=768%2C432&amp;ssl=1 768w, https:\/\/i0.wp.com\/elregionalvm.com.ar\/noticias-villa-maria\/wp-content\/uploads\/2021\/05\/WhatsApp-Image-2021-05-17-at-18.04.14-1.jpeg?w=1280&amp;ssl=1 1280w\" sizes=\"(max-width: 1000px) 100vw, 1000px\" \/><\/figure>\n","protected":false},"excerpt":{"rendered":"<p>Este lunes descendieron los contagios seg\u00fan indica el parte diario que emite la Municipalidad de Villa Mar\u00eda. En el reporte se indica que fueron 65 los contagios positivos mientras que hubo 55 altas m\u00e9dicas. En total se efectuaron 337 test, de los cuales 262 fueron ant\u00edgenos y 75 PCR. Por otro lado, el dato m\u00e1s [&hellip;]<\/p>\n","protected":false},"author":4,"featured_media":37848,"comment_status":"open","ping_status":"open","sticky":false,"template":"","format":"standard","meta":{"site-sidebar-layout":"default","site-content-layout":"default","ast-site-content-layout":"default","site-content-style":"default","site-sidebar-style":"default","ast-global-header-display":"","ast-banner-title-visibility":"","ast-main-header-display":"","ast-hfb-above-header-display":"","ast-hfb-below-header-display":"","ast-hfb-mobile-header-display":"","site-post-title":"","ast-breadcrumbs-content":"","ast-featured-img":"","footer-sml-layout":"","ast-disable-related-posts":"","theme-transparent-header-meta":"default","adv-header-id-meta":"","stick-header-meta":"","header-above-stick-meta":"","header-main-stick-meta":"","header-below-stick-meta":"","astra-migrate-meta-layouts":"default","ast-page-background-enabled":"default","ast-page-background-meta":{"desktop":{"background-color":"","background-image":"","background-repeat":"repeat","background-position":"center center","background-size":"auto","background-attachment":"scroll","background-type":"","background-media":"","overlay-type":"","overlay-color":"","overlay-opacity":"","overlay-gradient":""},"tablet":{"background-color":"","background-image":"","background-repeat":"repeat","background-position":"center center","background-size":"auto","background-attachment":"scroll","background-type":"","background-media":"","overlay-type":"","overlay-color":"","overlay-opacity":"","overlay-gradient":""},"mobile":{"background-color":"","background-image":"","background-repeat":"repeat","background-position":"center center","background-size":"auto","background-attachment":"scroll","background-type":"","background-media":"","overlay-type":"","overlay-color":"","overlay-opacity":"","overlay-gradient":""}},"ast-content-background-meta":{"desktop":{"background-color":"var(--ast-global-color-5)","background-image":"","background-repeat":"repeat","background-position":"center center","background-size":"auto","background-attachment":"scroll","background-type":"","background-media":"","overlay-type":"","overlay-color":"","overlay-opacity":"","overlay-gradient":""},"tablet":{"background-color":"var(--ast-global-color-5)","background-image":"","background-repeat":"repeat","background-position":"center center","background-size":"auto","background-attachment":"scroll","background-type":"","background-media":"","overlay-type":"","overlay-color":"","overlay-opacity":"","overlay-gradient":""},"mobile":{"background-color":"var(--ast-global-color-5)","background-image":"","background-repeat":"repeat","background-position":"center center","background-size":"auto","background-attachment":"scroll","background-type":"","background-media":"","overlay-type":"","overlay-color":"","overlay-opacity":"","overlay-gradient":""}},"_jetpack_memberships_contains_paid_content":false,"_joinchat":[],"footnotes":""},"categories":[2256,2],"tags":[9013,3907,2367,1997,1232,9015,3744,9014],"class_list":["post-37844","post","type-post","status-publish","format-standard","has-post-thumbnail","hentry","category-coronavirus","category-villa-maria","tag-65-positivos","tag-casos-diarios","tag-contagios","tag-coronavirus","tag-destacado","tag-lunes-17-de-mayo-de-2021","tag-situacion-epidemiologica","tag-un-hombre-muerto-de-58-anos"],"yoast_head":"<!-- This site is optimized with the Yoast SEO plugin v26.8 - https:\/\/yoast.com\/product\/yoast-seo-wordpress\/ -->\n<title>Menos casos este lunes, pero el Covid se cobr\u00f3 la vida de otro hombre en la ciudad y de s\u00f3lo 58 a\u00f1os - El Regional<\/title>\n<meta name=\"robots\" content=\"index, follow, max-snippet:-1, max-image-preview:large, max-video-preview:-1\" \/>\n<link rel=\"canonical\" href=\"http:\/\/elregionalvm.com.ar\/noticias-villa-maria\/menos-casos-este-lunes-pero-el-covid-se-cobro-la-vida-de-otro-hombre-en-la-ciudad-y-de-solo-58-anos\/\" \/>\n<meta property=\"og:locale\" content=\"es_ES\" \/>\n<meta property=\"og:type\" content=\"article\" \/>\n<meta property=\"og:title\" content=\"Menos casos este lunes, pero el Covid se cobr\u00f3 la vida de otro hombre en la ciudad y de s\u00f3lo 58 a\u00f1os - El Regional\" \/>\n<meta property=\"og:description\" content=\"Este lunes descendieron los contagios seg\u00fan indica el parte diario que emite la Municipalidad de Villa Mar\u00eda. En el reporte se indica que fueron 65 los contagios positivos mientras que hubo 55 altas m\u00e9dicas. En total se efectuaron 337 test, de los cuales 262 fueron ant\u00edgenos y 75 PCR. Por otro lado, el dato m\u00e1s [&hellip;]\" \/>\n<meta property=\"og:url\" content=\"http:\/\/elregionalvm.com.ar\/noticias-villa-maria\/menos-casos-este-lunes-pero-el-covid-se-cobro-la-vida-de-otro-hombre-en-la-ciudad-y-de-solo-58-anos\/\" \/>\n<meta property=\"og:site_name\" content=\"El Regional\" \/>\n<meta property=\"article:publisher\" content=\"https:\/\/www.facebook.com\/elregionalvm\" \/>\n<meta property=\"article:published_time\" content=\"2021-05-17T20:58:25+00:00\" \/>\n<meta property=\"article:modified_time\" content=\"2021-05-17T22:13:07+00:00\" \/>\n<meta property=\"og:image\" content=\"http:\/\/elregionalvm.com.ar\/noticias-villa-maria\/wp-content\/uploads\/2021\/05\/covid-31.jpg\" \/>\n\t<meta property=\"og:image:width\" content=\"1200\" \/>\n\t<meta property=\"og:image:height\" content=\"900\" \/>\n\t<meta property=\"og:image:type\" content=\"image\/jpeg\" \/>\n<meta name=\"author\" content=\"Contenidos El Regional\" \/>\n<meta name=\"twitter:card\" content=\"summary_large_image\" \/>\n<meta name=\"twitter:creator\" content=\"@elregionalvm1\" \/>\n<meta name=\"twitter:site\" content=\"@elregionalvm1\" \/>\n<meta name=\"twitter:label1\" content=\"Escrito por\" \/>\n\t<meta name=\"twitter:data1\" content=\"Contenidos El Regional\" \/>\n\t<meta name=\"twitter:label2\" content=\"Tiempo de lectura\" \/>\n\t<meta name=\"twitter:data2\" content=\"2 minutos\" \/>\n<script type=\"application\/ld+json\" class=\"yoast-schema-graph\">{\"@context\":\"https:\/\/schema.org\",\"@graph\":[{\"@type\":\"Article\",\"@id\":\"http:\/\/elregionalvm.com.ar\/noticias-villa-maria\/menos-casos-este-lunes-pero-el-covid-se-cobro-la-vida-de-otro-hombre-en-la-ciudad-y-de-solo-58-anos\/#article\",\"isPartOf\":{\"@id\":\"http:\/\/elregionalvm.com.ar\/noticias-villa-maria\/menos-casos-este-lunes-pero-el-covid-se-cobro-la-vida-de-otro-hombre-en-la-ciudad-y-de-solo-58-anos\/\"},\"author\":{\"name\":\"Contenidos El Regional\",\"@id\":\"http:\/\/elregionalvm.com.ar\/noticias-villa-maria\/#\/schema\/person\/a0fb9c422317faca23d50163151bc354\"},\"headline\":\"Menos casos este lunes, pero el Covid se cobr\u00f3 la vida de otro hombre en la ciudad y de s\u00f3lo 58 a\u00f1os\",\"datePublished\":\"2021-05-17T20:58:25+00:00\",\"dateModified\":\"2021-05-17T22:13:07+00:00\",\"mainEntityOfPage\":{\"@id\":\"http:\/\/elregionalvm.com.ar\/noticias-villa-maria\/menos-casos-este-lunes-pero-el-covid-se-cobro-la-vida-de-otro-hombre-en-la-ciudad-y-de-solo-58-anos\/\"},\"wordCount\":128,\"commentCount\":0,\"image\":{\"@id\":\"http:\/\/elregionalvm.com.ar\/noticias-villa-maria\/menos-casos-este-lunes-pero-el-covid-se-cobro-la-vida-de-otro-hombre-en-la-ciudad-y-de-solo-58-anos\/#primaryimage\"},\"thumbnailUrl\":\"https:\/\/i0.wp.com\/elregionalvm.com.ar\/noticias-villa-maria\/wp-content\/uploads\/2021\/05\/covid-31.jpg?fit=1200%2C900&ssl=1\",\"keywords\":[\"65 positivos\",\"casos diarios\",\"Contagios\",\"Coronavirus\",\"destacado\",\"lunes 17 de mayo de 2021\",\"situaci\u00f3n epidemiol\u00f3gica\",\"un hombre muerto de 58 a\u00f1os\"],\"articleSection\":[\"Coronavirus\",\"Villa Mar\u00eda\"],\"inLanguage\":\"es\",\"potentialAction\":[{\"@type\":\"CommentAction\",\"name\":\"Comment\",\"target\":[\"http:\/\/elregionalvm.com.ar\/noticias-villa-maria\/menos-casos-este-lunes-pero-el-covid-se-cobro-la-vida-de-otro-hombre-en-la-ciudad-y-de-solo-58-anos\/#respond\"]}]},{\"@type\":\"WebPage\",\"@id\":\"http:\/\/elregionalvm.com.ar\/noticias-villa-maria\/menos-casos-este-lunes-pero-el-covid-se-cobro-la-vida-de-otro-hombre-en-la-ciudad-y-de-solo-58-anos\/\",\"url\":\"http:\/\/elregionalvm.com.ar\/noticias-villa-maria\/menos-casos-este-lunes-pero-el-covid-se-cobro-la-vida-de-otro-hombre-en-la-ciudad-y-de-solo-58-anos\/\",\"name\":\"Menos casos este lunes, pero el Covid se cobr\u00f3 la vida de otro hombre en la ciudad y de s\u00f3lo 58 a\u00f1os - El Regional\",\"isPartOf\":{\"@id\":\"http:\/\/elregionalvm.com.ar\/noticias-villa-maria\/#website\"},\"primaryImageOfPage\":{\"@id\":\"http:\/\/elregionalvm.com.ar\/noticias-villa-maria\/menos-casos-este-lunes-pero-el-covid-se-cobro-la-vida-de-otro-hombre-en-la-ciudad-y-de-solo-58-anos\/#primaryimage\"},\"image\":{\"@id\":\"http:\/\/elregionalvm.com.ar\/noticias-villa-maria\/menos-casos-este-lunes-pero-el-covid-se-cobro-la-vida-de-otro-hombre-en-la-ciudad-y-de-solo-58-anos\/#primaryimage\"},\"thumbnailUrl\":\"https:\/\/i0.wp.com\/elregionalvm.com.ar\/noticias-villa-maria\/wp-content\/uploads\/2021\/05\/covid-31.jpg?fit=1200%2C900&ssl=1\",\"datePublished\":\"2021-05-17T20:58:25+00:00\",\"dateModified\":\"2021-05-17T22:13:07+00:00\",\"author\":{\"@id\":\"http:\/\/elregionalvm.com.ar\/noticias-villa-maria\/#\/schema\/person\/a0fb9c422317faca23d50163151bc354\"},\"breadcrumb\":{\"@id\":\"http:\/\/elregionalvm.com.ar\/noticias-villa-maria\/menos-casos-este-lunes-pero-el-covid-se-cobro-la-vida-de-otro-hombre-en-la-ciudad-y-de-solo-58-anos\/#breadcrumb\"},\"inLanguage\":\"es\",\"potentialAction\":[{\"@type\":\"ReadAction\",\"target\":[\"http:\/\/elregionalvm.com.ar\/noticias-villa-maria\/menos-casos-este-lunes-pero-el-covid-se-cobro-la-vida-de-otro-hombre-en-la-ciudad-y-de-solo-58-anos\/\"]}]},{\"@type\":\"ImageObject\",\"inLanguage\":\"es\",\"@id\":\"http:\/\/elregionalvm.com.ar\/noticias-villa-maria\/menos-casos-este-lunes-pero-el-covid-se-cobro-la-vida-de-otro-hombre-en-la-ciudad-y-de-solo-58-anos\/#primaryimage\",\"url\":\"https:\/\/i0.wp.com\/elregionalvm.com.ar\/noticias-villa-maria\/wp-content\/uploads\/2021\/05\/covid-31.jpg?fit=1200%2C900&ssl=1\",\"contentUrl\":\"https:\/\/i0.wp.com\/elregionalvm.com.ar\/noticias-villa-maria\/wp-content\/uploads\/2021\/05\/covid-31.jpg?fit=1200%2C900&ssl=1\",\"width\":1200,\"height\":900},{\"@type\":\"BreadcrumbList\",\"@id\":\"http:\/\/elregionalvm.com.ar\/noticias-villa-maria\/menos-casos-este-lunes-pero-el-covid-se-cobro-la-vida-de-otro-hombre-en-la-ciudad-y-de-solo-58-anos\/#breadcrumb\",\"itemListElement\":[{\"@type\":\"ListItem\",\"position\":1,\"name\":\"Portada\",\"item\":\"https:\/\/elregionalvm.com.ar\/noticias-villa-maria\/\"},{\"@type\":\"ListItem\",\"position\":2,\"name\":\"Menos casos este lunes, pero el Covid se cobr\u00f3 la vida de otro hombre en la ciudad y de s\u00f3lo 58 a\u00f1os\"}]},{\"@type\":\"WebSite\",\"@id\":\"http:\/\/elregionalvm.com.ar\/noticias-villa-maria\/#website\",\"url\":\"http:\/\/elregionalvm.com.ar\/noticias-villa-maria\/\",\"name\":\"El Regional\",\"description\":\"Mucho m\u00e1s que informaci\u00f3n\",\"potentialAction\":[{\"@type\":\"SearchAction\",\"target\":{\"@type\":\"EntryPoint\",\"urlTemplate\":\"http:\/\/elregionalvm.com.ar\/noticias-villa-maria\/?s={search_term_string}\"},\"query-input\":{\"@type\":\"PropertyValueSpecification\",\"valueRequired\":true,\"valueName\":\"search_term_string\"}}],\"inLanguage\":\"es\"},{\"@type\":\"Person\",\"@id\":\"http:\/\/elregionalvm.com.ar\/noticias-villa-maria\/#\/schema\/person\/a0fb9c422317faca23d50163151bc354\",\"name\":\"Contenidos El Regional\",\"image\":{\"@type\":\"ImageObject\",\"inLanguage\":\"es\",\"@id\":\"http:\/\/elregionalvm.com.ar\/noticias-villa-maria\/#\/schema\/person\/image\/\",\"url\":\"https:\/\/secure.gravatar.com\/avatar\/265b27cb2209af7bb3a1318f03305787d7981a5cc6e6cd08fe5a4ecdf99d4b48?s=96&d=mm&r=g\",\"contentUrl\":\"https:\/\/secure.gravatar.com\/avatar\/265b27cb2209af7bb3a1318f03305787d7981a5cc6e6cd08fe5a4ecdf99d4b48?s=96&d=mm&r=g\",\"caption\":\"Contenidos El Regional\"},\"url\":\"https:\/\/elregionalvm.com.ar\/noticias-villa-maria\/author\/contenido\/\"}]}<\/script>\n<!-- \/ Yoast SEO plugin. -->","yoast_head_json":{"title":"Menos casos este lunes, pero el Covid se cobr\u00f3 la vida de otro hombre en la ciudad y de s\u00f3lo 58 a\u00f1os - El Regional","robots":{"index":"index","follow":"follow","max-snippet":"max-snippet:-1","max-image-preview":"max-image-preview:large","max-video-preview":"max-video-preview:-1"},"canonical":"http:\/\/elregionalvm.com.ar\/noticias-villa-maria\/menos-casos-este-lunes-pero-el-covid-se-cobro-la-vida-de-otro-hombre-en-la-ciudad-y-de-solo-58-anos\/","og_locale":"es_ES","og_type":"article","og_title":"Menos casos este lunes, pero el Covid se cobr\u00f3 la vida de otro hombre en la ciudad y de s\u00f3lo 58 a\u00f1os - El Regional","og_description":"Este lunes descendieron los contagios seg\u00fan indica el parte diario que emite la Municipalidad de Villa Mar\u00eda. En el reporte se indica que fueron 65 los contagios positivos mientras que hubo 55 altas m\u00e9dicas. En total se efectuaron 337 test, de los cuales 262 fueron ant\u00edgenos y 75 PCR. Por otro lado, el dato m\u00e1s [&hellip;]","og_url":"http:\/\/elregionalvm.com.ar\/noticias-villa-maria\/menos-casos-este-lunes-pero-el-covid-se-cobro-la-vida-de-otro-hombre-en-la-ciudad-y-de-solo-58-anos\/","og_site_name":"El Regional","article_publisher":"https:\/\/www.facebook.com\/elregionalvm","article_published_time":"2021-05-17T20:58:25+00:00","article_modified_time":"2021-05-17T22:13:07+00:00","og_image":[{"width":1200,"height":900,"url":"http:\/\/elregionalvm.com.ar\/noticias-villa-maria\/wp-content\/uploads\/2021\/05\/covid-31.jpg","type":"image\/jpeg"}],"author":"Contenidos El Regional","twitter_card":"summary_large_image","twitter_creator":"@elregionalvm1","twitter_site":"@elregionalvm1","twitter_misc":{"Escrito por":"Contenidos El Regional","Tiempo de lectura":"2 minutos"},"schema":{"@context":"https:\/\/schema.org","@graph":[{"@type":"Article","@id":"http:\/\/elregionalvm.com.ar\/noticias-villa-maria\/menos-casos-este-lunes-pero-el-covid-se-cobro-la-vida-de-otro-hombre-en-la-ciudad-y-de-solo-58-anos\/#article","isPartOf":{"@id":"http:\/\/elregionalvm.com.ar\/noticias-villa-maria\/menos-casos-este-lunes-pero-el-covid-se-cobro-la-vida-de-otro-hombre-en-la-ciudad-y-de-solo-58-anos\/"},"author":{"name":"Contenidos El Regional","@id":"http:\/\/elregionalvm.com.ar\/noticias-villa-maria\/#\/schema\/person\/a0fb9c422317faca23d50163151bc354"},"headline":"Menos casos este lunes, pero el Covid se cobr\u00f3 la vida de otro hombre en la ciudad y de s\u00f3lo 58 a\u00f1os","datePublished":"2021-05-17T20:58:25+00:00","dateModified":"2021-05-17T22:13:07+00:00","mainEntityOfPage":{"@id":"http:\/\/elregionalvm.com.ar\/noticias-villa-maria\/menos-casos-este-lunes-pero-el-covid-se-cobro-la-vida-de-otro-hombre-en-la-ciudad-y-de-solo-58-anos\/"},"wordCount":128,"commentCount":0,"image":{"@id":"http:\/\/elregionalvm.com.ar\/noticias-villa-maria\/menos-casos-este-lunes-pero-el-covid-se-cobro-la-vida-de-otro-hombre-en-la-ciudad-y-de-solo-58-anos\/#primaryimage"},"thumbnailUrl":"https:\/\/i0.wp.com\/elregionalvm.com.ar\/noticias-villa-maria\/wp-content\/uploads\/2021\/05\/covid-31.jpg?fit=1200%2C900&ssl=1","keywords":["65 positivos","casos diarios","Contagios","Coronavirus","destacado","lunes 17 de mayo de 2021","situaci\u00f3n epidemiol\u00f3gica","un hombre muerto de 58 a\u00f1os"],"articleSection":["Coronavirus","Villa Mar\u00eda"],"inLanguage":"es","potentialAction":[{"@type":"CommentAction","name":"Comment","target":["http:\/\/elregionalvm.com.ar\/noticias-villa-maria\/menos-casos-este-lunes-pero-el-covid-se-cobro-la-vida-de-otro-hombre-en-la-ciudad-y-de-solo-58-anos\/#respond"]}]},{"@type":"WebPage","@id":"http:\/\/elregionalvm.com.ar\/noticias-villa-maria\/menos-casos-este-lunes-pero-el-covid-se-cobro-la-vida-de-otro-hombre-en-la-ciudad-y-de-solo-58-anos\/","url":"http:\/\/elregionalvm.com.ar\/noticias-villa-maria\/menos-casos-este-lunes-pero-el-covid-se-cobro-la-vida-de-otro-hombre-en-la-ciudad-y-de-solo-58-anos\/","name":"Menos casos este lunes, pero el Covid se cobr\u00f3 la vida de otro hombre en la ciudad y de s\u00f3lo 58 a\u00f1os - El Regional","isPartOf":{"@id":"http:\/\/elregionalvm.com.ar\/noticias-villa-maria\/#website"},"primaryImageOfPage":{"@id":"http:\/\/elregionalvm.com.ar\/noticias-villa-maria\/menos-casos-este-lunes-pero-el-covid-se-cobro-la-vida-de-otro-hombre-en-la-ciudad-y-de-solo-58-anos\/#primaryimage"},"image":{"@id":"http:\/\/elregionalvm.com.ar\/noticias-villa-maria\/menos-casos-este-lunes-pero-el-covid-se-cobro-la-vida-de-otro-hombre-en-la-ciudad-y-de-solo-58-anos\/#primaryimage"},"thumbnailUrl":"https:\/\/i0.wp.com\/elregionalvm.com.ar\/noticias-villa-maria\/wp-content\/uploads\/2021\/05\/covid-31.jpg?fit=1200%2C900&ssl=1","datePublished":"2021-05-17T20:58:25+00:00","dateModified":"2021-05-17T22:13:07+00:00","author":{"@id":"http:\/\/elregionalvm.com.ar\/noticias-villa-maria\/#\/schema\/person\/a0fb9c422317faca23d50163151bc354"},"breadcrumb":{"@id":"http:\/\/elregionalvm.com.ar\/noticias-villa-maria\/menos-casos-este-lunes-pero-el-covid-se-cobro-la-vida-de-otro-hombre-en-la-ciudad-y-de-solo-58-anos\/#breadcrumb"},"inLanguage":"es","potentialAction":[{"@type":"ReadAction","target":["http:\/\/elregionalvm.com.ar\/noticias-villa-maria\/menos-casos-este-lunes-pero-el-covid-se-cobro-la-vida-de-otro-hombre-en-la-ciudad-y-de-solo-58-anos\/"]}]},{"@type":"ImageObject","inLanguage":"es","@id":"http:\/\/elregionalvm.com.ar\/noticias-villa-maria\/menos-casos-este-lunes-pero-el-covid-se-cobro-la-vida-de-otro-hombre-en-la-ciudad-y-de-solo-58-anos\/#primaryimage","url":"https:\/\/i0.wp.com\/elregionalvm.com.ar\/noticias-villa-maria\/wp-content\/uploads\/2021\/05\/covid-31.jpg?fit=1200%2C900&ssl=1","contentUrl":"https:\/\/i0.wp.com\/elregionalvm.com.ar\/noticias-villa-maria\/wp-content\/uploads\/2021\/05\/covid-31.jpg?fit=1200%2C900&ssl=1","width":1200,"height":900},{"@type":"BreadcrumbList","@id":"http:\/\/elregionalvm.com.ar\/noticias-villa-maria\/menos-casos-este-lunes-pero-el-covid-se-cobro-la-vida-de-otro-hombre-en-la-ciudad-y-de-solo-58-anos\/#breadcrumb","itemListElement":[{"@type":"ListItem","position":1,"name":"Portada","item":"https:\/\/elregionalvm.com.ar\/noticias-villa-maria\/"},{"@type":"ListItem","position":2,"name":"Menos casos este lunes, pero el Covid se cobr\u00f3 la vida de otro hombre en la ciudad y de s\u00f3lo 58 a\u00f1os"}]},{"@type":"WebSite","@id":"http:\/\/elregionalvm.com.ar\/noticias-villa-maria\/#website","url":"http:\/\/elregionalvm.com.ar\/noticias-villa-maria\/","name":"El Regional","description":"Mucho m\u00e1s que informaci\u00f3n","potentialAction":[{"@type":"SearchAction","target":{"@type":"EntryPoint","urlTemplate":"http:\/\/elregionalvm.com.ar\/noticias-villa-maria\/?s={search_term_string}"},"query-input":{"@type":"PropertyValueSpecification","valueRequired":true,"valueName":"search_term_string"}}],"inLanguage":"es"},{"@type":"Person","@id":"http:\/\/elregionalvm.com.ar\/noticias-villa-maria\/#\/schema\/person\/a0fb9c422317faca23d50163151bc354","name":"Contenidos El Regional","image":{"@type":"ImageObject","inLanguage":"es","@id":"http:\/\/elregionalvm.com.ar\/noticias-villa-maria\/#\/schema\/person\/image\/","url":"https:\/\/secure.gravatar.com\/avatar\/265b27cb2209af7bb3a1318f03305787d7981a5cc6e6cd08fe5a4ecdf99d4b48?s=96&d=mm&r=g","contentUrl":"https:\/\/secure.gravatar.com\/avatar\/265b27cb2209af7bb3a1318f03305787d7981a5cc6e6cd08fe5a4ecdf99d4b48?s=96&d=mm&r=g","caption":"Contenidos El Regional"},"url":"https:\/\/elregionalvm.com.ar\/noticias-villa-maria\/author\/contenido\/"}]}},"jetpack_featured_media_url":"https:\/\/i0.wp.com\/elregionalvm.com.ar\/noticias-villa-maria\/wp-content\/uploads\/2021\/05\/covid-31.jpg?fit=1200%2C900&ssl=1","jetpack_sharing_enabled":true,"_links":{"self":[{"href":"https:\/\/elregionalvm.com.ar\/noticias-villa-maria\/wp-json\/wp\/v2\/posts\/37844","targetHints":{"allow":["GET"]}}],"collection":[{"href":"https:\/\/elregionalvm.com.ar\/noticias-villa-maria\/wp-json\/wp\/v2\/posts"}],"about":[{"href":"https:\/\/elregionalvm.com.ar\/noticias-villa-maria\/wp-json\/wp\/v2\/types\/post"}],"author":[{"embeddable":true,"href":"https:\/\/elregionalvm.com.ar\/noticias-villa-maria\/wp-json\/wp\/v2\/users\/4"}],"replies":[{"embeddable":true,"href":"https:\/\/elregionalvm.com.ar\/noticias-villa-maria\/wp-json\/wp\/v2\/comments?post=37844"}],"version-history":[{"count":2,"href":"https:\/\/elregionalvm.com.ar\/noticias-villa-maria\/wp-json\/wp\/v2\/posts\/37844\/revisions"}],"predecessor-version":[{"id":37852,"href":"https:\/\/elregionalvm.com.ar\/noticias-villa-maria\/wp-json\/wp\/v2\/posts\/37844\/revisions\/37852"}],"wp:featuredmedia":[{"embeddable":true,"href":"https:\/\/elregionalvm.com.ar\/noticias-villa-maria\/wp-json\/wp\/v2\/media\/37848"}],"wp:attachment":[{"href":"https:\/\/elregionalvm.com.ar\/noticias-villa-maria\/wp-json\/wp\/v2\/media?parent=37844"}],"wp:term":[{"taxonomy":"category","embeddable":true,"href":"https:\/\/elregionalvm.com.ar\/noticias-villa-maria\/wp-json\/wp\/v2\/categories?post=37844"},{"taxonomy":"post_tag","embeddable":true,"href":"https:\/\/elregionalvm.com.ar\/noticias-villa-maria\/wp-json\/wp\/v2\/tags?post=37844"}],"curies":[{"name":"wp","href":"https:\/\/api.w.org\/{rel}","templated":true}]}}