{"id":37853,"date":"2021-05-17T22:19:39","date_gmt":"2021-05-17T22:19:39","guid":{"rendered":"https:\/\/elregionalvm.com.ar\/noticias-villa-maria\/?p=37853"},"modified":"2021-05-17T22:19:40","modified_gmt":"2021-05-17T22:19:40","slug":"villa-nueva-onda-verde-para-semaforos-de-avenida-carranza-y-se-viene-un-curso-de-compostaje","status":"publish","type":"post","link":"https:\/\/elregionalvm.com.ar\/noticias-villa-maria\/villa-nueva-onda-verde-para-semaforos-de-avenida-carranza-y-se-viene-un-curso-de-compostaje\/","title":{"rendered":"Villa Nueva: onda verde para sem\u00e1foros de  avenida Carranza y se viene un curso de compostaje"},"content":{"rendered":"\n<p>Este lunes, la Municipalidad de Villa Nueva inform\u00f3 que  personal especializado estuvo trabajando semanas pasadas sobre la avenida Carranza para restablecer en la misma la onda verde en los sem\u00e1foros.<br>En tal sentido desde la Secretar\u00eda de Gobierno del Municipio se indic\u00f3 que se modific\u00f3 la disposici\u00f3n de algunos de los sem\u00e1foros por lo que se les pide a los vecinos precauci\u00f3n al circular por la avenida.<br>Indicaron adem\u00e1s que se han modificado algunos cruces y en este sentido qued\u00f3 prohibido el giro a la izquierda a la altura de calle Rivadavia.<\/p>\n\n\n\n<p><strong>La direcci\u00f3n de Ambiente dictar\u00e1 un curso de compostaje<\/strong><br>La direcci\u00f3n de Ambiente del Municipio invita a los vecinos a participar del taller de capacitaci\u00f3n sobre compostaje, que se dictar\u00e1 el pr\u00f3ximo 26 de mayo, en el Sal\u00f3n de Usos M\u00faltiples de Desarrollo Social, en Mitre y Marcos Juarez.<br>La actividad estar\u00e1 a cargo de la titular de Ambiente, Mar\u00eda Laura Ruzzi, y los interesados en participar pueden inscribirse o solicitar m\u00e1s informaci\u00f3n al 3534083252.<\/p>\n\n\n\n<div class=\"wp-block-image\"><figure class=\"aligncenter size-large\"><img data-recalc-dims=\"1\" fetchpriority=\"high\" decoding=\"async\" width=\"512\" height=\"439\" src=\"https:\/\/i0.wp.com\/elregionalvm.com.ar\/noticias-villa-maria\/wp-content\/uploads\/2021\/05\/WhatsApp-Image-2021-05-17-at-15.10.14-1.jpeg?resize=512%2C439&#038;ssl=1\" alt=\"\" class=\"wp-image-37854\" srcset=\"https:\/\/i0.wp.com\/elregionalvm.com.ar\/noticias-villa-maria\/wp-content\/uploads\/2021\/05\/WhatsApp-Image-2021-05-17-at-15.10.14-1.jpeg?w=512&amp;ssl=1 512w, https:\/\/i0.wp.com\/elregionalvm.com.ar\/noticias-villa-maria\/wp-content\/uploads\/2021\/05\/WhatsApp-Image-2021-05-17-at-15.10.14-1.jpeg?resize=300%2C257&amp;ssl=1 300w\" sizes=\"(max-width: 512px) 100vw, 512px\" \/><\/figure><\/div>\n\n\n\n<p><strong>El Punto Mujer contin\u00faa su recorrida por los barrios<\/strong><br>Integrantes de la direcci\u00f3n de Promocion de Buenas Convivencias del Municipio, contin\u00faan llevando el Punto Mujer a distintos sectores de la ciudad.<br>En este sentido, estuvieron repartiendo folleteria y dialogando con los vecinos del sector de barrio M\u00e1ster Plan.<br>La iniciativa, que se desarrollar\u00e1 durante todo Mayo, proyecta llegar a distintos \u00e1mbitos de Villa Nueva a fin de brindar asesoramiento e informaci\u00f3n para los vecinos.<\/p>\n\n\n\n<figure class=\"wp-block-image size-large\"><img data-recalc-dims=\"1\" decoding=\"async\" width=\"576\" height=\"1024\" src=\"https:\/\/i0.wp.com\/elregionalvm.com.ar\/noticias-villa-maria\/wp-content\/uploads\/2021\/05\/WhatsApp-Image-2021-05-17-at-15.10.14-2.jpeg?resize=576%2C1024&#038;ssl=1\" alt=\"\" class=\"wp-image-37855\" srcset=\"https:\/\/i0.wp.com\/elregionalvm.com.ar\/noticias-villa-maria\/wp-content\/uploads\/2021\/05\/WhatsApp-Image-2021-05-17-at-15.10.14-2.jpeg?resize=576%2C1024&amp;ssl=1 576w, https:\/\/i0.wp.com\/elregionalvm.com.ar\/noticias-villa-maria\/wp-content\/uploads\/2021\/05\/WhatsApp-Image-2021-05-17-at-15.10.14-2.jpeg?resize=169%2C300&amp;ssl=1 169w, https:\/\/i0.wp.com\/elregionalvm.com.ar\/noticias-villa-maria\/wp-content\/uploads\/2021\/05\/WhatsApp-Image-2021-05-17-at-15.10.14-2.jpeg?w=720&amp;ssl=1 720w\" sizes=\"(max-width: 576px) 100vw, 576px\" \/><\/figure>\n","protected":false},"excerpt":{"rendered":"<p>Este lunes, la Municipalidad de Villa Nueva inform\u00f3 que personal especializado estuvo trabajando semanas pasadas sobre la avenida Carranza para restablecer en la misma la onda verde en los sem\u00e1foros.En tal sentido desde la Secretar\u00eda de Gobierno del Municipio se indic\u00f3 que se modific\u00f3 la disposici\u00f3n de algunos de los sem\u00e1foros por lo que se [&hellip;]<\/p>\n","protected":false},"author":4,"featured_media":37856,"comment_status":"open","ping_status":"open","sticky":false,"template":"","format":"standard","meta":{"site-sidebar-layout":"default","site-content-layout":"default","ast-site-content-layout":"default","site-content-style":"default","site-sidebar-style":"default","ast-global-header-display":"","ast-banner-title-visibility":"","ast-main-header-display":"","ast-hfb-above-header-display":"","ast-hfb-below-header-display":"","ast-hfb-mobile-header-display":"","site-post-title":"","ast-breadcrumbs-content":"","ast-featured-img":"","footer-sml-layout":"","ast-disable-related-posts":"","theme-transparent-header-meta":"default","adv-header-id-meta":"","stick-header-meta":"","header-above-stick-meta":"","header-main-stick-meta":"","header-below-stick-meta":"","astra-migrate-meta-layouts":"default","ast-page-background-enabled":"default","ast-page-background-meta":{"desktop":{"background-color":"","background-image":"","background-repeat":"repeat","background-position":"center center","background-size":"auto","background-attachment":"scroll","background-type":"","background-media":"","overlay-type":"","overlay-color":"","overlay-opacity":"","overlay-gradient":""},"tablet":{"background-color":"","background-image":"","background-repeat":"repeat","background-position":"center center","background-size":"auto","background-attachment":"scroll","background-type":"","background-media":"","overlay-type":"","overlay-color":"","overlay-opacity":"","overlay-gradient":""},"mobile":{"background-color":"","background-image":"","background-repeat":"repeat","background-position":"center center","background-size":"auto","background-attachment":"scroll","background-type":"","background-media":"","overlay-type":"","overlay-color":"","overlay-opacity":"","overlay-gradient":""}},"ast-content-background-meta":{"desktop":{"background-color":"var(--ast-global-color-5)","background-image":"","background-repeat":"repeat","background-position":"center center","background-size":"auto","background-attachment":"scroll","background-type":"","background-media":"","overlay-type":"","overlay-color":"","overlay-opacity":"","overlay-gradient":""},"tablet":{"background-color":"var(--ast-global-color-5)","background-image":"","background-repeat":"repeat","background-position":"center center","background-size":"auto","background-attachment":"scroll","background-type":"","background-media":"","overlay-type":"","overlay-color":"","overlay-opacity":"","overlay-gradient":""},"mobile":{"background-color":"var(--ast-global-color-5)","background-image":"","background-repeat":"repeat","background-position":"center center","background-size":"auto","background-attachment":"scroll","background-type":"","background-media":"","overlay-type":"","overlay-color":"","overlay-opacity":"","overlay-gradient":""}},"_jetpack_memberships_contains_paid_content":false,"_joinchat":[],"footnotes":""},"categories":[1408],"tags":[8341,9016,1232,8340,6011,320,232],"class_list":["post-37853","post","type-post","status-publish","format-standard","has-post-thumbnail","hentry","category-villa-nueva","tag-avenida-carranza","tag-curso-de-compostaje","tag-destacado","tag-onda-verde","tag-punto-mujer","tag-semaforos","tag-villa-nueva"],"yoast_head":"<!-- This site is optimized with the Yoast SEO plugin v26.8 - https:\/\/yoast.com\/product\/yoast-seo-wordpress\/ -->\n<title>Villa Nueva: onda verde para sem\u00e1foros de avenida Carranza y se viene un curso de compostaje - El Regional<\/title>\n<meta name=\"robots\" content=\"index, follow, max-snippet:-1, max-image-preview:large, max-video-preview:-1\" \/>\n<link rel=\"canonical\" href=\"http:\/\/elregionalvm.com.ar\/noticias-villa-maria\/villa-nueva-onda-verde-para-semaforos-de-avenida-carranza-y-se-viene-un-curso-de-compostaje\/\" \/>\n<meta property=\"og:locale\" content=\"es_ES\" \/>\n<meta property=\"og:type\" content=\"article\" \/>\n<meta property=\"og:title\" content=\"Villa Nueva: onda verde para sem\u00e1foros de avenida Carranza y se viene un curso de compostaje - El Regional\" \/>\n<meta property=\"og:description\" content=\"Este lunes, la Municipalidad de Villa Nueva inform\u00f3 que personal especializado estuvo trabajando semanas pasadas sobre la avenida Carranza para restablecer en la misma la onda verde en los sem\u00e1foros.En tal sentido desde la Secretar\u00eda de Gobierno del Municipio se indic\u00f3 que se modific\u00f3 la disposici\u00f3n de algunos de los sem\u00e1foros por lo que se [&hellip;]\" \/>\n<meta property=\"og:url\" content=\"http:\/\/elregionalvm.com.ar\/noticias-villa-maria\/villa-nueva-onda-verde-para-semaforos-de-avenida-carranza-y-se-viene-un-curso-de-compostaje\/\" \/>\n<meta property=\"og:site_name\" content=\"El Regional\" \/>\n<meta property=\"article:publisher\" content=\"https:\/\/www.facebook.com\/elregionalvm\" \/>\n<meta property=\"article:published_time\" content=\"2021-05-17T22:19:39+00:00\" \/>\n<meta property=\"article:modified_time\" content=\"2021-05-17T22:19:40+00:00\" \/>\n<meta property=\"og:image\" content=\"http:\/\/elregionalvm.com.ar\/noticias-villa-maria\/wp-content\/uploads\/2021\/05\/onda-verde-semaforos.jpg\" \/>\n\t<meta property=\"og:image:width\" content=\"1920\" \/>\n\t<meta property=\"og:image:height\" content=\"1080\" \/>\n\t<meta property=\"og:image:type\" content=\"image\/jpeg\" \/>\n<meta name=\"author\" content=\"Contenidos El Regional\" \/>\n<meta name=\"twitter:card\" content=\"summary_large_image\" \/>\n<meta name=\"twitter:creator\" content=\"@elregionalvm1\" \/>\n<meta name=\"twitter:site\" content=\"@elregionalvm1\" \/>\n<meta name=\"twitter:label1\" content=\"Escrito por\" \/>\n\t<meta name=\"twitter:data1\" content=\"Contenidos El Regional\" \/>\n\t<meta name=\"twitter:label2\" content=\"Tiempo de lectura\" \/>\n\t<meta name=\"twitter:data2\" content=\"2 minutos\" \/>\n<script type=\"application\/ld+json\" class=\"yoast-schema-graph\">{\"@context\":\"https:\/\/schema.org\",\"@graph\":[{\"@type\":\"Article\",\"@id\":\"http:\/\/elregionalvm.com.ar\/noticias-villa-maria\/villa-nueva-onda-verde-para-semaforos-de-avenida-carranza-y-se-viene-un-curso-de-compostaje\/#article\",\"isPartOf\":{\"@id\":\"http:\/\/elregionalvm.com.ar\/noticias-villa-maria\/villa-nueva-onda-verde-para-semaforos-de-avenida-carranza-y-se-viene-un-curso-de-compostaje\/\"},\"author\":{\"name\":\"Contenidos El Regional\",\"@id\":\"http:\/\/elregionalvm.com.ar\/noticias-villa-maria\/#\/schema\/person\/a0fb9c422317faca23d50163151bc354\"},\"headline\":\"Villa Nueva: onda verde para sem\u00e1foros de avenida Carranza y se viene un curso de compostaje\",\"datePublished\":\"2021-05-17T22:19:39+00:00\",\"dateModified\":\"2021-05-17T22:19:40+00:00\",\"mainEntityOfPage\":{\"@id\":\"http:\/\/elregionalvm.com.ar\/noticias-villa-maria\/villa-nueva-onda-verde-para-semaforos-de-avenida-carranza-y-se-viene-un-curso-de-compostaje\/\"},\"wordCount\":276,\"commentCount\":0,\"image\":{\"@id\":\"http:\/\/elregionalvm.com.ar\/noticias-villa-maria\/villa-nueva-onda-verde-para-semaforos-de-avenida-carranza-y-se-viene-un-curso-de-compostaje\/#primaryimage\"},\"thumbnailUrl\":\"https:\/\/i0.wp.com\/elregionalvm.com.ar\/noticias-villa-maria\/wp-content\/uploads\/2021\/05\/onda-verde-semaforos-e1746396447519.jpg?fit=1200%2C675&ssl=1\",\"keywords\":[\"Avenida Carranza\",\"curso de compostaje\",\"destacado\",\"onda verde\",\"Punto Mujer\",\"sem\u00e1foros\",\"VILLA NUEVA\"],\"articleSection\":[\"Villa Nueva\"],\"inLanguage\":\"es\",\"potentialAction\":[{\"@type\":\"CommentAction\",\"name\":\"Comment\",\"target\":[\"http:\/\/elregionalvm.com.ar\/noticias-villa-maria\/villa-nueva-onda-verde-para-semaforos-de-avenida-carranza-y-se-viene-un-curso-de-compostaje\/#respond\"]}]},{\"@type\":\"WebPage\",\"@id\":\"http:\/\/elregionalvm.com.ar\/noticias-villa-maria\/villa-nueva-onda-verde-para-semaforos-de-avenida-carranza-y-se-viene-un-curso-de-compostaje\/\",\"url\":\"http:\/\/elregionalvm.com.ar\/noticias-villa-maria\/villa-nueva-onda-verde-para-semaforos-de-avenida-carranza-y-se-viene-un-curso-de-compostaje\/\",\"name\":\"Villa Nueva: onda verde para sem\u00e1foros de avenida Carranza y se viene un curso de compostaje - El Regional\",\"isPartOf\":{\"@id\":\"http:\/\/elregionalvm.com.ar\/noticias-villa-maria\/#website\"},\"primaryImageOfPage\":{\"@id\":\"http:\/\/elregionalvm.com.ar\/noticias-villa-maria\/villa-nueva-onda-verde-para-semaforos-de-avenida-carranza-y-se-viene-un-curso-de-compostaje\/#primaryimage\"},\"image\":{\"@id\":\"http:\/\/elregionalvm.com.ar\/noticias-villa-maria\/villa-nueva-onda-verde-para-semaforos-de-avenida-carranza-y-se-viene-un-curso-de-compostaje\/#primaryimage\"},\"thumbnailUrl\":\"https:\/\/i0.wp.com\/elregionalvm.com.ar\/noticias-villa-maria\/wp-content\/uploads\/2021\/05\/onda-verde-semaforos-e1746396447519.jpg?fit=1200%2C675&ssl=1\",\"datePublished\":\"2021-05-17T22:19:39+00:00\",\"dateModified\":\"2021-05-17T22:19:40+00:00\",\"author\":{\"@id\":\"http:\/\/elregionalvm.com.ar\/noticias-villa-maria\/#\/schema\/person\/a0fb9c422317faca23d50163151bc354\"},\"breadcrumb\":{\"@id\":\"http:\/\/elregionalvm.com.ar\/noticias-villa-maria\/villa-nueva-onda-verde-para-semaforos-de-avenida-carranza-y-se-viene-un-curso-de-compostaje\/#breadcrumb\"},\"inLanguage\":\"es\",\"potentialAction\":[{\"@type\":\"ReadAction\",\"target\":[\"http:\/\/elregionalvm.com.ar\/noticias-villa-maria\/villa-nueva-onda-verde-para-semaforos-de-avenida-carranza-y-se-viene-un-curso-de-compostaje\/\"]}]},{\"@type\":\"ImageObject\",\"inLanguage\":\"es\",\"@id\":\"http:\/\/elregionalvm.com.ar\/noticias-villa-maria\/villa-nueva-onda-verde-para-semaforos-de-avenida-carranza-y-se-viene-un-curso-de-compostaje\/#primaryimage\",\"url\":\"https:\/\/i0.wp.com\/elregionalvm.com.ar\/noticias-villa-maria\/wp-content\/uploads\/2021\/05\/onda-verde-semaforos-e1746396447519.jpg?fit=1200%2C675&ssl=1\",\"contentUrl\":\"https:\/\/i0.wp.com\/elregionalvm.com.ar\/noticias-villa-maria\/wp-content\/uploads\/2021\/05\/onda-verde-semaforos-e1746396447519.jpg?fit=1200%2C675&ssl=1\",\"width\":1200,\"height\":675},{\"@type\":\"BreadcrumbList\",\"@id\":\"http:\/\/elregionalvm.com.ar\/noticias-villa-maria\/villa-nueva-onda-verde-para-semaforos-de-avenida-carranza-y-se-viene-un-curso-de-compostaje\/#breadcrumb\",\"itemListElement\":[{\"@type\":\"ListItem\",\"position\":1,\"name\":\"Portada\",\"item\":\"https:\/\/elregionalvm.com.ar\/noticias-villa-maria\/\"},{\"@type\":\"ListItem\",\"position\":2,\"name\":\"Villa Nueva: onda verde para sem\u00e1foros de avenida Carranza y se viene un curso de compostaje\"}]},{\"@type\":\"WebSite\",\"@id\":\"http:\/\/elregionalvm.com.ar\/noticias-villa-maria\/#website\",\"url\":\"http:\/\/elregionalvm.com.ar\/noticias-villa-maria\/\",\"name\":\"El Regional\",\"description\":\"Mucho m\u00e1s que informaci\u00f3n\",\"potentialAction\":[{\"@type\":\"SearchAction\",\"target\":{\"@type\":\"EntryPoint\",\"urlTemplate\":\"http:\/\/elregionalvm.com.ar\/noticias-villa-maria\/?s={search_term_string}\"},\"query-input\":{\"@type\":\"PropertyValueSpecification\",\"valueRequired\":true,\"valueName\":\"search_term_string\"}}],\"inLanguage\":\"es\"},{\"@type\":\"Person\",\"@id\":\"http:\/\/elregionalvm.com.ar\/noticias-villa-maria\/#\/schema\/person\/a0fb9c422317faca23d50163151bc354\",\"name\":\"Contenidos El Regional\",\"image\":{\"@type\":\"ImageObject\",\"inLanguage\":\"es\",\"@id\":\"http:\/\/elregionalvm.com.ar\/noticias-villa-maria\/#\/schema\/person\/image\/\",\"url\":\"https:\/\/secure.gravatar.com\/avatar\/265b27cb2209af7bb3a1318f03305787d7981a5cc6e6cd08fe5a4ecdf99d4b48?s=96&d=mm&r=g\",\"contentUrl\":\"https:\/\/secure.gravatar.com\/avatar\/265b27cb2209af7bb3a1318f03305787d7981a5cc6e6cd08fe5a4ecdf99d4b48?s=96&d=mm&r=g\",\"caption\":\"Contenidos El Regional\"},\"url\":\"https:\/\/elregionalvm.com.ar\/noticias-villa-maria\/author\/contenido\/\"}]}<\/script>\n<!-- \/ Yoast SEO plugin. -->","yoast_head_json":{"title":"Villa Nueva: onda verde para sem\u00e1foros de avenida Carranza y se viene un curso de compostaje - El Regional","robots":{"index":"index","follow":"follow","max-snippet":"max-snippet:-1","max-image-preview":"max-image-preview:large","max-video-preview":"max-video-preview:-1"},"canonical":"http:\/\/elregionalvm.com.ar\/noticias-villa-maria\/villa-nueva-onda-verde-para-semaforos-de-avenida-carranza-y-se-viene-un-curso-de-compostaje\/","og_locale":"es_ES","og_type":"article","og_title":"Villa Nueva: onda verde para sem\u00e1foros de avenida Carranza y se viene un curso de compostaje - El Regional","og_description":"Este lunes, la Municipalidad de Villa Nueva inform\u00f3 que personal especializado estuvo trabajando semanas pasadas sobre la avenida Carranza para restablecer en la misma la onda verde en los sem\u00e1foros.En tal sentido desde la Secretar\u00eda de Gobierno del Municipio se indic\u00f3 que se modific\u00f3 la disposici\u00f3n de algunos de los sem\u00e1foros por lo que se [&hellip;]","og_url":"http:\/\/elregionalvm.com.ar\/noticias-villa-maria\/villa-nueva-onda-verde-para-semaforos-de-avenida-carranza-y-se-viene-un-curso-de-compostaje\/","og_site_name":"El Regional","article_publisher":"https:\/\/www.facebook.com\/elregionalvm","article_published_time":"2021-05-17T22:19:39+00:00","article_modified_time":"2021-05-17T22:19:40+00:00","og_image":[{"width":1920,"height":1080,"url":"http:\/\/elregionalvm.com.ar\/noticias-villa-maria\/wp-content\/uploads\/2021\/05\/onda-verde-semaforos.jpg","type":"image\/jpeg"}],"author":"Contenidos El Regional","twitter_card":"summary_large_image","twitter_creator":"@elregionalvm1","twitter_site":"@elregionalvm1","twitter_misc":{"Escrito por":"Contenidos El Regional","Tiempo de lectura":"2 minutos"},"schema":{"@context":"https:\/\/schema.org","@graph":[{"@type":"Article","@id":"http:\/\/elregionalvm.com.ar\/noticias-villa-maria\/villa-nueva-onda-verde-para-semaforos-de-avenida-carranza-y-se-viene-un-curso-de-compostaje\/#article","isPartOf":{"@id":"http:\/\/elregionalvm.com.ar\/noticias-villa-maria\/villa-nueva-onda-verde-para-semaforos-de-avenida-carranza-y-se-viene-un-curso-de-compostaje\/"},"author":{"name":"Contenidos El Regional","@id":"http:\/\/elregionalvm.com.ar\/noticias-villa-maria\/#\/schema\/person\/a0fb9c422317faca23d50163151bc354"},"headline":"Villa Nueva: onda verde para sem\u00e1foros de avenida Carranza y se viene un curso de compostaje","datePublished":"2021-05-17T22:19:39+00:00","dateModified":"2021-05-17T22:19:40+00:00","mainEntityOfPage":{"@id":"http:\/\/elregionalvm.com.ar\/noticias-villa-maria\/villa-nueva-onda-verde-para-semaforos-de-avenida-carranza-y-se-viene-un-curso-de-compostaje\/"},"wordCount":276,"commentCount":0,"image":{"@id":"http:\/\/elregionalvm.com.ar\/noticias-villa-maria\/villa-nueva-onda-verde-para-semaforos-de-avenida-carranza-y-se-viene-un-curso-de-compostaje\/#primaryimage"},"thumbnailUrl":"https:\/\/i0.wp.com\/elregionalvm.com.ar\/noticias-villa-maria\/wp-content\/uploads\/2021\/05\/onda-verde-semaforos-e1746396447519.jpg?fit=1200%2C675&ssl=1","keywords":["Avenida Carranza","curso de compostaje","destacado","onda verde","Punto Mujer","sem\u00e1foros","VILLA NUEVA"],"articleSection":["Villa Nueva"],"inLanguage":"es","potentialAction":[{"@type":"CommentAction","name":"Comment","target":["http:\/\/elregionalvm.com.ar\/noticias-villa-maria\/villa-nueva-onda-verde-para-semaforos-de-avenida-carranza-y-se-viene-un-curso-de-compostaje\/#respond"]}]},{"@type":"WebPage","@id":"http:\/\/elregionalvm.com.ar\/noticias-villa-maria\/villa-nueva-onda-verde-para-semaforos-de-avenida-carranza-y-se-viene-un-curso-de-compostaje\/","url":"http:\/\/elregionalvm.com.ar\/noticias-villa-maria\/villa-nueva-onda-verde-para-semaforos-de-avenida-carranza-y-se-viene-un-curso-de-compostaje\/","name":"Villa Nueva: onda verde para sem\u00e1foros de avenida Carranza y se viene un curso de compostaje - El Regional","isPartOf":{"@id":"http:\/\/elregionalvm.com.ar\/noticias-villa-maria\/#website"},"primaryImageOfPage":{"@id":"http:\/\/elregionalvm.com.ar\/noticias-villa-maria\/villa-nueva-onda-verde-para-semaforos-de-avenida-carranza-y-se-viene-un-curso-de-compostaje\/#primaryimage"},"image":{"@id":"http:\/\/elregionalvm.com.ar\/noticias-villa-maria\/villa-nueva-onda-verde-para-semaforos-de-avenida-carranza-y-se-viene-un-curso-de-compostaje\/#primaryimage"},"thumbnailUrl":"https:\/\/i0.wp.com\/elregionalvm.com.ar\/noticias-villa-maria\/wp-content\/uploads\/2021\/05\/onda-verde-semaforos-e1746396447519.jpg?fit=1200%2C675&ssl=1","datePublished":"2021-05-17T22:19:39+00:00","dateModified":"2021-05-17T22:19:40+00:00","author":{"@id":"http:\/\/elregionalvm.com.ar\/noticias-villa-maria\/#\/schema\/person\/a0fb9c422317faca23d50163151bc354"},"breadcrumb":{"@id":"http:\/\/elregionalvm.com.ar\/noticias-villa-maria\/villa-nueva-onda-verde-para-semaforos-de-avenida-carranza-y-se-viene-un-curso-de-compostaje\/#breadcrumb"},"inLanguage":"es","potentialAction":[{"@type":"ReadAction","target":["http:\/\/elregionalvm.com.ar\/noticias-villa-maria\/villa-nueva-onda-verde-para-semaforos-de-avenida-carranza-y-se-viene-un-curso-de-compostaje\/"]}]},{"@type":"ImageObject","inLanguage":"es","@id":"http:\/\/elregionalvm.com.ar\/noticias-villa-maria\/villa-nueva-onda-verde-para-semaforos-de-avenida-carranza-y-se-viene-un-curso-de-compostaje\/#primaryimage","url":"https:\/\/i0.wp.com\/elregionalvm.com.ar\/noticias-villa-maria\/wp-content\/uploads\/2021\/05\/onda-verde-semaforos-e1746396447519.jpg?fit=1200%2C675&ssl=1","contentUrl":"https:\/\/i0.wp.com\/elregionalvm.com.ar\/noticias-villa-maria\/wp-content\/uploads\/2021\/05\/onda-verde-semaforos-e1746396447519.jpg?fit=1200%2C675&ssl=1","width":1200,"height":675},{"@type":"BreadcrumbList","@id":"http:\/\/elregionalvm.com.ar\/noticias-villa-maria\/villa-nueva-onda-verde-para-semaforos-de-avenida-carranza-y-se-viene-un-curso-de-compostaje\/#breadcrumb","itemListElement":[{"@type":"ListItem","position":1,"name":"Portada","item":"https:\/\/elregionalvm.com.ar\/noticias-villa-maria\/"},{"@type":"ListItem","position":2,"name":"Villa Nueva: onda verde para sem\u00e1foros de avenida Carranza y se viene un curso de compostaje"}]},{"@type":"WebSite","@id":"http:\/\/elregionalvm.com.ar\/noticias-villa-maria\/#website","url":"http:\/\/elregionalvm.com.ar\/noticias-villa-maria\/","name":"El Regional","description":"Mucho m\u00e1s que informaci\u00f3n","potentialAction":[{"@type":"SearchAction","target":{"@type":"EntryPoint","urlTemplate":"http:\/\/elregionalvm.com.ar\/noticias-villa-maria\/?s={search_term_string}"},"query-input":{"@type":"PropertyValueSpecification","valueRequired":true,"valueName":"search_term_string"}}],"inLanguage":"es"},{"@type":"Person","@id":"http:\/\/elregionalvm.com.ar\/noticias-villa-maria\/#\/schema\/person\/a0fb9c422317faca23d50163151bc354","name":"Contenidos El Regional","image":{"@type":"ImageObject","inLanguage":"es","@id":"http:\/\/elregionalvm.com.ar\/noticias-villa-maria\/#\/schema\/person\/image\/","url":"https:\/\/secure.gravatar.com\/avatar\/265b27cb2209af7bb3a1318f03305787d7981a5cc6e6cd08fe5a4ecdf99d4b48?s=96&d=mm&r=g","contentUrl":"https:\/\/secure.gravatar.com\/avatar\/265b27cb2209af7bb3a1318f03305787d7981a5cc6e6cd08fe5a4ecdf99d4b48?s=96&d=mm&r=g","caption":"Contenidos El Regional"},"url":"https:\/\/elregionalvm.com.ar\/noticias-villa-maria\/author\/contenido\/"}]}},"jetpack_featured_media_url":"https:\/\/i0.wp.com\/elregionalvm.com.ar\/noticias-villa-maria\/wp-content\/uploads\/2021\/05\/onda-verde-semaforos-e1746396447519.jpg?fit=1200%2C675&ssl=1","jetpack_sharing_enabled":true,"_links":{"self":[{"href":"https:\/\/elregionalvm.com.ar\/noticias-villa-maria\/wp-json\/wp\/v2\/posts\/37853","targetHints":{"allow":["GET"]}}],"collection":[{"href":"https:\/\/elregionalvm.com.ar\/noticias-villa-maria\/wp-json\/wp\/v2\/posts"}],"about":[{"href":"https:\/\/elregionalvm.com.ar\/noticias-villa-maria\/wp-json\/wp\/v2\/types\/post"}],"author":[{"embeddable":true,"href":"https:\/\/elregionalvm.com.ar\/noticias-villa-maria\/wp-json\/wp\/v2\/users\/4"}],"replies":[{"embeddable":true,"href":"https:\/\/elregionalvm.com.ar\/noticias-villa-maria\/wp-json\/wp\/v2\/comments?post=37853"}],"version-history":[{"count":1,"href":"https:\/\/elregionalvm.com.ar\/noticias-villa-maria\/wp-json\/wp\/v2\/posts\/37853\/revisions"}],"predecessor-version":[{"id":37857,"href":"https:\/\/elregionalvm.com.ar\/noticias-villa-maria\/wp-json\/wp\/v2\/posts\/37853\/revisions\/37857"}],"wp:featuredmedia":[{"embeddable":true,"href":"https:\/\/elregionalvm.com.ar\/noticias-villa-maria\/wp-json\/wp\/v2\/media\/37856"}],"wp:attachment":[{"href":"https:\/\/elregionalvm.com.ar\/noticias-villa-maria\/wp-json\/wp\/v2\/media?parent=37853"}],"wp:term":[{"taxonomy":"category","embeddable":true,"href":"https:\/\/elregionalvm.com.ar\/noticias-villa-maria\/wp-json\/wp\/v2\/categories?post=37853"},{"taxonomy":"post_tag","embeddable":true,"href":"https:\/\/elregionalvm.com.ar\/noticias-villa-maria\/wp-json\/wp\/v2\/tags?post=37853"}],"curies":[{"name":"wp","href":"https:\/\/api.w.org\/{rel}","templated":true}]}}