{"id":39040,"date":"2021-06-08T01:52:39","date_gmt":"2021-06-08T01:52:39","guid":{"rendered":"https:\/\/elregionalvm.com.ar\/noticias-villa-maria\/?p=39040"},"modified":"2021-06-09T12:51:49","modified_gmt":"2021-06-09T12:51:49","slug":"la-semana-en-numeros-en-la-primera-semana-de-junio-tuvimos-14-muertos-en-el-conglomerado","status":"publish","type":"post","link":"https:\/\/elregionalvm.com.ar\/noticias-villa-maria\/la-semana-en-numeros-en-la-primera-semana-de-junio-tuvimos-14-muertos-en-el-conglomerado\/","title":{"rendered":"[LA SEMANA EN N\u00daMEROS] En lo que va de junio hubo 17  muertos en el conglomerado"},"content":{"rendered":"\n<p><strong><em>Escribe: Gabriela Beck<\/em>   <\/strong><\/p>\n\n\n\n<p>Luego de un mes de mayo bastante complicado, este lunes cerramos la primera semana del mes de junio, tratando de indagar un poco las cifras oficiales que han reportado tanto la Municipalidad de Villa Mar\u00eda como la de Villa Nueva.<\/p>\n\n\n\n<p>Lamentablemente en materia de fallecimientos la semana es bastante tr\u00e1gica ya que el conglomerado ha sumado 14 muertos solamente en 7 d\u00edas.<\/p>\n\n\n\n<p>Llega un momento en que las palabras sobran, especialmente ante las contundencia de las cifras, ya que ellas hablan por s\u00ed mismas:<\/p>\n\n\n\n<p class=\"has-text-align-left\"><strong>VILLA MARIA<\/strong><br>1\/06 &#8211;&gt; 187 contagios<br>2\/06 &#8211;&gt; 156 contagios<br>3\/06 &#8211;&gt; 153 contagios<br>4\/06 &#8211;&gt; 110 contagios<br>5\/06 &#8211;&gt; 113 contagios<br>6\/06 &#8211;&gt; 87 contagios<br>7\/06 &#8211;&gt; 75 contagios<\/p>\n\n\n\n<p><strong>Total Semanal: <\/strong>881 contagios<br><strong>Fallecidos:<\/strong> 6 personas (3 hombres y 3 mujeres)<br><strong>Edad promedio de los fallecidos:<\/strong> 72,16 a\u00f1os<\/p>\n\n\n\n<p>El pasado mes de mayo, dej\u00f3 como saldo la cantidad de 15 fallecidos, eso quiere decir que el promedio semanal de fallecidos fue 3,75.  Con lo que los 6 muertos de esta semana de junio casi duplican las cifras semanales de mayo.<\/p>\n\n\n\n<p class=\"has-text-align-left\"><strong>VILLA NUEVA<\/strong><br>1\/06 &#8211;&gt;  24 contagios<br>2\/06 &#8211;&gt;  36 contagios<br>3\/06 &#8211;&gt;  38 contagios<br>4\/06 &#8211;&gt;  22 contagios<br>5\/06 &#8211;&gt;  23 contagios<br>6\/06 &#8211;&gt;    8 contagios<br>7\/06 &#8211;&gt;  25 contagios<\/p>\n\n\n\n<p class=\"has-text-align-left\"><strong>Total Semanal:<\/strong> 176 contagios<br><strong>Fallecidos: <\/strong>8 personas (4 hombres y 4 mujeres)<br><strong>Edad promedio de los fallecidos:<\/strong> 61,75 a\u00f1os<\/p>\n\n\n\n<p>En Villa Nueva, teniendo en cuenta que la cantidad total de fallecidos durante toda la pandemia asciende a 38 muertos hasta el d\u00eda de hoy, estamos en condiciones de decir que los 8 fallecidos de esta primera semana de junio de 2021, est\u00e1n muy cerca de representar el cuarto de los fallecidos desde el inicio de la pandemia. <\/p>\n\n\n\n<p><strong>El desaf\u00edo de todos<\/strong><\/p>\n\n\n\n<p>Las cifras estad\u00edsticas no hacen m\u00e1s que gritarnos en la cara que la llamada segunda ola de Covid nos est\u00e1 pegando muy fuerte y donde m\u00e1s nos duele. Quisi\u00e9ramos en una pr\u00f3xima nota decir que bajamos las cifras de contagios y fallecidos especialmente. Ojal\u00e1 les demos un respiro a todos los del sistema sanitario local que est\u00e1n trabajando al l\u00edmite. Ese es un desaf\u00edo que tenemos que lograr entre todos. Esperemos se haga realidad, conciencia de por medio.<\/p>\n","protected":false},"excerpt":{"rendered":"<p>Escribe: Gabriela Beck Luego de un mes de mayo bastante complicado, este lunes cerramos la primera semana del mes de junio, tratando de indagar un poco las cifras oficiales que han reportado tanto la Municipalidad de Villa Mar\u00eda como la de Villa Nueva. Lamentablemente en materia de fallecimientos la semana es bastante tr\u00e1gica ya que [&hellip;]<\/p>\n","protected":false},"author":4,"featured_media":39057,"comment_status":"open","ping_status":"open","sticky":false,"template":"","format":"standard","meta":{"site-sidebar-layout":"default","site-content-layout":"default","ast-site-content-layout":"default","site-content-style":"default","site-sidebar-style":"default","ast-global-header-display":"","ast-banner-title-visibility":"","ast-main-header-display":"","ast-hfb-above-header-display":"","ast-hfb-below-header-display":"","ast-hfb-mobile-header-display":"","site-post-title":"","ast-breadcrumbs-content":"","ast-featured-img":"","footer-sml-layout":"","ast-disable-related-posts":"","theme-transparent-header-meta":"default","adv-header-id-meta":"","stick-header-meta":"","header-above-stick-meta":"","header-main-stick-meta":"","header-below-stick-meta":"","astra-migrate-meta-layouts":"default","ast-page-background-enabled":"default","ast-page-background-meta":{"desktop":{"background-color":"","background-image":"","background-repeat":"repeat","background-position":"center center","background-size":"auto","background-attachment":"scroll","background-type":"","background-media":"","overlay-type":"","overlay-color":"","overlay-opacity":"","overlay-gradient":""},"tablet":{"background-color":"","background-image":"","background-repeat":"repeat","background-position":"center center","background-size":"auto","background-attachment":"scroll","background-type":"","background-media":"","overlay-type":"","overlay-color":"","overlay-opacity":"","overlay-gradient":""},"mobile":{"background-color":"","background-image":"","background-repeat":"repeat","background-position":"center center","background-size":"auto","background-attachment":"scroll","background-type":"","background-media":"","overlay-type":"","overlay-color":"","overlay-opacity":"","overlay-gradient":""}},"ast-content-background-meta":{"desktop":{"background-color":"var(--ast-global-color-5)","background-image":"","background-repeat":"repeat","background-position":"center center","background-size":"auto","background-attachment":"scroll","background-type":"","background-media":"","overlay-type":"","overlay-color":"","overlay-opacity":"","overlay-gradient":""},"tablet":{"background-color":"var(--ast-global-color-5)","background-image":"","background-repeat":"repeat","background-position":"center center","background-size":"auto","background-attachment":"scroll","background-type":"","background-media":"","overlay-type":"","overlay-color":"","overlay-opacity":"","overlay-gradient":""},"mobile":{"background-color":"var(--ast-global-color-5)","background-image":"","background-repeat":"repeat","background-position":"center center","background-size":"auto","background-attachment":"scroll","background-type":"","background-media":"","overlay-type":"","overlay-color":"","overlay-opacity":"","overlay-gradient":""}},"_jetpack_memberships_contains_paid_content":false,"_joinchat":[],"footnotes":""},"categories":[2256,3557,2,1408],"tags":[1997,3863,1804,4411,9427,534,232],"class_list":["post-39040","post","type-post","status-publish","format-standard","has-post-thumbnail","hentry","category-coronavirus","category-tercera","category-villa-maria","category-villa-nueva","tag-coronavirus","tag-covid","tag-estadisticas","tag-fallecimientos","tag-primera-semana-de-junio","tag-villa-maria","tag-villa-nueva"],"yoast_head":"<!-- This site is optimized with the Yoast SEO plugin v26.8 - https:\/\/yoast.com\/product\/yoast-seo-wordpress\/ -->\n<title>[LA SEMANA EN N\u00daMEROS] En lo que va de junio hubo 17 muertos en el conglomerado - El Regional<\/title>\n<meta name=\"robots\" content=\"index, follow, max-snippet:-1, max-image-preview:large, max-video-preview:-1\" \/>\n<link rel=\"canonical\" href=\"http:\/\/elregionalvm.com.ar\/noticias-villa-maria\/la-semana-en-numeros-en-la-primera-semana-de-junio-tuvimos-14-muertos-en-el-conglomerado\/\" \/>\n<meta property=\"og:locale\" content=\"es_ES\" \/>\n<meta property=\"og:type\" content=\"article\" \/>\n<meta property=\"og:title\" content=\"[LA SEMANA EN N\u00daMEROS] En lo que va de junio hubo 17 muertos en el conglomerado - El Regional\" \/>\n<meta property=\"og:description\" content=\"Escribe: Gabriela Beck Luego de un mes de mayo bastante complicado, este lunes cerramos la primera semana del mes de junio, tratando de indagar un poco las cifras oficiales que han reportado tanto la Municipalidad de Villa Mar\u00eda como la de Villa Nueva. Lamentablemente en materia de fallecimientos la semana es bastante tr\u00e1gica ya que [&hellip;]\" \/>\n<meta property=\"og:url\" content=\"http:\/\/elregionalvm.com.ar\/noticias-villa-maria\/la-semana-en-numeros-en-la-primera-semana-de-junio-tuvimos-14-muertos-en-el-conglomerado\/\" \/>\n<meta property=\"og:site_name\" content=\"El Regional\" \/>\n<meta property=\"article:publisher\" content=\"https:\/\/www.facebook.com\/elregionalvm\" \/>\n<meta property=\"article:published_time\" content=\"2021-06-08T01:52:39+00:00\" \/>\n<meta property=\"article:modified_time\" content=\"2021-06-09T12:51:49+00:00\" \/>\n<meta property=\"og:image\" content=\"http:\/\/elregionalvm.com.ar\/noticias-villa-maria\/wp-content\/uploads\/2021\/06\/Villa-Maria-aerea-vertical.jpg\" \/>\n\t<meta property=\"og:image:width\" content=\"556\" \/>\n\t<meta property=\"og:image:height\" content=\"683\" \/>\n\t<meta property=\"og:image:type\" content=\"image\/jpeg\" \/>\n<meta name=\"author\" content=\"Contenidos El Regional\" \/>\n<meta name=\"twitter:card\" content=\"summary_large_image\" \/>\n<meta name=\"twitter:creator\" content=\"@elregionalvm1\" \/>\n<meta name=\"twitter:site\" content=\"@elregionalvm1\" \/>\n<meta name=\"twitter:label1\" content=\"Escrito por\" \/>\n\t<meta name=\"twitter:data1\" content=\"Contenidos El Regional\" \/>\n\t<meta name=\"twitter:label2\" content=\"Tiempo de lectura\" \/>\n\t<meta name=\"twitter:data2\" content=\"2 minutos\" \/>\n<script type=\"application\/ld+json\" class=\"yoast-schema-graph\">{\"@context\":\"https:\/\/schema.org\",\"@graph\":[{\"@type\":\"Article\",\"@id\":\"http:\/\/elregionalvm.com.ar\/noticias-villa-maria\/la-semana-en-numeros-en-la-primera-semana-de-junio-tuvimos-14-muertos-en-el-conglomerado\/#article\",\"isPartOf\":{\"@id\":\"http:\/\/elregionalvm.com.ar\/noticias-villa-maria\/la-semana-en-numeros-en-la-primera-semana-de-junio-tuvimos-14-muertos-en-el-conglomerado\/\"},\"author\":{\"name\":\"Contenidos El Regional\",\"@id\":\"http:\/\/elregionalvm.com.ar\/noticias-villa-maria\/#\/schema\/person\/a0fb9c422317faca23d50163151bc354\"},\"headline\":\"[LA SEMANA EN N\u00daMEROS] En lo que va de junio hubo 17 muertos en el conglomerado\",\"datePublished\":\"2021-06-08T01:52:39+00:00\",\"dateModified\":\"2021-06-09T12:51:49+00:00\",\"mainEntityOfPage\":{\"@id\":\"http:\/\/elregionalvm.com.ar\/noticias-villa-maria\/la-semana-en-numeros-en-la-primera-semana-de-junio-tuvimos-14-muertos-en-el-conglomerado\/\"},\"wordCount\":367,\"commentCount\":0,\"image\":{\"@id\":\"http:\/\/elregionalvm.com.ar\/noticias-villa-maria\/la-semana-en-numeros-en-la-primera-semana-de-junio-tuvimos-14-muertos-en-el-conglomerado\/#primaryimage\"},\"thumbnailUrl\":\"https:\/\/i0.wp.com\/elregionalvm.com.ar\/noticias-villa-maria\/wp-content\/uploads\/2021\/06\/Villa-Maria-aerea-vertical.jpg?fit=556%2C683&ssl=1\",\"keywords\":[\"Coronavirus\",\"covid\",\"estadisticas\",\"Fallecimientos\",\"primera semana de junio\",\"villa maria\",\"VILLA NUEVA\"],\"articleSection\":[\"Coronavirus\",\"tercera\",\"Villa Mar\u00eda\",\"Villa Nueva\"],\"inLanguage\":\"es\",\"potentialAction\":[{\"@type\":\"CommentAction\",\"name\":\"Comment\",\"target\":[\"http:\/\/elregionalvm.com.ar\/noticias-villa-maria\/la-semana-en-numeros-en-la-primera-semana-de-junio-tuvimos-14-muertos-en-el-conglomerado\/#respond\"]}]},{\"@type\":\"WebPage\",\"@id\":\"http:\/\/elregionalvm.com.ar\/noticias-villa-maria\/la-semana-en-numeros-en-la-primera-semana-de-junio-tuvimos-14-muertos-en-el-conglomerado\/\",\"url\":\"http:\/\/elregionalvm.com.ar\/noticias-villa-maria\/la-semana-en-numeros-en-la-primera-semana-de-junio-tuvimos-14-muertos-en-el-conglomerado\/\",\"name\":\"[LA SEMANA EN N\u00daMEROS] En lo que va de junio hubo 17 muertos en el conglomerado - El Regional\",\"isPartOf\":{\"@id\":\"http:\/\/elregionalvm.com.ar\/noticias-villa-maria\/#website\"},\"primaryImageOfPage\":{\"@id\":\"http:\/\/elregionalvm.com.ar\/noticias-villa-maria\/la-semana-en-numeros-en-la-primera-semana-de-junio-tuvimos-14-muertos-en-el-conglomerado\/#primaryimage\"},\"image\":{\"@id\":\"http:\/\/elregionalvm.com.ar\/noticias-villa-maria\/la-semana-en-numeros-en-la-primera-semana-de-junio-tuvimos-14-muertos-en-el-conglomerado\/#primaryimage\"},\"thumbnailUrl\":\"https:\/\/i0.wp.com\/elregionalvm.com.ar\/noticias-villa-maria\/wp-content\/uploads\/2021\/06\/Villa-Maria-aerea-vertical.jpg?fit=556%2C683&ssl=1\",\"datePublished\":\"2021-06-08T01:52:39+00:00\",\"dateModified\":\"2021-06-09T12:51:49+00:00\",\"author\":{\"@id\":\"http:\/\/elregionalvm.com.ar\/noticias-villa-maria\/#\/schema\/person\/a0fb9c422317faca23d50163151bc354\"},\"breadcrumb\":{\"@id\":\"http:\/\/elregionalvm.com.ar\/noticias-villa-maria\/la-semana-en-numeros-en-la-primera-semana-de-junio-tuvimos-14-muertos-en-el-conglomerado\/#breadcrumb\"},\"inLanguage\":\"es\",\"potentialAction\":[{\"@type\":\"ReadAction\",\"target\":[\"http:\/\/elregionalvm.com.ar\/noticias-villa-maria\/la-semana-en-numeros-en-la-primera-semana-de-junio-tuvimos-14-muertos-en-el-conglomerado\/\"]}]},{\"@type\":\"ImageObject\",\"inLanguage\":\"es\",\"@id\":\"http:\/\/elregionalvm.com.ar\/noticias-villa-maria\/la-semana-en-numeros-en-la-primera-semana-de-junio-tuvimos-14-muertos-en-el-conglomerado\/#primaryimage\",\"url\":\"https:\/\/i0.wp.com\/elregionalvm.com.ar\/noticias-villa-maria\/wp-content\/uploads\/2021\/06\/Villa-Maria-aerea-vertical.jpg?fit=556%2C683&ssl=1\",\"contentUrl\":\"https:\/\/i0.wp.com\/elregionalvm.com.ar\/noticias-villa-maria\/wp-content\/uploads\/2021\/06\/Villa-Maria-aerea-vertical.jpg?fit=556%2C683&ssl=1\",\"width\":556,\"height\":683},{\"@type\":\"BreadcrumbList\",\"@id\":\"http:\/\/elregionalvm.com.ar\/noticias-villa-maria\/la-semana-en-numeros-en-la-primera-semana-de-junio-tuvimos-14-muertos-en-el-conglomerado\/#breadcrumb\",\"itemListElement\":[{\"@type\":\"ListItem\",\"position\":1,\"name\":\"Portada\",\"item\":\"https:\/\/elregionalvm.com.ar\/noticias-villa-maria\/\"},{\"@type\":\"ListItem\",\"position\":2,\"name\":\"[LA SEMANA EN N\u00daMEROS] En lo que va de junio hubo 17 muertos en el conglomerado\"}]},{\"@type\":\"WebSite\",\"@id\":\"http:\/\/elregionalvm.com.ar\/noticias-villa-maria\/#website\",\"url\":\"http:\/\/elregionalvm.com.ar\/noticias-villa-maria\/\",\"name\":\"El Regional\",\"description\":\"Mucho m\u00e1s que informaci\u00f3n\",\"potentialAction\":[{\"@type\":\"SearchAction\",\"target\":{\"@type\":\"EntryPoint\",\"urlTemplate\":\"http:\/\/elregionalvm.com.ar\/noticias-villa-maria\/?s={search_term_string}\"},\"query-input\":{\"@type\":\"PropertyValueSpecification\",\"valueRequired\":true,\"valueName\":\"search_term_string\"}}],\"inLanguage\":\"es\"},{\"@type\":\"Person\",\"@id\":\"http:\/\/elregionalvm.com.ar\/noticias-villa-maria\/#\/schema\/person\/a0fb9c422317faca23d50163151bc354\",\"name\":\"Contenidos El Regional\",\"image\":{\"@type\":\"ImageObject\",\"inLanguage\":\"es\",\"@id\":\"http:\/\/elregionalvm.com.ar\/noticias-villa-maria\/#\/schema\/person\/image\/\",\"url\":\"https:\/\/secure.gravatar.com\/avatar\/265b27cb2209af7bb3a1318f03305787d7981a5cc6e6cd08fe5a4ecdf99d4b48?s=96&d=mm&r=g\",\"contentUrl\":\"https:\/\/secure.gravatar.com\/avatar\/265b27cb2209af7bb3a1318f03305787d7981a5cc6e6cd08fe5a4ecdf99d4b48?s=96&d=mm&r=g\",\"caption\":\"Contenidos El Regional\"},\"url\":\"https:\/\/elregionalvm.com.ar\/noticias-villa-maria\/author\/contenido\/\"}]}<\/script>\n<!-- \/ Yoast SEO plugin. -->","yoast_head_json":{"title":"[LA SEMANA EN N\u00daMEROS] En lo que va de junio hubo 17 muertos en el conglomerado - El Regional","robots":{"index":"index","follow":"follow","max-snippet":"max-snippet:-1","max-image-preview":"max-image-preview:large","max-video-preview":"max-video-preview:-1"},"canonical":"http:\/\/elregionalvm.com.ar\/noticias-villa-maria\/la-semana-en-numeros-en-la-primera-semana-de-junio-tuvimos-14-muertos-en-el-conglomerado\/","og_locale":"es_ES","og_type":"article","og_title":"[LA SEMANA EN N\u00daMEROS] En lo que va de junio hubo 17 muertos en el conglomerado - El Regional","og_description":"Escribe: Gabriela Beck Luego de un mes de mayo bastante complicado, este lunes cerramos la primera semana del mes de junio, tratando de indagar un poco las cifras oficiales que han reportado tanto la Municipalidad de Villa Mar\u00eda como la de Villa Nueva. Lamentablemente en materia de fallecimientos la semana es bastante tr\u00e1gica ya que [&hellip;]","og_url":"http:\/\/elregionalvm.com.ar\/noticias-villa-maria\/la-semana-en-numeros-en-la-primera-semana-de-junio-tuvimos-14-muertos-en-el-conglomerado\/","og_site_name":"El Regional","article_publisher":"https:\/\/www.facebook.com\/elregionalvm","article_published_time":"2021-06-08T01:52:39+00:00","article_modified_time":"2021-06-09T12:51:49+00:00","og_image":[{"width":556,"height":683,"url":"http:\/\/elregionalvm.com.ar\/noticias-villa-maria\/wp-content\/uploads\/2021\/06\/Villa-Maria-aerea-vertical.jpg","type":"image\/jpeg"}],"author":"Contenidos El Regional","twitter_card":"summary_large_image","twitter_creator":"@elregionalvm1","twitter_site":"@elregionalvm1","twitter_misc":{"Escrito por":"Contenidos El Regional","Tiempo de lectura":"2 minutos"},"schema":{"@context":"https:\/\/schema.org","@graph":[{"@type":"Article","@id":"http:\/\/elregionalvm.com.ar\/noticias-villa-maria\/la-semana-en-numeros-en-la-primera-semana-de-junio-tuvimos-14-muertos-en-el-conglomerado\/#article","isPartOf":{"@id":"http:\/\/elregionalvm.com.ar\/noticias-villa-maria\/la-semana-en-numeros-en-la-primera-semana-de-junio-tuvimos-14-muertos-en-el-conglomerado\/"},"author":{"name":"Contenidos El Regional","@id":"http:\/\/elregionalvm.com.ar\/noticias-villa-maria\/#\/schema\/person\/a0fb9c422317faca23d50163151bc354"},"headline":"[LA SEMANA EN N\u00daMEROS] En lo que va de junio hubo 17 muertos en el conglomerado","datePublished":"2021-06-08T01:52:39+00:00","dateModified":"2021-06-09T12:51:49+00:00","mainEntityOfPage":{"@id":"http:\/\/elregionalvm.com.ar\/noticias-villa-maria\/la-semana-en-numeros-en-la-primera-semana-de-junio-tuvimos-14-muertos-en-el-conglomerado\/"},"wordCount":367,"commentCount":0,"image":{"@id":"http:\/\/elregionalvm.com.ar\/noticias-villa-maria\/la-semana-en-numeros-en-la-primera-semana-de-junio-tuvimos-14-muertos-en-el-conglomerado\/#primaryimage"},"thumbnailUrl":"https:\/\/i0.wp.com\/elregionalvm.com.ar\/noticias-villa-maria\/wp-content\/uploads\/2021\/06\/Villa-Maria-aerea-vertical.jpg?fit=556%2C683&ssl=1","keywords":["Coronavirus","covid","estadisticas","Fallecimientos","primera semana de junio","villa maria","VILLA NUEVA"],"articleSection":["Coronavirus","tercera","Villa Mar\u00eda","Villa Nueva"],"inLanguage":"es","potentialAction":[{"@type":"CommentAction","name":"Comment","target":["http:\/\/elregionalvm.com.ar\/noticias-villa-maria\/la-semana-en-numeros-en-la-primera-semana-de-junio-tuvimos-14-muertos-en-el-conglomerado\/#respond"]}]},{"@type":"WebPage","@id":"http:\/\/elregionalvm.com.ar\/noticias-villa-maria\/la-semana-en-numeros-en-la-primera-semana-de-junio-tuvimos-14-muertos-en-el-conglomerado\/","url":"http:\/\/elregionalvm.com.ar\/noticias-villa-maria\/la-semana-en-numeros-en-la-primera-semana-de-junio-tuvimos-14-muertos-en-el-conglomerado\/","name":"[LA SEMANA EN N\u00daMEROS] En lo que va de junio hubo 17 muertos en el conglomerado - El Regional","isPartOf":{"@id":"http:\/\/elregionalvm.com.ar\/noticias-villa-maria\/#website"},"primaryImageOfPage":{"@id":"http:\/\/elregionalvm.com.ar\/noticias-villa-maria\/la-semana-en-numeros-en-la-primera-semana-de-junio-tuvimos-14-muertos-en-el-conglomerado\/#primaryimage"},"image":{"@id":"http:\/\/elregionalvm.com.ar\/noticias-villa-maria\/la-semana-en-numeros-en-la-primera-semana-de-junio-tuvimos-14-muertos-en-el-conglomerado\/#primaryimage"},"thumbnailUrl":"https:\/\/i0.wp.com\/elregionalvm.com.ar\/noticias-villa-maria\/wp-content\/uploads\/2021\/06\/Villa-Maria-aerea-vertical.jpg?fit=556%2C683&ssl=1","datePublished":"2021-06-08T01:52:39+00:00","dateModified":"2021-06-09T12:51:49+00:00","author":{"@id":"http:\/\/elregionalvm.com.ar\/noticias-villa-maria\/#\/schema\/person\/a0fb9c422317faca23d50163151bc354"},"breadcrumb":{"@id":"http:\/\/elregionalvm.com.ar\/noticias-villa-maria\/la-semana-en-numeros-en-la-primera-semana-de-junio-tuvimos-14-muertos-en-el-conglomerado\/#breadcrumb"},"inLanguage":"es","potentialAction":[{"@type":"ReadAction","target":["http:\/\/elregionalvm.com.ar\/noticias-villa-maria\/la-semana-en-numeros-en-la-primera-semana-de-junio-tuvimos-14-muertos-en-el-conglomerado\/"]}]},{"@type":"ImageObject","inLanguage":"es","@id":"http:\/\/elregionalvm.com.ar\/noticias-villa-maria\/la-semana-en-numeros-en-la-primera-semana-de-junio-tuvimos-14-muertos-en-el-conglomerado\/#primaryimage","url":"https:\/\/i0.wp.com\/elregionalvm.com.ar\/noticias-villa-maria\/wp-content\/uploads\/2021\/06\/Villa-Maria-aerea-vertical.jpg?fit=556%2C683&ssl=1","contentUrl":"https:\/\/i0.wp.com\/elregionalvm.com.ar\/noticias-villa-maria\/wp-content\/uploads\/2021\/06\/Villa-Maria-aerea-vertical.jpg?fit=556%2C683&ssl=1","width":556,"height":683},{"@type":"BreadcrumbList","@id":"http:\/\/elregionalvm.com.ar\/noticias-villa-maria\/la-semana-en-numeros-en-la-primera-semana-de-junio-tuvimos-14-muertos-en-el-conglomerado\/#breadcrumb","itemListElement":[{"@type":"ListItem","position":1,"name":"Portada","item":"https:\/\/elregionalvm.com.ar\/noticias-villa-maria\/"},{"@type":"ListItem","position":2,"name":"[LA SEMANA EN N\u00daMEROS] En lo que va de junio hubo 17 muertos en el conglomerado"}]},{"@type":"WebSite","@id":"http:\/\/elregionalvm.com.ar\/noticias-villa-maria\/#website","url":"http:\/\/elregionalvm.com.ar\/noticias-villa-maria\/","name":"El Regional","description":"Mucho m\u00e1s que informaci\u00f3n","potentialAction":[{"@type":"SearchAction","target":{"@type":"EntryPoint","urlTemplate":"http:\/\/elregionalvm.com.ar\/noticias-villa-maria\/?s={search_term_string}"},"query-input":{"@type":"PropertyValueSpecification","valueRequired":true,"valueName":"search_term_string"}}],"inLanguage":"es"},{"@type":"Person","@id":"http:\/\/elregionalvm.com.ar\/noticias-villa-maria\/#\/schema\/person\/a0fb9c422317faca23d50163151bc354","name":"Contenidos El Regional","image":{"@type":"ImageObject","inLanguage":"es","@id":"http:\/\/elregionalvm.com.ar\/noticias-villa-maria\/#\/schema\/person\/image\/","url":"https:\/\/secure.gravatar.com\/avatar\/265b27cb2209af7bb3a1318f03305787d7981a5cc6e6cd08fe5a4ecdf99d4b48?s=96&d=mm&r=g","contentUrl":"https:\/\/secure.gravatar.com\/avatar\/265b27cb2209af7bb3a1318f03305787d7981a5cc6e6cd08fe5a4ecdf99d4b48?s=96&d=mm&r=g","caption":"Contenidos El Regional"},"url":"https:\/\/elregionalvm.com.ar\/noticias-villa-maria\/author\/contenido\/"}]}},"jetpack_featured_media_url":"https:\/\/i0.wp.com\/elregionalvm.com.ar\/noticias-villa-maria\/wp-content\/uploads\/2021\/06\/Villa-Maria-aerea-vertical.jpg?fit=556%2C683&ssl=1","jetpack_sharing_enabled":true,"_links":{"self":[{"href":"https:\/\/elregionalvm.com.ar\/noticias-villa-maria\/wp-json\/wp\/v2\/posts\/39040","targetHints":{"allow":["GET"]}}],"collection":[{"href":"https:\/\/elregionalvm.com.ar\/noticias-villa-maria\/wp-json\/wp\/v2\/posts"}],"about":[{"href":"https:\/\/elregionalvm.com.ar\/noticias-villa-maria\/wp-json\/wp\/v2\/types\/post"}],"author":[{"embeddable":true,"href":"https:\/\/elregionalvm.com.ar\/noticias-villa-maria\/wp-json\/wp\/v2\/users\/4"}],"replies":[{"embeddable":true,"href":"https:\/\/elregionalvm.com.ar\/noticias-villa-maria\/wp-json\/wp\/v2\/comments?post=39040"}],"version-history":[{"count":4,"href":"https:\/\/elregionalvm.com.ar\/noticias-villa-maria\/wp-json\/wp\/v2\/posts\/39040\/revisions"}],"predecessor-version":[{"id":39077,"href":"https:\/\/elregionalvm.com.ar\/noticias-villa-maria\/wp-json\/wp\/v2\/posts\/39040\/revisions\/39077"}],"wp:featuredmedia":[{"embeddable":true,"href":"https:\/\/elregionalvm.com.ar\/noticias-villa-maria\/wp-json\/wp\/v2\/media\/39057"}],"wp:attachment":[{"href":"https:\/\/elregionalvm.com.ar\/noticias-villa-maria\/wp-json\/wp\/v2\/media?parent=39040"}],"wp:term":[{"taxonomy":"category","embeddable":true,"href":"https:\/\/elregionalvm.com.ar\/noticias-villa-maria\/wp-json\/wp\/v2\/categories?post=39040"},{"taxonomy":"post_tag","embeddable":true,"href":"https:\/\/elregionalvm.com.ar\/noticias-villa-maria\/wp-json\/wp\/v2\/tags?post=39040"}],"curies":[{"name":"wp","href":"https:\/\/api.w.org\/{rel}","templated":true}]}}